{"id":292418,"date":"2016-03-21T07:28:13","date_gmt":"2016-03-21T07:28:13","guid":{"rendered":"http:\/\/www.pressenza.com\/es\/?p=292418"},"modified":"2016-03-21T07:28:13","modified_gmt":"2016-03-21T07:28:13","slug":"292418","status":"publish","type":"post","link":"https:\/\/www.pressenza.com\/es\/2016\/03\/292418\/","title":{"rendered":"21M: Recorrido simb\u00f3lico, refugiados hacia Europa"},"content":{"rendered":"<p>Hoy 21 de marzo, a las 18.30 en la Puerta del Sol de Madrid, tendr\u00e1 lugar un recorrido simb\u00f3lico de refugiados hacia Europa.<\/p>\n<p>Con motivo del <strong>D\u00eda Internacional contra el Racismo y la Xenofobia<\/strong>, la <strong>Mesa de Di\u00e1logo entre Culturas<\/strong> realizar\u00e1 una actividad de denuncia y concienciaci\u00f3n bajo el lema \u00a0<strong>\u00a1Ning\u00fan muro por encima del ser humano!<\/strong><\/p>\n<p>Con este acto las organizaciones que participan en dicha Mesa buscan denunciar los insolidarios\u00a0 y vergonzantes acuerdos firmados recientemente por las instituciones Europeas con Turqu\u00eda para confinar en nuevos campos de concentraci\u00f3n a cientos de miles de v\u00edctimas inocentes de una guerra de la que, en gran medida, Europa es tambi\u00e9n responsable.<\/p>\n<p>A las 18.30, tendr\u00e1 lugar una performance vestidos como refugiados (con maletas, chalecos salvavidas, chubasqueros, mantas) a trav\u00e9s de un peque\u00f1o recorrido simb\u00f3lico\u00a0 por la Puerta del Sol para denunciar la situaci\u00f3n que se agrava a medida que pasan las horas. Los organizadores invitan a sumarse a esta acci\u00f3n que busca concienciar acerca de las condiciones degradantes que est\u00e1n sufriendo decenas de miles de refugiados en este momento.<\/p>\n<p>Convoca <strong>Mesa de Di\u00e1logo entre Culturas<\/strong> (Asociacio\u0301n H.A.C.E.R, ONG Musulmanes por la Paz, Asociacio\u0301n Al-Falah, Fundacio\u0301n Alulbeyt, Salud entre Culturas, Fundacio\u0301n Muslim Relief, O\u0301rbita Diversa, Convergencia de las Culturas).<\/p>\n<p>&nbsp;<\/p>\n","protected":false},"excerpt":{"rendered":"<p>Hoy 21 de marzo, a las 18.30 en la Puerta del Sol de Madrid, tendr\u00e1 lugar un recorrido simb\u00f3lico de refugiados hacia Europa. Con motivo del D\u00eda Internacional contra el Racismo y la Xenofobia, la Mesa de Di\u00e1logo entre Culturas&hellip;<\/p>\n","protected":false},"author":389,"featured_media":292419,"comment_status":"closed","ping_status":"closed","sticky":false,"template":"","format":"standard","meta":{"footnotes":""},"categories":[149,11389,79,39,1243],"tags":[791,18197,3098,3022,3021,9533],"class_list":["post-292418","post","type-post","status-publish","format-standard","has-post-thumbnail","hentry","category-comunicados-de-prensa","category-contenido-original","category-derechos-humanos","category-internacional","category-paz-desarme","tag-convergencia-de-las-culturas-2","tag-musulmanes-por-la-paz","tag-racismo","tag-refugiados","tag-turquia","tag-ue-es"],"yoast_head":"<!-- This site is optimized with the Yoast SEO plugin v27.1.1 - https:\/\/yoast.com\/product\/yoast-seo-wordpress\/ -->\n<title>21M: Recorrido simb\u00f3lico, refugiados hacia Europa<\/title>\n<meta name=\"description\" content=\"Hoy 21 de marzo, a las 18.30 en la Puerta del Sol de Madrid, tendr\u00e1 lugar un recorrido simb\u00f3lico de refugiados hacia Europa. Con motivo del D\u00eda\" \/>\n<meta name=\"robots\" content=\"index, follow, max-snippet:-1, max-image-preview:large, max-video-preview:-1\" \/>\n<link rel=\"canonical\" href=\"https:\/\/www.pressenza.com\/es\/2016\/03\/292418\/\" \/>\n<meta property=\"og:locale\" content=\"es_ES\" \/>\n<meta property=\"og:type\" content=\"article\" \/>\n<meta property=\"og:title\" content=\"21M: Recorrido simb\u00f3lico, refugiados hacia Europa\" \/>\n<meta property=\"og:description\" content=\"Hoy 21 de marzo, a las 18.30 en la Puerta del Sol de Madrid, tendr\u00e1 lugar un recorrido simb\u00f3lico de refugiados hacia Europa. Con motivo del D\u00eda\" \/>\n<meta property=\"og:url\" content=\"https:\/\/www.pressenza.com\/es\/2016\/03\/292418\/\" \/>\n<meta property=\"og:site_name\" content=\"Pressenza\" \/>\n<meta property=\"article:publisher\" content=\"https:\/\/www.facebook.com\/PressenzaItalia\" \/>\n<meta property=\"article:author\" content=\"https:\/\/www.facebook.com\/ConvergenceOfCultures?fref=ts\" \/>\n<meta property=\"article:published_time\" content=\"2016-03-21T07:28:13+00:00\" \/>\n<meta property=\"og:image\" content=\"https:\/\/www.pressenza.com\/wp-content\/uploads\/2016\/03\/Dia-Internacional-contra-Racismo_-mesa-dialogo-culturas.jpg\" \/>\n\t<meta property=\"og:image:width\" content=\"790\" \/>\n\t<meta property=\"og:image:height\" content=\"556\" \/>\n\t<meta property=\"og:image:type\" content=\"image\/jpeg\" \/>\n<meta name=\"author\" content=\"Convergencia de las Culturas\" \/>\n<meta name=\"twitter:card\" content=\"summary_large_image\" \/>\n<meta name=\"twitter:creator\" content=\"@PressenzaIPA\" \/>\n<meta name=\"twitter:site\" content=\"@PressenzaIPA\" \/>\n<meta name=\"twitter:label1\" content=\"Escrito por\" \/>\n\t<meta name=\"twitter:data1\" content=\"Convergencia de las Culturas\" \/>\n\t<meta name=\"twitter:label2\" content=\"Tiempo de lectura\" \/>\n\t<meta name=\"twitter:data2\" content=\"1 minuto\" \/>\n<script type=\"application\/ld+json\" class=\"yoast-schema-graph\">{\"@context\":\"https:\/\/schema.org\",\"@graph\":[{\"@type\":\"Article\",\"@id\":\"https:\/\/www.pressenza.com\/es\/2016\/03\/292418\/#article\",\"isPartOf\":{\"@id\":\"https:\/\/www.pressenza.com\/es\/2016\/03\/292418\/\"},\"author\":{\"name\":\"Convergencia de las Culturas\",\"@id\":\"https:\/\/www.pressenza.com\/es\/#\/schema\/person\/38598fb70b9162100457e7983ae8b548\"},\"headline\":\"21M: Recorrido simb\u00f3lico, refugiados hacia Europa\",\"datePublished\":\"2016-03-21T07:28:13+00:00\",\"mainEntityOfPage\":{\"@id\":\"https:\/\/www.pressenza.com\/es\/2016\/03\/292418\/\"},\"wordCount\":236,\"publisher\":{\"@id\":\"https:\/\/www.pressenza.com\/es\/#organization\"},\"image\":{\"@id\":\"https:\/\/www.pressenza.com\/es\/2016\/03\/292418\/#primaryimage\"},\"thumbnailUrl\":\"https:\/\/www.pressenza.com\/wp-content\/uploads\/2016\/03\/Dia-Internacional-contra-Racismo_-mesa-dialogo-culturas.jpg\",\"keywords\":[\"Convergencia de las Culturas\",\"Musulmanes por la Paz\",\"racismo\",\"refugiados\",\"Turqu\u00eda\",\"UE\"],\"articleSection\":[\"Comunicados de Prensa\",\"Contenido Original\",\"Derechos Humanos\",\"Internacional\",\"Paz y Desarme\"],\"inLanguage\":\"es\"},{\"@type\":\"WebPage\",\"@id\":\"https:\/\/www.pressenza.com\/es\/2016\/03\/292418\/\",\"url\":\"https:\/\/www.pressenza.com\/es\/2016\/03\/292418\/\",\"name\":\"21M: Recorrido simb\u00f3lico, refugiados hacia Europa\",\"isPartOf\":{\"@id\":\"https:\/\/www.pressenza.com\/es\/#website\"},\"primaryImageOfPage\":{\"@id\":\"https:\/\/www.pressenza.com\/es\/2016\/03\/292418\/#primaryimage\"},\"image\":{\"@id\":\"https:\/\/www.pressenza.com\/es\/2016\/03\/292418\/#primaryimage\"},\"thumbnailUrl\":\"https:\/\/www.pressenza.com\/wp-content\/uploads\/2016\/03\/Dia-Internacional-contra-Racismo_-mesa-dialogo-culturas.jpg\",\"datePublished\":\"2016-03-21T07:28:13+00:00\",\"description\":\"Hoy 21 de marzo, a las 18.30 en la Puerta del Sol de Madrid, tendr\u00e1 lugar un recorrido simb\u00f3lico de refugiados hacia Europa. Con motivo del D\u00eda\",\"breadcrumb\":{\"@id\":\"https:\/\/www.pressenza.com\/es\/2016\/03\/292418\/#breadcrumb\"},\"inLanguage\":\"es\",\"potentialAction\":[{\"@type\":\"ReadAction\",\"target\":[\"https:\/\/www.pressenza.com\/es\/2016\/03\/292418\/\"]}]},{\"@type\":\"ImageObject\",\"inLanguage\":\"es\",\"@id\":\"https:\/\/www.pressenza.com\/es\/2016\/03\/292418\/#primaryimage\",\"url\":\"https:\/\/www.pressenza.com\/wp-content\/uploads\/2016\/03\/Dia-Internacional-contra-Racismo_-mesa-dialogo-culturas.jpg\",\"contentUrl\":\"https:\/\/www.pressenza.com\/wp-content\/uploads\/2016\/03\/Dia-Internacional-contra-Racismo_-mesa-dialogo-culturas.jpg\",\"width\":790,\"height\":556},{\"@type\":\"BreadcrumbList\",\"@id\":\"https:\/\/www.pressenza.com\/es\/2016\/03\/292418\/#breadcrumb\",\"itemListElement\":[{\"@type\":\"ListItem\",\"position\":1,\"name\":\"Accueil\",\"item\":\"https:\/\/www.pressenza.com\/es\/\"},{\"@type\":\"ListItem\",\"position\":2,\"name\":\"21M: Recorrido simb\u00f3lico, refugiados hacia Europa\"}]},{\"@type\":\"WebSite\",\"@id\":\"https:\/\/www.pressenza.com\/es\/#website\",\"url\":\"https:\/\/www.pressenza.com\/es\/\",\"name\":\"Pressenza\",\"description\":\"International Press Agency\",\"publisher\":{\"@id\":\"https:\/\/www.pressenza.com\/es\/#organization\"},\"potentialAction\":[{\"@type\":\"SearchAction\",\"target\":{\"@type\":\"EntryPoint\",\"urlTemplate\":\"https:\/\/www.pressenza.com\/es\/?s={search_term_string}\"},\"query-input\":{\"@type\":\"PropertyValueSpecification\",\"valueRequired\":true,\"valueName\":\"search_term_string\"}}],\"inLanguage\":\"es\"},{\"@type\":\"Organization\",\"@id\":\"https:\/\/www.pressenza.com\/es\/#organization\",\"name\":\"Pressenza\",\"url\":\"https:\/\/www.pressenza.com\/es\/\",\"logo\":{\"@type\":\"ImageObject\",\"inLanguage\":\"es\",\"@id\":\"https:\/\/www.pressenza.com\/es\/#\/schema\/logo\/image\/\",\"url\":\"https:\/\/www.pressenza.com\/wp-content\/uploads\/2022\/10\/pressenza_logo_200x200.jpg\",\"contentUrl\":\"https:\/\/www.pressenza.com\/wp-content\/uploads\/2022\/10\/pressenza_logo_200x200.jpg\",\"width\":200,\"height\":200,\"caption\":\"Pressenza\"},\"image\":{\"@id\":\"https:\/\/www.pressenza.com\/es\/#\/schema\/logo\/image\/\"},\"sameAs\":[\"https:\/\/www.facebook.com\/PressenzaItalia\",\"https:\/\/x.com\/PressenzaIPA\"]},{\"@type\":\"Person\",\"@id\":\"https:\/\/www.pressenza.com\/es\/#\/schema\/person\/38598fb70b9162100457e7983ae8b548\",\"name\":\"Convergencia de las Culturas\",\"description\":\"Convergence of Cultures is an organism that is part of the Humanist Movement. Its mission is: 1. To facilitate and stimulate dialogue between cultures. 2. To fight discrimination and violence. 3. To take its proposal to all latitudes. www.convergenceofcultures.org\",\"sameAs\":[\"https:\/\/www.facebook.com\/ConvergenceOfCultures?fref=ts\"],\"url\":\"https:\/\/www.pressenza.com\/es\/author\/convergencia-de-las-culturas\/\"}]}<\/script>\n<!-- \/ Yoast SEO plugin. -->","yoast_head_json":{"title":"21M: Recorrido simb\u00f3lico, refugiados hacia Europa","description":"Hoy 21 de marzo, a las 18.30 en la Puerta del Sol de Madrid, tendr\u00e1 lugar un recorrido simb\u00f3lico de refugiados hacia Europa. Con motivo del D\u00eda","robots":{"index":"index","follow":"follow","max-snippet":"max-snippet:-1","max-image-preview":"max-image-preview:large","max-video-preview":"max-video-preview:-1"},"canonical":"https:\/\/www.pressenza.com\/es\/2016\/03\/292418\/","og_locale":"es_ES","og_type":"article","og_title":"21M: Recorrido simb\u00f3lico, refugiados hacia Europa","og_description":"Hoy 21 de marzo, a las 18.30 en la Puerta del Sol de Madrid, tendr\u00e1 lugar un recorrido simb\u00f3lico de refugiados hacia Europa. Con motivo del D\u00eda","og_url":"https:\/\/www.pressenza.com\/es\/2016\/03\/292418\/","og_site_name":"Pressenza","article_publisher":"https:\/\/www.facebook.com\/PressenzaItalia","article_author":"https:\/\/www.facebook.com\/ConvergenceOfCultures?fref=ts","article_published_time":"2016-03-21T07:28:13+00:00","og_image":[{"width":790,"height":556,"url":"https:\/\/www.pressenza.com\/wp-content\/uploads\/2016\/03\/Dia-Internacional-contra-Racismo_-mesa-dialogo-culturas.jpg","type":"image\/jpeg"}],"author":"Convergencia de las Culturas","twitter_card":"summary_large_image","twitter_creator":"@PressenzaIPA","twitter_site":"@PressenzaIPA","twitter_misc":{"Escrito por":"Convergencia de las Culturas","Tiempo de lectura":"1 minuto"},"schema":{"@context":"https:\/\/schema.org","@graph":[{"@type":"Article","@id":"https:\/\/www.pressenza.com\/es\/2016\/03\/292418\/#article","isPartOf":{"@id":"https:\/\/www.pressenza.com\/es\/2016\/03\/292418\/"},"author":{"name":"Convergencia de las Culturas","@id":"https:\/\/www.pressenza.com\/es\/#\/schema\/person\/38598fb70b9162100457e7983ae8b548"},"headline":"21M: Recorrido simb\u00f3lico, refugiados hacia Europa","datePublished":"2016-03-21T07:28:13+00:00","mainEntityOfPage":{"@id":"https:\/\/www.pressenza.com\/es\/2016\/03\/292418\/"},"wordCount":236,"publisher":{"@id":"https:\/\/www.pressenza.com\/es\/#organization"},"image":{"@id":"https:\/\/www.pressenza.com\/es\/2016\/03\/292418\/#primaryimage"},"thumbnailUrl":"https:\/\/www.pressenza.com\/wp-content\/uploads\/2016\/03\/Dia-Internacional-contra-Racismo_-mesa-dialogo-culturas.jpg","keywords":["Convergencia de las Culturas","Musulmanes por la Paz","racismo","refugiados","Turqu\u00eda","UE"],"articleSection":["Comunicados de Prensa","Contenido Original","Derechos Humanos","Internacional","Paz y Desarme"],"inLanguage":"es"},{"@type":"WebPage","@id":"https:\/\/www.pressenza.com\/es\/2016\/03\/292418\/","url":"https:\/\/www.pressenza.com\/es\/2016\/03\/292418\/","name":"21M: Recorrido simb\u00f3lico, refugiados hacia Europa","isPartOf":{"@id":"https:\/\/www.pressenza.com\/es\/#website"},"primaryImageOfPage":{"@id":"https:\/\/www.pressenza.com\/es\/2016\/03\/292418\/#primaryimage"},"image":{"@id":"https:\/\/www.pressenza.com\/es\/2016\/03\/292418\/#primaryimage"},"thumbnailUrl":"https:\/\/www.pressenza.com\/wp-content\/uploads\/2016\/03\/Dia-Internacional-contra-Racismo_-mesa-dialogo-culturas.jpg","datePublished":"2016-03-21T07:28:13+00:00","description":"Hoy 21 de marzo, a las 18.30 en la Puerta del Sol de Madrid, tendr\u00e1 lugar un recorrido simb\u00f3lico de refugiados hacia Europa. Con motivo del D\u00eda","breadcrumb":{"@id":"https:\/\/www.pressenza.com\/es\/2016\/03\/292418\/#breadcrumb"},"inLanguage":"es","potentialAction":[{"@type":"ReadAction","target":["https:\/\/www.pressenza.com\/es\/2016\/03\/292418\/"]}]},{"@type":"ImageObject","inLanguage":"es","@id":"https:\/\/www.pressenza.com\/es\/2016\/03\/292418\/#primaryimage","url":"https:\/\/www.pressenza.com\/wp-content\/uploads\/2016\/03\/Dia-Internacional-contra-Racismo_-mesa-dialogo-culturas.jpg","contentUrl":"https:\/\/www.pressenza.com\/wp-content\/uploads\/2016\/03\/Dia-Internacional-contra-Racismo_-mesa-dialogo-culturas.jpg","width":790,"height":556},{"@type":"BreadcrumbList","@id":"https:\/\/www.pressenza.com\/es\/2016\/03\/292418\/#breadcrumb","itemListElement":[{"@type":"ListItem","position":1,"name":"Accueil","item":"https:\/\/www.pressenza.com\/es\/"},{"@type":"ListItem","position":2,"name":"21M: Recorrido simb\u00f3lico, refugiados hacia Europa"}]},{"@type":"WebSite","@id":"https:\/\/www.pressenza.com\/es\/#website","url":"https:\/\/www.pressenza.com\/es\/","name":"Pressenza","description":"International Press Agency","publisher":{"@id":"https:\/\/www.pressenza.com\/es\/#organization"},"potentialAction":[{"@type":"SearchAction","target":{"@type":"EntryPoint","urlTemplate":"https:\/\/www.pressenza.com\/es\/?s={search_term_string}"},"query-input":{"@type":"PropertyValueSpecification","valueRequired":true,"valueName":"search_term_string"}}],"inLanguage":"es"},{"@type":"Organization","@id":"https:\/\/www.pressenza.com\/es\/#organization","name":"Pressenza","url":"https:\/\/www.pressenza.com\/es\/","logo":{"@type":"ImageObject","inLanguage":"es","@id":"https:\/\/www.pressenza.com\/es\/#\/schema\/logo\/image\/","url":"https:\/\/www.pressenza.com\/wp-content\/uploads\/2022\/10\/pressenza_logo_200x200.jpg","contentUrl":"https:\/\/www.pressenza.com\/wp-content\/uploads\/2022\/10\/pressenza_logo_200x200.jpg","width":200,"height":200,"caption":"Pressenza"},"image":{"@id":"https:\/\/www.pressenza.com\/es\/#\/schema\/logo\/image\/"},"sameAs":["https:\/\/www.facebook.com\/PressenzaItalia","https:\/\/x.com\/PressenzaIPA"]},{"@type":"Person","@id":"https:\/\/www.pressenza.com\/es\/#\/schema\/person\/38598fb70b9162100457e7983ae8b548","name":"Convergencia de las Culturas","description":"Convergence of Cultures is an organism that is part of the Humanist Movement. Its mission is: 1. To facilitate and stimulate dialogue between cultures. 2. To fight discrimination and violence. 3. To take its proposal to all latitudes. www.convergenceofcultures.org","sameAs":["https:\/\/www.facebook.com\/ConvergenceOfCultures?fref=ts"],"url":"https:\/\/www.pressenza.com\/es\/author\/convergencia-de-las-culturas\/"}]}},"place":"Madrid","original_article_url":"","_links":{"self":[{"href":"https:\/\/www.pressenza.com\/es\/wp-json\/wp\/v2\/posts\/292418","targetHints":{"allow":["GET"]}}],"collection":[{"href":"https:\/\/www.pressenza.com\/es\/wp-json\/wp\/v2\/posts"}],"about":[{"href":"https:\/\/www.pressenza.com\/es\/wp-json\/wp\/v2\/types\/post"}],"author":[{"embeddable":true,"href":"https:\/\/www.pressenza.com\/es\/wp-json\/wp\/v2\/users\/389"}],"replies":[{"embeddable":true,"href":"https:\/\/www.pressenza.com\/es\/wp-json\/wp\/v2\/comments?post=292418"}],"version-history":[{"count":0,"href":"https:\/\/www.pressenza.com\/es\/wp-json\/wp\/v2\/posts\/292418\/revisions"}],"wp:featuredmedia":[{"embeddable":true,"href":"https:\/\/www.pressenza.com\/es\/wp-json\/wp\/v2\/media\/292419"}],"wp:attachment":[{"href":"https:\/\/www.pressenza.com\/es\/wp-json\/wp\/v2\/media?parent=292418"}],"wp:term":[{"taxonomy":"category","embeddable":true,"href":"https:\/\/www.pressenza.com\/es\/wp-json\/wp\/v2\/categories?post=292418"},{"taxonomy":"post_tag","embeddable":true,"href":"https:\/\/www.pressenza.com\/es\/wp-json\/wp\/v2\/tags?post=292418"}],"curies":[{"name":"wp","href":"https:\/\/api.w.org\/{rel}","templated":true}]}}