{"id":292362,"date":"2016-03-20T23:03:57","date_gmt":"2016-03-20T23:03:57","guid":{"rendered":"http:\/\/www.pressenza.com\/es\/?p=292362"},"modified":"2016-03-20T23:03:57","modified_gmt":"2016-03-20T23:03:57","slug":"se-convertira-ue-bloque-criminal","status":"publish","type":"post","link":"https:\/\/www.pressenza.com\/es\/2016\/03\/se-convertira-ue-bloque-criminal\/","title":{"rendered":"\u00bfSe convertir\u00e1 la UE en un bloque criminal?"},"content":{"rendered":"<p><em><span class=\"postauthor\">Este es un art\u00edculo de opini\u00f3n de Jan Oberg, profesor de estudios de paz, cofundador y director de TFF. Adem\u00e1s es doctor en sociolog\u00eda y profesor adjunto de la Universidad de Lund y profesor invitado de varias universidades.*<\/span><\/em><\/p>\n<p><em><strong>Por Jan Oberg<\/strong><\/em><\/p>\n<p>\u00bfPodr\u00e1 la Uni\u00f3n Europea convertirse en un bloque criminal, la misma UE que se\u00f1ala a la paz como su mayor prioridad y recibi\u00f3 el Premio Nobel de la Paz; la UE de Schengen y Dubl\u00edn? Pero poco nos sorprende en estos tiempos.<span id=\"more-131255\"><\/span><\/p>\n<p>\u00bfSer\u00e1 capaz esa misma UE con valores \u201ceuropeos\u201d, con su humanismo y su \u201cmission civilisatrice\u201d que le dice a otros c\u00f3mo ajustarse al derecho internacional y respetar los derechos humanos?<\/p>\n<p>La respuesta a si la UE ser\u00e1 considerada criminal en t\u00e9rminos del derecho internacional se conocer\u00e1 entre este jueves 17 y viernes 18, cuando el Consejo Europeo se re\u00fana para decidir si seguir\u00e1 adelante con el acuerdo con Turqu\u00eda para gestionar la crisis de refugiados.<\/p>\n<p>La organizaci\u00f3n de derechos humanos Amnist\u00eda Internacional <a href=\"http:\/\/www.amnesty.eu\/en\/news\/press-releases\/all\/eu-turkey-summit-eu-and-turkish-leaders-deal-death-blow-to-the-right-to-seek-asylum-0963\/#.VurCAOJ97IW\">sabe de qu\u00e9 se trata esto<\/a> y se refiere al acuerdo con t\u00e9rminos como \u201cmiop\u00eda alarmante\u201d, \u201cinhumano\u201d, \u201cdeshumanizador\u201d, \u201cmoral y legalmente err\u00f3neo\u201d.<\/p>\n<p>Adem\u00e1s, considera que \u201clos gobernantes de la UE y Turqu\u00eda alcanzaron un nuevo m\u00ednimo, al canjear los derechos y la dignidad de algunas de las personas m\u00e1s vulnerables del mundo\u201d.<\/p>\n<p>Adem\u00e1s, de \u201cninguna manera Turqu\u00eda puede considerarse un \u2018tercer pa\u00eds seguro\u2019 para que la UE delegue con comodidad sus obligaciones\u201d, opin\u00f3 Iverna McGowan, directora de la oficina de instituciones europeas de Amnist\u00eda.<\/p>\n<p>Cuando la organizaci\u00f3n de derechos humanos con sede en Londres se expresa de esa forma, hay que prestar mucha atenci\u00f3n. Yo lo hago y firm\u00e9 la Carta Abierta al primer ministro de Suecia, Stefan L\u00f6fv\u00e9n, en protesta para que su gobierno no se una a un acuerdo inhumano con Turqu\u00eda que viola el derecho internacional.<\/p>\n<p>\u00a1Ap\u00farense, es ma\u00f1ana!<\/p>\n<p>Detr\u00e1s de cada persona refugiada est\u00e1 el comercio de armas y una posici\u00f3n militarista. Una inmensa mayor\u00eda de los refugiados huyeron de guerras conducidas por gobernantes de la UE irresponsables y con una mentalidad estrecha.<\/p>\n<p>Y siguen haci\u00e9ndolo, con <a href=\"http:\/\/blog.transnational.org\/2016\/03\/denmark-to-attack-in-syria-too\/\">Dinamarca como \u00faltimo en unirse a la tragedia<\/a>. Los pa\u00edses de la UE constituyen juntos la <a href=\"http:\/\/uk.businessinsider.com\/charts-eu-economy-is-bigger-than-the-us-2015-6?r=US&amp;IR=T\">mayor econom\u00eda del mundo<\/a>.<\/p>\n<p>Qu\u00e9 extra\u00f1o resulta que la UE tenga recursos para librar una guerra tras otra, tenga enormes presupuestos militares y armas nucleares y destine infinitos recursos a la guerra contra el terrorismo, pero se considere cobardemente incapaz de encontrar recursos necesarios para atender a 1,2 millones de personas que buscan asilo entre sus 500 millones de habitantes: \u00a10,24 por ciento del total!<\/p>\n<p>Precisamente porque los pa\u00edses de la UE son responsables de que la mayor parte de los refugiados hayan tenido que abandonar sus pa\u00edses, tenemos una obligaci\u00f3n moral especial de a) recibirlos; b) aprender a no iniciar guerras as\u00ed no m\u00e1s en el territorio de otro.<\/p>\n<p>Cuando hay voluntad, se encuentra un camino. Si la UE va a hacer algo bueno, ahora es el momento.<\/p>\n<p>No hay una crisis de refugiados en la UE. Hay otras crisis:<\/p>\n<p>1) Una crisis causada por a\u00f1os de militarismo;<\/p>\n<p>2) una crisis de gesti\u00f3n;<\/p>\n<p>3) una crisis de liderazgo o, con excepci\u00f3n de la canciller (jefa de gobierno) de Alemania, Angela Merkel, ning\u00fan liderazgo en materia de pol\u00edticas comunes; y<\/p>\n<p>4) una crisis de solidaridad, humanidad y \u00e9tica.<\/p>\n<p>Y podr\u00eda agregarse otra crisis m\u00e1s en quinto lugar, el racismo europeo que adopta la forma de la islamofobia.<\/p>\n<p>Estoy bastante seguro de que la UE hubiera actuado de manera diferente si hubiera ocurrido una enorme cat\u00e1strofe natural o si hubiera colapsado una planta nuclear en Israel y 1,2 millones de jud\u00edos llegaran a Europa o si un pa\u00eds del bloque hubiera sufrido algo parecido en su propio territorio.<\/p>\n<p>Si este jueves y viernes, la UE decide implementar un acuerdo inmoral, que adem\u00e1s atenta contra el derecho internacional, con Turqu\u00eda, un pa\u00eds en guerra con un gobierno cada vez m\u00e1s autoritario, favorable al terrorismo e inseguro para los refugiados, la decadencia moral del mundo occidental ser\u00e1 obvia.<\/p>\n<p>Si no lo es para s\u00ed mismo, al menos para 92 por ciento del mundo que vive fuera de \u00e9l.<\/p>\n<p>Y la UE no merecer\u00e1 otra cosa mejor que su propia disoluci\u00f3n, porque no colabor\u00f3 con un mundo mejor sino para uno peor.<\/p>\n<p>Desde el punto de vista t\u00e9cnico, \u00bfqu\u00e9 queda si el derecho al asilo, las convenciones de Schengen y de Dubl\u00edn, entre otras, las viola el propio Consejo Europeo?<\/p>\n<p>O la UE apuesta a un mundo mejor o es hora de que la reemplace otra Europa.<\/p>\n<p><em>Traducido por Ver\u00f3nica Firme<\/em><\/p>\n<p><em>Las opiniones expresadas en este art\u00edculo son responsabilidad del autor y no representan necesariamente las de IPS \u2013 Inter Press Service, ni pueden atribu\u00edrsele<\/em><\/p>\n<p><em>* Jan Oberg fue, adem\u00e1s, director del Instituto de Investigaciones de Paz de la Universidad de Lund (Lupri, en ingl\u00e9s), ex secretario general de la Fundaci\u00f3n Danesa para la Paz; exmiembro del gubernamental Comit\u00e9 sobre Seguridad y Desarme dan\u00e9s<\/em>.<\/p>\n<p><a href=\"http:\/\/blog.transnational.org\/2016\/03\/tff-pressinfo-366-will-the-eu-become-a-criminal-union-tomorrow\/\" target=\"_blank\"><em><br \/>\n<\/em><em>El art\u00edculo de <\/em><\/a><em><a href=\"http:\/\/blog.transnational.org\/2016\/03\/tff-pressinfo-366-will-the-eu-become-a-criminal-union-tomorrow\/\" target=\"_blank\">Jan Oberg<\/a> <a href=\"http:\/\/blog.transnational.org\/2016\/03\/tff-pressinfo-366-will-the-eu-become-a-criminal-union-tomorrow\/\" target=\"_blank\">fue publicado el 16 de marzo de 2016 en<\/a><\/em><a href=\"http:\/\/blog.transnational.org\/2016\/03\/tff-pressinfo-366-will-the-eu-become-a-criminal-union-tomorrow\/\" target=\"_blank\"><em> TFF \u2013 Transnational Foundation for Peace and Future Research. Go to Original.<\/em><\/a><\/p>\n","protected":false},"excerpt":{"rendered":"<p>Este es un art\u00edculo de opini\u00f3n de Jan Oberg, profesor de estudios de paz, cofundador y director de TFF. Adem\u00e1s es doctor en sociolog\u00eda y profesor adjunto de la Universidad de Lund y profesor invitado de varias universidades.* Por Jan&hellip;<\/p>\n","protected":false},"author":347,"featured_media":292364,"comment_status":"closed","ping_status":"closed","sticky":false,"template":"","format":"standard","meta":{"footnotes":""},"categories":[79,66,39,161,74],"tags":[20205,441,8460,953,16294,15633,3022,3021,9533,4817],"class_list":["post-292362","post","type-post","status-publish","format-standard","has-post-thumbnail","hentry","category-derechos-humanos","category-europa-es","category-internacional","category-opiniones","category-politica-es","tag-crimenes","tag-derechos-humanos","tag-desplazados","tag-europa-es-2","tag-fronteras","tag-migrantes","tag-refugiados","tag-turquia","tag-ue-es","tag-union-europea"],"yoast_head":"<!-- This site is optimized with the Yoast SEO plugin v27.1.1 - https:\/\/yoast.com\/product\/yoast-seo-wordpress\/ -->\n<title>\u00bfSe convertir\u00e1 la UE en un bloque criminal?<\/title>\n<meta name=\"description\" content=\"Este es un art\u00edculo de opini\u00f3n de Jan Oberg, profesor de estudios de paz, cofundador y director de TFF. Adem\u00e1s es doctor en sociolog\u00eda y profesor adjunto\" \/>\n<meta name=\"robots\" content=\"index, follow, max-snippet:-1, max-image-preview:large, max-video-preview:-1\" \/>\n<link rel=\"canonical\" href=\"https:\/\/www.pressenza.com\/es\/2016\/03\/se-convertira-ue-bloque-criminal\/\" \/>\n<meta property=\"og:locale\" content=\"es_ES\" \/>\n<meta property=\"og:type\" content=\"article\" \/>\n<meta property=\"og:title\" content=\"\u00bfSe convertir\u00e1 la UE en un bloque criminal?\" \/>\n<meta property=\"og:description\" content=\"Este es un art\u00edculo de opini\u00f3n de Jan Oberg, profesor de estudios de paz, cofundador y director de TFF. Adem\u00e1s es doctor en sociolog\u00eda y profesor adjunto\" \/>\n<meta property=\"og:url\" content=\"https:\/\/www.pressenza.com\/es\/2016\/03\/se-convertira-ue-bloque-criminal\/\" \/>\n<meta property=\"og:site_name\" content=\"Pressenza\" \/>\n<meta property=\"article:publisher\" content=\"https:\/\/www.facebook.com\/PressenzaItalia\" \/>\n<meta property=\"article:author\" content=\"http:\/\/www.facebook.com\/ipsnoticias\" \/>\n<meta property=\"article:published_time\" content=\"2016-03-20T23:03:57+00:00\" \/>\n<meta property=\"og:image\" content=\"https:\/\/www.pressenza.com\/wp-content\/uploads\/2016\/03\/desplazados-629x419.jpg\" \/>\n\t<meta property=\"og:image:width\" content=\"629\" \/>\n\t<meta property=\"og:image:height\" content=\"419\" \/>\n\t<meta property=\"og:image:type\" content=\"image\/jpeg\" \/>\n<meta name=\"author\" content=\"Inter Press Service\" \/>\n<meta name=\"twitter:card\" content=\"summary_large_image\" \/>\n<meta name=\"twitter:creator\" content=\"@ipsnoticias\" \/>\n<meta name=\"twitter:site\" content=\"@PressenzaIPA\" \/>\n<meta name=\"twitter:label1\" content=\"Escrito por\" \/>\n\t<meta name=\"twitter:data1\" content=\"Inter Press Service\" \/>\n\t<meta name=\"twitter:label2\" content=\"Tiempo de lectura\" \/>\n\t<meta name=\"twitter:data2\" content=\"4 minutos\" \/>\n<script type=\"application\/ld+json\" class=\"yoast-schema-graph\">{\"@context\":\"https:\/\/schema.org\",\"@graph\":[{\"@type\":\"Article\",\"@id\":\"https:\/\/www.pressenza.com\/es\/2016\/03\/se-convertira-ue-bloque-criminal\/#article\",\"isPartOf\":{\"@id\":\"https:\/\/www.pressenza.com\/es\/2016\/03\/se-convertira-ue-bloque-criminal\/\"},\"author\":{\"name\":\"Inter Press Service\",\"@id\":\"https:\/\/www.pressenza.com\/es\/#\/schema\/person\/7467f88f6765c239bdd52f3c432de81a\"},\"headline\":\"\u00bfSe convertir\u00e1 la UE en un bloque criminal?\",\"datePublished\":\"2016-03-20T23:03:57+00:00\",\"mainEntityOfPage\":{\"@id\":\"https:\/\/www.pressenza.com\/es\/2016\/03\/se-convertira-ue-bloque-criminal\/\"},\"wordCount\":907,\"publisher\":{\"@id\":\"https:\/\/www.pressenza.com\/es\/#organization\"},\"image\":{\"@id\":\"https:\/\/www.pressenza.com\/es\/2016\/03\/se-convertira-ue-bloque-criminal\/#primaryimage\"},\"thumbnailUrl\":\"https:\/\/www.pressenza.com\/wp-content\/uploads\/2016\/03\/desplazados-629x419.jpg\",\"keywords\":[\"cr\u00edmenes\",\"Derechos humanos\",\"desplazados\",\"Europa\",\"fronteras\",\"migrantes\",\"refugiados\",\"Turqu\u00eda\",\"UE\",\"Uni\u00f3n Europea\"],\"articleSection\":[\"Derechos Humanos\",\"Europa\",\"Internacional\",\"Opiniones\",\"Pol\u00edtica\"],\"inLanguage\":\"es\"},{\"@type\":\"WebPage\",\"@id\":\"https:\/\/www.pressenza.com\/es\/2016\/03\/se-convertira-ue-bloque-criminal\/\",\"url\":\"https:\/\/www.pressenza.com\/es\/2016\/03\/se-convertira-ue-bloque-criminal\/\",\"name\":\"\u00bfSe convertir\u00e1 la UE en un bloque criminal?\",\"isPartOf\":{\"@id\":\"https:\/\/www.pressenza.com\/es\/#website\"},\"primaryImageOfPage\":{\"@id\":\"https:\/\/www.pressenza.com\/es\/2016\/03\/se-convertira-ue-bloque-criminal\/#primaryimage\"},\"image\":{\"@id\":\"https:\/\/www.pressenza.com\/es\/2016\/03\/se-convertira-ue-bloque-criminal\/#primaryimage\"},\"thumbnailUrl\":\"https:\/\/www.pressenza.com\/wp-content\/uploads\/2016\/03\/desplazados-629x419.jpg\",\"datePublished\":\"2016-03-20T23:03:57+00:00\",\"description\":\"Este es un art\u00edculo de opini\u00f3n de Jan Oberg, profesor de estudios de paz, cofundador y director de TFF. Adem\u00e1s es doctor en sociolog\u00eda y profesor adjunto\",\"breadcrumb\":{\"@id\":\"https:\/\/www.pressenza.com\/es\/2016\/03\/se-convertira-ue-bloque-criminal\/#breadcrumb\"},\"inLanguage\":\"es\",\"potentialAction\":[{\"@type\":\"ReadAction\",\"target\":[\"https:\/\/www.pressenza.com\/es\/2016\/03\/se-convertira-ue-bloque-criminal\/\"]}]},{\"@type\":\"ImageObject\",\"inLanguage\":\"es\",\"@id\":\"https:\/\/www.pressenza.com\/es\/2016\/03\/se-convertira-ue-bloque-criminal\/#primaryimage\",\"url\":\"https:\/\/www.pressenza.com\/wp-content\/uploads\/2016\/03\/desplazados-629x419.jpg\",\"contentUrl\":\"https:\/\/www.pressenza.com\/wp-content\/uploads\/2016\/03\/desplazados-629x419.jpg\",\"width\":629,\"height\":419,\"caption\":\"I.Pritchett\/Acnur\"},{\"@type\":\"BreadcrumbList\",\"@id\":\"https:\/\/www.pressenza.com\/es\/2016\/03\/se-convertira-ue-bloque-criminal\/#breadcrumb\",\"itemListElement\":[{\"@type\":\"ListItem\",\"position\":1,\"name\":\"Accueil\",\"item\":\"https:\/\/www.pressenza.com\/es\/\"},{\"@type\":\"ListItem\",\"position\":2,\"name\":\"\u00bfSe convertir\u00e1 la UE en un bloque criminal?\"}]},{\"@type\":\"WebSite\",\"@id\":\"https:\/\/www.pressenza.com\/es\/#website\",\"url\":\"https:\/\/www.pressenza.com\/es\/\",\"name\":\"Pressenza\",\"description\":\"International Press Agency\",\"publisher\":{\"@id\":\"https:\/\/www.pressenza.com\/es\/#organization\"},\"potentialAction\":[{\"@type\":\"SearchAction\",\"target\":{\"@type\":\"EntryPoint\",\"urlTemplate\":\"https:\/\/www.pressenza.com\/es\/?s={search_term_string}\"},\"query-input\":{\"@type\":\"PropertyValueSpecification\",\"valueRequired\":true,\"valueName\":\"search_term_string\"}}],\"inLanguage\":\"es\"},{\"@type\":\"Organization\",\"@id\":\"https:\/\/www.pressenza.com\/es\/#organization\",\"name\":\"Pressenza\",\"url\":\"https:\/\/www.pressenza.com\/es\/\",\"logo\":{\"@type\":\"ImageObject\",\"inLanguage\":\"es\",\"@id\":\"https:\/\/www.pressenza.com\/es\/#\/schema\/logo\/image\/\",\"url\":\"https:\/\/www.pressenza.com\/wp-content\/uploads\/2022\/10\/pressenza_logo_200x200.jpg\",\"contentUrl\":\"https:\/\/www.pressenza.com\/wp-content\/uploads\/2022\/10\/pressenza_logo_200x200.jpg\",\"width\":200,\"height\":200,\"caption\":\"Pressenza\"},\"image\":{\"@id\":\"https:\/\/www.pressenza.com\/es\/#\/schema\/logo\/image\/\"},\"sameAs\":[\"https:\/\/www.facebook.com\/PressenzaItalia\",\"https:\/\/x.com\/PressenzaIPA\"]},{\"@type\":\"Person\",\"@id\":\"https:\/\/www.pressenza.com\/es\/#\/schema\/person\/7467f88f6765c239bdd52f3c432de81a\",\"name\":\"Inter Press Service\",\"description\":\"IPS is an international communications institution at the heart of a global news agency that amplifies the voices of the South and civil society on development, globalisation, human rights and the environment. www.ipsnews.net\",\"sameAs\":[\"http:\/\/www.facebook.com\/ipsnoticias\",\"https:\/\/x.com\/ipsnoticias\"],\"url\":\"https:\/\/www.pressenza.com\/es\/author\/ips-inter-press-service\/\"}]}<\/script>\n<!-- \/ Yoast SEO plugin. -->","yoast_head_json":{"title":"\u00bfSe convertir\u00e1 la UE en un bloque criminal?","description":"Este es un art\u00edculo de opini\u00f3n de Jan Oberg, profesor de estudios de paz, cofundador y director de TFF. Adem\u00e1s es doctor en sociolog\u00eda y profesor adjunto","robots":{"index":"index","follow":"follow","max-snippet":"max-snippet:-1","max-image-preview":"max-image-preview:large","max-video-preview":"max-video-preview:-1"},"canonical":"https:\/\/www.pressenza.com\/es\/2016\/03\/se-convertira-ue-bloque-criminal\/","og_locale":"es_ES","og_type":"article","og_title":"\u00bfSe convertir\u00e1 la UE en un bloque criminal?","og_description":"Este es un art\u00edculo de opini\u00f3n de Jan Oberg, profesor de estudios de paz, cofundador y director de TFF. Adem\u00e1s es doctor en sociolog\u00eda y profesor adjunto","og_url":"https:\/\/www.pressenza.com\/es\/2016\/03\/se-convertira-ue-bloque-criminal\/","og_site_name":"Pressenza","article_publisher":"https:\/\/www.facebook.com\/PressenzaItalia","article_author":"http:\/\/www.facebook.com\/ipsnoticias","article_published_time":"2016-03-20T23:03:57+00:00","og_image":[{"width":629,"height":419,"url":"https:\/\/www.pressenza.com\/wp-content\/uploads\/2016\/03\/desplazados-629x419.jpg","type":"image\/jpeg"}],"author":"Inter Press Service","twitter_card":"summary_large_image","twitter_creator":"@ipsnoticias","twitter_site":"@PressenzaIPA","twitter_misc":{"Escrito por":"Inter Press Service","Tiempo de lectura":"4 minutos"},"schema":{"@context":"https:\/\/schema.org","@graph":[{"@type":"Article","@id":"https:\/\/www.pressenza.com\/es\/2016\/03\/se-convertira-ue-bloque-criminal\/#article","isPartOf":{"@id":"https:\/\/www.pressenza.com\/es\/2016\/03\/se-convertira-ue-bloque-criminal\/"},"author":{"name":"Inter Press Service","@id":"https:\/\/www.pressenza.com\/es\/#\/schema\/person\/7467f88f6765c239bdd52f3c432de81a"},"headline":"\u00bfSe convertir\u00e1 la UE en un bloque criminal?","datePublished":"2016-03-20T23:03:57+00:00","mainEntityOfPage":{"@id":"https:\/\/www.pressenza.com\/es\/2016\/03\/se-convertira-ue-bloque-criminal\/"},"wordCount":907,"publisher":{"@id":"https:\/\/www.pressenza.com\/es\/#organization"},"image":{"@id":"https:\/\/www.pressenza.com\/es\/2016\/03\/se-convertira-ue-bloque-criminal\/#primaryimage"},"thumbnailUrl":"https:\/\/www.pressenza.com\/wp-content\/uploads\/2016\/03\/desplazados-629x419.jpg","keywords":["cr\u00edmenes","Derechos humanos","desplazados","Europa","fronteras","migrantes","refugiados","Turqu\u00eda","UE","Uni\u00f3n Europea"],"articleSection":["Derechos Humanos","Europa","Internacional","Opiniones","Pol\u00edtica"],"inLanguage":"es"},{"@type":"WebPage","@id":"https:\/\/www.pressenza.com\/es\/2016\/03\/se-convertira-ue-bloque-criminal\/","url":"https:\/\/www.pressenza.com\/es\/2016\/03\/se-convertira-ue-bloque-criminal\/","name":"\u00bfSe convertir\u00e1 la UE en un bloque criminal?","isPartOf":{"@id":"https:\/\/www.pressenza.com\/es\/#website"},"primaryImageOfPage":{"@id":"https:\/\/www.pressenza.com\/es\/2016\/03\/se-convertira-ue-bloque-criminal\/#primaryimage"},"image":{"@id":"https:\/\/www.pressenza.com\/es\/2016\/03\/se-convertira-ue-bloque-criminal\/#primaryimage"},"thumbnailUrl":"https:\/\/www.pressenza.com\/wp-content\/uploads\/2016\/03\/desplazados-629x419.jpg","datePublished":"2016-03-20T23:03:57+00:00","description":"Este es un art\u00edculo de opini\u00f3n de Jan Oberg, profesor de estudios de paz, cofundador y director de TFF. Adem\u00e1s es doctor en sociolog\u00eda y profesor adjunto","breadcrumb":{"@id":"https:\/\/www.pressenza.com\/es\/2016\/03\/se-convertira-ue-bloque-criminal\/#breadcrumb"},"inLanguage":"es","potentialAction":[{"@type":"ReadAction","target":["https:\/\/www.pressenza.com\/es\/2016\/03\/se-convertira-ue-bloque-criminal\/"]}]},{"@type":"ImageObject","inLanguage":"es","@id":"https:\/\/www.pressenza.com\/es\/2016\/03\/se-convertira-ue-bloque-criminal\/#primaryimage","url":"https:\/\/www.pressenza.com\/wp-content\/uploads\/2016\/03\/desplazados-629x419.jpg","contentUrl":"https:\/\/www.pressenza.com\/wp-content\/uploads\/2016\/03\/desplazados-629x419.jpg","width":629,"height":419,"caption":"I.Pritchett\/Acnur"},{"@type":"BreadcrumbList","@id":"https:\/\/www.pressenza.com\/es\/2016\/03\/se-convertira-ue-bloque-criminal\/#breadcrumb","itemListElement":[{"@type":"ListItem","position":1,"name":"Accueil","item":"https:\/\/www.pressenza.com\/es\/"},{"@type":"ListItem","position":2,"name":"\u00bfSe convertir\u00e1 la UE en un bloque criminal?"}]},{"@type":"WebSite","@id":"https:\/\/www.pressenza.com\/es\/#website","url":"https:\/\/www.pressenza.com\/es\/","name":"Pressenza","description":"International Press Agency","publisher":{"@id":"https:\/\/www.pressenza.com\/es\/#organization"},"potentialAction":[{"@type":"SearchAction","target":{"@type":"EntryPoint","urlTemplate":"https:\/\/www.pressenza.com\/es\/?s={search_term_string}"},"query-input":{"@type":"PropertyValueSpecification","valueRequired":true,"valueName":"search_term_string"}}],"inLanguage":"es"},{"@type":"Organization","@id":"https:\/\/www.pressenza.com\/es\/#organization","name":"Pressenza","url":"https:\/\/www.pressenza.com\/es\/","logo":{"@type":"ImageObject","inLanguage":"es","@id":"https:\/\/www.pressenza.com\/es\/#\/schema\/logo\/image\/","url":"https:\/\/www.pressenza.com\/wp-content\/uploads\/2022\/10\/pressenza_logo_200x200.jpg","contentUrl":"https:\/\/www.pressenza.com\/wp-content\/uploads\/2022\/10\/pressenza_logo_200x200.jpg","width":200,"height":200,"caption":"Pressenza"},"image":{"@id":"https:\/\/www.pressenza.com\/es\/#\/schema\/logo\/image\/"},"sameAs":["https:\/\/www.facebook.com\/PressenzaItalia","https:\/\/x.com\/PressenzaIPA"]},{"@type":"Person","@id":"https:\/\/www.pressenza.com\/es\/#\/schema\/person\/7467f88f6765c239bdd52f3c432de81a","name":"Inter Press Service","description":"IPS is an international communications institution at the heart of a global news agency that amplifies the voices of the South and civil society on development, globalisation, human rights and the environment. www.ipsnews.net","sameAs":["http:\/\/www.facebook.com\/ipsnoticias","https:\/\/x.com\/ipsnoticias"],"url":"https:\/\/www.pressenza.com\/es\/author\/ips-inter-press-service\/"}]}},"place":"Lund, Suecia","original_article_url":"http:\/\/www.ipsnoticias.net\/2016\/03\/se-convertira-la-ue-en-un-bloque-criminal\/","_links":{"self":[{"href":"https:\/\/www.pressenza.com\/es\/wp-json\/wp\/v2\/posts\/292362","targetHints":{"allow":["GET"]}}],"collection":[{"href":"https:\/\/www.pressenza.com\/es\/wp-json\/wp\/v2\/posts"}],"about":[{"href":"https:\/\/www.pressenza.com\/es\/wp-json\/wp\/v2\/types\/post"}],"author":[{"embeddable":true,"href":"https:\/\/www.pressenza.com\/es\/wp-json\/wp\/v2\/users\/347"}],"replies":[{"embeddable":true,"href":"https:\/\/www.pressenza.com\/es\/wp-json\/wp\/v2\/comments?post=292362"}],"version-history":[{"count":0,"href":"https:\/\/www.pressenza.com\/es\/wp-json\/wp\/v2\/posts\/292362\/revisions"}],"wp:featuredmedia":[{"embeddable":true,"href":"https:\/\/www.pressenza.com\/es\/wp-json\/wp\/v2\/media\/292364"}],"wp:attachment":[{"href":"https:\/\/www.pressenza.com\/es\/wp-json\/wp\/v2\/media?parent=292362"}],"wp:term":[{"taxonomy":"category","embeddable":true,"href":"https:\/\/www.pressenza.com\/es\/wp-json\/wp\/v2\/categories?post=292362"},{"taxonomy":"post_tag","embeddable":true,"href":"https:\/\/www.pressenza.com\/es\/wp-json\/wp\/v2\/tags?post=292362"}],"curies":[{"name":"wp","href":"https:\/\/api.w.org\/{rel}","templated":true}]}}