{"id":291961,"date":"2016-03-19T17:07:19","date_gmt":"2016-03-19T17:07:19","guid":{"rendered":"http:\/\/www.pressenza.com\/es\/?p=291961"},"modified":"2016-03-19T17:07:19","modified_gmt":"2016-03-19T17:07:19","slug":"colombia-se-movilizo-por-una-paz-con-cambios","status":"publish","type":"post","link":"https:\/\/www.pressenza.com\/es\/2016\/03\/colombia-se-movilizo-por-una-paz-con-cambios\/","title":{"rendered":"Colombia se moviliz\u00f3 por una paz con cambios"},"content":{"rendered":"<p><em>Las diferentes colectividades que participaron en la marcha consideran que los acuerdos parciales que han alcanzado el gobierno y las FARC en La Habana no han estado respaldados con acciones y decisiones del gobierno, en cambio la respuesta de \u00e9ste ha sido la de restringir derechos y menguar las condiciones de vida del pueblo colombiano.<\/em><\/p>\n<p><em><strong>Por Agencia Prensa Rural<\/strong><\/em><\/p>\n<p><iframe loading=\"lazy\" title=\"Colombia se moviliz\u00f3 por una paz con cambios\" width=\"500\" height=\"281\" src=\"https:\/\/www.youtube.com\/embed\/K7GyfjsOLG0?feature=oembed\" frameborder=\"0\" allow=\"accelerometer; autoplay; clipboard-write; encrypted-media; gyroscope; picture-in-picture; web-share\" referrerpolicy=\"strict-origin-when-cross-origin\" allowfullscreen><\/iframe><\/p>\n<div>\n<div class=\"texto_80\">\n<p>Este jueves 17 de marzo se realiz\u00f3 la gran movilizaci\u00f3n en el marco de la jornada nacional de paro convocada por las diferentes centrales obreras y por las organizaciones sociales populares.<\/p>\n<p>Un paro sintonizado con lo que ocurre en La Habana y que en todas las regiones del pa\u00eds expres\u00f3 su rechazo a la pol\u00edtica econ\u00f3mica y su respaldo a la paz.<\/p>\n<p>La lluvia no fue impedimento para que las miles de personas que hab\u00edan manifestado d\u00edas atr\u00e1s su decisi\u00f3n de movilizarse lo hicieran de manera emotiva y pac\u00edfica.<\/p>\n<p>\u00abHacerle un paro a Santos no es hacerle un paro a la paz. Por el contrario: lo que aqu\u00ed estamos pidiendo es que pare hasta la guerra. Y por ende lo que aqu\u00ed se demuestra es que la gente s\u00ed quiere paz, pero una paz acompa\u00f1ada de la justicia social. Hay una enorme inconformidad frente a las pol\u00edticas sociales, el aumento p\u00edrrico del salario m\u00ednimo, la venta de Isag\u00e9n, la situaci\u00f3n en La Guajira\u00bb, se\u00f1al\u00f3 David Fl\u00f3rez, vocero del movimiento social y pol\u00edtico Marcha Patri\u00f3tica.<\/p>\n<p>Gloria Fl\u00f3rez, del movimiento Progresistas, asegur\u00f3 que \u00abesta manifestaci\u00f3n es para decir que, si bien exigimos una paz con inclusi\u00f3n y con respeto a los derechos humanos, estamos con un compromiso pleno con que pare la guerra e iniciemos un proceso de construcci\u00f3n pol\u00edtica y social que nos permita garantizar un pa\u00eds soberano, libertario, justo y con derechos para todos\u00bb.<\/p>\n<p>Las calles de Bogot\u00e1 se llenaron de estudiantes, mujeres, j\u00f3venes y especialmente trabajadores.<\/p>\n<p>\u00abAqu\u00ed est\u00e1 reunido todo el movimiento alternativo de Colombia. Estamos marchando juntos todos los sectores de la izquierda desde la perspectiva pol\u00edtica, pero tambi\u00e9n las organizaciones sindicales, pensionales, estudiantiles, agrarias, en fin: aqu\u00ed est\u00e1 toda la inconformidad social y pol\u00edtica del pa\u00eds marchando para pedir la reconducci\u00f3n del modelo econ\u00f3mico\u00bb, manifest\u00f3 Clara L\u00f3pez, del Polo Democr\u00e1tico Alternativo.<\/p>\n<p>Jaime Caycedo, secretario general del Partido Comunista Colombiano, dijo que \u00abestas movilizaciones gigantescas, c\u00edvicas, ciudadanas, del movimiento sindical, unitarias, est\u00e1n abriendo los ojos de una pedagog\u00eda de la paz que es la de la justicia social como componente esencial de la paz en el pa\u00eds\u00bb.<\/p>\n<p>La c\u00e9ntrica y emblem\u00e1tica plaza de Bol\u00edvar fue el punto de encuentro de marchas que partieron de diferentes localidades de la ciudad. All\u00ed se reunieron las m\u00e1s de 40 organizaciones que hab\u00edan convocado esta gran movilizaci\u00f3n.<\/p>\n<p>\u00abYo creo que este es un momento en el que hay que propiciarle confianza al pueblo colombiano para respaldar el proceso, para la implementaci\u00f3n de acuerdos, y es lo que se est\u00e1 haciendo. Hay agendas aqu\u00ed de todo tipo, planteadas en el pliego de 15 puntos. Muy importante entonces es que el campesino sea reconocido como un sujeto pol\u00edtico de derechos, que se defienda la econom\u00eda, que se revisen los tratados de libre comercio, que se revise la pol\u00edtica privatizadora y que defendamos lo p\u00fablico\u00bb, se\u00f1al\u00f3 Alberto Castilla, del Congreso de los Pueblos.<\/p>\n<p>Eberto D\u00edaz, de Fensuagro, puntualiz\u00f3: \u00abEsta es una demostraci\u00f3n de que los sectores populares tienen un gran inconformismo con las pol\u00edticas antisociales del gobierno de Santos, pero que al mismo tiempo est\u00e1n diciendo que la paz es una posibilidad real en el pa\u00eds, que no podemos dejar perder esta oportunidad\u00bb.<\/p>\n<\/div>\n<\/div>\n","protected":false},"excerpt":{"rendered":"<p>Las diferentes colectividades que participaron en la marcha consideran que los acuerdos parciales que han alcanzado el gobierno y las FARC en La Habana no han estado respaldados con acciones y decisiones del gobierno, en cambio la respuesta de \u00e9ste&hellip;<\/p>\n","protected":false},"author":1053,"featured_media":0,"comment_status":"closed","ping_status":"closed","sticky":false,"template":"","format":"standard","meta":{"footnotes":""},"categories":[79,1243,74,67],"tags":[30,586,16475,4993,24371,419],"class_list":["post-291961","post","type-post","status-publish","format-standard","hentry","category-derechos-humanos","category-paz-desarme","category-politica-es","category-sudamerica","tag-colombia","tag-huelga","tag-marcha","tag-paro","tag-paro-nacional","tag-paz"],"yoast_head":"<!-- This site is optimized with the Yoast SEO plugin v27.1.1 - https:\/\/yoast.com\/product\/yoast-seo-wordpress\/ -->\n<title>Colombia se moviliz\u00f3 por una paz con cambios<\/title>\n<meta name=\"description\" content=\"Las diferentes colectividades que participaron en la marcha consideran que los acuerdos parciales que han alcanzado el gobierno y las FARC en La Habana no\" \/>\n<meta name=\"robots\" content=\"index, follow, max-snippet:-1, max-image-preview:large, max-video-preview:-1\" \/>\n<link rel=\"canonical\" href=\"https:\/\/www.pressenza.com\/es\/2016\/03\/colombia-se-movilizo-por-una-paz-con-cambios\/\" \/>\n<meta property=\"og:locale\" content=\"es_ES\" \/>\n<meta property=\"og:type\" content=\"article\" \/>\n<meta property=\"og:title\" content=\"Colombia se moviliz\u00f3 por una paz con cambios\" \/>\n<meta property=\"og:description\" content=\"Las diferentes colectividades que participaron en la marcha consideran que los acuerdos parciales que han alcanzado el gobierno y las FARC en La Habana no\" \/>\n<meta property=\"og:url\" content=\"https:\/\/www.pressenza.com\/es\/2016\/03\/colombia-se-movilizo-por-una-paz-con-cambios\/\" \/>\n<meta property=\"og:site_name\" content=\"Pressenza\" \/>\n<meta property=\"article:publisher\" content=\"https:\/\/www.facebook.com\/PressenzaItalia\" \/>\n<meta property=\"article:published_time\" content=\"2016-03-19T17:07:19+00:00\" \/>\n<meta name=\"author\" content=\"Redacci\u00f3n Colombia\" \/>\n<meta name=\"twitter:card\" content=\"summary_large_image\" \/>\n<meta name=\"twitter:creator\" content=\"@PressenzaIPA\" \/>\n<meta name=\"twitter:site\" content=\"@PressenzaIPA\" \/>\n<meta name=\"twitter:label1\" content=\"Escrito por\" \/>\n\t<meta name=\"twitter:data1\" content=\"Redacci\u00f3n Colombia\" \/>\n\t<meta name=\"twitter:label2\" content=\"Tiempo de lectura\" \/>\n\t<meta name=\"twitter:data2\" content=\"3 minutos\" \/>\n<script type=\"application\/ld+json\" class=\"yoast-schema-graph\">{\"@context\":\"https:\/\/schema.org\",\"@graph\":[{\"@type\":\"Article\",\"@id\":\"https:\/\/www.pressenza.com\/es\/2016\/03\/colombia-se-movilizo-por-una-paz-con-cambios\/#article\",\"isPartOf\":{\"@id\":\"https:\/\/www.pressenza.com\/es\/2016\/03\/colombia-se-movilizo-por-una-paz-con-cambios\/\"},\"author\":{\"name\":\"Redacci\u00f3n Colombia\",\"@id\":\"https:\/\/www.pressenza.com\/es\/#\/schema\/person\/7c8ee170a4502d638436c91e385315f2\"},\"headline\":\"Colombia se moviliz\u00f3 por una paz con cambios\",\"datePublished\":\"2016-03-19T17:07:19+00:00\",\"mainEntityOfPage\":{\"@id\":\"https:\/\/www.pressenza.com\/es\/2016\/03\/colombia-se-movilizo-por-una-paz-con-cambios\/\"},\"wordCount\":654,\"publisher\":{\"@id\":\"https:\/\/www.pressenza.com\/es\/#organization\"},\"keywords\":[\"Colombia\",\"huelga\",\"Marcha\",\"paro\",\"paro nacional\",\"Paz\"],\"articleSection\":[\"Derechos Humanos\",\"Paz y Desarme\",\"Pol\u00edtica\",\"Sudam\u00e9rica\"],\"inLanguage\":\"es\"},{\"@type\":\"WebPage\",\"@id\":\"https:\/\/www.pressenza.com\/es\/2016\/03\/colombia-se-movilizo-por-una-paz-con-cambios\/\",\"url\":\"https:\/\/www.pressenza.com\/es\/2016\/03\/colombia-se-movilizo-por-una-paz-con-cambios\/\",\"name\":\"Colombia se moviliz\u00f3 por una paz con cambios\",\"isPartOf\":{\"@id\":\"https:\/\/www.pressenza.com\/es\/#website\"},\"datePublished\":\"2016-03-19T17:07:19+00:00\",\"description\":\"Las diferentes colectividades que participaron en la marcha consideran que los acuerdos parciales que han alcanzado el gobierno y las FARC en La Habana no\",\"breadcrumb\":{\"@id\":\"https:\/\/www.pressenza.com\/es\/2016\/03\/colombia-se-movilizo-por-una-paz-con-cambios\/#breadcrumb\"},\"inLanguage\":\"es\",\"potentialAction\":[{\"@type\":\"ReadAction\",\"target\":[\"https:\/\/www.pressenza.com\/es\/2016\/03\/colombia-se-movilizo-por-una-paz-con-cambios\/\"]}]},{\"@type\":\"BreadcrumbList\",\"@id\":\"https:\/\/www.pressenza.com\/es\/2016\/03\/colombia-se-movilizo-por-una-paz-con-cambios\/#breadcrumb\",\"itemListElement\":[{\"@type\":\"ListItem\",\"position\":1,\"name\":\"Accueil\",\"item\":\"https:\/\/www.pressenza.com\/es\/\"},{\"@type\":\"ListItem\",\"position\":2,\"name\":\"Colombia se moviliz\u00f3 por una paz con cambios\"}]},{\"@type\":\"WebSite\",\"@id\":\"https:\/\/www.pressenza.com\/es\/#website\",\"url\":\"https:\/\/www.pressenza.com\/es\/\",\"name\":\"Pressenza\",\"description\":\"International Press Agency\",\"publisher\":{\"@id\":\"https:\/\/www.pressenza.com\/es\/#organization\"},\"potentialAction\":[{\"@type\":\"SearchAction\",\"target\":{\"@type\":\"EntryPoint\",\"urlTemplate\":\"https:\/\/www.pressenza.com\/es\/?s={search_term_string}\"},\"query-input\":{\"@type\":\"PropertyValueSpecification\",\"valueRequired\":true,\"valueName\":\"search_term_string\"}}],\"inLanguage\":\"es\"},{\"@type\":\"Organization\",\"@id\":\"https:\/\/www.pressenza.com\/es\/#organization\",\"name\":\"Pressenza\",\"url\":\"https:\/\/www.pressenza.com\/es\/\",\"logo\":{\"@type\":\"ImageObject\",\"inLanguage\":\"es\",\"@id\":\"https:\/\/www.pressenza.com\/es\/#\/schema\/logo\/image\/\",\"url\":\"https:\/\/www.pressenza.com\/wp-content\/uploads\/2022\/10\/pressenza_logo_200x200.jpg\",\"contentUrl\":\"https:\/\/www.pressenza.com\/wp-content\/uploads\/2022\/10\/pressenza_logo_200x200.jpg\",\"width\":200,\"height\":200,\"caption\":\"Pressenza\"},\"image\":{\"@id\":\"https:\/\/www.pressenza.com\/es\/#\/schema\/logo\/image\/\"},\"sameAs\":[\"https:\/\/www.facebook.com\/PressenzaItalia\",\"https:\/\/x.com\/PressenzaIPA\"]},{\"@type\":\"Person\",\"@id\":\"https:\/\/www.pressenza.com\/es\/#\/schema\/person\/7c8ee170a4502d638436c91e385315f2\",\"name\":\"Redacci\u00f3n Colombia\",\"description\":\"News published by the Pressenza bureau in Colombia\",\"url\":\"https:\/\/www.pressenza.com\/es\/author\/redaccion-colombia\/\"}]}<\/script>\n<!-- \/ Yoast SEO plugin. -->","yoast_head_json":{"title":"Colombia se moviliz\u00f3 por una paz con cambios","description":"Las diferentes colectividades que participaron en la marcha consideran que los acuerdos parciales que han alcanzado el gobierno y las FARC en La Habana no","robots":{"index":"index","follow":"follow","max-snippet":"max-snippet:-1","max-image-preview":"max-image-preview:large","max-video-preview":"max-video-preview:-1"},"canonical":"https:\/\/www.pressenza.com\/es\/2016\/03\/colombia-se-movilizo-por-una-paz-con-cambios\/","og_locale":"es_ES","og_type":"article","og_title":"Colombia se moviliz\u00f3 por una paz con cambios","og_description":"Las diferentes colectividades que participaron en la marcha consideran que los acuerdos parciales que han alcanzado el gobierno y las FARC en La Habana no","og_url":"https:\/\/www.pressenza.com\/es\/2016\/03\/colombia-se-movilizo-por-una-paz-con-cambios\/","og_site_name":"Pressenza","article_publisher":"https:\/\/www.facebook.com\/PressenzaItalia","article_published_time":"2016-03-19T17:07:19+00:00","author":"Redacci\u00f3n Colombia","twitter_card":"summary_large_image","twitter_creator":"@PressenzaIPA","twitter_site":"@PressenzaIPA","twitter_misc":{"Escrito por":"Redacci\u00f3n Colombia","Tiempo de lectura":"3 minutos"},"schema":{"@context":"https:\/\/schema.org","@graph":[{"@type":"Article","@id":"https:\/\/www.pressenza.com\/es\/2016\/03\/colombia-se-movilizo-por-una-paz-con-cambios\/#article","isPartOf":{"@id":"https:\/\/www.pressenza.com\/es\/2016\/03\/colombia-se-movilizo-por-una-paz-con-cambios\/"},"author":{"name":"Redacci\u00f3n Colombia","@id":"https:\/\/www.pressenza.com\/es\/#\/schema\/person\/7c8ee170a4502d638436c91e385315f2"},"headline":"Colombia se moviliz\u00f3 por una paz con cambios","datePublished":"2016-03-19T17:07:19+00:00","mainEntityOfPage":{"@id":"https:\/\/www.pressenza.com\/es\/2016\/03\/colombia-se-movilizo-por-una-paz-con-cambios\/"},"wordCount":654,"publisher":{"@id":"https:\/\/www.pressenza.com\/es\/#organization"},"keywords":["Colombia","huelga","Marcha","paro","paro nacional","Paz"],"articleSection":["Derechos Humanos","Paz y Desarme","Pol\u00edtica","Sudam\u00e9rica"],"inLanguage":"es"},{"@type":"WebPage","@id":"https:\/\/www.pressenza.com\/es\/2016\/03\/colombia-se-movilizo-por-una-paz-con-cambios\/","url":"https:\/\/www.pressenza.com\/es\/2016\/03\/colombia-se-movilizo-por-una-paz-con-cambios\/","name":"Colombia se moviliz\u00f3 por una paz con cambios","isPartOf":{"@id":"https:\/\/www.pressenza.com\/es\/#website"},"datePublished":"2016-03-19T17:07:19+00:00","description":"Las diferentes colectividades que participaron en la marcha consideran que los acuerdos parciales que han alcanzado el gobierno y las FARC en La Habana no","breadcrumb":{"@id":"https:\/\/www.pressenza.com\/es\/2016\/03\/colombia-se-movilizo-por-una-paz-con-cambios\/#breadcrumb"},"inLanguage":"es","potentialAction":[{"@type":"ReadAction","target":["https:\/\/www.pressenza.com\/es\/2016\/03\/colombia-se-movilizo-por-una-paz-con-cambios\/"]}]},{"@type":"BreadcrumbList","@id":"https:\/\/www.pressenza.com\/es\/2016\/03\/colombia-se-movilizo-por-una-paz-con-cambios\/#breadcrumb","itemListElement":[{"@type":"ListItem","position":1,"name":"Accueil","item":"https:\/\/www.pressenza.com\/es\/"},{"@type":"ListItem","position":2,"name":"Colombia se moviliz\u00f3 por una paz con cambios"}]},{"@type":"WebSite","@id":"https:\/\/www.pressenza.com\/es\/#website","url":"https:\/\/www.pressenza.com\/es\/","name":"Pressenza","description":"International Press Agency","publisher":{"@id":"https:\/\/www.pressenza.com\/es\/#organization"},"potentialAction":[{"@type":"SearchAction","target":{"@type":"EntryPoint","urlTemplate":"https:\/\/www.pressenza.com\/es\/?s={search_term_string}"},"query-input":{"@type":"PropertyValueSpecification","valueRequired":true,"valueName":"search_term_string"}}],"inLanguage":"es"},{"@type":"Organization","@id":"https:\/\/www.pressenza.com\/es\/#organization","name":"Pressenza","url":"https:\/\/www.pressenza.com\/es\/","logo":{"@type":"ImageObject","inLanguage":"es","@id":"https:\/\/www.pressenza.com\/es\/#\/schema\/logo\/image\/","url":"https:\/\/www.pressenza.com\/wp-content\/uploads\/2022\/10\/pressenza_logo_200x200.jpg","contentUrl":"https:\/\/www.pressenza.com\/wp-content\/uploads\/2022\/10\/pressenza_logo_200x200.jpg","width":200,"height":200,"caption":"Pressenza"},"image":{"@id":"https:\/\/www.pressenza.com\/es\/#\/schema\/logo\/image\/"},"sameAs":["https:\/\/www.facebook.com\/PressenzaItalia","https:\/\/x.com\/PressenzaIPA"]},{"@type":"Person","@id":"https:\/\/www.pressenza.com\/es\/#\/schema\/person\/7c8ee170a4502d638436c91e385315f2","name":"Redacci\u00f3n Colombia","description":"News published by the Pressenza bureau in Colombia","url":"https:\/\/www.pressenza.com\/es\/author\/redaccion-colombia\/"}]}},"place":"Bogot\u00e1","original_article_url":"http:\/\/prensarural.org\/spip\/spip.php?article18915","_links":{"self":[{"href":"https:\/\/www.pressenza.com\/es\/wp-json\/wp\/v2\/posts\/291961","targetHints":{"allow":["GET"]}}],"collection":[{"href":"https:\/\/www.pressenza.com\/es\/wp-json\/wp\/v2\/posts"}],"about":[{"href":"https:\/\/www.pressenza.com\/es\/wp-json\/wp\/v2\/types\/post"}],"author":[{"embeddable":true,"href":"https:\/\/www.pressenza.com\/es\/wp-json\/wp\/v2\/users\/1053"}],"replies":[{"embeddable":true,"href":"https:\/\/www.pressenza.com\/es\/wp-json\/wp\/v2\/comments?post=291961"}],"version-history":[{"count":0,"href":"https:\/\/www.pressenza.com\/es\/wp-json\/wp\/v2\/posts\/291961\/revisions"}],"wp:attachment":[{"href":"https:\/\/www.pressenza.com\/es\/wp-json\/wp\/v2\/media?parent=291961"}],"wp:term":[{"taxonomy":"category","embeddable":true,"href":"https:\/\/www.pressenza.com\/es\/wp-json\/wp\/v2\/categories?post=291961"},{"taxonomy":"post_tag","embeddable":true,"href":"https:\/\/www.pressenza.com\/es\/wp-json\/wp\/v2\/tags?post=291961"}],"curies":[{"name":"wp","href":"https:\/\/api.w.org\/{rel}","templated":true}]}}