{"id":291691,"date":"2016-03-18T23:42:48","date_gmt":"2016-03-18T23:42:48","guid":{"rendered":"http:\/\/www.pressenza.com\/es\/?p=291691"},"modified":"2016-03-18T23:42:48","modified_gmt":"2016-03-18T23:42:48","slug":"correa-alerta-nuevo-plan-condor-sudamerica","status":"publish","type":"post","link":"https:\/\/www.pressenza.com\/es\/2016\/03\/correa-alerta-nuevo-plan-condor-sudamerica\/","title":{"rendered":"Correa alerta sobre un nuevo \u2018Plan C\u00f3ndor\u2019 en Sudam\u00e9rica"},"content":{"rendered":"<p class=\"introtext\" style=\"text-align: justify;\">El presidente de Ecuador,\u00a0Rafael Correa se ha referido a\u00a0la crisis pol\u00edtica en Brasil y\u00a0ha alertado sobre un nuevo\u00a0\u201cPlan C\u00f3ndor\u201d\u00a0que intenta desestabilizar a los gobiernos progresistas de la regi\u00f3n.<\/p>\n<p style=\"text-align: justify;\">\u00ab\u00bfUsted cree que eso es casualidad? Es el nuevo plan C\u00f3ndor contra los gobiernos progresistas (\u2026) Ya no se necesitan dictaduras militares, se necesitan jueces sumisos, se necesita una prensa corrupta que incluso se atreva a publicar conversaciones privadas, lo cual es absolutamente ilegal\u00bb, ha declarado Correa en una entrevista en la televisi\u00f3n oficial.<\/p>\n<p style=\"text-align: justify;\">Se conoce como operaci\u00f3n o plan C\u00f3ndor a la coordinaci\u00f3n de acciones entre las dictaduras de derecha que se registr\u00f3 en varios pa\u00edses de Sudam\u00e9rica (Chile, Argentina, Brasil, Paraguay, Uruguay, Bolivia, Per\u00fa y Ecuador) entre las d\u00e9cadas del setenta y ochenta en el que estuvo involucrado EE.UU.<\/p>\n<section id=\"mainbody\" class=\"col-xs-12 col-md-9\">\n<div id=\"showcase\" class=\"row\">\n<div class=\"col-xs-12\">\n<div id=\"item\" class=\"item\" data-font-size=\"16px\" data-id=\"219196\">\n<div class=\"item-body\">\n<div class=\"row\">\n<div class=\"col-xs-12 col-sm-8\">\n<div class=\"panel-body\">\n<p>Pues estas declaraciones del mandatario ecuatoriano se producen en alusi\u00f3n a la crisis pol\u00edtica que afronta la mandataria brasile\u00f1a, Dilma Roussef, en la que los opositores piden su destituci\u00f3n.<\/p>\n<p>\u00abEs grav\u00edsimo lo que est\u00e1 pasando en Brasil. Querer romper el orden constitucional, sacar un presidente democr\u00e1ticamente electo es grav\u00edsimo, la judicializaci\u00f3n de la pol\u00edtica, si un juez que no tiene legitimidad democr\u00e1tica pueda tumbar a un gobierno, a un potencial candidato presidencial\u00bb, ha a\u00f1adido Correa.<\/p>\n<p>As\u00ed Correa ha sostenido que no es una casualidad lo que sucede con el expresidente brasile\u00f1o y l\u00edder del Partido de los Trabajadores (PT),\u00a0Luiz Inacio Lula da Silva (2003-2011), quien es <a href=\"http:\/\/hispantv.com\/newsdetail\/brasil\/218212\/brasil-lula-da-silva-discalia-prision\" target=\"_blank\">perseguido por la justicia<\/a> acusado supuestamente de actos de corrupci\u00f3n vinculados a la empresa Petrobras.<\/p>\n<p>En esta misma l\u00ednea, el mandatario ecuatoriano ha dicho que lo mismo le han hecho a la expresidenta argentina Cristina Fern\u00e1ndez de Kircher, a los actuales mandatarios de Bolivia, Evo Morales, de Venezuela, Nicol\u00e1s Maduro, y que\u00a0incluso \u00e9l mismo ha sido v\u00edctima de esta campa\u00f1a de desprestigio y ataque.<\/p>\n<p>Finalmente ha asegurado que Lula \u201cvencer\u00e1\u201d y que los pueblos latinoamericanos no permitir\u00e1n un retroceso.<\/p>\n<p>Los diputados brasile\u00f1os han realizado este viernes la primera sesi\u00f3n para que una comisi\u00f3n especial recomiende la apertura o el archivamiento de un <a href=\"http:\/\/hispantv.com\/newsdetail\/brasil\/219166\/diputados-brasilenos-debaten-pedido-juicio-destitucion-rousseff\" target=\"_blank\">pedido de juicio pol\u00edtico de destituci\u00f3n contra Rousseff<\/a>.<\/p>\n<p>La crisis pol\u00edtica brasile\u00f1a se profundiz\u00f3 esta semana, luego de que la presidenta intentara incorporar a su gabinete a Lula da Silva acusado por la Fiscal\u00eda General de Sao Paulo de ocultaci\u00f3n de patrimonio.<\/p>\n<p>El nombramiento de Lula como jefe de gabinete fue bloqueado por un juez federal el jueves, decisi\u00f3n que\u00a0<a href=\"http:\/\/hispantv.com\/newsdetail\/brasil\/219159\/anulan-sentencia-suspendia-investidura-lula\" target=\"_blank\">ha sido anulada<\/a> este viernes por juez C\u00e1ndido\u00a0Ribeiro, del Tribunal Regional Federal de la capitalina ciudad de Brasilia.\n<\/div>\n<\/div>\n<div class=\"col-xs-12 col-sm-4 item-sidebar\">\n<div class=\"item-tools\">\n<div class=\"row shares\">\n<div class=\"col-xs-12\">\n<div class=\"panel share\"><\/div>\n<\/div>\n<\/div>\n<\/div>\n<\/div>\n<\/div>\n<\/div>\n<\/div>\n<\/div>\n<\/div>\n<\/section>\n<p style=\"text-align: justify;\">\n","protected":false},"excerpt":{"rendered":"<p>El presidente de Ecuador,\u00a0Rafael Correa se ha referido a\u00a0la crisis pol\u00edtica en Brasil y\u00a0ha alertado sobre un nuevo\u00a0\u201cPlan C\u00f3ndor\u201d\u00a0que intenta desestabilizar a los gobiernos progresistas de la regi\u00f3n. \u00ab\u00bfUsted cree que eso es casualidad? Es el nuevo plan C\u00f3ndor contra&hellip;<\/p>\n","protected":false},"author":954,"featured_media":291692,"comment_status":"closed","ping_status":"closed","sticky":false,"template":"","format":"standard","meta":{"footnotes":""},"categories":[74,67],"tags":[1417,24680,1126],"class_list":["post-291691","post","type-post","status-publish","format-standard","has-post-thumbnail","hentry","category-politica-es","category-sudamerica","tag-dilma-rousseff-es","tag-luis-ignacio-da-silva","tag-rafael-correa"],"yoast_head":"<!-- This site is optimized with the Yoast SEO plugin v27.1.1 - https:\/\/yoast.com\/product\/yoast-seo-wordpress\/ -->\n<title>Correa alerta sobre un nuevo \u2018Plan C\u00f3ndor\u2019 en Sudam\u00e9rica<\/title>\n<meta name=\"description\" content=\"El presidente de Ecuador,\u00a0Rafael Correa se ha referido a\u00a0la crisis pol\u00edtica en Brasil y\u00a0ha alertado sobre un nuevo\u00a0\u201cPlan C\u00f3ndor\u201d\u00a0que intenta\" \/>\n<meta name=\"robots\" content=\"index, follow, max-snippet:-1, max-image-preview:large, max-video-preview:-1\" \/>\n<link rel=\"canonical\" href=\"https:\/\/www.pressenza.com\/es\/2016\/03\/correa-alerta-nuevo-plan-condor-sudamerica\/\" \/>\n<meta property=\"og:locale\" content=\"es_ES\" \/>\n<meta property=\"og:type\" content=\"article\" \/>\n<meta property=\"og:title\" content=\"Correa alerta sobre un nuevo \u2018Plan C\u00f3ndor\u2019 en Sudam\u00e9rica\" \/>\n<meta property=\"og:description\" content=\"El presidente de Ecuador,\u00a0Rafael Correa se ha referido a\u00a0la crisis pol\u00edtica en Brasil y\u00a0ha alertado sobre un nuevo\u00a0\u201cPlan C\u00f3ndor\u201d\u00a0que intenta\" \/>\n<meta property=\"og:url\" content=\"https:\/\/www.pressenza.com\/es\/2016\/03\/correa-alerta-nuevo-plan-condor-sudamerica\/\" \/>\n<meta property=\"og:site_name\" content=\"Pressenza\" \/>\n<meta property=\"article:publisher\" content=\"https:\/\/www.facebook.com\/PressenzaItalia\" \/>\n<meta property=\"article:author\" content=\"https:\/\/www.facebook.com\/Hispantv\" \/>\n<meta property=\"article:published_time\" content=\"2016-03-18T23:42:48+00:00\" \/>\n<meta property=\"og:image\" content=\"https:\/\/www.pressenza.com\/wp-content\/uploads\/2016\/03\/2238077_xl.jpg\" \/>\n\t<meta property=\"og:image:width\" content=\"880\" \/>\n\t<meta property=\"og:image:height\" content=\"494\" \/>\n\t<meta property=\"og:image:type\" content=\"image\/jpeg\" \/>\n<meta name=\"author\" content=\"HispanTV\" \/>\n<meta name=\"twitter:card\" content=\"summary_large_image\" \/>\n<meta name=\"twitter:creator\" content=\"@Hispantv\" \/>\n<meta name=\"twitter:site\" content=\"@PressenzaIPA\" \/>\n<meta name=\"twitter:label1\" content=\"Escrito por\" \/>\n\t<meta name=\"twitter:data1\" content=\"HispanTV\" \/>\n\t<meta name=\"twitter:label2\" content=\"Tiempo de lectura\" \/>\n\t<meta name=\"twitter:data2\" content=\"2 minutos\" \/>\n<script type=\"application\/ld+json\" class=\"yoast-schema-graph\">{\"@context\":\"https:\/\/schema.org\",\"@graph\":[{\"@type\":\"Article\",\"@id\":\"https:\/\/www.pressenza.com\/es\/2016\/03\/correa-alerta-nuevo-plan-condor-sudamerica\/#article\",\"isPartOf\":{\"@id\":\"https:\/\/www.pressenza.com\/es\/2016\/03\/correa-alerta-nuevo-plan-condor-sudamerica\/\"},\"author\":{\"name\":\"HispanTV\",\"@id\":\"https:\/\/www.pressenza.com\/es\/#\/schema\/person\/2e5ffdf0e238fbba512bcf5c97959187\"},\"headline\":\"Correa alerta sobre un nuevo \u2018Plan C\u00f3ndor\u2019 en Sudam\u00e9rica\",\"datePublished\":\"2016-03-18T23:42:48+00:00\",\"mainEntityOfPage\":{\"@id\":\"https:\/\/www.pressenza.com\/es\/2016\/03\/correa-alerta-nuevo-plan-condor-sudamerica\/\"},\"wordCount\":476,\"publisher\":{\"@id\":\"https:\/\/www.pressenza.com\/es\/#organization\"},\"image\":{\"@id\":\"https:\/\/www.pressenza.com\/es\/2016\/03\/correa-alerta-nuevo-plan-condor-sudamerica\/#primaryimage\"},\"thumbnailUrl\":\"https:\/\/www.pressenza.com\/wp-content\/uploads\/2016\/03\/2238077_xl.jpg\",\"keywords\":[\"Dilma Rousseff\",\"Luis Ignacio Da Silva\",\"Rafael Correa\"],\"articleSection\":[\"Pol\u00edtica\",\"Sudam\u00e9rica\"],\"inLanguage\":\"es\"},{\"@type\":\"WebPage\",\"@id\":\"https:\/\/www.pressenza.com\/es\/2016\/03\/correa-alerta-nuevo-plan-condor-sudamerica\/\",\"url\":\"https:\/\/www.pressenza.com\/es\/2016\/03\/correa-alerta-nuevo-plan-condor-sudamerica\/\",\"name\":\"Correa alerta sobre un nuevo \u2018Plan C\u00f3ndor\u2019 en Sudam\u00e9rica\",\"isPartOf\":{\"@id\":\"https:\/\/www.pressenza.com\/es\/#website\"},\"primaryImageOfPage\":{\"@id\":\"https:\/\/www.pressenza.com\/es\/2016\/03\/correa-alerta-nuevo-plan-condor-sudamerica\/#primaryimage\"},\"image\":{\"@id\":\"https:\/\/www.pressenza.com\/es\/2016\/03\/correa-alerta-nuevo-plan-condor-sudamerica\/#primaryimage\"},\"thumbnailUrl\":\"https:\/\/www.pressenza.com\/wp-content\/uploads\/2016\/03\/2238077_xl.jpg\",\"datePublished\":\"2016-03-18T23:42:48+00:00\",\"description\":\"El presidente de Ecuador,\u00a0Rafael Correa se ha referido a\u00a0la crisis pol\u00edtica en Brasil y\u00a0ha alertado sobre un nuevo\u00a0\u201cPlan C\u00f3ndor\u201d\u00a0que intenta\",\"breadcrumb\":{\"@id\":\"https:\/\/www.pressenza.com\/es\/2016\/03\/correa-alerta-nuevo-plan-condor-sudamerica\/#breadcrumb\"},\"inLanguage\":\"es\",\"potentialAction\":[{\"@type\":\"ReadAction\",\"target\":[\"https:\/\/www.pressenza.com\/es\/2016\/03\/correa-alerta-nuevo-plan-condor-sudamerica\/\"]}]},{\"@type\":\"ImageObject\",\"inLanguage\":\"es\",\"@id\":\"https:\/\/www.pressenza.com\/es\/2016\/03\/correa-alerta-nuevo-plan-condor-sudamerica\/#primaryimage\",\"url\":\"https:\/\/www.pressenza.com\/wp-content\/uploads\/2016\/03\/2238077_xl.jpg\",\"contentUrl\":\"https:\/\/www.pressenza.com\/wp-content\/uploads\/2016\/03\/2238077_xl.jpg\",\"width\":880,\"height\":494},{\"@type\":\"BreadcrumbList\",\"@id\":\"https:\/\/www.pressenza.com\/es\/2016\/03\/correa-alerta-nuevo-plan-condor-sudamerica\/#breadcrumb\",\"itemListElement\":[{\"@type\":\"ListItem\",\"position\":1,\"name\":\"Accueil\",\"item\":\"https:\/\/www.pressenza.com\/es\/\"},{\"@type\":\"ListItem\",\"position\":2,\"name\":\"Correa alerta sobre un nuevo \u2018Plan C\u00f3ndor\u2019 en Sudam\u00e9rica\"}]},{\"@type\":\"WebSite\",\"@id\":\"https:\/\/www.pressenza.com\/es\/#website\",\"url\":\"https:\/\/www.pressenza.com\/es\/\",\"name\":\"Pressenza\",\"description\":\"International Press Agency\",\"publisher\":{\"@id\":\"https:\/\/www.pressenza.com\/es\/#organization\"},\"potentialAction\":[{\"@type\":\"SearchAction\",\"target\":{\"@type\":\"EntryPoint\",\"urlTemplate\":\"https:\/\/www.pressenza.com\/es\/?s={search_term_string}\"},\"query-input\":{\"@type\":\"PropertyValueSpecification\",\"valueRequired\":true,\"valueName\":\"search_term_string\"}}],\"inLanguage\":\"es\"},{\"@type\":\"Organization\",\"@id\":\"https:\/\/www.pressenza.com\/es\/#organization\",\"name\":\"Pressenza\",\"url\":\"https:\/\/www.pressenza.com\/es\/\",\"logo\":{\"@type\":\"ImageObject\",\"inLanguage\":\"es\",\"@id\":\"https:\/\/www.pressenza.com\/es\/#\/schema\/logo\/image\/\",\"url\":\"https:\/\/www.pressenza.com\/wp-content\/uploads\/2022\/10\/pressenza_logo_200x200.jpg\",\"contentUrl\":\"https:\/\/www.pressenza.com\/wp-content\/uploads\/2022\/10\/pressenza_logo_200x200.jpg\",\"width\":200,\"height\":200,\"caption\":\"Pressenza\"},\"image\":{\"@id\":\"https:\/\/www.pressenza.com\/es\/#\/schema\/logo\/image\/\"},\"sameAs\":[\"https:\/\/www.facebook.com\/PressenzaItalia\",\"https:\/\/x.com\/PressenzaIPA\"]},{\"@type\":\"Person\",\"@id\":\"https:\/\/www.pressenza.com\/es\/#\/schema\/person\/2e5ffdf0e238fbba512bcf5c97959187\",\"name\":\"HispanTV\",\"description\":\"Trabajar bajo el f\u00e9rreo compromiso como medio de comunicaci\u00f3n para fomentar el acercamiento entre los pueblos de Ir\u00e1n, el Hispanoamericano y los de Medio Oriente, considerando adem\u00e1s la necesidad de crear una mayor cercan\u00eda entre todos los pueblos de Am\u00e9rica Latina. http:\/\/www.hispantv.com\/\",\"sameAs\":[\"http:\/\/www.hispantv.ir\",\"https:\/\/www.facebook.com\/Hispantv\",\"https:\/\/x.com\/Hispantv\"],\"url\":\"https:\/\/www.pressenza.com\/es\/author\/hispantv\/\"}]}<\/script>\n<!-- \/ Yoast SEO plugin. -->","yoast_head_json":{"title":"Correa alerta sobre un nuevo \u2018Plan C\u00f3ndor\u2019 en Sudam\u00e9rica","description":"El presidente de Ecuador,\u00a0Rafael Correa se ha referido a\u00a0la crisis pol\u00edtica en Brasil y\u00a0ha alertado sobre un nuevo\u00a0\u201cPlan C\u00f3ndor\u201d\u00a0que intenta","robots":{"index":"index","follow":"follow","max-snippet":"max-snippet:-1","max-image-preview":"max-image-preview:large","max-video-preview":"max-video-preview:-1"},"canonical":"https:\/\/www.pressenza.com\/es\/2016\/03\/correa-alerta-nuevo-plan-condor-sudamerica\/","og_locale":"es_ES","og_type":"article","og_title":"Correa alerta sobre un nuevo \u2018Plan C\u00f3ndor\u2019 en Sudam\u00e9rica","og_description":"El presidente de Ecuador,\u00a0Rafael Correa se ha referido a\u00a0la crisis pol\u00edtica en Brasil y\u00a0ha alertado sobre un nuevo\u00a0\u201cPlan C\u00f3ndor\u201d\u00a0que intenta","og_url":"https:\/\/www.pressenza.com\/es\/2016\/03\/correa-alerta-nuevo-plan-condor-sudamerica\/","og_site_name":"Pressenza","article_publisher":"https:\/\/www.facebook.com\/PressenzaItalia","article_author":"https:\/\/www.facebook.com\/Hispantv","article_published_time":"2016-03-18T23:42:48+00:00","og_image":[{"width":880,"height":494,"url":"https:\/\/www.pressenza.com\/wp-content\/uploads\/2016\/03\/2238077_xl.jpg","type":"image\/jpeg"}],"author":"HispanTV","twitter_card":"summary_large_image","twitter_creator":"@Hispantv","twitter_site":"@PressenzaIPA","twitter_misc":{"Escrito por":"HispanTV","Tiempo de lectura":"2 minutos"},"schema":{"@context":"https:\/\/schema.org","@graph":[{"@type":"Article","@id":"https:\/\/www.pressenza.com\/es\/2016\/03\/correa-alerta-nuevo-plan-condor-sudamerica\/#article","isPartOf":{"@id":"https:\/\/www.pressenza.com\/es\/2016\/03\/correa-alerta-nuevo-plan-condor-sudamerica\/"},"author":{"name":"HispanTV","@id":"https:\/\/www.pressenza.com\/es\/#\/schema\/person\/2e5ffdf0e238fbba512bcf5c97959187"},"headline":"Correa alerta sobre un nuevo \u2018Plan C\u00f3ndor\u2019 en Sudam\u00e9rica","datePublished":"2016-03-18T23:42:48+00:00","mainEntityOfPage":{"@id":"https:\/\/www.pressenza.com\/es\/2016\/03\/correa-alerta-nuevo-plan-condor-sudamerica\/"},"wordCount":476,"publisher":{"@id":"https:\/\/www.pressenza.com\/es\/#organization"},"image":{"@id":"https:\/\/www.pressenza.com\/es\/2016\/03\/correa-alerta-nuevo-plan-condor-sudamerica\/#primaryimage"},"thumbnailUrl":"https:\/\/www.pressenza.com\/wp-content\/uploads\/2016\/03\/2238077_xl.jpg","keywords":["Dilma Rousseff","Luis Ignacio Da Silva","Rafael Correa"],"articleSection":["Pol\u00edtica","Sudam\u00e9rica"],"inLanguage":"es"},{"@type":"WebPage","@id":"https:\/\/www.pressenza.com\/es\/2016\/03\/correa-alerta-nuevo-plan-condor-sudamerica\/","url":"https:\/\/www.pressenza.com\/es\/2016\/03\/correa-alerta-nuevo-plan-condor-sudamerica\/","name":"Correa alerta sobre un nuevo \u2018Plan C\u00f3ndor\u2019 en Sudam\u00e9rica","isPartOf":{"@id":"https:\/\/www.pressenza.com\/es\/#website"},"primaryImageOfPage":{"@id":"https:\/\/www.pressenza.com\/es\/2016\/03\/correa-alerta-nuevo-plan-condor-sudamerica\/#primaryimage"},"image":{"@id":"https:\/\/www.pressenza.com\/es\/2016\/03\/correa-alerta-nuevo-plan-condor-sudamerica\/#primaryimage"},"thumbnailUrl":"https:\/\/www.pressenza.com\/wp-content\/uploads\/2016\/03\/2238077_xl.jpg","datePublished":"2016-03-18T23:42:48+00:00","description":"El presidente de Ecuador,\u00a0Rafael Correa se ha referido a\u00a0la crisis pol\u00edtica en Brasil y\u00a0ha alertado sobre un nuevo\u00a0\u201cPlan C\u00f3ndor\u201d\u00a0que intenta","breadcrumb":{"@id":"https:\/\/www.pressenza.com\/es\/2016\/03\/correa-alerta-nuevo-plan-condor-sudamerica\/#breadcrumb"},"inLanguage":"es","potentialAction":[{"@type":"ReadAction","target":["https:\/\/www.pressenza.com\/es\/2016\/03\/correa-alerta-nuevo-plan-condor-sudamerica\/"]}]},{"@type":"ImageObject","inLanguage":"es","@id":"https:\/\/www.pressenza.com\/es\/2016\/03\/correa-alerta-nuevo-plan-condor-sudamerica\/#primaryimage","url":"https:\/\/www.pressenza.com\/wp-content\/uploads\/2016\/03\/2238077_xl.jpg","contentUrl":"https:\/\/www.pressenza.com\/wp-content\/uploads\/2016\/03\/2238077_xl.jpg","width":880,"height":494},{"@type":"BreadcrumbList","@id":"https:\/\/www.pressenza.com\/es\/2016\/03\/correa-alerta-nuevo-plan-condor-sudamerica\/#breadcrumb","itemListElement":[{"@type":"ListItem","position":1,"name":"Accueil","item":"https:\/\/www.pressenza.com\/es\/"},{"@type":"ListItem","position":2,"name":"Correa alerta sobre un nuevo \u2018Plan C\u00f3ndor\u2019 en Sudam\u00e9rica"}]},{"@type":"WebSite","@id":"https:\/\/www.pressenza.com\/es\/#website","url":"https:\/\/www.pressenza.com\/es\/","name":"Pressenza","description":"International Press Agency","publisher":{"@id":"https:\/\/www.pressenza.com\/es\/#organization"},"potentialAction":[{"@type":"SearchAction","target":{"@type":"EntryPoint","urlTemplate":"https:\/\/www.pressenza.com\/es\/?s={search_term_string}"},"query-input":{"@type":"PropertyValueSpecification","valueRequired":true,"valueName":"search_term_string"}}],"inLanguage":"es"},{"@type":"Organization","@id":"https:\/\/www.pressenza.com\/es\/#organization","name":"Pressenza","url":"https:\/\/www.pressenza.com\/es\/","logo":{"@type":"ImageObject","inLanguage":"es","@id":"https:\/\/www.pressenza.com\/es\/#\/schema\/logo\/image\/","url":"https:\/\/www.pressenza.com\/wp-content\/uploads\/2022\/10\/pressenza_logo_200x200.jpg","contentUrl":"https:\/\/www.pressenza.com\/wp-content\/uploads\/2022\/10\/pressenza_logo_200x200.jpg","width":200,"height":200,"caption":"Pressenza"},"image":{"@id":"https:\/\/www.pressenza.com\/es\/#\/schema\/logo\/image\/"},"sameAs":["https:\/\/www.facebook.com\/PressenzaItalia","https:\/\/x.com\/PressenzaIPA"]},{"@type":"Person","@id":"https:\/\/www.pressenza.com\/es\/#\/schema\/person\/2e5ffdf0e238fbba512bcf5c97959187","name":"HispanTV","description":"Trabajar bajo el f\u00e9rreo compromiso como medio de comunicaci\u00f3n para fomentar el acercamiento entre los pueblos de Ir\u00e1n, el Hispanoamericano y los de Medio Oriente, considerando adem\u00e1s la necesidad de crear una mayor cercan\u00eda entre todos los pueblos de Am\u00e9rica Latina. http:\/\/www.hispantv.com\/","sameAs":["http:\/\/www.hispantv.ir","https:\/\/www.facebook.com\/Hispantv","https:\/\/x.com\/Hispantv"],"url":"https:\/\/www.pressenza.com\/es\/author\/hispantv\/"}]}},"place":"Quito, Ecuador","original_article_url":"http:\/\/www.hispantv.ir\/newsdetail\/ecuador\/219196\/correa-alerta-plan-condor-sudamerica","_links":{"self":[{"href":"https:\/\/www.pressenza.com\/es\/wp-json\/wp\/v2\/posts\/291691","targetHints":{"allow":["GET"]}}],"collection":[{"href":"https:\/\/www.pressenza.com\/es\/wp-json\/wp\/v2\/posts"}],"about":[{"href":"https:\/\/www.pressenza.com\/es\/wp-json\/wp\/v2\/types\/post"}],"author":[{"embeddable":true,"href":"https:\/\/www.pressenza.com\/es\/wp-json\/wp\/v2\/users\/954"}],"replies":[{"embeddable":true,"href":"https:\/\/www.pressenza.com\/es\/wp-json\/wp\/v2\/comments?post=291691"}],"version-history":[{"count":0,"href":"https:\/\/www.pressenza.com\/es\/wp-json\/wp\/v2\/posts\/291691\/revisions"}],"wp:featuredmedia":[{"embeddable":true,"href":"https:\/\/www.pressenza.com\/es\/wp-json\/wp\/v2\/media\/291692"}],"wp:attachment":[{"href":"https:\/\/www.pressenza.com\/es\/wp-json\/wp\/v2\/media?parent=291691"}],"wp:term":[{"taxonomy":"category","embeddable":true,"href":"https:\/\/www.pressenza.com\/es\/wp-json\/wp\/v2\/categories?post=291691"},{"taxonomy":"post_tag","embeddable":true,"href":"https:\/\/www.pressenza.com\/es\/wp-json\/wp\/v2\/tags?post=291691"}],"curies":[{"name":"wp","href":"https:\/\/api.w.org\/{rel}","templated":true}]}}