{"id":291663,"date":"2016-03-18T22:53:30","date_gmt":"2016-03-18T22:53:30","guid":{"rendered":"http:\/\/www.pressenza.com\/es\/?p=291663"},"modified":"2016-03-18T22:53:30","modified_gmt":"2016-03-18T22:53:30","slug":"desclasificacion-triunfo-de-los-organismos-de-derechos-humanos-argentinos","status":"publish","type":"post","link":"https:\/\/www.pressenza.com\/es\/2016\/03\/desclasificacion-triunfo-de-los-organismos-de-derechos-humanos-argentinos\/","title":{"rendered":"La desclasificaci\u00f3n, un triunfo de los organismos de derechos humanos argentinos"},"content":{"rendered":"<p><strong>Comunicado de Abuelas de Plaza de Mayo<\/strong><\/p>\n<p><em>Celebramos que Barack Obama, haya comunicado la decisi\u00f3n de desclasificar los archivos que desde hace d\u00e9cadas venimos solicitando y gestionando a trav\u00e9s de los distintos gobiernos argentinos.<\/em><\/p>\n<p>Las Abuelas de Plaza de Mayo celebramos que el presidente de Estados Unidos de Am\u00e9rica, Barack Obama, a trav\u00e9s de la consejera para la Seguridad Nacional de la Casa Blanca, Susan Rice, haya comunicado la decisi\u00f3n de desclasificar los archivos que desde hace d\u00e9cadas venimos solicitando y gestionando a trav\u00e9s de los distintos gobiernos argentinos.<\/p>\n<p>Es un gesto de gran humanidad que en v\u00edsperas de su visita a nuestro pa\u00eds en el marco de los 40 a\u00f1os del \u00faltimo golpe de Estado c\u00edvico militar \u2013en el que el Estado norteamericano estuvo tan implicado- el gobierno estadounidense manifieste la voluntad de dar respuesta a los familiares y v\u00edctimas de los cr\u00edmenes cometidos en aquella dictadura implantada entre 1976 y 1983.<\/p>\n<p>De esta forma, el presidente Obama profundiza la primera desclasificaci\u00f3n realizada durante el gobierno de Bill Clinton -que brind\u00f3 importantes pruebas para los juicios de lesa humanidad que se desarrollan en todo el pa\u00eds-; y recupera la mejor tradici\u00f3n de solidaridad con nuestro pueblo inaugurada por el ex presidente Jimmy Carter.<\/p>\n<p>En este sentido, anhelamos que la desclasificaci\u00f3n de estos documentos permita echar luz sobre el destino de nuestros detenidos desaparecidos y que contribuya a avanzar en el proceso de justicia iniciado en nuestro pa\u00eds, a partir de la anulaci\u00f3n de las leyes de Obediencia Debida y Punto Final. Cuarenta a\u00f1os han pasado desde que se cometieron estos terribles cr\u00edmenes, por eso resulta crucial que el proceso de desclasificaci\u00f3n se realice con celeridad.<\/p>\n<p>Esperamos que este gesto hist\u00f3rico del gobierno de Barack Obama se condiga con el resto de sus gestiones en esta importante visita; para que Nunca M\u00e1s haya terrorismo de Estado en nuestro pa\u00eds, pero tampoco un gobierno extranjero dictando recetas que priven a nuestro pueblo de vivir con dignidad y con sus derechos econ\u00f3micos sociales y culturales garantizados.<\/p>\n","protected":false},"excerpt":{"rendered":"<p>Comunicado de Abuelas de Plaza de Mayo Celebramos que Barack Obama, haya comunicado la decisi\u00f3n de desclasificar los archivos que desde hace d\u00e9cadas venimos solicitando y gestionando a trav\u00e9s de los distintos gobiernos argentinos. Las Abuelas de Plaza de Mayo&hellip;<\/p>\n","protected":false},"author":87,"featured_media":291665,"comment_status":"closed","ping_status":"closed","sticky":false,"template":"","format":"standard","meta":{"footnotes":""},"categories":[149,79,1242,67],"tags":[1028,26,694,25096,6767,25097],"class_list":["post-291663","post","type-post","status-publish","format-standard","has-post-thumbnail","hentry","category-comunicados-de-prensa","category-derechos-humanos","category-noviolencia-tema","category-sudamerica","tag-abuelas-de-plaza-de-mayo","tag-argentina","tag-barack-obama-es","tag-desclasificacion","tag-plan-condor","tag-violacion-de-derechos-humanos"],"yoast_head":"<!-- This site is optimized with the Yoast SEO plugin v27.1.1 - https:\/\/yoast.com\/product\/yoast-seo-wordpress\/ -->\n<title>La desclasificaci\u00f3n, un triunfo de los organismos de derechos humanos argentinos<\/title>\n<meta name=\"description\" content=\"Comunicado de Abuelas de Plaza de Mayo Celebramos que Barack Obama, haya comunicado la decisi\u00f3n de desclasificar los archivos que desde hace d\u00e9cadas\" \/>\n<meta name=\"robots\" content=\"index, follow, max-snippet:-1, max-image-preview:large, max-video-preview:-1\" \/>\n<link rel=\"canonical\" href=\"https:\/\/www.pressenza.com\/es\/2016\/03\/desclasificacion-triunfo-de-los-organismos-de-derechos-humanos-argentinos\/\" \/>\n<meta property=\"og:locale\" content=\"es_ES\" \/>\n<meta property=\"og:type\" content=\"article\" \/>\n<meta property=\"og:title\" content=\"La desclasificaci\u00f3n, un triunfo de los organismos de derechos humanos argentinos\" \/>\n<meta property=\"og:description\" content=\"Comunicado de Abuelas de Plaza de Mayo Celebramos que Barack Obama, haya comunicado la decisi\u00f3n de desclasificar los archivos que desde hace d\u00e9cadas\" \/>\n<meta property=\"og:url\" content=\"https:\/\/www.pressenza.com\/es\/2016\/03\/desclasificacion-triunfo-de-los-organismos-de-derechos-humanos-argentinos\/\" \/>\n<meta property=\"og:site_name\" content=\"Pressenza\" \/>\n<meta property=\"article:publisher\" content=\"https:\/\/www.facebook.com\/PressenzaItalia\" \/>\n<meta property=\"article:published_time\" content=\"2016-03-18T22:53:30+00:00\" \/>\n<meta property=\"og:image\" content=\"https:\/\/www.pressenza.com\/wp-content\/uploads\/2016\/03\/conferencia-de-prensa_ezequiel-papania_11.jpg\" \/>\n\t<meta property=\"og:image:width\" content=\"861\" \/>\n\t<meta property=\"og:image:height\" content=\"645\" \/>\n\t<meta property=\"og:image:type\" content=\"image\/jpeg\" \/>\n<meta name=\"author\" content=\"Redacci\u00f3n Argentina\" \/>\n<meta name=\"twitter:card\" content=\"summary_large_image\" \/>\n<meta name=\"twitter:creator\" content=\"@pressenza\" \/>\n<meta name=\"twitter:site\" content=\"@PressenzaIPA\" \/>\n<meta name=\"twitter:label1\" content=\"Escrito por\" \/>\n\t<meta name=\"twitter:data1\" content=\"Redacci\u00f3n Argentina\" \/>\n\t<meta name=\"twitter:label2\" content=\"Tiempo de lectura\" \/>\n\t<meta name=\"twitter:data2\" content=\"2 minutos\" \/>\n<script type=\"application\/ld+json\" class=\"yoast-schema-graph\">{\"@context\":\"https:\/\/schema.org\",\"@graph\":[{\"@type\":\"Article\",\"@id\":\"https:\/\/www.pressenza.com\/es\/2016\/03\/desclasificacion-triunfo-de-los-organismos-de-derechos-humanos-argentinos\/#article\",\"isPartOf\":{\"@id\":\"https:\/\/www.pressenza.com\/es\/2016\/03\/desclasificacion-triunfo-de-los-organismos-de-derechos-humanos-argentinos\/\"},\"author\":{\"name\":\"Redacci\u00f3n Argentina\",\"@id\":\"https:\/\/www.pressenza.com\/es\/#\/schema\/person\/0dda7d1b68267ad95b1e1d83abc98c89\"},\"headline\":\"La desclasificaci\u00f3n, un triunfo de los organismos de derechos humanos argentinos\",\"datePublished\":\"2016-03-18T22:53:30+00:00\",\"mainEntityOfPage\":{\"@id\":\"https:\/\/www.pressenza.com\/es\/2016\/03\/desclasificacion-triunfo-de-los-organismos-de-derechos-humanos-argentinos\/\"},\"wordCount\":370,\"publisher\":{\"@id\":\"https:\/\/www.pressenza.com\/es\/#organization\"},\"image\":{\"@id\":\"https:\/\/www.pressenza.com\/es\/2016\/03\/desclasificacion-triunfo-de-los-organismos-de-derechos-humanos-argentinos\/#primaryimage\"},\"thumbnailUrl\":\"https:\/\/www.pressenza.com\/wp-content\/uploads\/2016\/03\/conferencia-de-prensa_ezequiel-papania_11.jpg\",\"keywords\":[\"Abuelas de Plaza de Mayo\",\"Argentina\",\"Barack Obama\",\"desclasificaci\u00f3n\",\"Plan C\u00f3ndor\",\"violaci\u00f3n de derechos humanos\"],\"articleSection\":[\"Comunicados de Prensa\",\"Derechos Humanos\",\"Noviolencia\",\"Sudam\u00e9rica\"],\"inLanguage\":\"es\"},{\"@type\":\"WebPage\",\"@id\":\"https:\/\/www.pressenza.com\/es\/2016\/03\/desclasificacion-triunfo-de-los-organismos-de-derechos-humanos-argentinos\/\",\"url\":\"https:\/\/www.pressenza.com\/es\/2016\/03\/desclasificacion-triunfo-de-los-organismos-de-derechos-humanos-argentinos\/\",\"name\":\"La desclasificaci\u00f3n, un triunfo de los organismos de derechos humanos argentinos\",\"isPartOf\":{\"@id\":\"https:\/\/www.pressenza.com\/es\/#website\"},\"primaryImageOfPage\":{\"@id\":\"https:\/\/www.pressenza.com\/es\/2016\/03\/desclasificacion-triunfo-de-los-organismos-de-derechos-humanos-argentinos\/#primaryimage\"},\"image\":{\"@id\":\"https:\/\/www.pressenza.com\/es\/2016\/03\/desclasificacion-triunfo-de-los-organismos-de-derechos-humanos-argentinos\/#primaryimage\"},\"thumbnailUrl\":\"https:\/\/www.pressenza.com\/wp-content\/uploads\/2016\/03\/conferencia-de-prensa_ezequiel-papania_11.jpg\",\"datePublished\":\"2016-03-18T22:53:30+00:00\",\"description\":\"Comunicado de Abuelas de Plaza de Mayo Celebramos que Barack Obama, haya comunicado la decisi\u00f3n de desclasificar los archivos que desde hace d\u00e9cadas\",\"breadcrumb\":{\"@id\":\"https:\/\/www.pressenza.com\/es\/2016\/03\/desclasificacion-triunfo-de-los-organismos-de-derechos-humanos-argentinos\/#breadcrumb\"},\"inLanguage\":\"es\",\"potentialAction\":[{\"@type\":\"ReadAction\",\"target\":[\"https:\/\/www.pressenza.com\/es\/2016\/03\/desclasificacion-triunfo-de-los-organismos-de-derechos-humanos-argentinos\/\"]}]},{\"@type\":\"ImageObject\",\"inLanguage\":\"es\",\"@id\":\"https:\/\/www.pressenza.com\/es\/2016\/03\/desclasificacion-triunfo-de-los-organismos-de-derechos-humanos-argentinos\/#primaryimage\",\"url\":\"https:\/\/www.pressenza.com\/wp-content\/uploads\/2016\/03\/conferencia-de-prensa_ezequiel-papania_11.jpg\",\"contentUrl\":\"https:\/\/www.pressenza.com\/wp-content\/uploads\/2016\/03\/conferencia-de-prensa_ezequiel-papania_11.jpg\",\"width\":861,\"height\":645},{\"@type\":\"BreadcrumbList\",\"@id\":\"https:\/\/www.pressenza.com\/es\/2016\/03\/desclasificacion-triunfo-de-los-organismos-de-derechos-humanos-argentinos\/#breadcrumb\",\"itemListElement\":[{\"@type\":\"ListItem\",\"position\":1,\"name\":\"Accueil\",\"item\":\"https:\/\/www.pressenza.com\/es\/\"},{\"@type\":\"ListItem\",\"position\":2,\"name\":\"La desclasificaci\u00f3n, un triunfo de los organismos de derechos humanos argentinos\"}]},{\"@type\":\"WebSite\",\"@id\":\"https:\/\/www.pressenza.com\/es\/#website\",\"url\":\"https:\/\/www.pressenza.com\/es\/\",\"name\":\"Pressenza\",\"description\":\"International Press Agency\",\"publisher\":{\"@id\":\"https:\/\/www.pressenza.com\/es\/#organization\"},\"potentialAction\":[{\"@type\":\"SearchAction\",\"target\":{\"@type\":\"EntryPoint\",\"urlTemplate\":\"https:\/\/www.pressenza.com\/es\/?s={search_term_string}\"},\"query-input\":{\"@type\":\"PropertyValueSpecification\",\"valueRequired\":true,\"valueName\":\"search_term_string\"}}],\"inLanguage\":\"es\"},{\"@type\":\"Organization\",\"@id\":\"https:\/\/www.pressenza.com\/es\/#organization\",\"name\":\"Pressenza\",\"url\":\"https:\/\/www.pressenza.com\/es\/\",\"logo\":{\"@type\":\"ImageObject\",\"inLanguage\":\"es\",\"@id\":\"https:\/\/www.pressenza.com\/es\/#\/schema\/logo\/image\/\",\"url\":\"https:\/\/www.pressenza.com\/wp-content\/uploads\/2022\/10\/pressenza_logo_200x200.jpg\",\"contentUrl\":\"https:\/\/www.pressenza.com\/wp-content\/uploads\/2022\/10\/pressenza_logo_200x200.jpg\",\"width\":200,\"height\":200,\"caption\":\"Pressenza\"},\"image\":{\"@id\":\"https:\/\/www.pressenza.com\/es\/#\/schema\/logo\/image\/\"},\"sameAs\":[\"https:\/\/www.facebook.com\/PressenzaItalia\",\"https:\/\/x.com\/PressenzaIPA\"]},{\"@type\":\"Person\",\"@id\":\"https:\/\/www.pressenza.com\/es\/#\/schema\/person\/0dda7d1b68267ad95b1e1d83abc98c89\",\"name\":\"Redacci\u00f3n Argentina\",\"description\":\"News from the Pressenza Bureau in Argentina.\",\"sameAs\":[\"https:\/\/x.com\/pressenza\"],\"url\":\"https:\/\/www.pressenza.com\/es\/author\/redaccion-argentina\/\"}]}<\/script>\n<!-- \/ Yoast SEO plugin. -->","yoast_head_json":{"title":"La desclasificaci\u00f3n, un triunfo de los organismos de derechos humanos argentinos","description":"Comunicado de Abuelas de Plaza de Mayo Celebramos que Barack Obama, haya comunicado la decisi\u00f3n de desclasificar los archivos que desde hace d\u00e9cadas","robots":{"index":"index","follow":"follow","max-snippet":"max-snippet:-1","max-image-preview":"max-image-preview:large","max-video-preview":"max-video-preview:-1"},"canonical":"https:\/\/www.pressenza.com\/es\/2016\/03\/desclasificacion-triunfo-de-los-organismos-de-derechos-humanos-argentinos\/","og_locale":"es_ES","og_type":"article","og_title":"La desclasificaci\u00f3n, un triunfo de los organismos de derechos humanos argentinos","og_description":"Comunicado de Abuelas de Plaza de Mayo Celebramos que Barack Obama, haya comunicado la decisi\u00f3n de desclasificar los archivos que desde hace d\u00e9cadas","og_url":"https:\/\/www.pressenza.com\/es\/2016\/03\/desclasificacion-triunfo-de-los-organismos-de-derechos-humanos-argentinos\/","og_site_name":"Pressenza","article_publisher":"https:\/\/www.facebook.com\/PressenzaItalia","article_published_time":"2016-03-18T22:53:30+00:00","og_image":[{"width":861,"height":645,"url":"https:\/\/www.pressenza.com\/wp-content\/uploads\/2016\/03\/conferencia-de-prensa_ezequiel-papania_11.jpg","type":"image\/jpeg"}],"author":"Redacci\u00f3n Argentina","twitter_card":"summary_large_image","twitter_creator":"@pressenza","twitter_site":"@PressenzaIPA","twitter_misc":{"Escrito por":"Redacci\u00f3n Argentina","Tiempo de lectura":"2 minutos"},"schema":{"@context":"https:\/\/schema.org","@graph":[{"@type":"Article","@id":"https:\/\/www.pressenza.com\/es\/2016\/03\/desclasificacion-triunfo-de-los-organismos-de-derechos-humanos-argentinos\/#article","isPartOf":{"@id":"https:\/\/www.pressenza.com\/es\/2016\/03\/desclasificacion-triunfo-de-los-organismos-de-derechos-humanos-argentinos\/"},"author":{"name":"Redacci\u00f3n Argentina","@id":"https:\/\/www.pressenza.com\/es\/#\/schema\/person\/0dda7d1b68267ad95b1e1d83abc98c89"},"headline":"La desclasificaci\u00f3n, un triunfo de los organismos de derechos humanos argentinos","datePublished":"2016-03-18T22:53:30+00:00","mainEntityOfPage":{"@id":"https:\/\/www.pressenza.com\/es\/2016\/03\/desclasificacion-triunfo-de-los-organismos-de-derechos-humanos-argentinos\/"},"wordCount":370,"publisher":{"@id":"https:\/\/www.pressenza.com\/es\/#organization"},"image":{"@id":"https:\/\/www.pressenza.com\/es\/2016\/03\/desclasificacion-triunfo-de-los-organismos-de-derechos-humanos-argentinos\/#primaryimage"},"thumbnailUrl":"https:\/\/www.pressenza.com\/wp-content\/uploads\/2016\/03\/conferencia-de-prensa_ezequiel-papania_11.jpg","keywords":["Abuelas de Plaza de Mayo","Argentina","Barack Obama","desclasificaci\u00f3n","Plan C\u00f3ndor","violaci\u00f3n de derechos humanos"],"articleSection":["Comunicados de Prensa","Derechos Humanos","Noviolencia","Sudam\u00e9rica"],"inLanguage":"es"},{"@type":"WebPage","@id":"https:\/\/www.pressenza.com\/es\/2016\/03\/desclasificacion-triunfo-de-los-organismos-de-derechos-humanos-argentinos\/","url":"https:\/\/www.pressenza.com\/es\/2016\/03\/desclasificacion-triunfo-de-los-organismos-de-derechos-humanos-argentinos\/","name":"La desclasificaci\u00f3n, un triunfo de los organismos de derechos humanos argentinos","isPartOf":{"@id":"https:\/\/www.pressenza.com\/es\/#website"},"primaryImageOfPage":{"@id":"https:\/\/www.pressenza.com\/es\/2016\/03\/desclasificacion-triunfo-de-los-organismos-de-derechos-humanos-argentinos\/#primaryimage"},"image":{"@id":"https:\/\/www.pressenza.com\/es\/2016\/03\/desclasificacion-triunfo-de-los-organismos-de-derechos-humanos-argentinos\/#primaryimage"},"thumbnailUrl":"https:\/\/www.pressenza.com\/wp-content\/uploads\/2016\/03\/conferencia-de-prensa_ezequiel-papania_11.jpg","datePublished":"2016-03-18T22:53:30+00:00","description":"Comunicado de Abuelas de Plaza de Mayo Celebramos que Barack Obama, haya comunicado la decisi\u00f3n de desclasificar los archivos que desde hace d\u00e9cadas","breadcrumb":{"@id":"https:\/\/www.pressenza.com\/es\/2016\/03\/desclasificacion-triunfo-de-los-organismos-de-derechos-humanos-argentinos\/#breadcrumb"},"inLanguage":"es","potentialAction":[{"@type":"ReadAction","target":["https:\/\/www.pressenza.com\/es\/2016\/03\/desclasificacion-triunfo-de-los-organismos-de-derechos-humanos-argentinos\/"]}]},{"@type":"ImageObject","inLanguage":"es","@id":"https:\/\/www.pressenza.com\/es\/2016\/03\/desclasificacion-triunfo-de-los-organismos-de-derechos-humanos-argentinos\/#primaryimage","url":"https:\/\/www.pressenza.com\/wp-content\/uploads\/2016\/03\/conferencia-de-prensa_ezequiel-papania_11.jpg","contentUrl":"https:\/\/www.pressenza.com\/wp-content\/uploads\/2016\/03\/conferencia-de-prensa_ezequiel-papania_11.jpg","width":861,"height":645},{"@type":"BreadcrumbList","@id":"https:\/\/www.pressenza.com\/es\/2016\/03\/desclasificacion-triunfo-de-los-organismos-de-derechos-humanos-argentinos\/#breadcrumb","itemListElement":[{"@type":"ListItem","position":1,"name":"Accueil","item":"https:\/\/www.pressenza.com\/es\/"},{"@type":"ListItem","position":2,"name":"La desclasificaci\u00f3n, un triunfo de los organismos de derechos humanos argentinos"}]},{"@type":"WebSite","@id":"https:\/\/www.pressenza.com\/es\/#website","url":"https:\/\/www.pressenza.com\/es\/","name":"Pressenza","description":"International Press Agency","publisher":{"@id":"https:\/\/www.pressenza.com\/es\/#organization"},"potentialAction":[{"@type":"SearchAction","target":{"@type":"EntryPoint","urlTemplate":"https:\/\/www.pressenza.com\/es\/?s={search_term_string}"},"query-input":{"@type":"PropertyValueSpecification","valueRequired":true,"valueName":"search_term_string"}}],"inLanguage":"es"},{"@type":"Organization","@id":"https:\/\/www.pressenza.com\/es\/#organization","name":"Pressenza","url":"https:\/\/www.pressenza.com\/es\/","logo":{"@type":"ImageObject","inLanguage":"es","@id":"https:\/\/www.pressenza.com\/es\/#\/schema\/logo\/image\/","url":"https:\/\/www.pressenza.com\/wp-content\/uploads\/2022\/10\/pressenza_logo_200x200.jpg","contentUrl":"https:\/\/www.pressenza.com\/wp-content\/uploads\/2022\/10\/pressenza_logo_200x200.jpg","width":200,"height":200,"caption":"Pressenza"},"image":{"@id":"https:\/\/www.pressenza.com\/es\/#\/schema\/logo\/image\/"},"sameAs":["https:\/\/www.facebook.com\/PressenzaItalia","https:\/\/x.com\/PressenzaIPA"]},{"@type":"Person","@id":"https:\/\/www.pressenza.com\/es\/#\/schema\/person\/0dda7d1b68267ad95b1e1d83abc98c89","name":"Redacci\u00f3n Argentina","description":"News from the Pressenza Bureau in Argentina.","sameAs":["https:\/\/x.com\/pressenza"],"url":"https:\/\/www.pressenza.com\/es\/author\/redaccion-argentina\/"}]}},"place":"Ciudad de Buenos Aires","original_article_url":"https:\/\/abuelas.org.ar\/noticia\/la-desclasificacion-un-triunfo-de-los-organismos-de-derechos-humanos-363","_links":{"self":[{"href":"https:\/\/www.pressenza.com\/es\/wp-json\/wp\/v2\/posts\/291663","targetHints":{"allow":["GET"]}}],"collection":[{"href":"https:\/\/www.pressenza.com\/es\/wp-json\/wp\/v2\/posts"}],"about":[{"href":"https:\/\/www.pressenza.com\/es\/wp-json\/wp\/v2\/types\/post"}],"author":[{"embeddable":true,"href":"https:\/\/www.pressenza.com\/es\/wp-json\/wp\/v2\/users\/87"}],"replies":[{"embeddable":true,"href":"https:\/\/www.pressenza.com\/es\/wp-json\/wp\/v2\/comments?post=291663"}],"version-history":[{"count":0,"href":"https:\/\/www.pressenza.com\/es\/wp-json\/wp\/v2\/posts\/291663\/revisions"}],"wp:featuredmedia":[{"embeddable":true,"href":"https:\/\/www.pressenza.com\/es\/wp-json\/wp\/v2\/media\/291665"}],"wp:attachment":[{"href":"https:\/\/www.pressenza.com\/es\/wp-json\/wp\/v2\/media?parent=291663"}],"wp:term":[{"taxonomy":"category","embeddable":true,"href":"https:\/\/www.pressenza.com\/es\/wp-json\/wp\/v2\/categories?post=291663"},{"taxonomy":"post_tag","embeddable":true,"href":"https:\/\/www.pressenza.com\/es\/wp-json\/wp\/v2\/tags?post=291663"}],"curies":[{"name":"wp","href":"https:\/\/api.w.org\/{rel}","templated":true}]}}