{"id":291640,"date":"2016-03-18T22:37:00","date_gmt":"2016-03-18T22:37:00","guid":{"rendered":"http:\/\/www.pressenza.com\/es\/?p=291640"},"modified":"2016-03-18T22:37:00","modified_gmt":"2016-03-18T22:37:00","slug":"el-paro-colombia-reflejo-de-inconformidad","status":"publish","type":"post","link":"https:\/\/www.pressenza.com\/es\/2016\/03\/el-paro-colombia-reflejo-de-inconformidad\/","title":{"rendered":"El paro en Colombia: reflejo de inconformidad"},"content":{"rendered":"<p><em>Colombia pide un renacer social, pide que no solo los bancos y las multinacionales reporten fuertes ganancias, se requiere que el consumo interno aumente a ra\u00edz de un buen poder adquisitivo de la poblaci\u00f3n.<\/em><\/p>\n<p><em>La ciudadan\u00eda estuvo en movimiento por sus derechos y por la soberan\u00eda.<\/em><\/p>\n<p><em><strong>Por Claudia Yurley Quintero para FIPU PRESS<\/strong><\/em><\/p>\n<p>Se escuchaban arengas: \u201cno a la privatizaci\u00f3n\u201d, \u201cfortalezcamos lo p\u00fablico\u201d \u201cfuera multinacionales\u201d, \u201cs\u00ed al campo\u201d, \u201cpaz con garant\u00edas\u201d; eran tantas las reivindicaciones que daba la impresi\u00f3n que en Colombia se vive una enorme inconformidad, que el Gobierno no llena las expectativas de crecimiento para el pueblo y que el tema de la paz se come en la opini\u00f3n p\u00fablica; temas importantes que el 17 de marzo el pueblo colombiano expres\u00f3 en las calles.<\/p>\n<p>Muchas mujeres, hombres, j\u00f3venes y ancianos, como un ramillete de luchadores que sal\u00edan con fuerza, pero con respeto a exigirle al Gobierno que deje de pensar en los grandes capitales y se fije en el obrero, en el reciclador, en el estudiante, en el colombiano y la colombiana de a pie.<\/p>\n<p>La construcci\u00f3n de paz debe ir acompa\u00f1ada de los compromisos pactados con la poblaci\u00f3n, as\u00ed como con el mejoramiento de la calidad de vida. El Gobierno no se ha preocupado por proporcionar al colombiano un salario digno, los contratos de prestaci\u00f3n de servicios son el pan diario, dejando a muchas familias sin seguridad social y sin garant\u00edas prestacionales. La tercerizaci\u00f3n laboral y la informalidad ya son regla general para la empleabilidad. Colombia pide un renacer social, pide que no solo los bancos y las multinacionales reporten fuertes ganancias, se requiere que el consumo interno aumente a ra\u00edz de un buen poder adquisitivo de la poblaci\u00f3n.<\/p>\n<p>El Gobierno no tuvo m\u00e1s que reconocer la importancia de la movilizaci\u00f3n y el ministro del Interior, Juan Fernando Cristo, en twitter destac\u00f3 \u201cla forma pac\u00edfica y tranquila como se han desarrollado las marchas\u00bb. De igual modo en otros trinos afirm\u00f3 que \u201cEl gobierno agradece y valora la actitud de las organizaciones sociales en estas movilizaciones\u201d, y que adem\u00e1s \u201cSe respet\u00f3 el ejercicio a la protesta, fue leg\u00edtimo y ahora lo que viene es mantener el di\u00e1logo con organizaciones\u201d.<\/p>\n<p>Las organizaciones que participaron en el paro del 17 de marzo, seg\u00fan el portal Las dos orillas, fueron: CUT, CGT, CTC, CDP, CPC, Dignidad Agropecuaria, la C\u00e1mara Nacional del Transporte, Comosopol, Mesa Nacional de Salud, ONIC, Movice, Movimiento Comunal, el Movimiento Coordinador Nacional Agrario, la ACC, ATC, ANT, CCT, los taxis, Congreso de los pueblos, MAIS, Polo Democr\u00e1tico Alternativo, Partido del Trabajo Colombia, Partido Comunista Colombiano, Poder y Unidad Popular, Uni\u00f3n Patri\u00f3tica, Marcha Patri\u00f3tica, Organizaci\u00f3n Colombiana de Estudiantes, Juventud Comunista, Asociaci\u00f3n Nacional de Estudiantes de Secundaria, Asociaci\u00f3n Colombiana de Estudiantes Universitarios (ACEU), Federaci\u00f3n de Estudiantes Universitarios (FEU), Modep, Alianza ASI, Cumbre Agraria, Movimiento por la Constituyente Popular, Constituyentes por la Paz con Justicia Social, Asonalcamp, Comosoc, PCN-AFRO, Anzorc.<\/p>\n<p>Este paro s\u00ed existe; s\u00ed seguir\u00e1 existiendo mientras la ciudadan\u00eda est\u00e9 unida y organizada \u00a1por sus derechos, por el agua, por la salud y por la vida!<\/p>\n","protected":false},"excerpt":{"rendered":"<p>Colombia pide un renacer social, pide que no solo los bancos y las multinacionales reporten fuertes ganancias, se requiere que el consumo interno aumente a ra\u00edz de un buen poder adquisitivo de la poblaci\u00f3n. La ciudadan\u00eda estuvo en movimiento por&hellip;<\/p>\n","protected":false},"author":1053,"featured_media":291641,"comment_status":"closed","ping_status":"closed","sticky":false,"template":"","format":"standard","meta":{"footnotes":""},"categories":[79,74,67],"tags":[30,18038,586,4993,24371,5909],"class_list":["post-291640","post","type-post","status-publish","format-standard","has-post-thumbnail","hentry","category-derechos-humanos","category-politica-es","category-sudamerica","tag-colombia","tag-derechos-sociales","tag-huelga","tag-paro","tag-paro-nacional","tag-trabajadores"],"yoast_head":"<!-- This site is optimized with the Yoast SEO plugin v27.1.1 - https:\/\/yoast.com\/product\/yoast-seo-wordpress\/ -->\n<title>El paro en Colombia: reflejo de inconformidad<\/title>\n<meta name=\"description\" content=\"Colombia pide un renacer social, pide que no solo los bancos y las multinacionales reporten fuertes ganancias, se requiere que el consumo interno aumente\" \/>\n<meta name=\"robots\" content=\"index, follow, max-snippet:-1, max-image-preview:large, max-video-preview:-1\" \/>\n<link rel=\"canonical\" href=\"https:\/\/www.pressenza.com\/es\/2016\/03\/el-paro-colombia-reflejo-de-inconformidad\/\" \/>\n<meta property=\"og:locale\" content=\"es_ES\" \/>\n<meta property=\"og:type\" content=\"article\" \/>\n<meta property=\"og:title\" content=\"El paro en Colombia: reflejo de inconformidad\" \/>\n<meta property=\"og:description\" content=\"Colombia pide un renacer social, pide que no solo los bancos y las multinacionales reporten fuertes ganancias, se requiere que el consumo interno aumente\" \/>\n<meta property=\"og:url\" content=\"https:\/\/www.pressenza.com\/es\/2016\/03\/el-paro-colombia-reflejo-de-inconformidad\/\" \/>\n<meta property=\"og:site_name\" content=\"Pressenza\" \/>\n<meta property=\"article:publisher\" content=\"https:\/\/www.facebook.com\/PressenzaItalia\" \/>\n<meta property=\"article:published_time\" content=\"2016-03-18T22:37:00+00:00\" \/>\n<meta property=\"og:image\" content=\"https:\/\/www.pressenza.com\/wp-content\/uploads\/2016\/03\/Paro-Nacional-Claudia.jpg\" \/>\n\t<meta property=\"og:image:width\" content=\"800\" \/>\n\t<meta property=\"og:image:height\" content=\"533\" \/>\n\t<meta property=\"og:image:type\" content=\"image\/jpeg\" \/>\n<meta name=\"author\" content=\"Redacci\u00f3n Colombia\" \/>\n<meta name=\"twitter:card\" content=\"summary_large_image\" \/>\n<meta name=\"twitter:creator\" content=\"@PressenzaIPA\" \/>\n<meta name=\"twitter:site\" content=\"@PressenzaIPA\" \/>\n<meta name=\"twitter:label1\" content=\"Escrito por\" \/>\n\t<meta name=\"twitter:data1\" content=\"Redacci\u00f3n Colombia\" \/>\n\t<meta name=\"twitter:label2\" content=\"Tiempo de lectura\" \/>\n\t<meta name=\"twitter:data2\" content=\"3 minutos\" \/>\n<script type=\"application\/ld+json\" class=\"yoast-schema-graph\">{\"@context\":\"https:\/\/schema.org\",\"@graph\":[{\"@type\":\"Article\",\"@id\":\"https:\/\/www.pressenza.com\/es\/2016\/03\/el-paro-colombia-reflejo-de-inconformidad\/#article\",\"isPartOf\":{\"@id\":\"https:\/\/www.pressenza.com\/es\/2016\/03\/el-paro-colombia-reflejo-de-inconformidad\/\"},\"author\":{\"name\":\"Redacci\u00f3n Colombia\",\"@id\":\"https:\/\/www.pressenza.com\/es\/#\/schema\/person\/7c8ee170a4502d638436c91e385315f2\"},\"headline\":\"El paro en Colombia: reflejo de inconformidad\",\"datePublished\":\"2016-03-18T22:37:00+00:00\",\"mainEntityOfPage\":{\"@id\":\"https:\/\/www.pressenza.com\/es\/2016\/03\/el-paro-colombia-reflejo-de-inconformidad\/\"},\"wordCount\":548,\"publisher\":{\"@id\":\"https:\/\/www.pressenza.com\/es\/#organization\"},\"image\":{\"@id\":\"https:\/\/www.pressenza.com\/es\/2016\/03\/el-paro-colombia-reflejo-de-inconformidad\/#primaryimage\"},\"thumbnailUrl\":\"https:\/\/www.pressenza.com\/wp-content\/uploads\/2016\/03\/Paro-Nacional-Claudia.jpg\",\"keywords\":[\"Colombia\",\"Derechos sociales\",\"huelga\",\"paro\",\"paro nacional\",\"trabajadores\"],\"articleSection\":[\"Derechos Humanos\",\"Pol\u00edtica\",\"Sudam\u00e9rica\"],\"inLanguage\":\"es\"},{\"@type\":\"WebPage\",\"@id\":\"https:\/\/www.pressenza.com\/es\/2016\/03\/el-paro-colombia-reflejo-de-inconformidad\/\",\"url\":\"https:\/\/www.pressenza.com\/es\/2016\/03\/el-paro-colombia-reflejo-de-inconformidad\/\",\"name\":\"El paro en Colombia: reflejo de inconformidad\",\"isPartOf\":{\"@id\":\"https:\/\/www.pressenza.com\/es\/#website\"},\"primaryImageOfPage\":{\"@id\":\"https:\/\/www.pressenza.com\/es\/2016\/03\/el-paro-colombia-reflejo-de-inconformidad\/#primaryimage\"},\"image\":{\"@id\":\"https:\/\/www.pressenza.com\/es\/2016\/03\/el-paro-colombia-reflejo-de-inconformidad\/#primaryimage\"},\"thumbnailUrl\":\"https:\/\/www.pressenza.com\/wp-content\/uploads\/2016\/03\/Paro-Nacional-Claudia.jpg\",\"datePublished\":\"2016-03-18T22:37:00+00:00\",\"description\":\"Colombia pide un renacer social, pide que no solo los bancos y las multinacionales reporten fuertes ganancias, se requiere que el consumo interno aumente\",\"breadcrumb\":{\"@id\":\"https:\/\/www.pressenza.com\/es\/2016\/03\/el-paro-colombia-reflejo-de-inconformidad\/#breadcrumb\"},\"inLanguage\":\"es\",\"potentialAction\":[{\"@type\":\"ReadAction\",\"target\":[\"https:\/\/www.pressenza.com\/es\/2016\/03\/el-paro-colombia-reflejo-de-inconformidad\/\"]}]},{\"@type\":\"ImageObject\",\"inLanguage\":\"es\",\"@id\":\"https:\/\/www.pressenza.com\/es\/2016\/03\/el-paro-colombia-reflejo-de-inconformidad\/#primaryimage\",\"url\":\"https:\/\/www.pressenza.com\/wp-content\/uploads\/2016\/03\/Paro-Nacional-Claudia.jpg\",\"contentUrl\":\"https:\/\/www.pressenza.com\/wp-content\/uploads\/2016\/03\/Paro-Nacional-Claudia.jpg\",\"width\":800,\"height\":533},{\"@type\":\"BreadcrumbList\",\"@id\":\"https:\/\/www.pressenza.com\/es\/2016\/03\/el-paro-colombia-reflejo-de-inconformidad\/#breadcrumb\",\"itemListElement\":[{\"@type\":\"ListItem\",\"position\":1,\"name\":\"Accueil\",\"item\":\"https:\/\/www.pressenza.com\/es\/\"},{\"@type\":\"ListItem\",\"position\":2,\"name\":\"El paro en Colombia: reflejo de inconformidad\"}]},{\"@type\":\"WebSite\",\"@id\":\"https:\/\/www.pressenza.com\/es\/#website\",\"url\":\"https:\/\/www.pressenza.com\/es\/\",\"name\":\"Pressenza\",\"description\":\"International Press Agency\",\"publisher\":{\"@id\":\"https:\/\/www.pressenza.com\/es\/#organization\"},\"potentialAction\":[{\"@type\":\"SearchAction\",\"target\":{\"@type\":\"EntryPoint\",\"urlTemplate\":\"https:\/\/www.pressenza.com\/es\/?s={search_term_string}\"},\"query-input\":{\"@type\":\"PropertyValueSpecification\",\"valueRequired\":true,\"valueName\":\"search_term_string\"}}],\"inLanguage\":\"es\"},{\"@type\":\"Organization\",\"@id\":\"https:\/\/www.pressenza.com\/es\/#organization\",\"name\":\"Pressenza\",\"url\":\"https:\/\/www.pressenza.com\/es\/\",\"logo\":{\"@type\":\"ImageObject\",\"inLanguage\":\"es\",\"@id\":\"https:\/\/www.pressenza.com\/es\/#\/schema\/logo\/image\/\",\"url\":\"https:\/\/www.pressenza.com\/wp-content\/uploads\/2022\/10\/pressenza_logo_200x200.jpg\",\"contentUrl\":\"https:\/\/www.pressenza.com\/wp-content\/uploads\/2022\/10\/pressenza_logo_200x200.jpg\",\"width\":200,\"height\":200,\"caption\":\"Pressenza\"},\"image\":{\"@id\":\"https:\/\/www.pressenza.com\/es\/#\/schema\/logo\/image\/\"},\"sameAs\":[\"https:\/\/www.facebook.com\/PressenzaItalia\",\"https:\/\/x.com\/PressenzaIPA\"]},{\"@type\":\"Person\",\"@id\":\"https:\/\/www.pressenza.com\/es\/#\/schema\/person\/7c8ee170a4502d638436c91e385315f2\",\"name\":\"Redacci\u00f3n Colombia\",\"description\":\"News published by the Pressenza bureau in Colombia\",\"url\":\"https:\/\/www.pressenza.com\/es\/author\/redaccion-colombia\/\"}]}<\/script>\n<!-- \/ Yoast SEO plugin. -->","yoast_head_json":{"title":"El paro en Colombia: reflejo de inconformidad","description":"Colombia pide un renacer social, pide que no solo los bancos y las multinacionales reporten fuertes ganancias, se requiere que el consumo interno aumente","robots":{"index":"index","follow":"follow","max-snippet":"max-snippet:-1","max-image-preview":"max-image-preview:large","max-video-preview":"max-video-preview:-1"},"canonical":"https:\/\/www.pressenza.com\/es\/2016\/03\/el-paro-colombia-reflejo-de-inconformidad\/","og_locale":"es_ES","og_type":"article","og_title":"El paro en Colombia: reflejo de inconformidad","og_description":"Colombia pide un renacer social, pide que no solo los bancos y las multinacionales reporten fuertes ganancias, se requiere que el consumo interno aumente","og_url":"https:\/\/www.pressenza.com\/es\/2016\/03\/el-paro-colombia-reflejo-de-inconformidad\/","og_site_name":"Pressenza","article_publisher":"https:\/\/www.facebook.com\/PressenzaItalia","article_published_time":"2016-03-18T22:37:00+00:00","og_image":[{"width":800,"height":533,"url":"https:\/\/www.pressenza.com\/wp-content\/uploads\/2016\/03\/Paro-Nacional-Claudia.jpg","type":"image\/jpeg"}],"author":"Redacci\u00f3n Colombia","twitter_card":"summary_large_image","twitter_creator":"@PressenzaIPA","twitter_site":"@PressenzaIPA","twitter_misc":{"Escrito por":"Redacci\u00f3n Colombia","Tiempo de lectura":"3 minutos"},"schema":{"@context":"https:\/\/schema.org","@graph":[{"@type":"Article","@id":"https:\/\/www.pressenza.com\/es\/2016\/03\/el-paro-colombia-reflejo-de-inconformidad\/#article","isPartOf":{"@id":"https:\/\/www.pressenza.com\/es\/2016\/03\/el-paro-colombia-reflejo-de-inconformidad\/"},"author":{"name":"Redacci\u00f3n Colombia","@id":"https:\/\/www.pressenza.com\/es\/#\/schema\/person\/7c8ee170a4502d638436c91e385315f2"},"headline":"El paro en Colombia: reflejo de inconformidad","datePublished":"2016-03-18T22:37:00+00:00","mainEntityOfPage":{"@id":"https:\/\/www.pressenza.com\/es\/2016\/03\/el-paro-colombia-reflejo-de-inconformidad\/"},"wordCount":548,"publisher":{"@id":"https:\/\/www.pressenza.com\/es\/#organization"},"image":{"@id":"https:\/\/www.pressenza.com\/es\/2016\/03\/el-paro-colombia-reflejo-de-inconformidad\/#primaryimage"},"thumbnailUrl":"https:\/\/www.pressenza.com\/wp-content\/uploads\/2016\/03\/Paro-Nacional-Claudia.jpg","keywords":["Colombia","Derechos sociales","huelga","paro","paro nacional","trabajadores"],"articleSection":["Derechos Humanos","Pol\u00edtica","Sudam\u00e9rica"],"inLanguage":"es"},{"@type":"WebPage","@id":"https:\/\/www.pressenza.com\/es\/2016\/03\/el-paro-colombia-reflejo-de-inconformidad\/","url":"https:\/\/www.pressenza.com\/es\/2016\/03\/el-paro-colombia-reflejo-de-inconformidad\/","name":"El paro en Colombia: reflejo de inconformidad","isPartOf":{"@id":"https:\/\/www.pressenza.com\/es\/#website"},"primaryImageOfPage":{"@id":"https:\/\/www.pressenza.com\/es\/2016\/03\/el-paro-colombia-reflejo-de-inconformidad\/#primaryimage"},"image":{"@id":"https:\/\/www.pressenza.com\/es\/2016\/03\/el-paro-colombia-reflejo-de-inconformidad\/#primaryimage"},"thumbnailUrl":"https:\/\/www.pressenza.com\/wp-content\/uploads\/2016\/03\/Paro-Nacional-Claudia.jpg","datePublished":"2016-03-18T22:37:00+00:00","description":"Colombia pide un renacer social, pide que no solo los bancos y las multinacionales reporten fuertes ganancias, se requiere que el consumo interno aumente","breadcrumb":{"@id":"https:\/\/www.pressenza.com\/es\/2016\/03\/el-paro-colombia-reflejo-de-inconformidad\/#breadcrumb"},"inLanguage":"es","potentialAction":[{"@type":"ReadAction","target":["https:\/\/www.pressenza.com\/es\/2016\/03\/el-paro-colombia-reflejo-de-inconformidad\/"]}]},{"@type":"ImageObject","inLanguage":"es","@id":"https:\/\/www.pressenza.com\/es\/2016\/03\/el-paro-colombia-reflejo-de-inconformidad\/#primaryimage","url":"https:\/\/www.pressenza.com\/wp-content\/uploads\/2016\/03\/Paro-Nacional-Claudia.jpg","contentUrl":"https:\/\/www.pressenza.com\/wp-content\/uploads\/2016\/03\/Paro-Nacional-Claudia.jpg","width":800,"height":533},{"@type":"BreadcrumbList","@id":"https:\/\/www.pressenza.com\/es\/2016\/03\/el-paro-colombia-reflejo-de-inconformidad\/#breadcrumb","itemListElement":[{"@type":"ListItem","position":1,"name":"Accueil","item":"https:\/\/www.pressenza.com\/es\/"},{"@type":"ListItem","position":2,"name":"El paro en Colombia: reflejo de inconformidad"}]},{"@type":"WebSite","@id":"https:\/\/www.pressenza.com\/es\/#website","url":"https:\/\/www.pressenza.com\/es\/","name":"Pressenza","description":"International Press Agency","publisher":{"@id":"https:\/\/www.pressenza.com\/es\/#organization"},"potentialAction":[{"@type":"SearchAction","target":{"@type":"EntryPoint","urlTemplate":"https:\/\/www.pressenza.com\/es\/?s={search_term_string}"},"query-input":{"@type":"PropertyValueSpecification","valueRequired":true,"valueName":"search_term_string"}}],"inLanguage":"es"},{"@type":"Organization","@id":"https:\/\/www.pressenza.com\/es\/#organization","name":"Pressenza","url":"https:\/\/www.pressenza.com\/es\/","logo":{"@type":"ImageObject","inLanguage":"es","@id":"https:\/\/www.pressenza.com\/es\/#\/schema\/logo\/image\/","url":"https:\/\/www.pressenza.com\/wp-content\/uploads\/2022\/10\/pressenza_logo_200x200.jpg","contentUrl":"https:\/\/www.pressenza.com\/wp-content\/uploads\/2022\/10\/pressenza_logo_200x200.jpg","width":200,"height":200,"caption":"Pressenza"},"image":{"@id":"https:\/\/www.pressenza.com\/es\/#\/schema\/logo\/image\/"},"sameAs":["https:\/\/www.facebook.com\/PressenzaItalia","https:\/\/x.com\/PressenzaIPA"]},{"@type":"Person","@id":"https:\/\/www.pressenza.com\/es\/#\/schema\/person\/7c8ee170a4502d638436c91e385315f2","name":"Redacci\u00f3n Colombia","description":"News published by the Pressenza bureau in Colombia","url":"https:\/\/www.pressenza.com\/es\/author\/redaccion-colombia\/"}]}},"place":"Bogot\u00e1","original_article_url":"http:\/\/www.fipupress.com\/2016\/03\/el-paro-en-colombia-reflejo-de.html","_links":{"self":[{"href":"https:\/\/www.pressenza.com\/es\/wp-json\/wp\/v2\/posts\/291640","targetHints":{"allow":["GET"]}}],"collection":[{"href":"https:\/\/www.pressenza.com\/es\/wp-json\/wp\/v2\/posts"}],"about":[{"href":"https:\/\/www.pressenza.com\/es\/wp-json\/wp\/v2\/types\/post"}],"author":[{"embeddable":true,"href":"https:\/\/www.pressenza.com\/es\/wp-json\/wp\/v2\/users\/1053"}],"replies":[{"embeddable":true,"href":"https:\/\/www.pressenza.com\/es\/wp-json\/wp\/v2\/comments?post=291640"}],"version-history":[{"count":0,"href":"https:\/\/www.pressenza.com\/es\/wp-json\/wp\/v2\/posts\/291640\/revisions"}],"wp:featuredmedia":[{"embeddable":true,"href":"https:\/\/www.pressenza.com\/es\/wp-json\/wp\/v2\/media\/291641"}],"wp:attachment":[{"href":"https:\/\/www.pressenza.com\/es\/wp-json\/wp\/v2\/media?parent=291640"}],"wp:term":[{"taxonomy":"category","embeddable":true,"href":"https:\/\/www.pressenza.com\/es\/wp-json\/wp\/v2\/categories?post=291640"},{"taxonomy":"post_tag","embeddable":true,"href":"https:\/\/www.pressenza.com\/es\/wp-json\/wp\/v2\/tags?post=291640"}],"curies":[{"name":"wp","href":"https:\/\/api.w.org\/{rel}","templated":true}]}}