{"id":291406,"date":"2016-03-18T14:19:54","date_gmt":"2016-03-18T14:19:54","guid":{"rendered":"http:\/\/www.pressenza.com\/es\/?p=291406"},"modified":"2016-03-18T14:21:10","modified_gmt":"2016-03-18T14:21:10","slug":"24-de-marzo-40-anos-corresponsales-populares-para-una-comunicacion-democratica-y-plural","status":"publish","type":"post","link":"https:\/\/www.pressenza.com\/es\/2016\/03\/24-de-marzo-40-anos-corresponsales-populares-para-una-comunicacion-democratica-y-plural\/","title":{"rendered":"24 de marzo,  40 a\u00f1os: corresponsales populares para una comunicaci\u00f3n democr\u00e1tica y plural"},"content":{"rendered":"<p>Los Corresponsales Populares del Foro Universidad y Comunicaci\u00f3n Popular de la\u00a0Universidad Nacional de Avellaneda \u2013UNDAV- participar\u00e1n la pr\u00f3xima semana de distintas\u00a0actividades en conmemoraci\u00f3n del cuarenta aniversario del golpe civico-militar de 1976,\u00a0acompa\u00f1ando todos los pedidos de memoria, verdad y justicia.<\/p>\n<p>Los Corresponsales Populares har\u00e1n la cobertura de la \u201cJornada por la Memoria\u201d, a\u00a0desarrollarse el d\u00eda lunes 21 de Marzo en la sede Pi\u00f1eiyro de la UNDAV, Mario Bravo 1460,\u00a0Pi\u00f1eyro. Dicha jornada comenzara a las 17 hs. con la presentaci\u00f3n de una muestra\u00a0fotogr\u00e1fica sobre la quema de libros del Centro Editor para Am\u00e9rica Latina acecida en la\u00a0\u00faltima dictadura c\u00edvico militar, en Sarand\u00ed; posteriormente se realizar\u00e1 un Mural Cer\u00e1mico\u00a0Colectivo a cargo del artista pl\u00e1stico H\u00e9ctor Alves, Director del Instituto Municipal de\u00a0Cer\u00e1mica de Avellaneda; de 18 a 20 hs. se transmitir\u00e1 en vivo desde la universidad el\u00a0programa \u00abLa Se\u00f1al\u00bb de FM Radiogr\u00e1fica 89.3.<\/p>\n<p>El martes 22 a las 18hs seguir\u00e1n la mesa debate sobre la censura en \u201cInfojus Noticias\u201d en\u00a0la sede de Espa\u00f1a 350, Avellaneda, donde participar\u00e1n Cristi\u00e1n Alarc\u00f3n -ex trabajador de la\u00a0agencia de noticias y autor de investigaciones period\u00edsticas como \u201cCuando me muera\u00a0quiero que me toquen cumbia\u201d-, la ex sub directora del medio \u2013Lic. Mar\u00eda Eugenia Ludue\u00f1a y\u00a0el reportero gr\u00e1fico Rodolfo Leonardo quien ingreso a Infojus en el 2013 y desde hace 19\u00a0a\u00f1os lleva adelante su profesi\u00f3n.<br \/>\nEl mi\u00e9rcoles 23 a las 19 hs. los corresponsales populares del Foro estar\u00e1n en la calle 12 de\u00a0Octubre n\u00ba 234, Avellaneda centro, para la jornada de inauguraci\u00f3n del \u201cEspacio Municipal\u00a0de la Memoria y Promoci\u00f3n de Derechos Humanos de Avellaneda\u201d, donde durante la\u00a0dictadura c\u00edvico-militar de 1976-1983 funcion\u00f3 el Centro Clandestino de Detenci\u00f3n, Tortura\u00a0y Exterminio \u201cEl Infierno\u00bb. Cabe destacar que la jornada de extender\u00e1 desde las 19 hasta<br \/>\nlas 03 hs. del d\u00eda 24, con distintas acciones y participaciones.<br \/>\nLas coberturas de los Corresponsales Populares ser\u00e1n transmitidas en directo por las radios\u00a0comunitarias Radio Gr\u00e1fica -FM 89.3-, Radio C\u00edtrica -FM 88.5- y FM Riachuelo -FM\u00a0100.9-, qui\u00e9nes cumplir\u00e1n esa funci\u00f3n son estudiantes y profesores de la UNDAV,\u00a0integrantes del Foro Universidad y Comunicaci\u00f3n Popular.<\/p>\n<p>Sumate a participar de las actividades y a conocer la experiencia de los\u00a0corresponsales y del foro.<br \/>\nforocomunicacionpopular@undav.edu.ar<\/p>\n","protected":false},"excerpt":{"rendered":"<p>Los Corresponsales Populares del Foro Universidad y Comunicaci\u00f3n Popular de la\u00a0Universidad Nacional de Avellaneda \u2013UNDAV- participar\u00e1n la pr\u00f3xima semana de distintas\u00a0actividades en conmemoraci\u00f3n del cuarenta aniversario del golpe civico-militar de 1976,\u00a0acompa\u00f1ando todos los pedidos de memoria, verdad y justicia. Los&hellip;<\/p>\n","protected":false},"author":87,"featured_media":291407,"comment_status":"closed","ping_status":"closed","sticky":false,"template":"","format":"standard","meta":{"footnotes":""},"categories":[149,79,67],"tags":[25067,22482,19594],"class_list":["post-291406","post","type-post","status-publish","format-standard","has-post-thumbnail","hentry","category-comunicados-de-prensa","category-derechos-humanos","category-sudamerica","tag-24-de-marzo","tag-comunicacion-popular","tag-dictadura-argentina"],"yoast_head":"<!-- This site is optimized with the Yoast SEO plugin v27.1.1 - https:\/\/yoast.com\/product\/yoast-seo-wordpress\/ -->\n<title>24 de marzo, 40 a\u00f1os: corresponsales populares para una comunicaci\u00f3n democr\u00e1tica y plural<\/title>\n<meta name=\"description\" content=\"Los Corresponsales Populares del Foro Universidad y Comunicaci\u00f3n Popular de la\u00a0Universidad Nacional de Avellaneda \u2013UNDAV- participar\u00e1n la pr\u00f3xima semana\" \/>\n<meta name=\"robots\" content=\"index, follow, max-snippet:-1, max-image-preview:large, max-video-preview:-1\" \/>\n<link rel=\"canonical\" href=\"https:\/\/www.pressenza.com\/es\/2016\/03\/24-de-marzo-40-anos-corresponsales-populares-para-una-comunicacion-democratica-y-plural\/\" \/>\n<meta property=\"og:locale\" content=\"es_ES\" \/>\n<meta property=\"og:type\" content=\"article\" \/>\n<meta property=\"og:title\" content=\"24 de marzo, 40 a\u00f1os: corresponsales populares para una comunicaci\u00f3n democr\u00e1tica y plural\" \/>\n<meta property=\"og:description\" content=\"Los Corresponsales Populares del Foro Universidad y Comunicaci\u00f3n Popular de la\u00a0Universidad Nacional de Avellaneda \u2013UNDAV- participar\u00e1n la pr\u00f3xima semana\" \/>\n<meta property=\"og:url\" content=\"https:\/\/www.pressenza.com\/es\/2016\/03\/24-de-marzo-40-anos-corresponsales-populares-para-una-comunicacion-democratica-y-plural\/\" \/>\n<meta property=\"og:site_name\" content=\"Pressenza\" \/>\n<meta property=\"article:publisher\" content=\"https:\/\/www.facebook.com\/PressenzaItalia\" \/>\n<meta property=\"article:published_time\" content=\"2016-03-18T14:19:54+00:00\" \/>\n<meta property=\"article:modified_time\" content=\"2016-03-18T14:21:10+00:00\" \/>\n<meta property=\"og:image\" content=\"https:\/\/www.pressenza.com\/wp-content\/uploads\/2016\/03\/Logo-Foro-Comun.jpg\" \/>\n\t<meta property=\"og:image:width\" content=\"600\" \/>\n\t<meta property=\"og:image:height\" content=\"169\" \/>\n\t<meta property=\"og:image:type\" content=\"image\/jpeg\" \/>\n<meta name=\"author\" content=\"Redacci\u00f3n Argentina\" \/>\n<meta name=\"twitter:card\" content=\"summary_large_image\" \/>\n<meta name=\"twitter:creator\" content=\"@pressenza\" \/>\n<meta name=\"twitter:site\" content=\"@PressenzaIPA\" \/>\n<meta name=\"twitter:label1\" content=\"Escrito por\" \/>\n\t<meta name=\"twitter:data1\" content=\"Redacci\u00f3n Argentina\" \/>\n\t<meta name=\"twitter:label2\" content=\"Tiempo de lectura\" \/>\n\t<meta name=\"twitter:data2\" content=\"2 minutos\" \/>\n<script type=\"application\/ld+json\" class=\"yoast-schema-graph\">{\"@context\":\"https:\/\/schema.org\",\"@graph\":[{\"@type\":\"Article\",\"@id\":\"https:\/\/www.pressenza.com\/es\/2016\/03\/24-de-marzo-40-anos-corresponsales-populares-para-una-comunicacion-democratica-y-plural\/#article\",\"isPartOf\":{\"@id\":\"https:\/\/www.pressenza.com\/es\/2016\/03\/24-de-marzo-40-anos-corresponsales-populares-para-una-comunicacion-democratica-y-plural\/\"},\"author\":{\"name\":\"Redacci\u00f3n Argentina\",\"@id\":\"https:\/\/www.pressenza.com\/es\/#\/schema\/person\/0dda7d1b68267ad95b1e1d83abc98c89\"},\"headline\":\"24 de marzo, 40 a\u00f1os: corresponsales populares para una comunicaci\u00f3n democr\u00e1tica y plural\",\"datePublished\":\"2016-03-18T14:19:54+00:00\",\"dateModified\":\"2016-03-18T14:21:10+00:00\",\"mainEntityOfPage\":{\"@id\":\"https:\/\/www.pressenza.com\/es\/2016\/03\/24-de-marzo-40-anos-corresponsales-populares-para-una-comunicacion-democratica-y-plural\/\"},\"wordCount\":417,\"publisher\":{\"@id\":\"https:\/\/www.pressenza.com\/es\/#organization\"},\"image\":{\"@id\":\"https:\/\/www.pressenza.com\/es\/2016\/03\/24-de-marzo-40-anos-corresponsales-populares-para-una-comunicacion-democratica-y-plural\/#primaryimage\"},\"thumbnailUrl\":\"https:\/\/www.pressenza.com\/wp-content\/uploads\/2016\/03\/Logo-Foro-Comun.jpg\",\"keywords\":[\"24 de marzo\",\"comunicaci\u00f3n popular\",\"Dictadura argentina\"],\"articleSection\":[\"Comunicados de Prensa\",\"Derechos Humanos\",\"Sudam\u00e9rica\"],\"inLanguage\":\"es\"},{\"@type\":\"WebPage\",\"@id\":\"https:\/\/www.pressenza.com\/es\/2016\/03\/24-de-marzo-40-anos-corresponsales-populares-para-una-comunicacion-democratica-y-plural\/\",\"url\":\"https:\/\/www.pressenza.com\/es\/2016\/03\/24-de-marzo-40-anos-corresponsales-populares-para-una-comunicacion-democratica-y-plural\/\",\"name\":\"24 de marzo, 40 a\u00f1os: corresponsales populares para una comunicaci\u00f3n democr\u00e1tica y plural\",\"isPartOf\":{\"@id\":\"https:\/\/www.pressenza.com\/es\/#website\"},\"primaryImageOfPage\":{\"@id\":\"https:\/\/www.pressenza.com\/es\/2016\/03\/24-de-marzo-40-anos-corresponsales-populares-para-una-comunicacion-democratica-y-plural\/#primaryimage\"},\"image\":{\"@id\":\"https:\/\/www.pressenza.com\/es\/2016\/03\/24-de-marzo-40-anos-corresponsales-populares-para-una-comunicacion-democratica-y-plural\/#primaryimage\"},\"thumbnailUrl\":\"https:\/\/www.pressenza.com\/wp-content\/uploads\/2016\/03\/Logo-Foro-Comun.jpg\",\"datePublished\":\"2016-03-18T14:19:54+00:00\",\"dateModified\":\"2016-03-18T14:21:10+00:00\",\"description\":\"Los Corresponsales Populares del Foro Universidad y Comunicaci\u00f3n Popular de la\u00a0Universidad Nacional de Avellaneda \u2013UNDAV- participar\u00e1n la pr\u00f3xima semana\",\"breadcrumb\":{\"@id\":\"https:\/\/www.pressenza.com\/es\/2016\/03\/24-de-marzo-40-anos-corresponsales-populares-para-una-comunicacion-democratica-y-plural\/#breadcrumb\"},\"inLanguage\":\"es\",\"potentialAction\":[{\"@type\":\"ReadAction\",\"target\":[\"https:\/\/www.pressenza.com\/es\/2016\/03\/24-de-marzo-40-anos-corresponsales-populares-para-una-comunicacion-democratica-y-plural\/\"]}]},{\"@type\":\"ImageObject\",\"inLanguage\":\"es\",\"@id\":\"https:\/\/www.pressenza.com\/es\/2016\/03\/24-de-marzo-40-anos-corresponsales-populares-para-una-comunicacion-democratica-y-plural\/#primaryimage\",\"url\":\"https:\/\/www.pressenza.com\/wp-content\/uploads\/2016\/03\/Logo-Foro-Comun.jpg\",\"contentUrl\":\"https:\/\/www.pressenza.com\/wp-content\/uploads\/2016\/03\/Logo-Foro-Comun.jpg\",\"width\":600,\"height\":169},{\"@type\":\"BreadcrumbList\",\"@id\":\"https:\/\/www.pressenza.com\/es\/2016\/03\/24-de-marzo-40-anos-corresponsales-populares-para-una-comunicacion-democratica-y-plural\/#breadcrumb\",\"itemListElement\":[{\"@type\":\"ListItem\",\"position\":1,\"name\":\"Accueil\",\"item\":\"https:\/\/www.pressenza.com\/es\/\"},{\"@type\":\"ListItem\",\"position\":2,\"name\":\"24 de marzo, 40 a\u00f1os: corresponsales populares para una comunicaci\u00f3n democr\u00e1tica y plural\"}]},{\"@type\":\"WebSite\",\"@id\":\"https:\/\/www.pressenza.com\/es\/#website\",\"url\":\"https:\/\/www.pressenza.com\/es\/\",\"name\":\"Pressenza\",\"description\":\"International Press Agency\",\"publisher\":{\"@id\":\"https:\/\/www.pressenza.com\/es\/#organization\"},\"potentialAction\":[{\"@type\":\"SearchAction\",\"target\":{\"@type\":\"EntryPoint\",\"urlTemplate\":\"https:\/\/www.pressenza.com\/es\/?s={search_term_string}\"},\"query-input\":{\"@type\":\"PropertyValueSpecification\",\"valueRequired\":true,\"valueName\":\"search_term_string\"}}],\"inLanguage\":\"es\"},{\"@type\":\"Organization\",\"@id\":\"https:\/\/www.pressenza.com\/es\/#organization\",\"name\":\"Pressenza\",\"url\":\"https:\/\/www.pressenza.com\/es\/\",\"logo\":{\"@type\":\"ImageObject\",\"inLanguage\":\"es\",\"@id\":\"https:\/\/www.pressenza.com\/es\/#\/schema\/logo\/image\/\",\"url\":\"https:\/\/www.pressenza.com\/wp-content\/uploads\/2022\/10\/pressenza_logo_200x200.jpg\",\"contentUrl\":\"https:\/\/www.pressenza.com\/wp-content\/uploads\/2022\/10\/pressenza_logo_200x200.jpg\",\"width\":200,\"height\":200,\"caption\":\"Pressenza\"},\"image\":{\"@id\":\"https:\/\/www.pressenza.com\/es\/#\/schema\/logo\/image\/\"},\"sameAs\":[\"https:\/\/www.facebook.com\/PressenzaItalia\",\"https:\/\/x.com\/PressenzaIPA\"]},{\"@type\":\"Person\",\"@id\":\"https:\/\/www.pressenza.com\/es\/#\/schema\/person\/0dda7d1b68267ad95b1e1d83abc98c89\",\"name\":\"Redacci\u00f3n Argentina\",\"description\":\"News from the Pressenza Bureau in Argentina.\",\"sameAs\":[\"https:\/\/x.com\/pressenza\"],\"url\":\"https:\/\/www.pressenza.com\/es\/author\/redaccion-argentina\/\"}]}<\/script>\n<!-- \/ Yoast SEO plugin. -->","yoast_head_json":{"title":"24 de marzo, 40 a\u00f1os: corresponsales populares para una comunicaci\u00f3n democr\u00e1tica y plural","description":"Los Corresponsales Populares del Foro Universidad y Comunicaci\u00f3n Popular de la\u00a0Universidad Nacional de Avellaneda \u2013UNDAV- participar\u00e1n la pr\u00f3xima semana","robots":{"index":"index","follow":"follow","max-snippet":"max-snippet:-1","max-image-preview":"max-image-preview:large","max-video-preview":"max-video-preview:-1"},"canonical":"https:\/\/www.pressenza.com\/es\/2016\/03\/24-de-marzo-40-anos-corresponsales-populares-para-una-comunicacion-democratica-y-plural\/","og_locale":"es_ES","og_type":"article","og_title":"24 de marzo, 40 a\u00f1os: corresponsales populares para una comunicaci\u00f3n democr\u00e1tica y plural","og_description":"Los Corresponsales Populares del Foro Universidad y Comunicaci\u00f3n Popular de la\u00a0Universidad Nacional de Avellaneda \u2013UNDAV- participar\u00e1n la pr\u00f3xima semana","og_url":"https:\/\/www.pressenza.com\/es\/2016\/03\/24-de-marzo-40-anos-corresponsales-populares-para-una-comunicacion-democratica-y-plural\/","og_site_name":"Pressenza","article_publisher":"https:\/\/www.facebook.com\/PressenzaItalia","article_published_time":"2016-03-18T14:19:54+00:00","article_modified_time":"2016-03-18T14:21:10+00:00","og_image":[{"width":600,"height":169,"url":"https:\/\/www.pressenza.com\/wp-content\/uploads\/2016\/03\/Logo-Foro-Comun.jpg","type":"image\/jpeg"}],"author":"Redacci\u00f3n Argentina","twitter_card":"summary_large_image","twitter_creator":"@pressenza","twitter_site":"@PressenzaIPA","twitter_misc":{"Escrito por":"Redacci\u00f3n Argentina","Tiempo de lectura":"2 minutos"},"schema":{"@context":"https:\/\/schema.org","@graph":[{"@type":"Article","@id":"https:\/\/www.pressenza.com\/es\/2016\/03\/24-de-marzo-40-anos-corresponsales-populares-para-una-comunicacion-democratica-y-plural\/#article","isPartOf":{"@id":"https:\/\/www.pressenza.com\/es\/2016\/03\/24-de-marzo-40-anos-corresponsales-populares-para-una-comunicacion-democratica-y-plural\/"},"author":{"name":"Redacci\u00f3n Argentina","@id":"https:\/\/www.pressenza.com\/es\/#\/schema\/person\/0dda7d1b68267ad95b1e1d83abc98c89"},"headline":"24 de marzo, 40 a\u00f1os: corresponsales populares para una comunicaci\u00f3n democr\u00e1tica y plural","datePublished":"2016-03-18T14:19:54+00:00","dateModified":"2016-03-18T14:21:10+00:00","mainEntityOfPage":{"@id":"https:\/\/www.pressenza.com\/es\/2016\/03\/24-de-marzo-40-anos-corresponsales-populares-para-una-comunicacion-democratica-y-plural\/"},"wordCount":417,"publisher":{"@id":"https:\/\/www.pressenza.com\/es\/#organization"},"image":{"@id":"https:\/\/www.pressenza.com\/es\/2016\/03\/24-de-marzo-40-anos-corresponsales-populares-para-una-comunicacion-democratica-y-plural\/#primaryimage"},"thumbnailUrl":"https:\/\/www.pressenza.com\/wp-content\/uploads\/2016\/03\/Logo-Foro-Comun.jpg","keywords":["24 de marzo","comunicaci\u00f3n popular","Dictadura argentina"],"articleSection":["Comunicados de Prensa","Derechos Humanos","Sudam\u00e9rica"],"inLanguage":"es"},{"@type":"WebPage","@id":"https:\/\/www.pressenza.com\/es\/2016\/03\/24-de-marzo-40-anos-corresponsales-populares-para-una-comunicacion-democratica-y-plural\/","url":"https:\/\/www.pressenza.com\/es\/2016\/03\/24-de-marzo-40-anos-corresponsales-populares-para-una-comunicacion-democratica-y-plural\/","name":"24 de marzo, 40 a\u00f1os: corresponsales populares para una comunicaci\u00f3n democr\u00e1tica y plural","isPartOf":{"@id":"https:\/\/www.pressenza.com\/es\/#website"},"primaryImageOfPage":{"@id":"https:\/\/www.pressenza.com\/es\/2016\/03\/24-de-marzo-40-anos-corresponsales-populares-para-una-comunicacion-democratica-y-plural\/#primaryimage"},"image":{"@id":"https:\/\/www.pressenza.com\/es\/2016\/03\/24-de-marzo-40-anos-corresponsales-populares-para-una-comunicacion-democratica-y-plural\/#primaryimage"},"thumbnailUrl":"https:\/\/www.pressenza.com\/wp-content\/uploads\/2016\/03\/Logo-Foro-Comun.jpg","datePublished":"2016-03-18T14:19:54+00:00","dateModified":"2016-03-18T14:21:10+00:00","description":"Los Corresponsales Populares del Foro Universidad y Comunicaci\u00f3n Popular de la\u00a0Universidad Nacional de Avellaneda \u2013UNDAV- participar\u00e1n la pr\u00f3xima semana","breadcrumb":{"@id":"https:\/\/www.pressenza.com\/es\/2016\/03\/24-de-marzo-40-anos-corresponsales-populares-para-una-comunicacion-democratica-y-plural\/#breadcrumb"},"inLanguage":"es","potentialAction":[{"@type":"ReadAction","target":["https:\/\/www.pressenza.com\/es\/2016\/03\/24-de-marzo-40-anos-corresponsales-populares-para-una-comunicacion-democratica-y-plural\/"]}]},{"@type":"ImageObject","inLanguage":"es","@id":"https:\/\/www.pressenza.com\/es\/2016\/03\/24-de-marzo-40-anos-corresponsales-populares-para-una-comunicacion-democratica-y-plural\/#primaryimage","url":"https:\/\/www.pressenza.com\/wp-content\/uploads\/2016\/03\/Logo-Foro-Comun.jpg","contentUrl":"https:\/\/www.pressenza.com\/wp-content\/uploads\/2016\/03\/Logo-Foro-Comun.jpg","width":600,"height":169},{"@type":"BreadcrumbList","@id":"https:\/\/www.pressenza.com\/es\/2016\/03\/24-de-marzo-40-anos-corresponsales-populares-para-una-comunicacion-democratica-y-plural\/#breadcrumb","itemListElement":[{"@type":"ListItem","position":1,"name":"Accueil","item":"https:\/\/www.pressenza.com\/es\/"},{"@type":"ListItem","position":2,"name":"24 de marzo, 40 a\u00f1os: corresponsales populares para una comunicaci\u00f3n democr\u00e1tica y plural"}]},{"@type":"WebSite","@id":"https:\/\/www.pressenza.com\/es\/#website","url":"https:\/\/www.pressenza.com\/es\/","name":"Pressenza","description":"International Press Agency","publisher":{"@id":"https:\/\/www.pressenza.com\/es\/#organization"},"potentialAction":[{"@type":"SearchAction","target":{"@type":"EntryPoint","urlTemplate":"https:\/\/www.pressenza.com\/es\/?s={search_term_string}"},"query-input":{"@type":"PropertyValueSpecification","valueRequired":true,"valueName":"search_term_string"}}],"inLanguage":"es"},{"@type":"Organization","@id":"https:\/\/www.pressenza.com\/es\/#organization","name":"Pressenza","url":"https:\/\/www.pressenza.com\/es\/","logo":{"@type":"ImageObject","inLanguage":"es","@id":"https:\/\/www.pressenza.com\/es\/#\/schema\/logo\/image\/","url":"https:\/\/www.pressenza.com\/wp-content\/uploads\/2022\/10\/pressenza_logo_200x200.jpg","contentUrl":"https:\/\/www.pressenza.com\/wp-content\/uploads\/2022\/10\/pressenza_logo_200x200.jpg","width":200,"height":200,"caption":"Pressenza"},"image":{"@id":"https:\/\/www.pressenza.com\/es\/#\/schema\/logo\/image\/"},"sameAs":["https:\/\/www.facebook.com\/PressenzaItalia","https:\/\/x.com\/PressenzaIPA"]},{"@type":"Person","@id":"https:\/\/www.pressenza.com\/es\/#\/schema\/person\/0dda7d1b68267ad95b1e1d83abc98c89","name":"Redacci\u00f3n Argentina","description":"News from the Pressenza Bureau in Argentina.","sameAs":["https:\/\/x.com\/pressenza"],"url":"https:\/\/www.pressenza.com\/es\/author\/redaccion-argentina\/"}]}},"place":"Buenos Aires, Argentina","original_article_url":"","_links":{"self":[{"href":"https:\/\/www.pressenza.com\/es\/wp-json\/wp\/v2\/posts\/291406","targetHints":{"allow":["GET"]}}],"collection":[{"href":"https:\/\/www.pressenza.com\/es\/wp-json\/wp\/v2\/posts"}],"about":[{"href":"https:\/\/www.pressenza.com\/es\/wp-json\/wp\/v2\/types\/post"}],"author":[{"embeddable":true,"href":"https:\/\/www.pressenza.com\/es\/wp-json\/wp\/v2\/users\/87"}],"replies":[{"embeddable":true,"href":"https:\/\/www.pressenza.com\/es\/wp-json\/wp\/v2\/comments?post=291406"}],"version-history":[{"count":0,"href":"https:\/\/www.pressenza.com\/es\/wp-json\/wp\/v2\/posts\/291406\/revisions"}],"wp:featuredmedia":[{"embeddable":true,"href":"https:\/\/www.pressenza.com\/es\/wp-json\/wp\/v2\/media\/291407"}],"wp:attachment":[{"href":"https:\/\/www.pressenza.com\/es\/wp-json\/wp\/v2\/media?parent=291406"}],"wp:term":[{"taxonomy":"category","embeddable":true,"href":"https:\/\/www.pressenza.com\/es\/wp-json\/wp\/v2\/categories?post=291406"},{"taxonomy":"post_tag","embeddable":true,"href":"https:\/\/www.pressenza.com\/es\/wp-json\/wp\/v2\/tags?post=291406"}],"curies":[{"name":"wp","href":"https:\/\/api.w.org\/{rel}","templated":true}]}}