{"id":291268,"date":"2016-03-18T01:08:01","date_gmt":"2016-03-18T01:08:01","guid":{"rendered":"http:\/\/www.pressenza.com\/es\/?p=291268"},"modified":"2016-03-18T01:16:28","modified_gmt":"2016-03-18T01:16:28","slug":"291268","status":"publish","type":"post","link":"https:\/\/www.pressenza.com\/es\/2016\/03\/291268\/","title":{"rendered":"Sobre Lula, PT y el \u00absentido de lado\u00bb"},"content":{"rendered":"<p><em><strong>Por Douglas Belchior\u00b9<\/strong><\/em><\/p>\n<p>Si los grandes medios, sobre todo la Globo;<br \/>\nSi la industria del entretenimiento;<br \/>\nSi la direcci\u00f3n de las grandes universidades;<br \/>\nSi la mayor\u00eda conservadora del parlamento;<br \/>\nSi el PSDB, la FIESP y las fuerzas pol\u00edticas de derecha;<br \/>\nSi el aristocr\u00e1tico poder judicial brasilero;<br \/>\ny si las fuerzas del capital, llamado mercado, quieren a Lula preso o como m\u00ednimo desmoralizado, yo no quiero.<br \/>\n\u00a1Y no podemos admitirlo!<br \/>\nY eso o quiere decir estar del lado de Lula o del PT o menos aun defender y\/o ignorar posibles cosas mal hechas. Eso quiere decir no estar del lado y no estar de acuerdo con la truculencia selectiva y golpista de la derecha hist\u00f3rica.<br \/>\nLos errores, equivocaciones y traiciones que me duelen son de una l\u00ednea de tiempo que sigue de la Carta a los brasileros, en 2002, a la reciente tentativa de entrega del Pr\u00e9 Sal a los gringos. \u00a1Y son cuentas a cobrar en pol\u00edtica! Sin espect\u00e1culo y sin usurpaci\u00f3n de los derechos.<br \/>\nAl fin, lo que se busca con todo esto, m\u00e1s que la humillaci\u00f3n p\u00fablica de una persona o de un partido es, en realidad, la destrucci\u00f3n de los valores de las izquierdas y de la autoestima del pueblo.<br \/>\nEs hora de ejercitar, por m\u00e1s dif\u00edcil que parezca, nuestro sentido de lado.<br \/>\nY se muy bien cu\u00e1l es el m\u00edo.<\/p>\n<p>\u00b9 Profesor y\u00a0activista social, militante del Movimiento Negro, Movimiento de Cursinhos Comunit\u00e1rios.<br \/>\n<a href=\"http:\/\/negrobelchior.cartacapital.com.br\/\" target=\"_blank\">http:\/\/negrobelchior.cartacapital.com.br\/<\/a><\/p>\n","protected":false},"excerpt":{"rendered":"<p>Por Douglas Belchior\u00b9 Si los grandes medios, sobre todo la Globo; Si la industria del entretenimiento; Si la direcci\u00f3n de las grandes universidades; Si la mayor\u00eda conservadora del parlamento; Si el PSDB, la FIESP y las fuerzas pol\u00edticas de derecha;&hellip;<\/p>\n","protected":false},"author":44,"featured_media":291264,"comment_status":"closed","ping_status":"closed","sticky":false,"template":"","format":"standard","meta":{"footnotes":""},"categories":[161,74,67],"tags":[2749,696,1376,25058,6713,24909,16068,25059,2975,4851,1613,5693,11118],"class_list":["post-291268","post","type-post","status-publish","format-standard","has-post-thumbnail","hentry","category-opiniones","category-politica-es","category-sudamerica","tag-brasil-es","tag-democracia","tag-derecha","tag-globo","tag-golpe","tag-golpe-blanco","tag-golpe-blando","tag-luiz-inacio-da-silva","tag-lula-da-silva","tag-lula-da-silva-pt","tag-politica-es","tag-pre-sal","tag-pt-es"],"yoast_head":"<!-- This site is optimized with the Yoast SEO plugin v27.1.1 - https:\/\/yoast.com\/product\/yoast-seo-wordpress\/ -->\n<title>Sobre Lula, PT y el &quot;sentido de lado&quot;<\/title>\n<meta name=\"description\" content=\"Por Douglas Belchior\u00b9 Si los grandes medios, sobre todo la Globo; Si la industria del entretenimiento; Si la direcci\u00f3n de las grandes universidades; Si la\" \/>\n<meta name=\"robots\" content=\"index, follow, max-snippet:-1, max-image-preview:large, max-video-preview:-1\" \/>\n<link rel=\"canonical\" href=\"https:\/\/www.pressenza.com\/es\/2016\/03\/291268\/\" \/>\n<meta property=\"og:locale\" content=\"es_ES\" \/>\n<meta property=\"og:type\" content=\"article\" \/>\n<meta property=\"og:title\" content=\"Sobre Lula, PT y el &quot;sentido de lado&quot;\" \/>\n<meta property=\"og:description\" content=\"Por Douglas Belchior\u00b9 Si los grandes medios, sobre todo la Globo; Si la industria del entretenimiento; Si la direcci\u00f3n de las grandes universidades; Si la\" \/>\n<meta property=\"og:url\" content=\"https:\/\/www.pressenza.com\/es\/2016\/03\/291268\/\" \/>\n<meta property=\"og:site_name\" content=\"Pressenza\" \/>\n<meta property=\"article:publisher\" content=\"https:\/\/www.facebook.com\/PressenzaItalia\" \/>\n<meta property=\"article:author\" content=\"https:\/\/www.facebook.com\/PressenzaPortugues\" \/>\n<meta property=\"article:published_time\" content=\"2016-03-18T01:08:01+00:00\" \/>\n<meta property=\"article:modified_time\" content=\"2016-03-18T01:16:28+00:00\" \/>\n<meta property=\"og:image\" content=\"https:\/\/www.pressenza.com\/wp-content\/uploads\/2016\/03\/Lula-Ulisses-Barbosa.jpg\" \/>\n\t<meta property=\"og:image:width\" content=\"1024\" \/>\n\t<meta property=\"og:image:height\" content=\"683\" \/>\n\t<meta property=\"og:image:type\" content=\"image\/jpeg\" \/>\n<meta name=\"author\" content=\"Reda\u00e7\u00e3o S\u00e3o Paulo\" \/>\n<meta name=\"twitter:card\" content=\"summary_large_image\" \/>\n<meta name=\"twitter:creator\" content=\"@pressenza_pt\" \/>\n<meta name=\"twitter:site\" content=\"@PressenzaIPA\" \/>\n<meta name=\"twitter:label1\" content=\"Escrito por\" \/>\n\t<meta name=\"twitter:data1\" content=\"Reda\u00e7\u00e3o S\u00e3o Paulo\" \/>\n\t<meta name=\"twitter:label2\" content=\"Tiempo de lectura\" \/>\n\t<meta name=\"twitter:data2\" content=\"1 minuto\" \/>\n<script type=\"application\/ld+json\" class=\"yoast-schema-graph\">{\"@context\":\"https:\/\/schema.org\",\"@graph\":[{\"@type\":\"Article\",\"@id\":\"https:\/\/www.pressenza.com\/es\/2016\/03\/291268\/#article\",\"isPartOf\":{\"@id\":\"https:\/\/www.pressenza.com\/es\/2016\/03\/291268\/\"},\"author\":{\"name\":\"Reda\u00e7\u00e3o S\u00e3o Paulo\",\"@id\":\"https:\/\/www.pressenza.com\/es\/#\/schema\/person\/d171826afb7693cfc394da95892bfd93\"},\"headline\":\"Sobre Lula, PT y el \u00absentido de lado\u00bb\",\"datePublished\":\"2016-03-18T01:08:01+00:00\",\"dateModified\":\"2016-03-18T01:16:28+00:00\",\"mainEntityOfPage\":{\"@id\":\"https:\/\/www.pressenza.com\/es\/2016\/03\/291268\/\"},\"wordCount\":268,\"publisher\":{\"@id\":\"https:\/\/www.pressenza.com\/es\/#organization\"},\"image\":{\"@id\":\"https:\/\/www.pressenza.com\/es\/2016\/03\/291268\/#primaryimage\"},\"thumbnailUrl\":\"https:\/\/www.pressenza.com\/wp-content\/uploads\/2016\/03\/Lula-Ulisses-Barbosa.jpg\",\"keywords\":[\"Brasil\",\"Democracia\",\"derecha\",\"Globo\",\"golpe\",\"golpe blanco\",\"golpe blando\",\"Luiz Inacio Da Silva\",\"Lula Da Silva\",\"Lula Da Silva\",\"pol\u00edtica\",\"pre-sal\",\"PT\"],\"articleSection\":[\"Opiniones\",\"Pol\u00edtica\",\"Sudam\u00e9rica\"],\"inLanguage\":\"es\"},{\"@type\":\"WebPage\",\"@id\":\"https:\/\/www.pressenza.com\/es\/2016\/03\/291268\/\",\"url\":\"https:\/\/www.pressenza.com\/es\/2016\/03\/291268\/\",\"name\":\"Sobre Lula, PT y el \\\"sentido de lado\\\"\",\"isPartOf\":{\"@id\":\"https:\/\/www.pressenza.com\/es\/#website\"},\"primaryImageOfPage\":{\"@id\":\"https:\/\/www.pressenza.com\/es\/2016\/03\/291268\/#primaryimage\"},\"image\":{\"@id\":\"https:\/\/www.pressenza.com\/es\/2016\/03\/291268\/#primaryimage\"},\"thumbnailUrl\":\"https:\/\/www.pressenza.com\/wp-content\/uploads\/2016\/03\/Lula-Ulisses-Barbosa.jpg\",\"datePublished\":\"2016-03-18T01:08:01+00:00\",\"dateModified\":\"2016-03-18T01:16:28+00:00\",\"description\":\"Por Douglas Belchior\u00b9 Si los grandes medios, sobre todo la Globo; Si la industria del entretenimiento; Si la direcci\u00f3n de las grandes universidades; Si la\",\"breadcrumb\":{\"@id\":\"https:\/\/www.pressenza.com\/es\/2016\/03\/291268\/#breadcrumb\"},\"inLanguage\":\"es\",\"potentialAction\":[{\"@type\":\"ReadAction\",\"target\":[\"https:\/\/www.pressenza.com\/es\/2016\/03\/291268\/\"]}]},{\"@type\":\"ImageObject\",\"inLanguage\":\"es\",\"@id\":\"https:\/\/www.pressenza.com\/es\/2016\/03\/291268\/#primaryimage\",\"url\":\"https:\/\/www.pressenza.com\/wp-content\/uploads\/2016\/03\/Lula-Ulisses-Barbosa.jpg\",\"contentUrl\":\"https:\/\/www.pressenza.com\/wp-content\/uploads\/2016\/03\/Lula-Ulisses-Barbosa.jpg\",\"width\":1024,\"height\":683},{\"@type\":\"BreadcrumbList\",\"@id\":\"https:\/\/www.pressenza.com\/es\/2016\/03\/291268\/#breadcrumb\",\"itemListElement\":[{\"@type\":\"ListItem\",\"position\":1,\"name\":\"Accueil\",\"item\":\"https:\/\/www.pressenza.com\/es\/\"},{\"@type\":\"ListItem\",\"position\":2,\"name\":\"Sobre Lula, PT y el \u00absentido de lado\u00bb\"}]},{\"@type\":\"WebSite\",\"@id\":\"https:\/\/www.pressenza.com\/es\/#website\",\"url\":\"https:\/\/www.pressenza.com\/es\/\",\"name\":\"Pressenza\",\"description\":\"International Press Agency\",\"publisher\":{\"@id\":\"https:\/\/www.pressenza.com\/es\/#organization\"},\"potentialAction\":[{\"@type\":\"SearchAction\",\"target\":{\"@type\":\"EntryPoint\",\"urlTemplate\":\"https:\/\/www.pressenza.com\/es\/?s={search_term_string}\"},\"query-input\":{\"@type\":\"PropertyValueSpecification\",\"valueRequired\":true,\"valueName\":\"search_term_string\"}}],\"inLanguage\":\"es\"},{\"@type\":\"Organization\",\"@id\":\"https:\/\/www.pressenza.com\/es\/#organization\",\"name\":\"Pressenza\",\"url\":\"https:\/\/www.pressenza.com\/es\/\",\"logo\":{\"@type\":\"ImageObject\",\"inLanguage\":\"es\",\"@id\":\"https:\/\/www.pressenza.com\/es\/#\/schema\/logo\/image\/\",\"url\":\"https:\/\/www.pressenza.com\/wp-content\/uploads\/2022\/10\/pressenza_logo_200x200.jpg\",\"contentUrl\":\"https:\/\/www.pressenza.com\/wp-content\/uploads\/2022\/10\/pressenza_logo_200x200.jpg\",\"width\":200,\"height\":200,\"caption\":\"Pressenza\"},\"image\":{\"@id\":\"https:\/\/www.pressenza.com\/es\/#\/schema\/logo\/image\/\"},\"sameAs\":[\"https:\/\/www.facebook.com\/PressenzaItalia\",\"https:\/\/x.com\/PressenzaIPA\"]},{\"@type\":\"Person\",\"@id\":\"https:\/\/www.pressenza.com\/es\/#\/schema\/person\/d171826afb7693cfc394da95892bfd93\",\"name\":\"Reda\u00e7\u00e3o S\u00e3o Paulo\",\"description\":\"News from the Pressenza bureau in Sao Paulo, Brazil\",\"sameAs\":[\"https:\/\/www.facebook.com\/PressenzaPortugues\",\"https:\/\/x.com\/pressenza_pt\"],\"url\":\"https:\/\/www.pressenza.com\/es\/author\/redaccao-sao-paulo\/\"}]}<\/script>\n<!-- \/ Yoast SEO plugin. -->","yoast_head_json":{"title":"Sobre Lula, PT y el \"sentido de lado\"","description":"Por Douglas Belchior\u00b9 Si los grandes medios, sobre todo la Globo; Si la industria del entretenimiento; Si la direcci\u00f3n de las grandes universidades; Si la","robots":{"index":"index","follow":"follow","max-snippet":"max-snippet:-1","max-image-preview":"max-image-preview:large","max-video-preview":"max-video-preview:-1"},"canonical":"https:\/\/www.pressenza.com\/es\/2016\/03\/291268\/","og_locale":"es_ES","og_type":"article","og_title":"Sobre Lula, PT y el \"sentido de lado\"","og_description":"Por Douglas Belchior\u00b9 Si los grandes medios, sobre todo la Globo; Si la industria del entretenimiento; Si la direcci\u00f3n de las grandes universidades; Si la","og_url":"https:\/\/www.pressenza.com\/es\/2016\/03\/291268\/","og_site_name":"Pressenza","article_publisher":"https:\/\/www.facebook.com\/PressenzaItalia","article_author":"https:\/\/www.facebook.com\/PressenzaPortugues","article_published_time":"2016-03-18T01:08:01+00:00","article_modified_time":"2016-03-18T01:16:28+00:00","og_image":[{"width":1024,"height":683,"url":"https:\/\/www.pressenza.com\/wp-content\/uploads\/2016\/03\/Lula-Ulisses-Barbosa.jpg","type":"image\/jpeg"}],"author":"Reda\u00e7\u00e3o S\u00e3o Paulo","twitter_card":"summary_large_image","twitter_creator":"@pressenza_pt","twitter_site":"@PressenzaIPA","twitter_misc":{"Escrito por":"Reda\u00e7\u00e3o S\u00e3o Paulo","Tiempo de lectura":"1 minuto"},"schema":{"@context":"https:\/\/schema.org","@graph":[{"@type":"Article","@id":"https:\/\/www.pressenza.com\/es\/2016\/03\/291268\/#article","isPartOf":{"@id":"https:\/\/www.pressenza.com\/es\/2016\/03\/291268\/"},"author":{"name":"Reda\u00e7\u00e3o S\u00e3o Paulo","@id":"https:\/\/www.pressenza.com\/es\/#\/schema\/person\/d171826afb7693cfc394da95892bfd93"},"headline":"Sobre Lula, PT y el \u00absentido de lado\u00bb","datePublished":"2016-03-18T01:08:01+00:00","dateModified":"2016-03-18T01:16:28+00:00","mainEntityOfPage":{"@id":"https:\/\/www.pressenza.com\/es\/2016\/03\/291268\/"},"wordCount":268,"publisher":{"@id":"https:\/\/www.pressenza.com\/es\/#organization"},"image":{"@id":"https:\/\/www.pressenza.com\/es\/2016\/03\/291268\/#primaryimage"},"thumbnailUrl":"https:\/\/www.pressenza.com\/wp-content\/uploads\/2016\/03\/Lula-Ulisses-Barbosa.jpg","keywords":["Brasil","Democracia","derecha","Globo","golpe","golpe blanco","golpe blando","Luiz Inacio Da Silva","Lula Da Silva","Lula Da Silva","pol\u00edtica","pre-sal","PT"],"articleSection":["Opiniones","Pol\u00edtica","Sudam\u00e9rica"],"inLanguage":"es"},{"@type":"WebPage","@id":"https:\/\/www.pressenza.com\/es\/2016\/03\/291268\/","url":"https:\/\/www.pressenza.com\/es\/2016\/03\/291268\/","name":"Sobre Lula, PT y el \"sentido de lado\"","isPartOf":{"@id":"https:\/\/www.pressenza.com\/es\/#website"},"primaryImageOfPage":{"@id":"https:\/\/www.pressenza.com\/es\/2016\/03\/291268\/#primaryimage"},"image":{"@id":"https:\/\/www.pressenza.com\/es\/2016\/03\/291268\/#primaryimage"},"thumbnailUrl":"https:\/\/www.pressenza.com\/wp-content\/uploads\/2016\/03\/Lula-Ulisses-Barbosa.jpg","datePublished":"2016-03-18T01:08:01+00:00","dateModified":"2016-03-18T01:16:28+00:00","description":"Por Douglas Belchior\u00b9 Si los grandes medios, sobre todo la Globo; Si la industria del entretenimiento; Si la direcci\u00f3n de las grandes universidades; Si la","breadcrumb":{"@id":"https:\/\/www.pressenza.com\/es\/2016\/03\/291268\/#breadcrumb"},"inLanguage":"es","potentialAction":[{"@type":"ReadAction","target":["https:\/\/www.pressenza.com\/es\/2016\/03\/291268\/"]}]},{"@type":"ImageObject","inLanguage":"es","@id":"https:\/\/www.pressenza.com\/es\/2016\/03\/291268\/#primaryimage","url":"https:\/\/www.pressenza.com\/wp-content\/uploads\/2016\/03\/Lula-Ulisses-Barbosa.jpg","contentUrl":"https:\/\/www.pressenza.com\/wp-content\/uploads\/2016\/03\/Lula-Ulisses-Barbosa.jpg","width":1024,"height":683},{"@type":"BreadcrumbList","@id":"https:\/\/www.pressenza.com\/es\/2016\/03\/291268\/#breadcrumb","itemListElement":[{"@type":"ListItem","position":1,"name":"Accueil","item":"https:\/\/www.pressenza.com\/es\/"},{"@type":"ListItem","position":2,"name":"Sobre Lula, PT y el \u00absentido de lado\u00bb"}]},{"@type":"WebSite","@id":"https:\/\/www.pressenza.com\/es\/#website","url":"https:\/\/www.pressenza.com\/es\/","name":"Pressenza","description":"International Press Agency","publisher":{"@id":"https:\/\/www.pressenza.com\/es\/#organization"},"potentialAction":[{"@type":"SearchAction","target":{"@type":"EntryPoint","urlTemplate":"https:\/\/www.pressenza.com\/es\/?s={search_term_string}"},"query-input":{"@type":"PropertyValueSpecification","valueRequired":true,"valueName":"search_term_string"}}],"inLanguage":"es"},{"@type":"Organization","@id":"https:\/\/www.pressenza.com\/es\/#organization","name":"Pressenza","url":"https:\/\/www.pressenza.com\/es\/","logo":{"@type":"ImageObject","inLanguage":"es","@id":"https:\/\/www.pressenza.com\/es\/#\/schema\/logo\/image\/","url":"https:\/\/www.pressenza.com\/wp-content\/uploads\/2022\/10\/pressenza_logo_200x200.jpg","contentUrl":"https:\/\/www.pressenza.com\/wp-content\/uploads\/2022\/10\/pressenza_logo_200x200.jpg","width":200,"height":200,"caption":"Pressenza"},"image":{"@id":"https:\/\/www.pressenza.com\/es\/#\/schema\/logo\/image\/"},"sameAs":["https:\/\/www.facebook.com\/PressenzaItalia","https:\/\/x.com\/PressenzaIPA"]},{"@type":"Person","@id":"https:\/\/www.pressenza.com\/es\/#\/schema\/person\/d171826afb7693cfc394da95892bfd93","name":"Reda\u00e7\u00e3o S\u00e3o Paulo","description":"News from the Pressenza bureau in Sao Paulo, Brazil","sameAs":["https:\/\/www.facebook.com\/PressenzaPortugues","https:\/\/x.com\/pressenza_pt"],"url":"https:\/\/www.pressenza.com\/es\/author\/redaccao-sao-paulo\/"}]}},"place":"San Pablo, Brasil","original_article_url":"http:\/\/www.revistaforum.com.br\/2016\/03\/04\/douglas-belchior-sobre-lula-pt-e-o-sentido-de-lado\/","_links":{"self":[{"href":"https:\/\/www.pressenza.com\/es\/wp-json\/wp\/v2\/posts\/291268","targetHints":{"allow":["GET"]}}],"collection":[{"href":"https:\/\/www.pressenza.com\/es\/wp-json\/wp\/v2\/posts"}],"about":[{"href":"https:\/\/www.pressenza.com\/es\/wp-json\/wp\/v2\/types\/post"}],"author":[{"embeddable":true,"href":"https:\/\/www.pressenza.com\/es\/wp-json\/wp\/v2\/users\/44"}],"replies":[{"embeddable":true,"href":"https:\/\/www.pressenza.com\/es\/wp-json\/wp\/v2\/comments?post=291268"}],"version-history":[{"count":0,"href":"https:\/\/www.pressenza.com\/es\/wp-json\/wp\/v2\/posts\/291268\/revisions"}],"wp:featuredmedia":[{"embeddable":true,"href":"https:\/\/www.pressenza.com\/es\/wp-json\/wp\/v2\/media\/291264"}],"wp:attachment":[{"href":"https:\/\/www.pressenza.com\/es\/wp-json\/wp\/v2\/media?parent=291268"}],"wp:term":[{"taxonomy":"category","embeddable":true,"href":"https:\/\/www.pressenza.com\/es\/wp-json\/wp\/v2\/categories?post=291268"},{"taxonomy":"post_tag","embeddable":true,"href":"https:\/\/www.pressenza.com\/es\/wp-json\/wp\/v2\/tags?post=291268"}],"curies":[{"name":"wp","href":"https:\/\/api.w.org\/{rel}","templated":true}]}}