{"id":291245,"date":"2016-03-18T00:23:31","date_gmt":"2016-03-18T00:23:31","guid":{"rendered":"http:\/\/www.pressenza.com\/es\/?p=291245"},"modified":"2016-03-18T00:23:31","modified_gmt":"2016-03-18T00:23:31","slug":"regional-y-popular-21-pueblo-originarios-perseguidos-desterrados-discriminados-asesinados","status":"publish","type":"post","link":"https:\/\/www.pressenza.com\/es\/2016\/03\/regional-y-popular-21-pueblo-originarios-perseguidos-desterrados-discriminados-asesinados\/","title":{"rendered":"Regional y Popular 21: Pueblos originarios  perseguidos, desterrados, discriminados, asesinados"},"content":{"rendered":"<p><strong>Pueblos originarios en Am\u00e9rica Latina y el Caribe: Perseguidos, desterrados, discriminados, asesinados. <\/strong><\/p>\n<p><iframe loading=\"lazy\" id=\"audio_10765117\" style=\"border: 1px solid #EEE; box-sizing: border-box; width: 100%;\" src=\"https:\/\/ar.ivoox.com\/es\/player_ej_10765117_4_1.html?c1=ff6600\" width=\"300\" height=\"200\" frameborder=\"0\" scrolling=\"no\" allowfullscreen=\"allowfullscreen\"><\/iframe><\/p>\n<p>A trav\u00e9s de los siglos todos los derechos humanos fundamentales de los habitantes originales de estas tierras fueron ignorados por los invasores y sus sucesores en el poder pol\u00edtico y econ\u00f3mico. As\u00ed, muchos pueblos originarios de Am\u00e9rica contin\u00faan hoy condenados a las consecuencias de la exclusi\u00f3n social.<\/p>\n<p>El perjuicio no ha sido s\u00f3lo econ\u00f3mico o f\u00edsico. En el transcurso de los \u00faltimos siglos, las comunidades originarias fueron forzadas a resignar su identidad y adoptar creencias y usos ajenos. Los que no quisieron hacerlo, tuvieron que escapar, recluirse o morir.<\/p>\n<p>Hoy los distintos pueblos se ven confrontados con el embate de un capitalismo voraz que no da concesiones ni conoce fronteras. Por ello, muchos han sido desterrados de sus lugares. Otros tantos se desarraigaron buscando una mejora en sus posibilidades de subsistencia en las periferias de las grandes ciudades.<\/p>\n<p>A aquellos que se niegan a abandonar sus tierras, les toca afrontar una dura resistencia, persecuciones, asesinatos, la continua segregaci\u00f3n y el estigma de ser acusados despectivamente de querer seguir viviendo como \u201csalvajes\u201d sin adaptarse a las reglas del as\u00ed llamado mundo moderno.<\/p>\n<p>Am\u00e9rica Latina y el Caribe sufren hoy esta inhumanidad, que no debe permanecer oculta ni perdurar sin ser resuelta. Dedicamos por ello nuestro programa semanal a quienes se dedican, arriesgando su libertad y frecuentemente su propia vida, a defender los derechos humanos de los cuarenta y dos millones de personas pertenecientes a las naciones aut\u00f3ctonas de nuestra regi\u00f3n.<\/p>\n<p><em>\u201cRegional y Popular\u201d es un segmento radial semanal de quince minutos dedicado a temas relacionados con la integraci\u00f3n de Latinoam\u00e9rica y el Caribe. Est\u00e1 dise\u00f1ado para ser incluido con facilidad en cualquier programa o programaci\u00f3n radial. Si una emisora quiere difundir regularmente nuestros programas, puede conectarnos en nuestro <a href=\"mailto:javiertolcachier@gmail.com\">correo<\/a> de referencia y se los enviaremos cada semana.<\/em><\/p>\n","protected":false},"excerpt":{"rendered":"<p>Pueblos originarios en Am\u00e9rica Latina y el Caribe: Perseguidos, desterrados, discriminados, asesinados. A trav\u00e9s de los siglos todos los derechos humanos fundamentales de los habitantes originales de estas tierras fueron ignorados por los invasores y sus sucesores en el poder&hellip;<\/p>\n","protected":false},"author":87,"featured_media":291246,"comment_status":"closed","ping_status":"closed","sticky":false,"template":"","format":"standard","meta":{"footnotes":""},"categories":[69,11389,75,39,80,22754,67],"tags":[14640,20866,25057,4495,21254],"class_list":["post-291245","post","type-post","status-publish","format-standard","has-post-thumbnail","hentry","category-america-central","category-contenido-original","category-cultura-es","category-internacional","category-pueblos-originarios","category-radio-es","category-sudamerica","tag-integracion-latinoamericana","tag-la-ranchada","tag-puebloas-originarios","tag-radio-it","tag-regional-y-popular"],"yoast_head":"<!-- This site is optimized with the Yoast SEO plugin v27.1.1 - https:\/\/yoast.com\/product\/yoast-seo-wordpress\/ -->\n<title>Regional y Popular 21: Pueblos originarios perseguidos, desterrados, discriminados, asesinados<\/title>\n<meta name=\"description\" content=\"Pueblos originarios en Am\u00e9rica Latina y el Caribe: Perseguidos, desterrados, discriminados, asesinados. A trav\u00e9s de los siglos todos los derechos humanos\" \/>\n<meta name=\"robots\" content=\"index, follow, max-snippet:-1, max-image-preview:large, max-video-preview:-1\" \/>\n<link rel=\"canonical\" href=\"https:\/\/www.pressenza.com\/es\/2016\/03\/regional-y-popular-21-pueblo-originarios-perseguidos-desterrados-discriminados-asesinados\/\" \/>\n<meta property=\"og:locale\" content=\"es_ES\" \/>\n<meta property=\"og:type\" content=\"article\" \/>\n<meta property=\"og:title\" content=\"Regional y Popular 21: Pueblos originarios perseguidos, desterrados, discriminados, asesinados\" \/>\n<meta property=\"og:description\" content=\"Pueblos originarios en Am\u00e9rica Latina y el Caribe: Perseguidos, desterrados, discriminados, asesinados. A trav\u00e9s de los siglos todos los derechos humanos\" \/>\n<meta property=\"og:url\" content=\"https:\/\/www.pressenza.com\/es\/2016\/03\/regional-y-popular-21-pueblo-originarios-perseguidos-desterrados-discriminados-asesinados\/\" \/>\n<meta property=\"og:site_name\" content=\"Pressenza\" \/>\n<meta property=\"article:publisher\" content=\"https:\/\/www.facebook.com\/PressenzaItalia\" \/>\n<meta property=\"article:published_time\" content=\"2016-03-18T00:23:31+00:00\" \/>\n<meta property=\"og:image\" content=\"https:\/\/www.pressenza.com\/wp-content\/uploads\/2016\/03\/TupacMas.jpg\" \/>\n\t<meta property=\"og:image:width\" content=\"960\" \/>\n\t<meta property=\"og:image:height\" content=\"637\" \/>\n\t<meta property=\"og:image:type\" content=\"image\/jpeg\" \/>\n<meta name=\"author\" content=\"Redacci\u00f3n Argentina\" \/>\n<meta name=\"twitter:card\" content=\"summary_large_image\" \/>\n<meta name=\"twitter:creator\" content=\"@pressenza\" \/>\n<meta name=\"twitter:site\" content=\"@PressenzaIPA\" \/>\n<meta name=\"twitter:label1\" content=\"Escrito por\" \/>\n\t<meta name=\"twitter:data1\" content=\"Redacci\u00f3n Argentina\" \/>\n\t<meta name=\"twitter:label2\" content=\"Tiempo de lectura\" \/>\n\t<meta name=\"twitter:data2\" content=\"2 minutos\" \/>\n<script type=\"application\/ld+json\" class=\"yoast-schema-graph\">{\"@context\":\"https:\/\/schema.org\",\"@graph\":[{\"@type\":\"Article\",\"@id\":\"https:\/\/www.pressenza.com\/es\/2016\/03\/regional-y-popular-21-pueblo-originarios-perseguidos-desterrados-discriminados-asesinados\/#article\",\"isPartOf\":{\"@id\":\"https:\/\/www.pressenza.com\/es\/2016\/03\/regional-y-popular-21-pueblo-originarios-perseguidos-desterrados-discriminados-asesinados\/\"},\"author\":{\"name\":\"Redacci\u00f3n Argentina\",\"@id\":\"https:\/\/www.pressenza.com\/es\/#\/schema\/person\/0dda7d1b68267ad95b1e1d83abc98c89\"},\"headline\":\"Regional y Popular 21: Pueblos originarios perseguidos, desterrados, discriminados, asesinados\",\"datePublished\":\"2016-03-18T00:23:31+00:00\",\"mainEntityOfPage\":{\"@id\":\"https:\/\/www.pressenza.com\/es\/2016\/03\/regional-y-popular-21-pueblo-originarios-perseguidos-desterrados-discriminados-asesinados\/\"},\"wordCount\":335,\"publisher\":{\"@id\":\"https:\/\/www.pressenza.com\/es\/#organization\"},\"image\":{\"@id\":\"https:\/\/www.pressenza.com\/es\/2016\/03\/regional-y-popular-21-pueblo-originarios-perseguidos-desterrados-discriminados-asesinados\/#primaryimage\"},\"thumbnailUrl\":\"https:\/\/www.pressenza.com\/wp-content\/uploads\/2016\/03\/TupacMas.jpg\",\"keywords\":[\"Integraci\u00f3n latinoamericana\",\"La Ranchada\",\"puebloas originarios\",\"radio\",\"Regional y Popular\"],\"articleSection\":[\"Am\u00e9rica Central\",\"Contenido Original\",\"Cultura y Medios\",\"Internacional\",\"Pueblos Originarios\",\"Radio\",\"Sudam\u00e9rica\"],\"inLanguage\":\"es\"},{\"@type\":\"WebPage\",\"@id\":\"https:\/\/www.pressenza.com\/es\/2016\/03\/regional-y-popular-21-pueblo-originarios-perseguidos-desterrados-discriminados-asesinados\/\",\"url\":\"https:\/\/www.pressenza.com\/es\/2016\/03\/regional-y-popular-21-pueblo-originarios-perseguidos-desterrados-discriminados-asesinados\/\",\"name\":\"Regional y Popular 21: Pueblos originarios perseguidos, desterrados, discriminados, asesinados\",\"isPartOf\":{\"@id\":\"https:\/\/www.pressenza.com\/es\/#website\"},\"primaryImageOfPage\":{\"@id\":\"https:\/\/www.pressenza.com\/es\/2016\/03\/regional-y-popular-21-pueblo-originarios-perseguidos-desterrados-discriminados-asesinados\/#primaryimage\"},\"image\":{\"@id\":\"https:\/\/www.pressenza.com\/es\/2016\/03\/regional-y-popular-21-pueblo-originarios-perseguidos-desterrados-discriminados-asesinados\/#primaryimage\"},\"thumbnailUrl\":\"https:\/\/www.pressenza.com\/wp-content\/uploads\/2016\/03\/TupacMas.jpg\",\"datePublished\":\"2016-03-18T00:23:31+00:00\",\"description\":\"Pueblos originarios en Am\u00e9rica Latina y el Caribe: Perseguidos, desterrados, discriminados, asesinados. A trav\u00e9s de los siglos todos los derechos humanos\",\"breadcrumb\":{\"@id\":\"https:\/\/www.pressenza.com\/es\/2016\/03\/regional-y-popular-21-pueblo-originarios-perseguidos-desterrados-discriminados-asesinados\/#breadcrumb\"},\"inLanguage\":\"es\",\"potentialAction\":[{\"@type\":\"ReadAction\",\"target\":[\"https:\/\/www.pressenza.com\/es\/2016\/03\/regional-y-popular-21-pueblo-originarios-perseguidos-desterrados-discriminados-asesinados\/\"]}]},{\"@type\":\"ImageObject\",\"inLanguage\":\"es\",\"@id\":\"https:\/\/www.pressenza.com\/es\/2016\/03\/regional-y-popular-21-pueblo-originarios-perseguidos-desterrados-discriminados-asesinados\/#primaryimage\",\"url\":\"https:\/\/www.pressenza.com\/wp-content\/uploads\/2016\/03\/TupacMas.jpg\",\"contentUrl\":\"https:\/\/www.pressenza.com\/wp-content\/uploads\/2016\/03\/TupacMas.jpg\",\"width\":960,\"height\":637},{\"@type\":\"BreadcrumbList\",\"@id\":\"https:\/\/www.pressenza.com\/es\/2016\/03\/regional-y-popular-21-pueblo-originarios-perseguidos-desterrados-discriminados-asesinados\/#breadcrumb\",\"itemListElement\":[{\"@type\":\"ListItem\",\"position\":1,\"name\":\"Accueil\",\"item\":\"https:\/\/www.pressenza.com\/es\/\"},{\"@type\":\"ListItem\",\"position\":2,\"name\":\"Regional y Popular 21: Pueblos originarios perseguidos, desterrados, discriminados, asesinados\"}]},{\"@type\":\"WebSite\",\"@id\":\"https:\/\/www.pressenza.com\/es\/#website\",\"url\":\"https:\/\/www.pressenza.com\/es\/\",\"name\":\"Pressenza\",\"description\":\"International Press Agency\",\"publisher\":{\"@id\":\"https:\/\/www.pressenza.com\/es\/#organization\"},\"potentialAction\":[{\"@type\":\"SearchAction\",\"target\":{\"@type\":\"EntryPoint\",\"urlTemplate\":\"https:\/\/www.pressenza.com\/es\/?s={search_term_string}\"},\"query-input\":{\"@type\":\"PropertyValueSpecification\",\"valueRequired\":true,\"valueName\":\"search_term_string\"}}],\"inLanguage\":\"es\"},{\"@type\":\"Organization\",\"@id\":\"https:\/\/www.pressenza.com\/es\/#organization\",\"name\":\"Pressenza\",\"url\":\"https:\/\/www.pressenza.com\/es\/\",\"logo\":{\"@type\":\"ImageObject\",\"inLanguage\":\"es\",\"@id\":\"https:\/\/www.pressenza.com\/es\/#\/schema\/logo\/image\/\",\"url\":\"https:\/\/www.pressenza.com\/wp-content\/uploads\/2022\/10\/pressenza_logo_200x200.jpg\",\"contentUrl\":\"https:\/\/www.pressenza.com\/wp-content\/uploads\/2022\/10\/pressenza_logo_200x200.jpg\",\"width\":200,\"height\":200,\"caption\":\"Pressenza\"},\"image\":{\"@id\":\"https:\/\/www.pressenza.com\/es\/#\/schema\/logo\/image\/\"},\"sameAs\":[\"https:\/\/www.facebook.com\/PressenzaItalia\",\"https:\/\/x.com\/PressenzaIPA\"]},{\"@type\":\"Person\",\"@id\":\"https:\/\/www.pressenza.com\/es\/#\/schema\/person\/0dda7d1b68267ad95b1e1d83abc98c89\",\"name\":\"Redacci\u00f3n Argentina\",\"description\":\"News from the Pressenza Bureau in Argentina.\",\"sameAs\":[\"https:\/\/x.com\/pressenza\"],\"url\":\"https:\/\/www.pressenza.com\/es\/author\/redaccion-argentina\/\"}]}<\/script>\n<!-- \/ Yoast SEO plugin. -->","yoast_head_json":{"title":"Regional y Popular 21: Pueblos originarios perseguidos, desterrados, discriminados, asesinados","description":"Pueblos originarios en Am\u00e9rica Latina y el Caribe: Perseguidos, desterrados, discriminados, asesinados. A trav\u00e9s de los siglos todos los derechos humanos","robots":{"index":"index","follow":"follow","max-snippet":"max-snippet:-1","max-image-preview":"max-image-preview:large","max-video-preview":"max-video-preview:-1"},"canonical":"https:\/\/www.pressenza.com\/es\/2016\/03\/regional-y-popular-21-pueblo-originarios-perseguidos-desterrados-discriminados-asesinados\/","og_locale":"es_ES","og_type":"article","og_title":"Regional y Popular 21: Pueblos originarios perseguidos, desterrados, discriminados, asesinados","og_description":"Pueblos originarios en Am\u00e9rica Latina y el Caribe: Perseguidos, desterrados, discriminados, asesinados. A trav\u00e9s de los siglos todos los derechos humanos","og_url":"https:\/\/www.pressenza.com\/es\/2016\/03\/regional-y-popular-21-pueblo-originarios-perseguidos-desterrados-discriminados-asesinados\/","og_site_name":"Pressenza","article_publisher":"https:\/\/www.facebook.com\/PressenzaItalia","article_published_time":"2016-03-18T00:23:31+00:00","og_image":[{"width":960,"height":637,"url":"https:\/\/www.pressenza.com\/wp-content\/uploads\/2016\/03\/TupacMas.jpg","type":"image\/jpeg"}],"author":"Redacci\u00f3n Argentina","twitter_card":"summary_large_image","twitter_creator":"@pressenza","twitter_site":"@PressenzaIPA","twitter_misc":{"Escrito por":"Redacci\u00f3n Argentina","Tiempo de lectura":"2 minutos"},"schema":{"@context":"https:\/\/schema.org","@graph":[{"@type":"Article","@id":"https:\/\/www.pressenza.com\/es\/2016\/03\/regional-y-popular-21-pueblo-originarios-perseguidos-desterrados-discriminados-asesinados\/#article","isPartOf":{"@id":"https:\/\/www.pressenza.com\/es\/2016\/03\/regional-y-popular-21-pueblo-originarios-perseguidos-desterrados-discriminados-asesinados\/"},"author":{"name":"Redacci\u00f3n Argentina","@id":"https:\/\/www.pressenza.com\/es\/#\/schema\/person\/0dda7d1b68267ad95b1e1d83abc98c89"},"headline":"Regional y Popular 21: Pueblos originarios perseguidos, desterrados, discriminados, asesinados","datePublished":"2016-03-18T00:23:31+00:00","mainEntityOfPage":{"@id":"https:\/\/www.pressenza.com\/es\/2016\/03\/regional-y-popular-21-pueblo-originarios-perseguidos-desterrados-discriminados-asesinados\/"},"wordCount":335,"publisher":{"@id":"https:\/\/www.pressenza.com\/es\/#organization"},"image":{"@id":"https:\/\/www.pressenza.com\/es\/2016\/03\/regional-y-popular-21-pueblo-originarios-perseguidos-desterrados-discriminados-asesinados\/#primaryimage"},"thumbnailUrl":"https:\/\/www.pressenza.com\/wp-content\/uploads\/2016\/03\/TupacMas.jpg","keywords":["Integraci\u00f3n latinoamericana","La Ranchada","puebloas originarios","radio","Regional y Popular"],"articleSection":["Am\u00e9rica Central","Contenido Original","Cultura y Medios","Internacional","Pueblos Originarios","Radio","Sudam\u00e9rica"],"inLanguage":"es"},{"@type":"WebPage","@id":"https:\/\/www.pressenza.com\/es\/2016\/03\/regional-y-popular-21-pueblo-originarios-perseguidos-desterrados-discriminados-asesinados\/","url":"https:\/\/www.pressenza.com\/es\/2016\/03\/regional-y-popular-21-pueblo-originarios-perseguidos-desterrados-discriminados-asesinados\/","name":"Regional y Popular 21: Pueblos originarios perseguidos, desterrados, discriminados, asesinados","isPartOf":{"@id":"https:\/\/www.pressenza.com\/es\/#website"},"primaryImageOfPage":{"@id":"https:\/\/www.pressenza.com\/es\/2016\/03\/regional-y-popular-21-pueblo-originarios-perseguidos-desterrados-discriminados-asesinados\/#primaryimage"},"image":{"@id":"https:\/\/www.pressenza.com\/es\/2016\/03\/regional-y-popular-21-pueblo-originarios-perseguidos-desterrados-discriminados-asesinados\/#primaryimage"},"thumbnailUrl":"https:\/\/www.pressenza.com\/wp-content\/uploads\/2016\/03\/TupacMas.jpg","datePublished":"2016-03-18T00:23:31+00:00","description":"Pueblos originarios en Am\u00e9rica Latina y el Caribe: Perseguidos, desterrados, discriminados, asesinados. A trav\u00e9s de los siglos todos los derechos humanos","breadcrumb":{"@id":"https:\/\/www.pressenza.com\/es\/2016\/03\/regional-y-popular-21-pueblo-originarios-perseguidos-desterrados-discriminados-asesinados\/#breadcrumb"},"inLanguage":"es","potentialAction":[{"@type":"ReadAction","target":["https:\/\/www.pressenza.com\/es\/2016\/03\/regional-y-popular-21-pueblo-originarios-perseguidos-desterrados-discriminados-asesinados\/"]}]},{"@type":"ImageObject","inLanguage":"es","@id":"https:\/\/www.pressenza.com\/es\/2016\/03\/regional-y-popular-21-pueblo-originarios-perseguidos-desterrados-discriminados-asesinados\/#primaryimage","url":"https:\/\/www.pressenza.com\/wp-content\/uploads\/2016\/03\/TupacMas.jpg","contentUrl":"https:\/\/www.pressenza.com\/wp-content\/uploads\/2016\/03\/TupacMas.jpg","width":960,"height":637},{"@type":"BreadcrumbList","@id":"https:\/\/www.pressenza.com\/es\/2016\/03\/regional-y-popular-21-pueblo-originarios-perseguidos-desterrados-discriminados-asesinados\/#breadcrumb","itemListElement":[{"@type":"ListItem","position":1,"name":"Accueil","item":"https:\/\/www.pressenza.com\/es\/"},{"@type":"ListItem","position":2,"name":"Regional y Popular 21: Pueblos originarios perseguidos, desterrados, discriminados, asesinados"}]},{"@type":"WebSite","@id":"https:\/\/www.pressenza.com\/es\/#website","url":"https:\/\/www.pressenza.com\/es\/","name":"Pressenza","description":"International Press Agency","publisher":{"@id":"https:\/\/www.pressenza.com\/es\/#organization"},"potentialAction":[{"@type":"SearchAction","target":{"@type":"EntryPoint","urlTemplate":"https:\/\/www.pressenza.com\/es\/?s={search_term_string}"},"query-input":{"@type":"PropertyValueSpecification","valueRequired":true,"valueName":"search_term_string"}}],"inLanguage":"es"},{"@type":"Organization","@id":"https:\/\/www.pressenza.com\/es\/#organization","name":"Pressenza","url":"https:\/\/www.pressenza.com\/es\/","logo":{"@type":"ImageObject","inLanguage":"es","@id":"https:\/\/www.pressenza.com\/es\/#\/schema\/logo\/image\/","url":"https:\/\/www.pressenza.com\/wp-content\/uploads\/2022\/10\/pressenza_logo_200x200.jpg","contentUrl":"https:\/\/www.pressenza.com\/wp-content\/uploads\/2022\/10\/pressenza_logo_200x200.jpg","width":200,"height":200,"caption":"Pressenza"},"image":{"@id":"https:\/\/www.pressenza.com\/es\/#\/schema\/logo\/image\/"},"sameAs":["https:\/\/www.facebook.com\/PressenzaItalia","https:\/\/x.com\/PressenzaIPA"]},{"@type":"Person","@id":"https:\/\/www.pressenza.com\/es\/#\/schema\/person\/0dda7d1b68267ad95b1e1d83abc98c89","name":"Redacci\u00f3n Argentina","description":"News from the Pressenza Bureau in Argentina.","sameAs":["https:\/\/x.com\/pressenza"],"url":"https:\/\/www.pressenza.com\/es\/author\/redaccion-argentina\/"}]}},"place":"C\u00f3rdoba","original_article_url":"","_links":{"self":[{"href":"https:\/\/www.pressenza.com\/es\/wp-json\/wp\/v2\/posts\/291245","targetHints":{"allow":["GET"]}}],"collection":[{"href":"https:\/\/www.pressenza.com\/es\/wp-json\/wp\/v2\/posts"}],"about":[{"href":"https:\/\/www.pressenza.com\/es\/wp-json\/wp\/v2\/types\/post"}],"author":[{"embeddable":true,"href":"https:\/\/www.pressenza.com\/es\/wp-json\/wp\/v2\/users\/87"}],"replies":[{"embeddable":true,"href":"https:\/\/www.pressenza.com\/es\/wp-json\/wp\/v2\/comments?post=291245"}],"version-history":[{"count":0,"href":"https:\/\/www.pressenza.com\/es\/wp-json\/wp\/v2\/posts\/291245\/revisions"}],"wp:featuredmedia":[{"embeddable":true,"href":"https:\/\/www.pressenza.com\/es\/wp-json\/wp\/v2\/media\/291246"}],"wp:attachment":[{"href":"https:\/\/www.pressenza.com\/es\/wp-json\/wp\/v2\/media?parent=291245"}],"wp:term":[{"taxonomy":"category","embeddable":true,"href":"https:\/\/www.pressenza.com\/es\/wp-json\/wp\/v2\/categories?post=291245"},{"taxonomy":"post_tag","embeddable":true,"href":"https:\/\/www.pressenza.com\/es\/wp-json\/wp\/v2\/tags?post=291245"}],"curies":[{"name":"wp","href":"https:\/\/api.w.org\/{rel}","templated":true}]}}