{"id":2899,"date":"2010-02-04T00:00:00","date_gmt":"2010-02-04T00:00:00","guid":{"rendered":""},"modified":"2010-02-08T20:25:44","modified_gmt":"2010-02-08T20:25:44","slug":"accion-de-paz-de-xus-for-okinawax","status":"publish","type":"post","link":"https:\/\/www.pressenza.com\/es\/2010\/02\/accion-de-paz-de-xus-for-okinawax\/","title":{"rendered":"Acci\u00f3n de Paz de \u00abUS for Okinawa\u00bb"},"content":{"rendered":"<p>Sin embargo, est\u00e1n consternados porque el cierre de Futenma est\u00e1 supeditado a la construcci\u00f3n de nuevas instalaciones militares en Henoko, otra parte de la isla de Okinawa. Una mayor\u00eda de residentes en Henoko se opone fuertemente a esta nueva construcci\u00f3n, y es posible comprender por qu\u00e9. Ser\u00eda simplemente transferir los problemas de contaminaci\u00f3n, ruido, y peligros en la seguridad de una parte de Okinawa a otra, y podr\u00eda tambi\u00e9n destruir mucho del fr\u00e1gil ecosistema de Oura Bay. Esto probablemente conducir\u00e1 a la extinci\u00f3n de los dugongos de Jap\u00f3n, as\u00ed como una vez m\u00e1s a negar a los pobladores de Okinawa el acceso a una parte de sus tierras tradicionales y al agua.<\/p>\n<p>Es hora de que EEUU se comprometa con el resto del mundo a trav\u00e9s de relaciones diplom\u00e1ticas, econ\u00f3micas y culturales, m\u00e1s que por medios militares, y deje de aumentar su colecci\u00f3n de 1000 bases militares alrededor del mundo. Y es hora de que el gobierno japon\u00e9s diga fuerte y claro: \u201cCerrar Futenma\u201d y \u201cNo m\u00e1s nuevas instalaciones militares en Okinawa\u201d.<\/p>\n<p>Para m\u00e1s informaci\u00f3n:<br \/>\nEmilie McGlone &#8211; emilie@peaceboat.gr.jp<br \/>\nRose Welsch &#8211; rose@peaceboat.gr.jp<br \/>\nhttp:\/\/www.us-for-okinawa.blogspot.com <\/p>\n<p>*(Traducci\u00f3n: Augusto Riquelme)*<\/p>\n","protected":false},"excerpt":{"rendered":"<p>Los miembros de la red de acci\u00f3n por la paz \u00abUS for OKINAWA\u00bb se reunieron el 31 de enero para expresar su inquietud por la enorme carga que bases militares de EEUU est\u00e1n colocando en Okinawa. Las instalaciones militares de EEUU ya ocupan cerca del 20% de la Isla de Okinawa e incluso los gobiernos de EEUU y Jap\u00f3n est\u00e1n de acuerdo en que la Base A\u00e9rea Futenma deber\u00eda cerrarse. <\/p>\n","protected":false},"author":19,"featured_media":0,"comment_status":"closed","ping_status":"open","sticky":false,"template":"","format":"standard","meta":{"footnotes":""},"categories":[65,76,149],"tags":[],"class_list":["post-2899","post","type-post","status-publish","format-standard","hentry","category-asia-es","category-relaciones-exteriores","category-comunicados-de-prensa"],"yoast_head":"<!-- This site is optimized with the Yoast SEO plugin v27.1.1 - https:\/\/yoast.com\/product\/yoast-seo-wordpress\/ -->\n<title>Acci\u00f3n de Paz de &quot;US for Okinawa&quot;<\/title>\n<meta name=\"description\" content=\"Los miembros de la red de acci\u00f3n por la paz &quot;US for OKINAWA&quot; se reunieron el 31 de enero para expresar su inquietud por la enorme carga que bases militares de EEUU est\u00e1n colocando en Okinawa. Las instalaciones militares de EEUU ya ocupan cerca del 20% de la Isla de Okinawa e incluso los gobiernos de EEUU y Jap\u00f3n est\u00e1n de acuerdo en que la Base A\u00e9rea Futenma deber\u00eda cerrarse.\" \/>\n<meta name=\"robots\" content=\"index, follow, max-snippet:-1, max-image-preview:large, max-video-preview:-1\" \/>\n<link rel=\"canonical\" href=\"https:\/\/www.pressenza.com\/es\/2010\/02\/accion-de-paz-de-xus-for-okinawax\/\" \/>\n<meta property=\"og:locale\" content=\"es_ES\" \/>\n<meta property=\"og:type\" content=\"article\" \/>\n<meta property=\"og:title\" content=\"Acci\u00f3n de Paz de &quot;US for Okinawa&quot;\" \/>\n<meta property=\"og:description\" content=\"Los miembros de la red de acci\u00f3n por la paz &quot;US for OKINAWA&quot; se reunieron el 31 de enero para expresar su inquietud por la enorme carga que bases militares de EEUU est\u00e1n colocando en Okinawa. Las instalaciones militares de EEUU ya ocupan cerca del 20% de la Isla de Okinawa e incluso los gobiernos de EEUU y Jap\u00f3n est\u00e1n de acuerdo en que la Base A\u00e9rea Futenma deber\u00eda cerrarse.\" \/>\n<meta property=\"og:url\" content=\"https:\/\/www.pressenza.com\/es\/2010\/02\/accion-de-paz-de-xus-for-okinawax\/\" \/>\n<meta property=\"og:site_name\" content=\"Pressenza\" \/>\n<meta property=\"article:publisher\" content=\"https:\/\/www.facebook.com\/PressenzaItalia\" \/>\n<meta property=\"article:author\" content=\"https:\/\/www.facebook.com\/pressenza\" \/>\n<meta property=\"article:published_time\" content=\"2010-02-04T00:00:00+00:00\" \/>\n<meta property=\"article:modified_time\" content=\"2010-02-08T20:25:44+00:00\" \/>\n<meta name=\"author\" content=\"Pressenza IPA\" \/>\n<meta name=\"twitter:card\" content=\"summary_large_image\" \/>\n<meta name=\"twitter:creator\" content=\"@PressenzaIPA\" \/>\n<meta name=\"twitter:site\" content=\"@PressenzaIPA\" \/>\n<meta name=\"twitter:label1\" content=\"Escrito por\" \/>\n\t<meta name=\"twitter:data1\" content=\"Pressenza IPA\" \/>\n\t<meta name=\"twitter:label2\" content=\"Tiempo de lectura\" \/>\n\t<meta name=\"twitter:data2\" content=\"1 minuto\" \/>\n<script type=\"application\/ld+json\" class=\"yoast-schema-graph\">{\"@context\":\"https:\/\/schema.org\",\"@graph\":[{\"@type\":\"Article\",\"@id\":\"https:\/\/www.pressenza.com\/es\/2010\/02\/accion-de-paz-de-xus-for-okinawax\/#article\",\"isPartOf\":{\"@id\":\"https:\/\/www.pressenza.com\/es\/2010\/02\/accion-de-paz-de-xus-for-okinawax\/\"},\"author\":{\"name\":\"Pressenza IPA\",\"@id\":\"https:\/\/www.pressenza.com\/es\/#\/schema\/person\/010e5d02bcf40965427a1289a4cc8d75\"},\"headline\":\"Acci\u00f3n de Paz de \u00abUS for Okinawa\u00bb\",\"datePublished\":\"2010-02-04T00:00:00+00:00\",\"dateModified\":\"2010-02-08T20:25:44+00:00\",\"mainEntityOfPage\":{\"@id\":\"https:\/\/www.pressenza.com\/es\/2010\/02\/accion-de-paz-de-xus-for-okinawax\/\"},\"wordCount\":226,\"publisher\":{\"@id\":\"https:\/\/www.pressenza.com\/es\/#organization\"},\"articleSection\":[\"Asia\",\"Asuntos internacionales\",\"Comunicados de Prensa\"],\"inLanguage\":\"es\"},{\"@type\":\"WebPage\",\"@id\":\"https:\/\/www.pressenza.com\/es\/2010\/02\/accion-de-paz-de-xus-for-okinawax\/\",\"url\":\"https:\/\/www.pressenza.com\/es\/2010\/02\/accion-de-paz-de-xus-for-okinawax\/\",\"name\":\"Acci\u00f3n de Paz de \\\"US for Okinawa\\\"\",\"isPartOf\":{\"@id\":\"https:\/\/www.pressenza.com\/es\/#website\"},\"datePublished\":\"2010-02-04T00:00:00+00:00\",\"dateModified\":\"2010-02-08T20:25:44+00:00\",\"description\":\"Los miembros de la red de acci\u00f3n por la paz \\\"US for OKINAWA\\\" se reunieron el 31 de enero para expresar su inquietud por la enorme carga que bases militares de EEUU est\u00e1n colocando en Okinawa. Las instalaciones militares de EEUU ya ocupan cerca del 20% de la Isla de Okinawa e incluso los gobiernos de EEUU y Jap\u00f3n est\u00e1n de acuerdo en que la Base A\u00e9rea Futenma deber\u00eda cerrarse.\",\"breadcrumb\":{\"@id\":\"https:\/\/www.pressenza.com\/es\/2010\/02\/accion-de-paz-de-xus-for-okinawax\/#breadcrumb\"},\"inLanguage\":\"es\",\"potentialAction\":[{\"@type\":\"ReadAction\",\"target\":[\"https:\/\/www.pressenza.com\/es\/2010\/02\/accion-de-paz-de-xus-for-okinawax\/\"]}]},{\"@type\":\"BreadcrumbList\",\"@id\":\"https:\/\/www.pressenza.com\/es\/2010\/02\/accion-de-paz-de-xus-for-okinawax\/#breadcrumb\",\"itemListElement\":[{\"@type\":\"ListItem\",\"position\":1,\"name\":\"Accueil\",\"item\":\"https:\/\/www.pressenza.com\/es\/\"},{\"@type\":\"ListItem\",\"position\":2,\"name\":\"Acci\u00f3n de Paz de \u00abUS for Okinawa\u00bb\"}]},{\"@type\":\"WebSite\",\"@id\":\"https:\/\/www.pressenza.com\/es\/#website\",\"url\":\"https:\/\/www.pressenza.com\/es\/\",\"name\":\"Pressenza\",\"description\":\"International Press Agency\",\"publisher\":{\"@id\":\"https:\/\/www.pressenza.com\/es\/#organization\"},\"potentialAction\":[{\"@type\":\"SearchAction\",\"target\":{\"@type\":\"EntryPoint\",\"urlTemplate\":\"https:\/\/www.pressenza.com\/es\/?s={search_term_string}\"},\"query-input\":{\"@type\":\"PropertyValueSpecification\",\"valueRequired\":true,\"valueName\":\"search_term_string\"}}],\"inLanguage\":\"es\"},{\"@type\":\"Organization\",\"@id\":\"https:\/\/www.pressenza.com\/es\/#organization\",\"name\":\"Pressenza\",\"url\":\"https:\/\/www.pressenza.com\/es\/\",\"logo\":{\"@type\":\"ImageObject\",\"inLanguage\":\"es\",\"@id\":\"https:\/\/www.pressenza.com\/es\/#\/schema\/logo\/image\/\",\"url\":\"https:\/\/www.pressenza.com\/wp-content\/uploads\/2022\/10\/pressenza_logo_200x200.jpg\",\"contentUrl\":\"https:\/\/www.pressenza.com\/wp-content\/uploads\/2022\/10\/pressenza_logo_200x200.jpg\",\"width\":200,\"height\":200,\"caption\":\"Pressenza\"},\"image\":{\"@id\":\"https:\/\/www.pressenza.com\/es\/#\/schema\/logo\/image\/\"},\"sameAs\":[\"https:\/\/www.facebook.com\/PressenzaItalia\",\"https:\/\/x.com\/PressenzaIPA\"]},{\"@type\":\"Person\",\"@id\":\"https:\/\/www.pressenza.com\/es\/#\/schema\/person\/010e5d02bcf40965427a1289a4cc8d75\",\"name\":\"Pressenza IPA\",\"description\":\"News from Pressenza IPA correspondents\",\"sameAs\":[\"https:\/\/www.facebook.com\/pressenza\",\"https:\/\/x.com\/PressenzaIPA\"],\"url\":\"https:\/\/www.pressenza.com\/es\/author\/pressenza-ipa\/\"}]}<\/script>\n<!-- \/ Yoast SEO plugin. -->","yoast_head_json":{"title":"Acci\u00f3n de Paz de \"US for Okinawa\"","description":"Los miembros de la red de acci\u00f3n por la paz \"US for OKINAWA\" se reunieron el 31 de enero para expresar su inquietud por la enorme carga que bases militares de EEUU est\u00e1n colocando en Okinawa. Las instalaciones militares de EEUU ya ocupan cerca del 20% de la Isla de Okinawa e incluso los gobiernos de EEUU y Jap\u00f3n est\u00e1n de acuerdo en que la Base A\u00e9rea Futenma deber\u00eda cerrarse.","robots":{"index":"index","follow":"follow","max-snippet":"max-snippet:-1","max-image-preview":"max-image-preview:large","max-video-preview":"max-video-preview:-1"},"canonical":"https:\/\/www.pressenza.com\/es\/2010\/02\/accion-de-paz-de-xus-for-okinawax\/","og_locale":"es_ES","og_type":"article","og_title":"Acci\u00f3n de Paz de \"US for Okinawa\"","og_description":"Los miembros de la red de acci\u00f3n por la paz \"US for OKINAWA\" se reunieron el 31 de enero para expresar su inquietud por la enorme carga que bases militares de EEUU est\u00e1n colocando en Okinawa. Las instalaciones militares de EEUU ya ocupan cerca del 20% de la Isla de Okinawa e incluso los gobiernos de EEUU y Jap\u00f3n est\u00e1n de acuerdo en que la Base A\u00e9rea Futenma deber\u00eda cerrarse.","og_url":"https:\/\/www.pressenza.com\/es\/2010\/02\/accion-de-paz-de-xus-for-okinawax\/","og_site_name":"Pressenza","article_publisher":"https:\/\/www.facebook.com\/PressenzaItalia","article_author":"https:\/\/www.facebook.com\/pressenza","article_published_time":"2010-02-04T00:00:00+00:00","article_modified_time":"2010-02-08T20:25:44+00:00","author":"Pressenza IPA","twitter_card":"summary_large_image","twitter_creator":"@PressenzaIPA","twitter_site":"@PressenzaIPA","twitter_misc":{"Escrito por":"Pressenza IPA","Tiempo de lectura":"1 minuto"},"schema":{"@context":"https:\/\/schema.org","@graph":[{"@type":"Article","@id":"https:\/\/www.pressenza.com\/es\/2010\/02\/accion-de-paz-de-xus-for-okinawax\/#article","isPartOf":{"@id":"https:\/\/www.pressenza.com\/es\/2010\/02\/accion-de-paz-de-xus-for-okinawax\/"},"author":{"name":"Pressenza IPA","@id":"https:\/\/www.pressenza.com\/es\/#\/schema\/person\/010e5d02bcf40965427a1289a4cc8d75"},"headline":"Acci\u00f3n de Paz de \u00abUS for Okinawa\u00bb","datePublished":"2010-02-04T00:00:00+00:00","dateModified":"2010-02-08T20:25:44+00:00","mainEntityOfPage":{"@id":"https:\/\/www.pressenza.com\/es\/2010\/02\/accion-de-paz-de-xus-for-okinawax\/"},"wordCount":226,"publisher":{"@id":"https:\/\/www.pressenza.com\/es\/#organization"},"articleSection":["Asia","Asuntos internacionales","Comunicados de Prensa"],"inLanguage":"es"},{"@type":"WebPage","@id":"https:\/\/www.pressenza.com\/es\/2010\/02\/accion-de-paz-de-xus-for-okinawax\/","url":"https:\/\/www.pressenza.com\/es\/2010\/02\/accion-de-paz-de-xus-for-okinawax\/","name":"Acci\u00f3n de Paz de \"US for Okinawa\"","isPartOf":{"@id":"https:\/\/www.pressenza.com\/es\/#website"},"datePublished":"2010-02-04T00:00:00+00:00","dateModified":"2010-02-08T20:25:44+00:00","description":"Los miembros de la red de acci\u00f3n por la paz \"US for OKINAWA\" se reunieron el 31 de enero para expresar su inquietud por la enorme carga que bases militares de EEUU est\u00e1n colocando en Okinawa. Las instalaciones militares de EEUU ya ocupan cerca del 20% de la Isla de Okinawa e incluso los gobiernos de EEUU y Jap\u00f3n est\u00e1n de acuerdo en que la Base A\u00e9rea Futenma deber\u00eda cerrarse.","breadcrumb":{"@id":"https:\/\/www.pressenza.com\/es\/2010\/02\/accion-de-paz-de-xus-for-okinawax\/#breadcrumb"},"inLanguage":"es","potentialAction":[{"@type":"ReadAction","target":["https:\/\/www.pressenza.com\/es\/2010\/02\/accion-de-paz-de-xus-for-okinawax\/"]}]},{"@type":"BreadcrumbList","@id":"https:\/\/www.pressenza.com\/es\/2010\/02\/accion-de-paz-de-xus-for-okinawax\/#breadcrumb","itemListElement":[{"@type":"ListItem","position":1,"name":"Accueil","item":"https:\/\/www.pressenza.com\/es\/"},{"@type":"ListItem","position":2,"name":"Acci\u00f3n de Paz de \u00abUS for Okinawa\u00bb"}]},{"@type":"WebSite","@id":"https:\/\/www.pressenza.com\/es\/#website","url":"https:\/\/www.pressenza.com\/es\/","name":"Pressenza","description":"International Press Agency","publisher":{"@id":"https:\/\/www.pressenza.com\/es\/#organization"},"potentialAction":[{"@type":"SearchAction","target":{"@type":"EntryPoint","urlTemplate":"https:\/\/www.pressenza.com\/es\/?s={search_term_string}"},"query-input":{"@type":"PropertyValueSpecification","valueRequired":true,"valueName":"search_term_string"}}],"inLanguage":"es"},{"@type":"Organization","@id":"https:\/\/www.pressenza.com\/es\/#organization","name":"Pressenza","url":"https:\/\/www.pressenza.com\/es\/","logo":{"@type":"ImageObject","inLanguage":"es","@id":"https:\/\/www.pressenza.com\/es\/#\/schema\/logo\/image\/","url":"https:\/\/www.pressenza.com\/wp-content\/uploads\/2022\/10\/pressenza_logo_200x200.jpg","contentUrl":"https:\/\/www.pressenza.com\/wp-content\/uploads\/2022\/10\/pressenza_logo_200x200.jpg","width":200,"height":200,"caption":"Pressenza"},"image":{"@id":"https:\/\/www.pressenza.com\/es\/#\/schema\/logo\/image\/"},"sameAs":["https:\/\/www.facebook.com\/PressenzaItalia","https:\/\/x.com\/PressenzaIPA"]},{"@type":"Person","@id":"https:\/\/www.pressenza.com\/es\/#\/schema\/person\/010e5d02bcf40965427a1289a4cc8d75","name":"Pressenza IPA","description":"News from Pressenza IPA correspondents","sameAs":["https:\/\/www.facebook.com\/pressenza","https:\/\/x.com\/PressenzaIPA"],"url":"https:\/\/www.pressenza.com\/es\/author\/pressenza-ipa\/"}]}},"place":"Okinawa","original_article_url":"","_links":{"self":[{"href":"https:\/\/www.pressenza.com\/es\/wp-json\/wp\/v2\/posts\/2899","targetHints":{"allow":["GET"]}}],"collection":[{"href":"https:\/\/www.pressenza.com\/es\/wp-json\/wp\/v2\/posts"}],"about":[{"href":"https:\/\/www.pressenza.com\/es\/wp-json\/wp\/v2\/types\/post"}],"author":[{"embeddable":true,"href":"https:\/\/www.pressenza.com\/es\/wp-json\/wp\/v2\/users\/19"}],"replies":[{"embeddable":true,"href":"https:\/\/www.pressenza.com\/es\/wp-json\/wp\/v2\/comments?post=2899"}],"version-history":[{"count":0,"href":"https:\/\/www.pressenza.com\/es\/wp-json\/wp\/v2\/posts\/2899\/revisions"}],"wp:attachment":[{"href":"https:\/\/www.pressenza.com\/es\/wp-json\/wp\/v2\/media?parent=2899"}],"wp:term":[{"taxonomy":"category","embeddable":true,"href":"https:\/\/www.pressenza.com\/es\/wp-json\/wp\/v2\/categories?post=2899"},{"taxonomy":"post_tag","embeddable":true,"href":"https:\/\/www.pressenza.com\/es\/wp-json\/wp\/v2\/tags?post=2899"}],"curies":[{"name":"wp","href":"https:\/\/api.w.org\/{rel}","templated":true}]}}