{"id":28972,"date":"2012-12-18T22:26:21","date_gmt":"2012-12-18T22:26:21","guid":{"rendered":"http:\/\/www.pressenza.com\/?p=28972"},"modified":"2012-12-20T14:00:00","modified_gmt":"2012-12-20T14:00:00","slug":"pueblos-originario-de-honduras-y-guatemala-hacia-el-13-baktun","status":"publish","type":"post","link":"https:\/\/www.pressenza.com\/es\/2012\/12\/pueblos-originario-de-honduras-y-guatemala-hacia-el-13-baktun\/","title":{"rendered":"Pueblos originarios de Honduras y Guatemala: hacia el 13 Baktun"},"content":{"rendered":"<p><a href=\"http:\/\/www.pressenza.com\/es\/2012\/12\/pueblos-originario-de-honduras-y-guatemala-hacia-el-13-baktun\/populvuh\/\" rel=\"attachment wp-att-28982\"><img loading=\"lazy\" decoding=\"async\" class=\" wp-image-28982 aligncenter\" title=\"Ilustraci\u00f3n Popul Vuh\" src=\"http:\/\/www.pressenza.com\/wp-content\/uploads\/2012\/12\/populvuh.jpeg\" alt=\"\" width=\"228\" height=\"221\" srcset=\"https:\/\/www.pressenza.com\/wp-content\/uploads\/2012\/12\/populvuh.jpeg 228w, https:\/\/www.pressenza.com\/wp-content\/uploads\/2012\/12\/populvuh-32x32.jpeg 32w\" sizes=\"auto, (max-width: 228px) 100vw, 228px\" \/><\/a><\/p>\n<p>&nbsp;<\/p>\n<p>El Chilam Balam de Cumayel de Yucat\u00e1n, uno de los antiguos libros mayas (1514), las abuelas y abuelos de estos pueblos originarias relatan c\u00f3mo su cultura, de grandes conocimientos cient\u00edficos y principios de respeto y armon\u00eda entre personas y con la naturaleza, era sustiuida por una cultura de terror, de despojo de las tierras, esclavitud e imposici\u00f3n de creencias y religi\u00f3n.<\/p>\n<p>En otros textos mayas como el Popul Vuh, el Memorial de Solol\u00e1 y los Anales de los Katchikeles, junto a los C\u00f3dices Mayas y la escritura que consta en las pir\u00e1mides mayas, se registran con fidelidad los conocimientos de esta cultura milenaria en diversos campos de la ciencia. El movimiento del sol, la luna y las estrellas y su relaci\u00f3n con m\u00faltiples aspectos de la vida humana y de la madre naturaleza; la medicina, las matem\u00e1ticas y el concepto del cero, el c\u00e1lculo del tiempo y los refinados conocimientos arquit\u00e9ctonicos, expresados de modo muy particular en lugares sagrados y centros ceremoniales, constituyen un legado de pensamiento y espiritualidad de este continente. En ese pensamiento y espiritualidad se inserta este momento: el 13 Baktun.<\/p>\n<p>El d\u00eda de hoy comenzaron ya los ceremoniales al agua y a la tierra en Honduras. Los pueblos originarios de este pa\u00eds mesoamericano, incluido el pueblo gar\u00edfuna, se han concentrado en todos los lugares sagrados para preparar el fin de esta \u00e9poca de miedo y violencia y recibir al 14 Baktun, la nueva \u00e9poca de b\u00fasqueda de equilibrio y armon\u00eda. En Guatemala, los diferentes pueblos de la cultura maya se est\u00e1n concentrando en cuatro lugares sagrados del pa\u00eds, para iniciar , el d\u00eda de ma\u00f1ana, la ceremonia del fuego, con la que iniciar\u00e1n sus preparativos para el d\u00eda 21. La llama se mantendr\u00e1 encendida desde el d\u00eda de ma\u00f1ana, como s\u00edmbolo de la nueva vida que comienza con el fin del 13 Baktun.<\/p>\n","protected":false},"excerpt":{"rendered":"<p>&nbsp; El Chilam Balam de Cumayel de Yucat\u00e1n, uno de los antiguos libros mayas (1514), las abuelas y abuelos de estos pueblos originarias relatan c\u00f3mo su cultura, de grandes conocimientos cient\u00edficos y principios de respeto y armon\u00eda entre personas y&hellip;<\/p>\n","protected":false},"author":454,"featured_media":0,"comment_status":"closed","ping_status":"open","sticky":false,"template":"","format":"standard","meta":{"footnotes":""},"categories":[1240,80,67],"tags":[],"class_list":["post-28972","post","type-post","status-publish","format-standard","hentry","category-humanismo-espiritualidad","category-pueblos-originarios","category-sudamerica"],"yoast_head":"<!-- This site is optimized with the Yoast SEO plugin v27.1.1 - https:\/\/yoast.com\/product\/yoast-seo-wordpress\/ -->\n<title>Pueblos originarios de Honduras y Guatemala: hacia el 13 Baktun<\/title>\n<meta name=\"description\" content=\"&nbsp; El Chilam Balam de Cumayel de Yucat\u00e1n, uno de los antiguos libros mayas (1514), las abuelas y abuelos de estos pueblos originarias relatan c\u00f3mo su\" \/>\n<meta name=\"robots\" content=\"index, follow, max-snippet:-1, max-image-preview:large, max-video-preview:-1\" \/>\n<link rel=\"canonical\" href=\"https:\/\/www.pressenza.com\/es\/2012\/12\/pueblos-originario-de-honduras-y-guatemala-hacia-el-13-baktun\/\" \/>\n<meta property=\"og:locale\" content=\"es_ES\" \/>\n<meta property=\"og:type\" content=\"article\" \/>\n<meta property=\"og:title\" content=\"Pueblos originarios de Honduras y Guatemala: hacia el 13 Baktun\" \/>\n<meta property=\"og:description\" content=\"&nbsp; El Chilam Balam de Cumayel de Yucat\u00e1n, uno de los antiguos libros mayas (1514), las abuelas y abuelos de estos pueblos originarias relatan c\u00f3mo su\" \/>\n<meta property=\"og:url\" content=\"https:\/\/www.pressenza.com\/es\/2012\/12\/pueblos-originario-de-honduras-y-guatemala-hacia-el-13-baktun\/\" \/>\n<meta property=\"og:site_name\" content=\"Pressenza\" \/>\n<meta property=\"article:publisher\" content=\"https:\/\/www.facebook.com\/PressenzaItalia\" \/>\n<meta property=\"article:published_time\" content=\"2012-12-18T22:26:21+00:00\" \/>\n<meta property=\"article:modified_time\" content=\"2012-12-20T14:00:00+00:00\" \/>\n<meta property=\"og:image\" content=\"https:\/\/www.pressenza.com\/wp-content\/uploads\/2012\/12\/populvuh.jpeg\" \/>\n\t<meta property=\"og:image:width\" content=\"228\" \/>\n\t<meta property=\"og:image:height\" content=\"221\" \/>\n\t<meta property=\"og:image:type\" content=\"image\/jpeg\" \/>\n<meta name=\"author\" content=\"Nelsy Lizarazo\" \/>\n<meta name=\"twitter:card\" content=\"summary_large_image\" \/>\n<meta name=\"twitter:creator\" content=\"@PressenzaIPA\" \/>\n<meta name=\"twitter:site\" content=\"@PressenzaIPA\" \/>\n<meta name=\"twitter:label1\" content=\"Escrito por\" \/>\n\t<meta name=\"twitter:data1\" content=\"Nelsy Lizarazo\" \/>\n\t<meta name=\"twitter:label2\" content=\"Tiempo de lectura\" \/>\n\t<meta name=\"twitter:data2\" content=\"2 minutos\" \/>\n<script type=\"application\/ld+json\" class=\"yoast-schema-graph\">{\"@context\":\"https:\/\/schema.org\",\"@graph\":[{\"@type\":\"Article\",\"@id\":\"https:\/\/www.pressenza.com\/es\/2012\/12\/pueblos-originario-de-honduras-y-guatemala-hacia-el-13-baktun\/#article\",\"isPartOf\":{\"@id\":\"https:\/\/www.pressenza.com\/es\/2012\/12\/pueblos-originario-de-honduras-y-guatemala-hacia-el-13-baktun\/\"},\"author\":{\"name\":\"Nelsy Lizarazo\",\"@id\":\"https:\/\/www.pressenza.com\/es\/#\/schema\/person\/25aa5b5c387ba3badce63b165da09f9c\"},\"headline\":\"Pueblos originarios de Honduras y Guatemala: hacia el 13 Baktun\",\"datePublished\":\"2012-12-18T22:26:21+00:00\",\"dateModified\":\"2012-12-20T14:00:00+00:00\",\"mainEntityOfPage\":{\"@id\":\"https:\/\/www.pressenza.com\/es\/2012\/12\/pueblos-originario-de-honduras-y-guatemala-hacia-el-13-baktun\/\"},\"wordCount\":338,\"publisher\":{\"@id\":\"https:\/\/www.pressenza.com\/es\/#organization\"},\"image\":{\"@id\":\"https:\/\/www.pressenza.com\/es\/2012\/12\/pueblos-originario-de-honduras-y-guatemala-hacia-el-13-baktun\/#primaryimage\"},\"thumbnailUrl\":\"http:\/\/www.pressenza.com\/wp-content\/uploads\/2012\/12\/populvuh.jpeg\",\"articleSection\":[\"Humanismo y Espiritualidad\",\"Pueblos Originarios\",\"Sudam\u00e9rica\"],\"inLanguage\":\"es\"},{\"@type\":\"WebPage\",\"@id\":\"https:\/\/www.pressenza.com\/es\/2012\/12\/pueblos-originario-de-honduras-y-guatemala-hacia-el-13-baktun\/\",\"url\":\"https:\/\/www.pressenza.com\/es\/2012\/12\/pueblos-originario-de-honduras-y-guatemala-hacia-el-13-baktun\/\",\"name\":\"Pueblos originarios de Honduras y Guatemala: hacia el 13 Baktun\",\"isPartOf\":{\"@id\":\"https:\/\/www.pressenza.com\/es\/#website\"},\"primaryImageOfPage\":{\"@id\":\"https:\/\/www.pressenza.com\/es\/2012\/12\/pueblos-originario-de-honduras-y-guatemala-hacia-el-13-baktun\/#primaryimage\"},\"image\":{\"@id\":\"https:\/\/www.pressenza.com\/es\/2012\/12\/pueblos-originario-de-honduras-y-guatemala-hacia-el-13-baktun\/#primaryimage\"},\"thumbnailUrl\":\"http:\/\/www.pressenza.com\/wp-content\/uploads\/2012\/12\/populvuh.jpeg\",\"datePublished\":\"2012-12-18T22:26:21+00:00\",\"dateModified\":\"2012-12-20T14:00:00+00:00\",\"description\":\"&nbsp; El Chilam Balam de Cumayel de Yucat\u00e1n, uno de los antiguos libros mayas (1514), las abuelas y abuelos de estos pueblos originarias relatan c\u00f3mo su\",\"breadcrumb\":{\"@id\":\"https:\/\/www.pressenza.com\/es\/2012\/12\/pueblos-originario-de-honduras-y-guatemala-hacia-el-13-baktun\/#breadcrumb\"},\"inLanguage\":\"es\",\"potentialAction\":[{\"@type\":\"ReadAction\",\"target\":[\"https:\/\/www.pressenza.com\/es\/2012\/12\/pueblos-originario-de-honduras-y-guatemala-hacia-el-13-baktun\/\"]}]},{\"@type\":\"ImageObject\",\"inLanguage\":\"es\",\"@id\":\"https:\/\/www.pressenza.com\/es\/2012\/12\/pueblos-originario-de-honduras-y-guatemala-hacia-el-13-baktun\/#primaryimage\",\"url\":\"http:\/\/www.pressenza.com\/wp-content\/uploads\/2012\/12\/populvuh.jpeg\",\"contentUrl\":\"http:\/\/www.pressenza.com\/wp-content\/uploads\/2012\/12\/populvuh.jpeg\"},{\"@type\":\"BreadcrumbList\",\"@id\":\"https:\/\/www.pressenza.com\/es\/2012\/12\/pueblos-originario-de-honduras-y-guatemala-hacia-el-13-baktun\/#breadcrumb\",\"itemListElement\":[{\"@type\":\"ListItem\",\"position\":1,\"name\":\"Accueil\",\"item\":\"https:\/\/www.pressenza.com\/es\/\"},{\"@type\":\"ListItem\",\"position\":2,\"name\":\"Pueblos originarios de Honduras y Guatemala: hacia el 13 Baktun\"}]},{\"@type\":\"WebSite\",\"@id\":\"https:\/\/www.pressenza.com\/es\/#website\",\"url\":\"https:\/\/www.pressenza.com\/es\/\",\"name\":\"Pressenza\",\"description\":\"International Press Agency\",\"publisher\":{\"@id\":\"https:\/\/www.pressenza.com\/es\/#organization\"},\"potentialAction\":[{\"@type\":\"SearchAction\",\"target\":{\"@type\":\"EntryPoint\",\"urlTemplate\":\"https:\/\/www.pressenza.com\/es\/?s={search_term_string}\"},\"query-input\":{\"@type\":\"PropertyValueSpecification\",\"valueRequired\":true,\"valueName\":\"search_term_string\"}}],\"inLanguage\":\"es\"},{\"@type\":\"Organization\",\"@id\":\"https:\/\/www.pressenza.com\/es\/#organization\",\"name\":\"Pressenza\",\"url\":\"https:\/\/www.pressenza.com\/es\/\",\"logo\":{\"@type\":\"ImageObject\",\"inLanguage\":\"es\",\"@id\":\"https:\/\/www.pressenza.com\/es\/#\/schema\/logo\/image\/\",\"url\":\"https:\/\/www.pressenza.com\/wp-content\/uploads\/2022\/10\/pressenza_logo_200x200.jpg\",\"contentUrl\":\"https:\/\/www.pressenza.com\/wp-content\/uploads\/2022\/10\/pressenza_logo_200x200.jpg\",\"width\":200,\"height\":200,\"caption\":\"Pressenza\"},\"image\":{\"@id\":\"https:\/\/www.pressenza.com\/es\/#\/schema\/logo\/image\/\"},\"sameAs\":[\"https:\/\/www.facebook.com\/PressenzaItalia\",\"https:\/\/x.com\/PressenzaIPA\"]},{\"@type\":\"Person\",\"@id\":\"https:\/\/www.pressenza.com\/es\/#\/schema\/person\/25aa5b5c387ba3badce63b165da09f9c\",\"name\":\"Nelsy Lizarazo\",\"description\":\"Nelsy Lizarazo, Colombian, living in Quito, Ecuador. Professional background in philosophy, literature, political sciences and international relations.\",\"url\":\"https:\/\/www.pressenza.com\/es\/author\/nelsy-lizarazo\/\"}]}<\/script>\n<!-- \/ Yoast SEO plugin. -->","yoast_head_json":{"title":"Pueblos originarios de Honduras y Guatemala: hacia el 13 Baktun","description":"&nbsp; El Chilam Balam de Cumayel de Yucat\u00e1n, uno de los antiguos libros mayas (1514), las abuelas y abuelos de estos pueblos originarias relatan c\u00f3mo su","robots":{"index":"index","follow":"follow","max-snippet":"max-snippet:-1","max-image-preview":"max-image-preview:large","max-video-preview":"max-video-preview:-1"},"canonical":"https:\/\/www.pressenza.com\/es\/2012\/12\/pueblos-originario-de-honduras-y-guatemala-hacia-el-13-baktun\/","og_locale":"es_ES","og_type":"article","og_title":"Pueblos originarios de Honduras y Guatemala: hacia el 13 Baktun","og_description":"&nbsp; El Chilam Balam de Cumayel de Yucat\u00e1n, uno de los antiguos libros mayas (1514), las abuelas y abuelos de estos pueblos originarias relatan c\u00f3mo su","og_url":"https:\/\/www.pressenza.com\/es\/2012\/12\/pueblos-originario-de-honduras-y-guatemala-hacia-el-13-baktun\/","og_site_name":"Pressenza","article_publisher":"https:\/\/www.facebook.com\/PressenzaItalia","article_published_time":"2012-12-18T22:26:21+00:00","article_modified_time":"2012-12-20T14:00:00+00:00","og_image":[{"width":228,"height":221,"url":"https:\/\/www.pressenza.com\/wp-content\/uploads\/2012\/12\/populvuh.jpeg","type":"image\/jpeg"}],"author":"Nelsy Lizarazo","twitter_card":"summary_large_image","twitter_creator":"@PressenzaIPA","twitter_site":"@PressenzaIPA","twitter_misc":{"Escrito por":"Nelsy Lizarazo","Tiempo de lectura":"2 minutos"},"schema":{"@context":"https:\/\/schema.org","@graph":[{"@type":"Article","@id":"https:\/\/www.pressenza.com\/es\/2012\/12\/pueblos-originario-de-honduras-y-guatemala-hacia-el-13-baktun\/#article","isPartOf":{"@id":"https:\/\/www.pressenza.com\/es\/2012\/12\/pueblos-originario-de-honduras-y-guatemala-hacia-el-13-baktun\/"},"author":{"name":"Nelsy Lizarazo","@id":"https:\/\/www.pressenza.com\/es\/#\/schema\/person\/25aa5b5c387ba3badce63b165da09f9c"},"headline":"Pueblos originarios de Honduras y Guatemala: hacia el 13 Baktun","datePublished":"2012-12-18T22:26:21+00:00","dateModified":"2012-12-20T14:00:00+00:00","mainEntityOfPage":{"@id":"https:\/\/www.pressenza.com\/es\/2012\/12\/pueblos-originario-de-honduras-y-guatemala-hacia-el-13-baktun\/"},"wordCount":338,"publisher":{"@id":"https:\/\/www.pressenza.com\/es\/#organization"},"image":{"@id":"https:\/\/www.pressenza.com\/es\/2012\/12\/pueblos-originario-de-honduras-y-guatemala-hacia-el-13-baktun\/#primaryimage"},"thumbnailUrl":"http:\/\/www.pressenza.com\/wp-content\/uploads\/2012\/12\/populvuh.jpeg","articleSection":["Humanismo y Espiritualidad","Pueblos Originarios","Sudam\u00e9rica"],"inLanguage":"es"},{"@type":"WebPage","@id":"https:\/\/www.pressenza.com\/es\/2012\/12\/pueblos-originario-de-honduras-y-guatemala-hacia-el-13-baktun\/","url":"https:\/\/www.pressenza.com\/es\/2012\/12\/pueblos-originario-de-honduras-y-guatemala-hacia-el-13-baktun\/","name":"Pueblos originarios de Honduras y Guatemala: hacia el 13 Baktun","isPartOf":{"@id":"https:\/\/www.pressenza.com\/es\/#website"},"primaryImageOfPage":{"@id":"https:\/\/www.pressenza.com\/es\/2012\/12\/pueblos-originario-de-honduras-y-guatemala-hacia-el-13-baktun\/#primaryimage"},"image":{"@id":"https:\/\/www.pressenza.com\/es\/2012\/12\/pueblos-originario-de-honduras-y-guatemala-hacia-el-13-baktun\/#primaryimage"},"thumbnailUrl":"http:\/\/www.pressenza.com\/wp-content\/uploads\/2012\/12\/populvuh.jpeg","datePublished":"2012-12-18T22:26:21+00:00","dateModified":"2012-12-20T14:00:00+00:00","description":"&nbsp; El Chilam Balam de Cumayel de Yucat\u00e1n, uno de los antiguos libros mayas (1514), las abuelas y abuelos de estos pueblos originarias relatan c\u00f3mo su","breadcrumb":{"@id":"https:\/\/www.pressenza.com\/es\/2012\/12\/pueblos-originario-de-honduras-y-guatemala-hacia-el-13-baktun\/#breadcrumb"},"inLanguage":"es","potentialAction":[{"@type":"ReadAction","target":["https:\/\/www.pressenza.com\/es\/2012\/12\/pueblos-originario-de-honduras-y-guatemala-hacia-el-13-baktun\/"]}]},{"@type":"ImageObject","inLanguage":"es","@id":"https:\/\/www.pressenza.com\/es\/2012\/12\/pueblos-originario-de-honduras-y-guatemala-hacia-el-13-baktun\/#primaryimage","url":"http:\/\/www.pressenza.com\/wp-content\/uploads\/2012\/12\/populvuh.jpeg","contentUrl":"http:\/\/www.pressenza.com\/wp-content\/uploads\/2012\/12\/populvuh.jpeg"},{"@type":"BreadcrumbList","@id":"https:\/\/www.pressenza.com\/es\/2012\/12\/pueblos-originario-de-honduras-y-guatemala-hacia-el-13-baktun\/#breadcrumb","itemListElement":[{"@type":"ListItem","position":1,"name":"Accueil","item":"https:\/\/www.pressenza.com\/es\/"},{"@type":"ListItem","position":2,"name":"Pueblos originarios de Honduras y Guatemala: hacia el 13 Baktun"}]},{"@type":"WebSite","@id":"https:\/\/www.pressenza.com\/es\/#website","url":"https:\/\/www.pressenza.com\/es\/","name":"Pressenza","description":"International Press Agency","publisher":{"@id":"https:\/\/www.pressenza.com\/es\/#organization"},"potentialAction":[{"@type":"SearchAction","target":{"@type":"EntryPoint","urlTemplate":"https:\/\/www.pressenza.com\/es\/?s={search_term_string}"},"query-input":{"@type":"PropertyValueSpecification","valueRequired":true,"valueName":"search_term_string"}}],"inLanguage":"es"},{"@type":"Organization","@id":"https:\/\/www.pressenza.com\/es\/#organization","name":"Pressenza","url":"https:\/\/www.pressenza.com\/es\/","logo":{"@type":"ImageObject","inLanguage":"es","@id":"https:\/\/www.pressenza.com\/es\/#\/schema\/logo\/image\/","url":"https:\/\/www.pressenza.com\/wp-content\/uploads\/2022\/10\/pressenza_logo_200x200.jpg","contentUrl":"https:\/\/www.pressenza.com\/wp-content\/uploads\/2022\/10\/pressenza_logo_200x200.jpg","width":200,"height":200,"caption":"Pressenza"},"image":{"@id":"https:\/\/www.pressenza.com\/es\/#\/schema\/logo\/image\/"},"sameAs":["https:\/\/www.facebook.com\/PressenzaItalia","https:\/\/x.com\/PressenzaIPA"]},{"@type":"Person","@id":"https:\/\/www.pressenza.com\/es\/#\/schema\/person\/25aa5b5c387ba3badce63b165da09f9c","name":"Nelsy Lizarazo","description":"Nelsy Lizarazo, Colombian, living in Quito, Ecuador. Professional background in philosophy, literature, political sciences and international relations.","url":"https:\/\/www.pressenza.com\/es\/author\/nelsy-lizarazo\/"}]}},"place":"","original_article_url":"","_links":{"self":[{"href":"https:\/\/www.pressenza.com\/es\/wp-json\/wp\/v2\/posts\/28972","targetHints":{"allow":["GET"]}}],"collection":[{"href":"https:\/\/www.pressenza.com\/es\/wp-json\/wp\/v2\/posts"}],"about":[{"href":"https:\/\/www.pressenza.com\/es\/wp-json\/wp\/v2\/types\/post"}],"author":[{"embeddable":true,"href":"https:\/\/www.pressenza.com\/es\/wp-json\/wp\/v2\/users\/454"}],"replies":[{"embeddable":true,"href":"https:\/\/www.pressenza.com\/es\/wp-json\/wp\/v2\/comments?post=28972"}],"version-history":[{"count":0,"href":"https:\/\/www.pressenza.com\/es\/wp-json\/wp\/v2\/posts\/28972\/revisions"}],"wp:attachment":[{"href":"https:\/\/www.pressenza.com\/es\/wp-json\/wp\/v2\/media?parent=28972"}],"wp:term":[{"taxonomy":"category","embeddable":true,"href":"https:\/\/www.pressenza.com\/es\/wp-json\/wp\/v2\/categories?post=28972"},{"taxonomy":"post_tag","embeddable":true,"href":"https:\/\/www.pressenza.com\/es\/wp-json\/wp\/v2\/tags?post=28972"}],"curies":[{"name":"wp","href":"https:\/\/api.w.org\/{rel}","templated":true}]}}