{"id":289210,"date":"2016-03-12T15:41:45","date_gmt":"2016-03-12T15:41:45","guid":{"rendered":"http:\/\/www.pressenza.com\/es\/?p=289210"},"modified":"2016-03-12T23:02:47","modified_gmt":"2016-03-12T23:02:47","slug":"miles-personas-marcharon-la-candidatura-keiko-fujimori","status":"publish","type":"post","link":"https:\/\/www.pressenza.com\/es\/2016\/03\/miles-personas-marcharon-la-candidatura-keiko-fujimori\/","title":{"rendered":"Miles de personas marchan en Per\u00fa contra la candidatura presidencial de Keiko Fujimori"},"content":{"rendered":"<p style=\"text-align: justify;\">Varios miles de personas marcharon por las principales calles de Lima pidiendo la exclusi\u00f3n de la candidata Keiko Fujimori de los comicios electorales -que se celebrar\u00e1n en menos de un mes- por haber entregado presuntamente d\u00e1divas durante la campa\u00f1a electoral.<\/p>\n<p style=\"text-align: justify;\">La marcha fue convocada tras la difusi\u00f3n de fotograf\u00edas y videos que circularon por las redes sociales, donde muestran a Keiko Fujimori y a otros integrantes del Partido Fuerza Popular entregando\u00a0 presuntamente d\u00e1divas y regalos al electorado. A ello hay que sumarle el precedente del candidato C\u00e9sar Acu\u00f1a del Partido Alianza para el Progreso, que lleg\u00f3 a ocupar el segundo lugar en las encuestas, quien fue excluido\u00a0 de la carrera electoral por regalar 10 mil soles a unos comerciantes de un mercado de Chosica (Lima).<\/p>\n<p style=\"text-align: justify;\">El art\u00edculo 42 de la Ley de Organizaciones Pol\u00edticas (Ley N\u00b0 28094) proh\u00edbe\u00a0 la entrega de regalos y dinero durante la campa\u00f1a electoral.<\/p>\n<p><iframe loading=\"lazy\" title=\"Miles de personas salen a las calles en Lima contra la candidatura de Keiko Fujimori\" width=\"500\" height=\"281\" src=\"https:\/\/www.youtube.com\/embed\/rNo209pgkmk?feature=oembed\" frameborder=\"0\" allow=\"accelerometer; autoplay; clipboard-write; encrypted-media; gyroscope; picture-in-picture; web-share\" referrerpolicy=\"strict-origin-when-cross-origin\" allowfullscreen><\/iframe><\/p>\n<p style=\"text-align: justify;\">La marcha fue convocada por el Colectivo Dignidad hace apenas unos d\u00edas, y logr\u00f3 reunir a miles de ciudadanos, con especial presencia de j\u00f3venes, la marcha se realiz\u00f3 desde las 5 de la tarde, empezando por la Plaza San Mart\u00edn,\u00a0 y las c\u00e9ntricas avenidas\u00a0 Wilson, Grau, Abancay y Nicol\u00e1s de Pi\u00e9rola,\u00a0 donde se hizo una parada frente al Jurado Nacional de Elecciones (JNE) exigiendo la tacha de la candidatura de Fujimori.<\/p>\n<p style=\"text-align: justify;\">La manifestaci\u00f3n se desarroll\u00f3 de manera pac\u00edfica. Durante el recorrido los participantes coreaban lemas como: \u201cKeiko no va\u201d, \u201cKeiko rata, devu\u00e9lvenos la plata\u201d, \u201cFujimori nunca m\u00e1s\u201d, \u201cun pueblo consciente no elige delincuentes\u00bb. Los manifestantes durante la marcha recordaron los delitos de corrupci\u00f3n y violaci\u00f3n a los derechos humanos por los que se encuentra preso el exmandatario Alberto Fujimori, padre de la candidata. El\u00a0 tema de las esterilizaciones forzadas, que a\u00fan no ha sido juzgado, tambi\u00e9n estuvo presente con el lema: \u00abSomos los hijos de las campesinas que no pudiste esterilizar\u00bb.<\/p>\n<p style=\"text-align: justify;\">La marcha central se realizar\u00e1 el 5 de abril,\u00a0 a 24 a\u00f1os del autogolpe de Estado ejecutado por Alberto Fujimori en 1992.<\/p>\n<p style=\"text-align: justify;\">De acuerdo a las \u00faltima encuesta de Datum, Keiko Fujimori cuenta con el 37,7%\u00a0 de intenci\u00f3n de voto, su candidatura se ha visto reforzada por la exclusi\u00f3n del candidato de centro derecha Julio Guzm\u00e1n de Todos por el Per\u00fa, -que ocupaba el segundo lugar en las \u00faltimas encuestas-, porque su partido no cumpli\u00f3 con los requisitos legales para su inscripci\u00f3n.<\/p>\n<p style=\"text-align: justify;\">Su exclusi\u00f3n ha generado una gran controversia por el papel que habr\u00eda jugado el JNE, pues diversas informaciones period\u00edsticas se\u00f1alaron que algunos miembros de esta instituci\u00f3n tendr\u00edan v\u00ednculos con el partido Aprista, liderado por el expresidente Alan Garc\u00eda, que actualmente ocupa un 5\u00b0 lugar (7% de intenci\u00f3n de voto).<\/p>\n<p style=\"text-align: justify;\">Varias personalidades peruanas en Per\u00fa, como el reconocido periodista de investigaci\u00f3n Gustavo Gorriti ha hablado de \u201cfraude electoral adelantado\u201d.<\/p>\n<p style=\"text-align: justify;\">Mientras organismos internacionales como Wola (Oficina en Washington para Asuntos Latinoamericanos) han demandado al JNE garantizar elecciones abiertas y democr\u00e1ticas, y se\u00f1alaron que la exclusi\u00f3n de Julio Guzm\u00e1n\u00a0 es desproporcionada y es una afrenta al Estado de Derecho. \u201cLas democracias se basan en elecciones libres, justas y abiertas. El fallo del JNE \u2014de no ser anulado\u2014 amenaza la legitimidad de las elecciones, as\u00ed como la legitimidad de quien pueda ser elegido\u201d, se\u00f1ala el comunicado.<\/p>\n<p style=\"text-align: justify;\"><span style=\"line-height: 1.5;\">.<\/span><\/p>\n<p style=\"text-align: justify;\"><img loading=\"lazy\" decoding=\"async\" class=\"aligncenter wp-image-289219 size-large\" src=\"http:\/\/www.pressenza.com\/wp-content\/uploads\/2016\/03\/980764_574330469389148_3082069519564090909_o-720x439.jpg\" alt=\"980764_574330469389148_3082069519564090909_o\" width=\"720\" height=\"439\" srcset=\"https:\/\/www.pressenza.com\/wp-content\/uploads\/2016\/03\/980764_574330469389148_3082069519564090909_o-720x439.jpg 720w, https:\/\/www.pressenza.com\/wp-content\/uploads\/2016\/03\/980764_574330469389148_3082069519564090909_o-300x183.jpg 300w, https:\/\/www.pressenza.com\/wp-content\/uploads\/2016\/03\/980764_574330469389148_3082069519564090909_o-768x468.jpg 768w, https:\/\/www.pressenza.com\/wp-content\/uploads\/2016\/03\/980764_574330469389148_3082069519564090909_o.jpg 1200w\" sizes=\"auto, (max-width: 720px) 100vw, 720px\" \/><\/p>\n<p style=\"text-align: justify;\"><img loading=\"lazy\" decoding=\"async\" class=\"aligncenter wp-image-289226 size-large\" src=\"http:\/\/www.pressenza.com\/wp-content\/uploads\/2016\/03\/12779044_574331869389008_8235791719328769611_o-720x404.jpg\" alt=\"12779044_574331869389008_8235791719328769611_o\" width=\"720\" height=\"404\" srcset=\"https:\/\/www.pressenza.com\/wp-content\/uploads\/2016\/03\/12779044_574331869389008_8235791719328769611_o-720x404.jpg 720w, https:\/\/www.pressenza.com\/wp-content\/uploads\/2016\/03\/12779044_574331869389008_8235791719328769611_o-300x169.jpg 300w, https:\/\/www.pressenza.com\/wp-content\/uploads\/2016\/03\/12779044_574331869389008_8235791719328769611_o-768x431.jpg 768w, https:\/\/www.pressenza.com\/wp-content\/uploads\/2016\/03\/12779044_574331869389008_8235791719328769611_o-750x422.jpg 750w, https:\/\/www.pressenza.com\/wp-content\/uploads\/2016\/03\/12779044_574331869389008_8235791719328769611_o.jpg 1200w\" sizes=\"auto, (max-width: 720px) 100vw, 720px\" \/><\/p>\n<p style=\"text-align: justify;\"><img loading=\"lazy\" decoding=\"async\" class=\"aligncenter wp-image-289233 size-large\" src=\"http:\/\/www.pressenza.com\/wp-content\/uploads\/2016\/03\/12823264_574331516055710_3808946465689079120_o-720x404.jpg\" alt=\"12823264_574331516055710_3808946465689079120_o\" width=\"720\" height=\"404\" srcset=\"https:\/\/www.pressenza.com\/wp-content\/uploads\/2016\/03\/12823264_574331516055710_3808946465689079120_o-720x404.jpg 720w, https:\/\/www.pressenza.com\/wp-content\/uploads\/2016\/03\/12823264_574331516055710_3808946465689079120_o-300x169.jpg 300w, https:\/\/www.pressenza.com\/wp-content\/uploads\/2016\/03\/12823264_574331516055710_3808946465689079120_o-768x431.jpg 768w, https:\/\/www.pressenza.com\/wp-content\/uploads\/2016\/03\/12823264_574331516055710_3808946465689079120_o-750x422.jpg 750w, https:\/\/www.pressenza.com\/wp-content\/uploads\/2016\/03\/12823264_574331516055710_3808946465689079120_o.jpg 1200w\" sizes=\"auto, (max-width: 720px) 100vw, 720px\" \/><\/p>\n<p style=\"text-align: justify;\"><img loading=\"lazy\" decoding=\"async\" class=\"aligncenter wp-image-289247 size-large\" src=\"http:\/\/www.pressenza.com\/wp-content\/uploads\/2016\/03\/12828948_574331432722385_2844425613127708456_o-1-720x480.jpg\" alt=\"12828948_574331432722385_2844425613127708456_o\" width=\"720\" height=\"480\" srcset=\"https:\/\/www.pressenza.com\/wp-content\/uploads\/2016\/03\/12828948_574331432722385_2844425613127708456_o-1-720x480.jpg 720w, https:\/\/www.pressenza.com\/wp-content\/uploads\/2016\/03\/12828948_574331432722385_2844425613127708456_o-1-300x200.jpg 300w, https:\/\/www.pressenza.com\/wp-content\/uploads\/2016\/03\/12828948_574331432722385_2844425613127708456_o-1-768x512.jpg 768w, https:\/\/www.pressenza.com\/wp-content\/uploads\/2016\/03\/12828948_574331432722385_2844425613127708456_o-1.jpg 1200w\" sizes=\"auto, (max-width: 720px) 100vw, 720px\" \/><\/p>\n<p style=\"text-align: justify;\">\n","protected":false},"excerpt":{"rendered":"<p>Varios miles de personas marcharon por las principales calles de Lima pidiendo la exclusi\u00f3n de la candidata Keiko Fujimori de los comicios electorales -que se celebrar\u00e1n en menos de un mes- por haber entregado presuntamente d\u00e1divas durante la campa\u00f1a electoral.&hellip;<\/p>\n","protected":false},"author":1247,"featured_media":289212,"comment_status":"closed","ping_status":"closed","sticky":false,"template":"","format":"standard","meta":{"footnotes":""},"categories":[39,74,67],"tags":[15354,773,24260,24785,24891,24890,7207,695,1560],"class_list":["post-289210","post","type-post","status-publish","format-standard","has-post-thumbnail","hentry","category-internacional","category-politica-es","category-sudamerica","tag-alberto-fujimori","tag-corrupcion","tag-elecciones-2016","tag-esterilizaciones-forzadas","tag-jurado-nacional-de-elecciones","tag-keiko-fujimori","tag-lima","tag-movilizacion-social","tag-peru"],"yoast_head":"<!-- This site is optimized with the Yoast SEO plugin v27.1.1 - https:\/\/yoast.com\/product\/yoast-seo-wordpress\/ -->\n<title>Miles de personas marchan en Per\u00fa contra la candidatura presidencial de Keiko Fujimori<\/title>\n<meta name=\"description\" content=\"Varios miles de personas marcharon por las principales calles de Lima pidiendo la exclusi\u00f3n de la candidata Keiko Fujimori de los comicios electorales\" \/>\n<meta name=\"robots\" content=\"index, follow, max-snippet:-1, max-image-preview:large, max-video-preview:-1\" \/>\n<link rel=\"canonical\" href=\"https:\/\/www.pressenza.com\/es\/2016\/03\/miles-personas-marcharon-la-candidatura-keiko-fujimori\/\" \/>\n<meta property=\"og:locale\" content=\"es_ES\" \/>\n<meta property=\"og:type\" content=\"article\" \/>\n<meta property=\"og:title\" content=\"Miles de personas marchan en Per\u00fa contra la candidatura presidencial de Keiko Fujimori\" \/>\n<meta property=\"og:description\" content=\"Varios miles de personas marcharon por las principales calles de Lima pidiendo la exclusi\u00f3n de la candidata Keiko Fujimori de los comicios electorales\" \/>\n<meta property=\"og:url\" content=\"https:\/\/www.pressenza.com\/es\/2016\/03\/miles-personas-marcharon-la-candidatura-keiko-fujimori\/\" \/>\n<meta property=\"og:site_name\" content=\"Pressenza\" \/>\n<meta property=\"article:publisher\" content=\"https:\/\/www.facebook.com\/PressenzaItalia\" \/>\n<meta property=\"article:author\" content=\"https:\/\/www.facebook.com\/elgranangular\" \/>\n<meta property=\"article:published_time\" content=\"2016-03-12T15:41:45+00:00\" \/>\n<meta property=\"article:modified_time\" content=\"2016-03-12T23:02:47+00:00\" \/>\n<meta property=\"og:image\" content=\"https:\/\/www.pressenza.com\/wp-content\/uploads\/2016\/03\/12828943_574332526055609_952121122021895238_o.jpg\" \/>\n\t<meta property=\"og:image:width\" content=\"1200\" \/>\n\t<meta property=\"og:image:height\" content=\"800\" \/>\n\t<meta property=\"og:image:type\" content=\"image\/jpeg\" \/>\n<meta name=\"author\" content=\"El Gran Angular\" \/>\n<meta name=\"twitter:card\" content=\"summary_large_image\" \/>\n<meta name=\"twitter:creator\" content=\"@El_Gran_Angular\" \/>\n<meta name=\"twitter:site\" content=\"@PressenzaIPA\" \/>\n<meta name=\"twitter:label1\" content=\"Escrito por\" \/>\n\t<meta name=\"twitter:data1\" content=\"El Gran Angular\" \/>\n\t<meta name=\"twitter:label2\" content=\"Tiempo de lectura\" \/>\n\t<meta name=\"twitter:data2\" content=\"3 minutos\" \/>\n<script type=\"application\/ld+json\" class=\"yoast-schema-graph\">{\"@context\":\"https:\/\/schema.org\",\"@graph\":[{\"@type\":\"Article\",\"@id\":\"https:\/\/www.pressenza.com\/es\/2016\/03\/miles-personas-marcharon-la-candidatura-keiko-fujimori\/#article\",\"isPartOf\":{\"@id\":\"https:\/\/www.pressenza.com\/es\/2016\/03\/miles-personas-marcharon-la-candidatura-keiko-fujimori\/\"},\"author\":{\"name\":\"El Gran Angular\",\"@id\":\"https:\/\/www.pressenza.com\/es\/#\/schema\/person\/5fb387cb3239f8a82e1f2e49db25e08b\"},\"headline\":\"Miles de personas marchan en Per\u00fa contra la candidatura presidencial de Keiko Fujimori\",\"datePublished\":\"2016-03-12T15:41:45+00:00\",\"dateModified\":\"2016-03-12T23:02:47+00:00\",\"mainEntityOfPage\":{\"@id\":\"https:\/\/www.pressenza.com\/es\/2016\/03\/miles-personas-marcharon-la-candidatura-keiko-fujimori\/\"},\"wordCount\":593,\"publisher\":{\"@id\":\"https:\/\/www.pressenza.com\/es\/#organization\"},\"image\":{\"@id\":\"https:\/\/www.pressenza.com\/es\/2016\/03\/miles-personas-marcharon-la-candidatura-keiko-fujimori\/#primaryimage\"},\"thumbnailUrl\":\"https:\/\/www.pressenza.com\/wp-content\/uploads\/2016\/03\/12828943_574332526055609_952121122021895238_o.jpg\",\"keywords\":[\"Alberto Fujimori\",\"corrupci\u00f3n\",\"elecciones 2016\",\"esterilizaciones forzadas\",\"Jurado Nacional de Elecciones\",\"Keiko Fujimori\",\"Lima\",\"movilizaci\u00f3n social\",\"Per\u00fa\"],\"articleSection\":[\"Internacional\",\"Pol\u00edtica\",\"Sudam\u00e9rica\"],\"inLanguage\":\"es\"},{\"@type\":\"WebPage\",\"@id\":\"https:\/\/www.pressenza.com\/es\/2016\/03\/miles-personas-marcharon-la-candidatura-keiko-fujimori\/\",\"url\":\"https:\/\/www.pressenza.com\/es\/2016\/03\/miles-personas-marcharon-la-candidatura-keiko-fujimori\/\",\"name\":\"Miles de personas marchan en Per\u00fa contra la candidatura presidencial de Keiko Fujimori\",\"isPartOf\":{\"@id\":\"https:\/\/www.pressenza.com\/es\/#website\"},\"primaryImageOfPage\":{\"@id\":\"https:\/\/www.pressenza.com\/es\/2016\/03\/miles-personas-marcharon-la-candidatura-keiko-fujimori\/#primaryimage\"},\"image\":{\"@id\":\"https:\/\/www.pressenza.com\/es\/2016\/03\/miles-personas-marcharon-la-candidatura-keiko-fujimori\/#primaryimage\"},\"thumbnailUrl\":\"https:\/\/www.pressenza.com\/wp-content\/uploads\/2016\/03\/12828943_574332526055609_952121122021895238_o.jpg\",\"datePublished\":\"2016-03-12T15:41:45+00:00\",\"dateModified\":\"2016-03-12T23:02:47+00:00\",\"description\":\"Varios miles de personas marcharon por las principales calles de Lima pidiendo la exclusi\u00f3n de la candidata Keiko Fujimori de los comicios electorales\",\"breadcrumb\":{\"@id\":\"https:\/\/www.pressenza.com\/es\/2016\/03\/miles-personas-marcharon-la-candidatura-keiko-fujimori\/#breadcrumb\"},\"inLanguage\":\"es\",\"potentialAction\":[{\"@type\":\"ReadAction\",\"target\":[\"https:\/\/www.pressenza.com\/es\/2016\/03\/miles-personas-marcharon-la-candidatura-keiko-fujimori\/\"]}]},{\"@type\":\"ImageObject\",\"inLanguage\":\"es\",\"@id\":\"https:\/\/www.pressenza.com\/es\/2016\/03\/miles-personas-marcharon-la-candidatura-keiko-fujimori\/#primaryimage\",\"url\":\"https:\/\/www.pressenza.com\/wp-content\/uploads\/2016\/03\/12828943_574332526055609_952121122021895238_o.jpg\",\"contentUrl\":\"https:\/\/www.pressenza.com\/wp-content\/uploads\/2016\/03\/12828943_574332526055609_952121122021895238_o.jpg\",\"width\":1200,\"height\":800},{\"@type\":\"BreadcrumbList\",\"@id\":\"https:\/\/www.pressenza.com\/es\/2016\/03\/miles-personas-marcharon-la-candidatura-keiko-fujimori\/#breadcrumb\",\"itemListElement\":[{\"@type\":\"ListItem\",\"position\":1,\"name\":\"Accueil\",\"item\":\"https:\/\/www.pressenza.com\/es\/\"},{\"@type\":\"ListItem\",\"position\":2,\"name\":\"Miles de personas marchan en Per\u00fa contra la candidatura presidencial de Keiko Fujimori\"}]},{\"@type\":\"WebSite\",\"@id\":\"https:\/\/www.pressenza.com\/es\/#website\",\"url\":\"https:\/\/www.pressenza.com\/es\/\",\"name\":\"Pressenza\",\"description\":\"International Press Agency\",\"publisher\":{\"@id\":\"https:\/\/www.pressenza.com\/es\/#organization\"},\"potentialAction\":[{\"@type\":\"SearchAction\",\"target\":{\"@type\":\"EntryPoint\",\"urlTemplate\":\"https:\/\/www.pressenza.com\/es\/?s={search_term_string}\"},\"query-input\":{\"@type\":\"PropertyValueSpecification\",\"valueRequired\":true,\"valueName\":\"search_term_string\"}}],\"inLanguage\":\"es\"},{\"@type\":\"Organization\",\"@id\":\"https:\/\/www.pressenza.com\/es\/#organization\",\"name\":\"Pressenza\",\"url\":\"https:\/\/www.pressenza.com\/es\/\",\"logo\":{\"@type\":\"ImageObject\",\"inLanguage\":\"es\",\"@id\":\"https:\/\/www.pressenza.com\/es\/#\/schema\/logo\/image\/\",\"url\":\"https:\/\/www.pressenza.com\/wp-content\/uploads\/2022\/10\/pressenza_logo_200x200.jpg\",\"contentUrl\":\"https:\/\/www.pressenza.com\/wp-content\/uploads\/2022\/10\/pressenza_logo_200x200.jpg\",\"width\":200,\"height\":200,\"caption\":\"Pressenza\"},\"image\":{\"@id\":\"https:\/\/www.pressenza.com\/es\/#\/schema\/logo\/image\/\"},\"sameAs\":[\"https:\/\/www.facebook.com\/PressenzaItalia\",\"https:\/\/x.com\/PressenzaIPA\"]},{\"@type\":\"Person\",\"@id\":\"https:\/\/www.pressenza.com\/es\/#\/schema\/person\/5fb387cb3239f8a82e1f2e49db25e08b\",\"name\":\"El Gran Angular\",\"sameAs\":[\"https:\/\/www.facebook.com\/elgranangular\",\"https:\/\/x.com\/El_Gran_Angular\"],\"url\":\"https:\/\/www.pressenza.com\/es\/author\/el-gran-angular\/\"}]}<\/script>\n<!-- \/ Yoast SEO plugin. -->","yoast_head_json":{"title":"Miles de personas marchan en Per\u00fa contra la candidatura presidencial de Keiko Fujimori","description":"Varios miles de personas marcharon por las principales calles de Lima pidiendo la exclusi\u00f3n de la candidata Keiko Fujimori de los comicios electorales","robots":{"index":"index","follow":"follow","max-snippet":"max-snippet:-1","max-image-preview":"max-image-preview:large","max-video-preview":"max-video-preview:-1"},"canonical":"https:\/\/www.pressenza.com\/es\/2016\/03\/miles-personas-marcharon-la-candidatura-keiko-fujimori\/","og_locale":"es_ES","og_type":"article","og_title":"Miles de personas marchan en Per\u00fa contra la candidatura presidencial de Keiko Fujimori","og_description":"Varios miles de personas marcharon por las principales calles de Lima pidiendo la exclusi\u00f3n de la candidata Keiko Fujimori de los comicios electorales","og_url":"https:\/\/www.pressenza.com\/es\/2016\/03\/miles-personas-marcharon-la-candidatura-keiko-fujimori\/","og_site_name":"Pressenza","article_publisher":"https:\/\/www.facebook.com\/PressenzaItalia","article_author":"https:\/\/www.facebook.com\/elgranangular","article_published_time":"2016-03-12T15:41:45+00:00","article_modified_time":"2016-03-12T23:02:47+00:00","og_image":[{"width":1200,"height":800,"url":"https:\/\/www.pressenza.com\/wp-content\/uploads\/2016\/03\/12828943_574332526055609_952121122021895238_o.jpg","type":"image\/jpeg"}],"author":"El Gran Angular","twitter_card":"summary_large_image","twitter_creator":"@El_Gran_Angular","twitter_site":"@PressenzaIPA","twitter_misc":{"Escrito por":"El Gran Angular","Tiempo de lectura":"3 minutos"},"schema":{"@context":"https:\/\/schema.org","@graph":[{"@type":"Article","@id":"https:\/\/www.pressenza.com\/es\/2016\/03\/miles-personas-marcharon-la-candidatura-keiko-fujimori\/#article","isPartOf":{"@id":"https:\/\/www.pressenza.com\/es\/2016\/03\/miles-personas-marcharon-la-candidatura-keiko-fujimori\/"},"author":{"name":"El Gran Angular","@id":"https:\/\/www.pressenza.com\/es\/#\/schema\/person\/5fb387cb3239f8a82e1f2e49db25e08b"},"headline":"Miles de personas marchan en Per\u00fa contra la candidatura presidencial de Keiko Fujimori","datePublished":"2016-03-12T15:41:45+00:00","dateModified":"2016-03-12T23:02:47+00:00","mainEntityOfPage":{"@id":"https:\/\/www.pressenza.com\/es\/2016\/03\/miles-personas-marcharon-la-candidatura-keiko-fujimori\/"},"wordCount":593,"publisher":{"@id":"https:\/\/www.pressenza.com\/es\/#organization"},"image":{"@id":"https:\/\/www.pressenza.com\/es\/2016\/03\/miles-personas-marcharon-la-candidatura-keiko-fujimori\/#primaryimage"},"thumbnailUrl":"https:\/\/www.pressenza.com\/wp-content\/uploads\/2016\/03\/12828943_574332526055609_952121122021895238_o.jpg","keywords":["Alberto Fujimori","corrupci\u00f3n","elecciones 2016","esterilizaciones forzadas","Jurado Nacional de Elecciones","Keiko Fujimori","Lima","movilizaci\u00f3n social","Per\u00fa"],"articleSection":["Internacional","Pol\u00edtica","Sudam\u00e9rica"],"inLanguage":"es"},{"@type":"WebPage","@id":"https:\/\/www.pressenza.com\/es\/2016\/03\/miles-personas-marcharon-la-candidatura-keiko-fujimori\/","url":"https:\/\/www.pressenza.com\/es\/2016\/03\/miles-personas-marcharon-la-candidatura-keiko-fujimori\/","name":"Miles de personas marchan en Per\u00fa contra la candidatura presidencial de Keiko Fujimori","isPartOf":{"@id":"https:\/\/www.pressenza.com\/es\/#website"},"primaryImageOfPage":{"@id":"https:\/\/www.pressenza.com\/es\/2016\/03\/miles-personas-marcharon-la-candidatura-keiko-fujimori\/#primaryimage"},"image":{"@id":"https:\/\/www.pressenza.com\/es\/2016\/03\/miles-personas-marcharon-la-candidatura-keiko-fujimori\/#primaryimage"},"thumbnailUrl":"https:\/\/www.pressenza.com\/wp-content\/uploads\/2016\/03\/12828943_574332526055609_952121122021895238_o.jpg","datePublished":"2016-03-12T15:41:45+00:00","dateModified":"2016-03-12T23:02:47+00:00","description":"Varios miles de personas marcharon por las principales calles de Lima pidiendo la exclusi\u00f3n de la candidata Keiko Fujimori de los comicios electorales","breadcrumb":{"@id":"https:\/\/www.pressenza.com\/es\/2016\/03\/miles-personas-marcharon-la-candidatura-keiko-fujimori\/#breadcrumb"},"inLanguage":"es","potentialAction":[{"@type":"ReadAction","target":["https:\/\/www.pressenza.com\/es\/2016\/03\/miles-personas-marcharon-la-candidatura-keiko-fujimori\/"]}]},{"@type":"ImageObject","inLanguage":"es","@id":"https:\/\/www.pressenza.com\/es\/2016\/03\/miles-personas-marcharon-la-candidatura-keiko-fujimori\/#primaryimage","url":"https:\/\/www.pressenza.com\/wp-content\/uploads\/2016\/03\/12828943_574332526055609_952121122021895238_o.jpg","contentUrl":"https:\/\/www.pressenza.com\/wp-content\/uploads\/2016\/03\/12828943_574332526055609_952121122021895238_o.jpg","width":1200,"height":800},{"@type":"BreadcrumbList","@id":"https:\/\/www.pressenza.com\/es\/2016\/03\/miles-personas-marcharon-la-candidatura-keiko-fujimori\/#breadcrumb","itemListElement":[{"@type":"ListItem","position":1,"name":"Accueil","item":"https:\/\/www.pressenza.com\/es\/"},{"@type":"ListItem","position":2,"name":"Miles de personas marchan en Per\u00fa contra la candidatura presidencial de Keiko Fujimori"}]},{"@type":"WebSite","@id":"https:\/\/www.pressenza.com\/es\/#website","url":"https:\/\/www.pressenza.com\/es\/","name":"Pressenza","description":"International Press Agency","publisher":{"@id":"https:\/\/www.pressenza.com\/es\/#organization"},"potentialAction":[{"@type":"SearchAction","target":{"@type":"EntryPoint","urlTemplate":"https:\/\/www.pressenza.com\/es\/?s={search_term_string}"},"query-input":{"@type":"PropertyValueSpecification","valueRequired":true,"valueName":"search_term_string"}}],"inLanguage":"es"},{"@type":"Organization","@id":"https:\/\/www.pressenza.com\/es\/#organization","name":"Pressenza","url":"https:\/\/www.pressenza.com\/es\/","logo":{"@type":"ImageObject","inLanguage":"es","@id":"https:\/\/www.pressenza.com\/es\/#\/schema\/logo\/image\/","url":"https:\/\/www.pressenza.com\/wp-content\/uploads\/2022\/10\/pressenza_logo_200x200.jpg","contentUrl":"https:\/\/www.pressenza.com\/wp-content\/uploads\/2022\/10\/pressenza_logo_200x200.jpg","width":200,"height":200,"caption":"Pressenza"},"image":{"@id":"https:\/\/www.pressenza.com\/es\/#\/schema\/logo\/image\/"},"sameAs":["https:\/\/www.facebook.com\/PressenzaItalia","https:\/\/x.com\/PressenzaIPA"]},{"@type":"Person","@id":"https:\/\/www.pressenza.com\/es\/#\/schema\/person\/5fb387cb3239f8a82e1f2e49db25e08b","name":"El Gran Angular","sameAs":["https:\/\/www.facebook.com\/elgranangular","https:\/\/x.com\/El_Gran_Angular"],"url":"https:\/\/www.pressenza.com\/es\/author\/el-gran-angular\/"}]}},"place":"","original_article_url":"https:\/\/www.facebook.com\/elgranangular\/videos\/574300292725499\/","_links":{"self":[{"href":"https:\/\/www.pressenza.com\/es\/wp-json\/wp\/v2\/posts\/289210","targetHints":{"allow":["GET"]}}],"collection":[{"href":"https:\/\/www.pressenza.com\/es\/wp-json\/wp\/v2\/posts"}],"about":[{"href":"https:\/\/www.pressenza.com\/es\/wp-json\/wp\/v2\/types\/post"}],"author":[{"embeddable":true,"href":"https:\/\/www.pressenza.com\/es\/wp-json\/wp\/v2\/users\/1247"}],"replies":[{"embeddable":true,"href":"https:\/\/www.pressenza.com\/es\/wp-json\/wp\/v2\/comments?post=289210"}],"version-history":[{"count":0,"href":"https:\/\/www.pressenza.com\/es\/wp-json\/wp\/v2\/posts\/289210\/revisions"}],"wp:featuredmedia":[{"embeddable":true,"href":"https:\/\/www.pressenza.com\/es\/wp-json\/wp\/v2\/media\/289212"}],"wp:attachment":[{"href":"https:\/\/www.pressenza.com\/es\/wp-json\/wp\/v2\/media?parent=289210"}],"wp:term":[{"taxonomy":"category","embeddable":true,"href":"https:\/\/www.pressenza.com\/es\/wp-json\/wp\/v2\/categories?post=289210"},{"taxonomy":"post_tag","embeddable":true,"href":"https:\/\/www.pressenza.com\/es\/wp-json\/wp\/v2\/tags?post=289210"}],"curies":[{"name":"wp","href":"https:\/\/api.w.org\/{rel}","templated":true}]}}