{"id":288228,"date":"2016-03-09T19:42:53","date_gmt":"2016-03-09T19:42:53","guid":{"rendered":"http:\/\/www.pressenza.com\/es\/?p=288228"},"modified":"2016-03-09T19:42:53","modified_gmt":"2016-03-09T19:42:53","slug":"noalttip-solicita-al-ayuntamiento-madrid-se-declare-zona-libre-ttip-ceta","status":"publish","type":"post","link":"https:\/\/www.pressenza.com\/es\/2016\/03\/noalttip-solicita-al-ayuntamiento-madrid-se-declare-zona-libre-ttip-ceta\/","title":{"rendered":"#NoalTTIP solicita al Ayuntamiento de Madrid que se declare zona libre de TTIP y CETA"},"content":{"rendered":"<p><em>Los denominados ayuntamientos del cambio\u00a0han aprobado mociones en sus plenos para declararse zonas libres\u00a0de TTIP y CETA. La campa\u00f1a #NoalTTIP se muestra\u00a0preocupada por la no adhesi\u00f3n a esta iniciativa del ayuntamiento m\u00e1s grande del Estado, Madrid, en manos de Ahora Madrid<\/em><\/p>\n<p>&nbsp;<\/p>\n<p>Por <a href=\"http:\/\/www.ecologistasenaccion.org\">Ecologistas en Acci\u00f3n<\/a><\/p>\n<p>La Uni\u00f3n Europea (UE) est\u00e1 negociando sendos tratados con EE UU y Canad\u00e1, conocidos por sus siglas en ingl\u00e9s: el TTIP y el CETA. Dichos tratados suponen un golpe a la democracia situando el inter\u00e9s de\u00a0las grandes corporaciones por encima del de las personas. Por ello, la campa\u00f1a #NoalTTIP, que engloba a m\u00e1s de 300 colectivos del Estado espa\u00f1ol, solicita al Ayuntamiento de Madrid que emule al de otras\u00a0ciudades espa\u00f1olas \u2013Barcelona, Sevilla o Valencia\u2013 y europeas \u2013Munich, Bruselas, Viena o Mil\u00e1n\u2013 que se han declarado ciudades libres de TTIP y CETA. Los ayuntamientos espa\u00f1oles y europeos que han firmado su\u00a0oposici\u00f3n al TTIP se encontrar\u00e1n en Barcelona los d\u00edas 21, 22 y 23 de abril, para formar una red de municipios que presionen por evitar que TTIP y CETA se materialicen<\/p>\n<div>\n<p>La raz\u00f3n para oponerse a dichos tratados se debe a la posibilidad de regular a la baja la legislaci\u00f3n europea y norteamericana en ciertos \u00e1mbitos, como la alimentaci\u00f3n, la sanidad o energ\u00eda, as\u00ed como la creaci\u00f3n de\u00a0tribunales privados que resuelvan\u00a0los conflictos que puedan surgir entre inversores\u00a0y Estados.<\/p>\n<p>Esto implicar\u00eda una realidad en la que tanto municipios como comunidades aut\u00f3nomas podr\u00edan perder parte de su capacidad para gestionar materias de vivienda, sanidad, medio ambiente, servicios sociales,\u00a0educaci\u00f3n o alimentaci\u00f3n, y\u00a0en la que se imposibilitar\u00eda\u00a0\u00abcualquier intento de aplicar criterios de proximidad, desarrollo sostenible local a las contrataciones p\u00fablicas, la aplicaci\u00f3n de moratorias a nivel local sobre\u00a0pr\u00e1cticas peligrosas en zonas de alta sensibilidad medioambiental, o restringir el uso de t\u00e9cnicas que se consideren peligrosas (pesticidas, transg\u00e9nicos, hormonas&#8230;)\u00bb.<\/p>\n<p>Por ello han sido muchos\u00a0los municipios que han aprobado mociones en sus plenos para declararse zonas libres\u00a0de TTIP y CETA, mociones promovidas en un alto porcentaje por los denominados ayuntamiento del\u00a0cambio. Este posicionamiento, por parte de estos grupos municipales, est\u00e1 en sinton\u00eda con su posicionamiento pol\u00edtico, sus programas electorales y su compromiso por devolver la democracia a la ciudadan\u00eda.<\/p>\n<p>Nos preocupa la no adhesi\u00f3n a esta campa\u00f1a del ayuntamiento m\u00e1s grande del Estado, Madrid, en manos de Ahora Madrid. Esta formaci\u00f3n cuenta con unas pol\u00edticas dirigidas a dotar de\u00a0mayor protagonismo a la ciudadan\u00eda, de remunicipalizar servicios p\u00fablicos privatizados, mejorar los est\u00e1ndares de vida de los habitantes de la ciudad, as\u00ed como los est\u00e1ndares medioambientales, un trabajo en favor\u00a0de una ciudad con una gesti\u00f3n m\u00e1s transparente y en favor de sus habitantes. Todo esto podr\u00eda sufrir un duro golpe con la entrada en vigor de TTIP y CETA.<\/p>\n<p>Con un posicionamiento en su programa electoral en contra del tratado, la moci\u00f3n de aprobaci\u00f3n de la ciudad de Madrid como un municipio libre del TTIP est\u00e1 demor\u00e1ndose m\u00e1s de lo esperado.<\/p>\n<p>Desde diversos movimientos sociales, que han apoyado o simpatizan con muchas de las pol\u00edticas de este gobierno municipal, comienza a existir una leg\u00edtima preocupaci\u00f3n por la inacci\u00f3n de este nuevo gobierno, en\u00a0un tema de vital importancia para los intereses de la democracia y la ciudadan\u00eda en general.<\/p>\n<p>Por el gran valor simb\u00f3lico que tendr\u00eda un posicionamiento efectivo del gobierno municipal de la mayor ciudad del Estado espa\u00f1ol, y una de la mayores europeas, la aprobaci\u00f3n de esta moci\u00f3n ser\u00eda un importante\u00a0paso hacia adelante en la garant\u00eda de la defensa de derechos laborales, ambientales, alimentarios, energ\u00e9ticos, sociales&#8230; que el TTIP pondr\u00e1 en grave peligro.<\/p>\n<p>Desde la campa\u00f1a #NoalTTIP se considera este posicionamiento como vital, ya que en la lucha contra la paralizaci\u00f3n del tratado la uni\u00f3n de la sociedad civil y los gobiernos democr\u00e1ticos que cada d\u00eda trabajan por un\u00a0mundo mejor ser\u00e1 de gran importancia. Por ello, instamos a los grupos municipales de la ciudad de Madrid\u00a0a presentar y aprobar, en el siguiente pleno municipal, la moci\u00f3n para declarar Madrid zona libre de TTIP y\u00a0CETA, y pueda\u00a0participar as\u00ed en el encuentro de municipios contra el TTIP y el CETA de abril en Barcelona.<\/p>\n<\/div>\n","protected":false},"excerpt":{"rendered":"<p>Los denominados ayuntamientos del cambio\u00a0han aprobado mociones en sus plenos para declararse zonas libres\u00a0de TTIP y CETA. La campa\u00f1a #NoalTTIP se muestra\u00a0preocupada por la no adhesi\u00f3n a esta iniciativa del ayuntamiento m\u00e1s grande del Estado, Madrid, en manos de Ahora&hellip;<\/p>\n","protected":false},"author":94,"featured_media":288229,"comment_status":"closed","ping_status":"closed","sticky":false,"template":"","format":"standard","meta":{"footnotes":""},"categories":[149,81,39,74],"tags":[20428,7344,1065,12937],"class_list":["post-288228","post","type-post","status-publish","format-standard","has-post-thumbnail","hentry","category-comunicados-de-prensa","category-economia-es","category-internacional","category-politica-es","tag-ayuntamiento-de-madrid","tag-ceta","tag-espana","tag-ttip-es"],"yoast_head":"<!-- This site is optimized with the Yoast SEO plugin v27.1.1 - https:\/\/yoast.com\/product\/yoast-seo-wordpress\/ -->\n<title>#NoalTTIP solicita al Ayuntamiento de Madrid que se declare zona libre de TTIP y CETA<\/title>\n<meta name=\"description\" content=\"Los denominados ayuntamientos del cambio\u00a0han aprobado mociones en sus plenos para declararse zonas libres\u00a0de TTIP y CETA. La campa\u00f1a #NoalTTIP se\" \/>\n<meta name=\"robots\" content=\"index, follow, max-snippet:-1, max-image-preview:large, max-video-preview:-1\" \/>\n<link rel=\"canonical\" href=\"https:\/\/www.pressenza.com\/es\/2016\/03\/noalttip-solicita-al-ayuntamiento-madrid-se-declare-zona-libre-ttip-ceta\/\" \/>\n<meta property=\"og:locale\" content=\"es_ES\" \/>\n<meta property=\"og:type\" content=\"article\" \/>\n<meta property=\"og:title\" content=\"#NoalTTIP solicita al Ayuntamiento de Madrid que se declare zona libre de TTIP y CETA\" \/>\n<meta property=\"og:description\" content=\"Los denominados ayuntamientos del cambio\u00a0han aprobado mociones en sus plenos para declararse zonas libres\u00a0de TTIP y CETA. La campa\u00f1a #NoalTTIP se\" \/>\n<meta property=\"og:url\" content=\"https:\/\/www.pressenza.com\/es\/2016\/03\/noalttip-solicita-al-ayuntamiento-madrid-se-declare-zona-libre-ttip-ceta\/\" \/>\n<meta property=\"og:site_name\" content=\"Pressenza\" \/>\n<meta property=\"article:publisher\" content=\"https:\/\/www.facebook.com\/PressenzaItalia\" \/>\n<meta property=\"article:author\" content=\"https:\/\/www.facebook.com\/pressenza\" \/>\n<meta property=\"article:published_time\" content=\"2016-03-09T19:42:53+00:00\" \/>\n<meta property=\"og:image\" content=\"https:\/\/www.pressenza.com\/wp-content\/uploads\/2016\/03\/Manifestantes-TTIP-Berlin-Cornelia-ELDIARIO.ES_.jpg\" \/>\n\t<meta property=\"og:image:width\" content=\"643\" \/>\n\t<meta property=\"og:image:height\" content=\"362\" \/>\n\t<meta property=\"og:image:type\" content=\"image\/jpeg\" \/>\n<meta name=\"author\" content=\"Redacci\u00f3n Madrid\" \/>\n<meta name=\"twitter:card\" content=\"summary_large_image\" \/>\n<meta name=\"twitter:creator\" content=\"@pressenza\" \/>\n<meta name=\"twitter:site\" content=\"@PressenzaIPA\" \/>\n<meta name=\"twitter:label1\" content=\"Escrito por\" \/>\n\t<meta name=\"twitter:data1\" content=\"Redacci\u00f3n Madrid\" \/>\n\t<meta name=\"twitter:label2\" content=\"Tiempo de lectura\" \/>\n\t<meta name=\"twitter:data2\" content=\"4 minutos\" \/>\n<script type=\"application\/ld+json\" class=\"yoast-schema-graph\">{\"@context\":\"https:\/\/schema.org\",\"@graph\":[{\"@type\":\"Article\",\"@id\":\"https:\/\/www.pressenza.com\/es\/2016\/03\/noalttip-solicita-al-ayuntamiento-madrid-se-declare-zona-libre-ttip-ceta\/#article\",\"isPartOf\":{\"@id\":\"https:\/\/www.pressenza.com\/es\/2016\/03\/noalttip-solicita-al-ayuntamiento-madrid-se-declare-zona-libre-ttip-ceta\/\"},\"author\":{\"name\":\"Redacci\u00f3n Madrid\",\"@id\":\"https:\/\/www.pressenza.com\/es\/#\/schema\/person\/828fc40eeca2ad7be3630e5a46adba94\"},\"headline\":\"#NoalTTIP solicita al Ayuntamiento de Madrid que se declare zona libre de TTIP y CETA\",\"datePublished\":\"2016-03-09T19:42:53+00:00\",\"mainEntityOfPage\":{\"@id\":\"https:\/\/www.pressenza.com\/es\/2016\/03\/noalttip-solicita-al-ayuntamiento-madrid-se-declare-zona-libre-ttip-ceta\/\"},\"wordCount\":775,\"publisher\":{\"@id\":\"https:\/\/www.pressenza.com\/es\/#organization\"},\"image\":{\"@id\":\"https:\/\/www.pressenza.com\/es\/2016\/03\/noalttip-solicita-al-ayuntamiento-madrid-se-declare-zona-libre-ttip-ceta\/#primaryimage\"},\"thumbnailUrl\":\"https:\/\/www.pressenza.com\/wp-content\/uploads\/2016\/03\/Manifestantes-TTIP-Berlin-Cornelia-ELDIARIO.ES_.jpg\",\"keywords\":[\"Ayuntamiento de Madrid\",\"CETA\",\"Espa\u00f1a\",\"TTIP\"],\"articleSection\":[\"Comunicados de Prensa\",\"Econom\u00eda\",\"Internacional\",\"Pol\u00edtica\"],\"inLanguage\":\"es\"},{\"@type\":\"WebPage\",\"@id\":\"https:\/\/www.pressenza.com\/es\/2016\/03\/noalttip-solicita-al-ayuntamiento-madrid-se-declare-zona-libre-ttip-ceta\/\",\"url\":\"https:\/\/www.pressenza.com\/es\/2016\/03\/noalttip-solicita-al-ayuntamiento-madrid-se-declare-zona-libre-ttip-ceta\/\",\"name\":\"#NoalTTIP solicita al Ayuntamiento de Madrid que se declare zona libre de TTIP y CETA\",\"isPartOf\":{\"@id\":\"https:\/\/www.pressenza.com\/es\/#website\"},\"primaryImageOfPage\":{\"@id\":\"https:\/\/www.pressenza.com\/es\/2016\/03\/noalttip-solicita-al-ayuntamiento-madrid-se-declare-zona-libre-ttip-ceta\/#primaryimage\"},\"image\":{\"@id\":\"https:\/\/www.pressenza.com\/es\/2016\/03\/noalttip-solicita-al-ayuntamiento-madrid-se-declare-zona-libre-ttip-ceta\/#primaryimage\"},\"thumbnailUrl\":\"https:\/\/www.pressenza.com\/wp-content\/uploads\/2016\/03\/Manifestantes-TTIP-Berlin-Cornelia-ELDIARIO.ES_.jpg\",\"datePublished\":\"2016-03-09T19:42:53+00:00\",\"description\":\"Los denominados ayuntamientos del cambio\u00a0han aprobado mociones en sus plenos para declararse zonas libres\u00a0de TTIP y CETA. La campa\u00f1a #NoalTTIP se\",\"breadcrumb\":{\"@id\":\"https:\/\/www.pressenza.com\/es\/2016\/03\/noalttip-solicita-al-ayuntamiento-madrid-se-declare-zona-libre-ttip-ceta\/#breadcrumb\"},\"inLanguage\":\"es\",\"potentialAction\":[{\"@type\":\"ReadAction\",\"target\":[\"https:\/\/www.pressenza.com\/es\/2016\/03\/noalttip-solicita-al-ayuntamiento-madrid-se-declare-zona-libre-ttip-ceta\/\"]}]},{\"@type\":\"ImageObject\",\"inLanguage\":\"es\",\"@id\":\"https:\/\/www.pressenza.com\/es\/2016\/03\/noalttip-solicita-al-ayuntamiento-madrid-se-declare-zona-libre-ttip-ceta\/#primaryimage\",\"url\":\"https:\/\/www.pressenza.com\/wp-content\/uploads\/2016\/03\/Manifestantes-TTIP-Berlin-Cornelia-ELDIARIO.ES_.jpg\",\"contentUrl\":\"https:\/\/www.pressenza.com\/wp-content\/uploads\/2016\/03\/Manifestantes-TTIP-Berlin-Cornelia-ELDIARIO.ES_.jpg\",\"width\":643,\"height\":362},{\"@type\":\"BreadcrumbList\",\"@id\":\"https:\/\/www.pressenza.com\/es\/2016\/03\/noalttip-solicita-al-ayuntamiento-madrid-se-declare-zona-libre-ttip-ceta\/#breadcrumb\",\"itemListElement\":[{\"@type\":\"ListItem\",\"position\":1,\"name\":\"Accueil\",\"item\":\"https:\/\/www.pressenza.com\/es\/\"},{\"@type\":\"ListItem\",\"position\":2,\"name\":\"#NoalTTIP solicita al Ayuntamiento de Madrid que se declare zona libre de TTIP y CETA\"}]},{\"@type\":\"WebSite\",\"@id\":\"https:\/\/www.pressenza.com\/es\/#website\",\"url\":\"https:\/\/www.pressenza.com\/es\/\",\"name\":\"Pressenza\",\"description\":\"International Press Agency\",\"publisher\":{\"@id\":\"https:\/\/www.pressenza.com\/es\/#organization\"},\"potentialAction\":[{\"@type\":\"SearchAction\",\"target\":{\"@type\":\"EntryPoint\",\"urlTemplate\":\"https:\/\/www.pressenza.com\/es\/?s={search_term_string}\"},\"query-input\":{\"@type\":\"PropertyValueSpecification\",\"valueRequired\":true,\"valueName\":\"search_term_string\"}}],\"inLanguage\":\"es\"},{\"@type\":\"Organization\",\"@id\":\"https:\/\/www.pressenza.com\/es\/#organization\",\"name\":\"Pressenza\",\"url\":\"https:\/\/www.pressenza.com\/es\/\",\"logo\":{\"@type\":\"ImageObject\",\"inLanguage\":\"es\",\"@id\":\"https:\/\/www.pressenza.com\/es\/#\/schema\/logo\/image\/\",\"url\":\"https:\/\/www.pressenza.com\/wp-content\/uploads\/2022\/10\/pressenza_logo_200x200.jpg\",\"contentUrl\":\"https:\/\/www.pressenza.com\/wp-content\/uploads\/2022\/10\/pressenza_logo_200x200.jpg\",\"width\":200,\"height\":200,\"caption\":\"Pressenza\"},\"image\":{\"@id\":\"https:\/\/www.pressenza.com\/es\/#\/schema\/logo\/image\/\"},\"sameAs\":[\"https:\/\/www.facebook.com\/PressenzaItalia\",\"https:\/\/x.com\/PressenzaIPA\"]},{\"@type\":\"Person\",\"@id\":\"https:\/\/www.pressenza.com\/es\/#\/schema\/person\/828fc40eeca2ad7be3630e5a46adba94\",\"name\":\"Redacci\u00f3n Madrid\",\"description\":\"News from the Pressenza Bureau in Madrid, Spain\",\"sameAs\":[\"https:\/\/www.facebook.com\/pressenza\",\"https:\/\/x.com\/pressenza\"],\"url\":\"https:\/\/www.pressenza.com\/es\/author\/redaccion-madrid\/\"}]}<\/script>\n<!-- \/ Yoast SEO plugin. -->","yoast_head_json":{"title":"#NoalTTIP solicita al Ayuntamiento de Madrid que se declare zona libre de TTIP y CETA","description":"Los denominados ayuntamientos del cambio\u00a0han aprobado mociones en sus plenos para declararse zonas libres\u00a0de TTIP y CETA. La campa\u00f1a #NoalTTIP se","robots":{"index":"index","follow":"follow","max-snippet":"max-snippet:-1","max-image-preview":"max-image-preview:large","max-video-preview":"max-video-preview:-1"},"canonical":"https:\/\/www.pressenza.com\/es\/2016\/03\/noalttip-solicita-al-ayuntamiento-madrid-se-declare-zona-libre-ttip-ceta\/","og_locale":"es_ES","og_type":"article","og_title":"#NoalTTIP solicita al Ayuntamiento de Madrid que se declare zona libre de TTIP y CETA","og_description":"Los denominados ayuntamientos del cambio\u00a0han aprobado mociones en sus plenos para declararse zonas libres\u00a0de TTIP y CETA. La campa\u00f1a #NoalTTIP se","og_url":"https:\/\/www.pressenza.com\/es\/2016\/03\/noalttip-solicita-al-ayuntamiento-madrid-se-declare-zona-libre-ttip-ceta\/","og_site_name":"Pressenza","article_publisher":"https:\/\/www.facebook.com\/PressenzaItalia","article_author":"https:\/\/www.facebook.com\/pressenza","article_published_time":"2016-03-09T19:42:53+00:00","og_image":[{"width":643,"height":362,"url":"https:\/\/www.pressenza.com\/wp-content\/uploads\/2016\/03\/Manifestantes-TTIP-Berlin-Cornelia-ELDIARIO.ES_.jpg","type":"image\/jpeg"}],"author":"Redacci\u00f3n Madrid","twitter_card":"summary_large_image","twitter_creator":"@pressenza","twitter_site":"@PressenzaIPA","twitter_misc":{"Escrito por":"Redacci\u00f3n Madrid","Tiempo de lectura":"4 minutos"},"schema":{"@context":"https:\/\/schema.org","@graph":[{"@type":"Article","@id":"https:\/\/www.pressenza.com\/es\/2016\/03\/noalttip-solicita-al-ayuntamiento-madrid-se-declare-zona-libre-ttip-ceta\/#article","isPartOf":{"@id":"https:\/\/www.pressenza.com\/es\/2016\/03\/noalttip-solicita-al-ayuntamiento-madrid-se-declare-zona-libre-ttip-ceta\/"},"author":{"name":"Redacci\u00f3n Madrid","@id":"https:\/\/www.pressenza.com\/es\/#\/schema\/person\/828fc40eeca2ad7be3630e5a46adba94"},"headline":"#NoalTTIP solicita al Ayuntamiento de Madrid que se declare zona libre de TTIP y CETA","datePublished":"2016-03-09T19:42:53+00:00","mainEntityOfPage":{"@id":"https:\/\/www.pressenza.com\/es\/2016\/03\/noalttip-solicita-al-ayuntamiento-madrid-se-declare-zona-libre-ttip-ceta\/"},"wordCount":775,"publisher":{"@id":"https:\/\/www.pressenza.com\/es\/#organization"},"image":{"@id":"https:\/\/www.pressenza.com\/es\/2016\/03\/noalttip-solicita-al-ayuntamiento-madrid-se-declare-zona-libre-ttip-ceta\/#primaryimage"},"thumbnailUrl":"https:\/\/www.pressenza.com\/wp-content\/uploads\/2016\/03\/Manifestantes-TTIP-Berlin-Cornelia-ELDIARIO.ES_.jpg","keywords":["Ayuntamiento de Madrid","CETA","Espa\u00f1a","TTIP"],"articleSection":["Comunicados de Prensa","Econom\u00eda","Internacional","Pol\u00edtica"],"inLanguage":"es"},{"@type":"WebPage","@id":"https:\/\/www.pressenza.com\/es\/2016\/03\/noalttip-solicita-al-ayuntamiento-madrid-se-declare-zona-libre-ttip-ceta\/","url":"https:\/\/www.pressenza.com\/es\/2016\/03\/noalttip-solicita-al-ayuntamiento-madrid-se-declare-zona-libre-ttip-ceta\/","name":"#NoalTTIP solicita al Ayuntamiento de Madrid que se declare zona libre de TTIP y CETA","isPartOf":{"@id":"https:\/\/www.pressenza.com\/es\/#website"},"primaryImageOfPage":{"@id":"https:\/\/www.pressenza.com\/es\/2016\/03\/noalttip-solicita-al-ayuntamiento-madrid-se-declare-zona-libre-ttip-ceta\/#primaryimage"},"image":{"@id":"https:\/\/www.pressenza.com\/es\/2016\/03\/noalttip-solicita-al-ayuntamiento-madrid-se-declare-zona-libre-ttip-ceta\/#primaryimage"},"thumbnailUrl":"https:\/\/www.pressenza.com\/wp-content\/uploads\/2016\/03\/Manifestantes-TTIP-Berlin-Cornelia-ELDIARIO.ES_.jpg","datePublished":"2016-03-09T19:42:53+00:00","description":"Los denominados ayuntamientos del cambio\u00a0han aprobado mociones en sus plenos para declararse zonas libres\u00a0de TTIP y CETA. La campa\u00f1a #NoalTTIP se","breadcrumb":{"@id":"https:\/\/www.pressenza.com\/es\/2016\/03\/noalttip-solicita-al-ayuntamiento-madrid-se-declare-zona-libre-ttip-ceta\/#breadcrumb"},"inLanguage":"es","potentialAction":[{"@type":"ReadAction","target":["https:\/\/www.pressenza.com\/es\/2016\/03\/noalttip-solicita-al-ayuntamiento-madrid-se-declare-zona-libre-ttip-ceta\/"]}]},{"@type":"ImageObject","inLanguage":"es","@id":"https:\/\/www.pressenza.com\/es\/2016\/03\/noalttip-solicita-al-ayuntamiento-madrid-se-declare-zona-libre-ttip-ceta\/#primaryimage","url":"https:\/\/www.pressenza.com\/wp-content\/uploads\/2016\/03\/Manifestantes-TTIP-Berlin-Cornelia-ELDIARIO.ES_.jpg","contentUrl":"https:\/\/www.pressenza.com\/wp-content\/uploads\/2016\/03\/Manifestantes-TTIP-Berlin-Cornelia-ELDIARIO.ES_.jpg","width":643,"height":362},{"@type":"BreadcrumbList","@id":"https:\/\/www.pressenza.com\/es\/2016\/03\/noalttip-solicita-al-ayuntamiento-madrid-se-declare-zona-libre-ttip-ceta\/#breadcrumb","itemListElement":[{"@type":"ListItem","position":1,"name":"Accueil","item":"https:\/\/www.pressenza.com\/es\/"},{"@type":"ListItem","position":2,"name":"#NoalTTIP solicita al Ayuntamiento de Madrid que se declare zona libre de TTIP y CETA"}]},{"@type":"WebSite","@id":"https:\/\/www.pressenza.com\/es\/#website","url":"https:\/\/www.pressenza.com\/es\/","name":"Pressenza","description":"International Press Agency","publisher":{"@id":"https:\/\/www.pressenza.com\/es\/#organization"},"potentialAction":[{"@type":"SearchAction","target":{"@type":"EntryPoint","urlTemplate":"https:\/\/www.pressenza.com\/es\/?s={search_term_string}"},"query-input":{"@type":"PropertyValueSpecification","valueRequired":true,"valueName":"search_term_string"}}],"inLanguage":"es"},{"@type":"Organization","@id":"https:\/\/www.pressenza.com\/es\/#organization","name":"Pressenza","url":"https:\/\/www.pressenza.com\/es\/","logo":{"@type":"ImageObject","inLanguage":"es","@id":"https:\/\/www.pressenza.com\/es\/#\/schema\/logo\/image\/","url":"https:\/\/www.pressenza.com\/wp-content\/uploads\/2022\/10\/pressenza_logo_200x200.jpg","contentUrl":"https:\/\/www.pressenza.com\/wp-content\/uploads\/2022\/10\/pressenza_logo_200x200.jpg","width":200,"height":200,"caption":"Pressenza"},"image":{"@id":"https:\/\/www.pressenza.com\/es\/#\/schema\/logo\/image\/"},"sameAs":["https:\/\/www.facebook.com\/PressenzaItalia","https:\/\/x.com\/PressenzaIPA"]},{"@type":"Person","@id":"https:\/\/www.pressenza.com\/es\/#\/schema\/person\/828fc40eeca2ad7be3630e5a46adba94","name":"Redacci\u00f3n Madrid","description":"News from the Pressenza Bureau in Madrid, Spain","sameAs":["https:\/\/www.facebook.com\/pressenza","https:\/\/x.com\/pressenza"],"url":"https:\/\/www.pressenza.com\/es\/author\/redaccion-madrid\/"}]}},"place":"Madrid (Espa\u00f1a)","original_article_url":"","_links":{"self":[{"href":"https:\/\/www.pressenza.com\/es\/wp-json\/wp\/v2\/posts\/288228","targetHints":{"allow":["GET"]}}],"collection":[{"href":"https:\/\/www.pressenza.com\/es\/wp-json\/wp\/v2\/posts"}],"about":[{"href":"https:\/\/www.pressenza.com\/es\/wp-json\/wp\/v2\/types\/post"}],"author":[{"embeddable":true,"href":"https:\/\/www.pressenza.com\/es\/wp-json\/wp\/v2\/users\/94"}],"replies":[{"embeddable":true,"href":"https:\/\/www.pressenza.com\/es\/wp-json\/wp\/v2\/comments?post=288228"}],"version-history":[{"count":0,"href":"https:\/\/www.pressenza.com\/es\/wp-json\/wp\/v2\/posts\/288228\/revisions"}],"wp:featuredmedia":[{"embeddable":true,"href":"https:\/\/www.pressenza.com\/es\/wp-json\/wp\/v2\/media\/288229"}],"wp:attachment":[{"href":"https:\/\/www.pressenza.com\/es\/wp-json\/wp\/v2\/media?parent=288228"}],"wp:term":[{"taxonomy":"category","embeddable":true,"href":"https:\/\/www.pressenza.com\/es\/wp-json\/wp\/v2\/categories?post=288228"},{"taxonomy":"post_tag","embeddable":true,"href":"https:\/\/www.pressenza.com\/es\/wp-json\/wp\/v2\/tags?post=288228"}],"curies":[{"name":"wp","href":"https:\/\/api.w.org\/{rel}","templated":true}]}}