{"id":288094,"date":"2016-03-09T18:47:08","date_gmt":"2016-03-09T18:47:08","guid":{"rendered":"http:\/\/www.pressenza.com\/es\/?p=288094"},"modified":"2019-02-06T19:42:47","modified_gmt":"2019-02-06T19:42:47","slug":"288094","status":"publish","type":"post","link":"https:\/\/www.pressenza.com\/es\/2016\/03\/288094\/","title":{"rendered":"\u00abSeremos gobierno y trabajaremos por superar la pobreza, desigualdad, violencia y exclusi\u00f3n de la mujer en el Per\u00fa\u00bb"},"content":{"rendered":"<p style=\"text-align: justify;\">Fotoreportaje: Aldo Vilcapoma Orihuela<\/p>\n<p style=\"text-align: justify;\">Ver\u00f3nika Mendoza, candidata a la presidencia del Per\u00fa, cerr\u00f3 su visita al Valle del Mantaro en un multitudinario mitin en la plaza Huamanmarca de la ciudad de Huancayo. El acto pol\u00edtico fue el escenario de presentaci\u00f3n de las propuestas de gobierno del Frente Amplio.<\/p>\n<p style=\"text-align: justify;\">En el marco del D\u00eda Internacional de la Mujer, Ver\u00f3nika Mendoza, expuso diversas medidas para garantizar los derechos de las mujeres enfatizando en la necesidad de impulsar decididamente el salario igualitario, acciones contra el feminicidio, la participaci\u00f3n pol\u00edtica de las mujeres, el aborto legal en casos de violaci\u00f3n sexual y riesgo de la madre, as\u00ed como la reparaci\u00f3n efectiva a las v\u00edctimas de esterilizaciones forzadas.<\/p>\n<p style=\"text-align: justify;\"><em>\u00abNo se puede hablar de desarrollo si la mitad de la poblaci\u00f3n est\u00e1 sujeta a violencia de distinta naturaleza, ya sea f\u00edsica, psicol\u00f3gica, social y pol\u00edtica. Esto es un drama en nuestro pa\u00eds y pese a esto permanece ausente en el debate pol\u00edtico\u00bb<\/em><\/p>\n<p style=\"text-align: justify;\"><em>\u201cLo mismo sucede con los problemas de desigualdad salarial. Ante las mismas responsabilidades y capacitaci\u00f3n las mujeres ganan 30% menos que los hombres en el sector privado y 15% en el p\u00fablico\u00bb<\/em><\/p>\n<p style=\"text-align: justify;\"><em>\u00abEn nuestro pa\u00eds hay cerca de un mill\u00f3n de mujeres sin pensi\u00f3n. Son mujeres que se han dedicado toda o buena parte de su vida al cuidado de los ni\u00f1os o familiares, de su alimentaci\u00f3n, educaci\u00f3n y de los quehaceres de la casa\u201d<\/em>, expres\u00f3 en relaci\u00f3n a su propuesta de programa \u00abPensi\u00f3n Mujer\u00bb\u00a0que\u00a0busca garantizar una pensi\u00f3n y seguro social para mujeres adultas mayores.<\/p>\n<p style=\"text-align: justify;\"><img loading=\"lazy\" decoding=\"async\" class=\"aligncenter wp-image-288114 size-large\" src=\"http:\/\/www.pressenza.com\/wp-content\/uploads\/2016\/03\/2-2-720x480.jpg\" alt=\"2\" width=\"720\" height=\"480\" srcset=\"https:\/\/www.pressenza.com\/wp-content\/uploads\/2016\/03\/2-2-720x480.jpg 720w, https:\/\/www.pressenza.com\/wp-content\/uploads\/2016\/03\/2-2-300x200.jpg 300w, https:\/\/www.pressenza.com\/wp-content\/uploads\/2016\/03\/2-2-768x512.jpg 768w, https:\/\/www.pressenza.com\/wp-content\/uploads\/2016\/03\/2-2.jpg 950w\" sizes=\"auto, (max-width: 720px) 100vw, 720px\" \/><\/p>\n<p style=\"text-align: justify;\"><img loading=\"lazy\" decoding=\"async\" class=\"aligncenter wp-image-288121 size-full\" src=\"http:\/\/www.pressenza.com\/wp-content\/uploads\/2016\/03\/3-2.jpg\" alt=\"3\" width=\"602\" height=\"439\" srcset=\"https:\/\/www.pressenza.com\/wp-content\/uploads\/2016\/03\/3-2.jpg 602w, https:\/\/www.pressenza.com\/wp-content\/uploads\/2016\/03\/3-2-300x219.jpg 300w\" sizes=\"auto, (max-width: 602px) 100vw, 602px\" \/><\/p>\n<p style=\"text-align: justify;\"><img loading=\"lazy\" decoding=\"async\" class=\"aligncenter wp-image-288128 size-large\" src=\"http:\/\/www.pressenza.com\/wp-content\/uploads\/2016\/03\/4-2-720x480.jpg\" alt=\"4\" width=\"720\" height=\"480\" srcset=\"https:\/\/www.pressenza.com\/wp-content\/uploads\/2016\/03\/4-2-720x480.jpg 720w, https:\/\/www.pressenza.com\/wp-content\/uploads\/2016\/03\/4-2-300x200.jpg 300w, https:\/\/www.pressenza.com\/wp-content\/uploads\/2016\/03\/4-2-768x512.jpg 768w, https:\/\/www.pressenza.com\/wp-content\/uploads\/2016\/03\/4-2.jpg 950w\" sizes=\"auto, (max-width: 720px) 100vw, 720px\" \/><\/p>\n<p style=\"text-align: justify;\"><img loading=\"lazy\" decoding=\"async\" class=\"aligncenter wp-image-288135 size-large\" src=\"http:\/\/www.pressenza.com\/wp-content\/uploads\/2016\/03\/5-2-720x480.jpg\" alt=\"5\" width=\"720\" height=\"480\" srcset=\"https:\/\/www.pressenza.com\/wp-content\/uploads\/2016\/03\/5-2-720x480.jpg 720w, https:\/\/www.pressenza.com\/wp-content\/uploads\/2016\/03\/5-2-300x200.jpg 300w, https:\/\/www.pressenza.com\/wp-content\/uploads\/2016\/03\/5-2-768x512.jpg 768w, https:\/\/www.pressenza.com\/wp-content\/uploads\/2016\/03\/5-2.jpg 950w\" sizes=\"auto, (max-width: 720px) 100vw, 720px\" \/><\/p>\n<p style=\"text-align: justify;\"><img loading=\"lazy\" decoding=\"async\" class=\"aligncenter wp-image-288142 size-large\" src=\"http:\/\/www.pressenza.com\/wp-content\/uploads\/2016\/03\/6-2-720x480.jpg\" alt=\"6\" width=\"720\" height=\"480\" srcset=\"https:\/\/www.pressenza.com\/wp-content\/uploads\/2016\/03\/6-2-720x480.jpg 720w, https:\/\/www.pressenza.com\/wp-content\/uploads\/2016\/03\/6-2-300x200.jpg 300w, https:\/\/www.pressenza.com\/wp-content\/uploads\/2016\/03\/6-2-768x512.jpg 768w, https:\/\/www.pressenza.com\/wp-content\/uploads\/2016\/03\/6-2.jpg 950w\" sizes=\"auto, (max-width: 720px) 100vw, 720px\" \/><\/p>\n<p style=\"text-align: justify;\"><img loading=\"lazy\" decoding=\"async\" class=\"aligncenter wp-image-288149 size-large\" src=\"http:\/\/www.pressenza.com\/wp-content\/uploads\/2016\/03\/7-2-720x480.jpg\" alt=\"7\" width=\"720\" height=\"480\" srcset=\"https:\/\/www.pressenza.com\/wp-content\/uploads\/2016\/03\/7-2-720x480.jpg 720w, https:\/\/www.pressenza.com\/wp-content\/uploads\/2016\/03\/7-2-300x200.jpg 300w, https:\/\/www.pressenza.com\/wp-content\/uploads\/2016\/03\/7-2-768x512.jpg 768w, https:\/\/www.pressenza.com\/wp-content\/uploads\/2016\/03\/7-2.jpg 950w\" sizes=\"auto, (max-width: 720px) 100vw, 720px\" \/><\/p>\n<p style=\"text-align: justify;\"><img loading=\"lazy\" decoding=\"async\" class=\"aligncenter wp-image-288156 size-large\" src=\"http:\/\/www.pressenza.com\/wp-content\/uploads\/2016\/03\/8-2-720x480.jpg\" alt=\"8\" width=\"720\" height=\"480\" srcset=\"https:\/\/www.pressenza.com\/wp-content\/uploads\/2016\/03\/8-2-720x480.jpg 720w, https:\/\/www.pressenza.com\/wp-content\/uploads\/2016\/03\/8-2-300x200.jpg 300w, https:\/\/www.pressenza.com\/wp-content\/uploads\/2016\/03\/8-2-768x512.jpg 768w, https:\/\/www.pressenza.com\/wp-content\/uploads\/2016\/03\/8-2.jpg 950w\" sizes=\"auto, (max-width: 720px) 100vw, 720px\" \/><\/p>\n<p style=\"text-align: justify;\"><img loading=\"lazy\" decoding=\"async\" class=\"aligncenter wp-image-288163 size-large\" src=\"http:\/\/www.pressenza.com\/wp-content\/uploads\/2016\/03\/9-1-720x480.jpg\" alt=\"9\" width=\"720\" height=\"480\" srcset=\"https:\/\/www.pressenza.com\/wp-content\/uploads\/2016\/03\/9-1-720x480.jpg 720w, https:\/\/www.pressenza.com\/wp-content\/uploads\/2016\/03\/9-1-300x200.jpg 300w, https:\/\/www.pressenza.com\/wp-content\/uploads\/2016\/03\/9-1-768x512.jpg 768w, https:\/\/www.pressenza.com\/wp-content\/uploads\/2016\/03\/9-1.jpg 950w\" sizes=\"auto, (max-width: 720px) 100vw, 720px\" \/><\/p>\n<p style=\"text-align: justify;\"><img loading=\"lazy\" decoding=\"async\" class=\"aligncenter wp-image-288170 size-large\" src=\"http:\/\/www.pressenza.com\/wp-content\/uploads\/2016\/03\/10-1-683x1024.jpg\" alt=\"10\" width=\"683\" height=\"1024\" srcset=\"https:\/\/www.pressenza.com\/wp-content\/uploads\/2016\/03\/10-1-683x1024.jpg 683w, https:\/\/www.pressenza.com\/wp-content\/uploads\/2016\/03\/10-1-200x300.jpg 200w, https:\/\/www.pressenza.com\/wp-content\/uploads\/2016\/03\/10-1-768x1152.jpg 768w, https:\/\/www.pressenza.com\/wp-content\/uploads\/2016\/03\/10-1.jpg 950w\" sizes=\"auto, (max-width: 683px) 100vw, 683px\" \/><\/p>\n<p style=\"text-align: justify;\"><img loading=\"lazy\" decoding=\"async\" class=\"aligncenter wp-image-288177 size-large\" src=\"http:\/\/www.pressenza.com\/wp-content\/uploads\/2016\/03\/11-720x480.jpg\" alt=\"11\" width=\"720\" height=\"480\" srcset=\"https:\/\/www.pressenza.com\/wp-content\/uploads\/2016\/03\/11-720x480.jpg 720w, https:\/\/www.pressenza.com\/wp-content\/uploads\/2016\/03\/11-300x200.jpg 300w, https:\/\/www.pressenza.com\/wp-content\/uploads\/2016\/03\/11-768x512.jpg 768w, https:\/\/www.pressenza.com\/wp-content\/uploads\/2016\/03\/11.jpg 950w\" sizes=\"auto, (max-width: 720px) 100vw, 720px\" \/><\/p>\n<p style=\"text-align: justify;\"><img loading=\"lazy\" decoding=\"async\" class=\"aligncenter wp-image-288184 size-large\" src=\"http:\/\/www.pressenza.com\/wp-content\/uploads\/2016\/03\/12-1-720x480.jpg\" alt=\"12\" width=\"720\" height=\"480\" srcset=\"https:\/\/www.pressenza.com\/wp-content\/uploads\/2016\/03\/12-1-720x480.jpg 720w, https:\/\/www.pressenza.com\/wp-content\/uploads\/2016\/03\/12-1-300x200.jpg 300w, https:\/\/www.pressenza.com\/wp-content\/uploads\/2016\/03\/12-1-768x512.jpg 768w, https:\/\/www.pressenza.com\/wp-content\/uploads\/2016\/03\/12-1.jpg 950w\" sizes=\"auto, (max-width: 720px) 100vw, 720px\" \/><\/p>\n<p style=\"text-align: justify;\"><img loading=\"lazy\" decoding=\"async\" class=\"aligncenter wp-image-288191 size-large\" src=\"http:\/\/www.pressenza.com\/wp-content\/uploads\/2016\/03\/13-1-720x480.jpg\" alt=\"13\" width=\"720\" height=\"480\" srcset=\"https:\/\/www.pressenza.com\/wp-content\/uploads\/2016\/03\/13-1-720x480.jpg 720w, https:\/\/www.pressenza.com\/wp-content\/uploads\/2016\/03\/13-1-300x200.jpg 300w, https:\/\/www.pressenza.com\/wp-content\/uploads\/2016\/03\/13-1-768x512.jpg 768w, https:\/\/www.pressenza.com\/wp-content\/uploads\/2016\/03\/13-1.jpg 950w\" sizes=\"auto, (max-width: 720px) 100vw, 720px\" \/><\/p>\n<p style=\"text-align: justify;\"><img loading=\"lazy\" decoding=\"async\" class=\"aligncenter wp-image-288205 size-large\" src=\"http:\/\/www.pressenza.com\/wp-content\/uploads\/2016\/03\/15-1-720x480.jpg\" alt=\"15\" width=\"720\" height=\"480\" srcset=\"https:\/\/www.pressenza.com\/wp-content\/uploads\/2016\/03\/15-1-720x480.jpg 720w, https:\/\/www.pressenza.com\/wp-content\/uploads\/2016\/03\/15-1-300x200.jpg 300w, https:\/\/www.pressenza.com\/wp-content\/uploads\/2016\/03\/15-1-768x512.jpg 768w, https:\/\/www.pressenza.com\/wp-content\/uploads\/2016\/03\/15-1.jpg 950w\" sizes=\"auto, (max-width: 720px) 100vw, 720px\" \/><\/p>\n<p style=\"text-align: justify;\"><img loading=\"lazy\" decoding=\"async\" class=\"aligncenter wp-image-288198 size-large\" src=\"http:\/\/www.pressenza.com\/wp-content\/uploads\/2016\/03\/14-1-720x480.jpg\" alt=\"14\" width=\"720\" height=\"480\" srcset=\"https:\/\/www.pressenza.com\/wp-content\/uploads\/2016\/03\/14-1-720x480.jpg 720w, https:\/\/www.pressenza.com\/wp-content\/uploads\/2016\/03\/14-1-300x200.jpg 300w, https:\/\/www.pressenza.com\/wp-content\/uploads\/2016\/03\/14-1-768x512.jpg 768w, https:\/\/www.pressenza.com\/wp-content\/uploads\/2016\/03\/14-1.jpg 950w\" sizes=\"auto, (max-width: 720px) 100vw, 720px\" \/><\/p>\n","protected":false},"excerpt":{"rendered":"<p>Fotoreportaje: Aldo Vilcapoma Orihuela Ver\u00f3nika Mendoza, candidata a la presidencia del Per\u00fa, cerr\u00f3 su visita al Valle del Mantaro en un multitudinario mitin en la plaza Huamanmarca de la ciudad de Huancayo. El acto pol\u00edtico fue el escenario de presentaci\u00f3n&hellip;<\/p>\n","protected":false},"author":831,"featured_media":288107,"comment_status":"closed","ping_status":"closed","sticky":false,"template":"","format":"standard","meta":{"footnotes":""},"categories":[5667,54515,74,67],"tags":[24787,21255,24719,21072,24785,16588,15733,1025,1560,24466,24786],"class_list":["post-288094","post","type-post","status-publish","format-standard","has-post-thumbnail","hentry","category-foto-reportajes","category-genero-y-feminismos","category-politica-es","category-sudamerica","tag-aborto-legal","tag-adulto-mayor","tag-dia-internacional-de-la-mujer","tag-elecciones-presidenciales","tag-esterilizaciones-forzadas","tag-huancayo","tag-junin","tag-mujeres","tag-peru","tag-reparaciones","tag-salario-igualitario"],"yoast_head":"<!-- This site is optimized with the Yoast SEO plugin v27.1.1 - https:\/\/yoast.com\/product\/yoast-seo-wordpress\/ -->\n<title>&quot;Seremos gobierno y trabajaremos por superar la pobreza, desigualdad, violencia y exclusi\u00f3n de la mujer en el Per\u00fa&quot;<\/title>\n<meta name=\"description\" content=\"Fotoreportaje: Aldo Vilcapoma Orihuela Ver\u00f3nika Mendoza, candidata a la presidencia del Per\u00fa, cerr\u00f3 su visita al Valle del Mantaro en un multitudinario\" \/>\n<meta name=\"robots\" content=\"index, follow, max-snippet:-1, max-image-preview:large, max-video-preview:-1\" \/>\n<link rel=\"canonical\" href=\"https:\/\/www.pressenza.com\/es\/2016\/03\/288094\/\" \/>\n<meta property=\"og:locale\" content=\"es_ES\" \/>\n<meta property=\"og:type\" content=\"article\" \/>\n<meta property=\"og:title\" content=\"&quot;Seremos gobierno y trabajaremos por superar la pobreza, desigualdad, violencia y exclusi\u00f3n de la mujer en el Per\u00fa&quot;\" \/>\n<meta property=\"og:description\" content=\"Fotoreportaje: Aldo Vilcapoma Orihuela Ver\u00f3nika Mendoza, candidata a la presidencia del Per\u00fa, cerr\u00f3 su visita al Valle del Mantaro en un multitudinario\" \/>\n<meta property=\"og:url\" content=\"https:\/\/www.pressenza.com\/es\/2016\/03\/288094\/\" \/>\n<meta property=\"og:site_name\" content=\"Pressenza\" \/>\n<meta property=\"article:publisher\" content=\"https:\/\/www.facebook.com\/PressenzaItalia\" \/>\n<meta property=\"article:published_time\" content=\"2016-03-09T18:47:08+00:00\" \/>\n<meta property=\"article:modified_time\" content=\"2019-02-06T19:42:47+00:00\" \/>\n<meta property=\"og:image\" content=\"https:\/\/www.pressenza.com\/wp-content\/uploads\/2016\/03\/1-2.jpg\" \/>\n\t<meta property=\"og:image:width\" content=\"950\" \/>\n\t<meta property=\"og:image:height\" content=\"633\" \/>\n\t<meta property=\"og:image:type\" content=\"image\/jpeg\" \/>\n<meta name=\"author\" content=\"Redacci\u00f3n Per\u00fa\" \/>\n<meta name=\"twitter:card\" content=\"summary_large_image\" \/>\n<meta name=\"twitter:creator\" content=\"@PressenzaIPA\" \/>\n<meta name=\"twitter:site\" content=\"@PressenzaIPA\" \/>\n<meta name=\"twitter:label1\" content=\"Escrito por\" \/>\n\t<meta name=\"twitter:data1\" content=\"Redacci\u00f3n Per\u00fa\" \/>\n\t<meta name=\"twitter:label2\" content=\"Tiempo de lectura\" \/>\n\t<meta name=\"twitter:data2\" content=\"1 minuto\" \/>\n<script type=\"application\/ld+json\" class=\"yoast-schema-graph\">{\"@context\":\"https:\/\/schema.org\",\"@graph\":[{\"@type\":\"Article\",\"@id\":\"https:\/\/www.pressenza.com\/es\/2016\/03\/288094\/#article\",\"isPartOf\":{\"@id\":\"https:\/\/www.pressenza.com\/es\/2016\/03\/288094\/\"},\"author\":{\"name\":\"Redacci\u00f3n Per\u00fa\",\"@id\":\"https:\/\/www.pressenza.com\/es\/#\/schema\/person\/e86c29a41185b85084a478822f5de81b\"},\"headline\":\"\u00abSeremos gobierno y trabajaremos por superar la pobreza, desigualdad, violencia y exclusi\u00f3n de la mujer en el Per\u00fa\u00bb\",\"datePublished\":\"2016-03-09T18:47:08+00:00\",\"dateModified\":\"2019-02-06T19:42:47+00:00\",\"mainEntityOfPage\":{\"@id\":\"https:\/\/www.pressenza.com\/es\/2016\/03\/288094\/\"},\"wordCount\":297,\"publisher\":{\"@id\":\"https:\/\/www.pressenza.com\/es\/#organization\"},\"image\":{\"@id\":\"https:\/\/www.pressenza.com\/es\/2016\/03\/288094\/#primaryimage\"},\"thumbnailUrl\":\"https:\/\/www.pressenza.com\/wp-content\/uploads\/2016\/03\/1-2.jpg\",\"keywords\":[\"aborto legal\",\"Adulto Mayor\",\"D\u00eda Internacional de la Mujer\",\"Elecciones presidenciales\",\"esterilizaciones forzadas\",\"Huancayo\",\"jun\u00edn\",\"Mujeres\",\"Per\u00fa\",\"Reparaciones\",\"salario igualitario\"],\"articleSection\":[\"Fotorreportajes\",\"G\u00e9nero y Feminismos\",\"Pol\u00edtica\",\"Sudam\u00e9rica\"],\"inLanguage\":\"es\"},{\"@type\":\"WebPage\",\"@id\":\"https:\/\/www.pressenza.com\/es\/2016\/03\/288094\/\",\"url\":\"https:\/\/www.pressenza.com\/es\/2016\/03\/288094\/\",\"name\":\"\\\"Seremos gobierno y trabajaremos por superar la pobreza, desigualdad, violencia y exclusi\u00f3n de la mujer en el Per\u00fa\\\"\",\"isPartOf\":{\"@id\":\"https:\/\/www.pressenza.com\/es\/#website\"},\"primaryImageOfPage\":{\"@id\":\"https:\/\/www.pressenza.com\/es\/2016\/03\/288094\/#primaryimage\"},\"image\":{\"@id\":\"https:\/\/www.pressenza.com\/es\/2016\/03\/288094\/#primaryimage\"},\"thumbnailUrl\":\"https:\/\/www.pressenza.com\/wp-content\/uploads\/2016\/03\/1-2.jpg\",\"datePublished\":\"2016-03-09T18:47:08+00:00\",\"dateModified\":\"2019-02-06T19:42:47+00:00\",\"description\":\"Fotoreportaje: Aldo Vilcapoma Orihuela Ver\u00f3nika Mendoza, candidata a la presidencia del Per\u00fa, cerr\u00f3 su visita al Valle del Mantaro en un multitudinario\",\"breadcrumb\":{\"@id\":\"https:\/\/www.pressenza.com\/es\/2016\/03\/288094\/#breadcrumb\"},\"inLanguage\":\"es\",\"potentialAction\":[{\"@type\":\"ReadAction\",\"target\":[\"https:\/\/www.pressenza.com\/es\/2016\/03\/288094\/\"]}]},{\"@type\":\"ImageObject\",\"inLanguage\":\"es\",\"@id\":\"https:\/\/www.pressenza.com\/es\/2016\/03\/288094\/#primaryimage\",\"url\":\"https:\/\/www.pressenza.com\/wp-content\/uploads\/2016\/03\/1-2.jpg\",\"contentUrl\":\"https:\/\/www.pressenza.com\/wp-content\/uploads\/2016\/03\/1-2.jpg\",\"width\":950,\"height\":633},{\"@type\":\"BreadcrumbList\",\"@id\":\"https:\/\/www.pressenza.com\/es\/2016\/03\/288094\/#breadcrumb\",\"itemListElement\":[{\"@type\":\"ListItem\",\"position\":1,\"name\":\"Accueil\",\"item\":\"https:\/\/www.pressenza.com\/es\/\"},{\"@type\":\"ListItem\",\"position\":2,\"name\":\"\u00abSeremos gobierno y trabajaremos por superar la pobreza, desigualdad, violencia y exclusi\u00f3n de la mujer en el Per\u00fa\u00bb\"}]},{\"@type\":\"WebSite\",\"@id\":\"https:\/\/www.pressenza.com\/es\/#website\",\"url\":\"https:\/\/www.pressenza.com\/es\/\",\"name\":\"Pressenza\",\"description\":\"International Press Agency\",\"publisher\":{\"@id\":\"https:\/\/www.pressenza.com\/es\/#organization\"},\"potentialAction\":[{\"@type\":\"SearchAction\",\"target\":{\"@type\":\"EntryPoint\",\"urlTemplate\":\"https:\/\/www.pressenza.com\/es\/?s={search_term_string}\"},\"query-input\":{\"@type\":\"PropertyValueSpecification\",\"valueRequired\":true,\"valueName\":\"search_term_string\"}}],\"inLanguage\":\"es\"},{\"@type\":\"Organization\",\"@id\":\"https:\/\/www.pressenza.com\/es\/#organization\",\"name\":\"Pressenza\",\"url\":\"https:\/\/www.pressenza.com\/es\/\",\"logo\":{\"@type\":\"ImageObject\",\"inLanguage\":\"es\",\"@id\":\"https:\/\/www.pressenza.com\/es\/#\/schema\/logo\/image\/\",\"url\":\"https:\/\/www.pressenza.com\/wp-content\/uploads\/2022\/10\/pressenza_logo_200x200.jpg\",\"contentUrl\":\"https:\/\/www.pressenza.com\/wp-content\/uploads\/2022\/10\/pressenza_logo_200x200.jpg\",\"width\":200,\"height\":200,\"caption\":\"Pressenza\"},\"image\":{\"@id\":\"https:\/\/www.pressenza.com\/es\/#\/schema\/logo\/image\/\"},\"sameAs\":[\"https:\/\/www.facebook.com\/PressenzaItalia\",\"https:\/\/x.com\/PressenzaIPA\"]},{\"@type\":\"Person\",\"@id\":\"https:\/\/www.pressenza.com\/es\/#\/schema\/person\/e86c29a41185b85084a478822f5de81b\",\"name\":\"Redacci\u00f3n Per\u00fa\",\"description\":\"News published by the Pressenza bureau in Peru\",\"url\":\"https:\/\/www.pressenza.com\/es\/author\/redaccion-peru\/\"}]}<\/script>\n<!-- \/ Yoast SEO plugin. -->","yoast_head_json":{"title":"\"Seremos gobierno y trabajaremos por superar la pobreza, desigualdad, violencia y exclusi\u00f3n de la mujer en el Per\u00fa\"","description":"Fotoreportaje: Aldo Vilcapoma Orihuela Ver\u00f3nika Mendoza, candidata a la presidencia del Per\u00fa, cerr\u00f3 su visita al Valle del Mantaro en un multitudinario","robots":{"index":"index","follow":"follow","max-snippet":"max-snippet:-1","max-image-preview":"max-image-preview:large","max-video-preview":"max-video-preview:-1"},"canonical":"https:\/\/www.pressenza.com\/es\/2016\/03\/288094\/","og_locale":"es_ES","og_type":"article","og_title":"\"Seremos gobierno y trabajaremos por superar la pobreza, desigualdad, violencia y exclusi\u00f3n de la mujer en el Per\u00fa\"","og_description":"Fotoreportaje: Aldo Vilcapoma Orihuela Ver\u00f3nika Mendoza, candidata a la presidencia del Per\u00fa, cerr\u00f3 su visita al Valle del Mantaro en un multitudinario","og_url":"https:\/\/www.pressenza.com\/es\/2016\/03\/288094\/","og_site_name":"Pressenza","article_publisher":"https:\/\/www.facebook.com\/PressenzaItalia","article_published_time":"2016-03-09T18:47:08+00:00","article_modified_time":"2019-02-06T19:42:47+00:00","og_image":[{"width":950,"height":633,"url":"https:\/\/www.pressenza.com\/wp-content\/uploads\/2016\/03\/1-2.jpg","type":"image\/jpeg"}],"author":"Redacci\u00f3n Per\u00fa","twitter_card":"summary_large_image","twitter_creator":"@PressenzaIPA","twitter_site":"@PressenzaIPA","twitter_misc":{"Escrito por":"Redacci\u00f3n Per\u00fa","Tiempo de lectura":"1 minuto"},"schema":{"@context":"https:\/\/schema.org","@graph":[{"@type":"Article","@id":"https:\/\/www.pressenza.com\/es\/2016\/03\/288094\/#article","isPartOf":{"@id":"https:\/\/www.pressenza.com\/es\/2016\/03\/288094\/"},"author":{"name":"Redacci\u00f3n Per\u00fa","@id":"https:\/\/www.pressenza.com\/es\/#\/schema\/person\/e86c29a41185b85084a478822f5de81b"},"headline":"\u00abSeremos gobierno y trabajaremos por superar la pobreza, desigualdad, violencia y exclusi\u00f3n de la mujer en el Per\u00fa\u00bb","datePublished":"2016-03-09T18:47:08+00:00","dateModified":"2019-02-06T19:42:47+00:00","mainEntityOfPage":{"@id":"https:\/\/www.pressenza.com\/es\/2016\/03\/288094\/"},"wordCount":297,"publisher":{"@id":"https:\/\/www.pressenza.com\/es\/#organization"},"image":{"@id":"https:\/\/www.pressenza.com\/es\/2016\/03\/288094\/#primaryimage"},"thumbnailUrl":"https:\/\/www.pressenza.com\/wp-content\/uploads\/2016\/03\/1-2.jpg","keywords":["aborto legal","Adulto Mayor","D\u00eda Internacional de la Mujer","Elecciones presidenciales","esterilizaciones forzadas","Huancayo","jun\u00edn","Mujeres","Per\u00fa","Reparaciones","salario igualitario"],"articleSection":["Fotorreportajes","G\u00e9nero y Feminismos","Pol\u00edtica","Sudam\u00e9rica"],"inLanguage":"es"},{"@type":"WebPage","@id":"https:\/\/www.pressenza.com\/es\/2016\/03\/288094\/","url":"https:\/\/www.pressenza.com\/es\/2016\/03\/288094\/","name":"\"Seremos gobierno y trabajaremos por superar la pobreza, desigualdad, violencia y exclusi\u00f3n de la mujer en el Per\u00fa\"","isPartOf":{"@id":"https:\/\/www.pressenza.com\/es\/#website"},"primaryImageOfPage":{"@id":"https:\/\/www.pressenza.com\/es\/2016\/03\/288094\/#primaryimage"},"image":{"@id":"https:\/\/www.pressenza.com\/es\/2016\/03\/288094\/#primaryimage"},"thumbnailUrl":"https:\/\/www.pressenza.com\/wp-content\/uploads\/2016\/03\/1-2.jpg","datePublished":"2016-03-09T18:47:08+00:00","dateModified":"2019-02-06T19:42:47+00:00","description":"Fotoreportaje: Aldo Vilcapoma Orihuela Ver\u00f3nika Mendoza, candidata a la presidencia del Per\u00fa, cerr\u00f3 su visita al Valle del Mantaro en un multitudinario","breadcrumb":{"@id":"https:\/\/www.pressenza.com\/es\/2016\/03\/288094\/#breadcrumb"},"inLanguage":"es","potentialAction":[{"@type":"ReadAction","target":["https:\/\/www.pressenza.com\/es\/2016\/03\/288094\/"]}]},{"@type":"ImageObject","inLanguage":"es","@id":"https:\/\/www.pressenza.com\/es\/2016\/03\/288094\/#primaryimage","url":"https:\/\/www.pressenza.com\/wp-content\/uploads\/2016\/03\/1-2.jpg","contentUrl":"https:\/\/www.pressenza.com\/wp-content\/uploads\/2016\/03\/1-2.jpg","width":950,"height":633},{"@type":"BreadcrumbList","@id":"https:\/\/www.pressenza.com\/es\/2016\/03\/288094\/#breadcrumb","itemListElement":[{"@type":"ListItem","position":1,"name":"Accueil","item":"https:\/\/www.pressenza.com\/es\/"},{"@type":"ListItem","position":2,"name":"\u00abSeremos gobierno y trabajaremos por superar la pobreza, desigualdad, violencia y exclusi\u00f3n de la mujer en el Per\u00fa\u00bb"}]},{"@type":"WebSite","@id":"https:\/\/www.pressenza.com\/es\/#website","url":"https:\/\/www.pressenza.com\/es\/","name":"Pressenza","description":"International Press Agency","publisher":{"@id":"https:\/\/www.pressenza.com\/es\/#organization"},"potentialAction":[{"@type":"SearchAction","target":{"@type":"EntryPoint","urlTemplate":"https:\/\/www.pressenza.com\/es\/?s={search_term_string}"},"query-input":{"@type":"PropertyValueSpecification","valueRequired":true,"valueName":"search_term_string"}}],"inLanguage":"es"},{"@type":"Organization","@id":"https:\/\/www.pressenza.com\/es\/#organization","name":"Pressenza","url":"https:\/\/www.pressenza.com\/es\/","logo":{"@type":"ImageObject","inLanguage":"es","@id":"https:\/\/www.pressenza.com\/es\/#\/schema\/logo\/image\/","url":"https:\/\/www.pressenza.com\/wp-content\/uploads\/2022\/10\/pressenza_logo_200x200.jpg","contentUrl":"https:\/\/www.pressenza.com\/wp-content\/uploads\/2022\/10\/pressenza_logo_200x200.jpg","width":200,"height":200,"caption":"Pressenza"},"image":{"@id":"https:\/\/www.pressenza.com\/es\/#\/schema\/logo\/image\/"},"sameAs":["https:\/\/www.facebook.com\/PressenzaItalia","https:\/\/x.com\/PressenzaIPA"]},{"@type":"Person","@id":"https:\/\/www.pressenza.com\/es\/#\/schema\/person\/e86c29a41185b85084a478822f5de81b","name":"Redacci\u00f3n Per\u00fa","description":"News published by the Pressenza bureau in Peru","url":"https:\/\/www.pressenza.com\/es\/author\/redaccion-peru\/"}]}},"place":"Huancayo","original_article_url":"","_links":{"self":[{"href":"https:\/\/www.pressenza.com\/es\/wp-json\/wp\/v2\/posts\/288094","targetHints":{"allow":["GET"]}}],"collection":[{"href":"https:\/\/www.pressenza.com\/es\/wp-json\/wp\/v2\/posts"}],"about":[{"href":"https:\/\/www.pressenza.com\/es\/wp-json\/wp\/v2\/types\/post"}],"author":[{"embeddable":true,"href":"https:\/\/www.pressenza.com\/es\/wp-json\/wp\/v2\/users\/831"}],"replies":[{"embeddable":true,"href":"https:\/\/www.pressenza.com\/es\/wp-json\/wp\/v2\/comments?post=288094"}],"version-history":[{"count":0,"href":"https:\/\/www.pressenza.com\/es\/wp-json\/wp\/v2\/posts\/288094\/revisions"}],"wp:featuredmedia":[{"embeddable":true,"href":"https:\/\/www.pressenza.com\/es\/wp-json\/wp\/v2\/media\/288107"}],"wp:attachment":[{"href":"https:\/\/www.pressenza.com\/es\/wp-json\/wp\/v2\/media?parent=288094"}],"wp:term":[{"taxonomy":"category","embeddable":true,"href":"https:\/\/www.pressenza.com\/es\/wp-json\/wp\/v2\/categories?post=288094"},{"taxonomy":"post_tag","embeddable":true,"href":"https:\/\/www.pressenza.com\/es\/wp-json\/wp\/v2\/tags?post=288094"}],"curies":[{"name":"wp","href":"https:\/\/api.w.org\/{rel}","templated":true}]}}