{"id":28803,"date":"2012-12-18T11:57:11","date_gmt":"2012-12-18T11:57:11","guid":{"rendered":"http:\/\/www.pressenza.com\/?p=28803"},"modified":"2012-12-18T19:14:52","modified_gmt":"2012-12-18T19:14:52","slug":"puestos-a-comparar-un-avance-del-informe-2012-de-la-educacion-en-el-estado-espanol","status":"publish","type":"post","link":"https:\/\/www.pressenza.com\/es\/2012\/12\/puestos-a-comparar-un-avance-del-informe-2012-de-la-educacion-en-el-estado-espanol\/","title":{"rendered":"Puestos a comparar, un avance del informe 2012 de la Educaci\u00f3n en el estado espa\u00f1ol"},"content":{"rendered":"<p>Comunicado de prensa de <a href=\"http:\/\/soypublica.wordpress.com\/2012\/12\/18\/avance-del-informe-2012-puestos-a-comparar\/\">Soyp\u00fablica<\/a>, Plataforma Educativa de Acci\u00f3n Ciudadana.<\/p>\n<p>&nbsp;<\/p>\n<p>Espa\u00f1a ha sufrido en este \u00faltimo curso 2012-13 un aumento de la ratio (n\u00ba de alumnos por aula) sin precedentes, que sin duda va a perjudicar al alumnado con m\u00e1s necesidades al verse resentida la atenci\u00f3n a la diversidad.<\/p>\n<p>[media-credit name=\u00bbSoy p\u00fablica\u00bb align=\u00bbalignright\u00bb width=\u00bb719&#8243;]<a href=\"http:\/\/www.pressenza.com\/es\/2012\/12\/puestos-a-comparar-un-avance-del-informe-2012-de-la-educacion-en-el-estado-espanol\/alumnado-por-clase\/\" rel=\"attachment wp-att-28808\"><img loading=\"lazy\" decoding=\"async\" class=\"size-full wp-image-28808\" title=\"alumnado-por-clase\" src=\"http:\/\/www.pressenza.com\/wp-content\/uploads\/2012\/12\/alumnado-por-clase.jpg\" alt=\"\" width=\"719\" height=\"373\" srcset=\"https:\/\/www.pressenza.com\/wp-content\/uploads\/2012\/12\/alumnado-por-clase.jpg 719w, https:\/\/www.pressenza.com\/wp-content\/uploads\/2012\/12\/alumnado-por-clase-300x155.jpg 300w, https:\/\/www.pressenza.com\/wp-content\/uploads\/2012\/12\/alumnado-por-clase-600x311.jpg 600w\" sizes=\"auto, (max-width: 719px) 100vw, 719px\" \/><\/a>[\/media-credit]<\/p>\n<p>Si observamos la siguiente gr\u00e1fica podemos ver c\u00f3mo era la ratio en Espa\u00f1a el curso 2009: La ratio en primaria estaba por debajo de la media de los pa\u00edses de la OCDE y de la UE de los 21 en centros p\u00fablicos. En secundaria se situaba por debajo de la media de la UE de los 21 y en el mismo porcentaje respecto a los pa\u00edses de la OCDE en centros p\u00fablicos. En la privada la ratio era mayor.<\/p>\n<p>Actualmente, las cosas han cambiado dado el aumento del n\u00ba de alumn@s por aula impuesto por el PP para este nuevo curso.<\/p>\n<p>Si observamos en detalle, Espa\u00f1a cuenta con una ratio mayor que la alemana o la finlandesa y menor que la francesa. Este es un punto vital ya que el n\u00ba de alumn@s por clase y su heterogeneidad hacen que la educaci\u00f3n pueda ser m\u00e1s o menos personalizada, m\u00e1s o menos adecuada a las necesidades del alumnado. Cuando alguien acude a aprender ingl\u00e9s a una academia, uno de los atractivos m\u00e1s comunes es el escaso n\u00ba de estudiantes por clase que los centros ofrecen para atraer al alumnado. \u00bfPor qu\u00e9 no es v\u00e1lido ese criterio para la educaci\u00f3n p\u00fablica? Espa\u00f1a, adem\u00e1s, ha contado en los \u00faltimos a\u00f1os con una gran heterogeneidad en las aulas, dada nuestra propia idiosincrasia y la llegada de inmigrantes. Estos \u00faltimos, como ya hemos explicado en otros informes, se concentran en la p\u00fablica, de ah\u00ed que hayamos reivindicado la necesidad de una menor ratio en los centros p\u00fablicos considerando la complejidad del alumnado. Por eso, no parece sensato que en las aulas espa\u00f1olas haya m\u00e1s alumn@s que en aulas tan homog\u00e9neas como las escandinavas. Este va a ser uno de los grandes lastres de la educaci\u00f3n , repercutiendo muy negativamente en el futuro, puesto que ser\u00e1 imposible seguir acortando diferencias entre el alumnado como hasta ahora ven\u00eda logrando nuestro sistema educativo (<a href=\"http:\/\/soypublica.wordpress.com\/2012\/08\/06\/desmontando-mentiras-el-sistema-educativo-espanol-es-el-2o-mejor-del-mundo-que-garantiza-la-equidad\/\">an\u00e1lisis sobre el informe Pisa que demuestra que el sistema educativo espa\u00f1ol es el 2\u00ba mejor del mundo que garantiza la equidad<\/a>).<\/p>\n<p>[media-credit name=\u00bbSoy P\u00fablica\u00bb align=\u00bbalignright\u00bb width=\u00bb709&#8243;]<a href=\"http:\/\/www.pressenza.com\/es\/2012\/12\/puestos-a-comparar-un-avance-del-informe-2012-de-la-educacion-en-el-estado-espanol\/ratio\/\" rel=\"attachment wp-att-28811\"><img loading=\"lazy\" decoding=\"async\" class=\"size-full wp-image-28811\" title=\"ratio\" src=\"http:\/\/www.pressenza.com\/wp-content\/uploads\/2012\/12\/ratio.jpg\" alt=\"\" width=\"709\" height=\"396\" srcset=\"https:\/\/www.pressenza.com\/wp-content\/uploads\/2012\/12\/ratio.jpg 709w, https:\/\/www.pressenza.com\/wp-content\/uploads\/2012\/12\/ratio-300x167.jpg 300w, https:\/\/www.pressenza.com\/wp-content\/uploads\/2012\/12\/ratio-600x335.jpg 600w\" sizes=\"auto, (max-width: 709px) 100vw, 709px\" \/><\/a>[\/media-credit]<\/p>\n<p>Para atacar a la educaci\u00f3n, especialmente a la p\u00fablica, algunos de nuestros pol\u00edticos usan la informaci\u00f3n del cuadro anterior en el que se muestra la ratio alumn@s-docentes, o lo que es lo mismo, el n\u00ba de alumn@s por profesor\/a. Argumentan que en Espa\u00f1a hay muchos profesor@s, para luego poner en la calle a miles de interinos. Si nos quedamos s\u00f3lo con el dato, hay que afirmar que Espa\u00f1a tiene menos alumn@s por profesor que la media de la OCDE y la EU de los 21. Alguien que no est\u00e9 muy familiarizado con las aulas puede pensar que cada docente tiene solo 9,3 alumn@s por nivel en secundaria, m\u00e1s a\u00fan si se usa en un contexto de despido de docentes y desprestigio de la profesi\u00f3n. Sin embargo, la realidad es otra muy distinta. En Espa\u00f1a contamos con unos departamentos de orientaci\u00f3n muy numerosos encargados de solventar las dificultades de nuestro alumnado, que hacen que esta ratio sea m\u00e1s baja. En aquellos pa\u00edses con un alumnado m\u00e1s homog\u00e9neo, los docentes de compensatoria, los maestr@s de apoyo, los profesor@s que imparten diversificaci\u00f3n o PCPI o est\u00e1n en las aulas de enlace, simplemente no existen. Estos profesionales, dada las particularidades de su alumnado, cuentan con menos alumn@s y esto hace que la proporci\u00f3n docentes alumn@s baje, especialmente en la p\u00fablica que, como ya hemos explicado, absorbe al alumnado con mayores dificultades y al grueso de alumn@s inmigrantes.<\/p>\n","protected":false},"excerpt":{"rendered":"<p>Comunicado de prensa de Soyp\u00fablica, Plataforma Educativa de Acci\u00f3n Ciudadana. &nbsp; Espa\u00f1a ha sufrido en este \u00faltimo curso 2012-13 un aumento de la ratio (n\u00ba de alumnos por aula) sin precedentes, que sin duda va a perjudicar al alumnado con&hellip;<\/p>\n","protected":false},"author":19,"featured_media":28805,"comment_status":"closed","ping_status":"open","sticky":false,"template":"","format":"standard","meta":{"footnotes":""},"categories":[149,1230,66],"tags":[513,355,441,393,1398,984,394,512],"class_list":["post-28803","post","type-post","status-publish","format-standard","has-post-thumbnail","hentry","category-comunicados-de-prensa","category-educacion-tema","category-europa-es","tag-austeridad","tag-crisis-es","tag-derechos-humanos","tag-educacion","tag-estado-espanol","tag-indignados-es","tag-protestas-sociales","tag-recortes"],"yoast_head":"<!-- This site is optimized with the Yoast SEO plugin v27.1.1 - https:\/\/yoast.com\/product\/yoast-seo-wordpress\/ -->\n<title>Puestos a comparar, un avance del informe 2012 de la Educaci\u00f3n en el estado espa\u00f1ol<\/title>\n<meta name=\"description\" content=\"Comunicado de prensa de Soyp\u00fablica, Plataforma Educativa de Acci\u00f3n Ciudadana. &nbsp; Espa\u00f1a ha sufrido en este \u00faltimo curso 2012-13 un aumento de la ratio\" \/>\n<meta name=\"robots\" content=\"index, follow, max-snippet:-1, max-image-preview:large, max-video-preview:-1\" \/>\n<link rel=\"canonical\" href=\"https:\/\/www.pressenza.com\/es\/2012\/12\/puestos-a-comparar-un-avance-del-informe-2012-de-la-educacion-en-el-estado-espanol\/\" \/>\n<meta property=\"og:locale\" content=\"es_ES\" \/>\n<meta property=\"og:type\" content=\"article\" \/>\n<meta property=\"og:title\" content=\"Puestos a comparar, un avance del informe 2012 de la Educaci\u00f3n en el estado espa\u00f1ol\" \/>\n<meta property=\"og:description\" content=\"Comunicado de prensa de Soyp\u00fablica, Plataforma Educativa de Acci\u00f3n Ciudadana. &nbsp; Espa\u00f1a ha sufrido en este \u00faltimo curso 2012-13 un aumento de la ratio\" \/>\n<meta property=\"og:url\" content=\"https:\/\/www.pressenza.com\/es\/2012\/12\/puestos-a-comparar-un-avance-del-informe-2012-de-la-educacion-en-el-estado-espanol\/\" \/>\n<meta property=\"og:site_name\" content=\"Pressenza\" \/>\n<meta property=\"article:publisher\" content=\"https:\/\/www.facebook.com\/PressenzaItalia\" \/>\n<meta property=\"article:author\" content=\"https:\/\/www.facebook.com\/pressenza\" \/>\n<meta property=\"article:published_time\" content=\"2012-12-18T11:57:11+00:00\" \/>\n<meta property=\"article:modified_time\" content=\"2012-12-18T19:14:52+00:00\" \/>\n<meta property=\"og:image\" content=\"https:\/\/www.pressenza.com\/wp-content\/uploads\/2012\/12\/inaug_20-s-3.jpg\" \/>\n\t<meta property=\"og:image:width\" content=\"901\" \/>\n\t<meta property=\"og:image:height\" content=\"600\" \/>\n\t<meta property=\"og:image:type\" content=\"image\/jpeg\" \/>\n<meta name=\"author\" content=\"Pressenza IPA\" \/>\n<meta name=\"twitter:card\" content=\"summary_large_image\" \/>\n<meta name=\"twitter:creator\" content=\"@PressenzaIPA\" \/>\n<meta name=\"twitter:site\" content=\"@PressenzaIPA\" \/>\n<meta name=\"twitter:label1\" content=\"Escrito por\" \/>\n\t<meta name=\"twitter:data1\" content=\"Pressenza IPA\" \/>\n\t<meta name=\"twitter:label2\" content=\"Tiempo de lectura\" \/>\n\t<meta name=\"twitter:data2\" content=\"3 minutos\" \/>\n<script type=\"application\/ld+json\" class=\"yoast-schema-graph\">{\"@context\":\"https:\/\/schema.org\",\"@graph\":[{\"@type\":\"Article\",\"@id\":\"https:\/\/www.pressenza.com\/es\/2012\/12\/puestos-a-comparar-un-avance-del-informe-2012-de-la-educacion-en-el-estado-espanol\/#article\",\"isPartOf\":{\"@id\":\"https:\/\/www.pressenza.com\/es\/2012\/12\/puestos-a-comparar-un-avance-del-informe-2012-de-la-educacion-en-el-estado-espanol\/\"},\"author\":{\"name\":\"Pressenza IPA\",\"@id\":\"https:\/\/www.pressenza.com\/es\/#\/schema\/person\/010e5d02bcf40965427a1289a4cc8d75\"},\"headline\":\"Puestos a comparar, un avance del informe 2012 de la Educaci\u00f3n en el estado espa\u00f1ol\",\"datePublished\":\"2012-12-18T11:57:11+00:00\",\"dateModified\":\"2012-12-18T19:14:52+00:00\",\"mainEntityOfPage\":{\"@id\":\"https:\/\/www.pressenza.com\/es\/2012\/12\/puestos-a-comparar-un-avance-del-informe-2012-de-la-educacion-en-el-estado-espanol\/\"},\"wordCount\":714,\"publisher\":{\"@id\":\"https:\/\/www.pressenza.com\/es\/#organization\"},\"image\":{\"@id\":\"https:\/\/www.pressenza.com\/es\/2012\/12\/puestos-a-comparar-un-avance-del-informe-2012-de-la-educacion-en-el-estado-espanol\/#primaryimage\"},\"thumbnailUrl\":\"https:\/\/www.pressenza.com\/wp-content\/uploads\/2012\/12\/inaug_20-s-3.jpg\",\"keywords\":[\"austeridad\",\"crisis\",\"Derechos humanos\",\"Educaci\u00f3n\",\"Estado espa\u00f1ol\",\"indignados\",\"protestas sociales\",\"recortes\"],\"articleSection\":[\"Comunicados de Prensa\",\"Educaci\u00f3n\",\"Europa\"],\"inLanguage\":\"es\"},{\"@type\":\"WebPage\",\"@id\":\"https:\/\/www.pressenza.com\/es\/2012\/12\/puestos-a-comparar-un-avance-del-informe-2012-de-la-educacion-en-el-estado-espanol\/\",\"url\":\"https:\/\/www.pressenza.com\/es\/2012\/12\/puestos-a-comparar-un-avance-del-informe-2012-de-la-educacion-en-el-estado-espanol\/\",\"name\":\"Puestos a comparar, un avance del informe 2012 de la Educaci\u00f3n en el estado espa\u00f1ol\",\"isPartOf\":{\"@id\":\"https:\/\/www.pressenza.com\/es\/#website\"},\"primaryImageOfPage\":{\"@id\":\"https:\/\/www.pressenza.com\/es\/2012\/12\/puestos-a-comparar-un-avance-del-informe-2012-de-la-educacion-en-el-estado-espanol\/#primaryimage\"},\"image\":{\"@id\":\"https:\/\/www.pressenza.com\/es\/2012\/12\/puestos-a-comparar-un-avance-del-informe-2012-de-la-educacion-en-el-estado-espanol\/#primaryimage\"},\"thumbnailUrl\":\"https:\/\/www.pressenza.com\/wp-content\/uploads\/2012\/12\/inaug_20-s-3.jpg\",\"datePublished\":\"2012-12-18T11:57:11+00:00\",\"dateModified\":\"2012-12-18T19:14:52+00:00\",\"description\":\"Comunicado de prensa de Soyp\u00fablica, Plataforma Educativa de Acci\u00f3n Ciudadana. &nbsp; Espa\u00f1a ha sufrido en este \u00faltimo curso 2012-13 un aumento de la ratio\",\"breadcrumb\":{\"@id\":\"https:\/\/www.pressenza.com\/es\/2012\/12\/puestos-a-comparar-un-avance-del-informe-2012-de-la-educacion-en-el-estado-espanol\/#breadcrumb\"},\"inLanguage\":\"es\",\"potentialAction\":[{\"@type\":\"ReadAction\",\"target\":[\"https:\/\/www.pressenza.com\/es\/2012\/12\/puestos-a-comparar-un-avance-del-informe-2012-de-la-educacion-en-el-estado-espanol\/\"]}]},{\"@type\":\"ImageObject\",\"inLanguage\":\"es\",\"@id\":\"https:\/\/www.pressenza.com\/es\/2012\/12\/puestos-a-comparar-un-avance-del-informe-2012-de-la-educacion-en-el-estado-espanol\/#primaryimage\",\"url\":\"https:\/\/www.pressenza.com\/wp-content\/uploads\/2012\/12\/inaug_20-s-3.jpg\",\"contentUrl\":\"https:\/\/www.pressenza.com\/wp-content\/uploads\/2012\/12\/inaug_20-s-3.jpg\",\"width\":\"901\",\"height\":\"600\"},{\"@type\":\"BreadcrumbList\",\"@id\":\"https:\/\/www.pressenza.com\/es\/2012\/12\/puestos-a-comparar-un-avance-del-informe-2012-de-la-educacion-en-el-estado-espanol\/#breadcrumb\",\"itemListElement\":[{\"@type\":\"ListItem\",\"position\":1,\"name\":\"Accueil\",\"item\":\"https:\/\/www.pressenza.com\/es\/\"},{\"@type\":\"ListItem\",\"position\":2,\"name\":\"Puestos a comparar, un avance del informe 2012 de la Educaci\u00f3n en el estado espa\u00f1ol\"}]},{\"@type\":\"WebSite\",\"@id\":\"https:\/\/www.pressenza.com\/es\/#website\",\"url\":\"https:\/\/www.pressenza.com\/es\/\",\"name\":\"Pressenza\",\"description\":\"International Press Agency\",\"publisher\":{\"@id\":\"https:\/\/www.pressenza.com\/es\/#organization\"},\"potentialAction\":[{\"@type\":\"SearchAction\",\"target\":{\"@type\":\"EntryPoint\",\"urlTemplate\":\"https:\/\/www.pressenza.com\/es\/?s={search_term_string}\"},\"query-input\":{\"@type\":\"PropertyValueSpecification\",\"valueRequired\":true,\"valueName\":\"search_term_string\"}}],\"inLanguage\":\"es\"},{\"@type\":\"Organization\",\"@id\":\"https:\/\/www.pressenza.com\/es\/#organization\",\"name\":\"Pressenza\",\"url\":\"https:\/\/www.pressenza.com\/es\/\",\"logo\":{\"@type\":\"ImageObject\",\"inLanguage\":\"es\",\"@id\":\"https:\/\/www.pressenza.com\/es\/#\/schema\/logo\/image\/\",\"url\":\"https:\/\/www.pressenza.com\/wp-content\/uploads\/2022\/10\/pressenza_logo_200x200.jpg\",\"contentUrl\":\"https:\/\/www.pressenza.com\/wp-content\/uploads\/2022\/10\/pressenza_logo_200x200.jpg\",\"width\":200,\"height\":200,\"caption\":\"Pressenza\"},\"image\":{\"@id\":\"https:\/\/www.pressenza.com\/es\/#\/schema\/logo\/image\/\"},\"sameAs\":[\"https:\/\/www.facebook.com\/PressenzaItalia\",\"https:\/\/x.com\/PressenzaIPA\"]},{\"@type\":\"Person\",\"@id\":\"https:\/\/www.pressenza.com\/es\/#\/schema\/person\/010e5d02bcf40965427a1289a4cc8d75\",\"name\":\"Pressenza IPA\",\"description\":\"News from Pressenza IPA correspondents\",\"sameAs\":[\"https:\/\/www.facebook.com\/pressenza\",\"https:\/\/x.com\/PressenzaIPA\"],\"url\":\"https:\/\/www.pressenza.com\/es\/author\/pressenza-ipa\/\"}]}<\/script>\n<!-- \/ Yoast SEO plugin. -->","yoast_head_json":{"title":"Puestos a comparar, un avance del informe 2012 de la Educaci\u00f3n en el estado espa\u00f1ol","description":"Comunicado de prensa de Soyp\u00fablica, Plataforma Educativa de Acci\u00f3n Ciudadana. &nbsp; Espa\u00f1a ha sufrido en este \u00faltimo curso 2012-13 un aumento de la ratio","robots":{"index":"index","follow":"follow","max-snippet":"max-snippet:-1","max-image-preview":"max-image-preview:large","max-video-preview":"max-video-preview:-1"},"canonical":"https:\/\/www.pressenza.com\/es\/2012\/12\/puestos-a-comparar-un-avance-del-informe-2012-de-la-educacion-en-el-estado-espanol\/","og_locale":"es_ES","og_type":"article","og_title":"Puestos a comparar, un avance del informe 2012 de la Educaci\u00f3n en el estado espa\u00f1ol","og_description":"Comunicado de prensa de Soyp\u00fablica, Plataforma Educativa de Acci\u00f3n Ciudadana. &nbsp; Espa\u00f1a ha sufrido en este \u00faltimo curso 2012-13 un aumento de la ratio","og_url":"https:\/\/www.pressenza.com\/es\/2012\/12\/puestos-a-comparar-un-avance-del-informe-2012-de-la-educacion-en-el-estado-espanol\/","og_site_name":"Pressenza","article_publisher":"https:\/\/www.facebook.com\/PressenzaItalia","article_author":"https:\/\/www.facebook.com\/pressenza","article_published_time":"2012-12-18T11:57:11+00:00","article_modified_time":"2012-12-18T19:14:52+00:00","og_image":[{"width":901,"height":600,"url":"https:\/\/www.pressenza.com\/wp-content\/uploads\/2012\/12\/inaug_20-s-3.jpg","type":"image\/jpeg"}],"author":"Pressenza IPA","twitter_card":"summary_large_image","twitter_creator":"@PressenzaIPA","twitter_site":"@PressenzaIPA","twitter_misc":{"Escrito por":"Pressenza IPA","Tiempo de lectura":"3 minutos"},"schema":{"@context":"https:\/\/schema.org","@graph":[{"@type":"Article","@id":"https:\/\/www.pressenza.com\/es\/2012\/12\/puestos-a-comparar-un-avance-del-informe-2012-de-la-educacion-en-el-estado-espanol\/#article","isPartOf":{"@id":"https:\/\/www.pressenza.com\/es\/2012\/12\/puestos-a-comparar-un-avance-del-informe-2012-de-la-educacion-en-el-estado-espanol\/"},"author":{"name":"Pressenza IPA","@id":"https:\/\/www.pressenza.com\/es\/#\/schema\/person\/010e5d02bcf40965427a1289a4cc8d75"},"headline":"Puestos a comparar, un avance del informe 2012 de la Educaci\u00f3n en el estado espa\u00f1ol","datePublished":"2012-12-18T11:57:11+00:00","dateModified":"2012-12-18T19:14:52+00:00","mainEntityOfPage":{"@id":"https:\/\/www.pressenza.com\/es\/2012\/12\/puestos-a-comparar-un-avance-del-informe-2012-de-la-educacion-en-el-estado-espanol\/"},"wordCount":714,"publisher":{"@id":"https:\/\/www.pressenza.com\/es\/#organization"},"image":{"@id":"https:\/\/www.pressenza.com\/es\/2012\/12\/puestos-a-comparar-un-avance-del-informe-2012-de-la-educacion-en-el-estado-espanol\/#primaryimage"},"thumbnailUrl":"https:\/\/www.pressenza.com\/wp-content\/uploads\/2012\/12\/inaug_20-s-3.jpg","keywords":["austeridad","crisis","Derechos humanos","Educaci\u00f3n","Estado espa\u00f1ol","indignados","protestas sociales","recortes"],"articleSection":["Comunicados de Prensa","Educaci\u00f3n","Europa"],"inLanguage":"es"},{"@type":"WebPage","@id":"https:\/\/www.pressenza.com\/es\/2012\/12\/puestos-a-comparar-un-avance-del-informe-2012-de-la-educacion-en-el-estado-espanol\/","url":"https:\/\/www.pressenza.com\/es\/2012\/12\/puestos-a-comparar-un-avance-del-informe-2012-de-la-educacion-en-el-estado-espanol\/","name":"Puestos a comparar, un avance del informe 2012 de la Educaci\u00f3n en el estado espa\u00f1ol","isPartOf":{"@id":"https:\/\/www.pressenza.com\/es\/#website"},"primaryImageOfPage":{"@id":"https:\/\/www.pressenza.com\/es\/2012\/12\/puestos-a-comparar-un-avance-del-informe-2012-de-la-educacion-en-el-estado-espanol\/#primaryimage"},"image":{"@id":"https:\/\/www.pressenza.com\/es\/2012\/12\/puestos-a-comparar-un-avance-del-informe-2012-de-la-educacion-en-el-estado-espanol\/#primaryimage"},"thumbnailUrl":"https:\/\/www.pressenza.com\/wp-content\/uploads\/2012\/12\/inaug_20-s-3.jpg","datePublished":"2012-12-18T11:57:11+00:00","dateModified":"2012-12-18T19:14:52+00:00","description":"Comunicado de prensa de Soyp\u00fablica, Plataforma Educativa de Acci\u00f3n Ciudadana. &nbsp; Espa\u00f1a ha sufrido en este \u00faltimo curso 2012-13 un aumento de la ratio","breadcrumb":{"@id":"https:\/\/www.pressenza.com\/es\/2012\/12\/puestos-a-comparar-un-avance-del-informe-2012-de-la-educacion-en-el-estado-espanol\/#breadcrumb"},"inLanguage":"es","potentialAction":[{"@type":"ReadAction","target":["https:\/\/www.pressenza.com\/es\/2012\/12\/puestos-a-comparar-un-avance-del-informe-2012-de-la-educacion-en-el-estado-espanol\/"]}]},{"@type":"ImageObject","inLanguage":"es","@id":"https:\/\/www.pressenza.com\/es\/2012\/12\/puestos-a-comparar-un-avance-del-informe-2012-de-la-educacion-en-el-estado-espanol\/#primaryimage","url":"https:\/\/www.pressenza.com\/wp-content\/uploads\/2012\/12\/inaug_20-s-3.jpg","contentUrl":"https:\/\/www.pressenza.com\/wp-content\/uploads\/2012\/12\/inaug_20-s-3.jpg","width":"901","height":"600"},{"@type":"BreadcrumbList","@id":"https:\/\/www.pressenza.com\/es\/2012\/12\/puestos-a-comparar-un-avance-del-informe-2012-de-la-educacion-en-el-estado-espanol\/#breadcrumb","itemListElement":[{"@type":"ListItem","position":1,"name":"Accueil","item":"https:\/\/www.pressenza.com\/es\/"},{"@type":"ListItem","position":2,"name":"Puestos a comparar, un avance del informe 2012 de la Educaci\u00f3n en el estado espa\u00f1ol"}]},{"@type":"WebSite","@id":"https:\/\/www.pressenza.com\/es\/#website","url":"https:\/\/www.pressenza.com\/es\/","name":"Pressenza","description":"International Press Agency","publisher":{"@id":"https:\/\/www.pressenza.com\/es\/#organization"},"potentialAction":[{"@type":"SearchAction","target":{"@type":"EntryPoint","urlTemplate":"https:\/\/www.pressenza.com\/es\/?s={search_term_string}"},"query-input":{"@type":"PropertyValueSpecification","valueRequired":true,"valueName":"search_term_string"}}],"inLanguage":"es"},{"@type":"Organization","@id":"https:\/\/www.pressenza.com\/es\/#organization","name":"Pressenza","url":"https:\/\/www.pressenza.com\/es\/","logo":{"@type":"ImageObject","inLanguage":"es","@id":"https:\/\/www.pressenza.com\/es\/#\/schema\/logo\/image\/","url":"https:\/\/www.pressenza.com\/wp-content\/uploads\/2022\/10\/pressenza_logo_200x200.jpg","contentUrl":"https:\/\/www.pressenza.com\/wp-content\/uploads\/2022\/10\/pressenza_logo_200x200.jpg","width":200,"height":200,"caption":"Pressenza"},"image":{"@id":"https:\/\/www.pressenza.com\/es\/#\/schema\/logo\/image\/"},"sameAs":["https:\/\/www.facebook.com\/PressenzaItalia","https:\/\/x.com\/PressenzaIPA"]},{"@type":"Person","@id":"https:\/\/www.pressenza.com\/es\/#\/schema\/person\/010e5d02bcf40965427a1289a4cc8d75","name":"Pressenza IPA","description":"News from Pressenza IPA correspondents","sameAs":["https:\/\/www.facebook.com\/pressenza","https:\/\/x.com\/PressenzaIPA"],"url":"https:\/\/www.pressenza.com\/es\/author\/pressenza-ipa\/"}]}},"place":"Madrid, Espa\u00f1a","original_article_url":"","_links":{"self":[{"href":"https:\/\/www.pressenza.com\/es\/wp-json\/wp\/v2\/posts\/28803","targetHints":{"allow":["GET"]}}],"collection":[{"href":"https:\/\/www.pressenza.com\/es\/wp-json\/wp\/v2\/posts"}],"about":[{"href":"https:\/\/www.pressenza.com\/es\/wp-json\/wp\/v2\/types\/post"}],"author":[{"embeddable":true,"href":"https:\/\/www.pressenza.com\/es\/wp-json\/wp\/v2\/users\/19"}],"replies":[{"embeddable":true,"href":"https:\/\/www.pressenza.com\/es\/wp-json\/wp\/v2\/comments?post=28803"}],"version-history":[{"count":0,"href":"https:\/\/www.pressenza.com\/es\/wp-json\/wp\/v2\/posts\/28803\/revisions"}],"wp:featuredmedia":[{"embeddable":true,"href":"https:\/\/www.pressenza.com\/es\/wp-json\/wp\/v2\/media\/28805"}],"wp:attachment":[{"href":"https:\/\/www.pressenza.com\/es\/wp-json\/wp\/v2\/media?parent=28803"}],"wp:term":[{"taxonomy":"category","embeddable":true,"href":"https:\/\/www.pressenza.com\/es\/wp-json\/wp\/v2\/categories?post=28803"},{"taxonomy":"post_tag","embeddable":true,"href":"https:\/\/www.pressenza.com\/es\/wp-json\/wp\/v2\/tags?post=28803"}],"curies":[{"name":"wp","href":"https:\/\/api.w.org\/{rel}","templated":true}]}}