{"id":287091,"date":"2016-03-07T00:59:11","date_gmt":"2016-03-07T00:59:11","guid":{"rendered":"http:\/\/www.pressenza.com\/es\/?p=287091"},"modified":"2016-03-07T01:25:53","modified_gmt":"2016-03-07T01:25:53","slug":"287091","status":"publish","type":"post","link":"https:\/\/www.pressenza.com\/es\/2016\/03\/287091\/","title":{"rendered":"Aumenta la movilizaci\u00f3n por la paz en Colombia"},"content":{"rendered":"<p>Ante la expectativa de la firma final de los acuerdos de paz entre el Gobierno nacional y las FARC-EP en La Habana (Cuba), hecho que representar\u00eda el inicio de la implementaci\u00f3n de los acuerdos, el CINEP\/ Programa por la Paz, con el apoyo de la Oficina del Alto Comisionado para la Paz, presenta el Informe Especial Movilizaci\u00f3n por la paz en Colombia: una infraestructura social clave para el posacuerdo.<\/p>\n<p>El informe evidencia que durante los tres a\u00f1os de negociaciones en La Habana (2012-2015) se increment\u00f3 el n\u00famero de movilizaciones por la paz, respecto a las presentadas en el gobierno anterior, con un total de 599 acciones. En el primer a\u00f1o de negociaciones (septiembre 2012 &#8211; agosto 2013) se registraron 193 acciones, mientras que el segundo a\u00f1o (septiembre 2013 \u2013 agosto 2014) registr\u00f3 189 acciones, y en el tercer a\u00f1o se presenta un aumento en la movilizaci\u00f3n con 217 acciones.<\/p>\n<p><strong>\u00bfQui\u00e9nes son los que m\u00e1s se movilizan por la paz?<\/strong><\/p>\n<p>Con el 44 % de convocatoria y el 56 % de participaci\u00f3n, los sectores y organizaciones sociales han sido el actor principal de la movilizaci\u00f3n por la paz en los tres a\u00f1os de negociaci\u00f3n; siendo as\u00ed el principal sustento de la infraestructura social de paz. Los \u00f3rganos gubernamentales ejecutores son el segundo actor que m\u00e1s se moviliza, presentando una caracter\u00edstica particular: convocan el 30% de las veces, pero solo participan el 14 % de las mismas.<\/p>\n<p>Para Fernando Sarmiento, coordinador del equipo Iniciativas de Paz del CINEP\/PPP, el hecho que sectores y organizaciones sociales sean quienes lideren las movilizaciones muestra que hay sociedad civil respaldando el proceso paz y dispuesta a trabajar por la construcci\u00f3n de paz en los territorios. \u201cEsto en perspectiva de paz territorial significa que en los territorios hay varias organizaciones con quienes se puede\u201d, se\u00f1al\u00f3 Sarmiento.<\/p>\n<p><strong>Tipo de acciones colectivas y motivos<br \/>\n<\/strong><br \/>\nLas marchas y concentraciones han sido el tipo de acci\u00f3n colectiva m\u00e1s recurrente e importante de la movilizaci\u00f3n. Otras acciones relevantes para el trienio han sido los encuentros, foros y seminarios que para el segundo a\u00f1o equipararon a las marchas y concentraciones, y los actos deportivos y\/o culturales, que aumentaron significativamente durante el tercer a\u00f1o. Estas iniciativas se han concentrado en los departamentos de Bogot\u00e1, D.C., Antioquia y Valle del Cauca, y en las ciudades capitales como Bogot\u00e1, D.C., Medell\u00edn, Cali, Barranquilla, Cartagena, Bucaramanga, Santa Marta, C\u00f3rdoba, entre otras.<\/p>\n<p>Un resultado interesante del informe es que las iniciativas de paz en denuncia o rechazo del conflicto armado, la violencia y las violaciones a los DD. HH. y el DIH (paz negativa) ocuparon el 45 % de las iniciativas, mientras que en el tercer a\u00f1o se redujeron hasta un 23 %. En contraste, las acciones a favor de alternativas de paz aumentaron del 55 % al 77 % (respecto del primer a\u00f1o),  lo que muestra que cada vez es mayor el inter\u00e9s de los actores de la movilizaci\u00f3n en apoyar la paz desde su rol dentro de la sociedad.<\/p>\n<p>De acuerdo con Sergio Coronado, subdirector del CINEP\/PPP, el aumento en la movilizaci\u00f3n por la paz en Colombia es un indicador de las amplias capacidades sociales para la construcci\u00f3n de la paz en el posconflicto.<\/p>\n<p>Finalmente, el CINEP\/ Programa por la Paz pone en conocimiento algunas recomendaciones generales dirigidas al Gobierno nacional, la guerrilla, la sociedad civil y la cooperaci\u00f3n internacional:<\/p>\n<p>Generar espacios de concertaci\u00f3n y mecanismos de participaci\u00f3n social para el dise\u00f1o legislativo, institucional y de pol\u00edtica p\u00fablica para la paz en los distintos niveles territoriales.<\/p>\n<p>Reconocer el liderazgo de los distintos sectores sociales en los territorios, que han movilizado y articulado actores, han discutido y aportado tanto a las agendas de paz territoriales como a la agenda de paz en La Habana y han acumulado experiencia pedag\u00f3gica para la construcci\u00f3n de una cultura de paz.<\/p>\n<p>Fomentar en las instituciones p\u00fablicas y en las organizaciones sociales la capacidad de di\u00e1logo y concertaci\u00f3n como mecanismo prioritario para la resoluci\u00f3n de conflictos sociales y pol\u00edticos en los distintos niveles territoriales.<\/p>\n<p>Reconocer que la infraestructura social de paz es una plataforma que facilitar\u00eda la reincorporaci\u00f3n de los excombatientes a la vida civil.<\/p>\n<p>Involucrar a los sectores y organizaciones sociales en los mecanismos de seguimiento, monitoreo y verificaci\u00f3n del cese bilateral al fuego y de la implementaci\u00f3n de los acuerdos de paz.<\/p>\n","protected":false},"excerpt":{"rendered":"<p>Ante la expectativa de la firma final de los acuerdos de paz entre el Gobierno nacional y las FARC-EP en La Habana (Cuba), hecho que representar\u00eda el inicio de la implementaci\u00f3n de los acuerdos, el CINEP\/ Programa por la Paz,&hellip;<\/p>\n","protected":false},"author":1011,"featured_media":287092,"comment_status":"closed","ping_status":"closed","sticky":false,"template":"","format":"standard","meta":{"footnotes":""},"categories":[1242,161,1243,74,67],"tags":[13218,8647],"class_list":["post-287091","post","type-post","status-publish","format-standard","has-post-thumbnail","hentry","category-noviolencia-tema","category-opiniones","category-paz-desarme","category-politica-es","category-sudamerica","tag-dialogos-de-paz","tag-negociaciones"],"yoast_head":"<!-- This site is optimized with the Yoast SEO plugin v27.1.1 - https:\/\/yoast.com\/product\/yoast-seo-wordpress\/ -->\n<title>Aumenta la movilizaci\u00f3n por la paz en Colombia<\/title>\n<meta name=\"description\" content=\"Ante la expectativa de la firma final de los acuerdos de paz entre el Gobierno nacional y las FARC-EP en La Habana (Cuba), hecho que representar\u00eda el\" \/>\n<meta name=\"robots\" content=\"index, follow, max-snippet:-1, max-image-preview:large, max-video-preview:-1\" \/>\n<link rel=\"canonical\" href=\"https:\/\/www.pressenza.com\/es\/2016\/03\/287091\/\" \/>\n<meta property=\"og:locale\" content=\"es_ES\" \/>\n<meta property=\"og:type\" content=\"article\" \/>\n<meta property=\"og:title\" content=\"Aumenta la movilizaci\u00f3n por la paz en Colombia\" \/>\n<meta property=\"og:description\" content=\"Ante la expectativa de la firma final de los acuerdos de paz entre el Gobierno nacional y las FARC-EP en La Habana (Cuba), hecho que representar\u00eda el\" \/>\n<meta property=\"og:url\" content=\"https:\/\/www.pressenza.com\/es\/2016\/03\/287091\/\" \/>\n<meta property=\"og:site_name\" content=\"Pressenza\" \/>\n<meta property=\"article:publisher\" content=\"https:\/\/www.facebook.com\/PressenzaItalia\" \/>\n<meta property=\"article:published_time\" content=\"2016-03-07T00:59:11+00:00\" \/>\n<meta property=\"article:modified_time\" content=\"2016-03-07T01:25:53+00:00\" \/>\n<meta property=\"og:image\" content=\"https:\/\/www.pressenza.com\/wp-content\/uploads\/2016\/03\/colombia.jpg\" \/>\n\t<meta property=\"og:image:width\" content=\"1280\" \/>\n\t<meta property=\"og:image:height\" content=\"500\" \/>\n\t<meta property=\"og:image:type\" content=\"image\/jpeg\" \/>\n<meta name=\"author\" content=\"Redacci\u00f3n Ecuador\" \/>\n<meta name=\"twitter:card\" content=\"summary_large_image\" \/>\n<meta name=\"twitter:creator\" content=\"@PressenzaIPA\" \/>\n<meta name=\"twitter:site\" content=\"@PressenzaIPA\" \/>\n<meta name=\"twitter:label1\" content=\"Escrito por\" \/>\n\t<meta name=\"twitter:data1\" content=\"Redacci\u00f3n Ecuador\" \/>\n\t<meta name=\"twitter:label2\" content=\"Tiempo de lectura\" \/>\n\t<meta name=\"twitter:data2\" content=\"4 minutos\" \/>\n<script type=\"application\/ld+json\" class=\"yoast-schema-graph\">{\"@context\":\"https:\/\/schema.org\",\"@graph\":[{\"@type\":\"Article\",\"@id\":\"https:\/\/www.pressenza.com\/es\/2016\/03\/287091\/#article\",\"isPartOf\":{\"@id\":\"https:\/\/www.pressenza.com\/es\/2016\/03\/287091\/\"},\"author\":{\"name\":\"Redacci\u00f3n Ecuador\",\"@id\":\"https:\/\/www.pressenza.com\/es\/#\/schema\/person\/883a735c40665759bcc6fe0c26bcb46f\"},\"headline\":\"Aumenta la movilizaci\u00f3n por la paz en Colombia\",\"datePublished\":\"2016-03-07T00:59:11+00:00\",\"dateModified\":\"2016-03-07T01:25:53+00:00\",\"mainEntityOfPage\":{\"@id\":\"https:\/\/www.pressenza.com\/es\/2016\/03\/287091\/\"},\"wordCount\":751,\"publisher\":{\"@id\":\"https:\/\/www.pressenza.com\/es\/#organization\"},\"image\":{\"@id\":\"https:\/\/www.pressenza.com\/es\/2016\/03\/287091\/#primaryimage\"},\"thumbnailUrl\":\"https:\/\/www.pressenza.com\/wp-content\/uploads\/2016\/03\/colombia.jpg\",\"keywords\":[\"Di\u00e1logos de Paz\",\"negociaciones\"],\"articleSection\":[\"Noviolencia\",\"Opiniones\",\"Paz y Desarme\",\"Pol\u00edtica\",\"Sudam\u00e9rica\"],\"inLanguage\":\"es\"},{\"@type\":\"WebPage\",\"@id\":\"https:\/\/www.pressenza.com\/es\/2016\/03\/287091\/\",\"url\":\"https:\/\/www.pressenza.com\/es\/2016\/03\/287091\/\",\"name\":\"Aumenta la movilizaci\u00f3n por la paz en Colombia\",\"isPartOf\":{\"@id\":\"https:\/\/www.pressenza.com\/es\/#website\"},\"primaryImageOfPage\":{\"@id\":\"https:\/\/www.pressenza.com\/es\/2016\/03\/287091\/#primaryimage\"},\"image\":{\"@id\":\"https:\/\/www.pressenza.com\/es\/2016\/03\/287091\/#primaryimage\"},\"thumbnailUrl\":\"https:\/\/www.pressenza.com\/wp-content\/uploads\/2016\/03\/colombia.jpg\",\"datePublished\":\"2016-03-07T00:59:11+00:00\",\"dateModified\":\"2016-03-07T01:25:53+00:00\",\"description\":\"Ante la expectativa de la firma final de los acuerdos de paz entre el Gobierno nacional y las FARC-EP en La Habana (Cuba), hecho que representar\u00eda el\",\"breadcrumb\":{\"@id\":\"https:\/\/www.pressenza.com\/es\/2016\/03\/287091\/#breadcrumb\"},\"inLanguage\":\"es\",\"potentialAction\":[{\"@type\":\"ReadAction\",\"target\":[\"https:\/\/www.pressenza.com\/es\/2016\/03\/287091\/\"]}]},{\"@type\":\"ImageObject\",\"inLanguage\":\"es\",\"@id\":\"https:\/\/www.pressenza.com\/es\/2016\/03\/287091\/#primaryimage\",\"url\":\"https:\/\/www.pressenza.com\/wp-content\/uploads\/2016\/03\/colombia.jpg\",\"contentUrl\":\"https:\/\/www.pressenza.com\/wp-content\/uploads\/2016\/03\/colombia.jpg\",\"width\":1280,\"height\":500},{\"@type\":\"BreadcrumbList\",\"@id\":\"https:\/\/www.pressenza.com\/es\/2016\/03\/287091\/#breadcrumb\",\"itemListElement\":[{\"@type\":\"ListItem\",\"position\":1,\"name\":\"Accueil\",\"item\":\"https:\/\/www.pressenza.com\/es\/\"},{\"@type\":\"ListItem\",\"position\":2,\"name\":\"Aumenta la movilizaci\u00f3n por la paz en Colombia\"}]},{\"@type\":\"WebSite\",\"@id\":\"https:\/\/www.pressenza.com\/es\/#website\",\"url\":\"https:\/\/www.pressenza.com\/es\/\",\"name\":\"Pressenza\",\"description\":\"International Press Agency\",\"publisher\":{\"@id\":\"https:\/\/www.pressenza.com\/es\/#organization\"},\"potentialAction\":[{\"@type\":\"SearchAction\",\"target\":{\"@type\":\"EntryPoint\",\"urlTemplate\":\"https:\/\/www.pressenza.com\/es\/?s={search_term_string}\"},\"query-input\":{\"@type\":\"PropertyValueSpecification\",\"valueRequired\":true,\"valueName\":\"search_term_string\"}}],\"inLanguage\":\"es\"},{\"@type\":\"Organization\",\"@id\":\"https:\/\/www.pressenza.com\/es\/#organization\",\"name\":\"Pressenza\",\"url\":\"https:\/\/www.pressenza.com\/es\/\",\"logo\":{\"@type\":\"ImageObject\",\"inLanguage\":\"es\",\"@id\":\"https:\/\/www.pressenza.com\/es\/#\/schema\/logo\/image\/\",\"url\":\"https:\/\/www.pressenza.com\/wp-content\/uploads\/2022\/10\/pressenza_logo_200x200.jpg\",\"contentUrl\":\"https:\/\/www.pressenza.com\/wp-content\/uploads\/2022\/10\/pressenza_logo_200x200.jpg\",\"width\":200,\"height\":200,\"caption\":\"Pressenza\"},\"image\":{\"@id\":\"https:\/\/www.pressenza.com\/es\/#\/schema\/logo\/image\/\"},\"sameAs\":[\"https:\/\/www.facebook.com\/PressenzaItalia\",\"https:\/\/x.com\/PressenzaIPA\"]},{\"@type\":\"Person\",\"@id\":\"https:\/\/www.pressenza.com\/es\/#\/schema\/person\/883a735c40665759bcc6fe0c26bcb46f\",\"name\":\"Redacci\u00f3n Ecuador\",\"description\":\"News published by the Pressenza bureau in Quito, Ecuador\",\"url\":\"https:\/\/www.pressenza.com\/es\/author\/redaccion-ecuador\/\"}]}<\/script>\n<!-- \/ Yoast SEO plugin. -->","yoast_head_json":{"title":"Aumenta la movilizaci\u00f3n por la paz en Colombia","description":"Ante la expectativa de la firma final de los acuerdos de paz entre el Gobierno nacional y las FARC-EP en La Habana (Cuba), hecho que representar\u00eda el","robots":{"index":"index","follow":"follow","max-snippet":"max-snippet:-1","max-image-preview":"max-image-preview:large","max-video-preview":"max-video-preview:-1"},"canonical":"https:\/\/www.pressenza.com\/es\/2016\/03\/287091\/","og_locale":"es_ES","og_type":"article","og_title":"Aumenta la movilizaci\u00f3n por la paz en Colombia","og_description":"Ante la expectativa de la firma final de los acuerdos de paz entre el Gobierno nacional y las FARC-EP en La Habana (Cuba), hecho que representar\u00eda el","og_url":"https:\/\/www.pressenza.com\/es\/2016\/03\/287091\/","og_site_name":"Pressenza","article_publisher":"https:\/\/www.facebook.com\/PressenzaItalia","article_published_time":"2016-03-07T00:59:11+00:00","article_modified_time":"2016-03-07T01:25:53+00:00","og_image":[{"width":1280,"height":500,"url":"https:\/\/www.pressenza.com\/wp-content\/uploads\/2016\/03\/colombia.jpg","type":"image\/jpeg"}],"author":"Redacci\u00f3n Ecuador","twitter_card":"summary_large_image","twitter_creator":"@PressenzaIPA","twitter_site":"@PressenzaIPA","twitter_misc":{"Escrito por":"Redacci\u00f3n Ecuador","Tiempo de lectura":"4 minutos"},"schema":{"@context":"https:\/\/schema.org","@graph":[{"@type":"Article","@id":"https:\/\/www.pressenza.com\/es\/2016\/03\/287091\/#article","isPartOf":{"@id":"https:\/\/www.pressenza.com\/es\/2016\/03\/287091\/"},"author":{"name":"Redacci\u00f3n Ecuador","@id":"https:\/\/www.pressenza.com\/es\/#\/schema\/person\/883a735c40665759bcc6fe0c26bcb46f"},"headline":"Aumenta la movilizaci\u00f3n por la paz en Colombia","datePublished":"2016-03-07T00:59:11+00:00","dateModified":"2016-03-07T01:25:53+00:00","mainEntityOfPage":{"@id":"https:\/\/www.pressenza.com\/es\/2016\/03\/287091\/"},"wordCount":751,"publisher":{"@id":"https:\/\/www.pressenza.com\/es\/#organization"},"image":{"@id":"https:\/\/www.pressenza.com\/es\/2016\/03\/287091\/#primaryimage"},"thumbnailUrl":"https:\/\/www.pressenza.com\/wp-content\/uploads\/2016\/03\/colombia.jpg","keywords":["Di\u00e1logos de Paz","negociaciones"],"articleSection":["Noviolencia","Opiniones","Paz y Desarme","Pol\u00edtica","Sudam\u00e9rica"],"inLanguage":"es"},{"@type":"WebPage","@id":"https:\/\/www.pressenza.com\/es\/2016\/03\/287091\/","url":"https:\/\/www.pressenza.com\/es\/2016\/03\/287091\/","name":"Aumenta la movilizaci\u00f3n por la paz en Colombia","isPartOf":{"@id":"https:\/\/www.pressenza.com\/es\/#website"},"primaryImageOfPage":{"@id":"https:\/\/www.pressenza.com\/es\/2016\/03\/287091\/#primaryimage"},"image":{"@id":"https:\/\/www.pressenza.com\/es\/2016\/03\/287091\/#primaryimage"},"thumbnailUrl":"https:\/\/www.pressenza.com\/wp-content\/uploads\/2016\/03\/colombia.jpg","datePublished":"2016-03-07T00:59:11+00:00","dateModified":"2016-03-07T01:25:53+00:00","description":"Ante la expectativa de la firma final de los acuerdos de paz entre el Gobierno nacional y las FARC-EP en La Habana (Cuba), hecho que representar\u00eda el","breadcrumb":{"@id":"https:\/\/www.pressenza.com\/es\/2016\/03\/287091\/#breadcrumb"},"inLanguage":"es","potentialAction":[{"@type":"ReadAction","target":["https:\/\/www.pressenza.com\/es\/2016\/03\/287091\/"]}]},{"@type":"ImageObject","inLanguage":"es","@id":"https:\/\/www.pressenza.com\/es\/2016\/03\/287091\/#primaryimage","url":"https:\/\/www.pressenza.com\/wp-content\/uploads\/2016\/03\/colombia.jpg","contentUrl":"https:\/\/www.pressenza.com\/wp-content\/uploads\/2016\/03\/colombia.jpg","width":1280,"height":500},{"@type":"BreadcrumbList","@id":"https:\/\/www.pressenza.com\/es\/2016\/03\/287091\/#breadcrumb","itemListElement":[{"@type":"ListItem","position":1,"name":"Accueil","item":"https:\/\/www.pressenza.com\/es\/"},{"@type":"ListItem","position":2,"name":"Aumenta la movilizaci\u00f3n por la paz en Colombia"}]},{"@type":"WebSite","@id":"https:\/\/www.pressenza.com\/es\/#website","url":"https:\/\/www.pressenza.com\/es\/","name":"Pressenza","description":"International Press Agency","publisher":{"@id":"https:\/\/www.pressenza.com\/es\/#organization"},"potentialAction":[{"@type":"SearchAction","target":{"@type":"EntryPoint","urlTemplate":"https:\/\/www.pressenza.com\/es\/?s={search_term_string}"},"query-input":{"@type":"PropertyValueSpecification","valueRequired":true,"valueName":"search_term_string"}}],"inLanguage":"es"},{"@type":"Organization","@id":"https:\/\/www.pressenza.com\/es\/#organization","name":"Pressenza","url":"https:\/\/www.pressenza.com\/es\/","logo":{"@type":"ImageObject","inLanguage":"es","@id":"https:\/\/www.pressenza.com\/es\/#\/schema\/logo\/image\/","url":"https:\/\/www.pressenza.com\/wp-content\/uploads\/2022\/10\/pressenza_logo_200x200.jpg","contentUrl":"https:\/\/www.pressenza.com\/wp-content\/uploads\/2022\/10\/pressenza_logo_200x200.jpg","width":200,"height":200,"caption":"Pressenza"},"image":{"@id":"https:\/\/www.pressenza.com\/es\/#\/schema\/logo\/image\/"},"sameAs":["https:\/\/www.facebook.com\/PressenzaItalia","https:\/\/x.com\/PressenzaIPA"]},{"@type":"Person","@id":"https:\/\/www.pressenza.com\/es\/#\/schema\/person\/883a735c40665759bcc6fe0c26bcb46f","name":"Redacci\u00f3n Ecuador","description":"News published by the Pressenza bureau in Quito, Ecuador","url":"https:\/\/www.pressenza.com\/es\/author\/redaccion-ecuador\/"}]}},"place":"Bogot\u00e1","original_article_url":"http:\/\/cinep.org.co\/component\/k2\/item\/204-hay-con-quien-movilizacion-por-la-paz-en-colombia-una-infraestructura-social-clave-para-el-posacuerdo.html","_links":{"self":[{"href":"https:\/\/www.pressenza.com\/es\/wp-json\/wp\/v2\/posts\/287091","targetHints":{"allow":["GET"]}}],"collection":[{"href":"https:\/\/www.pressenza.com\/es\/wp-json\/wp\/v2\/posts"}],"about":[{"href":"https:\/\/www.pressenza.com\/es\/wp-json\/wp\/v2\/types\/post"}],"author":[{"embeddable":true,"href":"https:\/\/www.pressenza.com\/es\/wp-json\/wp\/v2\/users\/1011"}],"replies":[{"embeddable":true,"href":"https:\/\/www.pressenza.com\/es\/wp-json\/wp\/v2\/comments?post=287091"}],"version-history":[{"count":0,"href":"https:\/\/www.pressenza.com\/es\/wp-json\/wp\/v2\/posts\/287091\/revisions"}],"wp:featuredmedia":[{"embeddable":true,"href":"https:\/\/www.pressenza.com\/es\/wp-json\/wp\/v2\/media\/287092"}],"wp:attachment":[{"href":"https:\/\/www.pressenza.com\/es\/wp-json\/wp\/v2\/media?parent=287091"}],"wp:term":[{"taxonomy":"category","embeddable":true,"href":"https:\/\/www.pressenza.com\/es\/wp-json\/wp\/v2\/categories?post=287091"},{"taxonomy":"post_tag","embeddable":true,"href":"https:\/\/www.pressenza.com\/es\/wp-json\/wp\/v2\/tags?post=287091"}],"curies":[{"name":"wp","href":"https:\/\/api.w.org\/{rel}","templated":true}]}}