{"id":286892,"date":"2016-03-05T23:35:45","date_gmt":"2016-03-05T23:35:45","guid":{"rendered":"http:\/\/www.pressenza.com\/es\/?p=286892"},"modified":"2016-04-01T00:03:11","modified_gmt":"2016-03-31T23:03:11","slug":"reconciliar-no-es-perdonar-ni-olvidar-video-entrevista-a-jordi-jimenez","status":"publish","type":"post","link":"https:\/\/www.pressenza.com\/es\/2016\/03\/reconciliar-no-es-perdonar-ni-olvidar-video-entrevista-a-jordi-jimenez\/","title":{"rendered":"\u00abReconciliar no es perdonar ni olvidar\u00bb. V\u00eddeo entrevista a Jordi Jim\u00e9nez"},"content":{"rendered":"<p><iframe loading=\"lazy\" title=\"Entrevista Jordi Jim\u00e9nez, exposici\u00f3 Fotogr\u00e0fica &quot;La for\u00e7a de la No-Viol\u00e8ncia&quot;\" width=\"500\" height=\"281\" src=\"https:\/\/www.youtube.com\/embed\/ozhIHFu_nTs?feature=oembed\" frameborder=\"0\" allow=\"accelerometer; autoplay; clipboard-write; encrypted-media; gyroscope; picture-in-picture; web-share\" referrerpolicy=\"strict-origin-when-cross-origin\" allowfullscreen><\/iframe><\/p>\n","protected":false},"excerpt":{"rendered":"","protected":false},"author":1120,"featured_media":286858,"comment_status":"closed","ping_status":"closed","sticky":false,"template":"","format":"standard","meta":{"footnotes":""},"categories":[11389,155,1240,1242],"tags":[546,13330,24665,866,24664,383],"class_list":["post-286892","post","type-post","status-publish","format-standard","has-post-thumbnail","hentry","category-contenido-original","category-entrevistas","category-humanismo-espiritualidad","category-noviolencia-tema","tag-el-mensaje-de-silo","tag-espai-humanista","tag-exposicion-fotografica","tag-humanismo","tag-jordi-jimenez","tag-noviolencia"],"yoast_head":"<!-- This site is optimized with the Yoast SEO plugin v27.1.1 - https:\/\/yoast.com\/product\/yoast-seo-wordpress\/ -->\n<title>&quot;Reconciliar no es perdonar ni olvidar&quot;. V\u00eddeo entrevista a Jordi Jim\u00e9nez<\/title>\n<meta name=\"description\" content=\"https:\/\/youtu.be\/ozhIHFu_nTs\" \/>\n<meta name=\"robots\" content=\"index, follow, max-snippet:-1, max-image-preview:large, max-video-preview:-1\" \/>\n<link rel=\"canonical\" href=\"https:\/\/www.pressenza.com\/es\/2016\/03\/reconciliar-no-es-perdonar-ni-olvidar-video-entrevista-a-jordi-jimenez\/\" \/>\n<meta property=\"og:locale\" content=\"es_ES\" \/>\n<meta property=\"og:type\" content=\"article\" \/>\n<meta property=\"og:title\" content=\"&quot;Reconciliar no es perdonar ni olvidar&quot;. V\u00eddeo entrevista a Jordi Jim\u00e9nez\" \/>\n<meta property=\"og:description\" content=\"https:\/\/youtu.be\/ozhIHFu_nTs\" \/>\n<meta property=\"og:url\" content=\"https:\/\/www.pressenza.com\/es\/2016\/03\/reconciliar-no-es-perdonar-ni-olvidar-video-entrevista-a-jordi-jimenez\/\" \/>\n<meta property=\"og:site_name\" content=\"Pressenza\" \/>\n<meta property=\"article:publisher\" content=\"https:\/\/www.facebook.com\/PressenzaItalia\" \/>\n<meta property=\"article:published_time\" content=\"2016-03-05T23:35:45+00:00\" \/>\n<meta property=\"article:modified_time\" content=\"2016-03-31T23:03:11+00:00\" \/>\n<meta property=\"og:image\" content=\"https:\/\/www.pressenza.com\/wp-content\/uploads\/2016\/03\/Exposicion-fotografica-Bcn-e1457220894973.jpg\" \/>\n\t<meta property=\"og:image:width\" content=\"1500\" \/>\n\t<meta property=\"og:image:height\" content=\"2122\" \/>\n\t<meta property=\"og:image:type\" content=\"image\/jpeg\" \/>\n<meta name=\"author\" content=\"Antonia Utrera\" \/>\n<meta name=\"twitter:card\" content=\"summary_large_image\" \/>\n<meta name=\"twitter:creator\" content=\"@PressenzaIPA\" \/>\n<meta name=\"twitter:site\" content=\"@PressenzaIPA\" \/>\n<meta name=\"twitter:label1\" content=\"Escrito por\" \/>\n\t<meta name=\"twitter:data1\" content=\"Antonia Utrera\" \/>\n<script type=\"application\/ld+json\" class=\"yoast-schema-graph\">{\"@context\":\"https:\/\/schema.org\",\"@graph\":[{\"@type\":\"Article\",\"@id\":\"https:\/\/www.pressenza.com\/es\/2016\/03\/reconciliar-no-es-perdonar-ni-olvidar-video-entrevista-a-jordi-jimenez\/#article\",\"isPartOf\":{\"@id\":\"https:\/\/www.pressenza.com\/es\/2016\/03\/reconciliar-no-es-perdonar-ni-olvidar-video-entrevista-a-jordi-jimenez\/\"},\"author\":{\"name\":\"Antonia Utrera\",\"@id\":\"https:\/\/www.pressenza.com\/es\/#\/schema\/person\/3d1608dac82a5f0ea9ad17d03bea0b2a\"},\"headline\":\"\u00abReconciliar no es perdonar ni olvidar\u00bb. V\u00eddeo entrevista a Jordi Jim\u00e9nez\",\"datePublished\":\"2016-03-05T23:35:45+00:00\",\"dateModified\":\"2016-03-31T23:03:11+00:00\",\"mainEntityOfPage\":{\"@id\":\"https:\/\/www.pressenza.com\/es\/2016\/03\/reconciliar-no-es-perdonar-ni-olvidar-video-entrevista-a-jordi-jimenez\/\"},\"wordCount\":18,\"publisher\":{\"@id\":\"https:\/\/www.pressenza.com\/es\/#organization\"},\"image\":{\"@id\":\"https:\/\/www.pressenza.com\/es\/2016\/03\/reconciliar-no-es-perdonar-ni-olvidar-video-entrevista-a-jordi-jimenez\/#primaryimage\"},\"thumbnailUrl\":\"https:\/\/www.pressenza.com\/wp-content\/uploads\/2016\/03\/Exposicion-fotografica-Bcn-e1457220894973.jpg\",\"keywords\":[\"El Mensaje de Silo\",\"espai humanista\",\"exposici\u00f3n fotogr\u00e1fica\",\"Humanismo\",\"jordi jim\u00e9nez\",\"Noviolencia\"],\"articleSection\":[\"Contenido Original\",\"Entrevistas\",\"Humanismo y Espiritualidad\",\"Noviolencia\"],\"inLanguage\":\"es\"},{\"@type\":\"WebPage\",\"@id\":\"https:\/\/www.pressenza.com\/es\/2016\/03\/reconciliar-no-es-perdonar-ni-olvidar-video-entrevista-a-jordi-jimenez\/\",\"url\":\"https:\/\/www.pressenza.com\/es\/2016\/03\/reconciliar-no-es-perdonar-ni-olvidar-video-entrevista-a-jordi-jimenez\/\",\"name\":\"\\\"Reconciliar no es perdonar ni olvidar\\\". V\u00eddeo entrevista a Jordi Jim\u00e9nez\",\"isPartOf\":{\"@id\":\"https:\/\/www.pressenza.com\/es\/#website\"},\"primaryImageOfPage\":{\"@id\":\"https:\/\/www.pressenza.com\/es\/2016\/03\/reconciliar-no-es-perdonar-ni-olvidar-video-entrevista-a-jordi-jimenez\/#primaryimage\"},\"image\":{\"@id\":\"https:\/\/www.pressenza.com\/es\/2016\/03\/reconciliar-no-es-perdonar-ni-olvidar-video-entrevista-a-jordi-jimenez\/#primaryimage\"},\"thumbnailUrl\":\"https:\/\/www.pressenza.com\/wp-content\/uploads\/2016\/03\/Exposicion-fotografica-Bcn-e1457220894973.jpg\",\"datePublished\":\"2016-03-05T23:35:45+00:00\",\"dateModified\":\"2016-03-31T23:03:11+00:00\",\"description\":\"https:\/\/youtu.be\/ozhIHFu_nTs\",\"breadcrumb\":{\"@id\":\"https:\/\/www.pressenza.com\/es\/2016\/03\/reconciliar-no-es-perdonar-ni-olvidar-video-entrevista-a-jordi-jimenez\/#breadcrumb\"},\"inLanguage\":\"es\",\"potentialAction\":[{\"@type\":\"ReadAction\",\"target\":[\"https:\/\/www.pressenza.com\/es\/2016\/03\/reconciliar-no-es-perdonar-ni-olvidar-video-entrevista-a-jordi-jimenez\/\"]}]},{\"@type\":\"ImageObject\",\"inLanguage\":\"es\",\"@id\":\"https:\/\/www.pressenza.com\/es\/2016\/03\/reconciliar-no-es-perdonar-ni-olvidar-video-entrevista-a-jordi-jimenez\/#primaryimage\",\"url\":\"https:\/\/www.pressenza.com\/wp-content\/uploads\/2016\/03\/Exposicion-fotografica-Bcn-e1457220894973.jpg\",\"contentUrl\":\"https:\/\/www.pressenza.com\/wp-content\/uploads\/2016\/03\/Exposicion-fotografica-Bcn-e1457220894973.jpg\",\"width\":1500,\"height\":2122,\"caption\":\"Foto: Ana Men\u00e9ndez. Exposici\u00f3n fotografica. Barcelona. Marzo'16\"},{\"@type\":\"BreadcrumbList\",\"@id\":\"https:\/\/www.pressenza.com\/es\/2016\/03\/reconciliar-no-es-perdonar-ni-olvidar-video-entrevista-a-jordi-jimenez\/#breadcrumb\",\"itemListElement\":[{\"@type\":\"ListItem\",\"position\":1,\"name\":\"Accueil\",\"item\":\"https:\/\/www.pressenza.com\/es\/\"},{\"@type\":\"ListItem\",\"position\":2,\"name\":\"\u00abReconciliar no es perdonar ni olvidar\u00bb. V\u00eddeo entrevista a Jordi Jim\u00e9nez\"}]},{\"@type\":\"WebSite\",\"@id\":\"https:\/\/www.pressenza.com\/es\/#website\",\"url\":\"https:\/\/www.pressenza.com\/es\/\",\"name\":\"Pressenza\",\"description\":\"International Press Agency\",\"publisher\":{\"@id\":\"https:\/\/www.pressenza.com\/es\/#organization\"},\"potentialAction\":[{\"@type\":\"SearchAction\",\"target\":{\"@type\":\"EntryPoint\",\"urlTemplate\":\"https:\/\/www.pressenza.com\/es\/?s={search_term_string}\"},\"query-input\":{\"@type\":\"PropertyValueSpecification\",\"valueRequired\":true,\"valueName\":\"search_term_string\"}}],\"inLanguage\":\"es\"},{\"@type\":\"Organization\",\"@id\":\"https:\/\/www.pressenza.com\/es\/#organization\",\"name\":\"Pressenza\",\"url\":\"https:\/\/www.pressenza.com\/es\/\",\"logo\":{\"@type\":\"ImageObject\",\"inLanguage\":\"es\",\"@id\":\"https:\/\/www.pressenza.com\/es\/#\/schema\/logo\/image\/\",\"url\":\"https:\/\/www.pressenza.com\/wp-content\/uploads\/2022\/10\/pressenza_logo_200x200.jpg\",\"contentUrl\":\"https:\/\/www.pressenza.com\/wp-content\/uploads\/2022\/10\/pressenza_logo_200x200.jpg\",\"width\":200,\"height\":200,\"caption\":\"Pressenza\"},\"image\":{\"@id\":\"https:\/\/www.pressenza.com\/es\/#\/schema\/logo\/image\/\"},\"sameAs\":[\"https:\/\/www.facebook.com\/PressenzaItalia\",\"https:\/\/x.com\/PressenzaIPA\"]},{\"@type\":\"Person\",\"@id\":\"https:\/\/www.pressenza.com\/es\/#\/schema\/person\/3d1608dac82a5f0ea9ad17d03bea0b2a\",\"name\":\"Antonia Utrera\",\"description\":\"Antonia Utrera lives and works in Barcelona, Spain. Writer, editor and journalist. Long experience in the media and communication. Director of the magazine Acelobert Barcelona. A member of the Noesis Humanist Centre of Studies.\",\"url\":\"https:\/\/www.pressenza.com\/es\/author\/antonia-utrera\/\"}]}<\/script>\n<!-- \/ Yoast SEO plugin. -->","yoast_head_json":{"title":"\"Reconciliar no es perdonar ni olvidar\". V\u00eddeo entrevista a Jordi Jim\u00e9nez","description":"https:\/\/youtu.be\/ozhIHFu_nTs","robots":{"index":"index","follow":"follow","max-snippet":"max-snippet:-1","max-image-preview":"max-image-preview:large","max-video-preview":"max-video-preview:-1"},"canonical":"https:\/\/www.pressenza.com\/es\/2016\/03\/reconciliar-no-es-perdonar-ni-olvidar-video-entrevista-a-jordi-jimenez\/","og_locale":"es_ES","og_type":"article","og_title":"\"Reconciliar no es perdonar ni olvidar\". V\u00eddeo entrevista a Jordi Jim\u00e9nez","og_description":"https:\/\/youtu.be\/ozhIHFu_nTs","og_url":"https:\/\/www.pressenza.com\/es\/2016\/03\/reconciliar-no-es-perdonar-ni-olvidar-video-entrevista-a-jordi-jimenez\/","og_site_name":"Pressenza","article_publisher":"https:\/\/www.facebook.com\/PressenzaItalia","article_published_time":"2016-03-05T23:35:45+00:00","article_modified_time":"2016-03-31T23:03:11+00:00","og_image":[{"width":1500,"height":2122,"url":"https:\/\/www.pressenza.com\/wp-content\/uploads\/2016\/03\/Exposicion-fotografica-Bcn-e1457220894973.jpg","type":"image\/jpeg"}],"author":"Antonia Utrera","twitter_card":"summary_large_image","twitter_creator":"@PressenzaIPA","twitter_site":"@PressenzaIPA","twitter_misc":{"Escrito por":"Antonia Utrera"},"schema":{"@context":"https:\/\/schema.org","@graph":[{"@type":"Article","@id":"https:\/\/www.pressenza.com\/es\/2016\/03\/reconciliar-no-es-perdonar-ni-olvidar-video-entrevista-a-jordi-jimenez\/#article","isPartOf":{"@id":"https:\/\/www.pressenza.com\/es\/2016\/03\/reconciliar-no-es-perdonar-ni-olvidar-video-entrevista-a-jordi-jimenez\/"},"author":{"name":"Antonia Utrera","@id":"https:\/\/www.pressenza.com\/es\/#\/schema\/person\/3d1608dac82a5f0ea9ad17d03bea0b2a"},"headline":"\u00abReconciliar no es perdonar ni olvidar\u00bb. V\u00eddeo entrevista a Jordi Jim\u00e9nez","datePublished":"2016-03-05T23:35:45+00:00","dateModified":"2016-03-31T23:03:11+00:00","mainEntityOfPage":{"@id":"https:\/\/www.pressenza.com\/es\/2016\/03\/reconciliar-no-es-perdonar-ni-olvidar-video-entrevista-a-jordi-jimenez\/"},"wordCount":18,"publisher":{"@id":"https:\/\/www.pressenza.com\/es\/#organization"},"image":{"@id":"https:\/\/www.pressenza.com\/es\/2016\/03\/reconciliar-no-es-perdonar-ni-olvidar-video-entrevista-a-jordi-jimenez\/#primaryimage"},"thumbnailUrl":"https:\/\/www.pressenza.com\/wp-content\/uploads\/2016\/03\/Exposicion-fotografica-Bcn-e1457220894973.jpg","keywords":["El Mensaje de Silo","espai humanista","exposici\u00f3n fotogr\u00e1fica","Humanismo","jordi jim\u00e9nez","Noviolencia"],"articleSection":["Contenido Original","Entrevistas","Humanismo y Espiritualidad","Noviolencia"],"inLanguage":"es"},{"@type":"WebPage","@id":"https:\/\/www.pressenza.com\/es\/2016\/03\/reconciliar-no-es-perdonar-ni-olvidar-video-entrevista-a-jordi-jimenez\/","url":"https:\/\/www.pressenza.com\/es\/2016\/03\/reconciliar-no-es-perdonar-ni-olvidar-video-entrevista-a-jordi-jimenez\/","name":"\"Reconciliar no es perdonar ni olvidar\". V\u00eddeo entrevista a Jordi Jim\u00e9nez","isPartOf":{"@id":"https:\/\/www.pressenza.com\/es\/#website"},"primaryImageOfPage":{"@id":"https:\/\/www.pressenza.com\/es\/2016\/03\/reconciliar-no-es-perdonar-ni-olvidar-video-entrevista-a-jordi-jimenez\/#primaryimage"},"image":{"@id":"https:\/\/www.pressenza.com\/es\/2016\/03\/reconciliar-no-es-perdonar-ni-olvidar-video-entrevista-a-jordi-jimenez\/#primaryimage"},"thumbnailUrl":"https:\/\/www.pressenza.com\/wp-content\/uploads\/2016\/03\/Exposicion-fotografica-Bcn-e1457220894973.jpg","datePublished":"2016-03-05T23:35:45+00:00","dateModified":"2016-03-31T23:03:11+00:00","description":"https:\/\/youtu.be\/ozhIHFu_nTs","breadcrumb":{"@id":"https:\/\/www.pressenza.com\/es\/2016\/03\/reconciliar-no-es-perdonar-ni-olvidar-video-entrevista-a-jordi-jimenez\/#breadcrumb"},"inLanguage":"es","potentialAction":[{"@type":"ReadAction","target":["https:\/\/www.pressenza.com\/es\/2016\/03\/reconciliar-no-es-perdonar-ni-olvidar-video-entrevista-a-jordi-jimenez\/"]}]},{"@type":"ImageObject","inLanguage":"es","@id":"https:\/\/www.pressenza.com\/es\/2016\/03\/reconciliar-no-es-perdonar-ni-olvidar-video-entrevista-a-jordi-jimenez\/#primaryimage","url":"https:\/\/www.pressenza.com\/wp-content\/uploads\/2016\/03\/Exposicion-fotografica-Bcn-e1457220894973.jpg","contentUrl":"https:\/\/www.pressenza.com\/wp-content\/uploads\/2016\/03\/Exposicion-fotografica-Bcn-e1457220894973.jpg","width":1500,"height":2122,"caption":"Foto: Ana Men\u00e9ndez. Exposici\u00f3n fotografica. Barcelona. Marzo'16"},{"@type":"BreadcrumbList","@id":"https:\/\/www.pressenza.com\/es\/2016\/03\/reconciliar-no-es-perdonar-ni-olvidar-video-entrevista-a-jordi-jimenez\/#breadcrumb","itemListElement":[{"@type":"ListItem","position":1,"name":"Accueil","item":"https:\/\/www.pressenza.com\/es\/"},{"@type":"ListItem","position":2,"name":"\u00abReconciliar no es perdonar ni olvidar\u00bb. V\u00eddeo entrevista a Jordi Jim\u00e9nez"}]},{"@type":"WebSite","@id":"https:\/\/www.pressenza.com\/es\/#website","url":"https:\/\/www.pressenza.com\/es\/","name":"Pressenza","description":"International Press Agency","publisher":{"@id":"https:\/\/www.pressenza.com\/es\/#organization"},"potentialAction":[{"@type":"SearchAction","target":{"@type":"EntryPoint","urlTemplate":"https:\/\/www.pressenza.com\/es\/?s={search_term_string}"},"query-input":{"@type":"PropertyValueSpecification","valueRequired":true,"valueName":"search_term_string"}}],"inLanguage":"es"},{"@type":"Organization","@id":"https:\/\/www.pressenza.com\/es\/#organization","name":"Pressenza","url":"https:\/\/www.pressenza.com\/es\/","logo":{"@type":"ImageObject","inLanguage":"es","@id":"https:\/\/www.pressenza.com\/es\/#\/schema\/logo\/image\/","url":"https:\/\/www.pressenza.com\/wp-content\/uploads\/2022\/10\/pressenza_logo_200x200.jpg","contentUrl":"https:\/\/www.pressenza.com\/wp-content\/uploads\/2022\/10\/pressenza_logo_200x200.jpg","width":200,"height":200,"caption":"Pressenza"},"image":{"@id":"https:\/\/www.pressenza.com\/es\/#\/schema\/logo\/image\/"},"sameAs":["https:\/\/www.facebook.com\/PressenzaItalia","https:\/\/x.com\/PressenzaIPA"]},{"@type":"Person","@id":"https:\/\/www.pressenza.com\/es\/#\/schema\/person\/3d1608dac82a5f0ea9ad17d03bea0b2a","name":"Antonia Utrera","description":"Antonia Utrera lives and works in Barcelona, Spain. Writer, editor and journalist. Long experience in the media and communication. Director of the magazine Acelobert Barcelona. A member of the Noesis Humanist Centre of Studies.","url":"https:\/\/www.pressenza.com\/es\/author\/antonia-utrera\/"}]}},"place":"Barcelona","original_article_url":"","_links":{"self":[{"href":"https:\/\/www.pressenza.com\/es\/wp-json\/wp\/v2\/posts\/286892","targetHints":{"allow":["GET"]}}],"collection":[{"href":"https:\/\/www.pressenza.com\/es\/wp-json\/wp\/v2\/posts"}],"about":[{"href":"https:\/\/www.pressenza.com\/es\/wp-json\/wp\/v2\/types\/post"}],"author":[{"embeddable":true,"href":"https:\/\/www.pressenza.com\/es\/wp-json\/wp\/v2\/users\/1120"}],"replies":[{"embeddable":true,"href":"https:\/\/www.pressenza.com\/es\/wp-json\/wp\/v2\/comments?post=286892"}],"version-history":[{"count":0,"href":"https:\/\/www.pressenza.com\/es\/wp-json\/wp\/v2\/posts\/286892\/revisions"}],"wp:featuredmedia":[{"embeddable":true,"href":"https:\/\/www.pressenza.com\/es\/wp-json\/wp\/v2\/media\/286858"}],"wp:attachment":[{"href":"https:\/\/www.pressenza.com\/es\/wp-json\/wp\/v2\/media?parent=286892"}],"wp:term":[{"taxonomy":"category","embeddable":true,"href":"https:\/\/www.pressenza.com\/es\/wp-json\/wp\/v2\/categories?post=286892"},{"taxonomy":"post_tag","embeddable":true,"href":"https:\/\/www.pressenza.com\/es\/wp-json\/wp\/v2\/tags?post=286892"}],"curies":[{"name":"wp","href":"https:\/\/api.w.org\/{rel}","templated":true}]}}