{"id":28645,"date":"2012-12-17T19:49:53","date_gmt":"2012-12-17T19:49:53","guid":{"rendered":"http:\/\/www.pressenza.com\/?p=28645"},"modified":"2012-12-17T19:49:53","modified_gmt":"2012-12-17T19:49:53","slug":"carta-abierta-al-presidente-del-gobierno-espanol-compromiso-con-la-justicia","status":"publish","type":"post","link":"https:\/\/www.pressenza.com\/es\/2012\/12\/carta-abierta-al-presidente-del-gobierno-espanol-compromiso-con-la-justicia\/","title":{"rendered":"Carta abierta al Presidente del Gobierno espa\u00f1ol: Compromiso con la Justicia"},"content":{"rendered":"<p><em>Todas las asociaciones de jueces y de fiscales espa\u00f1oles firman esta carta conjunta contra las reformas del ministro Alberto Ruiz Gallard\u00f3n.<\/em><\/p>\n<p>En la presente Legislatura se est\u00e1 produciendo una indeseable avalancha de reformas legislativas, impuestas por el Ministerio de Justicia en el \u00e1mbito de la Justicia. Dicha imposici\u00f3n se est\u00e1 realizando sin consenso con el resto de fuerzas pol\u00edticas presentes en el Parlamento y despreciando los criterios t\u00e9cnicos de todas las organizaciones representativas directamente implicadas en el posterior desarrollo pr\u00e1ctico de la reformas (jueces, fiscales, secretarios judiciales, abogados, procuradores y funcionarios). Por supuesto, despreciando los intereses m\u00e1s leg\u00edtimos de los ciudadanos, que desconocen alcance social de las reformas puestas en marcha por el Ministerio de Justicia.<\/p>\n<p>De esta forma, se disgusta a la ciudadan\u00eda, que cada vez se siente menos representada en las instancias que organizan la vida y la convivencia en el pa\u00eds y m\u00e1s alejada del Ministerio de Justicia, al que d\u00eda a d\u00eda viene valorando m\u00e1s negativamente. Pero al mismo tiempo, el Ministerio de Justicia, centrando su actuaci\u00f3n en un mero ejercicio del poder por la v\u00eda de la imposici\u00f3n sin consenso y sin di\u00e1logo, olvida no ya la mejora efectiva del sistema que administra, sino tambi\u00e9n las condiciones de vida en general de los administrados y de todos los espa\u00f1oles.<\/p>\n<p>La situaci\u00f3n se ha agravado sensiblemente en los \u00faltimos meses, en los que el discurso oficial ha ido por cauces y derroteros divergentes con los problemas y sensibilidades sociales. En ning\u00fan momento se ha atisbado en el ministro responsable la m\u00e1s m\u00ednima intenci\u00f3n de acercamiento al mundo real de la gente y al papel vital que la Administraci\u00f3n de Justicia juega en la democracia y en la defensa de la libertad.<\/p>\n<p>De hecho, el Ministerio de Justicia no ha conseguido organizar un programa de reformas capaz de sintonizar con la realidad social ni con la situaci\u00f3n de la Justicia. Y, mucho menos, capaz de entusiasmar a la sociedad con propuestas veraces, transparentes y bien comunicadas para restablecer la estabilidad perdida, la confianza y el empuje necesario con el que superar la grav\u00edsima crisis econ\u00f3mica, social y pol\u00edtica en que est\u00e1 embarcada Espa\u00f1a. Una crisis que no es necesario describir de manera m\u00e1s prolija, pues est\u00e1 en la mente de todos y en todas las conversaciones.<\/p>\n<p>El cuadro sintom\u00e1tico en materia de Justicia se resume, hasta el momento, en este conjunto de desprop\u00f3sitos:<\/p>\n<p>&#8211; Intento de reforma del Consejo General del Poder Judicial, promovido por el ministro de Justicia, Alberto Ruiz-Gallard\u00f3n, con la finalidad de cercenar la divisi\u00f3n de poderes y de quebrantar la independencia judicial.<\/p>\n<p>&#8211; Ley de tasas, con fijaci\u00f3n de cuant\u00edas desproporcionadas, que atentan al derecho fundamental a la tutela judicial efectiva.<\/p>\n<p>&#8211; Privatizaci\u00f3n de la justicia, reduciendo las competencias del marco judicial y traspas\u00e1ndolas a otros colectivos.<\/p>\n<p>&#8211; Inexistencia de inversiones en materia de justicia, donde se mantienen ratios de poblaci\u00f3n con jueces y fiscales en rangos \u00ednfimos, equipar\u00e1ndolos a niveles de pa\u00edses de segundo orden.<\/p>\n<p>&#8211; Ausencia de agilidad en las normas procesales.<\/p>\n<p>&#8211; Endurecimiento innecesario del C\u00f3digo Penal, donde se introducen nuevos tipos penales, devenidos de asuntos puntuales con impacto en la opini\u00f3n p\u00fablica. Esta reforma sobresaturar\u00e1 las Fiscal\u00edas y los juzgados con competencias penales, con una reducci\u00f3n de los medios personales para poder afrontar dichos asuntos.<\/p>\n<p>&#8211; Carencia de propuestas que solucionen las problem\u00e1ticas mas acuciantes de los ciudadanos como ser\u00edan los desahucios hipotecarios.<\/p>\n<p>&#8211; Falta de modernizaci\u00f3n en la Administraci\u00f3n de Justicia.<\/p>\n<p>En relaci\u00f3n con la reforma de la Ley Org\u00e1nica del Poder Judicial, que cumplir\u00e1 su tramitaci\u00f3n legislativa el pr\u00f3ximo martes 18 de diciembre en el Parlamento, denunciamos la falta de audiencia real que han tenido al respecto las asociaciones profesionales correspondientes, su inadecuaci\u00f3n a las normativas europeas, su innecesaria tramitaci\u00f3n por v\u00eda de urgencia y, en definitiva, su imposici\u00f3n mediante un ejercicio de fuerza sin escuchar a quienes, conocedores de primera mano de la situaci\u00f3n, van a proceder a su aplicaci\u00f3n. Se trata de una interpretaci\u00f3n de la pol\u00edtica que consideramos carente de sentido de Estado.<\/p>\n<p>Ante la falta de respuesta a nuestros requerimientos por parte del Ministerio de Justicia, solicitamos el voto negativo o la abstenci\u00f3n de los grupos parlamentarios en la votaci\u00f3n correspondiente. Y anunciamos la promoci\u00f3n de todos los recursos y procedimientos disponibles en derecho para que sea derogada lo antes posible y sustituida por otra ley m\u00e1s razonable, m\u00e1s razonada y debidamente consensuada, en coherencia con nuestro compromiso con la Justicia y en defensa del inter\u00e9s general de la sociedad espa\u00f1ola.<\/p>\n<p>Instamos tanto al Presidente del Gobierno como al Ejecutivo en pleno que asuman un compromiso real en defensa de la Administraci\u00f3n de Justicia, para que esta pueda cumplir las elevadas funciones constitucionales que tiene asignadas. Los representantes de las asociaciones de jueces y de fiscales continuaremos reclamando soluciones para que nuestro sistema judicial pueda seguir garantizando los derechos fundamentales en el marco de nuestro Estado Constitucional.<\/p>\n<p><em>Madrid, 17 de diciembre de 2012<\/em><\/p>\n<p>ASOCIACI\u00d3N PROFESIONAL DE LA MAGISTRATURA<\/p>\n<p>ASOCIACI\u00d3N JUDICIAL FRANCISCO DE VITORIA<\/p>\n<p>JUECES PARA LA DEMOCRACIA<\/p>\n<p>FORO JUDICIAL INDEPENDIENTE<\/p>\n<p>ASOCIACI\u00d3N DE FISCALES<\/p>\n<p>UNI\u00d3N PROGRESISTA DE FISCALES<\/p>\n<p>ASOCIACI\u00d3N PROFESIONAL INDEPENDIENTE DE FISCALES<\/p>\n","protected":false},"excerpt":{"rendered":"<p>Todas las asociaciones de jueces y de fiscales espa\u00f1oles firman esta carta conjunta contra las reformas del ministro Alberto Ruiz Gallard\u00f3n. En la presente Legislatura se est\u00e1 produciendo una indeseable avalancha de reformas legislativas, impuestas por el Ministerio de Justicia&hellip;<\/p>\n","protected":false},"author":19,"featured_media":15007,"comment_status":"closed","ping_status":"open","sticky":false,"template":"","format":"standard","meta":{"footnotes":""},"categories":[149,81,66,74],"tags":[513,355,1398,398,512,2537],"class_list":["post-28645","post","type-post","status-publish","format-standard","has-post-thumbnail","hentry","category-comunicados-de-prensa","category-economia-es","category-europa-es","category-politica-es","tag-austeridad","tag-crisis-es","tag-estado-espanol","tag-justicia","tag-recortes","tag-reforma-ley-organica-del-poder-judicial"],"yoast_head":"<!-- This site is optimized with the Yoast SEO plugin v27.1.1 - https:\/\/yoast.com\/product\/yoast-seo-wordpress\/ -->\n<title>Carta abierta al Presidente del Gobierno espa\u00f1ol: Compromiso con la Justicia<\/title>\n<meta name=\"description\" content=\"Todas las asociaciones de jueces y de fiscales espa\u00f1oles firman esta carta conjunta contra las reformas del ministro Alberto Ruiz Gallard\u00f3n. En la\" \/>\n<meta name=\"robots\" content=\"index, follow, max-snippet:-1, max-image-preview:large, max-video-preview:-1\" \/>\n<link rel=\"canonical\" href=\"https:\/\/www.pressenza.com\/es\/2012\/12\/carta-abierta-al-presidente-del-gobierno-espanol-compromiso-con-la-justicia\/\" \/>\n<meta property=\"og:locale\" content=\"es_ES\" \/>\n<meta property=\"og:type\" content=\"article\" \/>\n<meta property=\"og:title\" content=\"Carta abierta al Presidente del Gobierno espa\u00f1ol: Compromiso con la Justicia\" \/>\n<meta property=\"og:description\" content=\"Todas las asociaciones de jueces y de fiscales espa\u00f1oles firman esta carta conjunta contra las reformas del ministro Alberto Ruiz Gallard\u00f3n. En la\" \/>\n<meta property=\"og:url\" content=\"https:\/\/www.pressenza.com\/es\/2012\/12\/carta-abierta-al-presidente-del-gobierno-espanol-compromiso-con-la-justicia\/\" \/>\n<meta property=\"og:site_name\" content=\"Pressenza\" \/>\n<meta property=\"article:publisher\" content=\"https:\/\/www.facebook.com\/PressenzaItalia\" \/>\n<meta property=\"article:author\" content=\"https:\/\/www.facebook.com\/pressenza\" \/>\n<meta property=\"article:published_time\" content=\"2012-12-17T19:49:53+00:00\" \/>\n<meta property=\"og:image\" content=\"https:\/\/www.pressenza.com\/wp-content\/uploads\/2012\/09\/cartas1-300x231.jpg\" \/>\n\t<meta property=\"og:image:width\" content=\"300\" \/>\n\t<meta property=\"og:image:height\" content=\"231\" \/>\n\t<meta property=\"og:image:type\" content=\"image\/jpeg\" \/>\n<meta name=\"author\" content=\"Pressenza IPA\" \/>\n<meta name=\"twitter:card\" content=\"summary_large_image\" \/>\n<meta name=\"twitter:creator\" content=\"@PressenzaIPA\" \/>\n<meta name=\"twitter:site\" content=\"@PressenzaIPA\" \/>\n<meta name=\"twitter:label1\" content=\"Escrito por\" \/>\n\t<meta name=\"twitter:data1\" content=\"Pressenza IPA\" \/>\n\t<meta name=\"twitter:label2\" content=\"Tiempo de lectura\" \/>\n\t<meta name=\"twitter:data2\" content=\"5 minutos\" \/>\n<script type=\"application\/ld+json\" class=\"yoast-schema-graph\">{\"@context\":\"https:\/\/schema.org\",\"@graph\":[{\"@type\":\"Article\",\"@id\":\"https:\/\/www.pressenza.com\/es\/2012\/12\/carta-abierta-al-presidente-del-gobierno-espanol-compromiso-con-la-justicia\/#article\",\"isPartOf\":{\"@id\":\"https:\/\/www.pressenza.com\/es\/2012\/12\/carta-abierta-al-presidente-del-gobierno-espanol-compromiso-con-la-justicia\/\"},\"author\":{\"name\":\"Pressenza IPA\",\"@id\":\"https:\/\/www.pressenza.com\/es\/#\/schema\/person\/010e5d02bcf40965427a1289a4cc8d75\"},\"headline\":\"Carta abierta al Presidente del Gobierno espa\u00f1ol: Compromiso con la Justicia\",\"datePublished\":\"2012-12-17T19:49:53+00:00\",\"mainEntityOfPage\":{\"@id\":\"https:\/\/www.pressenza.com\/es\/2012\/12\/carta-abierta-al-presidente-del-gobierno-espanol-compromiso-con-la-justicia\/\"},\"wordCount\":935,\"publisher\":{\"@id\":\"https:\/\/www.pressenza.com\/es\/#organization\"},\"image\":{\"@id\":\"https:\/\/www.pressenza.com\/es\/2012\/12\/carta-abierta-al-presidente-del-gobierno-espanol-compromiso-con-la-justicia\/#primaryimage\"},\"thumbnailUrl\":\"https:\/\/www.pressenza.com\/wp-content\/uploads\/2012\/09\/cartas1-300x231.jpg\",\"keywords\":[\"austeridad\",\"crisis\",\"Estado espa\u00f1ol\",\"justicia\",\"recortes\",\"reforma Ley Org\u00e1nica del Poder Judicial\"],\"articleSection\":[\"Comunicados de Prensa\",\"Econom\u00eda\",\"Europa\",\"Pol\u00edtica\"],\"inLanguage\":\"es\"},{\"@type\":\"WebPage\",\"@id\":\"https:\/\/www.pressenza.com\/es\/2012\/12\/carta-abierta-al-presidente-del-gobierno-espanol-compromiso-con-la-justicia\/\",\"url\":\"https:\/\/www.pressenza.com\/es\/2012\/12\/carta-abierta-al-presidente-del-gobierno-espanol-compromiso-con-la-justicia\/\",\"name\":\"Carta abierta al Presidente del Gobierno espa\u00f1ol: Compromiso con la Justicia\",\"isPartOf\":{\"@id\":\"https:\/\/www.pressenza.com\/es\/#website\"},\"primaryImageOfPage\":{\"@id\":\"https:\/\/www.pressenza.com\/es\/2012\/12\/carta-abierta-al-presidente-del-gobierno-espanol-compromiso-con-la-justicia\/#primaryimage\"},\"image\":{\"@id\":\"https:\/\/www.pressenza.com\/es\/2012\/12\/carta-abierta-al-presidente-del-gobierno-espanol-compromiso-con-la-justicia\/#primaryimage\"},\"thumbnailUrl\":\"https:\/\/www.pressenza.com\/wp-content\/uploads\/2012\/09\/cartas1-300x231.jpg\",\"datePublished\":\"2012-12-17T19:49:53+00:00\",\"description\":\"Todas las asociaciones de jueces y de fiscales espa\u00f1oles firman esta carta conjunta contra las reformas del ministro Alberto Ruiz Gallard\u00f3n. En la\",\"breadcrumb\":{\"@id\":\"https:\/\/www.pressenza.com\/es\/2012\/12\/carta-abierta-al-presidente-del-gobierno-espanol-compromiso-con-la-justicia\/#breadcrumb\"},\"inLanguage\":\"es\",\"potentialAction\":[{\"@type\":\"ReadAction\",\"target\":[\"https:\/\/www.pressenza.com\/es\/2012\/12\/carta-abierta-al-presidente-del-gobierno-espanol-compromiso-con-la-justicia\/\"]}]},{\"@type\":\"ImageObject\",\"inLanguage\":\"es\",\"@id\":\"https:\/\/www.pressenza.com\/es\/2012\/12\/carta-abierta-al-presidente-del-gobierno-espanol-compromiso-con-la-justicia\/#primaryimage\",\"url\":\"https:\/\/www.pressenza.com\/wp-content\/uploads\/2012\/09\/cartas1-300x231.jpg\",\"contentUrl\":\"https:\/\/www.pressenza.com\/wp-content\/uploads\/2012\/09\/cartas1-300x231.jpg\",\"width\":\"300\",\"height\":\"231\"},{\"@type\":\"BreadcrumbList\",\"@id\":\"https:\/\/www.pressenza.com\/es\/2012\/12\/carta-abierta-al-presidente-del-gobierno-espanol-compromiso-con-la-justicia\/#breadcrumb\",\"itemListElement\":[{\"@type\":\"ListItem\",\"position\":1,\"name\":\"Accueil\",\"item\":\"https:\/\/www.pressenza.com\/es\/\"},{\"@type\":\"ListItem\",\"position\":2,\"name\":\"Carta abierta al Presidente del Gobierno espa\u00f1ol: Compromiso con la Justicia\"}]},{\"@type\":\"WebSite\",\"@id\":\"https:\/\/www.pressenza.com\/es\/#website\",\"url\":\"https:\/\/www.pressenza.com\/es\/\",\"name\":\"Pressenza\",\"description\":\"International Press Agency\",\"publisher\":{\"@id\":\"https:\/\/www.pressenza.com\/es\/#organization\"},\"potentialAction\":[{\"@type\":\"SearchAction\",\"target\":{\"@type\":\"EntryPoint\",\"urlTemplate\":\"https:\/\/www.pressenza.com\/es\/?s={search_term_string}\"},\"query-input\":{\"@type\":\"PropertyValueSpecification\",\"valueRequired\":true,\"valueName\":\"search_term_string\"}}],\"inLanguage\":\"es\"},{\"@type\":\"Organization\",\"@id\":\"https:\/\/www.pressenza.com\/es\/#organization\",\"name\":\"Pressenza\",\"url\":\"https:\/\/www.pressenza.com\/es\/\",\"logo\":{\"@type\":\"ImageObject\",\"inLanguage\":\"es\",\"@id\":\"https:\/\/www.pressenza.com\/es\/#\/schema\/logo\/image\/\",\"url\":\"https:\/\/www.pressenza.com\/wp-content\/uploads\/2022\/10\/pressenza_logo_200x200.jpg\",\"contentUrl\":\"https:\/\/www.pressenza.com\/wp-content\/uploads\/2022\/10\/pressenza_logo_200x200.jpg\",\"width\":200,\"height\":200,\"caption\":\"Pressenza\"},\"image\":{\"@id\":\"https:\/\/www.pressenza.com\/es\/#\/schema\/logo\/image\/\"},\"sameAs\":[\"https:\/\/www.facebook.com\/PressenzaItalia\",\"https:\/\/x.com\/PressenzaIPA\"]},{\"@type\":\"Person\",\"@id\":\"https:\/\/www.pressenza.com\/es\/#\/schema\/person\/010e5d02bcf40965427a1289a4cc8d75\",\"name\":\"Pressenza IPA\",\"description\":\"News from Pressenza IPA correspondents\",\"sameAs\":[\"https:\/\/www.facebook.com\/pressenza\",\"https:\/\/x.com\/PressenzaIPA\"],\"url\":\"https:\/\/www.pressenza.com\/es\/author\/pressenza-ipa\/\"}]}<\/script>\n<!-- \/ Yoast SEO plugin. -->","yoast_head_json":{"title":"Carta abierta al Presidente del Gobierno espa\u00f1ol: Compromiso con la Justicia","description":"Todas las asociaciones de jueces y de fiscales espa\u00f1oles firman esta carta conjunta contra las reformas del ministro Alberto Ruiz Gallard\u00f3n. En la","robots":{"index":"index","follow":"follow","max-snippet":"max-snippet:-1","max-image-preview":"max-image-preview:large","max-video-preview":"max-video-preview:-1"},"canonical":"https:\/\/www.pressenza.com\/es\/2012\/12\/carta-abierta-al-presidente-del-gobierno-espanol-compromiso-con-la-justicia\/","og_locale":"es_ES","og_type":"article","og_title":"Carta abierta al Presidente del Gobierno espa\u00f1ol: Compromiso con la Justicia","og_description":"Todas las asociaciones de jueces y de fiscales espa\u00f1oles firman esta carta conjunta contra las reformas del ministro Alberto Ruiz Gallard\u00f3n. En la","og_url":"https:\/\/www.pressenza.com\/es\/2012\/12\/carta-abierta-al-presidente-del-gobierno-espanol-compromiso-con-la-justicia\/","og_site_name":"Pressenza","article_publisher":"https:\/\/www.facebook.com\/PressenzaItalia","article_author":"https:\/\/www.facebook.com\/pressenza","article_published_time":"2012-12-17T19:49:53+00:00","og_image":[{"width":300,"height":231,"url":"https:\/\/www.pressenza.com\/wp-content\/uploads\/2012\/09\/cartas1-300x231.jpg","type":"image\/jpeg"}],"author":"Pressenza IPA","twitter_card":"summary_large_image","twitter_creator":"@PressenzaIPA","twitter_site":"@PressenzaIPA","twitter_misc":{"Escrito por":"Pressenza IPA","Tiempo de lectura":"5 minutos"},"schema":{"@context":"https:\/\/schema.org","@graph":[{"@type":"Article","@id":"https:\/\/www.pressenza.com\/es\/2012\/12\/carta-abierta-al-presidente-del-gobierno-espanol-compromiso-con-la-justicia\/#article","isPartOf":{"@id":"https:\/\/www.pressenza.com\/es\/2012\/12\/carta-abierta-al-presidente-del-gobierno-espanol-compromiso-con-la-justicia\/"},"author":{"name":"Pressenza IPA","@id":"https:\/\/www.pressenza.com\/es\/#\/schema\/person\/010e5d02bcf40965427a1289a4cc8d75"},"headline":"Carta abierta al Presidente del Gobierno espa\u00f1ol: Compromiso con la Justicia","datePublished":"2012-12-17T19:49:53+00:00","mainEntityOfPage":{"@id":"https:\/\/www.pressenza.com\/es\/2012\/12\/carta-abierta-al-presidente-del-gobierno-espanol-compromiso-con-la-justicia\/"},"wordCount":935,"publisher":{"@id":"https:\/\/www.pressenza.com\/es\/#organization"},"image":{"@id":"https:\/\/www.pressenza.com\/es\/2012\/12\/carta-abierta-al-presidente-del-gobierno-espanol-compromiso-con-la-justicia\/#primaryimage"},"thumbnailUrl":"https:\/\/www.pressenza.com\/wp-content\/uploads\/2012\/09\/cartas1-300x231.jpg","keywords":["austeridad","crisis","Estado espa\u00f1ol","justicia","recortes","reforma Ley Org\u00e1nica del Poder Judicial"],"articleSection":["Comunicados de Prensa","Econom\u00eda","Europa","Pol\u00edtica"],"inLanguage":"es"},{"@type":"WebPage","@id":"https:\/\/www.pressenza.com\/es\/2012\/12\/carta-abierta-al-presidente-del-gobierno-espanol-compromiso-con-la-justicia\/","url":"https:\/\/www.pressenza.com\/es\/2012\/12\/carta-abierta-al-presidente-del-gobierno-espanol-compromiso-con-la-justicia\/","name":"Carta abierta al Presidente del Gobierno espa\u00f1ol: Compromiso con la Justicia","isPartOf":{"@id":"https:\/\/www.pressenza.com\/es\/#website"},"primaryImageOfPage":{"@id":"https:\/\/www.pressenza.com\/es\/2012\/12\/carta-abierta-al-presidente-del-gobierno-espanol-compromiso-con-la-justicia\/#primaryimage"},"image":{"@id":"https:\/\/www.pressenza.com\/es\/2012\/12\/carta-abierta-al-presidente-del-gobierno-espanol-compromiso-con-la-justicia\/#primaryimage"},"thumbnailUrl":"https:\/\/www.pressenza.com\/wp-content\/uploads\/2012\/09\/cartas1-300x231.jpg","datePublished":"2012-12-17T19:49:53+00:00","description":"Todas las asociaciones de jueces y de fiscales espa\u00f1oles firman esta carta conjunta contra las reformas del ministro Alberto Ruiz Gallard\u00f3n. En la","breadcrumb":{"@id":"https:\/\/www.pressenza.com\/es\/2012\/12\/carta-abierta-al-presidente-del-gobierno-espanol-compromiso-con-la-justicia\/#breadcrumb"},"inLanguage":"es","potentialAction":[{"@type":"ReadAction","target":["https:\/\/www.pressenza.com\/es\/2012\/12\/carta-abierta-al-presidente-del-gobierno-espanol-compromiso-con-la-justicia\/"]}]},{"@type":"ImageObject","inLanguage":"es","@id":"https:\/\/www.pressenza.com\/es\/2012\/12\/carta-abierta-al-presidente-del-gobierno-espanol-compromiso-con-la-justicia\/#primaryimage","url":"https:\/\/www.pressenza.com\/wp-content\/uploads\/2012\/09\/cartas1-300x231.jpg","contentUrl":"https:\/\/www.pressenza.com\/wp-content\/uploads\/2012\/09\/cartas1-300x231.jpg","width":"300","height":"231"},{"@type":"BreadcrumbList","@id":"https:\/\/www.pressenza.com\/es\/2012\/12\/carta-abierta-al-presidente-del-gobierno-espanol-compromiso-con-la-justicia\/#breadcrumb","itemListElement":[{"@type":"ListItem","position":1,"name":"Accueil","item":"https:\/\/www.pressenza.com\/es\/"},{"@type":"ListItem","position":2,"name":"Carta abierta al Presidente del Gobierno espa\u00f1ol: Compromiso con la Justicia"}]},{"@type":"WebSite","@id":"https:\/\/www.pressenza.com\/es\/#website","url":"https:\/\/www.pressenza.com\/es\/","name":"Pressenza","description":"International Press Agency","publisher":{"@id":"https:\/\/www.pressenza.com\/es\/#organization"},"potentialAction":[{"@type":"SearchAction","target":{"@type":"EntryPoint","urlTemplate":"https:\/\/www.pressenza.com\/es\/?s={search_term_string}"},"query-input":{"@type":"PropertyValueSpecification","valueRequired":true,"valueName":"search_term_string"}}],"inLanguage":"es"},{"@type":"Organization","@id":"https:\/\/www.pressenza.com\/es\/#organization","name":"Pressenza","url":"https:\/\/www.pressenza.com\/es\/","logo":{"@type":"ImageObject","inLanguage":"es","@id":"https:\/\/www.pressenza.com\/es\/#\/schema\/logo\/image\/","url":"https:\/\/www.pressenza.com\/wp-content\/uploads\/2022\/10\/pressenza_logo_200x200.jpg","contentUrl":"https:\/\/www.pressenza.com\/wp-content\/uploads\/2022\/10\/pressenza_logo_200x200.jpg","width":200,"height":200,"caption":"Pressenza"},"image":{"@id":"https:\/\/www.pressenza.com\/es\/#\/schema\/logo\/image\/"},"sameAs":["https:\/\/www.facebook.com\/PressenzaItalia","https:\/\/x.com\/PressenzaIPA"]},{"@type":"Person","@id":"https:\/\/www.pressenza.com\/es\/#\/schema\/person\/010e5d02bcf40965427a1289a4cc8d75","name":"Pressenza IPA","description":"News from Pressenza IPA correspondents","sameAs":["https:\/\/www.facebook.com\/pressenza","https:\/\/x.com\/PressenzaIPA"],"url":"https:\/\/www.pressenza.com\/es\/author\/pressenza-ipa\/"}]}},"place":"Madrid, Espa\u00f1a","original_article_url":"","_links":{"self":[{"href":"https:\/\/www.pressenza.com\/es\/wp-json\/wp\/v2\/posts\/28645","targetHints":{"allow":["GET"]}}],"collection":[{"href":"https:\/\/www.pressenza.com\/es\/wp-json\/wp\/v2\/posts"}],"about":[{"href":"https:\/\/www.pressenza.com\/es\/wp-json\/wp\/v2\/types\/post"}],"author":[{"embeddable":true,"href":"https:\/\/www.pressenza.com\/es\/wp-json\/wp\/v2\/users\/19"}],"replies":[{"embeddable":true,"href":"https:\/\/www.pressenza.com\/es\/wp-json\/wp\/v2\/comments?post=28645"}],"version-history":[{"count":0,"href":"https:\/\/www.pressenza.com\/es\/wp-json\/wp\/v2\/posts\/28645\/revisions"}],"wp:featuredmedia":[{"embeddable":true,"href":"https:\/\/www.pressenza.com\/es\/wp-json\/wp\/v2\/media\/15007"}],"wp:attachment":[{"href":"https:\/\/www.pressenza.com\/es\/wp-json\/wp\/v2\/media?parent=28645"}],"wp:term":[{"taxonomy":"category","embeddable":true,"href":"https:\/\/www.pressenza.com\/es\/wp-json\/wp\/v2\/categories?post=28645"},{"taxonomy":"post_tag","embeddable":true,"href":"https:\/\/www.pressenza.com\/es\/wp-json\/wp\/v2\/tags?post=28645"}],"curies":[{"name":"wp","href":"https:\/\/api.w.org\/{rel}","templated":true}]}}