{"id":283081,"date":"2016-02-26T00:45:04","date_gmt":"2016-02-26T00:45:04","guid":{"rendered":"http:\/\/www.pressenza.com\/es\/?p=283081"},"modified":"2016-04-05T10:07:44","modified_gmt":"2016-04-05T09:07:44","slug":"varoufakis-se-une-al-panel-de-compass-en-londres","status":"publish","type":"post","link":"https:\/\/www.pressenza.com\/es\/2016\/02\/varoufakis-se-une-al-panel-de-compass-en-londres\/","title":{"rendered":"Varoufakis se une al panel de Compass en Londres"},"content":{"rendered":"<p style=\"text-align: justify;\"><strong>\u00bfCu\u00e1l es el futuro de Europa?<\/strong><\/p>\n<p style=\"text-align: justify;\">En una conferencia grupal organizada por <em><a href=\"http:\/\/www.compassonline.org.uk\/\">Compass<\/a><\/em> (El grupo de reflexi\u00f3n creado en 2003 para discutir la agenda de izquierda) en la LSE (La Escuela de Econom\u00eda y Ciencias Pol\u00edticas de Londres) Yanis Varoufakis, acad\u00e9mico, economista y previamente Ministro de Finanzas en Syriza (Grecia) particip\u00f3 con Caroline Lucas, del Partido Verde MP, Zoe Williams, periodista de <em>The Guardian<\/em>, y Neil Lawson, Presidente de <em>Compass<\/em>. El panel fue organizado y facilitado por Mary Kaldor, profesora de Gobernanza Global en LSE. El tema era \u00abGood Europe (Buena Europa): \u00bfCu\u00e1l es el prop\u00f3sito de la Uni\u00f3n Europea en el siglo 21?\u201d.<\/p>\n<p style=\"text-align: justify;\">Lawson abri\u00f3 la conferencia con una invitaci\u00f3n a reimaginar el tipo de Europa que queremos. Kaldor pregunt\u00f3 al panel para qu\u00e9 es la Uni\u00f3n Europea.<\/p>\n<p style=\"text-align: justify;\"><img loading=\"lazy\" decoding=\"async\" class=\"alignnone size-large wp-image-283083\" src=\"http:\/\/www.pressenza.com\/wp-content\/uploads\/2016\/02\/image-9-720x540-720x540.jpg\" alt=\"image-9-720x540\" width=\"720\" height=\"540\" srcset=\"https:\/\/www.pressenza.com\/wp-content\/uploads\/2016\/02\/image-9-720x540.jpg 720w, https:\/\/www.pressenza.com\/wp-content\/uploads\/2016\/02\/image-9-720x540-300x225.jpg 300w\" sizes=\"auto, (max-width: 720px) 100vw, 720px\" \/><\/p>\n<p style=\"text-align: justify;\">Lucas dijo que la visi\u00f3n del Primer Ministro Cameron es m\u00e1s de libre comercio y menos de libre circulaci\u00f3n. La idea original de la UE era la de paz en el periodo de la postguerra por medio de unir a las naciones. La siguiente gran idea debe ser la sustentabilidad, al convertirse en un l\u00edder pionero en una nueva forma econ\u00f3mica y as\u00ed cerrar la brecha de la desigualdad. Sobre la cuesti\u00f3n del clima, la UE ha sido un l\u00edder. Esta es la raz\u00f3n por la cual los fondos de cobertura quieren dejar la UE y sus regulaciones. La tasa Tobin fue otro paso positivo, pero debe ser m\u00e1s transparente y responsable. El TTIP, incluyendo a los ISDS es apoyado por Cameron. Con respecto a los refugiados, las instituciones de la UE est\u00e1n tratando de encontrar soluciones en contra de las decisiones de los gobiernos de derecha.<\/p>\n<p style=\"text-align: justify;\">Se lleg\u00f3 a afirmar que los fondos necesarios para transformar Europa pueden venir de detener a <em>Trident<\/em>, es decir, la renovaci\u00f3n del sistema de armas nucleares brit\u00e1nicos. Tambi\u00e9n, mediante el desarrollo de bancos de inversi\u00f3n y el establecimiento de un salario m\u00ednimo en toda la UE. Ella cit\u00f3 a Kenneth E. Boulding, que dijo: \u00abCualquiera que crea que un crecimiento exponencial puede continuar para siempre en un mundo finito, es o un loco o un economista\u00bb.<\/p>\n<p style=\"text-align: justify;\">Williams nos invita a imaginar c\u00f3mo lucir\u00eda una <em>Good Europe,<\/em> y despu\u00e9s a votar y quedarnos para cambiarla porque no es como luce ahora. Sin embargo, la UE ha venido operando como una uni\u00f3n para el medio ambiente. Su forma de ver es que las instituciones de la UE son tan lentas, que deshacer una legislaci\u00f3n (ej.: como proteger el medio ambiente, la limpieza de las playas, etc.) toma siglos. Los acuerdos comerciales no eran parte del prop\u00f3sito original, sino m\u00e1s bien que dejaran de matarse entre s\u00ed. En la actualidad, una Europa humanitaria podr\u00eda hacer que las personas est\u00e9n orgullosas de ser humanitarias.<\/p>\n<p style=\"text-align: justify;\">Kaldor nos recuerda que el prop\u00f3sito original no era solo que no hubiera m\u00e1s guerras, sino tambi\u00e9n que no hubiera m\u00e1s fascismo y que las muy criticadas decisiones tomadas en Bruselas palidecen en comparaci\u00f3n con el poder de las decisiones tomadas en la sede de Amazon y Google, y que, en un mundo globalizado sin restricciones, la UE puede ser una protecci\u00f3n para los asuntos sociales. En respuesta a una pregunta de los asistentes en materia de seguridad, dijo que la UE tiene un papel en la seguridad de los derechos humanos en lugar de la seguridad del Estado. Extendiendo el estado de derecho para ayudar a las personas a nivel local.<\/p>\n<p style=\"text-align: justify;\"><img loading=\"lazy\" decoding=\"async\" class=\"alignnone size-large wp-image-283090\" src=\"http:\/\/www.pressenza.com\/wp-content\/uploads\/2016\/02\/image-10-720x540-720x540.jpg\" alt=\"image-10-720x540\" width=\"720\" height=\"540\" srcset=\"https:\/\/www.pressenza.com\/wp-content\/uploads\/2016\/02\/image-10-720x540.jpg 720w, https:\/\/www.pressenza.com\/wp-content\/uploads\/2016\/02\/image-10-720x540-300x225.jpg 300w\" sizes=\"auto, (max-width: 720px) 100vw, 720px\" \/><\/p>\n<p style=\"text-align: justify;\">Williams piensa que la UE carece de confianza para resolver cualquier problema. Se est\u00e1 creando una econom\u00eda a la sombra con sus propias perturbaciones mentales, como al dar a Turqu\u00eda 3 mil millones de euros para detener a los refugiados que llegan a Europa, lo que es imposible.<\/p>\n<p style=\"text-align: justify;\">En respuesta a lo que es el prop\u00f3sito de la UE en el siglo 21, Varoufakis brome\u00f3: \u00a1No tiene prop\u00f3sito! Pero quiz\u00e1 una oportunidad. Depende de c\u00f3mo manejemos su desintegraci\u00f3n. Como una versi\u00f3n postmoderna de los a\u00f1os 30. La Eurozona ha sido un fracaso espectacular. Los muros son construidos otra vez, las cercas est\u00e1n siendo electrificadas y el fracaso econ\u00f3mico engendra autoritarismo.<\/p>\n<p style=\"text-align: justify;\">Europa fracas\u00f3 en los mismos principios en 2008 como en 1930. La izquierda comete un gran error al pensar que hay una conspiraci\u00f3n, que hay un plan, pero en realidad los que est\u00e1n en el poder no tienen ni idea, construyendo a medida que avanzan. En los Estados Unidos se discute sobre c\u00f3mo detener la crisis. En la UE como pretenderemos que la construcci\u00f3n que hicimos sea estable. Esto nos lleva al resurgimiento de la Orden Herm\u00e9tica de la Aurora Dorada y sus equivalentes en otros pa\u00edses. \u00bfPodemos hacer algo mejor que en la d\u00e9cada de 1930?<\/p>\n<p style=\"text-align: justify;\">Lo que se necesita es una alianza democr\u00e1tica de la Izquierda, los Liberales y los Greens (verdes) para una Europa distinta.<\/p>\n<p style=\"text-align: justify;\">El estado-naci\u00f3n no puede proporcionar el capullo que la gente espera. Alemania tiene el nivel m\u00e1s bajo de inversi\u00f3n desde 1945 y esto afecta a sus trabajadores. Algo esta seriamente mal con la naci\u00f3n-estado. De hecho, Varoufakis hizo campa\u00f1a en contra de la Eurozona, en donde \u00e9l cree que la deflaci\u00f3n y un alto desempleo son de esperarse. Esto afectar\u00e1 a todo el mundo. \u00c9l conoci\u00f3 al padre de Mary Kaldor, que declar\u00f3 en 1971 que la uni\u00f3n econ\u00f3mica europea era una mala idea y no ayudar\u00eda a la uni\u00f3n pol\u00edtica.<\/p>\n<p style=\"text-align: justify;\">Al preguntarle si ten\u00eda una opini\u00f3n sobre el problema de soberan\u00eda, que se utiliza usualmente para culpar a los bur\u00f3cratas de Bruselas, \u00e9l brome\u00f3 de nuevo: \u201cYo tengo un punto de vista sobre todo y permanezco optimista en ausencia de todas las pruebas\u201d.<\/p>\n<p style=\"text-align: justify;\">Despu\u00e9s continu\u00f3 y dijo que Cameron no mencion\u00f3 realmente la soberan\u00eda (llama al acuerdo que trajo de vuelta \u201cla madre de todos los dulces\u201d). Pero aquellos que quieren salir de la UE con el fin de tener la soberan\u00eda parlamentaria quieren permanecer en el mercado \u00fanico. Un mercado \u00fanico no puede existir sin un inter\u00e9s com\u00fan, lo que significa soberan\u00eda compartida. Las opciones son para permitir la desintegraci\u00f3n de la Uni\u00f3n Europea o quedarse en casa y luchar con u\u00f1as y dientes contra sus instituciones antidemocr\u00e1ticas.<\/p>\n<p style=\"text-align: justify;\">Lucas se\u00f1al\u00f3 que culpar a Bruselas por nuestra posible p\u00e9rdida de soberan\u00eda es una cosa de los medios de comunicaci\u00f3n, pero no se hace menci\u00f3n de la soberan\u00eda en relaci\u00f3n con la p\u00e9rdida de las grandes corporaciones y el TTIP. El control de inmigrantes es propuesto tanto por la derecha como por la izquierda. Es necesario desarrollar una consistencia en cuanto a la pol\u00edtica extranjera y las sanciones.<\/p>\n<p style=\"text-align: justify;\">Varoufakis est\u00e1 de acuerdo y a\u00f1adi\u00f3 la necesidad de desarrollar solidaridad, como por ejemplo con los trabajadores alemanes, no solo con Grecia. La solidaridad funciona si hay esperanza, y si hay un proyecto unificador. Hay una necesidad de una asamblea constituyente, un nuevo documento. Un proyecto humanista con una agenda econ\u00f3mica, social y humanista. Una posici\u00f3n humanista con relaci\u00f3n a los refugiados. Debemos hacer una distinci\u00f3n entre el mayoritarismo y la democracia. Las mayor\u00edas pueden tener una tendencia hacia posiciones desagradables cuando se pierde la democracia. Cuando los parlamentos se dan cuenta que no tienen poder y pierden el sue\u00f1o de prosperidad compartida, se vuelcan a mirar hacia adentro, y los que se benefician de eso son los racistas, los fan\u00e1ticos y los xen\u00f3fobos.<\/p>\n<p style=\"text-align: justify;\">\u00bfQu\u00e9 es lo que creyeron que suceder\u00eda cuando impusieron al \u201cNemesis\u201d (austeridad forzada) aplastando al pueblo de Grecia? Ellos crearon las condiciones para la mayor\u00eda neonazi, ahogando cualquier humanismo posible. (En respuesta a una pregunta hecha por los asistentes): En cuanto a Putin, \u00e9l era un criminal de guerra mucho antes de Ucrania, pero \u00e9l era el chico de ojos azules de Occidente. \u00c9l aplasta a los dem\u00f3cratas rusos. Cuando la OTAN invadi\u00f3 viejos territorios comunistas en contra de las promesas de que har\u00eda la contrario, le dieron el mejor regalo a Putin en contra de los dem\u00f3cratas rusos. Mi recomendaci\u00f3n: pensar como un dem\u00f3crata ruso.<\/p>\n<p style=\"text-align: justify;\">Un miembro del p\u00fablico hizo una apasionada cr\u00edtica de la democracia brit\u00e1nica, dado que es el primer sistema de postas que le da el poder absoluto a un gobierno elegido por una minor\u00eda. Tambi\u00e9n hab\u00eda una pregunta en relaci\u00f3n con el cambio clim\u00e1tico y la UE.<\/p>\n<p style=\"text-align: justify;\">Lucas respondi\u00f3 que la UE est\u00e1 comprometida en buscar una econom\u00eda circular donde los productos contengan dentro de s\u00ed mismos la capacidad de reciclar, pero que est\u00e1 en desacuerdo con la promoci\u00f3n de una econom\u00eda competitiva y el crecimiento. Ella cree que los Greens necesitan ser capaces de pintar una imagen m\u00e1s positiva de trabajar menos horas y pasar m\u00e1s tiempo con sus seres queridos en lugar de gastar m\u00e1s tiempo en la oficina para comprar m\u00e1s cosas. Ella est\u00e1 muy de acuerdo con la necesidad de un sistema electoral m\u00e1s democr\u00e1tico en el Reino Unido. Los sindicatos y Jeremy Corbyn est\u00e1n ahora m\u00e1s involucrados en la reforma electoral e incluso algunos conservadores est\u00e1n de acuerdo.<\/p>\n<p style=\"text-align: justify;\">Varoufakis coment\u00f3 sobre la muy breve experiencia de la democracia ateniense, en el que los libres y emprendedores controlaban el gobierno, ya que eran la mayor\u00eda. Su forma de ver es que las democracias liberales provienen de la Carta Magna. Es una carta para patrones acerca de c\u00f3mo prevenir que los campesinos y la plebe consigan el poder que se realiza a trav\u00e9s de un sistema de postas. La Europa electoral es a\u00fan peor. Creada como un cartel, sus administradores no tiene inter\u00e9s y tienen un profundo desd\u00e9n por cualquier noci\u00f3n de democracia. As\u00ed que aqu\u00ed tenemos una oportunidad, por medio de crear una nueva constituci\u00f3n para democratizar Bruselas y las naciones-estado. Para hacer esto se necesitar\u00eda una fuerte suma de dinero. As\u00ed que, en lugar de comprar bonos del gobierno alem\u00e1n, ser\u00eda mejor comprar bonos del banco de inversi\u00f3n. Invertir 5 o 6% en nuevas tecnolog\u00edas verdes y acabar con el \u00abdoble s\u00e1ndwich holand\u00e9s-irland\u00e9s\u201d (t\u00e9cnica de evasi\u00f3n fiscal utilizado por las grandes corporaciones).<\/p>\n<p style=\"text-align: justify;\">En este punto, el panel fue invitado a hacer propuestas de c\u00f3mo establecer campa\u00f1as para lograr los objetivos mencionados dentro de los siguientes tres meses.<\/p>\n<p style=\"text-align: justify;\">Varoufakis explic\u00f3 el DiEM25 (Movimiento Democr\u00e1tico en Europa 2025), lanzado en Berl\u00edn el nueve de Febrero, con una agenda para la democratizaci\u00f3n de las instituciones europeas, exigiendo la transparencia inmediata (por ejemplo, reuniones en vivo y la edici\u00f3n de documentos tales como las negociaciones del TTIP) y para reconfigurar la forma en la que la crisis est\u00e1 destruyendo nuestras vidas. Tambi\u00e9n, para hacer frente a la deuda privada y p\u00fablica, los bancos y la baja inversi\u00f3n. La creaci\u00f3n de un banco de lucha contra la pobreza, financiado por las ganancias de los bancos centrales europeos. Y a continuaci\u00f3n, la convocatoria de la Asamblea Constituyente. Este es el plan para10 a\u00f1os de la UE.<\/p>\n<p style=\"text-align: justify;\">Lucas remarc\u00f3 la importancia del DiEM25 para crear una Europa m\u00e1s democr\u00e1tica y responsable. Ella se refiri\u00f3 a la campa\u00f1a del Plan B, la campa\u00f1a de la buena Europa de <em>Compass<\/em> y Otra Europa es posible juntos, dirigi\u00e9ndonos hacia un movimiento de los pueblos europeos. A continuaci\u00f3n, parafrase\u00f3 a Arundhati Roy: \u00abOtra Europa no s\u00f3lo es posible, sino que est\u00e1 en su camino y en un d\u00eda tranquilo puedo o\u00edr su respiraci\u00f3n\u201d.<\/p>\n<p style=\"text-align: justify;\"><img loading=\"lazy\" decoding=\"async\" class=\"alignnone size-large wp-image-283098\" src=\"http:\/\/www.pressenza.com\/wp-content\/uploads\/2016\/02\/image-12-720x540-720x540.jpg\" alt=\"image-12-720x540\" width=\"720\" height=\"540\" srcset=\"https:\/\/www.pressenza.com\/wp-content\/uploads\/2016\/02\/image-12-720x540.jpg 720w, https:\/\/www.pressenza.com\/wp-content\/uploads\/2016\/02\/image-12-720x540-300x225.jpg 300w\" sizes=\"auto, (max-width: 720px) 100vw, 720px\" \/><\/p>\n<p style=\"text-align: justify;\"><em>Traducido al espa\u00f1ol por: Andrea Espinosa<\/em><\/p>\n","protected":false},"excerpt":{"rendered":"<p>\u00bfCu\u00e1l es el futuro de Europa? En una conferencia grupal organizada por Compass (El grupo de reflexi\u00f3n creado en 2003 para discutir la agenda de izquierda) en la LSE (La Escuela de Econom\u00eda y Ciencias Pol\u00edticas de Londres) Yanis Varoufakis,&hellip;<\/p>\n","protected":false},"author":66,"featured_media":281307,"comment_status":"closed","ping_status":"open","sticky":false,"template":"","format":"standard","meta":{"footnotes":""},"categories":[76,11389,78,81,66,74],"tags":[24336,696,23054,24437,15729],"class_list":["post-283081","post","type-post","status-publish","format-standard","has-post-thumbnail","hentry","category-relaciones-exteriores","category-contenido-original","category-medio-ambiente-ecologia","category-economia-es","category-europa-es","category-politica-es","tag-compass","tag-democracia","tag-diem25","tag-ru","tag-yanis-varoufakis"],"yoast_head":"<!-- This site is optimized with the Yoast SEO plugin v27.1.1 - https:\/\/yoast.com\/product\/yoast-seo-wordpress\/ -->\n<title>Varoufakis se une al panel de Compass en Londres<\/title>\n<meta name=\"description\" content=\"\u00bfCu\u00e1l es el futuro de Europa? En una conferencia grupal organizada por Compass (El grupo de reflexi\u00f3n creado en 2003 para discutir la agenda de izquierda)\" \/>\n<meta name=\"robots\" content=\"index, follow, max-snippet:-1, max-image-preview:large, max-video-preview:-1\" \/>\n<link rel=\"canonical\" href=\"https:\/\/www.pressenza.com\/es\/2016\/02\/varoufakis-se-une-al-panel-de-compass-en-londres\/\" \/>\n<meta property=\"og:locale\" content=\"es_ES\" \/>\n<meta property=\"og:type\" content=\"article\" \/>\n<meta property=\"og:title\" content=\"Varoufakis se une al panel de Compass en Londres\" \/>\n<meta property=\"og:description\" content=\"\u00bfCu\u00e1l es el futuro de Europa? En una conferencia grupal organizada por Compass (El grupo de reflexi\u00f3n creado en 2003 para discutir la agenda de izquierda)\" \/>\n<meta property=\"og:url\" content=\"https:\/\/www.pressenza.com\/es\/2016\/02\/varoufakis-se-une-al-panel-de-compass-en-londres\/\" \/>\n<meta property=\"og:site_name\" content=\"Pressenza\" \/>\n<meta property=\"article:publisher\" content=\"https:\/\/www.facebook.com\/PressenzaItalia\" \/>\n<meta property=\"article:author\" content=\"https:\/\/www.facebook.com\/silvia.swinden\" \/>\n<meta property=\"article:published_time\" content=\"2016-02-26T00:45:04+00:00\" \/>\n<meta property=\"article:modified_time\" content=\"2016-04-05T09:07:44+00:00\" \/>\n<meta property=\"og:image\" content=\"https:\/\/www.pressenza.com\/wp-content\/uploads\/2016\/02\/image.jpg\" \/>\n\t<meta property=\"og:image:width\" content=\"2048\" \/>\n\t<meta property=\"og:image:height\" content=\"1536\" \/>\n\t<meta property=\"og:image:type\" content=\"image\/jpeg\" \/>\n<meta name=\"author\" content=\"Silvia Swinden\" \/>\n<meta name=\"twitter:card\" content=\"summary_large_image\" \/>\n<meta name=\"twitter:creator\" content=\"@PressenzaIPA\" \/>\n<meta name=\"twitter:site\" content=\"@PressenzaIPA\" \/>\n<meta name=\"twitter:label1\" content=\"Escrito por\" \/>\n\t<meta name=\"twitter:data1\" content=\"Silvia Swinden\" \/>\n\t<meta name=\"twitter:label2\" content=\"Tiempo de lectura\" \/>\n\t<meta name=\"twitter:data2\" content=\"10 minutos\" \/>\n<script type=\"application\/ld+json\" class=\"yoast-schema-graph\">{\"@context\":\"https:\/\/schema.org\",\"@graph\":[{\"@type\":\"Article\",\"@id\":\"https:\/\/www.pressenza.com\/es\/2016\/02\/varoufakis-se-une-al-panel-de-compass-en-londres\/#article\",\"isPartOf\":{\"@id\":\"https:\/\/www.pressenza.com\/es\/2016\/02\/varoufakis-se-une-al-panel-de-compass-en-londres\/\"},\"author\":{\"name\":\"Silvia Swinden\",\"@id\":\"https:\/\/www.pressenza.com\/es\/#\/schema\/person\/3e897a9ceda3579beea4bb9a93021e17\"},\"headline\":\"Varoufakis se une al panel de Compass en Londres\",\"datePublished\":\"2016-02-26T00:45:04+00:00\",\"dateModified\":\"2016-04-05T09:07:44+00:00\",\"mainEntityOfPage\":{\"@id\":\"https:\/\/www.pressenza.com\/es\/2016\/02\/varoufakis-se-une-al-panel-de-compass-en-londres\/\"},\"wordCount\":2021,\"publisher\":{\"@id\":\"https:\/\/www.pressenza.com\/es\/#organization\"},\"image\":{\"@id\":\"https:\/\/www.pressenza.com\/es\/2016\/02\/varoufakis-se-une-al-panel-de-compass-en-londres\/#primaryimage\"},\"thumbnailUrl\":\"https:\/\/www.pressenza.com\/wp-content\/uploads\/2016\/02\/image.jpg\",\"keywords\":[\"Compass\",\"Democracia\",\"DiEM25\",\"RU\",\"Yanis Varoufakis\"],\"articleSection\":[\"Asuntos internacionales\",\"Contenido Original\",\"Ecolog\u00eda y Medio Ambiente\",\"Econom\u00eda\",\"Europa\",\"Pol\u00edtica\"],\"inLanguage\":\"es\"},{\"@type\":\"WebPage\",\"@id\":\"https:\/\/www.pressenza.com\/es\/2016\/02\/varoufakis-se-une-al-panel-de-compass-en-londres\/\",\"url\":\"https:\/\/www.pressenza.com\/es\/2016\/02\/varoufakis-se-une-al-panel-de-compass-en-londres\/\",\"name\":\"Varoufakis se une al panel de Compass en Londres\",\"isPartOf\":{\"@id\":\"https:\/\/www.pressenza.com\/es\/#website\"},\"primaryImageOfPage\":{\"@id\":\"https:\/\/www.pressenza.com\/es\/2016\/02\/varoufakis-se-une-al-panel-de-compass-en-londres\/#primaryimage\"},\"image\":{\"@id\":\"https:\/\/www.pressenza.com\/es\/2016\/02\/varoufakis-se-une-al-panel-de-compass-en-londres\/#primaryimage\"},\"thumbnailUrl\":\"https:\/\/www.pressenza.com\/wp-content\/uploads\/2016\/02\/image.jpg\",\"datePublished\":\"2016-02-26T00:45:04+00:00\",\"dateModified\":\"2016-04-05T09:07:44+00:00\",\"description\":\"\u00bfCu\u00e1l es el futuro de Europa? En una conferencia grupal organizada por Compass (El grupo de reflexi\u00f3n creado en 2003 para discutir la agenda de izquierda)\",\"breadcrumb\":{\"@id\":\"https:\/\/www.pressenza.com\/es\/2016\/02\/varoufakis-se-une-al-panel-de-compass-en-londres\/#breadcrumb\"},\"inLanguage\":\"es\",\"potentialAction\":[{\"@type\":\"ReadAction\",\"target\":[\"https:\/\/www.pressenza.com\/es\/2016\/02\/varoufakis-se-une-al-panel-de-compass-en-londres\/\"]}]},{\"@type\":\"ImageObject\",\"inLanguage\":\"es\",\"@id\":\"https:\/\/www.pressenza.com\/es\/2016\/02\/varoufakis-se-une-al-panel-de-compass-en-londres\/#primaryimage\",\"url\":\"https:\/\/www.pressenza.com\/wp-content\/uploads\/2016\/02\/image.jpg\",\"contentUrl\":\"https:\/\/www.pressenza.com\/wp-content\/uploads\/2016\/02\/image.jpg\",\"width\":2048,\"height\":1536},{\"@type\":\"BreadcrumbList\",\"@id\":\"https:\/\/www.pressenza.com\/es\/2016\/02\/varoufakis-se-une-al-panel-de-compass-en-londres\/#breadcrumb\",\"itemListElement\":[{\"@type\":\"ListItem\",\"position\":1,\"name\":\"Accueil\",\"item\":\"https:\/\/www.pressenza.com\/es\/\"},{\"@type\":\"ListItem\",\"position\":2,\"name\":\"Varoufakis se une al panel de Compass en Londres\"}]},{\"@type\":\"WebSite\",\"@id\":\"https:\/\/www.pressenza.com\/es\/#website\",\"url\":\"https:\/\/www.pressenza.com\/es\/\",\"name\":\"Pressenza\",\"description\":\"International Press Agency\",\"publisher\":{\"@id\":\"https:\/\/www.pressenza.com\/es\/#organization\"},\"potentialAction\":[{\"@type\":\"SearchAction\",\"target\":{\"@type\":\"EntryPoint\",\"urlTemplate\":\"https:\/\/www.pressenza.com\/es\/?s={search_term_string}\"},\"query-input\":{\"@type\":\"PropertyValueSpecification\",\"valueRequired\":true,\"valueName\":\"search_term_string\"}}],\"inLanguage\":\"es\"},{\"@type\":\"Organization\",\"@id\":\"https:\/\/www.pressenza.com\/es\/#organization\",\"name\":\"Pressenza\",\"url\":\"https:\/\/www.pressenza.com\/es\/\",\"logo\":{\"@type\":\"ImageObject\",\"inLanguage\":\"es\",\"@id\":\"https:\/\/www.pressenza.com\/es\/#\/schema\/logo\/image\/\",\"url\":\"https:\/\/www.pressenza.com\/wp-content\/uploads\/2022\/10\/pressenza_logo_200x200.jpg\",\"contentUrl\":\"https:\/\/www.pressenza.com\/wp-content\/uploads\/2022\/10\/pressenza_logo_200x200.jpg\",\"width\":200,\"height\":200,\"caption\":\"Pressenza\"},\"image\":{\"@id\":\"https:\/\/www.pressenza.com\/es\/#\/schema\/logo\/image\/\"},\"sameAs\":[\"https:\/\/www.facebook.com\/PressenzaItalia\",\"https:\/\/x.com\/PressenzaIPA\"]},{\"@type\":\"Person\",\"@id\":\"https:\/\/www.pressenza.com\/es\/#\/schema\/person\/3e897a9ceda3579beea4bb9a93021e17\",\"name\":\"Silvia Swinden\",\"description\":\"Silvia Swinden - Author of \u201cFrom Monkey Sapiens to Homo Intentional: The Phenomenology of the Nonviolent Revolution\u201d \u2013 Adonis &amp; Abbey, London 2006. Pressenza London Editor\",\"sameAs\":[\"https:\/\/www.facebook.com\/silvia.swinden\"],\"url\":\"https:\/\/www.pressenza.com\/es\/author\/silvia-swinden\/\"}]}<\/script>\n<!-- \/ Yoast SEO plugin. -->","yoast_head_json":{"title":"Varoufakis se une al panel de Compass en Londres","description":"\u00bfCu\u00e1l es el futuro de Europa? En una conferencia grupal organizada por Compass (El grupo de reflexi\u00f3n creado en 2003 para discutir la agenda de izquierda)","robots":{"index":"index","follow":"follow","max-snippet":"max-snippet:-1","max-image-preview":"max-image-preview:large","max-video-preview":"max-video-preview:-1"},"canonical":"https:\/\/www.pressenza.com\/es\/2016\/02\/varoufakis-se-une-al-panel-de-compass-en-londres\/","og_locale":"es_ES","og_type":"article","og_title":"Varoufakis se une al panel de Compass en Londres","og_description":"\u00bfCu\u00e1l es el futuro de Europa? En una conferencia grupal organizada por Compass (El grupo de reflexi\u00f3n creado en 2003 para discutir la agenda de izquierda)","og_url":"https:\/\/www.pressenza.com\/es\/2016\/02\/varoufakis-se-une-al-panel-de-compass-en-londres\/","og_site_name":"Pressenza","article_publisher":"https:\/\/www.facebook.com\/PressenzaItalia","article_author":"https:\/\/www.facebook.com\/silvia.swinden","article_published_time":"2016-02-26T00:45:04+00:00","article_modified_time":"2016-04-05T09:07:44+00:00","og_image":[{"width":2048,"height":1536,"url":"https:\/\/www.pressenza.com\/wp-content\/uploads\/2016\/02\/image.jpg","type":"image\/jpeg"}],"author":"Silvia Swinden","twitter_card":"summary_large_image","twitter_creator":"@PressenzaIPA","twitter_site":"@PressenzaIPA","twitter_misc":{"Escrito por":"Silvia Swinden","Tiempo de lectura":"10 minutos"},"schema":{"@context":"https:\/\/schema.org","@graph":[{"@type":"Article","@id":"https:\/\/www.pressenza.com\/es\/2016\/02\/varoufakis-se-une-al-panel-de-compass-en-londres\/#article","isPartOf":{"@id":"https:\/\/www.pressenza.com\/es\/2016\/02\/varoufakis-se-une-al-panel-de-compass-en-londres\/"},"author":{"name":"Silvia Swinden","@id":"https:\/\/www.pressenza.com\/es\/#\/schema\/person\/3e897a9ceda3579beea4bb9a93021e17"},"headline":"Varoufakis se une al panel de Compass en Londres","datePublished":"2016-02-26T00:45:04+00:00","dateModified":"2016-04-05T09:07:44+00:00","mainEntityOfPage":{"@id":"https:\/\/www.pressenza.com\/es\/2016\/02\/varoufakis-se-une-al-panel-de-compass-en-londres\/"},"wordCount":2021,"publisher":{"@id":"https:\/\/www.pressenza.com\/es\/#organization"},"image":{"@id":"https:\/\/www.pressenza.com\/es\/2016\/02\/varoufakis-se-une-al-panel-de-compass-en-londres\/#primaryimage"},"thumbnailUrl":"https:\/\/www.pressenza.com\/wp-content\/uploads\/2016\/02\/image.jpg","keywords":["Compass","Democracia","DiEM25","RU","Yanis Varoufakis"],"articleSection":["Asuntos internacionales","Contenido Original","Ecolog\u00eda y Medio Ambiente","Econom\u00eda","Europa","Pol\u00edtica"],"inLanguage":"es"},{"@type":"WebPage","@id":"https:\/\/www.pressenza.com\/es\/2016\/02\/varoufakis-se-une-al-panel-de-compass-en-londres\/","url":"https:\/\/www.pressenza.com\/es\/2016\/02\/varoufakis-se-une-al-panel-de-compass-en-londres\/","name":"Varoufakis se une al panel de Compass en Londres","isPartOf":{"@id":"https:\/\/www.pressenza.com\/es\/#website"},"primaryImageOfPage":{"@id":"https:\/\/www.pressenza.com\/es\/2016\/02\/varoufakis-se-une-al-panel-de-compass-en-londres\/#primaryimage"},"image":{"@id":"https:\/\/www.pressenza.com\/es\/2016\/02\/varoufakis-se-une-al-panel-de-compass-en-londres\/#primaryimage"},"thumbnailUrl":"https:\/\/www.pressenza.com\/wp-content\/uploads\/2016\/02\/image.jpg","datePublished":"2016-02-26T00:45:04+00:00","dateModified":"2016-04-05T09:07:44+00:00","description":"\u00bfCu\u00e1l es el futuro de Europa? En una conferencia grupal organizada por Compass (El grupo de reflexi\u00f3n creado en 2003 para discutir la agenda de izquierda)","breadcrumb":{"@id":"https:\/\/www.pressenza.com\/es\/2016\/02\/varoufakis-se-une-al-panel-de-compass-en-londres\/#breadcrumb"},"inLanguage":"es","potentialAction":[{"@type":"ReadAction","target":["https:\/\/www.pressenza.com\/es\/2016\/02\/varoufakis-se-une-al-panel-de-compass-en-londres\/"]}]},{"@type":"ImageObject","inLanguage":"es","@id":"https:\/\/www.pressenza.com\/es\/2016\/02\/varoufakis-se-une-al-panel-de-compass-en-londres\/#primaryimage","url":"https:\/\/www.pressenza.com\/wp-content\/uploads\/2016\/02\/image.jpg","contentUrl":"https:\/\/www.pressenza.com\/wp-content\/uploads\/2016\/02\/image.jpg","width":2048,"height":1536},{"@type":"BreadcrumbList","@id":"https:\/\/www.pressenza.com\/es\/2016\/02\/varoufakis-se-une-al-panel-de-compass-en-londres\/#breadcrumb","itemListElement":[{"@type":"ListItem","position":1,"name":"Accueil","item":"https:\/\/www.pressenza.com\/es\/"},{"@type":"ListItem","position":2,"name":"Varoufakis se une al panel de Compass en Londres"}]},{"@type":"WebSite","@id":"https:\/\/www.pressenza.com\/es\/#website","url":"https:\/\/www.pressenza.com\/es\/","name":"Pressenza","description":"International Press Agency","publisher":{"@id":"https:\/\/www.pressenza.com\/es\/#organization"},"potentialAction":[{"@type":"SearchAction","target":{"@type":"EntryPoint","urlTemplate":"https:\/\/www.pressenza.com\/es\/?s={search_term_string}"},"query-input":{"@type":"PropertyValueSpecification","valueRequired":true,"valueName":"search_term_string"}}],"inLanguage":"es"},{"@type":"Organization","@id":"https:\/\/www.pressenza.com\/es\/#organization","name":"Pressenza","url":"https:\/\/www.pressenza.com\/es\/","logo":{"@type":"ImageObject","inLanguage":"es","@id":"https:\/\/www.pressenza.com\/es\/#\/schema\/logo\/image\/","url":"https:\/\/www.pressenza.com\/wp-content\/uploads\/2022\/10\/pressenza_logo_200x200.jpg","contentUrl":"https:\/\/www.pressenza.com\/wp-content\/uploads\/2022\/10\/pressenza_logo_200x200.jpg","width":200,"height":200,"caption":"Pressenza"},"image":{"@id":"https:\/\/www.pressenza.com\/es\/#\/schema\/logo\/image\/"},"sameAs":["https:\/\/www.facebook.com\/PressenzaItalia","https:\/\/x.com\/PressenzaIPA"]},{"@type":"Person","@id":"https:\/\/www.pressenza.com\/es\/#\/schema\/person\/3e897a9ceda3579beea4bb9a93021e17","name":"Silvia Swinden","description":"Silvia Swinden - Author of \u201cFrom Monkey Sapiens to Homo Intentional: The Phenomenology of the Nonviolent Revolution\u201d \u2013 Adonis &amp; Abbey, London 2006. Pressenza London Editor","sameAs":["https:\/\/www.facebook.com\/silvia.swinden"],"url":"https:\/\/www.pressenza.com\/es\/author\/silvia-swinden\/"}]}},"place":"Londres, Reino Unido.","original_article_url":"","_links":{"self":[{"href":"https:\/\/www.pressenza.com\/es\/wp-json\/wp\/v2\/posts\/283081","targetHints":{"allow":["GET"]}}],"collection":[{"href":"https:\/\/www.pressenza.com\/es\/wp-json\/wp\/v2\/posts"}],"about":[{"href":"https:\/\/www.pressenza.com\/es\/wp-json\/wp\/v2\/types\/post"}],"author":[{"embeddable":true,"href":"https:\/\/www.pressenza.com\/es\/wp-json\/wp\/v2\/users\/66"}],"replies":[{"embeddable":true,"href":"https:\/\/www.pressenza.com\/es\/wp-json\/wp\/v2\/comments?post=283081"}],"version-history":[{"count":0,"href":"https:\/\/www.pressenza.com\/es\/wp-json\/wp\/v2\/posts\/283081\/revisions"}],"wp:featuredmedia":[{"embeddable":true,"href":"https:\/\/www.pressenza.com\/es\/wp-json\/wp\/v2\/media\/281307"}],"wp:attachment":[{"href":"https:\/\/www.pressenza.com\/es\/wp-json\/wp\/v2\/media?parent=283081"}],"wp:term":[{"taxonomy":"category","embeddable":true,"href":"https:\/\/www.pressenza.com\/es\/wp-json\/wp\/v2\/categories?post=283081"},{"taxonomy":"post_tag","embeddable":true,"href":"https:\/\/www.pressenza.com\/es\/wp-json\/wp\/v2\/tags?post=283081"}],"curies":[{"name":"wp","href":"https:\/\/api.w.org\/{rel}","templated":true}]}}