{"id":282832,"date":"2016-02-25T22:18:26","date_gmt":"2016-02-25T22:18:26","guid":{"rendered":"http:\/\/www.pressenza.com\/es\/?p=282832"},"modified":"2016-02-25T22:18:26","modified_gmt":"2016-02-25T22:18:26","slug":"282832","status":"publish","type":"post","link":"https:\/\/www.pressenza.com\/es\/2016\/02\/282832\/","title":{"rendered":"Se presentan &#8217;12 propuestas ecosociales&#8217; ante el parlamento espa\u00f1ol"},"content":{"rendered":"<p>Un grupo de organizaciones sociales de\u00a0diferentes \u00e1mbitos (de la educaci\u00f3n, sanidad, del mundo rural, ecologistas,\u00a0feministas, altermundistas, animalistas, proalternativas energ\u00e9ticas, por las\u00a0libertades sociales, etc.) han presentado en\u00a0el Congreso de los Diputados de Espa\u00f1a 12\u00a0propuestas ecosociales que consideran irrenunciables para que sean recogidas\u00a0por los diferentes partidos en sus pactos de investidura o gobierno.<\/p>\n<p>Hablamos\u00a0de propuestas ecosociales porque no se puede conseguir la justicia social si a\u00a0la vez no se es coherente con la sostenibilidad ambiental. Porque no se pueden\u00a0plantear pol\u00edticas de crecimiento que se olviden de los l\u00edmites\u00a0f\u00edsicos de\u00a0nuestro territorio, de nuestro planeta, o que sigan ignorando procesos tan\u00a0graves como el cambio clim\u00e1tico.<\/p>\n<p>Estas <a href=\"http:\/\/www.ecologistasenaccion.org\/IMG\/pdf\/12-ecosociales.pdf\" target=\"_blank\"><b>12 propuestas ecosociales<\/b><\/a>\u00a0son las\u00a0siguientes:<\/p>\n<p><b>1.\u00a0Derogaci\u00f3n de la LOMCE\u00a0<\/b>y de los Decretos de Universidad.\u00a0Por nuevas leyes educativas desde la participaci\u00f3n social.<\/p>\n<p><b>2.\u00a0Ley contra la violencia machista, <\/b>que incluya\u00a0tanto la que ejerce la pareja y ex pareja como las agresiones sexuales y la\u00a0trata con fines de explotaci\u00f3n sexual; que garantice la asistencia y reparaci\u00f3n\u00a0de todas las mujeres que lo\u00a0requieran independientemente de su situaci\u00f3n\u00a0administrativa, sin que la denuncia sea prerrequisito para el acceso a los\u00a0recursos, y que vaya acompa\u00f1ada de pol\u00edticas de equidad en todos los \u00e1mbitos.<\/p>\n<p><b>3.\u00a0Crear una Vicepresidencia de Sostenibilidad y un Ministerio de Medio\u00a0Ambiente\u00a0<\/b>que coordinen las diferentes pol\u00edticas\u00a0sectoriales con implicaciones ambientales. Revisi\u00f3n de la normativa ambiental\u00a0aprobada durante la \u00faltima\u00a0legislatura.<\/p>\n<p><b>4.\u00a0Sanidad 100% p\u00fablica, universal y de calidad,\u00a0<\/b>donde todas las personas tengan los mismos derechos y la salud se contemple de\u00a0forma transversal a todas las pol\u00edticas. Derogaci\u00f3n del RDL 16\/2012 y de todas\u00a0las normas que\u00a0permiten las privatizaciones en sanidad. Apuesta por una pol\u00edtica\u00a0sanitaria participativa, recuperaci\u00f3n de todos los puestos de trabajo eliminados\u00a0y de la financiaci\u00f3n \u201crobada\u201d.<\/p>\n<p><b>5.\u00a0<\/b>Adoptar decisiones pol\u00edticas\u00a0concretas y urgentes que reduzcan dr\u00e1sticamente la\u00a0<b>desigualdad, pobreza, exclusi\u00f3n social y privaci\u00f3n material.\u00a0<\/b>Vivienda social y fin a los desahucios.<\/p>\n<p><b>6.\u00a0Derogaci\u00f3n de la Ley Mordaza<\/b>\u00a0(L.O. de\u00a0Protecci\u00f3n de la Seguridad Ciudadana) y de las reformas regresivas del C\u00f3digo\u00a0Penal y de la Ley de Enjuiciamiento Criminal. Pacto de Estado para defender\u00a0nuestras libertades y amnist\u00eda a\u00a0las personas sancionadas por defender los\u00a0Derechos Humanos.<\/p>\n<p><b>7.\u00a0<\/b>Aplicaci\u00f3n en Espa\u00f1a de <b>un\u00a0impuesto a las transacciones financieras,\u00a0<\/b>que recaude fondos para afrontar las consecuencias de las pol\u00edticas\u00a0austericidas, que disuada de la especulaci\u00f3n financiera y sirva para avanzar en\u00a0la\u00a0erradicaci\u00f3n de los para\u00edsos fiscales. Creaci\u00f3n de una banca p\u00fablica sobre\u00a0la base de las entidades nacionalizadas, empezando por Bankia, con la que\u00a0desarrollar unas pol\u00edticas econ\u00f3micas radicalmente opuestas a las actuales<\/p>\n<p><b>8.\u00a0Puesta en marcha de una transici\u00f3n energ\u00e9tica\u00a0<\/b>que elimine progresivamente los combustibles f\u00f3siles y la energ\u00eda nuclear hacia\u00a0un modelo basado en el ahorro, la eficiencia y las energ\u00edas renovables, y que\u00a0considere la energ\u00eda\u00a0como un derecho social b\u00e1sico.<\/p>\n<p><b>9.\u00a0<\/b>Promover un modelo de\u00a0<b>agricultura y alimentaci\u00f3n sostenible<\/b>\u00a0mediante el fomento de la\u00a0producci\u00f3n y consumo de alimentos locales y campesinos a trav\u00e9s de la compra\u00a0p\u00fablica en servicios p\u00fablicos, el impulso de la producci\u00f3n\u00a0ecol\u00f3gica para\u00a0alcanzar en 2020 el 30% de la superficie agraria \u00fatil y la prohibici\u00f3n de los\u00a0cultivos transg\u00e9nicos, al amparo de la nueva legislaci\u00f3n europea.<\/p>\n<p><b>10.\u00a0Derogar las reformas\u00a0laborales<\/b>\u00a0que han permitido la p\u00e9rdida de derechos\u00a0laborales y una precarizaci\u00f3n de las personas trabajadoras.<\/p>\n<p><b>11.\u00a0<\/b>Confecci\u00f3n de una ley estatal cuyo objeto sea la\u00a0<b>defensa de los animales\u00a0<\/b>de manera compartida con las entidades\u00a0sociales que trabajan en este \u00e1mbito. Derogaci\u00f3n de la ley de Tauromaquia y\u00a0eliminaci\u00f3n de espect\u00e1culos de\u00a0especial crueldad, como los de Tordesillas,\u00a0Coria o Medinaceli.<\/p>\n<p><b>12.<\/b>\u00a0<b>Oposici\u00f3n a los tratados de\u00a0libre comercio e inversi\u00f3n\u00a0<\/b>(TTIP, CETA y TiSA) y el\u00a0establecimiento de normas internacionales de comercio vinculantes que respeten\u00a0los derechos humanos y los l\u00edmites del planeta, promoviendo la\u00a0cooperaci\u00f3n de\u00a0los pueblos.<\/p>\n","protected":false},"excerpt":{"rendered":"<p>Un grupo de organizaciones sociales de\u00a0diferentes \u00e1mbitos (de la educaci\u00f3n, sanidad, del mundo rural, ecologistas,\u00a0feministas, altermundistas, animalistas, proalternativas energ\u00e9ticas, por las\u00a0libertades sociales, etc.) han presentado en\u00a0el Congreso de los Diputados de Espa\u00f1a 12\u00a0propuestas ecosociales que consideran irrenunciables para que sean&hellip;<\/p>\n","protected":false},"author":94,"featured_media":282844,"comment_status":"closed","ping_status":"open","sticky":false,"template":"","format":"standard","meta":{"footnotes":""},"categories":[149,79,78,66,63],"tags":[7344,441,393,1065,3566,645,11325,11303,12937,1594],"class_list":["post-282832","post","type-post","status-publish","format-standard","has-post-thumbnail","hentry","category-comunicados-de-prensa","category-derechos-humanos","category-medio-ambiente-ecologia","category-europa-es","category-region-es","tag-ceta","tag-derechos-humanos","tag-educacion","tag-espana","tag-justicia-social","tag-libertad-de-expresion","tag-sanidad-publica","tag-tisa","tag-ttip-es","tag-violencia-machista"],"yoast_head":"<!-- This site is optimized with the Yoast SEO plugin v27.1.1 - https:\/\/yoast.com\/product\/yoast-seo-wordpress\/ -->\n<title>Se presentan &#039;12 propuestas ecosociales&#039; ante el parlamento espa\u00f1ol<\/title>\n<meta name=\"description\" content=\"Un grupo de organizaciones sociales de\u00a0diferentes \u00e1mbitos (de la educaci\u00f3n, sanidad, del mundo rural, ecologistas,\u00a0feministas, altermundistas,\" \/>\n<meta name=\"robots\" content=\"index, follow, max-snippet:-1, max-image-preview:large, max-video-preview:-1\" \/>\n<link rel=\"canonical\" href=\"https:\/\/www.pressenza.com\/es\/2016\/02\/282832\/\" \/>\n<meta property=\"og:locale\" content=\"es_ES\" \/>\n<meta property=\"og:type\" content=\"article\" \/>\n<meta property=\"og:title\" content=\"Se presentan &#039;12 propuestas ecosociales&#039; ante el parlamento espa\u00f1ol\" \/>\n<meta property=\"og:description\" content=\"Un grupo de organizaciones sociales de\u00a0diferentes \u00e1mbitos (de la educaci\u00f3n, sanidad, del mundo rural, ecologistas,\u00a0feministas, altermundistas,\" \/>\n<meta property=\"og:url\" content=\"https:\/\/www.pressenza.com\/es\/2016\/02\/282832\/\" \/>\n<meta property=\"og:site_name\" content=\"Pressenza\" \/>\n<meta property=\"article:publisher\" content=\"https:\/\/www.facebook.com\/PressenzaItalia\" \/>\n<meta property=\"article:author\" content=\"https:\/\/www.facebook.com\/pressenza\" \/>\n<meta property=\"article:published_time\" content=\"2016-02-25T22:18:26+00:00\" \/>\n<meta property=\"og:image\" content=\"https:\/\/www.pressenza.com\/wp-content\/uploads\/2016\/02\/12ecosociales.jpg\" \/>\n\t<meta property=\"og:image:width\" content=\"760\" \/>\n\t<meta property=\"og:image:height\" content=\"328\" \/>\n\t<meta property=\"og:image:type\" content=\"image\/jpeg\" \/>\n<meta name=\"author\" content=\"Redacci\u00f3n Madrid\" \/>\n<meta name=\"twitter:card\" content=\"summary_large_image\" \/>\n<meta name=\"twitter:creator\" content=\"@pressenza\" \/>\n<meta name=\"twitter:site\" content=\"@PressenzaIPA\" \/>\n<meta name=\"twitter:label1\" content=\"Escrito por\" \/>\n\t<meta name=\"twitter:data1\" content=\"Redacci\u00f3n Madrid\" \/>\n\t<meta name=\"twitter:label2\" content=\"Tiempo de lectura\" \/>\n\t<meta name=\"twitter:data2\" content=\"3 minutos\" \/>\n<script type=\"application\/ld+json\" class=\"yoast-schema-graph\">{\"@context\":\"https:\/\/schema.org\",\"@graph\":[{\"@type\":\"Article\",\"@id\":\"https:\/\/www.pressenza.com\/es\/2016\/02\/282832\/#article\",\"isPartOf\":{\"@id\":\"https:\/\/www.pressenza.com\/es\/2016\/02\/282832\/\"},\"author\":{\"name\":\"Redacci\u00f3n Madrid\",\"@id\":\"https:\/\/www.pressenza.com\/es\/#\/schema\/person\/828fc40eeca2ad7be3630e5a46adba94\"},\"headline\":\"Se presentan &#8217;12 propuestas ecosociales&#8217; ante el parlamento espa\u00f1ol\",\"datePublished\":\"2016-02-25T22:18:26+00:00\",\"mainEntityOfPage\":{\"@id\":\"https:\/\/www.pressenza.com\/es\/2016\/02\/282832\/\"},\"wordCount\":707,\"publisher\":{\"@id\":\"https:\/\/www.pressenza.com\/es\/#organization\"},\"image\":{\"@id\":\"https:\/\/www.pressenza.com\/es\/2016\/02\/282832\/#primaryimage\"},\"thumbnailUrl\":\"https:\/\/www.pressenza.com\/wp-content\/uploads\/2016\/02\/12ecosociales.jpg\",\"keywords\":[\"CETA\",\"Derechos humanos\",\"Educaci\u00f3n\",\"Espa\u00f1a\",\"Justicia Social\",\"Libertad de expresi\u00f3n\",\"Sanidad P\u00fablica\",\"TISA\",\"TTIP\",\"violencia machista\"],\"articleSection\":[\"Comunicados de Prensa\",\"Derechos Humanos\",\"Ecolog\u00eda y Medio Ambiente\",\"Europa\",\"Regi\u00f3n\"],\"inLanguage\":\"es\"},{\"@type\":\"WebPage\",\"@id\":\"https:\/\/www.pressenza.com\/es\/2016\/02\/282832\/\",\"url\":\"https:\/\/www.pressenza.com\/es\/2016\/02\/282832\/\",\"name\":\"Se presentan '12 propuestas ecosociales' ante el parlamento espa\u00f1ol\",\"isPartOf\":{\"@id\":\"https:\/\/www.pressenza.com\/es\/#website\"},\"primaryImageOfPage\":{\"@id\":\"https:\/\/www.pressenza.com\/es\/2016\/02\/282832\/#primaryimage\"},\"image\":{\"@id\":\"https:\/\/www.pressenza.com\/es\/2016\/02\/282832\/#primaryimage\"},\"thumbnailUrl\":\"https:\/\/www.pressenza.com\/wp-content\/uploads\/2016\/02\/12ecosociales.jpg\",\"datePublished\":\"2016-02-25T22:18:26+00:00\",\"description\":\"Un grupo de organizaciones sociales de\u00a0diferentes \u00e1mbitos (de la educaci\u00f3n, sanidad, del mundo rural, ecologistas,\u00a0feministas, altermundistas,\",\"breadcrumb\":{\"@id\":\"https:\/\/www.pressenza.com\/es\/2016\/02\/282832\/#breadcrumb\"},\"inLanguage\":\"es\",\"potentialAction\":[{\"@type\":\"ReadAction\",\"target\":[\"https:\/\/www.pressenza.com\/es\/2016\/02\/282832\/\"]}]},{\"@type\":\"ImageObject\",\"inLanguage\":\"es\",\"@id\":\"https:\/\/www.pressenza.com\/es\/2016\/02\/282832\/#primaryimage\",\"url\":\"https:\/\/www.pressenza.com\/wp-content\/uploads\/2016\/02\/12ecosociales.jpg\",\"contentUrl\":\"https:\/\/www.pressenza.com\/wp-content\/uploads\/2016\/02\/12ecosociales.jpg\",\"width\":760,\"height\":328},{\"@type\":\"BreadcrumbList\",\"@id\":\"https:\/\/www.pressenza.com\/es\/2016\/02\/282832\/#breadcrumb\",\"itemListElement\":[{\"@type\":\"ListItem\",\"position\":1,\"name\":\"Accueil\",\"item\":\"https:\/\/www.pressenza.com\/es\/\"},{\"@type\":\"ListItem\",\"position\":2,\"name\":\"Se presentan &#8217;12 propuestas ecosociales&#8217; ante el parlamento espa\u00f1ol\"}]},{\"@type\":\"WebSite\",\"@id\":\"https:\/\/www.pressenza.com\/es\/#website\",\"url\":\"https:\/\/www.pressenza.com\/es\/\",\"name\":\"Pressenza\",\"description\":\"International Press Agency\",\"publisher\":{\"@id\":\"https:\/\/www.pressenza.com\/es\/#organization\"},\"potentialAction\":[{\"@type\":\"SearchAction\",\"target\":{\"@type\":\"EntryPoint\",\"urlTemplate\":\"https:\/\/www.pressenza.com\/es\/?s={search_term_string}\"},\"query-input\":{\"@type\":\"PropertyValueSpecification\",\"valueRequired\":true,\"valueName\":\"search_term_string\"}}],\"inLanguage\":\"es\"},{\"@type\":\"Organization\",\"@id\":\"https:\/\/www.pressenza.com\/es\/#organization\",\"name\":\"Pressenza\",\"url\":\"https:\/\/www.pressenza.com\/es\/\",\"logo\":{\"@type\":\"ImageObject\",\"inLanguage\":\"es\",\"@id\":\"https:\/\/www.pressenza.com\/es\/#\/schema\/logo\/image\/\",\"url\":\"https:\/\/www.pressenza.com\/wp-content\/uploads\/2022\/10\/pressenza_logo_200x200.jpg\",\"contentUrl\":\"https:\/\/www.pressenza.com\/wp-content\/uploads\/2022\/10\/pressenza_logo_200x200.jpg\",\"width\":200,\"height\":200,\"caption\":\"Pressenza\"},\"image\":{\"@id\":\"https:\/\/www.pressenza.com\/es\/#\/schema\/logo\/image\/\"},\"sameAs\":[\"https:\/\/www.facebook.com\/PressenzaItalia\",\"https:\/\/x.com\/PressenzaIPA\"]},{\"@type\":\"Person\",\"@id\":\"https:\/\/www.pressenza.com\/es\/#\/schema\/person\/828fc40eeca2ad7be3630e5a46adba94\",\"name\":\"Redacci\u00f3n Madrid\",\"description\":\"News from the Pressenza Bureau in Madrid, Spain\",\"sameAs\":[\"https:\/\/www.facebook.com\/pressenza\",\"https:\/\/x.com\/pressenza\"],\"url\":\"https:\/\/www.pressenza.com\/es\/author\/redaccion-madrid\/\"}]}<\/script>\n<!-- \/ Yoast SEO plugin. -->","yoast_head_json":{"title":"Se presentan '12 propuestas ecosociales' ante el parlamento espa\u00f1ol","description":"Un grupo de organizaciones sociales de\u00a0diferentes \u00e1mbitos (de la educaci\u00f3n, sanidad, del mundo rural, ecologistas,\u00a0feministas, altermundistas,","robots":{"index":"index","follow":"follow","max-snippet":"max-snippet:-1","max-image-preview":"max-image-preview:large","max-video-preview":"max-video-preview:-1"},"canonical":"https:\/\/www.pressenza.com\/es\/2016\/02\/282832\/","og_locale":"es_ES","og_type":"article","og_title":"Se presentan '12 propuestas ecosociales' ante el parlamento espa\u00f1ol","og_description":"Un grupo de organizaciones sociales de\u00a0diferentes \u00e1mbitos (de la educaci\u00f3n, sanidad, del mundo rural, ecologistas,\u00a0feministas, altermundistas,","og_url":"https:\/\/www.pressenza.com\/es\/2016\/02\/282832\/","og_site_name":"Pressenza","article_publisher":"https:\/\/www.facebook.com\/PressenzaItalia","article_author":"https:\/\/www.facebook.com\/pressenza","article_published_time":"2016-02-25T22:18:26+00:00","og_image":[{"width":760,"height":328,"url":"https:\/\/www.pressenza.com\/wp-content\/uploads\/2016\/02\/12ecosociales.jpg","type":"image\/jpeg"}],"author":"Redacci\u00f3n Madrid","twitter_card":"summary_large_image","twitter_creator":"@pressenza","twitter_site":"@PressenzaIPA","twitter_misc":{"Escrito por":"Redacci\u00f3n Madrid","Tiempo de lectura":"3 minutos"},"schema":{"@context":"https:\/\/schema.org","@graph":[{"@type":"Article","@id":"https:\/\/www.pressenza.com\/es\/2016\/02\/282832\/#article","isPartOf":{"@id":"https:\/\/www.pressenza.com\/es\/2016\/02\/282832\/"},"author":{"name":"Redacci\u00f3n Madrid","@id":"https:\/\/www.pressenza.com\/es\/#\/schema\/person\/828fc40eeca2ad7be3630e5a46adba94"},"headline":"Se presentan &#8217;12 propuestas ecosociales&#8217; ante el parlamento espa\u00f1ol","datePublished":"2016-02-25T22:18:26+00:00","mainEntityOfPage":{"@id":"https:\/\/www.pressenza.com\/es\/2016\/02\/282832\/"},"wordCount":707,"publisher":{"@id":"https:\/\/www.pressenza.com\/es\/#organization"},"image":{"@id":"https:\/\/www.pressenza.com\/es\/2016\/02\/282832\/#primaryimage"},"thumbnailUrl":"https:\/\/www.pressenza.com\/wp-content\/uploads\/2016\/02\/12ecosociales.jpg","keywords":["CETA","Derechos humanos","Educaci\u00f3n","Espa\u00f1a","Justicia Social","Libertad de expresi\u00f3n","Sanidad P\u00fablica","TISA","TTIP","violencia machista"],"articleSection":["Comunicados de Prensa","Derechos Humanos","Ecolog\u00eda y Medio Ambiente","Europa","Regi\u00f3n"],"inLanguage":"es"},{"@type":"WebPage","@id":"https:\/\/www.pressenza.com\/es\/2016\/02\/282832\/","url":"https:\/\/www.pressenza.com\/es\/2016\/02\/282832\/","name":"Se presentan '12 propuestas ecosociales' ante el parlamento espa\u00f1ol","isPartOf":{"@id":"https:\/\/www.pressenza.com\/es\/#website"},"primaryImageOfPage":{"@id":"https:\/\/www.pressenza.com\/es\/2016\/02\/282832\/#primaryimage"},"image":{"@id":"https:\/\/www.pressenza.com\/es\/2016\/02\/282832\/#primaryimage"},"thumbnailUrl":"https:\/\/www.pressenza.com\/wp-content\/uploads\/2016\/02\/12ecosociales.jpg","datePublished":"2016-02-25T22:18:26+00:00","description":"Un grupo de organizaciones sociales de\u00a0diferentes \u00e1mbitos (de la educaci\u00f3n, sanidad, del mundo rural, ecologistas,\u00a0feministas, altermundistas,","breadcrumb":{"@id":"https:\/\/www.pressenza.com\/es\/2016\/02\/282832\/#breadcrumb"},"inLanguage":"es","potentialAction":[{"@type":"ReadAction","target":["https:\/\/www.pressenza.com\/es\/2016\/02\/282832\/"]}]},{"@type":"ImageObject","inLanguage":"es","@id":"https:\/\/www.pressenza.com\/es\/2016\/02\/282832\/#primaryimage","url":"https:\/\/www.pressenza.com\/wp-content\/uploads\/2016\/02\/12ecosociales.jpg","contentUrl":"https:\/\/www.pressenza.com\/wp-content\/uploads\/2016\/02\/12ecosociales.jpg","width":760,"height":328},{"@type":"BreadcrumbList","@id":"https:\/\/www.pressenza.com\/es\/2016\/02\/282832\/#breadcrumb","itemListElement":[{"@type":"ListItem","position":1,"name":"Accueil","item":"https:\/\/www.pressenza.com\/es\/"},{"@type":"ListItem","position":2,"name":"Se presentan &#8217;12 propuestas ecosociales&#8217; ante el parlamento espa\u00f1ol"}]},{"@type":"WebSite","@id":"https:\/\/www.pressenza.com\/es\/#website","url":"https:\/\/www.pressenza.com\/es\/","name":"Pressenza","description":"International Press Agency","publisher":{"@id":"https:\/\/www.pressenza.com\/es\/#organization"},"potentialAction":[{"@type":"SearchAction","target":{"@type":"EntryPoint","urlTemplate":"https:\/\/www.pressenza.com\/es\/?s={search_term_string}"},"query-input":{"@type":"PropertyValueSpecification","valueRequired":true,"valueName":"search_term_string"}}],"inLanguage":"es"},{"@type":"Organization","@id":"https:\/\/www.pressenza.com\/es\/#organization","name":"Pressenza","url":"https:\/\/www.pressenza.com\/es\/","logo":{"@type":"ImageObject","inLanguage":"es","@id":"https:\/\/www.pressenza.com\/es\/#\/schema\/logo\/image\/","url":"https:\/\/www.pressenza.com\/wp-content\/uploads\/2022\/10\/pressenza_logo_200x200.jpg","contentUrl":"https:\/\/www.pressenza.com\/wp-content\/uploads\/2022\/10\/pressenza_logo_200x200.jpg","width":200,"height":200,"caption":"Pressenza"},"image":{"@id":"https:\/\/www.pressenza.com\/es\/#\/schema\/logo\/image\/"},"sameAs":["https:\/\/www.facebook.com\/PressenzaItalia","https:\/\/x.com\/PressenzaIPA"]},{"@type":"Person","@id":"https:\/\/www.pressenza.com\/es\/#\/schema\/person\/828fc40eeca2ad7be3630e5a46adba94","name":"Redacci\u00f3n Madrid","description":"News from the Pressenza Bureau in Madrid, Spain","sameAs":["https:\/\/www.facebook.com\/pressenza","https:\/\/x.com\/pressenza"],"url":"https:\/\/www.pressenza.com\/es\/author\/redaccion-madrid\/"}]}},"place":"Madrid (Espa\u00f1a)","original_article_url":"","_links":{"self":[{"href":"https:\/\/www.pressenza.com\/es\/wp-json\/wp\/v2\/posts\/282832","targetHints":{"allow":["GET"]}}],"collection":[{"href":"https:\/\/www.pressenza.com\/es\/wp-json\/wp\/v2\/posts"}],"about":[{"href":"https:\/\/www.pressenza.com\/es\/wp-json\/wp\/v2\/types\/post"}],"author":[{"embeddable":true,"href":"https:\/\/www.pressenza.com\/es\/wp-json\/wp\/v2\/users\/94"}],"replies":[{"embeddable":true,"href":"https:\/\/www.pressenza.com\/es\/wp-json\/wp\/v2\/comments?post=282832"}],"version-history":[{"count":0,"href":"https:\/\/www.pressenza.com\/es\/wp-json\/wp\/v2\/posts\/282832\/revisions"}],"wp:featuredmedia":[{"embeddable":true,"href":"https:\/\/www.pressenza.com\/es\/wp-json\/wp\/v2\/media\/282844"}],"wp:attachment":[{"href":"https:\/\/www.pressenza.com\/es\/wp-json\/wp\/v2\/media?parent=282832"}],"wp:term":[{"taxonomy":"category","embeddable":true,"href":"https:\/\/www.pressenza.com\/es\/wp-json\/wp\/v2\/categories?post=282832"},{"taxonomy":"post_tag","embeddable":true,"href":"https:\/\/www.pressenza.com\/es\/wp-json\/wp\/v2\/tags?post=282832"}],"curies":[{"name":"wp","href":"https:\/\/api.w.org\/{rel}","templated":true}]}}