{"id":282620,"date":"2016-02-25T15:38:44","date_gmt":"2016-02-25T15:38:44","guid":{"rendered":"http:\/\/www.pressenza.com\/es\/?p=282620"},"modified":"2016-02-25T15:38:44","modified_gmt":"2016-02-25T15:38:44","slug":"carta-de-milagro-sala-a-sus-companeros-de-ate","status":"publish","type":"post","link":"https:\/\/www.pressenza.com\/es\/2016\/02\/carta-de-milagro-sala-a-sus-companeros-de-ate\/","title":{"rendered":"Carta de Milagro Sala a sus compa\u00f1eros de ATE"},"content":{"rendered":"<p><em><strong>Por Milagro Sala<\/strong><\/em><\/p>\n<p>En estos 40 d\u00edas que me encuentro en esta injusta detenci\u00f3n quiero agradecerles profundamente su solidaridad, su compromiso y su militancia a las m\u00e1s de 40 organizaciones populares, sociales y gremiales que est\u00e1n luchando por mi libertad.<br \/>\nA todos nos cost\u00f3 mucho reconstruir nuestro pa\u00eds y nuestro estado despu\u00e9s de la oscura noche que vivimos los argentinos en la dictadura y en la d\u00e9cada del 90.<\/p>\n<p>Hoy el fantasma de la represi\u00f3n y la criminalizaci\u00f3n de la protesta vuelve como en esas \u00e9pocas nefastas, reprimieron a los trabajadores de Cresta Roja, reprimieron a los trabajadores de La Plata, reprimieron una murga en el bajo Flores, aprietan, despiden y difaman a los trabajadores y sus organizaciones, nuestra Organizaci\u00f3n vive una persecuci\u00f3n pol\u00edtica desde hace 60 d\u00edas sin precedentes, han transformado a nuestra provincia en un estado represivo.<\/p>\n<p>El gobierno nacional y provincial cree que nos va a callar y amedrentar encarcelando y judicializando a nuestros militantes. Ellos no saben que nuestros compa\u00f1eros est\u00e1n formados con la misma madera que los compa\u00f1eros de ATE y que los compa\u00f1eros de la CTA. Recuerdo los cursos de formaci\u00f3n del profesor Sufriti, recuerdo la Marcha Federal, recuerdo las luchas de los 90.<\/p>\n<p>Todo el odio que este gobierno de gerentes de trasnacionales y sus medios de comunicaci\u00f3n descarga sobre los sectores populares, se va a transformar con la misma magnitud en lucha y en amor a nuestro pueblo. Si tenemos que reconstruir nuestra patria lo haremos mil veces con alegr\u00eda y con todos sus derechos.<\/p>\n<p>Estoy muy tranquila porque s\u00e9 que en ATE hay dirigentes j\u00f3venes salidos de la base que est\u00e1n llevando adelante la lucha y s\u00e9 que su coherencia y militancia los llevara irremediablemente a la victoria, que no es m\u00e1s que un estado sin despedidos y al servicio del pueblo.<\/p>\n<p>Les mando un abrazo enorme compa\u00f1eros y no aflojen que nosotros tampoco vamos a aflojar.<\/p>\n<p>\u00a1ATE, ATE, ATE, Huevo, Huevo, Huevo!<\/p>\n","protected":false},"excerpt":{"rendered":"<p>Por Milagro Sala En estos 40 d\u00edas que me encuentro en esta injusta detenci\u00f3n quiero agradecerles profundamente su solidaridad, su compromiso y su militancia a las m\u00e1s de 40 organizaciones populares, sociales y gremiales que est\u00e1n luchando por mi libertad.&hellip;<\/p>\n","protected":false},"author":87,"featured_media":282630,"comment_status":"closed","ping_status":"open","sticky":false,"template":"","format":"standard","meta":{"footnotes":""},"categories":[149,11389,79,74,67],"tags":[8308,2002,21392,23905,7399,526,1266,5379,4993,24371,24372,1406],"class_list":["post-282620","post","type-post","status-publish","format-standard","has-post-thumbnail","hentry","category-comunicados-de-prensa","category-contenido-original","category-derechos-humanos","category-politica-es","category-sudamerica","tag-ate","tag-despidos","tag-estado","tag-estatales","tag-jujuy","tag-manifestacion","tag-milagro-sala","tag-movilizacion","tag-paro","tag-paro-nacional","tag-trabajadores-estatales","tag-trabajo"],"yoast_head":"<!-- This site is optimized with the Yoast SEO plugin v27.1.1 - https:\/\/yoast.com\/product\/yoast-seo-wordpress\/ -->\n<title>Carta de Milagro Sala a sus compa\u00f1eros de ATE<\/title>\n<meta name=\"description\" content=\"Por Milagro Sala En estos 40 d\u00edas que me encuentro en esta injusta detenci\u00f3n quiero agradecerles profundamente su solidaridad, su compromiso y su\" \/>\n<meta name=\"robots\" content=\"index, follow, max-snippet:-1, max-image-preview:large, max-video-preview:-1\" \/>\n<link rel=\"canonical\" href=\"https:\/\/www.pressenza.com\/es\/2016\/02\/carta-de-milagro-sala-a-sus-companeros-de-ate\/\" \/>\n<meta property=\"og:locale\" content=\"es_ES\" \/>\n<meta property=\"og:type\" content=\"article\" \/>\n<meta property=\"og:title\" content=\"Carta de Milagro Sala a sus compa\u00f1eros de ATE\" \/>\n<meta property=\"og:description\" content=\"Por Milagro Sala En estos 40 d\u00edas que me encuentro en esta injusta detenci\u00f3n quiero agradecerles profundamente su solidaridad, su compromiso y su\" \/>\n<meta property=\"og:url\" content=\"https:\/\/www.pressenza.com\/es\/2016\/02\/carta-de-milagro-sala-a-sus-companeros-de-ate\/\" \/>\n<meta property=\"og:site_name\" content=\"Pressenza\" \/>\n<meta property=\"article:publisher\" content=\"https:\/\/www.facebook.com\/PressenzaItalia\" \/>\n<meta property=\"article:published_time\" content=\"2016-02-25T15:38:44+00:00\" \/>\n<meta property=\"og:image\" content=\"https:\/\/www.pressenza.com\/wp-content\/uploads\/2016\/02\/marcha-ate.jpg\" \/>\n\t<meta property=\"og:image:width\" content=\"960\" \/>\n\t<meta property=\"og:image:height\" content=\"540\" \/>\n\t<meta property=\"og:image:type\" content=\"image\/jpeg\" \/>\n<meta name=\"author\" content=\"Redacci\u00f3n Argentina\" \/>\n<meta name=\"twitter:card\" content=\"summary_large_image\" \/>\n<meta name=\"twitter:creator\" content=\"@pressenza\" \/>\n<meta name=\"twitter:site\" content=\"@PressenzaIPA\" \/>\n<meta name=\"twitter:label1\" content=\"Escrito por\" \/>\n\t<meta name=\"twitter:data1\" content=\"Redacci\u00f3n Argentina\" \/>\n\t<meta name=\"twitter:label2\" content=\"Tiempo de lectura\" \/>\n\t<meta name=\"twitter:data2\" content=\"2 minutos\" \/>\n<script type=\"application\/ld+json\" class=\"yoast-schema-graph\">{\"@context\":\"https:\/\/schema.org\",\"@graph\":[{\"@type\":\"Article\",\"@id\":\"https:\/\/www.pressenza.com\/es\/2016\/02\/carta-de-milagro-sala-a-sus-companeros-de-ate\/#article\",\"isPartOf\":{\"@id\":\"https:\/\/www.pressenza.com\/es\/2016\/02\/carta-de-milagro-sala-a-sus-companeros-de-ate\/\"},\"author\":{\"name\":\"Redacci\u00f3n Argentina\",\"@id\":\"https:\/\/www.pressenza.com\/es\/#\/schema\/person\/0dda7d1b68267ad95b1e1d83abc98c89\"},\"headline\":\"Carta de Milagro Sala a sus compa\u00f1eros de ATE\",\"datePublished\":\"2016-02-25T15:38:44+00:00\",\"mainEntityOfPage\":{\"@id\":\"https:\/\/www.pressenza.com\/es\/2016\/02\/carta-de-milagro-sala-a-sus-companeros-de-ate\/\"},\"wordCount\":351,\"publisher\":{\"@id\":\"https:\/\/www.pressenza.com\/es\/#organization\"},\"image\":{\"@id\":\"https:\/\/www.pressenza.com\/es\/2016\/02\/carta-de-milagro-sala-a-sus-companeros-de-ate\/#primaryimage\"},\"thumbnailUrl\":\"https:\/\/www.pressenza.com\/wp-content\/uploads\/2016\/02\/marcha-ate.jpg\",\"keywords\":[\"ATE\",\"despidos\",\"estado\",\"estatales\",\"Jujuy\",\"manifestaci\u00f3n\",\"Milagro Sala\",\"movilizaci\u00f3n\",\"paro\",\"paro nacional\",\"trabajadores estatales\",\"trabajo\"],\"articleSection\":[\"Comunicados de Prensa\",\"Contenido Original\",\"Derechos Humanos\",\"Pol\u00edtica\",\"Sudam\u00e9rica\"],\"inLanguage\":\"es\"},{\"@type\":\"WebPage\",\"@id\":\"https:\/\/www.pressenza.com\/es\/2016\/02\/carta-de-milagro-sala-a-sus-companeros-de-ate\/\",\"url\":\"https:\/\/www.pressenza.com\/es\/2016\/02\/carta-de-milagro-sala-a-sus-companeros-de-ate\/\",\"name\":\"Carta de Milagro Sala a sus compa\u00f1eros de ATE\",\"isPartOf\":{\"@id\":\"https:\/\/www.pressenza.com\/es\/#website\"},\"primaryImageOfPage\":{\"@id\":\"https:\/\/www.pressenza.com\/es\/2016\/02\/carta-de-milagro-sala-a-sus-companeros-de-ate\/#primaryimage\"},\"image\":{\"@id\":\"https:\/\/www.pressenza.com\/es\/2016\/02\/carta-de-milagro-sala-a-sus-companeros-de-ate\/#primaryimage\"},\"thumbnailUrl\":\"https:\/\/www.pressenza.com\/wp-content\/uploads\/2016\/02\/marcha-ate.jpg\",\"datePublished\":\"2016-02-25T15:38:44+00:00\",\"description\":\"Por Milagro Sala En estos 40 d\u00edas que me encuentro en esta injusta detenci\u00f3n quiero agradecerles profundamente su solidaridad, su compromiso y su\",\"breadcrumb\":{\"@id\":\"https:\/\/www.pressenza.com\/es\/2016\/02\/carta-de-milagro-sala-a-sus-companeros-de-ate\/#breadcrumb\"},\"inLanguage\":\"es\",\"potentialAction\":[{\"@type\":\"ReadAction\",\"target\":[\"https:\/\/www.pressenza.com\/es\/2016\/02\/carta-de-milagro-sala-a-sus-companeros-de-ate\/\"]}]},{\"@type\":\"ImageObject\",\"inLanguage\":\"es\",\"@id\":\"https:\/\/www.pressenza.com\/es\/2016\/02\/carta-de-milagro-sala-a-sus-companeros-de-ate\/#primaryimage\",\"url\":\"https:\/\/www.pressenza.com\/wp-content\/uploads\/2016\/02\/marcha-ate.jpg\",\"contentUrl\":\"https:\/\/www.pressenza.com\/wp-content\/uploads\/2016\/02\/marcha-ate.jpg\",\"width\":960,\"height\":540},{\"@type\":\"BreadcrumbList\",\"@id\":\"https:\/\/www.pressenza.com\/es\/2016\/02\/carta-de-milagro-sala-a-sus-companeros-de-ate\/#breadcrumb\",\"itemListElement\":[{\"@type\":\"ListItem\",\"position\":1,\"name\":\"Accueil\",\"item\":\"https:\/\/www.pressenza.com\/es\/\"},{\"@type\":\"ListItem\",\"position\":2,\"name\":\"Carta de Milagro Sala a sus compa\u00f1eros de ATE\"}]},{\"@type\":\"WebSite\",\"@id\":\"https:\/\/www.pressenza.com\/es\/#website\",\"url\":\"https:\/\/www.pressenza.com\/es\/\",\"name\":\"Pressenza\",\"description\":\"International Press Agency\",\"publisher\":{\"@id\":\"https:\/\/www.pressenza.com\/es\/#organization\"},\"potentialAction\":[{\"@type\":\"SearchAction\",\"target\":{\"@type\":\"EntryPoint\",\"urlTemplate\":\"https:\/\/www.pressenza.com\/es\/?s={search_term_string}\"},\"query-input\":{\"@type\":\"PropertyValueSpecification\",\"valueRequired\":true,\"valueName\":\"search_term_string\"}}],\"inLanguage\":\"es\"},{\"@type\":\"Organization\",\"@id\":\"https:\/\/www.pressenza.com\/es\/#organization\",\"name\":\"Pressenza\",\"url\":\"https:\/\/www.pressenza.com\/es\/\",\"logo\":{\"@type\":\"ImageObject\",\"inLanguage\":\"es\",\"@id\":\"https:\/\/www.pressenza.com\/es\/#\/schema\/logo\/image\/\",\"url\":\"https:\/\/www.pressenza.com\/wp-content\/uploads\/2022\/10\/pressenza_logo_200x200.jpg\",\"contentUrl\":\"https:\/\/www.pressenza.com\/wp-content\/uploads\/2022\/10\/pressenza_logo_200x200.jpg\",\"width\":200,\"height\":200,\"caption\":\"Pressenza\"},\"image\":{\"@id\":\"https:\/\/www.pressenza.com\/es\/#\/schema\/logo\/image\/\"},\"sameAs\":[\"https:\/\/www.facebook.com\/PressenzaItalia\",\"https:\/\/x.com\/PressenzaIPA\"]},{\"@type\":\"Person\",\"@id\":\"https:\/\/www.pressenza.com\/es\/#\/schema\/person\/0dda7d1b68267ad95b1e1d83abc98c89\",\"name\":\"Redacci\u00f3n Argentina\",\"description\":\"News from the Pressenza Bureau in Argentina.\",\"sameAs\":[\"https:\/\/x.com\/pressenza\"],\"url\":\"https:\/\/www.pressenza.com\/es\/author\/redaccion-argentina\/\"}]}<\/script>\n<!-- \/ Yoast SEO plugin. -->","yoast_head_json":{"title":"Carta de Milagro Sala a sus compa\u00f1eros de ATE","description":"Por Milagro Sala En estos 40 d\u00edas que me encuentro en esta injusta detenci\u00f3n quiero agradecerles profundamente su solidaridad, su compromiso y su","robots":{"index":"index","follow":"follow","max-snippet":"max-snippet:-1","max-image-preview":"max-image-preview:large","max-video-preview":"max-video-preview:-1"},"canonical":"https:\/\/www.pressenza.com\/es\/2016\/02\/carta-de-milagro-sala-a-sus-companeros-de-ate\/","og_locale":"es_ES","og_type":"article","og_title":"Carta de Milagro Sala a sus compa\u00f1eros de ATE","og_description":"Por Milagro Sala En estos 40 d\u00edas que me encuentro en esta injusta detenci\u00f3n quiero agradecerles profundamente su solidaridad, su compromiso y su","og_url":"https:\/\/www.pressenza.com\/es\/2016\/02\/carta-de-milagro-sala-a-sus-companeros-de-ate\/","og_site_name":"Pressenza","article_publisher":"https:\/\/www.facebook.com\/PressenzaItalia","article_published_time":"2016-02-25T15:38:44+00:00","og_image":[{"width":960,"height":540,"url":"https:\/\/www.pressenza.com\/wp-content\/uploads\/2016\/02\/marcha-ate.jpg","type":"image\/jpeg"}],"author":"Redacci\u00f3n Argentina","twitter_card":"summary_large_image","twitter_creator":"@pressenza","twitter_site":"@PressenzaIPA","twitter_misc":{"Escrito por":"Redacci\u00f3n Argentina","Tiempo de lectura":"2 minutos"},"schema":{"@context":"https:\/\/schema.org","@graph":[{"@type":"Article","@id":"https:\/\/www.pressenza.com\/es\/2016\/02\/carta-de-milagro-sala-a-sus-companeros-de-ate\/#article","isPartOf":{"@id":"https:\/\/www.pressenza.com\/es\/2016\/02\/carta-de-milagro-sala-a-sus-companeros-de-ate\/"},"author":{"name":"Redacci\u00f3n Argentina","@id":"https:\/\/www.pressenza.com\/es\/#\/schema\/person\/0dda7d1b68267ad95b1e1d83abc98c89"},"headline":"Carta de Milagro Sala a sus compa\u00f1eros de ATE","datePublished":"2016-02-25T15:38:44+00:00","mainEntityOfPage":{"@id":"https:\/\/www.pressenza.com\/es\/2016\/02\/carta-de-milagro-sala-a-sus-companeros-de-ate\/"},"wordCount":351,"publisher":{"@id":"https:\/\/www.pressenza.com\/es\/#organization"},"image":{"@id":"https:\/\/www.pressenza.com\/es\/2016\/02\/carta-de-milagro-sala-a-sus-companeros-de-ate\/#primaryimage"},"thumbnailUrl":"https:\/\/www.pressenza.com\/wp-content\/uploads\/2016\/02\/marcha-ate.jpg","keywords":["ATE","despidos","estado","estatales","Jujuy","manifestaci\u00f3n","Milagro Sala","movilizaci\u00f3n","paro","paro nacional","trabajadores estatales","trabajo"],"articleSection":["Comunicados de Prensa","Contenido Original","Derechos Humanos","Pol\u00edtica","Sudam\u00e9rica"],"inLanguage":"es"},{"@type":"WebPage","@id":"https:\/\/www.pressenza.com\/es\/2016\/02\/carta-de-milagro-sala-a-sus-companeros-de-ate\/","url":"https:\/\/www.pressenza.com\/es\/2016\/02\/carta-de-milagro-sala-a-sus-companeros-de-ate\/","name":"Carta de Milagro Sala a sus compa\u00f1eros de ATE","isPartOf":{"@id":"https:\/\/www.pressenza.com\/es\/#website"},"primaryImageOfPage":{"@id":"https:\/\/www.pressenza.com\/es\/2016\/02\/carta-de-milagro-sala-a-sus-companeros-de-ate\/#primaryimage"},"image":{"@id":"https:\/\/www.pressenza.com\/es\/2016\/02\/carta-de-milagro-sala-a-sus-companeros-de-ate\/#primaryimage"},"thumbnailUrl":"https:\/\/www.pressenza.com\/wp-content\/uploads\/2016\/02\/marcha-ate.jpg","datePublished":"2016-02-25T15:38:44+00:00","description":"Por Milagro Sala En estos 40 d\u00edas que me encuentro en esta injusta detenci\u00f3n quiero agradecerles profundamente su solidaridad, su compromiso y su","breadcrumb":{"@id":"https:\/\/www.pressenza.com\/es\/2016\/02\/carta-de-milagro-sala-a-sus-companeros-de-ate\/#breadcrumb"},"inLanguage":"es","potentialAction":[{"@type":"ReadAction","target":["https:\/\/www.pressenza.com\/es\/2016\/02\/carta-de-milagro-sala-a-sus-companeros-de-ate\/"]}]},{"@type":"ImageObject","inLanguage":"es","@id":"https:\/\/www.pressenza.com\/es\/2016\/02\/carta-de-milagro-sala-a-sus-companeros-de-ate\/#primaryimage","url":"https:\/\/www.pressenza.com\/wp-content\/uploads\/2016\/02\/marcha-ate.jpg","contentUrl":"https:\/\/www.pressenza.com\/wp-content\/uploads\/2016\/02\/marcha-ate.jpg","width":960,"height":540},{"@type":"BreadcrumbList","@id":"https:\/\/www.pressenza.com\/es\/2016\/02\/carta-de-milagro-sala-a-sus-companeros-de-ate\/#breadcrumb","itemListElement":[{"@type":"ListItem","position":1,"name":"Accueil","item":"https:\/\/www.pressenza.com\/es\/"},{"@type":"ListItem","position":2,"name":"Carta de Milagro Sala a sus compa\u00f1eros de ATE"}]},{"@type":"WebSite","@id":"https:\/\/www.pressenza.com\/es\/#website","url":"https:\/\/www.pressenza.com\/es\/","name":"Pressenza","description":"International Press Agency","publisher":{"@id":"https:\/\/www.pressenza.com\/es\/#organization"},"potentialAction":[{"@type":"SearchAction","target":{"@type":"EntryPoint","urlTemplate":"https:\/\/www.pressenza.com\/es\/?s={search_term_string}"},"query-input":{"@type":"PropertyValueSpecification","valueRequired":true,"valueName":"search_term_string"}}],"inLanguage":"es"},{"@type":"Organization","@id":"https:\/\/www.pressenza.com\/es\/#organization","name":"Pressenza","url":"https:\/\/www.pressenza.com\/es\/","logo":{"@type":"ImageObject","inLanguage":"es","@id":"https:\/\/www.pressenza.com\/es\/#\/schema\/logo\/image\/","url":"https:\/\/www.pressenza.com\/wp-content\/uploads\/2022\/10\/pressenza_logo_200x200.jpg","contentUrl":"https:\/\/www.pressenza.com\/wp-content\/uploads\/2022\/10\/pressenza_logo_200x200.jpg","width":200,"height":200,"caption":"Pressenza"},"image":{"@id":"https:\/\/www.pressenza.com\/es\/#\/schema\/logo\/image\/"},"sameAs":["https:\/\/www.facebook.com\/PressenzaItalia","https:\/\/x.com\/PressenzaIPA"]},{"@type":"Person","@id":"https:\/\/www.pressenza.com\/es\/#\/schema\/person\/0dda7d1b68267ad95b1e1d83abc98c89","name":"Redacci\u00f3n Argentina","description":"News from the Pressenza Bureau in Argentina.","sameAs":["https:\/\/x.com\/pressenza"],"url":"https:\/\/www.pressenza.com\/es\/author\/redaccion-argentina\/"}]}},"place":"Jujuy","original_article_url":"","_links":{"self":[{"href":"https:\/\/www.pressenza.com\/es\/wp-json\/wp\/v2\/posts\/282620","targetHints":{"allow":["GET"]}}],"collection":[{"href":"https:\/\/www.pressenza.com\/es\/wp-json\/wp\/v2\/posts"}],"about":[{"href":"https:\/\/www.pressenza.com\/es\/wp-json\/wp\/v2\/types\/post"}],"author":[{"embeddable":true,"href":"https:\/\/www.pressenza.com\/es\/wp-json\/wp\/v2\/users\/87"}],"replies":[{"embeddable":true,"href":"https:\/\/www.pressenza.com\/es\/wp-json\/wp\/v2\/comments?post=282620"}],"version-history":[{"count":0,"href":"https:\/\/www.pressenza.com\/es\/wp-json\/wp\/v2\/posts\/282620\/revisions"}],"wp:featuredmedia":[{"embeddable":true,"href":"https:\/\/www.pressenza.com\/es\/wp-json\/wp\/v2\/media\/282630"}],"wp:attachment":[{"href":"https:\/\/www.pressenza.com\/es\/wp-json\/wp\/v2\/media?parent=282620"}],"wp:term":[{"taxonomy":"category","embeddable":true,"href":"https:\/\/www.pressenza.com\/es\/wp-json\/wp\/v2\/categories?post=282620"},{"taxonomy":"post_tag","embeddable":true,"href":"https:\/\/www.pressenza.com\/es\/wp-json\/wp\/v2\/tags?post=282620"}],"curies":[{"name":"wp","href":"https:\/\/api.w.org\/{rel}","templated":true}]}}