{"id":281921,"date":"2016-02-25T02:47:16","date_gmt":"2016-02-25T02:47:16","guid":{"rendered":"http:\/\/www.pressenza.com\/es\/?p=281921"},"modified":"2016-02-25T02:47:16","modified_gmt":"2016-02-25T02:47:16","slug":"cobertura-audiovisual-del-paro-nacional-y-movilizacion-en-plaza-de-mayo","status":"publish","type":"post","link":"https:\/\/www.pressenza.com\/es\/2016\/02\/cobertura-audiovisual-del-paro-nacional-y-movilizacion-en-plaza-de-mayo\/","title":{"rendered":"Cobertura audiovisual del Paro Nacional y Movilizaci\u00f3n en Plaza de Mayo"},"content":{"rendered":"<p><em><strong>Por Voz del Sur<\/strong><\/em><\/p>\n<p>La Asociaci\u00f3n Trabajadores del Estado (ATE), las Centrales de los Trabajadores Argentinos (CTA) de Hugo Yasky y la Aut\u00f3noma (CTAA) de Pablo Micheli; sindicatos adheridos a estos sectores y entidades sociales comenzaron hoy el paro y jornada nacional de protesta, que incluir\u00e1 cortes de calles y rutas y una movilizaci\u00f3n a Plaza de Mayo, acompa\u00f1ados de diversas organizaciones pol\u00edticas.<\/p>\n<p><iframe loading=\"lazy\" title=\"Paro Nacional y Movilizaci\u00f3n a Plaza de Mayo\" width=\"500\" height=\"281\" src=\"https:\/\/www.youtube.com\/embed\/6s0c8qN_5Ms?feature=oembed\" frameborder=\"0\" allow=\"accelerometer; autoplay; clipboard-write; encrypted-media; gyroscope; picture-in-picture; web-share\" referrerpolicy=\"strict-origin-when-cross-origin\" allowfullscreen><\/iframe><\/p>\n","protected":false},"excerpt":{"rendered":"<p>Por Voz del Sur La Asociaci\u00f3n Trabajadores del Estado (ATE), las Centrales de los Trabajadores Argentinos (CTA) de Hugo Yasky y la Aut\u00f3noma (CTAA) de Pablo Micheli; sindicatos adheridos a estos sectores y entidades sociales comenzaron hoy el paro y&hellip;<\/p>\n","protected":false},"author":87,"featured_media":0,"comment_status":"closed","ping_status":"open","sticky":false,"template":"","format":"standard","meta":{"footnotes":""},"categories":[75,79,155,74,67],"tags":[26,8308,2002,5379,4993,24372],"class_list":["post-281921","post","type-post","status-publish","format-standard","hentry","category-cultura-es","category-derechos-humanos","category-entrevistas","category-politica-es","category-sudamerica","tag-argentina","tag-ate","tag-despidos","tag-movilizacion","tag-paro","tag-trabajadores-estatales"],"yoast_head":"<!-- This site is optimized with the Yoast SEO plugin v27.1.1 - https:\/\/yoast.com\/product\/yoast-seo-wordpress\/ -->\n<title>Cobertura audiovisual del Paro Nacional y Movilizaci\u00f3n en Plaza de Mayo<\/title>\n<meta name=\"description\" content=\"Por Voz del Sur La Asociaci\u00f3n Trabajadores del Estado (ATE), las Centrales de los Trabajadores Argentinos (CTA) de Hugo Yasky y la Aut\u00f3noma (CTAA) de\" \/>\n<meta name=\"robots\" content=\"index, follow, max-snippet:-1, max-image-preview:large, max-video-preview:-1\" \/>\n<link rel=\"canonical\" href=\"https:\/\/www.pressenza.com\/es\/2016\/02\/cobertura-audiovisual-del-paro-nacional-y-movilizacion-en-plaza-de-mayo\/\" \/>\n<meta property=\"og:locale\" content=\"es_ES\" \/>\n<meta property=\"og:type\" content=\"article\" \/>\n<meta property=\"og:title\" content=\"Cobertura audiovisual del Paro Nacional y Movilizaci\u00f3n en Plaza de Mayo\" \/>\n<meta property=\"og:description\" content=\"Por Voz del Sur La Asociaci\u00f3n Trabajadores del Estado (ATE), las Centrales de los Trabajadores Argentinos (CTA) de Hugo Yasky y la Aut\u00f3noma (CTAA) de\" \/>\n<meta property=\"og:url\" content=\"https:\/\/www.pressenza.com\/es\/2016\/02\/cobertura-audiovisual-del-paro-nacional-y-movilizacion-en-plaza-de-mayo\/\" \/>\n<meta property=\"og:site_name\" content=\"Pressenza\" \/>\n<meta property=\"article:publisher\" content=\"https:\/\/www.facebook.com\/PressenzaItalia\" \/>\n<meta property=\"article:published_time\" content=\"2016-02-25T02:47:16+00:00\" \/>\n<meta name=\"author\" content=\"Redacci\u00f3n Argentina\" \/>\n<meta name=\"twitter:card\" content=\"summary_large_image\" \/>\n<meta name=\"twitter:creator\" content=\"@pressenza\" \/>\n<meta name=\"twitter:site\" content=\"@PressenzaIPA\" \/>\n<meta name=\"twitter:label1\" content=\"Escrito por\" \/>\n\t<meta name=\"twitter:data1\" content=\"Redacci\u00f3n Argentina\" \/>\n<script type=\"application\/ld+json\" class=\"yoast-schema-graph\">{\"@context\":\"https:\/\/schema.org\",\"@graph\":[{\"@type\":\"Article\",\"@id\":\"https:\/\/www.pressenza.com\/es\/2016\/02\/cobertura-audiovisual-del-paro-nacional-y-movilizacion-en-plaza-de-mayo\/#article\",\"isPartOf\":{\"@id\":\"https:\/\/www.pressenza.com\/es\/2016\/02\/cobertura-audiovisual-del-paro-nacional-y-movilizacion-en-plaza-de-mayo\/\"},\"author\":{\"name\":\"Redacci\u00f3n Argentina\",\"@id\":\"https:\/\/www.pressenza.com\/es\/#\/schema\/person\/0dda7d1b68267ad95b1e1d83abc98c89\"},\"headline\":\"Cobertura audiovisual del Paro Nacional y Movilizaci\u00f3n en Plaza de Mayo\",\"datePublished\":\"2016-02-25T02:47:16+00:00\",\"mainEntityOfPage\":{\"@id\":\"https:\/\/www.pressenza.com\/es\/2016\/02\/cobertura-audiovisual-del-paro-nacional-y-movilizacion-en-plaza-de-mayo\/\"},\"wordCount\":89,\"publisher\":{\"@id\":\"https:\/\/www.pressenza.com\/es\/#organization\"},\"keywords\":[\"Argentina\",\"ATE\",\"despidos\",\"movilizaci\u00f3n\",\"paro\",\"trabajadores estatales\"],\"articleSection\":[\"Cultura y Medios\",\"Derechos Humanos\",\"Entrevistas\",\"Pol\u00edtica\",\"Sudam\u00e9rica\"],\"inLanguage\":\"es\"},{\"@type\":\"WebPage\",\"@id\":\"https:\/\/www.pressenza.com\/es\/2016\/02\/cobertura-audiovisual-del-paro-nacional-y-movilizacion-en-plaza-de-mayo\/\",\"url\":\"https:\/\/www.pressenza.com\/es\/2016\/02\/cobertura-audiovisual-del-paro-nacional-y-movilizacion-en-plaza-de-mayo\/\",\"name\":\"Cobertura audiovisual del Paro Nacional y Movilizaci\u00f3n en Plaza de Mayo\",\"isPartOf\":{\"@id\":\"https:\/\/www.pressenza.com\/es\/#website\"},\"datePublished\":\"2016-02-25T02:47:16+00:00\",\"description\":\"Por Voz del Sur La Asociaci\u00f3n Trabajadores del Estado (ATE), las Centrales de los Trabajadores Argentinos (CTA) de Hugo Yasky y la Aut\u00f3noma (CTAA) de\",\"breadcrumb\":{\"@id\":\"https:\/\/www.pressenza.com\/es\/2016\/02\/cobertura-audiovisual-del-paro-nacional-y-movilizacion-en-plaza-de-mayo\/#breadcrumb\"},\"inLanguage\":\"es\",\"potentialAction\":[{\"@type\":\"ReadAction\",\"target\":[\"https:\/\/www.pressenza.com\/es\/2016\/02\/cobertura-audiovisual-del-paro-nacional-y-movilizacion-en-plaza-de-mayo\/\"]}]},{\"@type\":\"BreadcrumbList\",\"@id\":\"https:\/\/www.pressenza.com\/es\/2016\/02\/cobertura-audiovisual-del-paro-nacional-y-movilizacion-en-plaza-de-mayo\/#breadcrumb\",\"itemListElement\":[{\"@type\":\"ListItem\",\"position\":1,\"name\":\"Accueil\",\"item\":\"https:\/\/www.pressenza.com\/es\/\"},{\"@type\":\"ListItem\",\"position\":2,\"name\":\"Cobertura audiovisual del Paro Nacional y Movilizaci\u00f3n en Plaza de Mayo\"}]},{\"@type\":\"WebSite\",\"@id\":\"https:\/\/www.pressenza.com\/es\/#website\",\"url\":\"https:\/\/www.pressenza.com\/es\/\",\"name\":\"Pressenza\",\"description\":\"International Press Agency\",\"publisher\":{\"@id\":\"https:\/\/www.pressenza.com\/es\/#organization\"},\"potentialAction\":[{\"@type\":\"SearchAction\",\"target\":{\"@type\":\"EntryPoint\",\"urlTemplate\":\"https:\/\/www.pressenza.com\/es\/?s={search_term_string}\"},\"query-input\":{\"@type\":\"PropertyValueSpecification\",\"valueRequired\":true,\"valueName\":\"search_term_string\"}}],\"inLanguage\":\"es\"},{\"@type\":\"Organization\",\"@id\":\"https:\/\/www.pressenza.com\/es\/#organization\",\"name\":\"Pressenza\",\"url\":\"https:\/\/www.pressenza.com\/es\/\",\"logo\":{\"@type\":\"ImageObject\",\"inLanguage\":\"es\",\"@id\":\"https:\/\/www.pressenza.com\/es\/#\/schema\/logo\/image\/\",\"url\":\"https:\/\/www.pressenza.com\/wp-content\/uploads\/2022\/10\/pressenza_logo_200x200.jpg\",\"contentUrl\":\"https:\/\/www.pressenza.com\/wp-content\/uploads\/2022\/10\/pressenza_logo_200x200.jpg\",\"width\":200,\"height\":200,\"caption\":\"Pressenza\"},\"image\":{\"@id\":\"https:\/\/www.pressenza.com\/es\/#\/schema\/logo\/image\/\"},\"sameAs\":[\"https:\/\/www.facebook.com\/PressenzaItalia\",\"https:\/\/x.com\/PressenzaIPA\"]},{\"@type\":\"Person\",\"@id\":\"https:\/\/www.pressenza.com\/es\/#\/schema\/person\/0dda7d1b68267ad95b1e1d83abc98c89\",\"name\":\"Redacci\u00f3n Argentina\",\"description\":\"News from the Pressenza Bureau in Argentina.\",\"sameAs\":[\"https:\/\/x.com\/pressenza\"],\"url\":\"https:\/\/www.pressenza.com\/es\/author\/redaccion-argentina\/\"}]}<\/script>\n<!-- \/ Yoast SEO plugin. -->","yoast_head_json":{"title":"Cobertura audiovisual del Paro Nacional y Movilizaci\u00f3n en Plaza de Mayo","description":"Por Voz del Sur La Asociaci\u00f3n Trabajadores del Estado (ATE), las Centrales de los Trabajadores Argentinos (CTA) de Hugo Yasky y la Aut\u00f3noma (CTAA) de","robots":{"index":"index","follow":"follow","max-snippet":"max-snippet:-1","max-image-preview":"max-image-preview:large","max-video-preview":"max-video-preview:-1"},"canonical":"https:\/\/www.pressenza.com\/es\/2016\/02\/cobertura-audiovisual-del-paro-nacional-y-movilizacion-en-plaza-de-mayo\/","og_locale":"es_ES","og_type":"article","og_title":"Cobertura audiovisual del Paro Nacional y Movilizaci\u00f3n en Plaza de Mayo","og_description":"Por Voz del Sur La Asociaci\u00f3n Trabajadores del Estado (ATE), las Centrales de los Trabajadores Argentinos (CTA) de Hugo Yasky y la Aut\u00f3noma (CTAA) de","og_url":"https:\/\/www.pressenza.com\/es\/2016\/02\/cobertura-audiovisual-del-paro-nacional-y-movilizacion-en-plaza-de-mayo\/","og_site_name":"Pressenza","article_publisher":"https:\/\/www.facebook.com\/PressenzaItalia","article_published_time":"2016-02-25T02:47:16+00:00","author":"Redacci\u00f3n Argentina","twitter_card":"summary_large_image","twitter_creator":"@pressenza","twitter_site":"@PressenzaIPA","twitter_misc":{"Escrito por":"Redacci\u00f3n Argentina"},"schema":{"@context":"https:\/\/schema.org","@graph":[{"@type":"Article","@id":"https:\/\/www.pressenza.com\/es\/2016\/02\/cobertura-audiovisual-del-paro-nacional-y-movilizacion-en-plaza-de-mayo\/#article","isPartOf":{"@id":"https:\/\/www.pressenza.com\/es\/2016\/02\/cobertura-audiovisual-del-paro-nacional-y-movilizacion-en-plaza-de-mayo\/"},"author":{"name":"Redacci\u00f3n Argentina","@id":"https:\/\/www.pressenza.com\/es\/#\/schema\/person\/0dda7d1b68267ad95b1e1d83abc98c89"},"headline":"Cobertura audiovisual del Paro Nacional y Movilizaci\u00f3n en Plaza de Mayo","datePublished":"2016-02-25T02:47:16+00:00","mainEntityOfPage":{"@id":"https:\/\/www.pressenza.com\/es\/2016\/02\/cobertura-audiovisual-del-paro-nacional-y-movilizacion-en-plaza-de-mayo\/"},"wordCount":89,"publisher":{"@id":"https:\/\/www.pressenza.com\/es\/#organization"},"keywords":["Argentina","ATE","despidos","movilizaci\u00f3n","paro","trabajadores estatales"],"articleSection":["Cultura y Medios","Derechos Humanos","Entrevistas","Pol\u00edtica","Sudam\u00e9rica"],"inLanguage":"es"},{"@type":"WebPage","@id":"https:\/\/www.pressenza.com\/es\/2016\/02\/cobertura-audiovisual-del-paro-nacional-y-movilizacion-en-plaza-de-mayo\/","url":"https:\/\/www.pressenza.com\/es\/2016\/02\/cobertura-audiovisual-del-paro-nacional-y-movilizacion-en-plaza-de-mayo\/","name":"Cobertura audiovisual del Paro Nacional y Movilizaci\u00f3n en Plaza de Mayo","isPartOf":{"@id":"https:\/\/www.pressenza.com\/es\/#website"},"datePublished":"2016-02-25T02:47:16+00:00","description":"Por Voz del Sur La Asociaci\u00f3n Trabajadores del Estado (ATE), las Centrales de los Trabajadores Argentinos (CTA) de Hugo Yasky y la Aut\u00f3noma (CTAA) de","breadcrumb":{"@id":"https:\/\/www.pressenza.com\/es\/2016\/02\/cobertura-audiovisual-del-paro-nacional-y-movilizacion-en-plaza-de-mayo\/#breadcrumb"},"inLanguage":"es","potentialAction":[{"@type":"ReadAction","target":["https:\/\/www.pressenza.com\/es\/2016\/02\/cobertura-audiovisual-del-paro-nacional-y-movilizacion-en-plaza-de-mayo\/"]}]},{"@type":"BreadcrumbList","@id":"https:\/\/www.pressenza.com\/es\/2016\/02\/cobertura-audiovisual-del-paro-nacional-y-movilizacion-en-plaza-de-mayo\/#breadcrumb","itemListElement":[{"@type":"ListItem","position":1,"name":"Accueil","item":"https:\/\/www.pressenza.com\/es\/"},{"@type":"ListItem","position":2,"name":"Cobertura audiovisual del Paro Nacional y Movilizaci\u00f3n en Plaza de Mayo"}]},{"@type":"WebSite","@id":"https:\/\/www.pressenza.com\/es\/#website","url":"https:\/\/www.pressenza.com\/es\/","name":"Pressenza","description":"International Press Agency","publisher":{"@id":"https:\/\/www.pressenza.com\/es\/#organization"},"potentialAction":[{"@type":"SearchAction","target":{"@type":"EntryPoint","urlTemplate":"https:\/\/www.pressenza.com\/es\/?s={search_term_string}"},"query-input":{"@type":"PropertyValueSpecification","valueRequired":true,"valueName":"search_term_string"}}],"inLanguage":"es"},{"@type":"Organization","@id":"https:\/\/www.pressenza.com\/es\/#organization","name":"Pressenza","url":"https:\/\/www.pressenza.com\/es\/","logo":{"@type":"ImageObject","inLanguage":"es","@id":"https:\/\/www.pressenza.com\/es\/#\/schema\/logo\/image\/","url":"https:\/\/www.pressenza.com\/wp-content\/uploads\/2022\/10\/pressenza_logo_200x200.jpg","contentUrl":"https:\/\/www.pressenza.com\/wp-content\/uploads\/2022\/10\/pressenza_logo_200x200.jpg","width":200,"height":200,"caption":"Pressenza"},"image":{"@id":"https:\/\/www.pressenza.com\/es\/#\/schema\/logo\/image\/"},"sameAs":["https:\/\/www.facebook.com\/PressenzaItalia","https:\/\/x.com\/PressenzaIPA"]},{"@type":"Person","@id":"https:\/\/www.pressenza.com\/es\/#\/schema\/person\/0dda7d1b68267ad95b1e1d83abc98c89","name":"Redacci\u00f3n Argentina","description":"News from the Pressenza Bureau in Argentina.","sameAs":["https:\/\/x.com\/pressenza"],"url":"https:\/\/www.pressenza.com\/es\/author\/redaccion-argentina\/"}]}},"place":"Ciudad de Buenos Aires","original_article_url":"","_links":{"self":[{"href":"https:\/\/www.pressenza.com\/es\/wp-json\/wp\/v2\/posts\/281921","targetHints":{"allow":["GET"]}}],"collection":[{"href":"https:\/\/www.pressenza.com\/es\/wp-json\/wp\/v2\/posts"}],"about":[{"href":"https:\/\/www.pressenza.com\/es\/wp-json\/wp\/v2\/types\/post"}],"author":[{"embeddable":true,"href":"https:\/\/www.pressenza.com\/es\/wp-json\/wp\/v2\/users\/87"}],"replies":[{"embeddable":true,"href":"https:\/\/www.pressenza.com\/es\/wp-json\/wp\/v2\/comments?post=281921"}],"version-history":[{"count":0,"href":"https:\/\/www.pressenza.com\/es\/wp-json\/wp\/v2\/posts\/281921\/revisions"}],"wp:attachment":[{"href":"https:\/\/www.pressenza.com\/es\/wp-json\/wp\/v2\/media?parent=281921"}],"wp:term":[{"taxonomy":"category","embeddable":true,"href":"https:\/\/www.pressenza.com\/es\/wp-json\/wp\/v2\/categories?post=281921"},{"taxonomy":"post_tag","embeddable":true,"href":"https:\/\/www.pressenza.com\/es\/wp-json\/wp\/v2\/tags?post=281921"}],"curies":[{"name":"wp","href":"https:\/\/api.w.org\/{rel}","templated":true}]}}