{"id":280601,"date":"2016-02-21T23:37:42","date_gmt":"2016-02-21T23:37:42","guid":{"rendered":"http:\/\/www.pressenza.com\/es\/?p=280601"},"modified":"2016-02-21T23:37:42","modified_gmt":"2016-02-21T23:37:42","slug":"por-primera-vez-una-propuesta-de-reforma-constitucional-la-va-decidir-el-pueblo","status":"publish","type":"post","link":"https:\/\/www.pressenza.com\/es\/2016\/02\/por-primera-vez-una-propuesta-de-reforma-constitucional-la-va-decidir-el-pueblo\/","title":{"rendered":"Por primera vez una propuesta de reforma constitucional la va decidir el pueblo"},"content":{"rendered":"<p style=\"text-align: justify;\">El vicepresidente de Bolivia, \u00c1lvaro Garc\u00eda Linera asegur\u00f3 el domingo, en la ciudad de La Paz, que por primera vez una propuesta de reforma constitucional la va decidir el pueblo y asegur\u00f3 que el actual proceso de consulta es un nuevo reto para la democracia en su pa\u00eds<\/p>\n<p>\u00abHoy va haber una reforma a la Constituci\u00f3n, se est\u00e1 proponiendo que se reforme la Constituci\u00f3n el pueblo dir\u00e1 si s\u00ed o si no, pero recordar al pueblo boliviano que anteriores reformas a la Constituci\u00f3n como, por ejemplo, la del a\u00f1o 1994 no la decidi\u00f3 el pueblo, la decidieron partidos pol\u00edticos en el Congreso, hoy por primera vez una propuesta de reforma a la Constituci\u00f3n la va decidir el pueblo con su voto\u00bb, dijo.<\/p>\n<p>El Tribunal Supremo Electoral (TSE) habilit\u00f3 a 6.502.103 ciudadanos para sufragar, de los que 258.991 votar\u00e1n en el exterior.<\/p>\n<p>Garc\u00eda Linera, en conferencia de prensa en su domicilio junto a su esposa Claudia Fern\u00e1ndez, convoc\u00f3 a la poblaci\u00f3n a acudir a las urnas y expres\u00f3 su deseo de que el sufragio rebase 95 % de participaci\u00f3n, ya que Bolivia -dijo- se caracteriza por su virtud democr\u00e1tica.<\/p>\n<p>\u00abHoy Bolivia da ejemplo democr\u00e1tico, pocos deciden sus cambios mediante el voto\u00bb, mencion\u00f3.<\/p>\n<p>El segundo al mando cuestion\u00f3 la \u00abguerra sucia\u00bb que se desarroll\u00f3 previa al verificativo del referendo y se\u00f1al\u00f3 que como nunca antes se puso vigente mediante acusaciones, pero m\u00e1s all\u00e1 de esa situaci\u00f3n pidi\u00f3 a los votantes bolivianos que con el \u00absentimiento\u00bb, \u00abcoraz\u00f3n\u00bb y \u00abraz\u00f3n\u00bb piense y tome decisiones de manera democr\u00e1tica.<\/p>\n<p>Agreg\u00f3 que si algo caracteriza al boliviano de los ciudadanos de Latinoam\u00e9rica es que \u00abdefiende\u00bb y se \u00abaferra\u00bb a su derecho democr\u00e1tico.<\/p>\n<p>El Vicepresidente inform\u00f3 que aguardar\u00e1 a las 17h00, en la sede de Gobierno, el retorno del presidente Evo Morales del tr\u00f3pico de Cochabamba, para junto con los ministros de Estado esperar los resultados de la jornada electoral en la residencia presidencial.<\/p>\n<p>Indic\u00f3 que conf\u00eda en que contando con los resultados el Ejecutivo emita un pronunciamiento al final del d\u00eda como se acostumbra en este tipo de procesos electorales.<\/p>\n","protected":false},"excerpt":{"rendered":"<p>El vicepresidente de Bolivia, \u00c1lvaro Garc\u00eda Linera asegur\u00f3 el domingo, en la ciudad de La Paz, que por primera vez una propuesta de reforma constitucional la va decidir el pueblo y asegur\u00f3 que el actual proceso de consulta es un&hellip;<\/p>\n","protected":false},"author":127,"featured_media":280602,"comment_status":"closed","ping_status":"open","sticky":false,"template":"","format":"standard","meta":{"footnotes":""},"categories":[74,67],"tags":[20455,403],"class_list":["post-280601","post","type-post","status-publish","format-standard","has-post-thumbnail","hentry","category-politica-es","category-sudamerica","tag-cambio-constitucional","tag-elecciones"],"yoast_head":"<!-- This site is optimized with the Yoast SEO plugin v27.1.1 - https:\/\/yoast.com\/product\/yoast-seo-wordpress\/ -->\n<title>Por primera vez una propuesta de reforma constitucional la va decidir el pueblo<\/title>\n<meta name=\"description\" content=\"El vicepresidente de Bolivia, \u00c1lvaro Garc\u00eda Linera asegur\u00f3 el domingo, en la ciudad de La Paz, que por primera vez una propuesta de reforma constitucional\" \/>\n<meta name=\"robots\" content=\"index, follow, max-snippet:-1, max-image-preview:large, max-video-preview:-1\" \/>\n<link rel=\"canonical\" href=\"https:\/\/www.pressenza.com\/es\/2016\/02\/por-primera-vez-una-propuesta-de-reforma-constitucional-la-va-decidir-el-pueblo\/\" \/>\n<meta property=\"og:locale\" content=\"es_ES\" \/>\n<meta property=\"og:type\" content=\"article\" \/>\n<meta property=\"og:title\" content=\"Por primera vez una propuesta de reforma constitucional la va decidir el pueblo\" \/>\n<meta property=\"og:description\" content=\"El vicepresidente de Bolivia, \u00c1lvaro Garc\u00eda Linera asegur\u00f3 el domingo, en la ciudad de La Paz, que por primera vez una propuesta de reforma constitucional\" \/>\n<meta property=\"og:url\" content=\"https:\/\/www.pressenza.com\/es\/2016\/02\/por-primera-vez-una-propuesta-de-reforma-constitucional-la-va-decidir-el-pueblo\/\" \/>\n<meta property=\"og:site_name\" content=\"Pressenza\" \/>\n<meta property=\"article:publisher\" content=\"https:\/\/www.facebook.com\/PressenzaItalia\" \/>\n<meta property=\"article:published_time\" content=\"2016-02-21T23:37:42+00:00\" \/>\n<meta property=\"og:image\" content=\"https:\/\/www.pressenza.com\/wp-content\/uploads\/2016\/02\/201602210220.jpg\" \/>\n\t<meta property=\"og:image:width\" content=\"479\" \/>\n\t<meta property=\"og:image:height\" content=\"320\" \/>\n\t<meta property=\"og:image:type\" content=\"image\/jpeg\" \/>\n<meta name=\"author\" content=\"Agencia Boliviana de Informaci\u00f3n - ABI\" \/>\n<meta name=\"twitter:card\" content=\"summary_large_image\" \/>\n<meta name=\"twitter:creator\" content=\"@mincombolivia\" \/>\n<meta name=\"twitter:site\" content=\"@PressenzaIPA\" \/>\n<meta name=\"twitter:label1\" content=\"Escrito por\" \/>\n\t<meta name=\"twitter:data1\" content=\"Agencia Boliviana de Informaci\u00f3n - ABI\" \/>\n\t<meta name=\"twitter:label2\" content=\"Tiempo de lectura\" \/>\n\t<meta name=\"twitter:data2\" content=\"2 minutos\" \/>\n<script type=\"application\/ld+json\" class=\"yoast-schema-graph\">{\"@context\":\"https:\/\/schema.org\",\"@graph\":[{\"@type\":\"Article\",\"@id\":\"https:\/\/www.pressenza.com\/es\/2016\/02\/por-primera-vez-una-propuesta-de-reforma-constitucional-la-va-decidir-el-pueblo\/#article\",\"isPartOf\":{\"@id\":\"https:\/\/www.pressenza.com\/es\/2016\/02\/por-primera-vez-una-propuesta-de-reforma-constitucional-la-va-decidir-el-pueblo\/\"},\"author\":{\"name\":\"Agencia Boliviana de Informaci\u00f3n - ABI\",\"@id\":\"https:\/\/www.pressenza.com\/es\/#\/schema\/person\/3fe2a62cf8f5fea54fc87abcec98dcb4\"},\"headline\":\"Por primera vez una propuesta de reforma constitucional la va decidir el pueblo\",\"datePublished\":\"2016-02-21T23:37:42+00:00\",\"mainEntityOfPage\":{\"@id\":\"https:\/\/www.pressenza.com\/es\/2016\/02\/por-primera-vez-una-propuesta-de-reforma-constitucional-la-va-decidir-el-pueblo\/\"},\"wordCount\":377,\"publisher\":{\"@id\":\"https:\/\/www.pressenza.com\/es\/#organization\"},\"image\":{\"@id\":\"https:\/\/www.pressenza.com\/es\/2016\/02\/por-primera-vez-una-propuesta-de-reforma-constitucional-la-va-decidir-el-pueblo\/#primaryimage\"},\"thumbnailUrl\":\"https:\/\/www.pressenza.com\/wp-content\/uploads\/2016\/02\/201602210220.jpg\",\"keywords\":[\"Cambio Constitucional\",\"elecciones\"],\"articleSection\":[\"Pol\u00edtica\",\"Sudam\u00e9rica\"],\"inLanguage\":\"es\"},{\"@type\":\"WebPage\",\"@id\":\"https:\/\/www.pressenza.com\/es\/2016\/02\/por-primera-vez-una-propuesta-de-reforma-constitucional-la-va-decidir-el-pueblo\/\",\"url\":\"https:\/\/www.pressenza.com\/es\/2016\/02\/por-primera-vez-una-propuesta-de-reforma-constitucional-la-va-decidir-el-pueblo\/\",\"name\":\"Por primera vez una propuesta de reforma constitucional la va decidir el pueblo\",\"isPartOf\":{\"@id\":\"https:\/\/www.pressenza.com\/es\/#website\"},\"primaryImageOfPage\":{\"@id\":\"https:\/\/www.pressenza.com\/es\/2016\/02\/por-primera-vez-una-propuesta-de-reforma-constitucional-la-va-decidir-el-pueblo\/#primaryimage\"},\"image\":{\"@id\":\"https:\/\/www.pressenza.com\/es\/2016\/02\/por-primera-vez-una-propuesta-de-reforma-constitucional-la-va-decidir-el-pueblo\/#primaryimage\"},\"thumbnailUrl\":\"https:\/\/www.pressenza.com\/wp-content\/uploads\/2016\/02\/201602210220.jpg\",\"datePublished\":\"2016-02-21T23:37:42+00:00\",\"description\":\"El vicepresidente de Bolivia, \u00c1lvaro Garc\u00eda Linera asegur\u00f3 el domingo, en la ciudad de La Paz, que por primera vez una propuesta de reforma constitucional\",\"breadcrumb\":{\"@id\":\"https:\/\/www.pressenza.com\/es\/2016\/02\/por-primera-vez-una-propuesta-de-reforma-constitucional-la-va-decidir-el-pueblo\/#breadcrumb\"},\"inLanguage\":\"es\",\"potentialAction\":[{\"@type\":\"ReadAction\",\"target\":[\"https:\/\/www.pressenza.com\/es\/2016\/02\/por-primera-vez-una-propuesta-de-reforma-constitucional-la-va-decidir-el-pueblo\/\"]}]},{\"@type\":\"ImageObject\",\"inLanguage\":\"es\",\"@id\":\"https:\/\/www.pressenza.com\/es\/2016\/02\/por-primera-vez-una-propuesta-de-reforma-constitucional-la-va-decidir-el-pueblo\/#primaryimage\",\"url\":\"https:\/\/www.pressenza.com\/wp-content\/uploads\/2016\/02\/201602210220.jpg\",\"contentUrl\":\"https:\/\/www.pressenza.com\/wp-content\/uploads\/2016\/02\/201602210220.jpg\",\"width\":479,\"height\":320},{\"@type\":\"BreadcrumbList\",\"@id\":\"https:\/\/www.pressenza.com\/es\/2016\/02\/por-primera-vez-una-propuesta-de-reforma-constitucional-la-va-decidir-el-pueblo\/#breadcrumb\",\"itemListElement\":[{\"@type\":\"ListItem\",\"position\":1,\"name\":\"Accueil\",\"item\":\"https:\/\/www.pressenza.com\/es\/\"},{\"@type\":\"ListItem\",\"position\":2,\"name\":\"Por primera vez una propuesta de reforma constitucional la va decidir el pueblo\"}]},{\"@type\":\"WebSite\",\"@id\":\"https:\/\/www.pressenza.com\/es\/#website\",\"url\":\"https:\/\/www.pressenza.com\/es\/\",\"name\":\"Pressenza\",\"description\":\"International Press Agency\",\"publisher\":{\"@id\":\"https:\/\/www.pressenza.com\/es\/#organization\"},\"potentialAction\":[{\"@type\":\"SearchAction\",\"target\":{\"@type\":\"EntryPoint\",\"urlTemplate\":\"https:\/\/www.pressenza.com\/es\/?s={search_term_string}\"},\"query-input\":{\"@type\":\"PropertyValueSpecification\",\"valueRequired\":true,\"valueName\":\"search_term_string\"}}],\"inLanguage\":\"es\"},{\"@type\":\"Organization\",\"@id\":\"https:\/\/www.pressenza.com\/es\/#organization\",\"name\":\"Pressenza\",\"url\":\"https:\/\/www.pressenza.com\/es\/\",\"logo\":{\"@type\":\"ImageObject\",\"inLanguage\":\"es\",\"@id\":\"https:\/\/www.pressenza.com\/es\/#\/schema\/logo\/image\/\",\"url\":\"https:\/\/www.pressenza.com\/wp-content\/uploads\/2022\/10\/pressenza_logo_200x200.jpg\",\"contentUrl\":\"https:\/\/www.pressenza.com\/wp-content\/uploads\/2022\/10\/pressenza_logo_200x200.jpg\",\"width\":200,\"height\":200,\"caption\":\"Pressenza\"},\"image\":{\"@id\":\"https:\/\/www.pressenza.com\/es\/#\/schema\/logo\/image\/\"},\"sameAs\":[\"https:\/\/www.facebook.com\/PressenzaItalia\",\"https:\/\/x.com\/PressenzaIPA\"]},{\"@type\":\"Person\",\"@id\":\"https:\/\/www.pressenza.com\/es\/#\/schema\/person\/3fe2a62cf8f5fea54fc87abcec98dcb4\",\"name\":\"Agencia Boliviana de Informaci\u00f3n - ABI\",\"description\":\"www.abi.bo\",\"sameAs\":[\"https:\/\/x.com\/mincombolivia\"],\"url\":\"https:\/\/www.pressenza.com\/es\/author\/agencia-boliviana-de-informacion-abi\/\"}]}<\/script>\n<!-- \/ Yoast SEO plugin. -->","yoast_head_json":{"title":"Por primera vez una propuesta de reforma constitucional la va decidir el pueblo","description":"El vicepresidente de Bolivia, \u00c1lvaro Garc\u00eda Linera asegur\u00f3 el domingo, en la ciudad de La Paz, que por primera vez una propuesta de reforma constitucional","robots":{"index":"index","follow":"follow","max-snippet":"max-snippet:-1","max-image-preview":"max-image-preview:large","max-video-preview":"max-video-preview:-1"},"canonical":"https:\/\/www.pressenza.com\/es\/2016\/02\/por-primera-vez-una-propuesta-de-reforma-constitucional-la-va-decidir-el-pueblo\/","og_locale":"es_ES","og_type":"article","og_title":"Por primera vez una propuesta de reforma constitucional la va decidir el pueblo","og_description":"El vicepresidente de Bolivia, \u00c1lvaro Garc\u00eda Linera asegur\u00f3 el domingo, en la ciudad de La Paz, que por primera vez una propuesta de reforma constitucional","og_url":"https:\/\/www.pressenza.com\/es\/2016\/02\/por-primera-vez-una-propuesta-de-reforma-constitucional-la-va-decidir-el-pueblo\/","og_site_name":"Pressenza","article_publisher":"https:\/\/www.facebook.com\/PressenzaItalia","article_published_time":"2016-02-21T23:37:42+00:00","og_image":[{"width":479,"height":320,"url":"https:\/\/www.pressenza.com\/wp-content\/uploads\/2016\/02\/201602210220.jpg","type":"image\/jpeg"}],"author":"Agencia Boliviana de Informaci\u00f3n - ABI","twitter_card":"summary_large_image","twitter_creator":"@mincombolivia","twitter_site":"@PressenzaIPA","twitter_misc":{"Escrito por":"Agencia Boliviana de Informaci\u00f3n - ABI","Tiempo de lectura":"2 minutos"},"schema":{"@context":"https:\/\/schema.org","@graph":[{"@type":"Article","@id":"https:\/\/www.pressenza.com\/es\/2016\/02\/por-primera-vez-una-propuesta-de-reforma-constitucional-la-va-decidir-el-pueblo\/#article","isPartOf":{"@id":"https:\/\/www.pressenza.com\/es\/2016\/02\/por-primera-vez-una-propuesta-de-reforma-constitucional-la-va-decidir-el-pueblo\/"},"author":{"name":"Agencia Boliviana de Informaci\u00f3n - ABI","@id":"https:\/\/www.pressenza.com\/es\/#\/schema\/person\/3fe2a62cf8f5fea54fc87abcec98dcb4"},"headline":"Por primera vez una propuesta de reforma constitucional la va decidir el pueblo","datePublished":"2016-02-21T23:37:42+00:00","mainEntityOfPage":{"@id":"https:\/\/www.pressenza.com\/es\/2016\/02\/por-primera-vez-una-propuesta-de-reforma-constitucional-la-va-decidir-el-pueblo\/"},"wordCount":377,"publisher":{"@id":"https:\/\/www.pressenza.com\/es\/#organization"},"image":{"@id":"https:\/\/www.pressenza.com\/es\/2016\/02\/por-primera-vez-una-propuesta-de-reforma-constitucional-la-va-decidir-el-pueblo\/#primaryimage"},"thumbnailUrl":"https:\/\/www.pressenza.com\/wp-content\/uploads\/2016\/02\/201602210220.jpg","keywords":["Cambio Constitucional","elecciones"],"articleSection":["Pol\u00edtica","Sudam\u00e9rica"],"inLanguage":"es"},{"@type":"WebPage","@id":"https:\/\/www.pressenza.com\/es\/2016\/02\/por-primera-vez-una-propuesta-de-reforma-constitucional-la-va-decidir-el-pueblo\/","url":"https:\/\/www.pressenza.com\/es\/2016\/02\/por-primera-vez-una-propuesta-de-reforma-constitucional-la-va-decidir-el-pueblo\/","name":"Por primera vez una propuesta de reforma constitucional la va decidir el pueblo","isPartOf":{"@id":"https:\/\/www.pressenza.com\/es\/#website"},"primaryImageOfPage":{"@id":"https:\/\/www.pressenza.com\/es\/2016\/02\/por-primera-vez-una-propuesta-de-reforma-constitucional-la-va-decidir-el-pueblo\/#primaryimage"},"image":{"@id":"https:\/\/www.pressenza.com\/es\/2016\/02\/por-primera-vez-una-propuesta-de-reforma-constitucional-la-va-decidir-el-pueblo\/#primaryimage"},"thumbnailUrl":"https:\/\/www.pressenza.com\/wp-content\/uploads\/2016\/02\/201602210220.jpg","datePublished":"2016-02-21T23:37:42+00:00","description":"El vicepresidente de Bolivia, \u00c1lvaro Garc\u00eda Linera asegur\u00f3 el domingo, en la ciudad de La Paz, que por primera vez una propuesta de reforma constitucional","breadcrumb":{"@id":"https:\/\/www.pressenza.com\/es\/2016\/02\/por-primera-vez-una-propuesta-de-reforma-constitucional-la-va-decidir-el-pueblo\/#breadcrumb"},"inLanguage":"es","potentialAction":[{"@type":"ReadAction","target":["https:\/\/www.pressenza.com\/es\/2016\/02\/por-primera-vez-una-propuesta-de-reforma-constitucional-la-va-decidir-el-pueblo\/"]}]},{"@type":"ImageObject","inLanguage":"es","@id":"https:\/\/www.pressenza.com\/es\/2016\/02\/por-primera-vez-una-propuesta-de-reforma-constitucional-la-va-decidir-el-pueblo\/#primaryimage","url":"https:\/\/www.pressenza.com\/wp-content\/uploads\/2016\/02\/201602210220.jpg","contentUrl":"https:\/\/www.pressenza.com\/wp-content\/uploads\/2016\/02\/201602210220.jpg","width":479,"height":320},{"@type":"BreadcrumbList","@id":"https:\/\/www.pressenza.com\/es\/2016\/02\/por-primera-vez-una-propuesta-de-reforma-constitucional-la-va-decidir-el-pueblo\/#breadcrumb","itemListElement":[{"@type":"ListItem","position":1,"name":"Accueil","item":"https:\/\/www.pressenza.com\/es\/"},{"@type":"ListItem","position":2,"name":"Por primera vez una propuesta de reforma constitucional la va decidir el pueblo"}]},{"@type":"WebSite","@id":"https:\/\/www.pressenza.com\/es\/#website","url":"https:\/\/www.pressenza.com\/es\/","name":"Pressenza","description":"International Press Agency","publisher":{"@id":"https:\/\/www.pressenza.com\/es\/#organization"},"potentialAction":[{"@type":"SearchAction","target":{"@type":"EntryPoint","urlTemplate":"https:\/\/www.pressenza.com\/es\/?s={search_term_string}"},"query-input":{"@type":"PropertyValueSpecification","valueRequired":true,"valueName":"search_term_string"}}],"inLanguage":"es"},{"@type":"Organization","@id":"https:\/\/www.pressenza.com\/es\/#organization","name":"Pressenza","url":"https:\/\/www.pressenza.com\/es\/","logo":{"@type":"ImageObject","inLanguage":"es","@id":"https:\/\/www.pressenza.com\/es\/#\/schema\/logo\/image\/","url":"https:\/\/www.pressenza.com\/wp-content\/uploads\/2022\/10\/pressenza_logo_200x200.jpg","contentUrl":"https:\/\/www.pressenza.com\/wp-content\/uploads\/2022\/10\/pressenza_logo_200x200.jpg","width":200,"height":200,"caption":"Pressenza"},"image":{"@id":"https:\/\/www.pressenza.com\/es\/#\/schema\/logo\/image\/"},"sameAs":["https:\/\/www.facebook.com\/PressenzaItalia","https:\/\/x.com\/PressenzaIPA"]},{"@type":"Person","@id":"https:\/\/www.pressenza.com\/es\/#\/schema\/person\/3fe2a62cf8f5fea54fc87abcec98dcb4","name":"Agencia Boliviana de Informaci\u00f3n - ABI","description":"www.abi.bo","sameAs":["https:\/\/x.com\/mincombolivia"],"url":"https:\/\/www.pressenza.com\/es\/author\/agencia-boliviana-de-informacion-abi\/"}]}},"place":"La Paz, Bolivia","original_article_url":"","_links":{"self":[{"href":"https:\/\/www.pressenza.com\/es\/wp-json\/wp\/v2\/posts\/280601","targetHints":{"allow":["GET"]}}],"collection":[{"href":"https:\/\/www.pressenza.com\/es\/wp-json\/wp\/v2\/posts"}],"about":[{"href":"https:\/\/www.pressenza.com\/es\/wp-json\/wp\/v2\/types\/post"}],"author":[{"embeddable":true,"href":"https:\/\/www.pressenza.com\/es\/wp-json\/wp\/v2\/users\/127"}],"replies":[{"embeddable":true,"href":"https:\/\/www.pressenza.com\/es\/wp-json\/wp\/v2\/comments?post=280601"}],"version-history":[{"count":0,"href":"https:\/\/www.pressenza.com\/es\/wp-json\/wp\/v2\/posts\/280601\/revisions"}],"wp:featuredmedia":[{"embeddable":true,"href":"https:\/\/www.pressenza.com\/es\/wp-json\/wp\/v2\/media\/280602"}],"wp:attachment":[{"href":"https:\/\/www.pressenza.com\/es\/wp-json\/wp\/v2\/media?parent=280601"}],"wp:term":[{"taxonomy":"category","embeddable":true,"href":"https:\/\/www.pressenza.com\/es\/wp-json\/wp\/v2\/categories?post=280601"},{"taxonomy":"post_tag","embeddable":true,"href":"https:\/\/www.pressenza.com\/es\/wp-json\/wp\/v2\/tags?post=280601"}],"curies":[{"name":"wp","href":"https:\/\/api.w.org\/{rel}","templated":true}]}}