{"id":280578,"date":"2016-02-21T22:07:17","date_gmt":"2016-02-21T22:07:17","guid":{"rendered":"http:\/\/www.pressenza.com\/es\/?p=280578"},"modified":"2016-02-21T22:07:17","modified_gmt":"2016-02-21T22:07:17","slug":"comunicado-oficial-fipu-n1-ante-el-ataque-a-la-libertad-de-prensa-en-los-dialogos-de-paz","status":"publish","type":"post","link":"https:\/\/www.pressenza.com\/es\/2016\/02\/comunicado-oficial-fipu-n1-ante-el-ataque-a-la-libertad-de-prensa-en-los-dialogos-de-paz\/","title":{"rendered":"Comunicado Oficial FIPU N\u00b01, ante el ataque a la libertad de prensa en los di\u00e1logos de paz"},"content":{"rendered":"<p style=\"text-align: justify;\">La Federaci\u00f3n Internacional de Prensa de los Pueblos &#8211; FIPU &#8211; manifiesta su preocupaci\u00f3n frente a la postura del Gobierno Colombiano expresada por la Oficina del Alto Comisionado para la Paz, en cabeza del se\u00f1or Sergio Jaramillo, en la que desautoriza todo tipo de intercambio informativo y period\u00edstico que pueda tener una de las partes sentadas en la mesa de La Habana. Consideramos que la unilateralidad de la decisi\u00f3n no refleja el objetivo final de las conversaciones.<\/p>\n<p>FIPU nace desde la necesidad y con la intenci\u00f3n de visibilizar todas las voces involucradas en la construcci\u00f3n de la paz estable y duradera en Colombia. Por eso nos acercamos a las partes sin exclusi\u00f3n alguna para escuchar y transmitir sus posturas de manera directa, garantizando el derecho a la informaci\u00f3n.<\/p>\n<p>Consideramos que la predisposici\u00f3n de negar la participaci\u00f3n en el proceso de paz a los colombianos, a la comunidad latinoamericana e internacional, es un contrasentido al esp\u00edritu de reconciliaci\u00f3n que deber\u00eda primar en la \u00faltima etapa del proceso.<\/p>\n<p>Hacemos un llamado a los medios de comunicaci\u00f3n a sumarse a este esfuerzo colectivo de aportar a la finalizaci\u00f3n de un conflicto hist\u00f3rico, demasiado largo, y complejo como para continuar con paradigmas del pasado.<\/p>\n<p>Contra la violencia, contra la exclusi\u00f3n, contra el olvido.<br \/>\nSeguiremos.<\/p>\n<p>La Habana,<br \/>\nHern\u00e1n Dar\u00edo Camacho &#8211; Semanario Voz<br \/>\nHern\u00e1n Durango P. &#8211; Notipacocol<br \/>\nMar\u00eda M\u00e9ndez &#8211; Colombia Soberana<br \/>\nAlexander Escobar<br \/>\nJuan Carlos Romero &#8211; Facepopular<br \/>\nOleg Yasinski &#8211; Desinform\u00e9monos, Pressenza, Liva<br \/>\nAlejandro Toro &#8211; Funuvida.<\/p>\n","protected":false},"excerpt":{"rendered":"<p>La Federaci\u00f3n Internacional de Prensa de los Pueblos &#8211; FIPU &#8211; manifiesta su preocupaci\u00f3n frente a la postura del Gobierno Colombiano expresada por la Oficina del Alto Comisionado para la Paz, en cabeza del se\u00f1or Sergio Jaramillo, en la que&hellip;<\/p>\n","protected":false},"author":1053,"featured_media":280579,"comment_status":"closed","ping_status":"open","sticky":false,"template":"","format":"standard","meta":{"footnotes":""},"categories":[69,149,11389,75,79],"tags":[24302,14513],"class_list":["post-280578","post","type-post","status-publish","format-standard","has-post-thumbnail","hentry","category-america-central","category-comunicados-de-prensa","category-contenido-original","category-cultura-es","category-derechos-humanos","tag-federacion-internacional-de-prensa-de-los-pueblos","tag-proceso-de-paz-en-colombia"],"yoast_head":"<!-- This site is optimized with the Yoast SEO plugin v27.1.1 - https:\/\/yoast.com\/product\/yoast-seo-wordpress\/ -->\n<title>Comunicado Oficial FIPU N\u00b01, ante el ataque a la libertad de prensa en los di\u00e1logos de paz<\/title>\n<meta name=\"description\" content=\"La Federaci\u00f3n Internacional de Prensa de los Pueblos - FIPU - manifiesta su preocupaci\u00f3n frente a la postura del Gobierno Colombiano expresada por la\" \/>\n<meta name=\"robots\" content=\"index, follow, max-snippet:-1, max-image-preview:large, max-video-preview:-1\" \/>\n<link rel=\"canonical\" href=\"https:\/\/www.pressenza.com\/es\/2016\/02\/comunicado-oficial-fipu-n1-ante-el-ataque-a-la-libertad-de-prensa-en-los-dialogos-de-paz\/\" \/>\n<meta property=\"og:locale\" content=\"es_ES\" \/>\n<meta property=\"og:type\" content=\"article\" \/>\n<meta property=\"og:title\" content=\"Comunicado Oficial FIPU N\u00b01, ante el ataque a la libertad de prensa en los di\u00e1logos de paz\" \/>\n<meta property=\"og:description\" content=\"La Federaci\u00f3n Internacional de Prensa de los Pueblos - FIPU - manifiesta su preocupaci\u00f3n frente a la postura del Gobierno Colombiano expresada por la\" \/>\n<meta property=\"og:url\" content=\"https:\/\/www.pressenza.com\/es\/2016\/02\/comunicado-oficial-fipu-n1-ante-el-ataque-a-la-libertad-de-prensa-en-los-dialogos-de-paz\/\" \/>\n<meta property=\"og:site_name\" content=\"Pressenza\" \/>\n<meta property=\"article:publisher\" content=\"https:\/\/www.facebook.com\/PressenzaItalia\" \/>\n<meta property=\"article:published_time\" content=\"2016-02-21T22:07:17+00:00\" \/>\n<meta property=\"og:image\" content=\"https:\/\/www.pressenza.com\/wp-content\/uploads\/2016\/02\/fipu.jpg\" \/>\n\t<meta property=\"og:image:width\" content=\"700\" \/>\n\t<meta property=\"og:image:height\" content=\"735\" \/>\n\t<meta property=\"og:image:type\" content=\"image\/jpeg\" \/>\n<meta name=\"author\" content=\"Redacci\u00f3n Colombia\" \/>\n<meta name=\"twitter:card\" content=\"summary_large_image\" \/>\n<meta name=\"twitter:creator\" content=\"@PressenzaIPA\" \/>\n<meta name=\"twitter:site\" content=\"@PressenzaIPA\" \/>\n<meta name=\"twitter:label1\" content=\"Escrito por\" \/>\n\t<meta name=\"twitter:data1\" content=\"Redacci\u00f3n Colombia\" \/>\n\t<meta name=\"twitter:label2\" content=\"Tiempo de lectura\" \/>\n\t<meta name=\"twitter:data2\" content=\"1 minuto\" \/>\n<script type=\"application\/ld+json\" class=\"yoast-schema-graph\">{\"@context\":\"https:\/\/schema.org\",\"@graph\":[{\"@type\":\"Article\",\"@id\":\"https:\/\/www.pressenza.com\/es\/2016\/02\/comunicado-oficial-fipu-n1-ante-el-ataque-a-la-libertad-de-prensa-en-los-dialogos-de-paz\/#article\",\"isPartOf\":{\"@id\":\"https:\/\/www.pressenza.com\/es\/2016\/02\/comunicado-oficial-fipu-n1-ante-el-ataque-a-la-libertad-de-prensa-en-los-dialogos-de-paz\/\"},\"author\":{\"name\":\"Redacci\u00f3n Colombia\",\"@id\":\"https:\/\/www.pressenza.com\/es\/#\/schema\/person\/7c8ee170a4502d638436c91e385315f2\"},\"headline\":\"Comunicado Oficial FIPU N\u00b01, ante el ataque a la libertad de prensa en los di\u00e1logos de paz\",\"datePublished\":\"2016-02-21T22:07:17+00:00\",\"mainEntityOfPage\":{\"@id\":\"https:\/\/www.pressenza.com\/es\/2016\/02\/comunicado-oficial-fipu-n1-ante-el-ataque-a-la-libertad-de-prensa-en-los-dialogos-de-paz\/\"},\"wordCount\":287,\"publisher\":{\"@id\":\"https:\/\/www.pressenza.com\/es\/#organization\"},\"image\":{\"@id\":\"https:\/\/www.pressenza.com\/es\/2016\/02\/comunicado-oficial-fipu-n1-ante-el-ataque-a-la-libertad-de-prensa-en-los-dialogos-de-paz\/#primaryimage\"},\"thumbnailUrl\":\"https:\/\/www.pressenza.com\/wp-content\/uploads\/2016\/02\/fipu.jpg\",\"keywords\":[\"Federaci\u00f3n Internacional de Prensa de los Pueblos\",\"Proceso de Paz en Colombia\"],\"articleSection\":[\"Am\u00e9rica Central\",\"Comunicados de Prensa\",\"Contenido Original\",\"Cultura y Medios\",\"Derechos Humanos\"],\"inLanguage\":\"es\"},{\"@type\":\"WebPage\",\"@id\":\"https:\/\/www.pressenza.com\/es\/2016\/02\/comunicado-oficial-fipu-n1-ante-el-ataque-a-la-libertad-de-prensa-en-los-dialogos-de-paz\/\",\"url\":\"https:\/\/www.pressenza.com\/es\/2016\/02\/comunicado-oficial-fipu-n1-ante-el-ataque-a-la-libertad-de-prensa-en-los-dialogos-de-paz\/\",\"name\":\"Comunicado Oficial FIPU N\u00b01, ante el ataque a la libertad de prensa en los di\u00e1logos de paz\",\"isPartOf\":{\"@id\":\"https:\/\/www.pressenza.com\/es\/#website\"},\"primaryImageOfPage\":{\"@id\":\"https:\/\/www.pressenza.com\/es\/2016\/02\/comunicado-oficial-fipu-n1-ante-el-ataque-a-la-libertad-de-prensa-en-los-dialogos-de-paz\/#primaryimage\"},\"image\":{\"@id\":\"https:\/\/www.pressenza.com\/es\/2016\/02\/comunicado-oficial-fipu-n1-ante-el-ataque-a-la-libertad-de-prensa-en-los-dialogos-de-paz\/#primaryimage\"},\"thumbnailUrl\":\"https:\/\/www.pressenza.com\/wp-content\/uploads\/2016\/02\/fipu.jpg\",\"datePublished\":\"2016-02-21T22:07:17+00:00\",\"description\":\"La Federaci\u00f3n Internacional de Prensa de los Pueblos - FIPU - manifiesta su preocupaci\u00f3n frente a la postura del Gobierno Colombiano expresada por la\",\"breadcrumb\":{\"@id\":\"https:\/\/www.pressenza.com\/es\/2016\/02\/comunicado-oficial-fipu-n1-ante-el-ataque-a-la-libertad-de-prensa-en-los-dialogos-de-paz\/#breadcrumb\"},\"inLanguage\":\"es\",\"potentialAction\":[{\"@type\":\"ReadAction\",\"target\":[\"https:\/\/www.pressenza.com\/es\/2016\/02\/comunicado-oficial-fipu-n1-ante-el-ataque-a-la-libertad-de-prensa-en-los-dialogos-de-paz\/\"]}]},{\"@type\":\"ImageObject\",\"inLanguage\":\"es\",\"@id\":\"https:\/\/www.pressenza.com\/es\/2016\/02\/comunicado-oficial-fipu-n1-ante-el-ataque-a-la-libertad-de-prensa-en-los-dialogos-de-paz\/#primaryimage\",\"url\":\"https:\/\/www.pressenza.com\/wp-content\/uploads\/2016\/02\/fipu.jpg\",\"contentUrl\":\"https:\/\/www.pressenza.com\/wp-content\/uploads\/2016\/02\/fipu.jpg\",\"width\":700,\"height\":735},{\"@type\":\"BreadcrumbList\",\"@id\":\"https:\/\/www.pressenza.com\/es\/2016\/02\/comunicado-oficial-fipu-n1-ante-el-ataque-a-la-libertad-de-prensa-en-los-dialogos-de-paz\/#breadcrumb\",\"itemListElement\":[{\"@type\":\"ListItem\",\"position\":1,\"name\":\"Accueil\",\"item\":\"https:\/\/www.pressenza.com\/es\/\"},{\"@type\":\"ListItem\",\"position\":2,\"name\":\"Comunicado Oficial FIPU N\u00b01, ante el ataque a la libertad de prensa en los di\u00e1logos de paz\"}]},{\"@type\":\"WebSite\",\"@id\":\"https:\/\/www.pressenza.com\/es\/#website\",\"url\":\"https:\/\/www.pressenza.com\/es\/\",\"name\":\"Pressenza\",\"description\":\"International Press Agency\",\"publisher\":{\"@id\":\"https:\/\/www.pressenza.com\/es\/#organization\"},\"potentialAction\":[{\"@type\":\"SearchAction\",\"target\":{\"@type\":\"EntryPoint\",\"urlTemplate\":\"https:\/\/www.pressenza.com\/es\/?s={search_term_string}\"},\"query-input\":{\"@type\":\"PropertyValueSpecification\",\"valueRequired\":true,\"valueName\":\"search_term_string\"}}],\"inLanguage\":\"es\"},{\"@type\":\"Organization\",\"@id\":\"https:\/\/www.pressenza.com\/es\/#organization\",\"name\":\"Pressenza\",\"url\":\"https:\/\/www.pressenza.com\/es\/\",\"logo\":{\"@type\":\"ImageObject\",\"inLanguage\":\"es\",\"@id\":\"https:\/\/www.pressenza.com\/es\/#\/schema\/logo\/image\/\",\"url\":\"https:\/\/www.pressenza.com\/wp-content\/uploads\/2022\/10\/pressenza_logo_200x200.jpg\",\"contentUrl\":\"https:\/\/www.pressenza.com\/wp-content\/uploads\/2022\/10\/pressenza_logo_200x200.jpg\",\"width\":200,\"height\":200,\"caption\":\"Pressenza\"},\"image\":{\"@id\":\"https:\/\/www.pressenza.com\/es\/#\/schema\/logo\/image\/\"},\"sameAs\":[\"https:\/\/www.facebook.com\/PressenzaItalia\",\"https:\/\/x.com\/PressenzaIPA\"]},{\"@type\":\"Person\",\"@id\":\"https:\/\/www.pressenza.com\/es\/#\/schema\/person\/7c8ee170a4502d638436c91e385315f2\",\"name\":\"Redacci\u00f3n Colombia\",\"description\":\"News published by the Pressenza bureau in Colombia\",\"url\":\"https:\/\/www.pressenza.com\/es\/author\/redaccion-colombia\/\"}]}<\/script>\n<!-- \/ Yoast SEO plugin. -->","yoast_head_json":{"title":"Comunicado Oficial FIPU N\u00b01, ante el ataque a la libertad de prensa en los di\u00e1logos de paz","description":"La Federaci\u00f3n Internacional de Prensa de los Pueblos - FIPU - manifiesta su preocupaci\u00f3n frente a la postura del Gobierno Colombiano expresada por la","robots":{"index":"index","follow":"follow","max-snippet":"max-snippet:-1","max-image-preview":"max-image-preview:large","max-video-preview":"max-video-preview:-1"},"canonical":"https:\/\/www.pressenza.com\/es\/2016\/02\/comunicado-oficial-fipu-n1-ante-el-ataque-a-la-libertad-de-prensa-en-los-dialogos-de-paz\/","og_locale":"es_ES","og_type":"article","og_title":"Comunicado Oficial FIPU N\u00b01, ante el ataque a la libertad de prensa en los di\u00e1logos de paz","og_description":"La Federaci\u00f3n Internacional de Prensa de los Pueblos - FIPU - manifiesta su preocupaci\u00f3n frente a la postura del Gobierno Colombiano expresada por la","og_url":"https:\/\/www.pressenza.com\/es\/2016\/02\/comunicado-oficial-fipu-n1-ante-el-ataque-a-la-libertad-de-prensa-en-los-dialogos-de-paz\/","og_site_name":"Pressenza","article_publisher":"https:\/\/www.facebook.com\/PressenzaItalia","article_published_time":"2016-02-21T22:07:17+00:00","og_image":[{"width":700,"height":735,"url":"https:\/\/www.pressenza.com\/wp-content\/uploads\/2016\/02\/fipu.jpg","type":"image\/jpeg"}],"author":"Redacci\u00f3n Colombia","twitter_card":"summary_large_image","twitter_creator":"@PressenzaIPA","twitter_site":"@PressenzaIPA","twitter_misc":{"Escrito por":"Redacci\u00f3n Colombia","Tiempo de lectura":"1 minuto"},"schema":{"@context":"https:\/\/schema.org","@graph":[{"@type":"Article","@id":"https:\/\/www.pressenza.com\/es\/2016\/02\/comunicado-oficial-fipu-n1-ante-el-ataque-a-la-libertad-de-prensa-en-los-dialogos-de-paz\/#article","isPartOf":{"@id":"https:\/\/www.pressenza.com\/es\/2016\/02\/comunicado-oficial-fipu-n1-ante-el-ataque-a-la-libertad-de-prensa-en-los-dialogos-de-paz\/"},"author":{"name":"Redacci\u00f3n Colombia","@id":"https:\/\/www.pressenza.com\/es\/#\/schema\/person\/7c8ee170a4502d638436c91e385315f2"},"headline":"Comunicado Oficial FIPU N\u00b01, ante el ataque a la libertad de prensa en los di\u00e1logos de paz","datePublished":"2016-02-21T22:07:17+00:00","mainEntityOfPage":{"@id":"https:\/\/www.pressenza.com\/es\/2016\/02\/comunicado-oficial-fipu-n1-ante-el-ataque-a-la-libertad-de-prensa-en-los-dialogos-de-paz\/"},"wordCount":287,"publisher":{"@id":"https:\/\/www.pressenza.com\/es\/#organization"},"image":{"@id":"https:\/\/www.pressenza.com\/es\/2016\/02\/comunicado-oficial-fipu-n1-ante-el-ataque-a-la-libertad-de-prensa-en-los-dialogos-de-paz\/#primaryimage"},"thumbnailUrl":"https:\/\/www.pressenza.com\/wp-content\/uploads\/2016\/02\/fipu.jpg","keywords":["Federaci\u00f3n Internacional de Prensa de los Pueblos","Proceso de Paz en Colombia"],"articleSection":["Am\u00e9rica Central","Comunicados de Prensa","Contenido Original","Cultura y Medios","Derechos Humanos"],"inLanguage":"es"},{"@type":"WebPage","@id":"https:\/\/www.pressenza.com\/es\/2016\/02\/comunicado-oficial-fipu-n1-ante-el-ataque-a-la-libertad-de-prensa-en-los-dialogos-de-paz\/","url":"https:\/\/www.pressenza.com\/es\/2016\/02\/comunicado-oficial-fipu-n1-ante-el-ataque-a-la-libertad-de-prensa-en-los-dialogos-de-paz\/","name":"Comunicado Oficial FIPU N\u00b01, ante el ataque a la libertad de prensa en los di\u00e1logos de paz","isPartOf":{"@id":"https:\/\/www.pressenza.com\/es\/#website"},"primaryImageOfPage":{"@id":"https:\/\/www.pressenza.com\/es\/2016\/02\/comunicado-oficial-fipu-n1-ante-el-ataque-a-la-libertad-de-prensa-en-los-dialogos-de-paz\/#primaryimage"},"image":{"@id":"https:\/\/www.pressenza.com\/es\/2016\/02\/comunicado-oficial-fipu-n1-ante-el-ataque-a-la-libertad-de-prensa-en-los-dialogos-de-paz\/#primaryimage"},"thumbnailUrl":"https:\/\/www.pressenza.com\/wp-content\/uploads\/2016\/02\/fipu.jpg","datePublished":"2016-02-21T22:07:17+00:00","description":"La Federaci\u00f3n Internacional de Prensa de los Pueblos - FIPU - manifiesta su preocupaci\u00f3n frente a la postura del Gobierno Colombiano expresada por la","breadcrumb":{"@id":"https:\/\/www.pressenza.com\/es\/2016\/02\/comunicado-oficial-fipu-n1-ante-el-ataque-a-la-libertad-de-prensa-en-los-dialogos-de-paz\/#breadcrumb"},"inLanguage":"es","potentialAction":[{"@type":"ReadAction","target":["https:\/\/www.pressenza.com\/es\/2016\/02\/comunicado-oficial-fipu-n1-ante-el-ataque-a-la-libertad-de-prensa-en-los-dialogos-de-paz\/"]}]},{"@type":"ImageObject","inLanguage":"es","@id":"https:\/\/www.pressenza.com\/es\/2016\/02\/comunicado-oficial-fipu-n1-ante-el-ataque-a-la-libertad-de-prensa-en-los-dialogos-de-paz\/#primaryimage","url":"https:\/\/www.pressenza.com\/wp-content\/uploads\/2016\/02\/fipu.jpg","contentUrl":"https:\/\/www.pressenza.com\/wp-content\/uploads\/2016\/02\/fipu.jpg","width":700,"height":735},{"@type":"BreadcrumbList","@id":"https:\/\/www.pressenza.com\/es\/2016\/02\/comunicado-oficial-fipu-n1-ante-el-ataque-a-la-libertad-de-prensa-en-los-dialogos-de-paz\/#breadcrumb","itemListElement":[{"@type":"ListItem","position":1,"name":"Accueil","item":"https:\/\/www.pressenza.com\/es\/"},{"@type":"ListItem","position":2,"name":"Comunicado Oficial FIPU N\u00b01, ante el ataque a la libertad de prensa en los di\u00e1logos de paz"}]},{"@type":"WebSite","@id":"https:\/\/www.pressenza.com\/es\/#website","url":"https:\/\/www.pressenza.com\/es\/","name":"Pressenza","description":"International Press Agency","publisher":{"@id":"https:\/\/www.pressenza.com\/es\/#organization"},"potentialAction":[{"@type":"SearchAction","target":{"@type":"EntryPoint","urlTemplate":"https:\/\/www.pressenza.com\/es\/?s={search_term_string}"},"query-input":{"@type":"PropertyValueSpecification","valueRequired":true,"valueName":"search_term_string"}}],"inLanguage":"es"},{"@type":"Organization","@id":"https:\/\/www.pressenza.com\/es\/#organization","name":"Pressenza","url":"https:\/\/www.pressenza.com\/es\/","logo":{"@type":"ImageObject","inLanguage":"es","@id":"https:\/\/www.pressenza.com\/es\/#\/schema\/logo\/image\/","url":"https:\/\/www.pressenza.com\/wp-content\/uploads\/2022\/10\/pressenza_logo_200x200.jpg","contentUrl":"https:\/\/www.pressenza.com\/wp-content\/uploads\/2022\/10\/pressenza_logo_200x200.jpg","width":200,"height":200,"caption":"Pressenza"},"image":{"@id":"https:\/\/www.pressenza.com\/es\/#\/schema\/logo\/image\/"},"sameAs":["https:\/\/www.facebook.com\/PressenzaItalia","https:\/\/x.com\/PressenzaIPA"]},{"@type":"Person","@id":"https:\/\/www.pressenza.com\/es\/#\/schema\/person\/7c8ee170a4502d638436c91e385315f2","name":"Redacci\u00f3n Colombia","description":"News published by the Pressenza bureau in Colombia","url":"https:\/\/www.pressenza.com\/es\/author\/redaccion-colombia\/"}]}},"place":"La Habna, Cuba","original_article_url":"","_links":{"self":[{"href":"https:\/\/www.pressenza.com\/es\/wp-json\/wp\/v2\/posts\/280578","targetHints":{"allow":["GET"]}}],"collection":[{"href":"https:\/\/www.pressenza.com\/es\/wp-json\/wp\/v2\/posts"}],"about":[{"href":"https:\/\/www.pressenza.com\/es\/wp-json\/wp\/v2\/types\/post"}],"author":[{"embeddable":true,"href":"https:\/\/www.pressenza.com\/es\/wp-json\/wp\/v2\/users\/1053"}],"replies":[{"embeddable":true,"href":"https:\/\/www.pressenza.com\/es\/wp-json\/wp\/v2\/comments?post=280578"}],"version-history":[{"count":0,"href":"https:\/\/www.pressenza.com\/es\/wp-json\/wp\/v2\/posts\/280578\/revisions"}],"wp:featuredmedia":[{"embeddable":true,"href":"https:\/\/www.pressenza.com\/es\/wp-json\/wp\/v2\/media\/280579"}],"wp:attachment":[{"href":"https:\/\/www.pressenza.com\/es\/wp-json\/wp\/v2\/media?parent=280578"}],"wp:term":[{"taxonomy":"category","embeddable":true,"href":"https:\/\/www.pressenza.com\/es\/wp-json\/wp\/v2\/categories?post=280578"},{"taxonomy":"post_tag","embeddable":true,"href":"https:\/\/www.pressenza.com\/es\/wp-json\/wp\/v2\/tags?post=280578"}],"curies":[{"name":"wp","href":"https:\/\/api.w.org\/{rel}","templated":true}]}}