{"id":279114,"date":"2016-02-18T01:28:50","date_gmt":"2016-02-18T01:28:50","guid":{"rendered":"http:\/\/www.pressenza.com\/es\/?p=279114"},"modified":"2016-02-18T01:28:50","modified_gmt":"2016-02-18T01:28:50","slug":"mineria-en-peru-la-batalla-del-cobre-el-documental-de-la-tv-espanola-sobre-tia-maria","status":"publish","type":"post","link":"https:\/\/www.pressenza.com\/es\/2016\/02\/mineria-en-peru-la-batalla-del-cobre-el-documental-de-la-tv-espanola-sobre-tia-maria\/","title":{"rendered":"Miner\u00eda en Per\u00fa: \u00abLa batalla del cobre\u00bb el documental de la Tv espa\u00f1ola sobre T\u00eda Mar\u00eda"},"content":{"rendered":"<p style=\"text-align: justify;\">A casi un a\u00f1o del \u00faltimo episodio de violencia y caos que vivieron los agricultores del Valle de Tambo, en Arequipa, por el proyecto minero T\u00eda Mar\u00eda de la minera Southern Copper, la\u00a0<a href=\"http:\/\/www.rtve.es\/alacarta\/videos\/en-portada\/portada-batalla-del-cobre\/3483640\/\" target=\"_blank\">Corporaci\u00f3n de Radio y Televisi\u00f3n Espa\u00f1ola<\/a> (RTVE) emiti\u00f3 el documental \u201cLa batalla del cobre\u201d.<\/p>\n<p style=\"text-align: justify;\">El video producido por el programa \u201cEn Portada\u201d y realizado por la periodista Yolanda \u00c1lvarez muestra los pormenores del conflicto social que en las protestas de <a href=\"http:\/\/www.servindi.org\/actualidad\/42842\" target=\"_blank\">2011<\/a> y <a href=\"http:\/\/www.servindi.org\/actualidad\/129757\" target=\"_blank\">2015<\/a> dej\u00f3 siete campesinos fallecidos producto de la desmedida represi\u00f3n de las fuerzas policiales y militares.<\/p>\n<p style=\"text-align: justify;\">Asimismo, el documental analiza el probable riesgo que significa el proyecto T\u00eda Mar\u00eda para los agricultores ya que pretende abrir dos minas a cielo abierto para extraer cobre a escasos kil\u00f3metros de distancia del valle.<\/p>\n<p style=\"text-align: justify;\">En los 41 minutos de duraci\u00f3n podemos atender a las declaraciones de Yamila Osorio, gobernadora regional de Arequipa; Dar\u00edo Oviedo, encargado de servicios ambientales de Southern; Jes\u00fas Cornejo, dirigente de Valle de Tambo; el ingeniero independiente Otto Hito; entre otros.<\/p>\n<p style=\"text-align: justify;\">Como se recuerda tras los hechos de violencia suscitados en mayo de 2015, Southern mantiene paralizadas sus acciones en la zona mientras establece un Plan de Socializaci\u00f3n que intenta convencer a los arequipe\u00f1os sobre los beneficios de la miner\u00eda.<\/p>\n<p style=\"text-align: justify;\">A continuaci\u00f3n compartimos el documental \u201cLa batalla del cobre\u201d:<\/p>\n<p><iframe loading=\"lazy\" title=\"Miner\u00eda en Per\u00fa: La batalla del cobre (En portada 11-02-2016)\" width=\"500\" height=\"281\" src=\"https:\/\/www.youtube.com\/embed\/c7YpKa9NHJk?feature=oembed\" frameborder=\"0\" allow=\"accelerometer; autoplay; clipboard-write; encrypted-media; gyroscope; picture-in-picture; web-share\" referrerpolicy=\"strict-origin-when-cross-origin\" allowfullscreen><\/iframe><\/p>\n","protected":false},"excerpt":{"rendered":"<p>A casi un a\u00f1o del \u00faltimo episodio de violencia y caos que vivieron los agricultores del Valle de Tambo, en Arequipa, por el proyecto minero T\u00eda Mar\u00eda de la minera Southern Copper, la\u00a0Corporaci\u00f3n de Radio y Televisi\u00f3n Espa\u00f1ola (RTVE) emiti\u00f3&hellip;<\/p>\n","protected":false},"author":1256,"featured_media":279115,"comment_status":"closed","ping_status":"open","sticky":false,"template":"","format":"standard","meta":{"footnotes":""},"categories":[79,78,81,39,67],"tags":[17779,24207,23383,544,24206,16971,1560,24208,20591,17706],"class_list":["post-279114","post","type-post","status-publish","format-standard","has-post-thumbnail","hentry","category-derechos-humanos","category-medio-ambiente-ecologia","category-economia-es","category-internacional","category-sudamerica","tag-arequipa","tag-conflicto-social","tag-consulta-previa","tag-documental","tag-la-batalla-del-cobre","tag-mineria","tag-peru","tag-rtve","tag-southern-copper","tag-tia-maria"],"yoast_head":"<!-- This site is optimized with the Yoast SEO plugin v27.1.1 - https:\/\/yoast.com\/product\/yoast-seo-wordpress\/ -->\n<title>Miner\u00eda en Per\u00fa: &quot;La batalla del cobre&quot; el documental de la Tv espa\u00f1ola sobre T\u00eda Mar\u00eda<\/title>\n<meta name=\"description\" content=\"A casi un a\u00f1o del \u00faltimo episodio de violencia y caos que vivieron los agricultores del Valle de Tambo, en Arequipa, por el proyecto minero T\u00eda Mar\u00eda de\" \/>\n<meta name=\"robots\" content=\"index, follow, max-snippet:-1, max-image-preview:large, max-video-preview:-1\" \/>\n<link rel=\"canonical\" href=\"https:\/\/www.pressenza.com\/es\/2016\/02\/mineria-en-peru-la-batalla-del-cobre-el-documental-de-la-tv-espanola-sobre-tia-maria\/\" \/>\n<meta property=\"og:locale\" content=\"es_ES\" \/>\n<meta property=\"og:type\" content=\"article\" \/>\n<meta property=\"og:title\" content=\"Miner\u00eda en Per\u00fa: &quot;La batalla del cobre&quot; el documental de la Tv espa\u00f1ola sobre T\u00eda Mar\u00eda\" \/>\n<meta property=\"og:description\" content=\"A casi un a\u00f1o del \u00faltimo episodio de violencia y caos que vivieron los agricultores del Valle de Tambo, en Arequipa, por el proyecto minero T\u00eda Mar\u00eda de\" \/>\n<meta property=\"og:url\" content=\"https:\/\/www.pressenza.com\/es\/2016\/02\/mineria-en-peru-la-batalla-del-cobre-el-documental-de-la-tv-espanola-sobre-tia-maria\/\" \/>\n<meta property=\"og:site_name\" content=\"Pressenza\" \/>\n<meta property=\"article:publisher\" content=\"https:\/\/www.facebook.com\/PressenzaItalia\" \/>\n<meta property=\"article:author\" content=\"https:\/\/www.facebook.com\/servindinoticias\/?fref=ts\" \/>\n<meta property=\"article:published_time\" content=\"2016-02-18T01:28:50+00:00\" \/>\n<meta property=\"og:image\" content=\"https:\/\/www.pressenza.com\/wp-content\/uploads\/2016\/02\/rtve.es_.jpg\" \/>\n\t<meta property=\"og:image:width\" content=\"800\" \/>\n\t<meta property=\"og:image:height\" content=\"533\" \/>\n\t<meta property=\"og:image:type\" content=\"image\/jpeg\" \/>\n<meta name=\"author\" content=\"SERVINDI\" \/>\n<meta name=\"twitter:card\" content=\"summary_large_image\" \/>\n<meta name=\"twitter:creator\" content=\"@servindi\" \/>\n<meta name=\"twitter:site\" content=\"@PressenzaIPA\" \/>\n<meta name=\"twitter:label1\" content=\"Escrito por\" \/>\n\t<meta name=\"twitter:data1\" content=\"SERVINDI\" \/>\n\t<meta name=\"twitter:label2\" content=\"Tiempo de lectura\" \/>\n\t<meta name=\"twitter:data2\" content=\"1 minuto\" \/>\n<script type=\"application\/ld+json\" class=\"yoast-schema-graph\">{\"@context\":\"https:\/\/schema.org\",\"@graph\":[{\"@type\":\"Article\",\"@id\":\"https:\/\/www.pressenza.com\/es\/2016\/02\/mineria-en-peru-la-batalla-del-cobre-el-documental-de-la-tv-espanola-sobre-tia-maria\/#article\",\"isPartOf\":{\"@id\":\"https:\/\/www.pressenza.com\/es\/2016\/02\/mineria-en-peru-la-batalla-del-cobre-el-documental-de-la-tv-espanola-sobre-tia-maria\/\"},\"author\":{\"name\":\"SERVINDI\",\"@id\":\"https:\/\/www.pressenza.com\/es\/#\/schema\/person\/6f7bffaf2962fc89e55e93589c50d908\"},\"headline\":\"Miner\u00eda en Per\u00fa: \u00abLa batalla del cobre\u00bb el documental de la Tv espa\u00f1ola sobre T\u00eda Mar\u00eda\",\"datePublished\":\"2016-02-18T01:28:50+00:00\",\"mainEntityOfPage\":{\"@id\":\"https:\/\/www.pressenza.com\/es\/2016\/02\/mineria-en-peru-la-batalla-del-cobre-el-documental-de-la-tv-espanola-sobre-tia-maria\/\"},\"wordCount\":258,\"publisher\":{\"@id\":\"https:\/\/www.pressenza.com\/es\/#organization\"},\"image\":{\"@id\":\"https:\/\/www.pressenza.com\/es\/2016\/02\/mineria-en-peru-la-batalla-del-cobre-el-documental-de-la-tv-espanola-sobre-tia-maria\/#primaryimage\"},\"thumbnailUrl\":\"https:\/\/www.pressenza.com\/wp-content\/uploads\/2016\/02\/rtve.es_.jpg\",\"keywords\":[\"Arequipa\",\"conflicto social\",\"Consulta previa\",\"documental\",\"La batalla del cobre\",\"Miner\u00eda\",\"Per\u00fa\",\"rtve\",\"Southern Copper\",\"T\u00eda Mar\u00eda\"],\"articleSection\":[\"Derechos Humanos\",\"Ecolog\u00eda y Medio Ambiente\",\"Econom\u00eda\",\"Internacional\",\"Sudam\u00e9rica\"],\"inLanguage\":\"es\"},{\"@type\":\"WebPage\",\"@id\":\"https:\/\/www.pressenza.com\/es\/2016\/02\/mineria-en-peru-la-batalla-del-cobre-el-documental-de-la-tv-espanola-sobre-tia-maria\/\",\"url\":\"https:\/\/www.pressenza.com\/es\/2016\/02\/mineria-en-peru-la-batalla-del-cobre-el-documental-de-la-tv-espanola-sobre-tia-maria\/\",\"name\":\"Miner\u00eda en Per\u00fa: \\\"La batalla del cobre\\\" el documental de la Tv espa\u00f1ola sobre T\u00eda Mar\u00eda\",\"isPartOf\":{\"@id\":\"https:\/\/www.pressenza.com\/es\/#website\"},\"primaryImageOfPage\":{\"@id\":\"https:\/\/www.pressenza.com\/es\/2016\/02\/mineria-en-peru-la-batalla-del-cobre-el-documental-de-la-tv-espanola-sobre-tia-maria\/#primaryimage\"},\"image\":{\"@id\":\"https:\/\/www.pressenza.com\/es\/2016\/02\/mineria-en-peru-la-batalla-del-cobre-el-documental-de-la-tv-espanola-sobre-tia-maria\/#primaryimage\"},\"thumbnailUrl\":\"https:\/\/www.pressenza.com\/wp-content\/uploads\/2016\/02\/rtve.es_.jpg\",\"datePublished\":\"2016-02-18T01:28:50+00:00\",\"description\":\"A casi un a\u00f1o del \u00faltimo episodio de violencia y caos que vivieron los agricultores del Valle de Tambo, en Arequipa, por el proyecto minero T\u00eda Mar\u00eda de\",\"breadcrumb\":{\"@id\":\"https:\/\/www.pressenza.com\/es\/2016\/02\/mineria-en-peru-la-batalla-del-cobre-el-documental-de-la-tv-espanola-sobre-tia-maria\/#breadcrumb\"},\"inLanguage\":\"es\",\"potentialAction\":[{\"@type\":\"ReadAction\",\"target\":[\"https:\/\/www.pressenza.com\/es\/2016\/02\/mineria-en-peru-la-batalla-del-cobre-el-documental-de-la-tv-espanola-sobre-tia-maria\/\"]}]},{\"@type\":\"ImageObject\",\"inLanguage\":\"es\",\"@id\":\"https:\/\/www.pressenza.com\/es\/2016\/02\/mineria-en-peru-la-batalla-del-cobre-el-documental-de-la-tv-espanola-sobre-tia-maria\/#primaryimage\",\"url\":\"https:\/\/www.pressenza.com\/wp-content\/uploads\/2016\/02\/rtve.es_.jpg\",\"contentUrl\":\"https:\/\/www.pressenza.com\/wp-content\/uploads\/2016\/02\/rtve.es_.jpg\",\"width\":800,\"height\":533,\"caption\":\"Foto: rtve.es\"},{\"@type\":\"BreadcrumbList\",\"@id\":\"https:\/\/www.pressenza.com\/es\/2016\/02\/mineria-en-peru-la-batalla-del-cobre-el-documental-de-la-tv-espanola-sobre-tia-maria\/#breadcrumb\",\"itemListElement\":[{\"@type\":\"ListItem\",\"position\":1,\"name\":\"Accueil\",\"item\":\"https:\/\/www.pressenza.com\/es\/\"},{\"@type\":\"ListItem\",\"position\":2,\"name\":\"Miner\u00eda en Per\u00fa: \u00abLa batalla del cobre\u00bb el documental de la Tv espa\u00f1ola sobre T\u00eda Mar\u00eda\"}]},{\"@type\":\"WebSite\",\"@id\":\"https:\/\/www.pressenza.com\/es\/#website\",\"url\":\"https:\/\/www.pressenza.com\/es\/\",\"name\":\"Pressenza\",\"description\":\"International Press Agency\",\"publisher\":{\"@id\":\"https:\/\/www.pressenza.com\/es\/#organization\"},\"potentialAction\":[{\"@type\":\"SearchAction\",\"target\":{\"@type\":\"EntryPoint\",\"urlTemplate\":\"https:\/\/www.pressenza.com\/es\/?s={search_term_string}\"},\"query-input\":{\"@type\":\"PropertyValueSpecification\",\"valueRequired\":true,\"valueName\":\"search_term_string\"}}],\"inLanguage\":\"es\"},{\"@type\":\"Organization\",\"@id\":\"https:\/\/www.pressenza.com\/es\/#organization\",\"name\":\"Pressenza\",\"url\":\"https:\/\/www.pressenza.com\/es\/\",\"logo\":{\"@type\":\"ImageObject\",\"inLanguage\":\"es\",\"@id\":\"https:\/\/www.pressenza.com\/es\/#\/schema\/logo\/image\/\",\"url\":\"https:\/\/www.pressenza.com\/wp-content\/uploads\/2022\/10\/pressenza_logo_200x200.jpg\",\"contentUrl\":\"https:\/\/www.pressenza.com\/wp-content\/uploads\/2022\/10\/pressenza_logo_200x200.jpg\",\"width\":200,\"height\":200,\"caption\":\"Pressenza\"},\"image\":{\"@id\":\"https:\/\/www.pressenza.com\/es\/#\/schema\/logo\/image\/\"},\"sameAs\":[\"https:\/\/www.facebook.com\/PressenzaItalia\",\"https:\/\/x.com\/PressenzaIPA\"]},{\"@type\":\"Person\",\"@id\":\"https:\/\/www.pressenza.com\/es\/#\/schema\/person\/6f7bffaf2962fc89e55e93589c50d908\",\"name\":\"SERVINDI\",\"description\":\"Conscientes de nuestro rol de apoyo y acompa\u00f1amiento operamos como una agencia de noticias y elaboramos notas informativas, informes especiales, entrevistas y producciones de audio y v\u00eddeo, relacionadas al acontecer ind\u00edgena y ambiental nacional y mundial. www.servindi.org\",\"sameAs\":[\"https:\/\/www.facebook.com\/servindinoticias\/?fref=ts\",\"https:\/\/x.com\/servindi\"],\"url\":\"https:\/\/www.pressenza.com\/es\/author\/servindi\/\"}]}<\/script>\n<!-- \/ Yoast SEO plugin. -->","yoast_head_json":{"title":"Miner\u00eda en Per\u00fa: \"La batalla del cobre\" el documental de la Tv espa\u00f1ola sobre T\u00eda Mar\u00eda","description":"A casi un a\u00f1o del \u00faltimo episodio de violencia y caos que vivieron los agricultores del Valle de Tambo, en Arequipa, por el proyecto minero T\u00eda Mar\u00eda de","robots":{"index":"index","follow":"follow","max-snippet":"max-snippet:-1","max-image-preview":"max-image-preview:large","max-video-preview":"max-video-preview:-1"},"canonical":"https:\/\/www.pressenza.com\/es\/2016\/02\/mineria-en-peru-la-batalla-del-cobre-el-documental-de-la-tv-espanola-sobre-tia-maria\/","og_locale":"es_ES","og_type":"article","og_title":"Miner\u00eda en Per\u00fa: \"La batalla del cobre\" el documental de la Tv espa\u00f1ola sobre T\u00eda Mar\u00eda","og_description":"A casi un a\u00f1o del \u00faltimo episodio de violencia y caos que vivieron los agricultores del Valle de Tambo, en Arequipa, por el proyecto minero T\u00eda Mar\u00eda de","og_url":"https:\/\/www.pressenza.com\/es\/2016\/02\/mineria-en-peru-la-batalla-del-cobre-el-documental-de-la-tv-espanola-sobre-tia-maria\/","og_site_name":"Pressenza","article_publisher":"https:\/\/www.facebook.com\/PressenzaItalia","article_author":"https:\/\/www.facebook.com\/servindinoticias\/?fref=ts","article_published_time":"2016-02-18T01:28:50+00:00","og_image":[{"width":800,"height":533,"url":"https:\/\/www.pressenza.com\/wp-content\/uploads\/2016\/02\/rtve.es_.jpg","type":"image\/jpeg"}],"author":"SERVINDI","twitter_card":"summary_large_image","twitter_creator":"@servindi","twitter_site":"@PressenzaIPA","twitter_misc":{"Escrito por":"SERVINDI","Tiempo de lectura":"1 minuto"},"schema":{"@context":"https:\/\/schema.org","@graph":[{"@type":"Article","@id":"https:\/\/www.pressenza.com\/es\/2016\/02\/mineria-en-peru-la-batalla-del-cobre-el-documental-de-la-tv-espanola-sobre-tia-maria\/#article","isPartOf":{"@id":"https:\/\/www.pressenza.com\/es\/2016\/02\/mineria-en-peru-la-batalla-del-cobre-el-documental-de-la-tv-espanola-sobre-tia-maria\/"},"author":{"name":"SERVINDI","@id":"https:\/\/www.pressenza.com\/es\/#\/schema\/person\/6f7bffaf2962fc89e55e93589c50d908"},"headline":"Miner\u00eda en Per\u00fa: \u00abLa batalla del cobre\u00bb el documental de la Tv espa\u00f1ola sobre T\u00eda Mar\u00eda","datePublished":"2016-02-18T01:28:50+00:00","mainEntityOfPage":{"@id":"https:\/\/www.pressenza.com\/es\/2016\/02\/mineria-en-peru-la-batalla-del-cobre-el-documental-de-la-tv-espanola-sobre-tia-maria\/"},"wordCount":258,"publisher":{"@id":"https:\/\/www.pressenza.com\/es\/#organization"},"image":{"@id":"https:\/\/www.pressenza.com\/es\/2016\/02\/mineria-en-peru-la-batalla-del-cobre-el-documental-de-la-tv-espanola-sobre-tia-maria\/#primaryimage"},"thumbnailUrl":"https:\/\/www.pressenza.com\/wp-content\/uploads\/2016\/02\/rtve.es_.jpg","keywords":["Arequipa","conflicto social","Consulta previa","documental","La batalla del cobre","Miner\u00eda","Per\u00fa","rtve","Southern Copper","T\u00eda Mar\u00eda"],"articleSection":["Derechos Humanos","Ecolog\u00eda y Medio Ambiente","Econom\u00eda","Internacional","Sudam\u00e9rica"],"inLanguage":"es"},{"@type":"WebPage","@id":"https:\/\/www.pressenza.com\/es\/2016\/02\/mineria-en-peru-la-batalla-del-cobre-el-documental-de-la-tv-espanola-sobre-tia-maria\/","url":"https:\/\/www.pressenza.com\/es\/2016\/02\/mineria-en-peru-la-batalla-del-cobre-el-documental-de-la-tv-espanola-sobre-tia-maria\/","name":"Miner\u00eda en Per\u00fa: \"La batalla del cobre\" el documental de la Tv espa\u00f1ola sobre T\u00eda Mar\u00eda","isPartOf":{"@id":"https:\/\/www.pressenza.com\/es\/#website"},"primaryImageOfPage":{"@id":"https:\/\/www.pressenza.com\/es\/2016\/02\/mineria-en-peru-la-batalla-del-cobre-el-documental-de-la-tv-espanola-sobre-tia-maria\/#primaryimage"},"image":{"@id":"https:\/\/www.pressenza.com\/es\/2016\/02\/mineria-en-peru-la-batalla-del-cobre-el-documental-de-la-tv-espanola-sobre-tia-maria\/#primaryimage"},"thumbnailUrl":"https:\/\/www.pressenza.com\/wp-content\/uploads\/2016\/02\/rtve.es_.jpg","datePublished":"2016-02-18T01:28:50+00:00","description":"A casi un a\u00f1o del \u00faltimo episodio de violencia y caos que vivieron los agricultores del Valle de Tambo, en Arequipa, por el proyecto minero T\u00eda Mar\u00eda de","breadcrumb":{"@id":"https:\/\/www.pressenza.com\/es\/2016\/02\/mineria-en-peru-la-batalla-del-cobre-el-documental-de-la-tv-espanola-sobre-tia-maria\/#breadcrumb"},"inLanguage":"es","potentialAction":[{"@type":"ReadAction","target":["https:\/\/www.pressenza.com\/es\/2016\/02\/mineria-en-peru-la-batalla-del-cobre-el-documental-de-la-tv-espanola-sobre-tia-maria\/"]}]},{"@type":"ImageObject","inLanguage":"es","@id":"https:\/\/www.pressenza.com\/es\/2016\/02\/mineria-en-peru-la-batalla-del-cobre-el-documental-de-la-tv-espanola-sobre-tia-maria\/#primaryimage","url":"https:\/\/www.pressenza.com\/wp-content\/uploads\/2016\/02\/rtve.es_.jpg","contentUrl":"https:\/\/www.pressenza.com\/wp-content\/uploads\/2016\/02\/rtve.es_.jpg","width":800,"height":533,"caption":"Foto: rtve.es"},{"@type":"BreadcrumbList","@id":"https:\/\/www.pressenza.com\/es\/2016\/02\/mineria-en-peru-la-batalla-del-cobre-el-documental-de-la-tv-espanola-sobre-tia-maria\/#breadcrumb","itemListElement":[{"@type":"ListItem","position":1,"name":"Accueil","item":"https:\/\/www.pressenza.com\/es\/"},{"@type":"ListItem","position":2,"name":"Miner\u00eda en Per\u00fa: \u00abLa batalla del cobre\u00bb el documental de la Tv espa\u00f1ola sobre T\u00eda Mar\u00eda"}]},{"@type":"WebSite","@id":"https:\/\/www.pressenza.com\/es\/#website","url":"https:\/\/www.pressenza.com\/es\/","name":"Pressenza","description":"International Press Agency","publisher":{"@id":"https:\/\/www.pressenza.com\/es\/#organization"},"potentialAction":[{"@type":"SearchAction","target":{"@type":"EntryPoint","urlTemplate":"https:\/\/www.pressenza.com\/es\/?s={search_term_string}"},"query-input":{"@type":"PropertyValueSpecification","valueRequired":true,"valueName":"search_term_string"}}],"inLanguage":"es"},{"@type":"Organization","@id":"https:\/\/www.pressenza.com\/es\/#organization","name":"Pressenza","url":"https:\/\/www.pressenza.com\/es\/","logo":{"@type":"ImageObject","inLanguage":"es","@id":"https:\/\/www.pressenza.com\/es\/#\/schema\/logo\/image\/","url":"https:\/\/www.pressenza.com\/wp-content\/uploads\/2022\/10\/pressenza_logo_200x200.jpg","contentUrl":"https:\/\/www.pressenza.com\/wp-content\/uploads\/2022\/10\/pressenza_logo_200x200.jpg","width":200,"height":200,"caption":"Pressenza"},"image":{"@id":"https:\/\/www.pressenza.com\/es\/#\/schema\/logo\/image\/"},"sameAs":["https:\/\/www.facebook.com\/PressenzaItalia","https:\/\/x.com\/PressenzaIPA"]},{"@type":"Person","@id":"https:\/\/www.pressenza.com\/es\/#\/schema\/person\/6f7bffaf2962fc89e55e93589c50d908","name":"SERVINDI","description":"Conscientes de nuestro rol de apoyo y acompa\u00f1amiento operamos como una agencia de noticias y elaboramos notas informativas, informes especiales, entrevistas y producciones de audio y v\u00eddeo, relacionadas al acontecer ind\u00edgena y ambiental nacional y mundial. www.servindi.org","sameAs":["https:\/\/www.facebook.com\/servindinoticias\/?fref=ts","https:\/\/x.com\/servindi"],"url":"https:\/\/www.pressenza.com\/es\/author\/servindi\/"}]}},"place":"","original_article_url":"http:\/\/www.servindi.org\/actualidad-noticias-producciones-videos\/16\/02\/2016\/la-batalla-del-cobre-el-documental-de-la-tv","_links":{"self":[{"href":"https:\/\/www.pressenza.com\/es\/wp-json\/wp\/v2\/posts\/279114","targetHints":{"allow":["GET"]}}],"collection":[{"href":"https:\/\/www.pressenza.com\/es\/wp-json\/wp\/v2\/posts"}],"about":[{"href":"https:\/\/www.pressenza.com\/es\/wp-json\/wp\/v2\/types\/post"}],"author":[{"embeddable":true,"href":"https:\/\/www.pressenza.com\/es\/wp-json\/wp\/v2\/users\/1256"}],"replies":[{"embeddable":true,"href":"https:\/\/www.pressenza.com\/es\/wp-json\/wp\/v2\/comments?post=279114"}],"version-history":[{"count":0,"href":"https:\/\/www.pressenza.com\/es\/wp-json\/wp\/v2\/posts\/279114\/revisions"}],"wp:featuredmedia":[{"embeddable":true,"href":"https:\/\/www.pressenza.com\/es\/wp-json\/wp\/v2\/media\/279115"}],"wp:attachment":[{"href":"https:\/\/www.pressenza.com\/es\/wp-json\/wp\/v2\/media?parent=279114"}],"wp:term":[{"taxonomy":"category","embeddable":true,"href":"https:\/\/www.pressenza.com\/es\/wp-json\/wp\/v2\/categories?post=279114"},{"taxonomy":"post_tag","embeddable":true,"href":"https:\/\/www.pressenza.com\/es\/wp-json\/wp\/v2\/tags?post=279114"}],"curies":[{"name":"wp","href":"https:\/\/api.w.org\/{rel}","templated":true}]}}