{"id":277252,"date":"2016-02-12T02:38:48","date_gmt":"2016-02-12T02:38:48","guid":{"rendered":"http:\/\/www.pressenza.com\/es\/?p=277252"},"modified":"2016-02-12T02:38:48","modified_gmt":"2016-02-12T02:38:48","slug":"tpp-el-virus-de-la-desintegracion-en-regional-y-popular","status":"publish","type":"post","link":"https:\/\/www.pressenza.com\/es\/2016\/02\/tpp-el-virus-de-la-desintegracion-en-regional-y-popular\/","title":{"rendered":"TPP, el virus de la desintegraci\u00f3n en Regional y popular"},"content":{"rendered":"<p><iframe loading=\"lazy\" id=\"audio_10318905\" style=\"border: 1px solid #EEE; box-sizing: border-box; width: 100%;\" src=\"http:\/\/www.ivoox.com\/player_ej_10318905_4_1.html?c1=1c110a\" width=\"300\" height=\"200\" frameborder=\"0\" scrolling=\"no\" allowfullscreen=\"allowfullscreen\"><\/iframe><\/p>\n<p>En nuestro programa de esta semana, develamos algunos de los peligros que representa para nuestra regi\u00f3n el Acuerdo Transpac\u00edfico de Cooperaci\u00f3n Econ\u00f3mica, mejor conocido por su abreviatura en ingl\u00e9s TPP.<\/p>\n<p>\u201cLos poderosos del mundo, los Estados firmantes y los promotores de este Tratado, descuidan completa y absolutamente los derechos humanos de las personas y de los pueblos, pues las medidas acordadas dan paso al incremento del despojo, el ecocidio, la explotaci\u00f3n laboral, y merman la soberan\u00eda de los pueblos. Permiten violar el derecho a la vida, a la alimentaci\u00f3n, a la salud, a la libertad de expresi\u00f3n, a la privacidad y a la seguridad personales.\u201d<\/p>\n<p>As\u00ed lo expres\u00f3 el Dr. Miguel Concha Malo, Director del Centro F. Francisco de Vitoria de Derechos Humanos en el reciente Encuentro Internacional de Movimientos y Organizaciones Sociales en Oposici\u00f3n al Tratado de Asociaci\u00f3n TransPac\u00edfico. Este c\u00f3nclave se realiz\u00f3 en Ciudad de M\u00e9xico, el \u00faltimo fin de semana de Enero, agrupando a m\u00e1s de sesenta y cinco organizaciones populares.<\/p>\n<p>El 4 de Febrero (d\u00eda en que se firm\u00f3 el Tratado en Nueva Zelanda) y en d\u00edas anteriores, se desarrollaron manifestaciones de protesta en al menos diecisiete otras ciudades repudiando la violencia econ\u00f3mica y social que se desprende de este tratado impulsado por las corporaciones y particularmente por los Estados Unidos.<\/p>\n<p>En Am\u00e9rica Latina, el TPP, en el que est\u00e1n involucrados M\u00e9xico, Chile y Per\u00fa en conjunto con la llamada \u201cAlianza del Pac\u00edfico\u201d (en la que tambi\u00e9n participa Colombia, que por ahora \u201ca\u00fan\u201d no ha firmado el TPP), representa a quienes quieren fracturar la arquitectura de independencia latinoamericano caribe\u00f1a. Es como si, mirando hacia el Oriente, estos pa\u00edses dieran la espalda a sus propios vecinos \u2013 en t\u00e9rminos geogr\u00e1ficos \u2013 y hermanos \u2013 en t\u00e9rminos culturales e hist\u00f3ricos-. De all\u00ed que sea un virus muy agresivo para mermar la fuerza de los intentos de integraci\u00f3n soberana de toda tutela externa.<\/p>\n<p>Sin embargo, para que el Tratado entre en vigor, es necesaria la ratificaci\u00f3n parlamentaria de al menos 6 pa\u00edses. \u00c9ste es la oportunidad para presentar la m\u00e1xima resistencia, presionando a los parlamentos a no hacerlo. Si tal cosa no se consiguiera, ser\u00e1 el momento de la desobediencia civil a la injusticia impuesta a espaldas y en perjuicio de las poblaciones.<\/p>\n<p>Por ello, te alentamos no s\u00f3lo a escuchar este micro radial (que dura aproximadamente quince minutos), sino a difundirlo, para que este asunto tan apartado de las preocupaciones ciudadanas, cobre vigencia en su percepci\u00f3n y se transforme en motivo de acci\u00f3n.<\/p>\n<p>\u201cRegional y Popular\u201d es un segmento radial semanal dedicado a temas relacionados con la integraci\u00f3n de Latinoam\u00e9rica y el Caribe. Est\u00e1 dise\u00f1ado para ser incluido en cualquier programa o programaci\u00f3n radial. Si una emisora quiere recibir regularmente nuestros programas, puede conectarnos en nuestro <a href=\"mailto:javiertolcachier@gmail.com\">correo<\/a> de referencia o bajarlos de la p\u00e1gina de Pressenza.<\/p>\n","protected":false},"excerpt":{"rendered":"<p>En nuestro programa de esta semana, develamos algunos de los peligros que representa para nuestra regi\u00f3n el Acuerdo Transpac\u00edfico de Cooperaci\u00f3n Econ\u00f3mica, mejor conocido por su abreviatura en ingl\u00e9s TPP. \u201cLos poderosos del mundo, los Estados firmantes y los promotores&hellip;<\/p>\n","protected":false},"author":87,"featured_media":277253,"comment_status":"closed","ping_status":"open","sticky":false,"template":"","format":"standard","meta":{"footnotes":""},"categories":[76,497,11389,79,78,81,39,74,22754],"tags":[14640,20866,4495,21254,9057],"class_list":["post-277252","post","type-post","status-publish","format-standard","has-post-thumbnail","hentry","category-relaciones-exteriores","category-ciencia-tecnologia","category-contenido-original","category-derechos-humanos","category-medio-ambiente-ecologia","category-economia-es","category-internacional","category-politica-es","category-radio-es","tag-integracion-latinoamericana","tag-la-ranchada","tag-radio-it","tag-regional-y-popular","tag-tpp-es"],"yoast_head":"<!-- This site is optimized with the Yoast SEO plugin v27.1.1 - https:\/\/yoast.com\/product\/yoast-seo-wordpress\/ -->\n<title>TPP, el virus de la desintegraci\u00f3n en Regional y popular<\/title>\n<meta name=\"description\" content=\"En nuestro programa de esta semana, develamos algunos de los peligros que representa para nuestra regi\u00f3n el Acuerdo Transpac\u00edfico de Cooperaci\u00f3n\" \/>\n<meta name=\"robots\" content=\"index, follow, max-snippet:-1, max-image-preview:large, max-video-preview:-1\" \/>\n<link rel=\"canonical\" href=\"https:\/\/www.pressenza.com\/es\/2016\/02\/tpp-el-virus-de-la-desintegracion-en-regional-y-popular\/\" \/>\n<meta property=\"og:locale\" content=\"es_ES\" \/>\n<meta property=\"og:type\" content=\"article\" \/>\n<meta property=\"og:title\" content=\"TPP, el virus de la desintegraci\u00f3n en Regional y popular\" \/>\n<meta property=\"og:description\" content=\"En nuestro programa de esta semana, develamos algunos de los peligros que representa para nuestra regi\u00f3n el Acuerdo Transpac\u00edfico de Cooperaci\u00f3n\" \/>\n<meta property=\"og:url\" content=\"https:\/\/www.pressenza.com\/es\/2016\/02\/tpp-el-virus-de-la-desintegracion-en-regional-y-popular\/\" \/>\n<meta property=\"og:site_name\" content=\"Pressenza\" \/>\n<meta property=\"article:publisher\" content=\"https:\/\/www.facebook.com\/PressenzaItalia\" \/>\n<meta property=\"article:published_time\" content=\"2016-02-12T02:38:48+00:00\" \/>\n<meta property=\"og:image\" content=\"https:\/\/www.pressenza.com\/wp-content\/uploads\/2016\/02\/carts_by_zombiepoppa-d348a71.jpg\" \/>\n\t<meta property=\"og:image:width\" content=\"1024\" \/>\n\t<meta property=\"og:image:height\" content=\"738\" \/>\n\t<meta property=\"og:image:type\" content=\"image\/jpeg\" \/>\n<meta name=\"author\" content=\"Redacci\u00f3n Argentina\" \/>\n<meta name=\"twitter:card\" content=\"summary_large_image\" \/>\n<meta name=\"twitter:creator\" content=\"@pressenza\" \/>\n<meta name=\"twitter:site\" content=\"@PressenzaIPA\" \/>\n<meta name=\"twitter:label1\" content=\"Escrito por\" \/>\n\t<meta name=\"twitter:data1\" content=\"Redacci\u00f3n Argentina\" \/>\n\t<meta name=\"twitter:label2\" content=\"Tiempo de lectura\" \/>\n\t<meta name=\"twitter:data2\" content=\"3 minutos\" \/>\n<script type=\"application\/ld+json\" class=\"yoast-schema-graph\">{\"@context\":\"https:\/\/schema.org\",\"@graph\":[{\"@type\":\"Article\",\"@id\":\"https:\/\/www.pressenza.com\/es\/2016\/02\/tpp-el-virus-de-la-desintegracion-en-regional-y-popular\/#article\",\"isPartOf\":{\"@id\":\"https:\/\/www.pressenza.com\/es\/2016\/02\/tpp-el-virus-de-la-desintegracion-en-regional-y-popular\/\"},\"author\":{\"name\":\"Redacci\u00f3n Argentina\",\"@id\":\"https:\/\/www.pressenza.com\/es\/#\/schema\/person\/0dda7d1b68267ad95b1e1d83abc98c89\"},\"headline\":\"TPP, el virus de la desintegraci\u00f3n en Regional y popular\",\"datePublished\":\"2016-02-12T02:38:48+00:00\",\"mainEntityOfPage\":{\"@id\":\"https:\/\/www.pressenza.com\/es\/2016\/02\/tpp-el-virus-de-la-desintegracion-en-regional-y-popular\/\"},\"wordCount\":516,\"publisher\":{\"@id\":\"https:\/\/www.pressenza.com\/es\/#organization\"},\"image\":{\"@id\":\"https:\/\/www.pressenza.com\/es\/2016\/02\/tpp-el-virus-de-la-desintegracion-en-regional-y-popular\/#primaryimage\"},\"thumbnailUrl\":\"https:\/\/www.pressenza.com\/wp-content\/uploads\/2016\/02\/carts_by_zombiepoppa-d348a71.jpg\",\"keywords\":[\"Integraci\u00f3n latinoamericana\",\"La Ranchada\",\"radio\",\"Regional y Popular\",\"TPP\"],\"articleSection\":[\"Asuntos internacionales\",\"Ciencia y Tecnolog\u00eda\",\"Contenido Original\",\"Derechos Humanos\",\"Ecolog\u00eda y Medio Ambiente\",\"Econom\u00eda\",\"Internacional\",\"Pol\u00edtica\",\"Radio\"],\"inLanguage\":\"es\"},{\"@type\":\"WebPage\",\"@id\":\"https:\/\/www.pressenza.com\/es\/2016\/02\/tpp-el-virus-de-la-desintegracion-en-regional-y-popular\/\",\"url\":\"https:\/\/www.pressenza.com\/es\/2016\/02\/tpp-el-virus-de-la-desintegracion-en-regional-y-popular\/\",\"name\":\"TPP, el virus de la desintegraci\u00f3n en Regional y popular\",\"isPartOf\":{\"@id\":\"https:\/\/www.pressenza.com\/es\/#website\"},\"primaryImageOfPage\":{\"@id\":\"https:\/\/www.pressenza.com\/es\/2016\/02\/tpp-el-virus-de-la-desintegracion-en-regional-y-popular\/#primaryimage\"},\"image\":{\"@id\":\"https:\/\/www.pressenza.com\/es\/2016\/02\/tpp-el-virus-de-la-desintegracion-en-regional-y-popular\/#primaryimage\"},\"thumbnailUrl\":\"https:\/\/www.pressenza.com\/wp-content\/uploads\/2016\/02\/carts_by_zombiepoppa-d348a71.jpg\",\"datePublished\":\"2016-02-12T02:38:48+00:00\",\"description\":\"En nuestro programa de esta semana, develamos algunos de los peligros que representa para nuestra regi\u00f3n el Acuerdo Transpac\u00edfico de Cooperaci\u00f3n\",\"breadcrumb\":{\"@id\":\"https:\/\/www.pressenza.com\/es\/2016\/02\/tpp-el-virus-de-la-desintegracion-en-regional-y-popular\/#breadcrumb\"},\"inLanguage\":\"es\",\"potentialAction\":[{\"@type\":\"ReadAction\",\"target\":[\"https:\/\/www.pressenza.com\/es\/2016\/02\/tpp-el-virus-de-la-desintegracion-en-regional-y-popular\/\"]}]},{\"@type\":\"ImageObject\",\"inLanguage\":\"es\",\"@id\":\"https:\/\/www.pressenza.com\/es\/2016\/02\/tpp-el-virus-de-la-desintegracion-en-regional-y-popular\/#primaryimage\",\"url\":\"https:\/\/www.pressenza.com\/wp-content\/uploads\/2016\/02\/carts_by_zombiepoppa-d348a71.jpg\",\"contentUrl\":\"https:\/\/www.pressenza.com\/wp-content\/uploads\/2016\/02\/carts_by_zombiepoppa-d348a71.jpg\",\"width\":1024,\"height\":738},{\"@type\":\"BreadcrumbList\",\"@id\":\"https:\/\/www.pressenza.com\/es\/2016\/02\/tpp-el-virus-de-la-desintegracion-en-regional-y-popular\/#breadcrumb\",\"itemListElement\":[{\"@type\":\"ListItem\",\"position\":1,\"name\":\"Accueil\",\"item\":\"https:\/\/www.pressenza.com\/es\/\"},{\"@type\":\"ListItem\",\"position\":2,\"name\":\"TPP, el virus de la desintegraci\u00f3n en Regional y popular\"}]},{\"@type\":\"WebSite\",\"@id\":\"https:\/\/www.pressenza.com\/es\/#website\",\"url\":\"https:\/\/www.pressenza.com\/es\/\",\"name\":\"Pressenza\",\"description\":\"International Press Agency\",\"publisher\":{\"@id\":\"https:\/\/www.pressenza.com\/es\/#organization\"},\"potentialAction\":[{\"@type\":\"SearchAction\",\"target\":{\"@type\":\"EntryPoint\",\"urlTemplate\":\"https:\/\/www.pressenza.com\/es\/?s={search_term_string}\"},\"query-input\":{\"@type\":\"PropertyValueSpecification\",\"valueRequired\":true,\"valueName\":\"search_term_string\"}}],\"inLanguage\":\"es\"},{\"@type\":\"Organization\",\"@id\":\"https:\/\/www.pressenza.com\/es\/#organization\",\"name\":\"Pressenza\",\"url\":\"https:\/\/www.pressenza.com\/es\/\",\"logo\":{\"@type\":\"ImageObject\",\"inLanguage\":\"es\",\"@id\":\"https:\/\/www.pressenza.com\/es\/#\/schema\/logo\/image\/\",\"url\":\"https:\/\/www.pressenza.com\/wp-content\/uploads\/2022\/10\/pressenza_logo_200x200.jpg\",\"contentUrl\":\"https:\/\/www.pressenza.com\/wp-content\/uploads\/2022\/10\/pressenza_logo_200x200.jpg\",\"width\":200,\"height\":200,\"caption\":\"Pressenza\"},\"image\":{\"@id\":\"https:\/\/www.pressenza.com\/es\/#\/schema\/logo\/image\/\"},\"sameAs\":[\"https:\/\/www.facebook.com\/PressenzaItalia\",\"https:\/\/x.com\/PressenzaIPA\"]},{\"@type\":\"Person\",\"@id\":\"https:\/\/www.pressenza.com\/es\/#\/schema\/person\/0dda7d1b68267ad95b1e1d83abc98c89\",\"name\":\"Redacci\u00f3n Argentina\",\"description\":\"News from the Pressenza Bureau in Argentina.\",\"sameAs\":[\"https:\/\/x.com\/pressenza\"],\"url\":\"https:\/\/www.pressenza.com\/es\/author\/redaccion-argentina\/\"}]}<\/script>\n<!-- \/ Yoast SEO plugin. -->","yoast_head_json":{"title":"TPP, el virus de la desintegraci\u00f3n en Regional y popular","description":"En nuestro programa de esta semana, develamos algunos de los peligros que representa para nuestra regi\u00f3n el Acuerdo Transpac\u00edfico de Cooperaci\u00f3n","robots":{"index":"index","follow":"follow","max-snippet":"max-snippet:-1","max-image-preview":"max-image-preview:large","max-video-preview":"max-video-preview:-1"},"canonical":"https:\/\/www.pressenza.com\/es\/2016\/02\/tpp-el-virus-de-la-desintegracion-en-regional-y-popular\/","og_locale":"es_ES","og_type":"article","og_title":"TPP, el virus de la desintegraci\u00f3n en Regional y popular","og_description":"En nuestro programa de esta semana, develamos algunos de los peligros que representa para nuestra regi\u00f3n el Acuerdo Transpac\u00edfico de Cooperaci\u00f3n","og_url":"https:\/\/www.pressenza.com\/es\/2016\/02\/tpp-el-virus-de-la-desintegracion-en-regional-y-popular\/","og_site_name":"Pressenza","article_publisher":"https:\/\/www.facebook.com\/PressenzaItalia","article_published_time":"2016-02-12T02:38:48+00:00","og_image":[{"width":1024,"height":738,"url":"https:\/\/www.pressenza.com\/wp-content\/uploads\/2016\/02\/carts_by_zombiepoppa-d348a71.jpg","type":"image\/jpeg"}],"author":"Redacci\u00f3n Argentina","twitter_card":"summary_large_image","twitter_creator":"@pressenza","twitter_site":"@PressenzaIPA","twitter_misc":{"Escrito por":"Redacci\u00f3n Argentina","Tiempo de lectura":"3 minutos"},"schema":{"@context":"https:\/\/schema.org","@graph":[{"@type":"Article","@id":"https:\/\/www.pressenza.com\/es\/2016\/02\/tpp-el-virus-de-la-desintegracion-en-regional-y-popular\/#article","isPartOf":{"@id":"https:\/\/www.pressenza.com\/es\/2016\/02\/tpp-el-virus-de-la-desintegracion-en-regional-y-popular\/"},"author":{"name":"Redacci\u00f3n Argentina","@id":"https:\/\/www.pressenza.com\/es\/#\/schema\/person\/0dda7d1b68267ad95b1e1d83abc98c89"},"headline":"TPP, el virus de la desintegraci\u00f3n en Regional y popular","datePublished":"2016-02-12T02:38:48+00:00","mainEntityOfPage":{"@id":"https:\/\/www.pressenza.com\/es\/2016\/02\/tpp-el-virus-de-la-desintegracion-en-regional-y-popular\/"},"wordCount":516,"publisher":{"@id":"https:\/\/www.pressenza.com\/es\/#organization"},"image":{"@id":"https:\/\/www.pressenza.com\/es\/2016\/02\/tpp-el-virus-de-la-desintegracion-en-regional-y-popular\/#primaryimage"},"thumbnailUrl":"https:\/\/www.pressenza.com\/wp-content\/uploads\/2016\/02\/carts_by_zombiepoppa-d348a71.jpg","keywords":["Integraci\u00f3n latinoamericana","La Ranchada","radio","Regional y Popular","TPP"],"articleSection":["Asuntos internacionales","Ciencia y Tecnolog\u00eda","Contenido Original","Derechos Humanos","Ecolog\u00eda y Medio Ambiente","Econom\u00eda","Internacional","Pol\u00edtica","Radio"],"inLanguage":"es"},{"@type":"WebPage","@id":"https:\/\/www.pressenza.com\/es\/2016\/02\/tpp-el-virus-de-la-desintegracion-en-regional-y-popular\/","url":"https:\/\/www.pressenza.com\/es\/2016\/02\/tpp-el-virus-de-la-desintegracion-en-regional-y-popular\/","name":"TPP, el virus de la desintegraci\u00f3n en Regional y popular","isPartOf":{"@id":"https:\/\/www.pressenza.com\/es\/#website"},"primaryImageOfPage":{"@id":"https:\/\/www.pressenza.com\/es\/2016\/02\/tpp-el-virus-de-la-desintegracion-en-regional-y-popular\/#primaryimage"},"image":{"@id":"https:\/\/www.pressenza.com\/es\/2016\/02\/tpp-el-virus-de-la-desintegracion-en-regional-y-popular\/#primaryimage"},"thumbnailUrl":"https:\/\/www.pressenza.com\/wp-content\/uploads\/2016\/02\/carts_by_zombiepoppa-d348a71.jpg","datePublished":"2016-02-12T02:38:48+00:00","description":"En nuestro programa de esta semana, develamos algunos de los peligros que representa para nuestra regi\u00f3n el Acuerdo Transpac\u00edfico de Cooperaci\u00f3n","breadcrumb":{"@id":"https:\/\/www.pressenza.com\/es\/2016\/02\/tpp-el-virus-de-la-desintegracion-en-regional-y-popular\/#breadcrumb"},"inLanguage":"es","potentialAction":[{"@type":"ReadAction","target":["https:\/\/www.pressenza.com\/es\/2016\/02\/tpp-el-virus-de-la-desintegracion-en-regional-y-popular\/"]}]},{"@type":"ImageObject","inLanguage":"es","@id":"https:\/\/www.pressenza.com\/es\/2016\/02\/tpp-el-virus-de-la-desintegracion-en-regional-y-popular\/#primaryimage","url":"https:\/\/www.pressenza.com\/wp-content\/uploads\/2016\/02\/carts_by_zombiepoppa-d348a71.jpg","contentUrl":"https:\/\/www.pressenza.com\/wp-content\/uploads\/2016\/02\/carts_by_zombiepoppa-d348a71.jpg","width":1024,"height":738},{"@type":"BreadcrumbList","@id":"https:\/\/www.pressenza.com\/es\/2016\/02\/tpp-el-virus-de-la-desintegracion-en-regional-y-popular\/#breadcrumb","itemListElement":[{"@type":"ListItem","position":1,"name":"Accueil","item":"https:\/\/www.pressenza.com\/es\/"},{"@type":"ListItem","position":2,"name":"TPP, el virus de la desintegraci\u00f3n en Regional y popular"}]},{"@type":"WebSite","@id":"https:\/\/www.pressenza.com\/es\/#website","url":"https:\/\/www.pressenza.com\/es\/","name":"Pressenza","description":"International Press Agency","publisher":{"@id":"https:\/\/www.pressenza.com\/es\/#organization"},"potentialAction":[{"@type":"SearchAction","target":{"@type":"EntryPoint","urlTemplate":"https:\/\/www.pressenza.com\/es\/?s={search_term_string}"},"query-input":{"@type":"PropertyValueSpecification","valueRequired":true,"valueName":"search_term_string"}}],"inLanguage":"es"},{"@type":"Organization","@id":"https:\/\/www.pressenza.com\/es\/#organization","name":"Pressenza","url":"https:\/\/www.pressenza.com\/es\/","logo":{"@type":"ImageObject","inLanguage":"es","@id":"https:\/\/www.pressenza.com\/es\/#\/schema\/logo\/image\/","url":"https:\/\/www.pressenza.com\/wp-content\/uploads\/2022\/10\/pressenza_logo_200x200.jpg","contentUrl":"https:\/\/www.pressenza.com\/wp-content\/uploads\/2022\/10\/pressenza_logo_200x200.jpg","width":200,"height":200,"caption":"Pressenza"},"image":{"@id":"https:\/\/www.pressenza.com\/es\/#\/schema\/logo\/image\/"},"sameAs":["https:\/\/www.facebook.com\/PressenzaItalia","https:\/\/x.com\/PressenzaIPA"]},{"@type":"Person","@id":"https:\/\/www.pressenza.com\/es\/#\/schema\/person\/0dda7d1b68267ad95b1e1d83abc98c89","name":"Redacci\u00f3n Argentina","description":"News from the Pressenza Bureau in Argentina.","sameAs":["https:\/\/x.com\/pressenza"],"url":"https:\/\/www.pressenza.com\/es\/author\/redaccion-argentina\/"}]}},"place":"C\u00f3rdoba","original_article_url":"","_links":{"self":[{"href":"https:\/\/www.pressenza.com\/es\/wp-json\/wp\/v2\/posts\/277252","targetHints":{"allow":["GET"]}}],"collection":[{"href":"https:\/\/www.pressenza.com\/es\/wp-json\/wp\/v2\/posts"}],"about":[{"href":"https:\/\/www.pressenza.com\/es\/wp-json\/wp\/v2\/types\/post"}],"author":[{"embeddable":true,"href":"https:\/\/www.pressenza.com\/es\/wp-json\/wp\/v2\/users\/87"}],"replies":[{"embeddable":true,"href":"https:\/\/www.pressenza.com\/es\/wp-json\/wp\/v2\/comments?post=277252"}],"version-history":[{"count":0,"href":"https:\/\/www.pressenza.com\/es\/wp-json\/wp\/v2\/posts\/277252\/revisions"}],"wp:featuredmedia":[{"embeddable":true,"href":"https:\/\/www.pressenza.com\/es\/wp-json\/wp\/v2\/media\/277253"}],"wp:attachment":[{"href":"https:\/\/www.pressenza.com\/es\/wp-json\/wp\/v2\/media?parent=277252"}],"wp:term":[{"taxonomy":"category","embeddable":true,"href":"https:\/\/www.pressenza.com\/es\/wp-json\/wp\/v2\/categories?post=277252"},{"taxonomy":"post_tag","embeddable":true,"href":"https:\/\/www.pressenza.com\/es\/wp-json\/wp\/v2\/tags?post=277252"}],"curies":[{"name":"wp","href":"https:\/\/api.w.org\/{rel}","templated":true}]}}