{"id":27706,"date":"2012-12-12T12:14:45","date_gmt":"2012-12-12T12:14:45","guid":{"rendered":"http:\/\/www.pressenza.com\/?p=27706"},"modified":"2012-12-13T02:00:34","modified_gmt":"2012-12-13T02:00:34","slug":"wagner-peru-presento-ante-corte-de-la-haya-intervenciones-solidas-y-academicas","status":"publish","type":"post","link":"https:\/\/www.pressenza.com\/es\/2012\/12\/wagner-peru-presento-ante-corte-de-la-haya-intervenciones-solidas-y-academicas\/","title":{"rendered":"Wagner: Per\u00fa present\u00f3 ante corte de La Haya intervenciones s\u00f3lidas y acad\u00e9micas"},"content":{"rendered":"<p>El equipo jur\u00eddico peruano realiz\u00f3 intervenciones s\u00f3lidas y acad\u00e9micas basadas en el derecho internacional, sin apelar a artilugios de alguna naturaleza, afirm\u00f3 hoy el embajador Allan Wagner, agente de Per\u00fa ante la Corte Internacional de Justicia de La Haya.<\/p>\n<div>En el intermedio de la audiencia en la que Per\u00fa expone sus \u00faltimos alegatos en la controversia\u00a0 mar\u00edtima con Chile, se\u00f1al\u00f3 que estas intervenciones son s\u00f3lidas y profundas, y fundamentan la posici\u00f3n peruana sobre la inexistencia de un acuerdo de l\u00edmites mar\u00edtimos entre ambos pa\u00edses.<\/div>\n<div>\u201cLas intervenciones que hemos escuchado esta ma\u00f1ana han sido muy s\u00f3lidas, muy acad\u00e9micas y han ido al fondo del tema. Lo importante en este proceso es que ambos pa\u00edses estamos viendo el fondo del tema, y buscando encontrar, en ese an\u00e1lisis, la raz\u00f3n que nos asiste\u201d, coment\u00f3.<\/div>\n<div>Agreg\u00f3 que en la estrategia peruana no existen artilugios, intenciones, ni \u201cconejos saliendo debajo del sombrero\u201d, sino argumentos jur\u00eddicos, basados enteramente en el derecho internacional.<\/div>\n<div>Estim\u00f3 que esta cpntroversia\u00a0jur\u00eddica va a ser recordada como un caso de dos pa\u00edses serios que optaron por acudir a un tribunal de car\u00e1cter supranacional para superar diferencias y establecer la frontera mar\u00edtima.<\/div>\n<div>\u201cY en el sentido de las exposiciones que hemos tenido esta ma\u00f1ana, creo que responden a esa constante de seriedad, de profundidad. Por ejemplo, la exposici\u00f3n del profesor Vaugham Lowe ha sido magistral, creo que es una gran pieza de derecho internacional\u201d, sostuvo.<\/div>\n<div>Mencion\u00f3 que el citado jurista hizo un an\u00e1lisis muy profundo del art\u00edculo 4 de la Declaraci\u00f3n de Santiago de 1952, documento que es considerado por Chile como un acuerdo de l\u00edmites mar\u00edtimos.<\/div>\n<div>\u201cHa analizado el punto de vista que Chile adelant\u00f3 sobre la manera como (\u2026) deber\u00edan ser consideradas las minutas o actas de 1952 y 1954, y ha probado que esas actas no contienen acuerdos que vayan m\u00e1s all\u00e1 de lo que los propios textos dicen\u201d, anot\u00f3.<\/div>\n<div>En su calidad de agente peruano, Wagner ser\u00e1 el encargado de cerrar las exposiciones de la parte peruana, para que luego hagan lo propio los abogados de Chile, y finalmente la Corte emita un fallo inapelable en el segundo semestre de 2103.<\/div>\n","protected":false},"excerpt":{"rendered":"<p>El equipo jur\u00eddico peruano realiz\u00f3 intervenciones s\u00f3lidas y acad\u00e9micas basadas en el derecho internacional, sin apelar a artilugios de alguna naturaleza, afirm\u00f3 hoy el embajador Allan Wagner, agente de Per\u00fa ante la Corte Internacional de Justicia de La Haya. En&hellip;<\/p>\n","protected":false},"author":640,"featured_media":27813,"comment_status":"closed","ping_status":"open","sticky":false,"template":"","format":"standard","meta":{"footnotes":""},"categories":[76,67],"tags":[],"class_list":["post-27706","post","type-post","status-publish","format-standard","has-post-thumbnail","hentry","category-relaciones-exteriores","category-sudamerica"],"yoast_head":"<!-- This site is optimized with the Yoast SEO plugin v27.1.1 - https:\/\/yoast.com\/product\/yoast-seo-wordpress\/ -->\n<title>Wagner: Per\u00fa present\u00f3 ante corte de La Haya intervenciones s\u00f3lidas y acad\u00e9micas<\/title>\n<meta name=\"description\" content=\"El equipo jur\u00eddico peruano realiz\u00f3 intervenciones s\u00f3lidas y acad\u00e9micas basadas en el derecho internacional, sin apelar a artilugios de alguna naturaleza,\" \/>\n<meta name=\"robots\" content=\"index, follow, max-snippet:-1, max-image-preview:large, max-video-preview:-1\" \/>\n<link rel=\"canonical\" href=\"https:\/\/www.pressenza.com\/es\/2012\/12\/wagner-peru-presento-ante-corte-de-la-haya-intervenciones-solidas-y-academicas\/\" \/>\n<meta property=\"og:locale\" content=\"es_ES\" \/>\n<meta property=\"og:type\" content=\"article\" \/>\n<meta property=\"og:title\" content=\"Wagner: Per\u00fa present\u00f3 ante corte de La Haya intervenciones s\u00f3lidas y acad\u00e9micas\" \/>\n<meta property=\"og:description\" content=\"El equipo jur\u00eddico peruano realiz\u00f3 intervenciones s\u00f3lidas y acad\u00e9micas basadas en el derecho internacional, sin apelar a artilugios de alguna naturaleza,\" \/>\n<meta property=\"og:url\" content=\"https:\/\/www.pressenza.com\/es\/2012\/12\/wagner-peru-presento-ante-corte-de-la-haya-intervenciones-solidas-y-academicas\/\" \/>\n<meta property=\"og:site_name\" content=\"Pressenza\" \/>\n<meta property=\"article:publisher\" content=\"https:\/\/www.facebook.com\/PressenzaItalia\" \/>\n<meta property=\"article:author\" content=\"https:\/\/www.facebook.com\/AgenciasUlan\" \/>\n<meta property=\"article:published_time\" content=\"2012-12-12T12:14:45+00:00\" \/>\n<meta property=\"article:modified_time\" content=\"2012-12-13T02:00:34+00:00\" \/>\n<meta property=\"og:image\" content=\"https:\/\/www.pressenza.com\/wp-content\/uploads\/2012\/12\/allan-wagner-la-haya1.jpg\" \/>\n\t<meta property=\"og:image:width\" content=\"445\" \/>\n\t<meta property=\"og:image:height\" content=\"297\" \/>\n\t<meta property=\"og:image:type\" content=\"image\/jpeg\" \/>\n<meta name=\"author\" content=\"Uni\u00f3n Latinoamericana de Agencias de Noticias\" \/>\n<meta name=\"twitter:card\" content=\"summary_large_image\" \/>\n<meta name=\"twitter:creator\" content=\"@agenciasulan\" \/>\n<meta name=\"twitter:site\" content=\"@PressenzaIPA\" \/>\n<meta name=\"twitter:label1\" content=\"Escrito por\" \/>\n\t<meta name=\"twitter:data1\" content=\"Uni\u00f3n Latinoamericana de Agencias de Noticias\" \/>\n\t<meta name=\"twitter:label2\" content=\"Tiempo de lectura\" \/>\n\t<meta name=\"twitter:data2\" content=\"2 minutos\" \/>\n<script type=\"application\/ld+json\" class=\"yoast-schema-graph\">{\"@context\":\"https:\/\/schema.org\",\"@graph\":[{\"@type\":\"Article\",\"@id\":\"https:\/\/www.pressenza.com\/es\/2012\/12\/wagner-peru-presento-ante-corte-de-la-haya-intervenciones-solidas-y-academicas\/#article\",\"isPartOf\":{\"@id\":\"https:\/\/www.pressenza.com\/es\/2012\/12\/wagner-peru-presento-ante-corte-de-la-haya-intervenciones-solidas-y-academicas\/\"},\"author\":{\"name\":\"Uni\u00f3n Latinoamericana de Agencias de Noticias\",\"@id\":\"https:\/\/www.pressenza.com\/es\/#\/schema\/person\/a9efe8d7b19eb4689fcbcb71bc21dba6\"},\"headline\":\"Wagner: Per\u00fa present\u00f3 ante corte de La Haya intervenciones s\u00f3lidas y acad\u00e9micas\",\"datePublished\":\"2012-12-12T12:14:45+00:00\",\"dateModified\":\"2012-12-13T02:00:34+00:00\",\"mainEntityOfPage\":{\"@id\":\"https:\/\/www.pressenza.com\/es\/2012\/12\/wagner-peru-presento-ante-corte-de-la-haya-intervenciones-solidas-y-academicas\/\"},\"wordCount\":391,\"publisher\":{\"@id\":\"https:\/\/www.pressenza.com\/es\/#organization\"},\"image\":{\"@id\":\"https:\/\/www.pressenza.com\/es\/2012\/12\/wagner-peru-presento-ante-corte-de-la-haya-intervenciones-solidas-y-academicas\/#primaryimage\"},\"thumbnailUrl\":\"https:\/\/www.pressenza.com\/wp-content\/uploads\/2012\/12\/allan-wagner-la-haya1.jpg\",\"articleSection\":[\"Asuntos internacionales\",\"Sudam\u00e9rica\"],\"inLanguage\":\"es\"},{\"@type\":\"WebPage\",\"@id\":\"https:\/\/www.pressenza.com\/es\/2012\/12\/wagner-peru-presento-ante-corte-de-la-haya-intervenciones-solidas-y-academicas\/\",\"url\":\"https:\/\/www.pressenza.com\/es\/2012\/12\/wagner-peru-presento-ante-corte-de-la-haya-intervenciones-solidas-y-academicas\/\",\"name\":\"Wagner: Per\u00fa present\u00f3 ante corte de La Haya intervenciones s\u00f3lidas y acad\u00e9micas\",\"isPartOf\":{\"@id\":\"https:\/\/www.pressenza.com\/es\/#website\"},\"primaryImageOfPage\":{\"@id\":\"https:\/\/www.pressenza.com\/es\/2012\/12\/wagner-peru-presento-ante-corte-de-la-haya-intervenciones-solidas-y-academicas\/#primaryimage\"},\"image\":{\"@id\":\"https:\/\/www.pressenza.com\/es\/2012\/12\/wagner-peru-presento-ante-corte-de-la-haya-intervenciones-solidas-y-academicas\/#primaryimage\"},\"thumbnailUrl\":\"https:\/\/www.pressenza.com\/wp-content\/uploads\/2012\/12\/allan-wagner-la-haya1.jpg\",\"datePublished\":\"2012-12-12T12:14:45+00:00\",\"dateModified\":\"2012-12-13T02:00:34+00:00\",\"description\":\"El equipo jur\u00eddico peruano realiz\u00f3 intervenciones s\u00f3lidas y acad\u00e9micas basadas en el derecho internacional, sin apelar a artilugios de alguna naturaleza,\",\"breadcrumb\":{\"@id\":\"https:\/\/www.pressenza.com\/es\/2012\/12\/wagner-peru-presento-ante-corte-de-la-haya-intervenciones-solidas-y-academicas\/#breadcrumb\"},\"inLanguage\":\"es\",\"potentialAction\":[{\"@type\":\"ReadAction\",\"target\":[\"https:\/\/www.pressenza.com\/es\/2012\/12\/wagner-peru-presento-ante-corte-de-la-haya-intervenciones-solidas-y-academicas\/\"]}]},{\"@type\":\"ImageObject\",\"inLanguage\":\"es\",\"@id\":\"https:\/\/www.pressenza.com\/es\/2012\/12\/wagner-peru-presento-ante-corte-de-la-haya-intervenciones-solidas-y-academicas\/#primaryimage\",\"url\":\"https:\/\/www.pressenza.com\/wp-content\/uploads\/2012\/12\/allan-wagner-la-haya1.jpg\",\"contentUrl\":\"https:\/\/www.pressenza.com\/wp-content\/uploads\/2012\/12\/allan-wagner-la-haya1.jpg\",\"width\":\"445\",\"height\":\"297\"},{\"@type\":\"BreadcrumbList\",\"@id\":\"https:\/\/www.pressenza.com\/es\/2012\/12\/wagner-peru-presento-ante-corte-de-la-haya-intervenciones-solidas-y-academicas\/#breadcrumb\",\"itemListElement\":[{\"@type\":\"ListItem\",\"position\":1,\"name\":\"Accueil\",\"item\":\"https:\/\/www.pressenza.com\/es\/\"},{\"@type\":\"ListItem\",\"position\":2,\"name\":\"Wagner: Per\u00fa present\u00f3 ante corte de La Haya intervenciones s\u00f3lidas y acad\u00e9micas\"}]},{\"@type\":\"WebSite\",\"@id\":\"https:\/\/www.pressenza.com\/es\/#website\",\"url\":\"https:\/\/www.pressenza.com\/es\/\",\"name\":\"Pressenza\",\"description\":\"International Press Agency\",\"publisher\":{\"@id\":\"https:\/\/www.pressenza.com\/es\/#organization\"},\"potentialAction\":[{\"@type\":\"SearchAction\",\"target\":{\"@type\":\"EntryPoint\",\"urlTemplate\":\"https:\/\/www.pressenza.com\/es\/?s={search_term_string}\"},\"query-input\":{\"@type\":\"PropertyValueSpecification\",\"valueRequired\":true,\"valueName\":\"search_term_string\"}}],\"inLanguage\":\"es\"},{\"@type\":\"Organization\",\"@id\":\"https:\/\/www.pressenza.com\/es\/#organization\",\"name\":\"Pressenza\",\"url\":\"https:\/\/www.pressenza.com\/es\/\",\"logo\":{\"@type\":\"ImageObject\",\"inLanguage\":\"es\",\"@id\":\"https:\/\/www.pressenza.com\/es\/#\/schema\/logo\/image\/\",\"url\":\"https:\/\/www.pressenza.com\/wp-content\/uploads\/2022\/10\/pressenza_logo_200x200.jpg\",\"contentUrl\":\"https:\/\/www.pressenza.com\/wp-content\/uploads\/2022\/10\/pressenza_logo_200x200.jpg\",\"width\":200,\"height\":200,\"caption\":\"Pressenza\"},\"image\":{\"@id\":\"https:\/\/www.pressenza.com\/es\/#\/schema\/logo\/image\/\"},\"sameAs\":[\"https:\/\/www.facebook.com\/PressenzaItalia\",\"https:\/\/x.com\/PressenzaIPA\"]},{\"@type\":\"Person\",\"@id\":\"https:\/\/www.pressenza.com\/es\/#\/schema\/person\/a9efe8d7b19eb4689fcbcb71bc21dba6\",\"name\":\"Uni\u00f3n Latinoamericana de Agencias de Noticias\",\"description\":\"Una asociaci\u00f3n supranacional que re\u00fane a las agencias de noticias de Am\u00e9rica Latina y el Caribe. agenciasulan.org\",\"sameAs\":[\"https:\/\/www.facebook.com\/AgenciasUlan\",\"https:\/\/x.com\/agenciasulan\"],\"url\":\"https:\/\/www.pressenza.com\/es\/author\/union-latinoamericana-de-agencias-de-noticias\/\"}]}<\/script>\n<!-- \/ Yoast SEO plugin. -->","yoast_head_json":{"title":"Wagner: Per\u00fa present\u00f3 ante corte de La Haya intervenciones s\u00f3lidas y acad\u00e9micas","description":"El equipo jur\u00eddico peruano realiz\u00f3 intervenciones s\u00f3lidas y acad\u00e9micas basadas en el derecho internacional, sin apelar a artilugios de alguna naturaleza,","robots":{"index":"index","follow":"follow","max-snippet":"max-snippet:-1","max-image-preview":"max-image-preview:large","max-video-preview":"max-video-preview:-1"},"canonical":"https:\/\/www.pressenza.com\/es\/2012\/12\/wagner-peru-presento-ante-corte-de-la-haya-intervenciones-solidas-y-academicas\/","og_locale":"es_ES","og_type":"article","og_title":"Wagner: Per\u00fa present\u00f3 ante corte de La Haya intervenciones s\u00f3lidas y acad\u00e9micas","og_description":"El equipo jur\u00eddico peruano realiz\u00f3 intervenciones s\u00f3lidas y acad\u00e9micas basadas en el derecho internacional, sin apelar a artilugios de alguna naturaleza,","og_url":"https:\/\/www.pressenza.com\/es\/2012\/12\/wagner-peru-presento-ante-corte-de-la-haya-intervenciones-solidas-y-academicas\/","og_site_name":"Pressenza","article_publisher":"https:\/\/www.facebook.com\/PressenzaItalia","article_author":"https:\/\/www.facebook.com\/AgenciasUlan","article_published_time":"2012-12-12T12:14:45+00:00","article_modified_time":"2012-12-13T02:00:34+00:00","og_image":[{"width":445,"height":297,"url":"https:\/\/www.pressenza.com\/wp-content\/uploads\/2012\/12\/allan-wagner-la-haya1.jpg","type":"image\/jpeg"}],"author":"Uni\u00f3n Latinoamericana de Agencias de Noticias","twitter_card":"summary_large_image","twitter_creator":"@agenciasulan","twitter_site":"@PressenzaIPA","twitter_misc":{"Escrito por":"Uni\u00f3n Latinoamericana de Agencias de Noticias","Tiempo de lectura":"2 minutos"},"schema":{"@context":"https:\/\/schema.org","@graph":[{"@type":"Article","@id":"https:\/\/www.pressenza.com\/es\/2012\/12\/wagner-peru-presento-ante-corte-de-la-haya-intervenciones-solidas-y-academicas\/#article","isPartOf":{"@id":"https:\/\/www.pressenza.com\/es\/2012\/12\/wagner-peru-presento-ante-corte-de-la-haya-intervenciones-solidas-y-academicas\/"},"author":{"name":"Uni\u00f3n Latinoamericana de Agencias de Noticias","@id":"https:\/\/www.pressenza.com\/es\/#\/schema\/person\/a9efe8d7b19eb4689fcbcb71bc21dba6"},"headline":"Wagner: Per\u00fa present\u00f3 ante corte de La Haya intervenciones s\u00f3lidas y acad\u00e9micas","datePublished":"2012-12-12T12:14:45+00:00","dateModified":"2012-12-13T02:00:34+00:00","mainEntityOfPage":{"@id":"https:\/\/www.pressenza.com\/es\/2012\/12\/wagner-peru-presento-ante-corte-de-la-haya-intervenciones-solidas-y-academicas\/"},"wordCount":391,"publisher":{"@id":"https:\/\/www.pressenza.com\/es\/#organization"},"image":{"@id":"https:\/\/www.pressenza.com\/es\/2012\/12\/wagner-peru-presento-ante-corte-de-la-haya-intervenciones-solidas-y-academicas\/#primaryimage"},"thumbnailUrl":"https:\/\/www.pressenza.com\/wp-content\/uploads\/2012\/12\/allan-wagner-la-haya1.jpg","articleSection":["Asuntos internacionales","Sudam\u00e9rica"],"inLanguage":"es"},{"@type":"WebPage","@id":"https:\/\/www.pressenza.com\/es\/2012\/12\/wagner-peru-presento-ante-corte-de-la-haya-intervenciones-solidas-y-academicas\/","url":"https:\/\/www.pressenza.com\/es\/2012\/12\/wagner-peru-presento-ante-corte-de-la-haya-intervenciones-solidas-y-academicas\/","name":"Wagner: Per\u00fa present\u00f3 ante corte de La Haya intervenciones s\u00f3lidas y acad\u00e9micas","isPartOf":{"@id":"https:\/\/www.pressenza.com\/es\/#website"},"primaryImageOfPage":{"@id":"https:\/\/www.pressenza.com\/es\/2012\/12\/wagner-peru-presento-ante-corte-de-la-haya-intervenciones-solidas-y-academicas\/#primaryimage"},"image":{"@id":"https:\/\/www.pressenza.com\/es\/2012\/12\/wagner-peru-presento-ante-corte-de-la-haya-intervenciones-solidas-y-academicas\/#primaryimage"},"thumbnailUrl":"https:\/\/www.pressenza.com\/wp-content\/uploads\/2012\/12\/allan-wagner-la-haya1.jpg","datePublished":"2012-12-12T12:14:45+00:00","dateModified":"2012-12-13T02:00:34+00:00","description":"El equipo jur\u00eddico peruano realiz\u00f3 intervenciones s\u00f3lidas y acad\u00e9micas basadas en el derecho internacional, sin apelar a artilugios de alguna naturaleza,","breadcrumb":{"@id":"https:\/\/www.pressenza.com\/es\/2012\/12\/wagner-peru-presento-ante-corte-de-la-haya-intervenciones-solidas-y-academicas\/#breadcrumb"},"inLanguage":"es","potentialAction":[{"@type":"ReadAction","target":["https:\/\/www.pressenza.com\/es\/2012\/12\/wagner-peru-presento-ante-corte-de-la-haya-intervenciones-solidas-y-academicas\/"]}]},{"@type":"ImageObject","inLanguage":"es","@id":"https:\/\/www.pressenza.com\/es\/2012\/12\/wagner-peru-presento-ante-corte-de-la-haya-intervenciones-solidas-y-academicas\/#primaryimage","url":"https:\/\/www.pressenza.com\/wp-content\/uploads\/2012\/12\/allan-wagner-la-haya1.jpg","contentUrl":"https:\/\/www.pressenza.com\/wp-content\/uploads\/2012\/12\/allan-wagner-la-haya1.jpg","width":"445","height":"297"},{"@type":"BreadcrumbList","@id":"https:\/\/www.pressenza.com\/es\/2012\/12\/wagner-peru-presento-ante-corte-de-la-haya-intervenciones-solidas-y-academicas\/#breadcrumb","itemListElement":[{"@type":"ListItem","position":1,"name":"Accueil","item":"https:\/\/www.pressenza.com\/es\/"},{"@type":"ListItem","position":2,"name":"Wagner: Per\u00fa present\u00f3 ante corte de La Haya intervenciones s\u00f3lidas y acad\u00e9micas"}]},{"@type":"WebSite","@id":"https:\/\/www.pressenza.com\/es\/#website","url":"https:\/\/www.pressenza.com\/es\/","name":"Pressenza","description":"International Press Agency","publisher":{"@id":"https:\/\/www.pressenza.com\/es\/#organization"},"potentialAction":[{"@type":"SearchAction","target":{"@type":"EntryPoint","urlTemplate":"https:\/\/www.pressenza.com\/es\/?s={search_term_string}"},"query-input":{"@type":"PropertyValueSpecification","valueRequired":true,"valueName":"search_term_string"}}],"inLanguage":"es"},{"@type":"Organization","@id":"https:\/\/www.pressenza.com\/es\/#organization","name":"Pressenza","url":"https:\/\/www.pressenza.com\/es\/","logo":{"@type":"ImageObject","inLanguage":"es","@id":"https:\/\/www.pressenza.com\/es\/#\/schema\/logo\/image\/","url":"https:\/\/www.pressenza.com\/wp-content\/uploads\/2022\/10\/pressenza_logo_200x200.jpg","contentUrl":"https:\/\/www.pressenza.com\/wp-content\/uploads\/2022\/10\/pressenza_logo_200x200.jpg","width":200,"height":200,"caption":"Pressenza"},"image":{"@id":"https:\/\/www.pressenza.com\/es\/#\/schema\/logo\/image\/"},"sameAs":["https:\/\/www.facebook.com\/PressenzaItalia","https:\/\/x.com\/PressenzaIPA"]},{"@type":"Person","@id":"https:\/\/www.pressenza.com\/es\/#\/schema\/person\/a9efe8d7b19eb4689fcbcb71bc21dba6","name":"Uni\u00f3n Latinoamericana de Agencias de Noticias","description":"Una asociaci\u00f3n supranacional que re\u00fane a las agencias de noticias de Am\u00e9rica Latina y el Caribe. agenciasulan.org","sameAs":["https:\/\/www.facebook.com\/AgenciasUlan","https:\/\/x.com\/agenciasulan"],"url":"https:\/\/www.pressenza.com\/es\/author\/union-latinoamericana-de-agencias-de-noticias\/"}]}},"place":"La Haya","original_article_url":"","_links":{"self":[{"href":"https:\/\/www.pressenza.com\/es\/wp-json\/wp\/v2\/posts\/27706","targetHints":{"allow":["GET"]}}],"collection":[{"href":"https:\/\/www.pressenza.com\/es\/wp-json\/wp\/v2\/posts"}],"about":[{"href":"https:\/\/www.pressenza.com\/es\/wp-json\/wp\/v2\/types\/post"}],"author":[{"embeddable":true,"href":"https:\/\/www.pressenza.com\/es\/wp-json\/wp\/v2\/users\/640"}],"replies":[{"embeddable":true,"href":"https:\/\/www.pressenza.com\/es\/wp-json\/wp\/v2\/comments?post=27706"}],"version-history":[{"count":0,"href":"https:\/\/www.pressenza.com\/es\/wp-json\/wp\/v2\/posts\/27706\/revisions"}],"wp:featuredmedia":[{"embeddable":true,"href":"https:\/\/www.pressenza.com\/es\/wp-json\/wp\/v2\/media\/27813"}],"wp:attachment":[{"href":"https:\/\/www.pressenza.com\/es\/wp-json\/wp\/v2\/media?parent=27706"}],"wp:term":[{"taxonomy":"category","embeddable":true,"href":"https:\/\/www.pressenza.com\/es\/wp-json\/wp\/v2\/categories?post=27706"},{"taxonomy":"post_tag","embeddable":true,"href":"https:\/\/www.pressenza.com\/es\/wp-json\/wp\/v2\/tags?post=27706"}],"curies":[{"name":"wp","href":"https:\/\/api.w.org\/{rel}","templated":true}]}}