{"id":274554,"date":"2016-02-03T22:28:26","date_gmt":"2016-02-03T22:28:26","guid":{"rendered":"http:\/\/www.pressenza.com\/es\/?p=274554"},"modified":"2016-11-09T18:39:41","modified_gmt":"2016-11-09T18:39:41","slug":"2745546f-ii-marcha-por-la-dignidad-en-ceuta","status":"publish","type":"post","link":"https:\/\/www.pressenza.com\/es\/2016\/02\/2745546f-ii-marcha-por-la-dignidad-en-ceuta\/","title":{"rendered":"6F: II Marcha por la dignidad en Ceuta"},"content":{"rendered":"<p>Dentro de la campa\u00f1a \u201c<strong>2016, por el cambio en pol\u00edtica migraci\u00f3n. Hacia la Europa de las Libertades<\/strong>\u201d, tendr\u00e1 lugar en Ceuta (Espa\u00f1a) la <strong>III Marcha por la Dignidad<\/strong>, coincidiendo con le segundo aniversario de la muerte de quince inmigrantes subsaharianos en la playa del Tarajal, donde se encuentra la valla que separa Ceuta (Espa\u00f1a) de Marruecos, en un intento por llegar nadando a tierras espa\u00f1olas.<\/p>\n<p>&nbsp;<\/p>\n<p><img loading=\"lazy\" decoding=\"async\" class=\"aligncenter size-full wp-image-274590\" src=\"http:\/\/www.pressenza.com\/wp-content\/uploads\/2016\/02\/cartel-III-marcha-dignidad-ceuta.jpg\" alt=\"cartel III marcha dignidad ceuta\" width=\"629\" height=\"629\" srcset=\"https:\/\/www.pressenza.com\/wp-content\/uploads\/2016\/02\/cartel-III-marcha-dignidad-ceuta.jpg 629w, https:\/\/www.pressenza.com\/wp-content\/uploads\/2016\/02\/cartel-III-marcha-dignidad-ceuta-150x150.jpg 150w, https:\/\/www.pressenza.com\/wp-content\/uploads\/2016\/02\/cartel-III-marcha-dignidad-ceuta-300x300.jpg 300w\" sizes=\"auto, (max-width: 629px) 100vw, 629px\" \/><\/p>\n<h6 style=\"text-align: center;\"><em>Cartel de la convocatoria<\/em><\/h6>\n<p>La Marcha est\u00e1 convocada por partidos pol\u00edticos como Podemos y organizaciones relacionadas con derechos humanos e inmigrantes (APDH-C\u00e1diz.. Caballas, Digmun, El\u00edn). Esta II Marcha tendr\u00e1 su r\u00e9plica en otras ciudades como Barcelona, Berl\u00edn, Estrasburgo o Rabat.<\/p>\n<p>Las circunstancias de la muerte de aquellos quince subsaharianos nunca fueron aclaradas y nadie asumi\u00f3 responsabilidades, si bien compa\u00f1eros de los fallecidos no han parado de explicar que fueron guardias civiles espa\u00f1oles quienes dispararon, provocando la muerte de los quince inmigrantes. Quiz\u00e1s nunca se sepa lo que pas\u00f3 realmente.<\/p>\n<p>Pero aquella fecha marca un antes y un despu\u00e9s en la pol\u00edtica migratoria europea, como explican los organizadores de la campa\u00f1a, \u201cLos graves sucesos ocurridos en la playa de El Tarajal el 6 de febrero de 2014, cuando quince personas se ahogaron al intentar llegar a Ceuta, situaron a las dos ciudades aut\u00f3nomas en el punto de mira de las autoridades espa\u00f1olas y europeas, de las organizaciones espa\u00f1olas e internacionales de defensa de los derechos humanos y de los medios de comunicaci\u00f3n, seg\u00fan (CEAR, Informe 2015: Las personas refugiadas en Espa\u00f1a y Europa)\u201d.<\/p>\n<p>Por otro lado, los colectivos convocantes se muestran preocupados por la situaci\u00f3n global que estamos viviendo en Europa respecto a la llegada incesante de inmigrantes, una buena parte de los cuales pierden la vida en el intento.<\/p>\n<p>Algunos datos dejan clara la situaci\u00f3n. En 2015, entraron en Europa 990.671 personas, entre migrantes y refugiados procedentes de \u00c1frica y Oriente Medio, a trav\u00e9s de Italia y Grecia fundamentalmente. Cinco veces m\u00e1s que el a\u00f1o anterior, seg\u00fan datos de la Organizaci\u00f3n Internacional de las Migraciones (OIM). De esta cifra, perdieron la vida 3.700 durante la traves\u00eda.<\/p>\n<p>Esta realidad es la que les ha hecho poner en marcha a las organizaciones convocantes la Campa\u00f1a \u201c<strong>2016, por el cambio en pol\u00edtica migraci\u00f3n. Hacia la Europa de las Libertades<\/strong>\u201d, que comienza con esta Marcha, y que continuar\u00e1 con diferentes acciones durante todo el a\u00f1o. \u201cQueremos -explican- aportar nuestro granito de arena haciendo visible este fen\u00f3meno y los tristes acontecimientos que acontecen en torno a \u00e9l, recomendando que repensemos la pol\u00edtica y legislaci\u00f3n de fronteras, en relaci\u00f3n a preservar la seguridad territorial sin vulnerar los derechos humanos\u201d.<\/p>\n<p>&nbsp;<\/p>\n<hr \/>\n<p><em><strong>Antonio Sempere<\/strong> es fotografo de prensa. Trabaja como frelance para distintas agencias internacionales en el norte de \u00c1frica. Es colaborador de varias\u00a0 entidadades sociales a favor de los derechos humanos y conocedor del drama de la inmigracion transfronteriza. Actualmente trabaja para Ceuta Actualidad.com, diario digital de informaci\u00f3n general e independiente de Ceuta referente del periodismo de la zona.<\/em><\/p>\n<p>&nbsp;<\/p>\n<p>&nbsp;<\/p>\n","protected":false},"excerpt":{"rendered":"<p>Dentro de la campa\u00f1a \u201c2016, por el cambio en pol\u00edtica migraci\u00f3n. Hacia la Europa de las Libertades\u201d, tendr\u00e1 lugar en Ceuta (Espa\u00f1a) la III Marcha por la Dignidad, coincidiendo con le segundo aniversario de la muerte de quince inmigrantes subsaharianos&hellip;<\/p>\n","protected":false},"author":188,"featured_media":274583,"comment_status":"closed","ping_status":"open","sticky":false,"template":"","format":"standard","meta":{"footnotes":""},"categories":[11389,79,39],"tags":[15538,1812,7129,23804,23805],"class_list":["post-274554","post","type-post","status-publish","format-standard","has-post-thumbnail","hentry","category-contenido-original","category-derechos-humanos","category-internacional","tag-ceuta","tag-inmigrantes","tag-movilizaciones","tag-muertes","tag-valla"],"yoast_head":"<!-- This site is optimized with the Yoast SEO plugin v27.1.1 - https:\/\/yoast.com\/product\/yoast-seo-wordpress\/ -->\n<title>6F: II Marcha por la dignidad en Ceuta<\/title>\n<meta name=\"description\" content=\"Dentro de la campa\u00f1a \u201c2016, por el cambio en pol\u00edtica migraci\u00f3n. Hacia la Europa de las Libertades\u201d, tendr\u00e1 lugar en Ceuta (Espa\u00f1a) la III Marcha por la\" \/>\n<meta name=\"robots\" content=\"index, follow, max-snippet:-1, max-image-preview:large, max-video-preview:-1\" \/>\n<link rel=\"canonical\" href=\"https:\/\/www.pressenza.com\/es\/2016\/02\/2745546f-ii-marcha-por-la-dignidad-en-ceuta\/\" \/>\n<meta property=\"og:locale\" content=\"es_ES\" \/>\n<meta property=\"og:type\" content=\"article\" \/>\n<meta property=\"og:title\" content=\"6F: II Marcha por la dignidad en Ceuta\" \/>\n<meta property=\"og:description\" content=\"Dentro de la campa\u00f1a \u201c2016, por el cambio en pol\u00edtica migraci\u00f3n. Hacia la Europa de las Libertades\u201d, tendr\u00e1 lugar en Ceuta (Espa\u00f1a) la III Marcha por la\" \/>\n<meta property=\"og:url\" content=\"https:\/\/www.pressenza.com\/es\/2016\/02\/2745546f-ii-marcha-por-la-dignidad-en-ceuta\/\" \/>\n<meta property=\"og:site_name\" content=\"Pressenza\" \/>\n<meta property=\"article:publisher\" content=\"https:\/\/www.facebook.com\/PressenzaItalia\" \/>\n<meta property=\"article:published_time\" content=\"2016-02-03T22:28:26+00:00\" \/>\n<meta property=\"article:modified_time\" content=\"2016-11-09T18:39:41+00:00\" \/>\n<meta property=\"og:image\" content=\"https:\/\/www.pressenza.com\/wp-content\/uploads\/2016\/02\/Playa-Tarajal-6-febrero-2014.jpg\" \/>\n\t<meta property=\"og:image:width\" content=\"927\" \/>\n\t<meta property=\"og:image:height\" content=\"629\" \/>\n\t<meta property=\"og:image:type\" content=\"image\/jpeg\" \/>\n<meta name=\"author\" content=\"Gabriela Amaya\" \/>\n<meta name=\"twitter:card\" content=\"summary_large_image\" \/>\n<meta name=\"twitter:creator\" content=\"@PressenzaIPA\" \/>\n<meta name=\"twitter:site\" content=\"@PressenzaIPA\" \/>\n<meta name=\"twitter:label1\" content=\"Escrito por\" \/>\n\t<meta name=\"twitter:data1\" content=\"Gabriela Amaya\" \/>\n\t<meta name=\"twitter:label2\" content=\"Tiempo de lectura\" \/>\n\t<meta name=\"twitter:data2\" content=\"3 minutos\" \/>\n<script type=\"application\/ld+json\" class=\"yoast-schema-graph\">{\"@context\":\"https:\/\/schema.org\",\"@graph\":[{\"@type\":\"Article\",\"@id\":\"https:\/\/www.pressenza.com\/es\/2016\/02\/2745546f-ii-marcha-por-la-dignidad-en-ceuta\/#article\",\"isPartOf\":{\"@id\":\"https:\/\/www.pressenza.com\/es\/2016\/02\/2745546f-ii-marcha-por-la-dignidad-en-ceuta\/\"},\"author\":{\"name\":\"Gabriela Amaya\",\"@id\":\"https:\/\/www.pressenza.com\/es\/#\/schema\/person\/725d47ccbea4c7854f7dd4011b6670b9\"},\"headline\":\"6F: II Marcha por la dignidad en Ceuta\",\"datePublished\":\"2016-02-03T22:28:26+00:00\",\"dateModified\":\"2016-11-09T18:39:41+00:00\",\"mainEntityOfPage\":{\"@id\":\"https:\/\/www.pressenza.com\/es\/2016\/02\/2745546f-ii-marcha-por-la-dignidad-en-ceuta\/\"},\"wordCount\":531,\"publisher\":{\"@id\":\"https:\/\/www.pressenza.com\/es\/#organization\"},\"image\":{\"@id\":\"https:\/\/www.pressenza.com\/es\/2016\/02\/2745546f-ii-marcha-por-la-dignidad-en-ceuta\/#primaryimage\"},\"thumbnailUrl\":\"https:\/\/www.pressenza.com\/wp-content\/uploads\/2016\/02\/Playa-Tarajal-6-febrero-2014.jpg\",\"keywords\":[\"Ceuta\",\"inmigrantes\",\"Movilizaciones\",\"muertes\",\"valla\"],\"articleSection\":[\"Contenido Original\",\"Derechos Humanos\",\"Internacional\"],\"inLanguage\":\"es\"},{\"@type\":\"WebPage\",\"@id\":\"https:\/\/www.pressenza.com\/es\/2016\/02\/2745546f-ii-marcha-por-la-dignidad-en-ceuta\/\",\"url\":\"https:\/\/www.pressenza.com\/es\/2016\/02\/2745546f-ii-marcha-por-la-dignidad-en-ceuta\/\",\"name\":\"6F: II Marcha por la dignidad en Ceuta\",\"isPartOf\":{\"@id\":\"https:\/\/www.pressenza.com\/es\/#website\"},\"primaryImageOfPage\":{\"@id\":\"https:\/\/www.pressenza.com\/es\/2016\/02\/2745546f-ii-marcha-por-la-dignidad-en-ceuta\/#primaryimage\"},\"image\":{\"@id\":\"https:\/\/www.pressenza.com\/es\/2016\/02\/2745546f-ii-marcha-por-la-dignidad-en-ceuta\/#primaryimage\"},\"thumbnailUrl\":\"https:\/\/www.pressenza.com\/wp-content\/uploads\/2016\/02\/Playa-Tarajal-6-febrero-2014.jpg\",\"datePublished\":\"2016-02-03T22:28:26+00:00\",\"dateModified\":\"2016-11-09T18:39:41+00:00\",\"description\":\"Dentro de la campa\u00f1a \u201c2016, por el cambio en pol\u00edtica migraci\u00f3n. Hacia la Europa de las Libertades\u201d, tendr\u00e1 lugar en Ceuta (Espa\u00f1a) la III Marcha por la\",\"breadcrumb\":{\"@id\":\"https:\/\/www.pressenza.com\/es\/2016\/02\/2745546f-ii-marcha-por-la-dignidad-en-ceuta\/#breadcrumb\"},\"inLanguage\":\"es\",\"potentialAction\":[{\"@type\":\"ReadAction\",\"target\":[\"https:\/\/www.pressenza.com\/es\/2016\/02\/2745546f-ii-marcha-por-la-dignidad-en-ceuta\/\"]}]},{\"@type\":\"ImageObject\",\"inLanguage\":\"es\",\"@id\":\"https:\/\/www.pressenza.com\/es\/2016\/02\/2745546f-ii-marcha-por-la-dignidad-en-ceuta\/#primaryimage\",\"url\":\"https:\/\/www.pressenza.com\/wp-content\/uploads\/2016\/02\/Playa-Tarajal-6-febrero-2014.jpg\",\"contentUrl\":\"https:\/\/www.pressenza.com\/wp-content\/uploads\/2016\/02\/Playa-Tarajal-6-febrero-2014.jpg\",\"width\":927,\"height\":629,\"caption\":\"Playa Tarajal 6 febrero 2014. Devoluci\u00f3n en caliente de numerosos inmigrantes, como puede verse en la imagen\"},{\"@type\":\"BreadcrumbList\",\"@id\":\"https:\/\/www.pressenza.com\/es\/2016\/02\/2745546f-ii-marcha-por-la-dignidad-en-ceuta\/#breadcrumb\",\"itemListElement\":[{\"@type\":\"ListItem\",\"position\":1,\"name\":\"Accueil\",\"item\":\"https:\/\/www.pressenza.com\/es\/\"},{\"@type\":\"ListItem\",\"position\":2,\"name\":\"6F: II Marcha por la dignidad en Ceuta\"}]},{\"@type\":\"WebSite\",\"@id\":\"https:\/\/www.pressenza.com\/es\/#website\",\"url\":\"https:\/\/www.pressenza.com\/es\/\",\"name\":\"Pressenza\",\"description\":\"International Press Agency\",\"publisher\":{\"@id\":\"https:\/\/www.pressenza.com\/es\/#organization\"},\"potentialAction\":[{\"@type\":\"SearchAction\",\"target\":{\"@type\":\"EntryPoint\",\"urlTemplate\":\"https:\/\/www.pressenza.com\/es\/?s={search_term_string}\"},\"query-input\":{\"@type\":\"PropertyValueSpecification\",\"valueRequired\":true,\"valueName\":\"search_term_string\"}}],\"inLanguage\":\"es\"},{\"@type\":\"Organization\",\"@id\":\"https:\/\/www.pressenza.com\/es\/#organization\",\"name\":\"Pressenza\",\"url\":\"https:\/\/www.pressenza.com\/es\/\",\"logo\":{\"@type\":\"ImageObject\",\"inLanguage\":\"es\",\"@id\":\"https:\/\/www.pressenza.com\/es\/#\/schema\/logo\/image\/\",\"url\":\"https:\/\/www.pressenza.com\/wp-content\/uploads\/2022\/10\/pressenza_logo_200x200.jpg\",\"contentUrl\":\"https:\/\/www.pressenza.com\/wp-content\/uploads\/2022\/10\/pressenza_logo_200x200.jpg\",\"width\":200,\"height\":200,\"caption\":\"Pressenza\"},\"image\":{\"@id\":\"https:\/\/www.pressenza.com\/es\/#\/schema\/logo\/image\/\"},\"sameAs\":[\"https:\/\/www.facebook.com\/PressenzaItalia\",\"https:\/\/x.com\/PressenzaIPA\"]},{\"@type\":\"Person\",\"@id\":\"https:\/\/www.pressenza.com\/es\/#\/schema\/person\/725d47ccbea4c7854f7dd4011b6670b9\",\"name\":\"Gabriela Amaya\",\"description\":\"Editor in Spanish, Gabriel Amaya has worked in radio and written press and years ago decided to develop her journalistic work as a professional volunteer at the service of peace and nonviolence. She is also involved with different collectives and platforms which she supports with her journalism.\",\"url\":\"https:\/\/www.pressenza.com\/es\/author\/gabriela-amaya\/\"}]}<\/script>\n<!-- \/ Yoast SEO plugin. -->","yoast_head_json":{"title":"6F: II Marcha por la dignidad en Ceuta","description":"Dentro de la campa\u00f1a \u201c2016, por el cambio en pol\u00edtica migraci\u00f3n. Hacia la Europa de las Libertades\u201d, tendr\u00e1 lugar en Ceuta (Espa\u00f1a) la III Marcha por la","robots":{"index":"index","follow":"follow","max-snippet":"max-snippet:-1","max-image-preview":"max-image-preview:large","max-video-preview":"max-video-preview:-1"},"canonical":"https:\/\/www.pressenza.com\/es\/2016\/02\/2745546f-ii-marcha-por-la-dignidad-en-ceuta\/","og_locale":"es_ES","og_type":"article","og_title":"6F: II Marcha por la dignidad en Ceuta","og_description":"Dentro de la campa\u00f1a \u201c2016, por el cambio en pol\u00edtica migraci\u00f3n. Hacia la Europa de las Libertades\u201d, tendr\u00e1 lugar en Ceuta (Espa\u00f1a) la III Marcha por la","og_url":"https:\/\/www.pressenza.com\/es\/2016\/02\/2745546f-ii-marcha-por-la-dignidad-en-ceuta\/","og_site_name":"Pressenza","article_publisher":"https:\/\/www.facebook.com\/PressenzaItalia","article_published_time":"2016-02-03T22:28:26+00:00","article_modified_time":"2016-11-09T18:39:41+00:00","og_image":[{"width":927,"height":629,"url":"https:\/\/www.pressenza.com\/wp-content\/uploads\/2016\/02\/Playa-Tarajal-6-febrero-2014.jpg","type":"image\/jpeg"}],"author":"Gabriela Amaya","twitter_card":"summary_large_image","twitter_creator":"@PressenzaIPA","twitter_site":"@PressenzaIPA","twitter_misc":{"Escrito por":"Gabriela Amaya","Tiempo de lectura":"3 minutos"},"schema":{"@context":"https:\/\/schema.org","@graph":[{"@type":"Article","@id":"https:\/\/www.pressenza.com\/es\/2016\/02\/2745546f-ii-marcha-por-la-dignidad-en-ceuta\/#article","isPartOf":{"@id":"https:\/\/www.pressenza.com\/es\/2016\/02\/2745546f-ii-marcha-por-la-dignidad-en-ceuta\/"},"author":{"name":"Gabriela Amaya","@id":"https:\/\/www.pressenza.com\/es\/#\/schema\/person\/725d47ccbea4c7854f7dd4011b6670b9"},"headline":"6F: II Marcha por la dignidad en Ceuta","datePublished":"2016-02-03T22:28:26+00:00","dateModified":"2016-11-09T18:39:41+00:00","mainEntityOfPage":{"@id":"https:\/\/www.pressenza.com\/es\/2016\/02\/2745546f-ii-marcha-por-la-dignidad-en-ceuta\/"},"wordCount":531,"publisher":{"@id":"https:\/\/www.pressenza.com\/es\/#organization"},"image":{"@id":"https:\/\/www.pressenza.com\/es\/2016\/02\/2745546f-ii-marcha-por-la-dignidad-en-ceuta\/#primaryimage"},"thumbnailUrl":"https:\/\/www.pressenza.com\/wp-content\/uploads\/2016\/02\/Playa-Tarajal-6-febrero-2014.jpg","keywords":["Ceuta","inmigrantes","Movilizaciones","muertes","valla"],"articleSection":["Contenido Original","Derechos Humanos","Internacional"],"inLanguage":"es"},{"@type":"WebPage","@id":"https:\/\/www.pressenza.com\/es\/2016\/02\/2745546f-ii-marcha-por-la-dignidad-en-ceuta\/","url":"https:\/\/www.pressenza.com\/es\/2016\/02\/2745546f-ii-marcha-por-la-dignidad-en-ceuta\/","name":"6F: II Marcha por la dignidad en Ceuta","isPartOf":{"@id":"https:\/\/www.pressenza.com\/es\/#website"},"primaryImageOfPage":{"@id":"https:\/\/www.pressenza.com\/es\/2016\/02\/2745546f-ii-marcha-por-la-dignidad-en-ceuta\/#primaryimage"},"image":{"@id":"https:\/\/www.pressenza.com\/es\/2016\/02\/2745546f-ii-marcha-por-la-dignidad-en-ceuta\/#primaryimage"},"thumbnailUrl":"https:\/\/www.pressenza.com\/wp-content\/uploads\/2016\/02\/Playa-Tarajal-6-febrero-2014.jpg","datePublished":"2016-02-03T22:28:26+00:00","dateModified":"2016-11-09T18:39:41+00:00","description":"Dentro de la campa\u00f1a \u201c2016, por el cambio en pol\u00edtica migraci\u00f3n. Hacia la Europa de las Libertades\u201d, tendr\u00e1 lugar en Ceuta (Espa\u00f1a) la III Marcha por la","breadcrumb":{"@id":"https:\/\/www.pressenza.com\/es\/2016\/02\/2745546f-ii-marcha-por-la-dignidad-en-ceuta\/#breadcrumb"},"inLanguage":"es","potentialAction":[{"@type":"ReadAction","target":["https:\/\/www.pressenza.com\/es\/2016\/02\/2745546f-ii-marcha-por-la-dignidad-en-ceuta\/"]}]},{"@type":"ImageObject","inLanguage":"es","@id":"https:\/\/www.pressenza.com\/es\/2016\/02\/2745546f-ii-marcha-por-la-dignidad-en-ceuta\/#primaryimage","url":"https:\/\/www.pressenza.com\/wp-content\/uploads\/2016\/02\/Playa-Tarajal-6-febrero-2014.jpg","contentUrl":"https:\/\/www.pressenza.com\/wp-content\/uploads\/2016\/02\/Playa-Tarajal-6-febrero-2014.jpg","width":927,"height":629,"caption":"Playa Tarajal 6 febrero 2014. Devoluci\u00f3n en caliente de numerosos inmigrantes, como puede verse en la imagen"},{"@type":"BreadcrumbList","@id":"https:\/\/www.pressenza.com\/es\/2016\/02\/2745546f-ii-marcha-por-la-dignidad-en-ceuta\/#breadcrumb","itemListElement":[{"@type":"ListItem","position":1,"name":"Accueil","item":"https:\/\/www.pressenza.com\/es\/"},{"@type":"ListItem","position":2,"name":"6F: II Marcha por la dignidad en Ceuta"}]},{"@type":"WebSite","@id":"https:\/\/www.pressenza.com\/es\/#website","url":"https:\/\/www.pressenza.com\/es\/","name":"Pressenza","description":"International Press Agency","publisher":{"@id":"https:\/\/www.pressenza.com\/es\/#organization"},"potentialAction":[{"@type":"SearchAction","target":{"@type":"EntryPoint","urlTemplate":"https:\/\/www.pressenza.com\/es\/?s={search_term_string}"},"query-input":{"@type":"PropertyValueSpecification","valueRequired":true,"valueName":"search_term_string"}}],"inLanguage":"es"},{"@type":"Organization","@id":"https:\/\/www.pressenza.com\/es\/#organization","name":"Pressenza","url":"https:\/\/www.pressenza.com\/es\/","logo":{"@type":"ImageObject","inLanguage":"es","@id":"https:\/\/www.pressenza.com\/es\/#\/schema\/logo\/image\/","url":"https:\/\/www.pressenza.com\/wp-content\/uploads\/2022\/10\/pressenza_logo_200x200.jpg","contentUrl":"https:\/\/www.pressenza.com\/wp-content\/uploads\/2022\/10\/pressenza_logo_200x200.jpg","width":200,"height":200,"caption":"Pressenza"},"image":{"@id":"https:\/\/www.pressenza.com\/es\/#\/schema\/logo\/image\/"},"sameAs":["https:\/\/www.facebook.com\/PressenzaItalia","https:\/\/x.com\/PressenzaIPA"]},{"@type":"Person","@id":"https:\/\/www.pressenza.com\/es\/#\/schema\/person\/725d47ccbea4c7854f7dd4011b6670b9","name":"Gabriela Amaya","description":"Editor in Spanish, Gabriel Amaya has worked in radio and written press and years ago decided to develop her journalistic work as a professional volunteer at the service of peace and nonviolence. She is also involved with different collectives and platforms which she supports with her journalism.","url":"https:\/\/www.pressenza.com\/es\/author\/gabriela-amaya\/"}]}},"place":"Ceuta (Espa\u00f1a)","original_article_url":"","_links":{"self":[{"href":"https:\/\/www.pressenza.com\/es\/wp-json\/wp\/v2\/posts\/274554","targetHints":{"allow":["GET"]}}],"collection":[{"href":"https:\/\/www.pressenza.com\/es\/wp-json\/wp\/v2\/posts"}],"about":[{"href":"https:\/\/www.pressenza.com\/es\/wp-json\/wp\/v2\/types\/post"}],"author":[{"embeddable":true,"href":"https:\/\/www.pressenza.com\/es\/wp-json\/wp\/v2\/users\/188"}],"replies":[{"embeddable":true,"href":"https:\/\/www.pressenza.com\/es\/wp-json\/wp\/v2\/comments?post=274554"}],"version-history":[{"count":0,"href":"https:\/\/www.pressenza.com\/es\/wp-json\/wp\/v2\/posts\/274554\/revisions"}],"wp:featuredmedia":[{"embeddable":true,"href":"https:\/\/www.pressenza.com\/es\/wp-json\/wp\/v2\/media\/274583"}],"wp:attachment":[{"href":"https:\/\/www.pressenza.com\/es\/wp-json\/wp\/v2\/media?parent=274554"}],"wp:term":[{"taxonomy":"category","embeddable":true,"href":"https:\/\/www.pressenza.com\/es\/wp-json\/wp\/v2\/categories?post=274554"},{"taxonomy":"post_tag","embeddable":true,"href":"https:\/\/www.pressenza.com\/es\/wp-json\/wp\/v2\/tags?post=274554"}],"curies":[{"name":"wp","href":"https:\/\/api.w.org\/{rel}","templated":true}]}}