{"id":274465,"date":"2016-02-03T16:17:23","date_gmt":"2016-02-03T16:17:23","guid":{"rendered":"http:\/\/www.pressenza.com\/es\/?p=274465"},"modified":"2016-02-03T16:17:42","modified_gmt":"2016-02-03T16:17:42","slug":"divulgacion-transgeneracional-del-trauma-o-la-larga-sombra-de-la-guerra","status":"publish","type":"post","link":"https:\/\/www.pressenza.com\/es\/2016\/02\/divulgacion-transgeneracional-del-trauma-o-la-larga-sombra-de-la-guerra\/","title":{"rendered":"Divulgaci\u00f3n transgeneracional del trauma o la larga sombra de la guerra"},"content":{"rendered":"<p><strong>Desde hace algunos a\u00f1os Alemania se est\u00e1 interesando m\u00e1s profundamente por un tema, setenta a\u00f1os despu\u00e9s del final de la Segunda Guerra Mundial. Mientras que ya a finales de los noventa se hablaba de los ni\u00f1os de la guerra, aquellos gobernados por el largo silencio, la represi\u00f3n de experiencias dolorosas o conductas de culpabilidad, la poblaci\u00f3n aceptaba la transmisi\u00f3n del trauma de los ni\u00f1os de la guerra a sus hijos, los nietos de la guerra. Este acontecimiento no s\u00f3lo fue importante por el hecho de que cada uno pod\u00eda ahondar en sus problemas personales y su historia familiar, sino tambi\u00e9n<\/strong><strong> para conciliar y hacer madurar a las personas que entienden lo que la angustia, la persecuci\u00f3n y la violencia causan a trav\u00e9s de las generaciones y, por tanto, para utilizar lo aprendido en ofrecer hoy d\u00eda protecci\u00f3n y ayuda a refugiados y v\u00edctimas de la violencia.<\/strong><\/p>\n<p>En los a\u00f1os ochenta y noventa, nos empapamos de documentales que trataban al detalle todos los aspectos del nazismo y los horrores del Tercer Reich. Se realizaron entrevistas a expertos, testigos de la \u00e9poca hablaron y se mostraron v\u00eddeos. Fue una fase necesaria para superar el pasado, pero muy acad\u00e9mica; ahora es el momento oportuno de pasar a una nueva etapa. La generaci\u00f3n de autores muri\u00f3, y los ni\u00f1os de la generaci\u00f3n de la guerra son ahora ancianos que prefieren, en su mayor\u00eda, realizar un balance de sus experiencias pasadas. Tambi\u00e9n los nietos de la guerra, aquellos que tienen entre 35 y 50 a\u00f1os de edad, empiezan a interesarse por las causas de sus problemas y los antecedentes familiares de sus padres. No es de extra\u00f1ar, por tanto, que este tema surja ahora y sea una oportunidad para muchos de acerarse al ayer de sus familias.<\/p>\n<p>Se ha investigado y escrito mucho sobre las v\u00edctimas de la Segunda Guerra Mundial, especialmente sobre los supervivientes del Holocausto y el sufrimiento de las siguientes generaciones bajo los recuerdos extremadamente traum\u00e1ticos de sus abuelos. Cuando hablamos de los ni\u00f1os de la guerra\u00a0alemanes\u00a0no hacemos referencia a los supervivientes de campos de concentraci\u00f3n. Sin embargo,\u00a0tambi\u00e9n ellos han pasado por\u00a0experiencias terribles, sin tener culpa alguna, en las huidas o en las noches de bombardeos. Han sufrido p\u00e9rdidas, enfermedades, muertes, hambre y han vivido casos de violencia extrema.<\/p>\n<p>Sin embargo, el estudio de las consecuencias de estas experiencias en los ni\u00f1os y las generaciones futuras ha sido durante mucho tiempo un tab\u00fa. Por un lado, porque se tem\u00eda que pudiera ser visto como una reducci\u00f3n de la valoraci\u00f3n del sufrimiento de las v\u00edctimas del nacionalsocialismo, pero tambi\u00e9n porque los sentimientos de verg\u00fcenza y culpa dentro de la familia se mantuvieron en secreto. Es lo que se esperaba de la generaci\u00f3n de los ni\u00f1os de la guerra, aquellos nacidos entre los a\u00f1os 1930 y 1945, que olvidaran r\u00e1pidamente los terribles acontecimientos.<\/p>\n<p>Hoy conocemos m\u00e1s y sabemos que la experiencia de la desestabilizaci\u00f3n y el fracaso, la sensaci\u00f3n de desamparo y soledad llevan a los ni\u00f1os a tener trastornos psicol\u00f3gicos dram\u00e1ticos en su edad adulta. Mientras m\u00e1s j\u00f3venes sean, m\u00e1s graves son estos. Muchos ni\u00f1os de la guerra han sufrido durante toda su vida ansiedad, depresi\u00f3n, una continua sensaci\u00f3n de abandono, miedo a la existencia y a la p\u00e9rdida, alcoholismo y otras adicciones, a menudo sin saber de d\u00f3nde provienen estos problemas.<\/p>\n<p>Sabine Bode, la autora del libro <em>La generaci\u00f3n olvidada<\/em> afirma, que no es nuevo que los ni\u00f1os sean los que m\u00e1s sufren la violencia colectiva, sino el hecho de que toda una generaci\u00f3n que ha tenido una experiencia dram\u00e1tica no se sienta mal de haberla experimentado porque no tiene acceso emocional a ella.<\/p>\n<p>Es obvio que no eran las mejores condiciones para criar a los ni\u00f1os. Los nietos de la guerra as\u00ed lo describen. Sus padres no han estado nunca accesibles para ellos emocionalmente, realmente nunca han estado ah\u00ed. Siempre han estado perdidos en sus pensamientos y ocupados en ellos mismos. Lo han compensado con consumo y mucho trabajo. Adem\u00e1s, los ni\u00f1os que han crecido en una situaci\u00f3n inestable han asumido a menudo el papel de los padres, sinti\u00e9ndose responsables del ambiente que se respiraba en casa e intentando ayudar a solucionar algo que ni sab\u00edan qu\u00e9 era ni entend\u00edan de d\u00f3nde ven\u00eda. Hasta la edad adulta los padres exig\u00edan su cuidado por parte de los hijos y estos no pod\u00edan alejarse frecuentemente de la casa de sus padres sin tener un sentimiento de culpabilidad. Sobre el pasado no se hablaba pero para muchos estaba presente. La guerra no fue nunca un tema a tratar y cuando se hac\u00eda, se hac\u00eda de una manera muy vaga e impersonal.<\/p>\n<p>Estos padres no han podido ofrecerles a sus hijos un apoyo ni una orientaci\u00f3n como padres, los ni\u00f1os han sido criados con frases vac\u00edas: \u00abVosotros lo ten\u00e9is mucho mejor que nosotros\u00bb, \u00abA vosotros os va realmente bien\u00bb. En consecuencia, la generaci\u00f3n de los nietos lo ha tenido dif\u00edcil para afrontar y encontrar un sentido a sus vidas. Muchos todav\u00eda se sienten desorientados y sufren desde sobreexigencia, pobreza emocional, carencia de relaciones, soledad hasta depresiones profundas y ataques de p\u00e1nico, que seg\u00fan informan muchos terapeutas, a menudo resultan ser transferencias directas de las peores experiencias del padre o de la madre.<\/p>\n<p>No pueden averiguar de d\u00f3nde provienen sus problemas. Ellos siempre han estado bien, sin guerra ni sufrimiento, crecieron en una de las mejores sociedades posibles. Se les llama tambi\u00e9n los ni\u00f1os de la niebla, que deambulan por la vida buscando unas respuestas que sus padres no son capaces de darles.<\/p>\n<p>Lo que podemos sacar en claro de todo esto es que la guerra tiene una larga sombra. Cuando pensamos en las guerras actuales y los continuos enfrentamientos en Siria, Palestina, Libia, Congo, Somalia y as\u00ed sucesivamente, tenemos que pensar, ante todo, en los ni\u00f1os que crecen en situaciones de inestabilidad, el exceso de trabajo, el miedo de los padres y las experiencias traum\u00e1ticas. Si echamos la vista atr\u00e1s nos damos cuenta de que hemos da\u00f1ado a la humanidad durante muchas generaciones, y tenemos que hacer todo lo posible para ofrecer a los que huyen de estos conflictos un hogar seguro para que puedan superar mejor sus traumas.<\/p>\n<p>Lecturas recomendadas:<\/p>\n<ul>\n<li>\u201cNebelkinder\u201d de Michael Schneider y Joachim S\u00fcss, editorial Europa.<\/li>\n<li>\u201cKriegsenkel: Die Erben der vergessenen Generation\u201c de Sabine Bode, editorial Klett-Cotta.<\/li>\n<\/ul>\n<p><em>Traducci\u00f3n desde el alem\u00e1n por Mar\u00eda Navas<\/em><\/p>\n","protected":false},"excerpt":{"rendered":"<p>Desde hace algunos a\u00f1os Alemania se est\u00e1 interesando m\u00e1s profundamente por un tema, setenta a\u00f1os despu\u00e9s del final de la Segunda Guerra Mundial. Mientras que ya a finales de los noventa se hablaba de los ni\u00f1os de la guerra, aquellos&hellip;<\/p>\n","protected":false},"author":1091,"featured_media":239498,"comment_status":"closed","ping_status":"open","sticky":false,"template":"","format":"standard","meta":{"footnotes":""},"categories":[11389,1243,1239],"tags":[23768,922,23769,23771,3022,23770],"class_list":["post-274465","post","type-post","status-publish","format-standard","has-post-thumbnail","hentry","category-contenido-original","category-paz-desarme","category-salud","tag-divulgacion-transgeneracional-del-trauma","tag-guerra-es","tag-la-segunda-guerra-mundial","tag-ninos-de-la-guerra","tag-refugiados","tag-trauma-de-la-guerra"],"yoast_head":"<!-- This site is optimized with the Yoast SEO plugin v27.1.1 - https:\/\/yoast.com\/product\/yoast-seo-wordpress\/ -->\n<title>Divulgaci\u00f3n transgeneracional del trauma o la larga sombra de la guerra<\/title>\n<meta name=\"description\" content=\"Desde hace algunos a\u00f1os Alemania se est\u00e1 interesando m\u00e1s profundamente por un tema, setenta a\u00f1os despu\u00e9s del final de la Segunda Guerra Mundial. Mientras\" \/>\n<meta name=\"robots\" content=\"index, follow, max-snippet:-1, max-image-preview:large, max-video-preview:-1\" \/>\n<link rel=\"canonical\" href=\"https:\/\/www.pressenza.com\/es\/2016\/02\/divulgacion-transgeneracional-del-trauma-o-la-larga-sombra-de-la-guerra\/\" \/>\n<meta property=\"og:locale\" content=\"es_ES\" \/>\n<meta property=\"og:type\" content=\"article\" \/>\n<meta property=\"og:title\" content=\"Divulgaci\u00f3n transgeneracional del trauma o la larga sombra de la guerra\" \/>\n<meta property=\"og:description\" content=\"Desde hace algunos a\u00f1os Alemania se est\u00e1 interesando m\u00e1s profundamente por un tema, setenta a\u00f1os despu\u00e9s del final de la Segunda Guerra Mundial. Mientras\" \/>\n<meta property=\"og:url\" content=\"https:\/\/www.pressenza.com\/es\/2016\/02\/divulgacion-transgeneracional-del-trauma-o-la-larga-sombra-de-la-guerra\/\" \/>\n<meta property=\"og:site_name\" content=\"Pressenza\" \/>\n<meta property=\"article:publisher\" content=\"https:\/\/www.facebook.com\/PressenzaItalia\" \/>\n<meta property=\"article:published_time\" content=\"2016-02-03T16:17:23+00:00\" \/>\n<meta property=\"article:modified_time\" content=\"2016-02-03T16:17:42+00:00\" \/>\n<meta property=\"og:image\" content=\"https:\/\/www.pressenza.com\/wp-content\/uploads\/2015\/10\/Transgenerationale-Weitergabe-von-Kriegstraumata.jpg\" \/>\n\t<meta property=\"og:image:width\" content=\"1481\" \/>\n\t<meta property=\"og:image:height\" content=\"793\" \/>\n\t<meta property=\"og:image:type\" content=\"image\/jpeg\" \/>\n<meta name=\"author\" content=\"Johanna Heuveling\" \/>\n<meta name=\"twitter:card\" content=\"summary_large_image\" \/>\n<meta name=\"twitter:creator\" content=\"@PressenzaIPA\" \/>\n<meta name=\"twitter:site\" content=\"@PressenzaIPA\" \/>\n<meta name=\"twitter:label1\" content=\"Escrito por\" \/>\n\t<meta name=\"twitter:data1\" content=\"Johanna Heuveling\" \/>\n\t<meta name=\"twitter:label2\" content=\"Tiempo de lectura\" \/>\n\t<meta name=\"twitter:data2\" content=\"6 minutos\" \/>\n<script type=\"application\/ld+json\" class=\"yoast-schema-graph\">{\"@context\":\"https:\/\/schema.org\",\"@graph\":[{\"@type\":\"Article\",\"@id\":\"https:\/\/www.pressenza.com\/es\/2016\/02\/divulgacion-transgeneracional-del-trauma-o-la-larga-sombra-de-la-guerra\/#article\",\"isPartOf\":{\"@id\":\"https:\/\/www.pressenza.com\/es\/2016\/02\/divulgacion-transgeneracional-del-trauma-o-la-larga-sombra-de-la-guerra\/\"},\"author\":{\"name\":\"Johanna Heuveling\",\"@id\":\"https:\/\/www.pressenza.com\/es\/#\/schema\/person\/dc5d249e1ad384095a92ed36392872fc\"},\"headline\":\"Divulgaci\u00f3n transgeneracional del trauma o la larga sombra de la guerra\",\"datePublished\":\"2016-02-03T16:17:23+00:00\",\"dateModified\":\"2016-02-03T16:17:42+00:00\",\"mainEntityOfPage\":{\"@id\":\"https:\/\/www.pressenza.com\/es\/2016\/02\/divulgacion-transgeneracional-del-trauma-o-la-larga-sombra-de-la-guerra\/\"},\"wordCount\":1161,\"publisher\":{\"@id\":\"https:\/\/www.pressenza.com\/es\/#organization\"},\"image\":{\"@id\":\"https:\/\/www.pressenza.com\/es\/2016\/02\/divulgacion-transgeneracional-del-trauma-o-la-larga-sombra-de-la-guerra\/#primaryimage\"},\"thumbnailUrl\":\"https:\/\/www.pressenza.com\/wp-content\/uploads\/2015\/10\/Transgenerationale-Weitergabe-von-Kriegstraumata.jpg\",\"keywords\":[\"Divulgaci\u00f3n transgeneracional del trauma\",\"guerra\",\"la Segunda Guerra Mundial\",\"ni\u00f1os de la guerra\",\"refugiados\",\"trauma de la guerra\"],\"articleSection\":[\"Contenido Original\",\"Paz y Desarme\",\"Salud\"],\"inLanguage\":\"es\"},{\"@type\":\"WebPage\",\"@id\":\"https:\/\/www.pressenza.com\/es\/2016\/02\/divulgacion-transgeneracional-del-trauma-o-la-larga-sombra-de-la-guerra\/\",\"url\":\"https:\/\/www.pressenza.com\/es\/2016\/02\/divulgacion-transgeneracional-del-trauma-o-la-larga-sombra-de-la-guerra\/\",\"name\":\"Divulgaci\u00f3n transgeneracional del trauma o la larga sombra de la guerra\",\"isPartOf\":{\"@id\":\"https:\/\/www.pressenza.com\/es\/#website\"},\"primaryImageOfPage\":{\"@id\":\"https:\/\/www.pressenza.com\/es\/2016\/02\/divulgacion-transgeneracional-del-trauma-o-la-larga-sombra-de-la-guerra\/#primaryimage\"},\"image\":{\"@id\":\"https:\/\/www.pressenza.com\/es\/2016\/02\/divulgacion-transgeneracional-del-trauma-o-la-larga-sombra-de-la-guerra\/#primaryimage\"},\"thumbnailUrl\":\"https:\/\/www.pressenza.com\/wp-content\/uploads\/2015\/10\/Transgenerationale-Weitergabe-von-Kriegstraumata.jpg\",\"datePublished\":\"2016-02-03T16:17:23+00:00\",\"dateModified\":\"2016-02-03T16:17:42+00:00\",\"description\":\"Desde hace algunos a\u00f1os Alemania se est\u00e1 interesando m\u00e1s profundamente por un tema, setenta a\u00f1os despu\u00e9s del final de la Segunda Guerra Mundial. Mientras\",\"breadcrumb\":{\"@id\":\"https:\/\/www.pressenza.com\/es\/2016\/02\/divulgacion-transgeneracional-del-trauma-o-la-larga-sombra-de-la-guerra\/#breadcrumb\"},\"inLanguage\":\"es\",\"potentialAction\":[{\"@type\":\"ReadAction\",\"target\":[\"https:\/\/www.pressenza.com\/es\/2016\/02\/divulgacion-transgeneracional-del-trauma-o-la-larga-sombra-de-la-guerra\/\"]}]},{\"@type\":\"ImageObject\",\"inLanguage\":\"es\",\"@id\":\"https:\/\/www.pressenza.com\/es\/2016\/02\/divulgacion-transgeneracional-del-trauma-o-la-larga-sombra-de-la-guerra\/#primaryimage\",\"url\":\"https:\/\/www.pressenza.com\/wp-content\/uploads\/2015\/10\/Transgenerationale-Weitergabe-von-Kriegstraumata.jpg\",\"contentUrl\":\"https:\/\/www.pressenza.com\/wp-content\/uploads\/2015\/10\/Transgenerationale-Weitergabe-von-Kriegstraumata.jpg\",\"width\":1481,\"height\":793},{\"@type\":\"BreadcrumbList\",\"@id\":\"https:\/\/www.pressenza.com\/es\/2016\/02\/divulgacion-transgeneracional-del-trauma-o-la-larga-sombra-de-la-guerra\/#breadcrumb\",\"itemListElement\":[{\"@type\":\"ListItem\",\"position\":1,\"name\":\"Accueil\",\"item\":\"https:\/\/www.pressenza.com\/es\/\"},{\"@type\":\"ListItem\",\"position\":2,\"name\":\"Divulgaci\u00f3n transgeneracional del trauma o la larga sombra de la guerra\"}]},{\"@type\":\"WebSite\",\"@id\":\"https:\/\/www.pressenza.com\/es\/#website\",\"url\":\"https:\/\/www.pressenza.com\/es\/\",\"name\":\"Pressenza\",\"description\":\"International Press Agency\",\"publisher\":{\"@id\":\"https:\/\/www.pressenza.com\/es\/#organization\"},\"potentialAction\":[{\"@type\":\"SearchAction\",\"target\":{\"@type\":\"EntryPoint\",\"urlTemplate\":\"https:\/\/www.pressenza.com\/es\/?s={search_term_string}\"},\"query-input\":{\"@type\":\"PropertyValueSpecification\",\"valueRequired\":true,\"valueName\":\"search_term_string\"}}],\"inLanguage\":\"es\"},{\"@type\":\"Organization\",\"@id\":\"https:\/\/www.pressenza.com\/es\/#organization\",\"name\":\"Pressenza\",\"url\":\"https:\/\/www.pressenza.com\/es\/\",\"logo\":{\"@type\":\"ImageObject\",\"inLanguage\":\"es\",\"@id\":\"https:\/\/www.pressenza.com\/es\/#\/schema\/logo\/image\/\",\"url\":\"https:\/\/www.pressenza.com\/wp-content\/uploads\/2022\/10\/pressenza_logo_200x200.jpg\",\"contentUrl\":\"https:\/\/www.pressenza.com\/wp-content\/uploads\/2022\/10\/pressenza_logo_200x200.jpg\",\"width\":200,\"height\":200,\"caption\":\"Pressenza\"},\"image\":{\"@id\":\"https:\/\/www.pressenza.com\/es\/#\/schema\/logo\/image\/\"},\"sameAs\":[\"https:\/\/www.facebook.com\/PressenzaItalia\",\"https:\/\/x.com\/PressenzaIPA\"]},{\"@type\":\"Person\",\"@id\":\"https:\/\/www.pressenza.com\/es\/#\/schema\/person\/dc5d249e1ad384095a92ed36392872fc\",\"name\":\"Johanna Heuveling\",\"description\":\"lives in Berlin and works as a scientist and science communicator. She is also active in \\\"World without Wars and Violence\\\" and Pressenza. As a journalist she is most interested in refugee politics, weapon trade, Africa, Arts and News from Sciences.\",\"url\":\"https:\/\/www.pressenza.com\/es\/author\/johanna-heuveling\/\"}]}<\/script>\n<!-- \/ Yoast SEO plugin. -->","yoast_head_json":{"title":"Divulgaci\u00f3n transgeneracional del trauma o la larga sombra de la guerra","description":"Desde hace algunos a\u00f1os Alemania se est\u00e1 interesando m\u00e1s profundamente por un tema, setenta a\u00f1os despu\u00e9s del final de la Segunda Guerra Mundial. Mientras","robots":{"index":"index","follow":"follow","max-snippet":"max-snippet:-1","max-image-preview":"max-image-preview:large","max-video-preview":"max-video-preview:-1"},"canonical":"https:\/\/www.pressenza.com\/es\/2016\/02\/divulgacion-transgeneracional-del-trauma-o-la-larga-sombra-de-la-guerra\/","og_locale":"es_ES","og_type":"article","og_title":"Divulgaci\u00f3n transgeneracional del trauma o la larga sombra de la guerra","og_description":"Desde hace algunos a\u00f1os Alemania se est\u00e1 interesando m\u00e1s profundamente por un tema, setenta a\u00f1os despu\u00e9s del final de la Segunda Guerra Mundial. Mientras","og_url":"https:\/\/www.pressenza.com\/es\/2016\/02\/divulgacion-transgeneracional-del-trauma-o-la-larga-sombra-de-la-guerra\/","og_site_name":"Pressenza","article_publisher":"https:\/\/www.facebook.com\/PressenzaItalia","article_published_time":"2016-02-03T16:17:23+00:00","article_modified_time":"2016-02-03T16:17:42+00:00","og_image":[{"width":1481,"height":793,"url":"https:\/\/www.pressenza.com\/wp-content\/uploads\/2015\/10\/Transgenerationale-Weitergabe-von-Kriegstraumata.jpg","type":"image\/jpeg"}],"author":"Johanna Heuveling","twitter_card":"summary_large_image","twitter_creator":"@PressenzaIPA","twitter_site":"@PressenzaIPA","twitter_misc":{"Escrito por":"Johanna Heuveling","Tiempo de lectura":"6 minutos"},"schema":{"@context":"https:\/\/schema.org","@graph":[{"@type":"Article","@id":"https:\/\/www.pressenza.com\/es\/2016\/02\/divulgacion-transgeneracional-del-trauma-o-la-larga-sombra-de-la-guerra\/#article","isPartOf":{"@id":"https:\/\/www.pressenza.com\/es\/2016\/02\/divulgacion-transgeneracional-del-trauma-o-la-larga-sombra-de-la-guerra\/"},"author":{"name":"Johanna Heuveling","@id":"https:\/\/www.pressenza.com\/es\/#\/schema\/person\/dc5d249e1ad384095a92ed36392872fc"},"headline":"Divulgaci\u00f3n transgeneracional del trauma o la larga sombra de la guerra","datePublished":"2016-02-03T16:17:23+00:00","dateModified":"2016-02-03T16:17:42+00:00","mainEntityOfPage":{"@id":"https:\/\/www.pressenza.com\/es\/2016\/02\/divulgacion-transgeneracional-del-trauma-o-la-larga-sombra-de-la-guerra\/"},"wordCount":1161,"publisher":{"@id":"https:\/\/www.pressenza.com\/es\/#organization"},"image":{"@id":"https:\/\/www.pressenza.com\/es\/2016\/02\/divulgacion-transgeneracional-del-trauma-o-la-larga-sombra-de-la-guerra\/#primaryimage"},"thumbnailUrl":"https:\/\/www.pressenza.com\/wp-content\/uploads\/2015\/10\/Transgenerationale-Weitergabe-von-Kriegstraumata.jpg","keywords":["Divulgaci\u00f3n transgeneracional del trauma","guerra","la Segunda Guerra Mundial","ni\u00f1os de la guerra","refugiados","trauma de la guerra"],"articleSection":["Contenido Original","Paz y Desarme","Salud"],"inLanguage":"es"},{"@type":"WebPage","@id":"https:\/\/www.pressenza.com\/es\/2016\/02\/divulgacion-transgeneracional-del-trauma-o-la-larga-sombra-de-la-guerra\/","url":"https:\/\/www.pressenza.com\/es\/2016\/02\/divulgacion-transgeneracional-del-trauma-o-la-larga-sombra-de-la-guerra\/","name":"Divulgaci\u00f3n transgeneracional del trauma o la larga sombra de la guerra","isPartOf":{"@id":"https:\/\/www.pressenza.com\/es\/#website"},"primaryImageOfPage":{"@id":"https:\/\/www.pressenza.com\/es\/2016\/02\/divulgacion-transgeneracional-del-trauma-o-la-larga-sombra-de-la-guerra\/#primaryimage"},"image":{"@id":"https:\/\/www.pressenza.com\/es\/2016\/02\/divulgacion-transgeneracional-del-trauma-o-la-larga-sombra-de-la-guerra\/#primaryimage"},"thumbnailUrl":"https:\/\/www.pressenza.com\/wp-content\/uploads\/2015\/10\/Transgenerationale-Weitergabe-von-Kriegstraumata.jpg","datePublished":"2016-02-03T16:17:23+00:00","dateModified":"2016-02-03T16:17:42+00:00","description":"Desde hace algunos a\u00f1os Alemania se est\u00e1 interesando m\u00e1s profundamente por un tema, setenta a\u00f1os despu\u00e9s del final de la Segunda Guerra Mundial. Mientras","breadcrumb":{"@id":"https:\/\/www.pressenza.com\/es\/2016\/02\/divulgacion-transgeneracional-del-trauma-o-la-larga-sombra-de-la-guerra\/#breadcrumb"},"inLanguage":"es","potentialAction":[{"@type":"ReadAction","target":["https:\/\/www.pressenza.com\/es\/2016\/02\/divulgacion-transgeneracional-del-trauma-o-la-larga-sombra-de-la-guerra\/"]}]},{"@type":"ImageObject","inLanguage":"es","@id":"https:\/\/www.pressenza.com\/es\/2016\/02\/divulgacion-transgeneracional-del-trauma-o-la-larga-sombra-de-la-guerra\/#primaryimage","url":"https:\/\/www.pressenza.com\/wp-content\/uploads\/2015\/10\/Transgenerationale-Weitergabe-von-Kriegstraumata.jpg","contentUrl":"https:\/\/www.pressenza.com\/wp-content\/uploads\/2015\/10\/Transgenerationale-Weitergabe-von-Kriegstraumata.jpg","width":1481,"height":793},{"@type":"BreadcrumbList","@id":"https:\/\/www.pressenza.com\/es\/2016\/02\/divulgacion-transgeneracional-del-trauma-o-la-larga-sombra-de-la-guerra\/#breadcrumb","itemListElement":[{"@type":"ListItem","position":1,"name":"Accueil","item":"https:\/\/www.pressenza.com\/es\/"},{"@type":"ListItem","position":2,"name":"Divulgaci\u00f3n transgeneracional del trauma o la larga sombra de la guerra"}]},{"@type":"WebSite","@id":"https:\/\/www.pressenza.com\/es\/#website","url":"https:\/\/www.pressenza.com\/es\/","name":"Pressenza","description":"International Press Agency","publisher":{"@id":"https:\/\/www.pressenza.com\/es\/#organization"},"potentialAction":[{"@type":"SearchAction","target":{"@type":"EntryPoint","urlTemplate":"https:\/\/www.pressenza.com\/es\/?s={search_term_string}"},"query-input":{"@type":"PropertyValueSpecification","valueRequired":true,"valueName":"search_term_string"}}],"inLanguage":"es"},{"@type":"Organization","@id":"https:\/\/www.pressenza.com\/es\/#organization","name":"Pressenza","url":"https:\/\/www.pressenza.com\/es\/","logo":{"@type":"ImageObject","inLanguage":"es","@id":"https:\/\/www.pressenza.com\/es\/#\/schema\/logo\/image\/","url":"https:\/\/www.pressenza.com\/wp-content\/uploads\/2022\/10\/pressenza_logo_200x200.jpg","contentUrl":"https:\/\/www.pressenza.com\/wp-content\/uploads\/2022\/10\/pressenza_logo_200x200.jpg","width":200,"height":200,"caption":"Pressenza"},"image":{"@id":"https:\/\/www.pressenza.com\/es\/#\/schema\/logo\/image\/"},"sameAs":["https:\/\/www.facebook.com\/PressenzaItalia","https:\/\/x.com\/PressenzaIPA"]},{"@type":"Person","@id":"https:\/\/www.pressenza.com\/es\/#\/schema\/person\/dc5d249e1ad384095a92ed36392872fc","name":"Johanna Heuveling","description":"lives in Berlin and works as a scientist and science communicator. She is also active in \"World without Wars and Violence\" and Pressenza. As a journalist she is most interested in refugee politics, weapon trade, Africa, Arts and News from Sciences.","url":"https:\/\/www.pressenza.com\/es\/author\/johanna-heuveling\/"}]}},"place":"","original_article_url":"","_links":{"self":[{"href":"https:\/\/www.pressenza.com\/es\/wp-json\/wp\/v2\/posts\/274465","targetHints":{"allow":["GET"]}}],"collection":[{"href":"https:\/\/www.pressenza.com\/es\/wp-json\/wp\/v2\/posts"}],"about":[{"href":"https:\/\/www.pressenza.com\/es\/wp-json\/wp\/v2\/types\/post"}],"author":[{"embeddable":true,"href":"https:\/\/www.pressenza.com\/es\/wp-json\/wp\/v2\/users\/1091"}],"replies":[{"embeddable":true,"href":"https:\/\/www.pressenza.com\/es\/wp-json\/wp\/v2\/comments?post=274465"}],"version-history":[{"count":0,"href":"https:\/\/www.pressenza.com\/es\/wp-json\/wp\/v2\/posts\/274465\/revisions"}],"wp:featuredmedia":[{"embeddable":true,"href":"https:\/\/www.pressenza.com\/es\/wp-json\/wp\/v2\/media\/239498"}],"wp:attachment":[{"href":"https:\/\/www.pressenza.com\/es\/wp-json\/wp\/v2\/media?parent=274465"}],"wp:term":[{"taxonomy":"category","embeddable":true,"href":"https:\/\/www.pressenza.com\/es\/wp-json\/wp\/v2\/categories?post=274465"},{"taxonomy":"post_tag","embeddable":true,"href":"https:\/\/www.pressenza.com\/es\/wp-json\/wp\/v2\/tags?post=274465"}],"curies":[{"name":"wp","href":"https:\/\/api.w.org\/{rel}","templated":true}]}}