{"id":274071,"date":"2016-02-02T23:57:05","date_gmt":"2016-02-02T23:57:05","guid":{"rendered":"http:\/\/www.pressenza.com\/es\/?p=274071"},"modified":"2016-02-02T23:57:05","modified_gmt":"2016-02-02T23:57:05","slug":"una-disco-con-olla-popular-para-y-con-los-refugiados-del-distrito-19-de-paris","status":"publish","type":"post","link":"https:\/\/www.pressenza.com\/es\/2016\/02\/una-disco-con-olla-popular-para-y-con-los-refugiados-del-distrito-19-de-paris\/","title":{"rendered":"Una disco con olla popular para y con los refugiados del distrito 19 de Par\u00eds"},"content":{"rendered":"<p style=\"text-align: justify;\">Cuando los habitantes del barrio de la Place des F\u00eates y generosos ciudadanos organizan una comida caliente y conciertos para y con los 580 refugiados que ocupan desde hace varios meses un liceo en desuso e insalubre en el coraz\u00f3n de Par\u00eds, es un momento de felicidad compartida, en el que la danza y las sonrisas rompen la dif\u00edcil cotidianeidad vivida por estos hombres desenraizados, a la deriva, en tr\u00e1nsito hacia una vida con la esperanza de que en Europa sea mejor.<\/p>\n<p style=\"text-align: justify;\">Par\u00eds, domingo 18 de octubre, Lyc\u00e9e Jean Quarr\u00e9<\/p>\n<p style=\"text-align: justify;\">El Liceo, renombrado como \u201cMaison des R\u00e9fugi\u00e9s\u201d (Casa de los refugiados) durante su ocupaci\u00f3n, fue evacuado por la polic\u00eda algunos d\u00edas despu\u00e9s de este suceso&#8230;<\/p>\n<p style=\"text-align: justify;\"><a href=\"http:\/\/www.gwladyslouisetphotography.com\/\">www.gwladyslouisetphotography.com<\/a><\/p>\n<p style=\"text-align: justify;\">Ver diaporama a continuaci\u00f3n:<\/p>\n<div class=\"post-gallery\">\n\t\t\t<figure class=\"post-gallery-item\">\n\t\t\t\t<img decoding=\"async\" src=\"https:\/\/www.pressenza.com\/wp-content\/uploads\/2016\/02\/Gwladys-Louiset-Photography-700-PXL-4712-780x433-c-default-720x400.jpg\" loading=\"lazy\">\n\t\t\t\t<figcaption>\n\t\t\t\t\t\n\t\t\t\t<\/figcaption>\n\t\t\t<\/figure>\n\t\t\t<figure class=\"post-gallery-item\">\n\t\t\t\t<img decoding=\"async\" src=\"https:\/\/www.pressenza.com\/wp-content\/uploads\/2016\/02\/Gwladys-Louiset-Photography-700-PXL-4728-780x433-c-default-720x400.jpg\" loading=\"lazy\">\n\t\t\t\t<figcaption>\n\t\t\t\t\t\n\t\t\t\t<\/figcaption>\n\t\t\t<\/figure>\n\t\t\t<figure class=\"post-gallery-item\">\n\t\t\t\t<img decoding=\"async\" src=\"https:\/\/www.pressenza.com\/wp-content\/uploads\/2016\/02\/Gwladys-Louiset-Photography-700-PXL-4731-780x433-c-default-720x400.jpg\" loading=\"lazy\">\n\t\t\t\t<figcaption>\n\t\t\t\t\t\n\t\t\t\t<\/figcaption>\n\t\t\t<\/figure>\n\t\t\t<figure class=\"post-gallery-item\">\n\t\t\t\t<img decoding=\"async\" src=\"https:\/\/www.pressenza.com\/wp-content\/uploads\/2016\/02\/Gwladys-Louiset-Photography-700-PXL-4732-780x433-c-default-720x400.jpg\" loading=\"lazy\">\n\t\t\t\t<figcaption>\n\t\t\t\t\t\n\t\t\t\t<\/figcaption>\n\t\t\t<\/figure>\n\t\t\t<figure class=\"post-gallery-item\">\n\t\t\t\t<img decoding=\"async\" src=\"https:\/\/www.pressenza.com\/wp-content\/uploads\/2016\/02\/Gwladys-Louiset-Photography-700-PXL-4736-780x433-c-default-720x400.jpg\" loading=\"lazy\">\n\t\t\t\t<figcaption>\n\t\t\t\t\t\n\t\t\t\t<\/figcaption>\n\t\t\t<\/figure>\n\t\t\t<figure class=\"post-gallery-item\">\n\t\t\t\t<img decoding=\"async\" src=\"https:\/\/www.pressenza.com\/wp-content\/uploads\/2016\/02\/Gwladys-Louiset-Photography-700-PXL-4742-780x433-c-default-720x400.jpg\" loading=\"lazy\">\n\t\t\t\t<figcaption>\n\t\t\t\t\t\n\t\t\t\t<\/figcaption>\n\t\t\t<\/figure>\n\t\t\t<figure class=\"post-gallery-item\">\n\t\t\t\t<img decoding=\"async\" src=\"https:\/\/www.pressenza.com\/wp-content\/uploads\/2016\/02\/Gwladys-Louiset-Photography-700-PXL-4750-780x433-c-default-720x400.jpg\" loading=\"lazy\">\n\t\t\t\t<figcaption>\n\t\t\t\t\t\n\t\t\t\t<\/figcaption>\n\t\t\t<\/figure>\n\t\t\t<figure class=\"post-gallery-item\">\n\t\t\t\t<img decoding=\"async\" src=\"https:\/\/www.pressenza.com\/wp-content\/uploads\/2016\/02\/Gwladys-Louiset-Photography-700-PXL-4754-780x433-c-default-720x400.jpg\" loading=\"lazy\">\n\t\t\t\t<figcaption>\n\t\t\t\t\t\n\t\t\t\t<\/figcaption>\n\t\t\t<\/figure>\n\t\t\t<figure class=\"post-gallery-item\">\n\t\t\t\t<img decoding=\"async\" src=\"https:\/\/www.pressenza.com\/wp-content\/uploads\/2016\/02\/Gwladys-Louiset-Photography-700-PXL-4760-780x433-c-default-720x400.jpg\" loading=\"lazy\">\n\t\t\t\t<figcaption>\n\t\t\t\t\t\n\t\t\t\t<\/figcaption>\n\t\t\t<\/figure>\n\t\t\t<figure class=\"post-gallery-item\">\n\t\t\t\t<img decoding=\"async\" src=\"https:\/\/www.pressenza.com\/wp-content\/uploads\/2016\/02\/Gwladys-Louiset-Photography-700-PXL-4761-780x433-c-default-720x400.jpg\" loading=\"lazy\">\n\t\t\t\t<figcaption>\n\t\t\t\t\t\n\t\t\t\t<\/figcaption>\n\t\t\t<\/figure>\n\t\t\t<figure class=\"post-gallery-item\">\n\t\t\t\t<img decoding=\"async\" src=\"https:\/\/www.pressenza.com\/wp-content\/uploads\/2016\/02\/Gwladys-Louiset-Photography-700-PXL-4762-780x433-c-default-720x400.jpg\" loading=\"lazy\">\n\t\t\t\t<figcaption>\n\t\t\t\t\t\n\t\t\t\t<\/figcaption>\n\t\t\t<\/figure>\n\t\t\t<figure class=\"post-gallery-item\">\n\t\t\t\t<img decoding=\"async\" src=\"https:\/\/www.pressenza.com\/wp-content\/uploads\/2016\/02\/Gwladys-Louiset-Photography-700-PXL-4769-780x433-c-default-720x400.jpg\" loading=\"lazy\">\n\t\t\t\t<figcaption>\n\t\t\t\t\t\n\t\t\t\t<\/figcaption>\n\t\t\t<\/figure>\n\t\t\t<figure class=\"post-gallery-item\">\n\t\t\t\t<img decoding=\"async\" src=\"https:\/\/www.pressenza.com\/wp-content\/uploads\/2016\/02\/Gwladys-Louiset-Photography-700-PXL-4773-780x433-c-default-720x400.jpg\" loading=\"lazy\">\n\t\t\t\t<figcaption>\n\t\t\t\t\t\n\t\t\t\t<\/figcaption>\n\t\t\t<\/figure>\n\t\t\t<figure class=\"post-gallery-item\">\n\t\t\t\t<img decoding=\"async\" src=\"https:\/\/www.pressenza.com\/wp-content\/uploads\/2016\/02\/Gwladys-Louiset-Photography-700-PXL-4780-780x433-c-default-720x400.jpg\" loading=\"lazy\">\n\t\t\t\t<figcaption>\n\t\t\t\t\t\n\t\t\t\t<\/figcaption>\n\t\t\t<\/figure>\n\t\t\t<figure class=\"post-gallery-item\">\n\t\t\t\t<img decoding=\"async\" src=\"https:\/\/www.pressenza.com\/wp-content\/uploads\/2016\/02\/Gwladys-Louiset-Photography-700-PXL-4786-780x433-c-default-720x400.jpg\" loading=\"lazy\">\n\t\t\t\t<figcaption>\n\t\t\t\t\t\n\t\t\t\t<\/figcaption>\n\t\t\t<\/figure>\n\t\t\t<figure class=\"post-gallery-item\">\n\t\t\t\t<img decoding=\"async\" src=\"https:\/\/www.pressenza.com\/wp-content\/uploads\/2016\/02\/Gwladys-Louiset-Photography-700-PXL-4787-780x433-c-default-720x400.jpg\" loading=\"lazy\">\n\t\t\t\t<figcaption>\n\t\t\t\t\t\n\t\t\t\t<\/figcaption>\n\t\t\t<\/figure>\n\t\t\t<figure class=\"post-gallery-item\">\n\t\t\t\t<img decoding=\"async\" src=\"https:\/\/www.pressenza.com\/wp-content\/uploads\/2016\/02\/Gwladys-Louiset-Photography-700-PXL-4804-780x433-c-default-720x400.jpg\" loading=\"lazy\">\n\t\t\t\t<figcaption>\n\t\t\t\t\t\n\t\t\t\t<\/figcaption>\n\t\t\t<\/figure>\n\t\t\t<figure class=\"post-gallery-item\">\n\t\t\t\t<img decoding=\"async\" src=\"https:\/\/www.pressenza.com\/wp-content\/uploads\/2016\/02\/Gwladys-Louiset-Photography-700-PXL-4820-780x433-c-default-720x400.jpg\" loading=\"lazy\">\n\t\t\t\t<figcaption>\n\t\t\t\t\t\n\t\t\t\t<\/figcaption>\n\t\t\t<\/figure><\/div>\n","protected":false},"excerpt":{"rendered":"<p>Cuando los habitantes del barrio de la Place des F\u00eates y generosos ciudadanos organizan una comida caliente y conciertos para y con los 580 refugiados que ocupan desde hace varios meses un liceo en desuso e insalubre en el coraz\u00f3n&hellip;<\/p>\n","protected":false},"author":1228,"featured_media":270484,"comment_status":"closed","ping_status":"open","sticky":false,"template":"","format":"standard","meta":{"footnotes":""},"categories":[11389,1241,66],"tags":[23739,8240,3022],"class_list":["post-274071","post","type-post","status-publish","format-standard","has-post-thumbnail","hentry","category-contenido-original","category-diversidad","category-europa-es","tag-baile","tag-danza","tag-refugiados"],"yoast_head":"<!-- This site is optimized with the Yoast SEO plugin v27.1.1 - https:\/\/yoast.com\/product\/yoast-seo-wordpress\/ -->\n<title>Una disco con olla popular para y con los refugiados del distrito 19 de Par\u00eds<\/title>\n<meta name=\"description\" content=\"Cuando los habitantes del barrio de la Place des F\u00eates y generosos ciudadanos organizan una comida caliente y conciertos para y con los 580 refugiados que\" \/>\n<meta name=\"robots\" content=\"index, follow, max-snippet:-1, max-image-preview:large, max-video-preview:-1\" \/>\n<link rel=\"canonical\" href=\"https:\/\/www.pressenza.com\/es\/2016\/02\/una-disco-con-olla-popular-para-y-con-los-refugiados-del-distrito-19-de-paris\/\" \/>\n<meta property=\"og:locale\" content=\"es_ES\" \/>\n<meta property=\"og:type\" content=\"article\" \/>\n<meta property=\"og:title\" content=\"Una disco con olla popular para y con los refugiados del distrito 19 de Par\u00eds\" \/>\n<meta property=\"og:description\" content=\"Cuando los habitantes del barrio de la Place des F\u00eates y generosos ciudadanos organizan una comida caliente y conciertos para y con los 580 refugiados que\" \/>\n<meta property=\"og:url\" content=\"https:\/\/www.pressenza.com\/es\/2016\/02\/una-disco-con-olla-popular-para-y-con-los-refugiados-del-distrito-19-de-paris\/\" \/>\n<meta property=\"og:site_name\" content=\"Pressenza\" \/>\n<meta property=\"article:publisher\" content=\"https:\/\/www.facebook.com\/PressenzaItalia\" \/>\n<meta property=\"article:published_time\" content=\"2016-02-02T23:57:05+00:00\" \/>\n<meta property=\"og:image\" content=\"https:\/\/www.pressenza.com\/wp-content\/uploads\/2016\/01\/Gwladys-Louiset-Photography-700-PXL-4795.jpg\" \/>\n\t<meta property=\"og:image:width\" content=\"750\" \/>\n\t<meta property=\"og:image:height\" content=\"499\" \/>\n\t<meta property=\"og:image:type\" content=\"image\/jpeg\" \/>\n<meta name=\"author\" content=\"Gwladys Louiset\" \/>\n<meta name=\"twitter:card\" content=\"summary_large_image\" \/>\n<meta name=\"twitter:creator\" content=\"@PressenzaIPA\" \/>\n<meta name=\"twitter:site\" content=\"@PressenzaIPA\" \/>\n<meta name=\"twitter:label1\" content=\"Escrito por\" \/>\n\t<meta name=\"twitter:data1\" content=\"Gwladys Louiset\" \/>\n\t<meta name=\"twitter:label2\" content=\"Tiempo de lectura\" \/>\n\t<meta name=\"twitter:data2\" content=\"1 minuto\" \/>\n<script type=\"application\/ld+json\" class=\"yoast-schema-graph\">{\"@context\":\"https:\/\/schema.org\",\"@graph\":[{\"@type\":\"Article\",\"@id\":\"https:\/\/www.pressenza.com\/es\/2016\/02\/una-disco-con-olla-popular-para-y-con-los-refugiados-del-distrito-19-de-paris\/#article\",\"isPartOf\":{\"@id\":\"https:\/\/www.pressenza.com\/es\/2016\/02\/una-disco-con-olla-popular-para-y-con-los-refugiados-del-distrito-19-de-paris\/\"},\"author\":{\"name\":\"Gwladys Louiset\",\"@id\":\"https:\/\/www.pressenza.com\/es\/#\/schema\/person\/13fc0dfdf921195cd74dc1e8c98b687e\"},\"headline\":\"Una disco con olla popular para y con los refugiados del distrito 19 de Par\u00eds\",\"datePublished\":\"2016-02-02T23:57:05+00:00\",\"mainEntityOfPage\":{\"@id\":\"https:\/\/www.pressenza.com\/es\/2016\/02\/una-disco-con-olla-popular-para-y-con-los-refugiados-del-distrito-19-de-paris\/\"},\"wordCount\":156,\"publisher\":{\"@id\":\"https:\/\/www.pressenza.com\/es\/#organization\"},\"image\":{\"@id\":\"https:\/\/www.pressenza.com\/es\/2016\/02\/una-disco-con-olla-popular-para-y-con-los-refugiados-del-distrito-19-de-paris\/#primaryimage\"},\"thumbnailUrl\":\"https:\/\/www.pressenza.com\/wp-content\/uploads\/2016\/01\/Gwladys-Louiset-Photography-700-PXL-4795.jpg\",\"keywords\":[\"baile\",\"danza\",\"refugiados\"],\"articleSection\":[\"Contenido Original\",\"Diversidad\",\"Europa\"],\"inLanguage\":\"es\"},{\"@type\":\"WebPage\",\"@id\":\"https:\/\/www.pressenza.com\/es\/2016\/02\/una-disco-con-olla-popular-para-y-con-los-refugiados-del-distrito-19-de-paris\/\",\"url\":\"https:\/\/www.pressenza.com\/es\/2016\/02\/una-disco-con-olla-popular-para-y-con-los-refugiados-del-distrito-19-de-paris\/\",\"name\":\"Una disco con olla popular para y con los refugiados del distrito 19 de Par\u00eds\",\"isPartOf\":{\"@id\":\"https:\/\/www.pressenza.com\/es\/#website\"},\"primaryImageOfPage\":{\"@id\":\"https:\/\/www.pressenza.com\/es\/2016\/02\/una-disco-con-olla-popular-para-y-con-los-refugiados-del-distrito-19-de-paris\/#primaryimage\"},\"image\":{\"@id\":\"https:\/\/www.pressenza.com\/es\/2016\/02\/una-disco-con-olla-popular-para-y-con-los-refugiados-del-distrito-19-de-paris\/#primaryimage\"},\"thumbnailUrl\":\"https:\/\/www.pressenza.com\/wp-content\/uploads\/2016\/01\/Gwladys-Louiset-Photography-700-PXL-4795.jpg\",\"datePublished\":\"2016-02-02T23:57:05+00:00\",\"description\":\"Cuando los habitantes del barrio de la Place des F\u00eates y generosos ciudadanos organizan una comida caliente y conciertos para y con los 580 refugiados que\",\"breadcrumb\":{\"@id\":\"https:\/\/www.pressenza.com\/es\/2016\/02\/una-disco-con-olla-popular-para-y-con-los-refugiados-del-distrito-19-de-paris\/#breadcrumb\"},\"inLanguage\":\"es\",\"potentialAction\":[{\"@type\":\"ReadAction\",\"target\":[\"https:\/\/www.pressenza.com\/es\/2016\/02\/una-disco-con-olla-popular-para-y-con-los-refugiados-del-distrito-19-de-paris\/\"]}]},{\"@type\":\"ImageObject\",\"inLanguage\":\"es\",\"@id\":\"https:\/\/www.pressenza.com\/es\/2016\/02\/una-disco-con-olla-popular-para-y-con-los-refugiados-del-distrito-19-de-paris\/#primaryimage\",\"url\":\"https:\/\/www.pressenza.com\/wp-content\/uploads\/2016\/01\/Gwladys-Louiset-Photography-700-PXL-4795.jpg\",\"contentUrl\":\"https:\/\/www.pressenza.com\/wp-content\/uploads\/2016\/01\/Gwladys-Louiset-Photography-700-PXL-4795.jpg\",\"width\":750,\"height\":499},{\"@type\":\"BreadcrumbList\",\"@id\":\"https:\/\/www.pressenza.com\/es\/2016\/02\/una-disco-con-olla-popular-para-y-con-los-refugiados-del-distrito-19-de-paris\/#breadcrumb\",\"itemListElement\":[{\"@type\":\"ListItem\",\"position\":1,\"name\":\"Accueil\",\"item\":\"https:\/\/www.pressenza.com\/es\/\"},{\"@type\":\"ListItem\",\"position\":2,\"name\":\"Una disco con olla popular para y con los refugiados del distrito 19 de Par\u00eds\"}]},{\"@type\":\"WebSite\",\"@id\":\"https:\/\/www.pressenza.com\/es\/#website\",\"url\":\"https:\/\/www.pressenza.com\/es\/\",\"name\":\"Pressenza\",\"description\":\"International Press Agency\",\"publisher\":{\"@id\":\"https:\/\/www.pressenza.com\/es\/#organization\"},\"potentialAction\":[{\"@type\":\"SearchAction\",\"target\":{\"@type\":\"EntryPoint\",\"urlTemplate\":\"https:\/\/www.pressenza.com\/es\/?s={search_term_string}\"},\"query-input\":{\"@type\":\"PropertyValueSpecification\",\"valueRequired\":true,\"valueName\":\"search_term_string\"}}],\"inLanguage\":\"es\"},{\"@type\":\"Organization\",\"@id\":\"https:\/\/www.pressenza.com\/es\/#organization\",\"name\":\"Pressenza\",\"url\":\"https:\/\/www.pressenza.com\/es\/\",\"logo\":{\"@type\":\"ImageObject\",\"inLanguage\":\"es\",\"@id\":\"https:\/\/www.pressenza.com\/es\/#\/schema\/logo\/image\/\",\"url\":\"https:\/\/www.pressenza.com\/wp-content\/uploads\/2022\/10\/pressenza_logo_200x200.jpg\",\"contentUrl\":\"https:\/\/www.pressenza.com\/wp-content\/uploads\/2022\/10\/pressenza_logo_200x200.jpg\",\"width\":200,\"height\":200,\"caption\":\"Pressenza\"},\"image\":{\"@id\":\"https:\/\/www.pressenza.com\/es\/#\/schema\/logo\/image\/\"},\"sameAs\":[\"https:\/\/www.facebook.com\/PressenzaItalia\",\"https:\/\/x.com\/PressenzaIPA\"]},{\"@type\":\"Person\",\"@id\":\"https:\/\/www.pressenza.com\/es\/#\/schema\/person\/13fc0dfdf921195cd74dc1e8c98b687e\",\"name\":\"Gwladys Louiset\",\"url\":\"https:\/\/www.pressenza.com\/es\/author\/gwladys-louiset\/\"}]}<\/script>\n<!-- \/ Yoast SEO plugin. -->","yoast_head_json":{"title":"Una disco con olla popular para y con los refugiados del distrito 19 de Par\u00eds","description":"Cuando los habitantes del barrio de la Place des F\u00eates y generosos ciudadanos organizan una comida caliente y conciertos para y con los 580 refugiados que","robots":{"index":"index","follow":"follow","max-snippet":"max-snippet:-1","max-image-preview":"max-image-preview:large","max-video-preview":"max-video-preview:-1"},"canonical":"https:\/\/www.pressenza.com\/es\/2016\/02\/una-disco-con-olla-popular-para-y-con-los-refugiados-del-distrito-19-de-paris\/","og_locale":"es_ES","og_type":"article","og_title":"Una disco con olla popular para y con los refugiados del distrito 19 de Par\u00eds","og_description":"Cuando los habitantes del barrio de la Place des F\u00eates y generosos ciudadanos organizan una comida caliente y conciertos para y con los 580 refugiados que","og_url":"https:\/\/www.pressenza.com\/es\/2016\/02\/una-disco-con-olla-popular-para-y-con-los-refugiados-del-distrito-19-de-paris\/","og_site_name":"Pressenza","article_publisher":"https:\/\/www.facebook.com\/PressenzaItalia","article_published_time":"2016-02-02T23:57:05+00:00","og_image":[{"width":750,"height":499,"url":"https:\/\/www.pressenza.com\/wp-content\/uploads\/2016\/01\/Gwladys-Louiset-Photography-700-PXL-4795.jpg","type":"image\/jpeg"}],"author":"Gwladys Louiset","twitter_card":"summary_large_image","twitter_creator":"@PressenzaIPA","twitter_site":"@PressenzaIPA","twitter_misc":{"Escrito por":"Gwladys Louiset","Tiempo de lectura":"1 minuto"},"schema":{"@context":"https:\/\/schema.org","@graph":[{"@type":"Article","@id":"https:\/\/www.pressenza.com\/es\/2016\/02\/una-disco-con-olla-popular-para-y-con-los-refugiados-del-distrito-19-de-paris\/#article","isPartOf":{"@id":"https:\/\/www.pressenza.com\/es\/2016\/02\/una-disco-con-olla-popular-para-y-con-los-refugiados-del-distrito-19-de-paris\/"},"author":{"name":"Gwladys Louiset","@id":"https:\/\/www.pressenza.com\/es\/#\/schema\/person\/13fc0dfdf921195cd74dc1e8c98b687e"},"headline":"Una disco con olla popular para y con los refugiados del distrito 19 de Par\u00eds","datePublished":"2016-02-02T23:57:05+00:00","mainEntityOfPage":{"@id":"https:\/\/www.pressenza.com\/es\/2016\/02\/una-disco-con-olla-popular-para-y-con-los-refugiados-del-distrito-19-de-paris\/"},"wordCount":156,"publisher":{"@id":"https:\/\/www.pressenza.com\/es\/#organization"},"image":{"@id":"https:\/\/www.pressenza.com\/es\/2016\/02\/una-disco-con-olla-popular-para-y-con-los-refugiados-del-distrito-19-de-paris\/#primaryimage"},"thumbnailUrl":"https:\/\/www.pressenza.com\/wp-content\/uploads\/2016\/01\/Gwladys-Louiset-Photography-700-PXL-4795.jpg","keywords":["baile","danza","refugiados"],"articleSection":["Contenido Original","Diversidad","Europa"],"inLanguage":"es"},{"@type":"WebPage","@id":"https:\/\/www.pressenza.com\/es\/2016\/02\/una-disco-con-olla-popular-para-y-con-los-refugiados-del-distrito-19-de-paris\/","url":"https:\/\/www.pressenza.com\/es\/2016\/02\/una-disco-con-olla-popular-para-y-con-los-refugiados-del-distrito-19-de-paris\/","name":"Una disco con olla popular para y con los refugiados del distrito 19 de Par\u00eds","isPartOf":{"@id":"https:\/\/www.pressenza.com\/es\/#website"},"primaryImageOfPage":{"@id":"https:\/\/www.pressenza.com\/es\/2016\/02\/una-disco-con-olla-popular-para-y-con-los-refugiados-del-distrito-19-de-paris\/#primaryimage"},"image":{"@id":"https:\/\/www.pressenza.com\/es\/2016\/02\/una-disco-con-olla-popular-para-y-con-los-refugiados-del-distrito-19-de-paris\/#primaryimage"},"thumbnailUrl":"https:\/\/www.pressenza.com\/wp-content\/uploads\/2016\/01\/Gwladys-Louiset-Photography-700-PXL-4795.jpg","datePublished":"2016-02-02T23:57:05+00:00","description":"Cuando los habitantes del barrio de la Place des F\u00eates y generosos ciudadanos organizan una comida caliente y conciertos para y con los 580 refugiados que","breadcrumb":{"@id":"https:\/\/www.pressenza.com\/es\/2016\/02\/una-disco-con-olla-popular-para-y-con-los-refugiados-del-distrito-19-de-paris\/#breadcrumb"},"inLanguage":"es","potentialAction":[{"@type":"ReadAction","target":["https:\/\/www.pressenza.com\/es\/2016\/02\/una-disco-con-olla-popular-para-y-con-los-refugiados-del-distrito-19-de-paris\/"]}]},{"@type":"ImageObject","inLanguage":"es","@id":"https:\/\/www.pressenza.com\/es\/2016\/02\/una-disco-con-olla-popular-para-y-con-los-refugiados-del-distrito-19-de-paris\/#primaryimage","url":"https:\/\/www.pressenza.com\/wp-content\/uploads\/2016\/01\/Gwladys-Louiset-Photography-700-PXL-4795.jpg","contentUrl":"https:\/\/www.pressenza.com\/wp-content\/uploads\/2016\/01\/Gwladys-Louiset-Photography-700-PXL-4795.jpg","width":750,"height":499},{"@type":"BreadcrumbList","@id":"https:\/\/www.pressenza.com\/es\/2016\/02\/una-disco-con-olla-popular-para-y-con-los-refugiados-del-distrito-19-de-paris\/#breadcrumb","itemListElement":[{"@type":"ListItem","position":1,"name":"Accueil","item":"https:\/\/www.pressenza.com\/es\/"},{"@type":"ListItem","position":2,"name":"Una disco con olla popular para y con los refugiados del distrito 19 de Par\u00eds"}]},{"@type":"WebSite","@id":"https:\/\/www.pressenza.com\/es\/#website","url":"https:\/\/www.pressenza.com\/es\/","name":"Pressenza","description":"International Press Agency","publisher":{"@id":"https:\/\/www.pressenza.com\/es\/#organization"},"potentialAction":[{"@type":"SearchAction","target":{"@type":"EntryPoint","urlTemplate":"https:\/\/www.pressenza.com\/es\/?s={search_term_string}"},"query-input":{"@type":"PropertyValueSpecification","valueRequired":true,"valueName":"search_term_string"}}],"inLanguage":"es"},{"@type":"Organization","@id":"https:\/\/www.pressenza.com\/es\/#organization","name":"Pressenza","url":"https:\/\/www.pressenza.com\/es\/","logo":{"@type":"ImageObject","inLanguage":"es","@id":"https:\/\/www.pressenza.com\/es\/#\/schema\/logo\/image\/","url":"https:\/\/www.pressenza.com\/wp-content\/uploads\/2022\/10\/pressenza_logo_200x200.jpg","contentUrl":"https:\/\/www.pressenza.com\/wp-content\/uploads\/2022\/10\/pressenza_logo_200x200.jpg","width":200,"height":200,"caption":"Pressenza"},"image":{"@id":"https:\/\/www.pressenza.com\/es\/#\/schema\/logo\/image\/"},"sameAs":["https:\/\/www.facebook.com\/PressenzaItalia","https:\/\/x.com\/PressenzaIPA"]},{"@type":"Person","@id":"https:\/\/www.pressenza.com\/es\/#\/schema\/person\/13fc0dfdf921195cd74dc1e8c98b687e","name":"Gwladys Louiset","url":"https:\/\/www.pressenza.com\/es\/author\/gwladys-louiset\/"}]}},"place":"Par\u00eds","original_article_url":"http:\/\/www.gwladyslouisetphotography.com\/#!reportages\/n0ep2","_links":{"self":[{"href":"https:\/\/www.pressenza.com\/es\/wp-json\/wp\/v2\/posts\/274071","targetHints":{"allow":["GET"]}}],"collection":[{"href":"https:\/\/www.pressenza.com\/es\/wp-json\/wp\/v2\/posts"}],"about":[{"href":"https:\/\/www.pressenza.com\/es\/wp-json\/wp\/v2\/types\/post"}],"author":[{"embeddable":true,"href":"https:\/\/www.pressenza.com\/es\/wp-json\/wp\/v2\/users\/1228"}],"replies":[{"embeddable":true,"href":"https:\/\/www.pressenza.com\/es\/wp-json\/wp\/v2\/comments?post=274071"}],"version-history":[{"count":0,"href":"https:\/\/www.pressenza.com\/es\/wp-json\/wp\/v2\/posts\/274071\/revisions"}],"wp:featuredmedia":[{"embeddable":true,"href":"https:\/\/www.pressenza.com\/es\/wp-json\/wp\/v2\/media\/270484"}],"wp:attachment":[{"href":"https:\/\/www.pressenza.com\/es\/wp-json\/wp\/v2\/media?parent=274071"}],"wp:term":[{"taxonomy":"category","embeddable":true,"href":"https:\/\/www.pressenza.com\/es\/wp-json\/wp\/v2\/categories?post=274071"},{"taxonomy":"post_tag","embeddable":true,"href":"https:\/\/www.pressenza.com\/es\/wp-json\/wp\/v2\/tags?post=274071"}],"curies":[{"name":"wp","href":"https:\/\/api.w.org\/{rel}","templated":true}]}}