{"id":27365,"date":"2012-12-08T23:59:12","date_gmt":"2012-12-08T23:59:12","guid":{"rendered":"http:\/\/www.pressenza.com\/?p=27365"},"modified":"2013-02-08T20:55:03","modified_gmt":"2013-02-08T20:55:03","slug":"bolivia-firma-protocolo-de-adhesion-al-mercosur-y-da-el-primer-paso-para-ser-miembro-pleno","status":"publish","type":"post","link":"https:\/\/www.pressenza.com\/es\/2012\/12\/bolivia-firma-protocolo-de-adhesion-al-mercosur-y-da-el-primer-paso-para-ser-miembro-pleno\/","title":{"rendered":"Bolivia firma protocolo de adhesi\u00f3n al Mercosur y da el primer paso para ser miembro pleno"},"content":{"rendered":"<p>El presidente Evo Morales suscribi\u00f3 el viernes despu\u00e9s de las 13h00, (hora boliviana) el protocolo de incorporaci\u00f3n al Mercado Com\u00fan del Sur (Mercosur), como miembro pleno, que le da derecho a voz en las pr\u00f3ximas reuniones de ese bloque regional y que se constituye en el primer paso en su objetivo final.<\/p>\n<p>La suscripci\u00f3n de dicho protocolo se realiz\u00f3 durante la 44 sesi\u00f3n del bloque regional, que se efect\u00faa en Brasilia, Brasil y que cuenta con la asistencia de los presidentes de Argentina, Cristina Fern\u00e1ndez, y Uruguay, Jos\u00e9 Mujica, y en representaci\u00f3n de Venezuela est\u00e1 presente el ministro de Petr\u00f3leo y Energ\u00eda y presidente de PDVSA, Rafael Ram\u00edrez.<\/p>\n<p>De acuerdo con el viceministro de Comercio Exterior de Bolivia, Pablo Guzm\u00e1n, tras la firma del documento deber\u00e1 transcurrir entre seis meses y un a\u00f1o para que los congresos de las naciones miembro del Mercosur ratifiquen el ingreso de Bolivia, momento en el que el pa\u00eds tendr\u00e1 derecho a voto en ese bloque y podr\u00e1 tomar decisiones.<\/p>\n<p>La autoridad destac\u00f3 el paso que da esta jornada el Gobierno, que se traducir\u00e1 en mejores y mayores oportunidades para los empresarios bolivianos, tomando en cuenta el crecimiento y expansi\u00f3n del bloque comercial.<\/p>\n","protected":false},"excerpt":{"rendered":"<p>El presidente Evo Morales suscribi\u00f3 el viernes despu\u00e9s de las 13h00, (hora boliviana) el protocolo de incorporaci\u00f3n al Mercado Com\u00fan del Sur (Mercosur), como miembro pleno, que le da derecho a voz en las pr\u00f3ximas reuniones de ese bloque regional&hellip;<\/p>\n","protected":false},"author":127,"featured_media":27430,"comment_status":"closed","ping_status":"open","sticky":false,"template":"","format":"standard","meta":{"footnotes":""},"categories":[76,67],"tags":[1300],"class_list":["post-27365","post","type-post","status-publish","format-standard","has-post-thumbnail","hentry","category-relaciones-exteriores","category-sudamerica","tag-mercosur"],"yoast_head":"<!-- This site is optimized with the Yoast SEO plugin v27.1.1 - https:\/\/yoast.com\/product\/yoast-seo-wordpress\/ -->\n<title>Bolivia firma protocolo de adhesi\u00f3n al Mercosur y da el primer paso para ser miembro pleno<\/title>\n<meta name=\"description\" content=\"El presidente Evo Morales suscribi\u00f3 el viernes despu\u00e9s de las 13h00, (hora boliviana) el protocolo de incorporaci\u00f3n al Mercado Com\u00fan del Sur (Mercosur),\" \/>\n<meta name=\"robots\" content=\"index, follow, max-snippet:-1, max-image-preview:large, max-video-preview:-1\" \/>\n<link rel=\"canonical\" href=\"https:\/\/www.pressenza.com\/es\/2012\/12\/bolivia-firma-protocolo-de-adhesion-al-mercosur-y-da-el-primer-paso-para-ser-miembro-pleno\/\" \/>\n<meta property=\"og:locale\" content=\"es_ES\" \/>\n<meta property=\"og:type\" content=\"article\" \/>\n<meta property=\"og:title\" content=\"Bolivia firma protocolo de adhesi\u00f3n al Mercosur y da el primer paso para ser miembro pleno\" \/>\n<meta property=\"og:description\" content=\"El presidente Evo Morales suscribi\u00f3 el viernes despu\u00e9s de las 13h00, (hora boliviana) el protocolo de incorporaci\u00f3n al Mercado Com\u00fan del Sur (Mercosur),\" \/>\n<meta property=\"og:url\" content=\"https:\/\/www.pressenza.com\/es\/2012\/12\/bolivia-firma-protocolo-de-adhesion-al-mercosur-y-da-el-primer-paso-para-ser-miembro-pleno\/\" \/>\n<meta property=\"og:site_name\" content=\"Pressenza\" \/>\n<meta property=\"article:publisher\" content=\"https:\/\/www.facebook.com\/PressenzaItalia\" \/>\n<meta property=\"article:published_time\" content=\"2012-12-08T23:59:12+00:00\" \/>\n<meta property=\"article:modified_time\" content=\"2013-02-08T20:55:03+00:00\" \/>\n<meta property=\"og:image\" content=\"https:\/\/www.pressenza.com\/wp-content\/uploads\/2012\/12\/MERCOSUR-2012.jpg\" \/>\n\t<meta property=\"og:image:width\" content=\"320\" \/>\n\t<meta property=\"og:image:height\" content=\"213\" \/>\n\t<meta property=\"og:image:type\" content=\"image\/jpeg\" \/>\n<meta name=\"author\" content=\"Agencia Boliviana de Informaci\u00f3n - ABI\" \/>\n<meta name=\"twitter:card\" content=\"summary_large_image\" \/>\n<meta name=\"twitter:creator\" content=\"@mincombolivia\" \/>\n<meta name=\"twitter:site\" content=\"@PressenzaIPA\" \/>\n<meta name=\"twitter:label1\" content=\"Escrito por\" \/>\n\t<meta name=\"twitter:data1\" content=\"Agencia Boliviana de Informaci\u00f3n - ABI\" \/>\n\t<meta name=\"twitter:label2\" content=\"Tiempo de lectura\" \/>\n\t<meta name=\"twitter:data2\" content=\"1 minuto\" \/>\n<script type=\"application\/ld+json\" class=\"yoast-schema-graph\">{\"@context\":\"https:\/\/schema.org\",\"@graph\":[{\"@type\":\"Article\",\"@id\":\"https:\/\/www.pressenza.com\/es\/2012\/12\/bolivia-firma-protocolo-de-adhesion-al-mercosur-y-da-el-primer-paso-para-ser-miembro-pleno\/#article\",\"isPartOf\":{\"@id\":\"https:\/\/www.pressenza.com\/es\/2012\/12\/bolivia-firma-protocolo-de-adhesion-al-mercosur-y-da-el-primer-paso-para-ser-miembro-pleno\/\"},\"author\":{\"name\":\"Agencia Boliviana de Informaci\u00f3n - ABI\",\"@id\":\"https:\/\/www.pressenza.com\/es\/#\/schema\/person\/3fe2a62cf8f5fea54fc87abcec98dcb4\"},\"headline\":\"Bolivia firma protocolo de adhesi\u00f3n al Mercosur y da el primer paso para ser miembro pleno\",\"datePublished\":\"2012-12-08T23:59:12+00:00\",\"dateModified\":\"2013-02-08T20:55:03+00:00\",\"mainEntityOfPage\":{\"@id\":\"https:\/\/www.pressenza.com\/es\/2012\/12\/bolivia-firma-protocolo-de-adhesion-al-mercosur-y-da-el-primer-paso-para-ser-miembro-pleno\/\"},\"wordCount\":230,\"publisher\":{\"@id\":\"https:\/\/www.pressenza.com\/es\/#organization\"},\"image\":{\"@id\":\"https:\/\/www.pressenza.com\/es\/2012\/12\/bolivia-firma-protocolo-de-adhesion-al-mercosur-y-da-el-primer-paso-para-ser-miembro-pleno\/#primaryimage\"},\"thumbnailUrl\":\"https:\/\/www.pressenza.com\/wp-content\/uploads\/2012\/12\/MERCOSUR-2012.jpg\",\"keywords\":[\"MERCOSUR\"],\"articleSection\":[\"Asuntos internacionales\",\"Sudam\u00e9rica\"],\"inLanguage\":\"es\"},{\"@type\":\"WebPage\",\"@id\":\"https:\/\/www.pressenza.com\/es\/2012\/12\/bolivia-firma-protocolo-de-adhesion-al-mercosur-y-da-el-primer-paso-para-ser-miembro-pleno\/\",\"url\":\"https:\/\/www.pressenza.com\/es\/2012\/12\/bolivia-firma-protocolo-de-adhesion-al-mercosur-y-da-el-primer-paso-para-ser-miembro-pleno\/\",\"name\":\"Bolivia firma protocolo de adhesi\u00f3n al Mercosur y da el primer paso para ser miembro pleno\",\"isPartOf\":{\"@id\":\"https:\/\/www.pressenza.com\/es\/#website\"},\"primaryImageOfPage\":{\"@id\":\"https:\/\/www.pressenza.com\/es\/2012\/12\/bolivia-firma-protocolo-de-adhesion-al-mercosur-y-da-el-primer-paso-para-ser-miembro-pleno\/#primaryimage\"},\"image\":{\"@id\":\"https:\/\/www.pressenza.com\/es\/2012\/12\/bolivia-firma-protocolo-de-adhesion-al-mercosur-y-da-el-primer-paso-para-ser-miembro-pleno\/#primaryimage\"},\"thumbnailUrl\":\"https:\/\/www.pressenza.com\/wp-content\/uploads\/2012\/12\/MERCOSUR-2012.jpg\",\"datePublished\":\"2012-12-08T23:59:12+00:00\",\"dateModified\":\"2013-02-08T20:55:03+00:00\",\"description\":\"El presidente Evo Morales suscribi\u00f3 el viernes despu\u00e9s de las 13h00, (hora boliviana) el protocolo de incorporaci\u00f3n al Mercado Com\u00fan del Sur (Mercosur),\",\"breadcrumb\":{\"@id\":\"https:\/\/www.pressenza.com\/es\/2012\/12\/bolivia-firma-protocolo-de-adhesion-al-mercosur-y-da-el-primer-paso-para-ser-miembro-pleno\/#breadcrumb\"},\"inLanguage\":\"es\",\"potentialAction\":[{\"@type\":\"ReadAction\",\"target\":[\"https:\/\/www.pressenza.com\/es\/2012\/12\/bolivia-firma-protocolo-de-adhesion-al-mercosur-y-da-el-primer-paso-para-ser-miembro-pleno\/\"]}]},{\"@type\":\"ImageObject\",\"inLanguage\":\"es\",\"@id\":\"https:\/\/www.pressenza.com\/es\/2012\/12\/bolivia-firma-protocolo-de-adhesion-al-mercosur-y-da-el-primer-paso-para-ser-miembro-pleno\/#primaryimage\",\"url\":\"https:\/\/www.pressenza.com\/wp-content\/uploads\/2012\/12\/MERCOSUR-2012.jpg\",\"contentUrl\":\"https:\/\/www.pressenza.com\/wp-content\/uploads\/2012\/12\/MERCOSUR-2012.jpg\",\"width\":\"320\",\"height\":\"213\"},{\"@type\":\"BreadcrumbList\",\"@id\":\"https:\/\/www.pressenza.com\/es\/2012\/12\/bolivia-firma-protocolo-de-adhesion-al-mercosur-y-da-el-primer-paso-para-ser-miembro-pleno\/#breadcrumb\",\"itemListElement\":[{\"@type\":\"ListItem\",\"position\":1,\"name\":\"Accueil\",\"item\":\"https:\/\/www.pressenza.com\/es\/\"},{\"@type\":\"ListItem\",\"position\":2,\"name\":\"Bolivia firma protocolo de adhesi\u00f3n al Mercosur y da el primer paso para ser miembro pleno\"}]},{\"@type\":\"WebSite\",\"@id\":\"https:\/\/www.pressenza.com\/es\/#website\",\"url\":\"https:\/\/www.pressenza.com\/es\/\",\"name\":\"Pressenza\",\"description\":\"International Press Agency\",\"publisher\":{\"@id\":\"https:\/\/www.pressenza.com\/es\/#organization\"},\"potentialAction\":[{\"@type\":\"SearchAction\",\"target\":{\"@type\":\"EntryPoint\",\"urlTemplate\":\"https:\/\/www.pressenza.com\/es\/?s={search_term_string}\"},\"query-input\":{\"@type\":\"PropertyValueSpecification\",\"valueRequired\":true,\"valueName\":\"search_term_string\"}}],\"inLanguage\":\"es\"},{\"@type\":\"Organization\",\"@id\":\"https:\/\/www.pressenza.com\/es\/#organization\",\"name\":\"Pressenza\",\"url\":\"https:\/\/www.pressenza.com\/es\/\",\"logo\":{\"@type\":\"ImageObject\",\"inLanguage\":\"es\",\"@id\":\"https:\/\/www.pressenza.com\/es\/#\/schema\/logo\/image\/\",\"url\":\"https:\/\/www.pressenza.com\/wp-content\/uploads\/2022\/10\/pressenza_logo_200x200.jpg\",\"contentUrl\":\"https:\/\/www.pressenza.com\/wp-content\/uploads\/2022\/10\/pressenza_logo_200x200.jpg\",\"width\":200,\"height\":200,\"caption\":\"Pressenza\"},\"image\":{\"@id\":\"https:\/\/www.pressenza.com\/es\/#\/schema\/logo\/image\/\"},\"sameAs\":[\"https:\/\/www.facebook.com\/PressenzaItalia\",\"https:\/\/x.com\/PressenzaIPA\"]},{\"@type\":\"Person\",\"@id\":\"https:\/\/www.pressenza.com\/es\/#\/schema\/person\/3fe2a62cf8f5fea54fc87abcec98dcb4\",\"name\":\"Agencia Boliviana de Informaci\u00f3n - ABI\",\"description\":\"www.abi.bo\",\"sameAs\":[\"https:\/\/x.com\/mincombolivia\"],\"url\":\"https:\/\/www.pressenza.com\/es\/author\/agencia-boliviana-de-informacion-abi\/\"}]}<\/script>\n<!-- \/ Yoast SEO plugin. -->","yoast_head_json":{"title":"Bolivia firma protocolo de adhesi\u00f3n al Mercosur y da el primer paso para ser miembro pleno","description":"El presidente Evo Morales suscribi\u00f3 el viernes despu\u00e9s de las 13h00, (hora boliviana) el protocolo de incorporaci\u00f3n al Mercado Com\u00fan del Sur (Mercosur),","robots":{"index":"index","follow":"follow","max-snippet":"max-snippet:-1","max-image-preview":"max-image-preview:large","max-video-preview":"max-video-preview:-1"},"canonical":"https:\/\/www.pressenza.com\/es\/2012\/12\/bolivia-firma-protocolo-de-adhesion-al-mercosur-y-da-el-primer-paso-para-ser-miembro-pleno\/","og_locale":"es_ES","og_type":"article","og_title":"Bolivia firma protocolo de adhesi\u00f3n al Mercosur y da el primer paso para ser miembro pleno","og_description":"El presidente Evo Morales suscribi\u00f3 el viernes despu\u00e9s de las 13h00, (hora boliviana) el protocolo de incorporaci\u00f3n al Mercado Com\u00fan del Sur (Mercosur),","og_url":"https:\/\/www.pressenza.com\/es\/2012\/12\/bolivia-firma-protocolo-de-adhesion-al-mercosur-y-da-el-primer-paso-para-ser-miembro-pleno\/","og_site_name":"Pressenza","article_publisher":"https:\/\/www.facebook.com\/PressenzaItalia","article_published_time":"2012-12-08T23:59:12+00:00","article_modified_time":"2013-02-08T20:55:03+00:00","og_image":[{"width":320,"height":213,"url":"https:\/\/www.pressenza.com\/wp-content\/uploads\/2012\/12\/MERCOSUR-2012.jpg","type":"image\/jpeg"}],"author":"Agencia Boliviana de Informaci\u00f3n - ABI","twitter_card":"summary_large_image","twitter_creator":"@mincombolivia","twitter_site":"@PressenzaIPA","twitter_misc":{"Escrito por":"Agencia Boliviana de Informaci\u00f3n - ABI","Tiempo de lectura":"1 minuto"},"schema":{"@context":"https:\/\/schema.org","@graph":[{"@type":"Article","@id":"https:\/\/www.pressenza.com\/es\/2012\/12\/bolivia-firma-protocolo-de-adhesion-al-mercosur-y-da-el-primer-paso-para-ser-miembro-pleno\/#article","isPartOf":{"@id":"https:\/\/www.pressenza.com\/es\/2012\/12\/bolivia-firma-protocolo-de-adhesion-al-mercosur-y-da-el-primer-paso-para-ser-miembro-pleno\/"},"author":{"name":"Agencia Boliviana de Informaci\u00f3n - ABI","@id":"https:\/\/www.pressenza.com\/es\/#\/schema\/person\/3fe2a62cf8f5fea54fc87abcec98dcb4"},"headline":"Bolivia firma protocolo de adhesi\u00f3n al Mercosur y da el primer paso para ser miembro pleno","datePublished":"2012-12-08T23:59:12+00:00","dateModified":"2013-02-08T20:55:03+00:00","mainEntityOfPage":{"@id":"https:\/\/www.pressenza.com\/es\/2012\/12\/bolivia-firma-protocolo-de-adhesion-al-mercosur-y-da-el-primer-paso-para-ser-miembro-pleno\/"},"wordCount":230,"publisher":{"@id":"https:\/\/www.pressenza.com\/es\/#organization"},"image":{"@id":"https:\/\/www.pressenza.com\/es\/2012\/12\/bolivia-firma-protocolo-de-adhesion-al-mercosur-y-da-el-primer-paso-para-ser-miembro-pleno\/#primaryimage"},"thumbnailUrl":"https:\/\/www.pressenza.com\/wp-content\/uploads\/2012\/12\/MERCOSUR-2012.jpg","keywords":["MERCOSUR"],"articleSection":["Asuntos internacionales","Sudam\u00e9rica"],"inLanguage":"es"},{"@type":"WebPage","@id":"https:\/\/www.pressenza.com\/es\/2012\/12\/bolivia-firma-protocolo-de-adhesion-al-mercosur-y-da-el-primer-paso-para-ser-miembro-pleno\/","url":"https:\/\/www.pressenza.com\/es\/2012\/12\/bolivia-firma-protocolo-de-adhesion-al-mercosur-y-da-el-primer-paso-para-ser-miembro-pleno\/","name":"Bolivia firma protocolo de adhesi\u00f3n al Mercosur y da el primer paso para ser miembro pleno","isPartOf":{"@id":"https:\/\/www.pressenza.com\/es\/#website"},"primaryImageOfPage":{"@id":"https:\/\/www.pressenza.com\/es\/2012\/12\/bolivia-firma-protocolo-de-adhesion-al-mercosur-y-da-el-primer-paso-para-ser-miembro-pleno\/#primaryimage"},"image":{"@id":"https:\/\/www.pressenza.com\/es\/2012\/12\/bolivia-firma-protocolo-de-adhesion-al-mercosur-y-da-el-primer-paso-para-ser-miembro-pleno\/#primaryimage"},"thumbnailUrl":"https:\/\/www.pressenza.com\/wp-content\/uploads\/2012\/12\/MERCOSUR-2012.jpg","datePublished":"2012-12-08T23:59:12+00:00","dateModified":"2013-02-08T20:55:03+00:00","description":"El presidente Evo Morales suscribi\u00f3 el viernes despu\u00e9s de las 13h00, (hora boliviana) el protocolo de incorporaci\u00f3n al Mercado Com\u00fan del Sur (Mercosur),","breadcrumb":{"@id":"https:\/\/www.pressenza.com\/es\/2012\/12\/bolivia-firma-protocolo-de-adhesion-al-mercosur-y-da-el-primer-paso-para-ser-miembro-pleno\/#breadcrumb"},"inLanguage":"es","potentialAction":[{"@type":"ReadAction","target":["https:\/\/www.pressenza.com\/es\/2012\/12\/bolivia-firma-protocolo-de-adhesion-al-mercosur-y-da-el-primer-paso-para-ser-miembro-pleno\/"]}]},{"@type":"ImageObject","inLanguage":"es","@id":"https:\/\/www.pressenza.com\/es\/2012\/12\/bolivia-firma-protocolo-de-adhesion-al-mercosur-y-da-el-primer-paso-para-ser-miembro-pleno\/#primaryimage","url":"https:\/\/www.pressenza.com\/wp-content\/uploads\/2012\/12\/MERCOSUR-2012.jpg","contentUrl":"https:\/\/www.pressenza.com\/wp-content\/uploads\/2012\/12\/MERCOSUR-2012.jpg","width":"320","height":"213"},{"@type":"BreadcrumbList","@id":"https:\/\/www.pressenza.com\/es\/2012\/12\/bolivia-firma-protocolo-de-adhesion-al-mercosur-y-da-el-primer-paso-para-ser-miembro-pleno\/#breadcrumb","itemListElement":[{"@type":"ListItem","position":1,"name":"Accueil","item":"https:\/\/www.pressenza.com\/es\/"},{"@type":"ListItem","position":2,"name":"Bolivia firma protocolo de adhesi\u00f3n al Mercosur y da el primer paso para ser miembro pleno"}]},{"@type":"WebSite","@id":"https:\/\/www.pressenza.com\/es\/#website","url":"https:\/\/www.pressenza.com\/es\/","name":"Pressenza","description":"International Press Agency","publisher":{"@id":"https:\/\/www.pressenza.com\/es\/#organization"},"potentialAction":[{"@type":"SearchAction","target":{"@type":"EntryPoint","urlTemplate":"https:\/\/www.pressenza.com\/es\/?s={search_term_string}"},"query-input":{"@type":"PropertyValueSpecification","valueRequired":true,"valueName":"search_term_string"}}],"inLanguage":"es"},{"@type":"Organization","@id":"https:\/\/www.pressenza.com\/es\/#organization","name":"Pressenza","url":"https:\/\/www.pressenza.com\/es\/","logo":{"@type":"ImageObject","inLanguage":"es","@id":"https:\/\/www.pressenza.com\/es\/#\/schema\/logo\/image\/","url":"https:\/\/www.pressenza.com\/wp-content\/uploads\/2022\/10\/pressenza_logo_200x200.jpg","contentUrl":"https:\/\/www.pressenza.com\/wp-content\/uploads\/2022\/10\/pressenza_logo_200x200.jpg","width":200,"height":200,"caption":"Pressenza"},"image":{"@id":"https:\/\/www.pressenza.com\/es\/#\/schema\/logo\/image\/"},"sameAs":["https:\/\/www.facebook.com\/PressenzaItalia","https:\/\/x.com\/PressenzaIPA"]},{"@type":"Person","@id":"https:\/\/www.pressenza.com\/es\/#\/schema\/person\/3fe2a62cf8f5fea54fc87abcec98dcb4","name":"Agencia Boliviana de Informaci\u00f3n - ABI","description":"www.abi.bo","sameAs":["https:\/\/x.com\/mincombolivia"],"url":"https:\/\/www.pressenza.com\/es\/author\/agencia-boliviana-de-informacion-abi\/"}]}},"place":"La Paz","original_article_url":"","_links":{"self":[{"href":"https:\/\/www.pressenza.com\/es\/wp-json\/wp\/v2\/posts\/27365","targetHints":{"allow":["GET"]}}],"collection":[{"href":"https:\/\/www.pressenza.com\/es\/wp-json\/wp\/v2\/posts"}],"about":[{"href":"https:\/\/www.pressenza.com\/es\/wp-json\/wp\/v2\/types\/post"}],"author":[{"embeddable":true,"href":"https:\/\/www.pressenza.com\/es\/wp-json\/wp\/v2\/users\/127"}],"replies":[{"embeddable":true,"href":"https:\/\/www.pressenza.com\/es\/wp-json\/wp\/v2\/comments?post=27365"}],"version-history":[{"count":0,"href":"https:\/\/www.pressenza.com\/es\/wp-json\/wp\/v2\/posts\/27365\/revisions"}],"wp:featuredmedia":[{"embeddable":true,"href":"https:\/\/www.pressenza.com\/es\/wp-json\/wp\/v2\/media\/27430"}],"wp:attachment":[{"href":"https:\/\/www.pressenza.com\/es\/wp-json\/wp\/v2\/media?parent=27365"}],"wp:term":[{"taxonomy":"category","embeddable":true,"href":"https:\/\/www.pressenza.com\/es\/wp-json\/wp\/v2\/categories?post=27365"},{"taxonomy":"post_tag","embeddable":true,"href":"https:\/\/www.pressenza.com\/es\/wp-json\/wp\/v2\/tags?post=27365"}],"curies":[{"name":"wp","href":"https:\/\/api.w.org\/{rel}","templated":true}]}}