{"id":273332,"date":"2016-01-31T17:03:01","date_gmt":"2016-01-31T17:03:01","guid":{"rendered":"http:\/\/www.pressenza.com\/es\/?p=273332"},"modified":"2016-01-31T17:03:01","modified_gmt":"2016-01-31T17:03:01","slug":"futbolistas-griegos-paran-un-partido-con-una-sentada-de-protesta-contra-la-ue-por-la-muerte-de-refugiados","status":"publish","type":"post","link":"https:\/\/www.pressenza.com\/es\/2016\/01\/futbolistas-griegos-paran-un-partido-con-una-sentada-de-protesta-contra-la-ue-por-la-muerte-de-refugiados\/","title":{"rendered":"Futbolistas griegos paran un partido con una sentada de protesta contra la UE por la muerte de refugiados"},"content":{"rendered":"<div class=\"subtitle bkn mce sk2\">\n<p><em>Los jugadores del equipo AEL Lakrissa comenzaron a sentarse justo despu\u00e9s del pitido incial del \u00e1rbitro; los contrincantes tambi\u00e9n les siguieron en la acci\u00f3n.<\/em><\/p>\n<p><em>\u00abLo hacemos en memoria de los centenares de ni\u00f1os que mueren cada d\u00eda a causa de la atroz apat\u00eda de la UE y de Turqu\u00eda\u00bb, han explicado.<\/em><\/p>\n<p><em><strong>Por El Rastreador<\/strong><\/em><\/p>\n<p><a href=\"https:\/\/www.youtube.com\/watch?v=HkCsY8Zadzo\">https:\/\/www.youtube.com\/watch?v=HkCsY8Zadzo<\/a><\/p>\n<p>La llegada masiva de refugiados a las costas griegas y turcas, junto a las miles de muertes provocadas por los naufragios que tienen lugar en el Mediterr\u00e1neo desde que se desatara la guerra en Siria e Irak no ha pasado tampoco desapercibida en el mundo futbol\u00edstico. En un partido de la Segunda Divisi\u00f3n de Grecia entre el AEL Lakrissa y el Acharnaikos, los jugadores de ambos equipos se sentaron en el terreno de juego nada m\u00e1s comenzar el partido durante dos minutos en protesta por el elevado n\u00famero de personas, pero sobre todo ni\u00f1os, que fallecen cada semana en las aguas del Mediterr\u00e1neo intentando llegar a la costa europea. El equipo anfitri\u00f3n, el AEL emiti\u00f3 un comunicado en el afirmaba realizar esta acci\u00f3n \u00aben memoria de los centenares de ni\u00f1os que mueren cada d\u00eda a causa de la atroz apat\u00eda de la UE y de Turqu\u00eda, sobre lo que pasa en el mar Egeo\u00bb.<\/p>\n<\/div>\n","protected":false},"excerpt":{"rendered":"<p>Los jugadores del equipo AEL Lakrissa comenzaron a sentarse justo despu\u00e9s del pitido incial del \u00e1rbitro; los contrincantes tambi\u00e9n les siguieron en la acci\u00f3n. \u00abLo hacemos en memoria de los centenares de ni\u00f1os que mueren cada d\u00eda a causa de&hellip;<\/p>\n","protected":false},"author":1170,"featured_media":273333,"comment_status":"closed","ping_status":"open","sticky":false,"template":"","format":"standard","meta":{"footnotes":""},"categories":[79,66,1242],"tags":[953,1346,526,23684,3022,10127,3021,9533],"class_list":["post-273332","post","type-post","status-publish","format-standard","has-post-thumbnail","hentry","category-derechos-humanos","category-europa-es","category-noviolencia-tema","tag-europa-es-2","tag-grecia-es","tag-manifestacion","tag-mar-egeo","tag-refugiados","tag-solidaridad","tag-turquia","tag-ue-es"],"yoast_head":"<!-- This site is optimized with the Yoast SEO plugin v27.1.1 - https:\/\/yoast.com\/product\/yoast-seo-wordpress\/ -->\n<title>Futbolistas griegos paran un partido con una sentada de protesta contra la UE por la muerte de refugiados<\/title>\n<meta name=\"description\" content=\"Los jugadores del equipo AEL Lakrissa comenzaron a sentarse justo despu\u00e9s del pitido incial del \u00e1rbitro; los contrincantes tambi\u00e9n les siguieron en la\" \/>\n<meta name=\"robots\" content=\"index, follow, max-snippet:-1, max-image-preview:large, max-video-preview:-1\" \/>\n<link rel=\"canonical\" href=\"https:\/\/www.pressenza.com\/es\/2016\/01\/futbolistas-griegos-paran-un-partido-con-una-sentada-de-protesta-contra-la-ue-por-la-muerte-de-refugiados\/\" \/>\n<meta property=\"og:locale\" content=\"es_ES\" \/>\n<meta property=\"og:type\" content=\"article\" \/>\n<meta property=\"og:title\" content=\"Futbolistas griegos paran un partido con una sentada de protesta contra la UE por la muerte de refugiados\" \/>\n<meta property=\"og:description\" content=\"Los jugadores del equipo AEL Lakrissa comenzaron a sentarse justo despu\u00e9s del pitido incial del \u00e1rbitro; los contrincantes tambi\u00e9n les siguieron en la\" \/>\n<meta property=\"og:url\" content=\"https:\/\/www.pressenza.com\/es\/2016\/01\/futbolistas-griegos-paran-un-partido-con-una-sentada-de-protesta-contra-la-ue-por-la-muerte-de-refugiados\/\" \/>\n<meta property=\"og:site_name\" content=\"Pressenza\" \/>\n<meta property=\"article:publisher\" content=\"https:\/\/www.facebook.com\/PressenzaItalia\" \/>\n<meta property=\"article:published_time\" content=\"2016-01-31T17:03:01+00:00\" \/>\n<meta property=\"og:image\" content=\"https:\/\/www.pressenza.com\/wp-content\/uploads\/2016\/01\/Segunda-Division-Grecia-refugiados-Mediterraneo_EDIIMA20160131_0102_20.jpg\" \/>\n\t<meta property=\"og:image:width\" content=\"643\" \/>\n\t<meta property=\"og:image:height\" content=\"317\" \/>\n\t<meta property=\"og:image:type\" content=\"image\/jpeg\" \/>\n<meta name=\"author\" content=\"eldiario.es\" \/>\n<meta name=\"twitter:card\" content=\"summary_large_image\" \/>\n<meta name=\"twitter:creator\" content=\"@PressenzaIPA\" \/>\n<meta name=\"twitter:site\" content=\"@PressenzaIPA\" \/>\n<meta name=\"twitter:label1\" content=\"Escrito por\" \/>\n\t<meta name=\"twitter:data1\" content=\"eldiario.es\" \/>\n\t<meta name=\"twitter:label2\" content=\"Tiempo de lectura\" \/>\n\t<meta name=\"twitter:data2\" content=\"1 minuto\" \/>\n<script type=\"application\/ld+json\" class=\"yoast-schema-graph\">{\"@context\":\"https:\/\/schema.org\",\"@graph\":[{\"@type\":\"Article\",\"@id\":\"https:\/\/www.pressenza.com\/es\/2016\/01\/futbolistas-griegos-paran-un-partido-con-una-sentada-de-protesta-contra-la-ue-por-la-muerte-de-refugiados\/#article\",\"isPartOf\":{\"@id\":\"https:\/\/www.pressenza.com\/es\/2016\/01\/futbolistas-griegos-paran-un-partido-con-una-sentada-de-protesta-contra-la-ue-por-la-muerte-de-refugiados\/\"},\"author\":{\"name\":\"eldiario.es\",\"@id\":\"https:\/\/www.pressenza.com\/es\/#\/schema\/person\/35221cfd7eeca947b184bfc91172e541\"},\"headline\":\"Futbolistas griegos paran un partido con una sentada de protesta contra la UE por la muerte de refugiados\",\"datePublished\":\"2016-01-31T17:03:01+00:00\",\"mainEntityOfPage\":{\"@id\":\"https:\/\/www.pressenza.com\/es\/2016\/01\/futbolistas-griegos-paran-un-partido-con-una-sentada-de-protesta-contra-la-ue-por-la-muerte-de-refugiados\/\"},\"wordCount\":256,\"publisher\":{\"@id\":\"https:\/\/www.pressenza.com\/es\/#organization\"},\"image\":{\"@id\":\"https:\/\/www.pressenza.com\/es\/2016\/01\/futbolistas-griegos-paran-un-partido-con-una-sentada-de-protesta-contra-la-ue-por-la-muerte-de-refugiados\/#primaryimage\"},\"thumbnailUrl\":\"https:\/\/www.pressenza.com\/wp-content\/uploads\/2016\/01\/Segunda-Division-Grecia-refugiados-Mediterraneo_EDIIMA20160131_0102_20.jpg\",\"keywords\":[\"Europa\",\"Grecia\",\"manifestaci\u00f3n\",\"Mar Egeo\",\"refugiados\",\"Solidaridad\",\"Turqu\u00eda\",\"UE\"],\"articleSection\":[\"Derechos Humanos\",\"Europa\",\"Noviolencia\"],\"inLanguage\":\"es\"},{\"@type\":\"WebPage\",\"@id\":\"https:\/\/www.pressenza.com\/es\/2016\/01\/futbolistas-griegos-paran-un-partido-con-una-sentada-de-protesta-contra-la-ue-por-la-muerte-de-refugiados\/\",\"url\":\"https:\/\/www.pressenza.com\/es\/2016\/01\/futbolistas-griegos-paran-un-partido-con-una-sentada-de-protesta-contra-la-ue-por-la-muerte-de-refugiados\/\",\"name\":\"Futbolistas griegos paran un partido con una sentada de protesta contra la UE por la muerte de refugiados\",\"isPartOf\":{\"@id\":\"https:\/\/www.pressenza.com\/es\/#website\"},\"primaryImageOfPage\":{\"@id\":\"https:\/\/www.pressenza.com\/es\/2016\/01\/futbolistas-griegos-paran-un-partido-con-una-sentada-de-protesta-contra-la-ue-por-la-muerte-de-refugiados\/#primaryimage\"},\"image\":{\"@id\":\"https:\/\/www.pressenza.com\/es\/2016\/01\/futbolistas-griegos-paran-un-partido-con-una-sentada-de-protesta-contra-la-ue-por-la-muerte-de-refugiados\/#primaryimage\"},\"thumbnailUrl\":\"https:\/\/www.pressenza.com\/wp-content\/uploads\/2016\/01\/Segunda-Division-Grecia-refugiados-Mediterraneo_EDIIMA20160131_0102_20.jpg\",\"datePublished\":\"2016-01-31T17:03:01+00:00\",\"description\":\"Los jugadores del equipo AEL Lakrissa comenzaron a sentarse justo despu\u00e9s del pitido incial del \u00e1rbitro; los contrincantes tambi\u00e9n les siguieron en la\",\"breadcrumb\":{\"@id\":\"https:\/\/www.pressenza.com\/es\/2016\/01\/futbolistas-griegos-paran-un-partido-con-una-sentada-de-protesta-contra-la-ue-por-la-muerte-de-refugiados\/#breadcrumb\"},\"inLanguage\":\"es\",\"potentialAction\":[{\"@type\":\"ReadAction\",\"target\":[\"https:\/\/www.pressenza.com\/es\/2016\/01\/futbolistas-griegos-paran-un-partido-con-una-sentada-de-protesta-contra-la-ue-por-la-muerte-de-refugiados\/\"]}]},{\"@type\":\"ImageObject\",\"inLanguage\":\"es\",\"@id\":\"https:\/\/www.pressenza.com\/es\/2016\/01\/futbolistas-griegos-paran-un-partido-con-una-sentada-de-protesta-contra-la-ue-por-la-muerte-de-refugiados\/#primaryimage\",\"url\":\"https:\/\/www.pressenza.com\/wp-content\/uploads\/2016\/01\/Segunda-Division-Grecia-refugiados-Mediterraneo_EDIIMA20160131_0102_20.jpg\",\"contentUrl\":\"https:\/\/www.pressenza.com\/wp-content\/uploads\/2016\/01\/Segunda-Division-Grecia-refugiados-Mediterraneo_EDIIMA20160131_0102_20.jpg\",\"width\":643,\"height\":317},{\"@type\":\"BreadcrumbList\",\"@id\":\"https:\/\/www.pressenza.com\/es\/2016\/01\/futbolistas-griegos-paran-un-partido-con-una-sentada-de-protesta-contra-la-ue-por-la-muerte-de-refugiados\/#breadcrumb\",\"itemListElement\":[{\"@type\":\"ListItem\",\"position\":1,\"name\":\"Accueil\",\"item\":\"https:\/\/www.pressenza.com\/es\/\"},{\"@type\":\"ListItem\",\"position\":2,\"name\":\"Futbolistas griegos paran un partido con una sentada de protesta contra la UE por la muerte de refugiados\"}]},{\"@type\":\"WebSite\",\"@id\":\"https:\/\/www.pressenza.com\/es\/#website\",\"url\":\"https:\/\/www.pressenza.com\/es\/\",\"name\":\"Pressenza\",\"description\":\"International Press Agency\",\"publisher\":{\"@id\":\"https:\/\/www.pressenza.com\/es\/#organization\"},\"potentialAction\":[{\"@type\":\"SearchAction\",\"target\":{\"@type\":\"EntryPoint\",\"urlTemplate\":\"https:\/\/www.pressenza.com\/es\/?s={search_term_string}\"},\"query-input\":{\"@type\":\"PropertyValueSpecification\",\"valueRequired\":true,\"valueName\":\"search_term_string\"}}],\"inLanguage\":\"es\"},{\"@type\":\"Organization\",\"@id\":\"https:\/\/www.pressenza.com\/es\/#organization\",\"name\":\"Pressenza\",\"url\":\"https:\/\/www.pressenza.com\/es\/\",\"logo\":{\"@type\":\"ImageObject\",\"inLanguage\":\"es\",\"@id\":\"https:\/\/www.pressenza.com\/es\/#\/schema\/logo\/image\/\",\"url\":\"https:\/\/www.pressenza.com\/wp-content\/uploads\/2022\/10\/pressenza_logo_200x200.jpg\",\"contentUrl\":\"https:\/\/www.pressenza.com\/wp-content\/uploads\/2022\/10\/pressenza_logo_200x200.jpg\",\"width\":200,\"height\":200,\"caption\":\"Pressenza\"},\"image\":{\"@id\":\"https:\/\/www.pressenza.com\/es\/#\/schema\/logo\/image\/\"},\"sameAs\":[\"https:\/\/www.facebook.com\/PressenzaItalia\",\"https:\/\/x.com\/PressenzaIPA\"]},{\"@type\":\"Person\",\"@id\":\"https:\/\/www.pressenza.com\/es\/#\/schema\/person\/35221cfd7eeca947b184bfc91172e541\",\"name\":\"eldiario.es\",\"description\":\"eldiario.es is a new digital media with information and analysis focussing on politics and economics in its broadest sense: what affects people more than parties or markets. eldiario.es\",\"url\":\"https:\/\/www.pressenza.com\/es\/author\/eldiario-es\/\"}]}<\/script>\n<!-- \/ Yoast SEO plugin. -->","yoast_head_json":{"title":"Futbolistas griegos paran un partido con una sentada de protesta contra la UE por la muerte de refugiados","description":"Los jugadores del equipo AEL Lakrissa comenzaron a sentarse justo despu\u00e9s del pitido incial del \u00e1rbitro; los contrincantes tambi\u00e9n les siguieron en la","robots":{"index":"index","follow":"follow","max-snippet":"max-snippet:-1","max-image-preview":"max-image-preview:large","max-video-preview":"max-video-preview:-1"},"canonical":"https:\/\/www.pressenza.com\/es\/2016\/01\/futbolistas-griegos-paran-un-partido-con-una-sentada-de-protesta-contra-la-ue-por-la-muerte-de-refugiados\/","og_locale":"es_ES","og_type":"article","og_title":"Futbolistas griegos paran un partido con una sentada de protesta contra la UE por la muerte de refugiados","og_description":"Los jugadores del equipo AEL Lakrissa comenzaron a sentarse justo despu\u00e9s del pitido incial del \u00e1rbitro; los contrincantes tambi\u00e9n les siguieron en la","og_url":"https:\/\/www.pressenza.com\/es\/2016\/01\/futbolistas-griegos-paran-un-partido-con-una-sentada-de-protesta-contra-la-ue-por-la-muerte-de-refugiados\/","og_site_name":"Pressenza","article_publisher":"https:\/\/www.facebook.com\/PressenzaItalia","article_published_time":"2016-01-31T17:03:01+00:00","og_image":[{"width":643,"height":317,"url":"https:\/\/www.pressenza.com\/wp-content\/uploads\/2016\/01\/Segunda-Division-Grecia-refugiados-Mediterraneo_EDIIMA20160131_0102_20.jpg","type":"image\/jpeg"}],"author":"eldiario.es","twitter_card":"summary_large_image","twitter_creator":"@PressenzaIPA","twitter_site":"@PressenzaIPA","twitter_misc":{"Escrito por":"eldiario.es","Tiempo de lectura":"1 minuto"},"schema":{"@context":"https:\/\/schema.org","@graph":[{"@type":"Article","@id":"https:\/\/www.pressenza.com\/es\/2016\/01\/futbolistas-griegos-paran-un-partido-con-una-sentada-de-protesta-contra-la-ue-por-la-muerte-de-refugiados\/#article","isPartOf":{"@id":"https:\/\/www.pressenza.com\/es\/2016\/01\/futbolistas-griegos-paran-un-partido-con-una-sentada-de-protesta-contra-la-ue-por-la-muerte-de-refugiados\/"},"author":{"name":"eldiario.es","@id":"https:\/\/www.pressenza.com\/es\/#\/schema\/person\/35221cfd7eeca947b184bfc91172e541"},"headline":"Futbolistas griegos paran un partido con una sentada de protesta contra la UE por la muerte de refugiados","datePublished":"2016-01-31T17:03:01+00:00","mainEntityOfPage":{"@id":"https:\/\/www.pressenza.com\/es\/2016\/01\/futbolistas-griegos-paran-un-partido-con-una-sentada-de-protesta-contra-la-ue-por-la-muerte-de-refugiados\/"},"wordCount":256,"publisher":{"@id":"https:\/\/www.pressenza.com\/es\/#organization"},"image":{"@id":"https:\/\/www.pressenza.com\/es\/2016\/01\/futbolistas-griegos-paran-un-partido-con-una-sentada-de-protesta-contra-la-ue-por-la-muerte-de-refugiados\/#primaryimage"},"thumbnailUrl":"https:\/\/www.pressenza.com\/wp-content\/uploads\/2016\/01\/Segunda-Division-Grecia-refugiados-Mediterraneo_EDIIMA20160131_0102_20.jpg","keywords":["Europa","Grecia","manifestaci\u00f3n","Mar Egeo","refugiados","Solidaridad","Turqu\u00eda","UE"],"articleSection":["Derechos Humanos","Europa","Noviolencia"],"inLanguage":"es"},{"@type":"WebPage","@id":"https:\/\/www.pressenza.com\/es\/2016\/01\/futbolistas-griegos-paran-un-partido-con-una-sentada-de-protesta-contra-la-ue-por-la-muerte-de-refugiados\/","url":"https:\/\/www.pressenza.com\/es\/2016\/01\/futbolistas-griegos-paran-un-partido-con-una-sentada-de-protesta-contra-la-ue-por-la-muerte-de-refugiados\/","name":"Futbolistas griegos paran un partido con una sentada de protesta contra la UE por la muerte de refugiados","isPartOf":{"@id":"https:\/\/www.pressenza.com\/es\/#website"},"primaryImageOfPage":{"@id":"https:\/\/www.pressenza.com\/es\/2016\/01\/futbolistas-griegos-paran-un-partido-con-una-sentada-de-protesta-contra-la-ue-por-la-muerte-de-refugiados\/#primaryimage"},"image":{"@id":"https:\/\/www.pressenza.com\/es\/2016\/01\/futbolistas-griegos-paran-un-partido-con-una-sentada-de-protesta-contra-la-ue-por-la-muerte-de-refugiados\/#primaryimage"},"thumbnailUrl":"https:\/\/www.pressenza.com\/wp-content\/uploads\/2016\/01\/Segunda-Division-Grecia-refugiados-Mediterraneo_EDIIMA20160131_0102_20.jpg","datePublished":"2016-01-31T17:03:01+00:00","description":"Los jugadores del equipo AEL Lakrissa comenzaron a sentarse justo despu\u00e9s del pitido incial del \u00e1rbitro; los contrincantes tambi\u00e9n les siguieron en la","breadcrumb":{"@id":"https:\/\/www.pressenza.com\/es\/2016\/01\/futbolistas-griegos-paran-un-partido-con-una-sentada-de-protesta-contra-la-ue-por-la-muerte-de-refugiados\/#breadcrumb"},"inLanguage":"es","potentialAction":[{"@type":"ReadAction","target":["https:\/\/www.pressenza.com\/es\/2016\/01\/futbolistas-griegos-paran-un-partido-con-una-sentada-de-protesta-contra-la-ue-por-la-muerte-de-refugiados\/"]}]},{"@type":"ImageObject","inLanguage":"es","@id":"https:\/\/www.pressenza.com\/es\/2016\/01\/futbolistas-griegos-paran-un-partido-con-una-sentada-de-protesta-contra-la-ue-por-la-muerte-de-refugiados\/#primaryimage","url":"https:\/\/www.pressenza.com\/wp-content\/uploads\/2016\/01\/Segunda-Division-Grecia-refugiados-Mediterraneo_EDIIMA20160131_0102_20.jpg","contentUrl":"https:\/\/www.pressenza.com\/wp-content\/uploads\/2016\/01\/Segunda-Division-Grecia-refugiados-Mediterraneo_EDIIMA20160131_0102_20.jpg","width":643,"height":317},{"@type":"BreadcrumbList","@id":"https:\/\/www.pressenza.com\/es\/2016\/01\/futbolistas-griegos-paran-un-partido-con-una-sentada-de-protesta-contra-la-ue-por-la-muerte-de-refugiados\/#breadcrumb","itemListElement":[{"@type":"ListItem","position":1,"name":"Accueil","item":"https:\/\/www.pressenza.com\/es\/"},{"@type":"ListItem","position":2,"name":"Futbolistas griegos paran un partido con una sentada de protesta contra la UE por la muerte de refugiados"}]},{"@type":"WebSite","@id":"https:\/\/www.pressenza.com\/es\/#website","url":"https:\/\/www.pressenza.com\/es\/","name":"Pressenza","description":"International Press Agency","publisher":{"@id":"https:\/\/www.pressenza.com\/es\/#organization"},"potentialAction":[{"@type":"SearchAction","target":{"@type":"EntryPoint","urlTemplate":"https:\/\/www.pressenza.com\/es\/?s={search_term_string}"},"query-input":{"@type":"PropertyValueSpecification","valueRequired":true,"valueName":"search_term_string"}}],"inLanguage":"es"},{"@type":"Organization","@id":"https:\/\/www.pressenza.com\/es\/#organization","name":"Pressenza","url":"https:\/\/www.pressenza.com\/es\/","logo":{"@type":"ImageObject","inLanguage":"es","@id":"https:\/\/www.pressenza.com\/es\/#\/schema\/logo\/image\/","url":"https:\/\/www.pressenza.com\/wp-content\/uploads\/2022\/10\/pressenza_logo_200x200.jpg","contentUrl":"https:\/\/www.pressenza.com\/wp-content\/uploads\/2022\/10\/pressenza_logo_200x200.jpg","width":200,"height":200,"caption":"Pressenza"},"image":{"@id":"https:\/\/www.pressenza.com\/es\/#\/schema\/logo\/image\/"},"sameAs":["https:\/\/www.facebook.com\/PressenzaItalia","https:\/\/x.com\/PressenzaIPA"]},{"@type":"Person","@id":"https:\/\/www.pressenza.com\/es\/#\/schema\/person\/35221cfd7eeca947b184bfc91172e541","name":"eldiario.es","description":"eldiario.es is a new digital media with information and analysis focussing on politics and economics in its broadest sense: what affects people more than parties or markets. eldiario.es","url":"https:\/\/www.pressenza.com\/es\/author\/eldiario-es\/"}]}},"place":"Atenas","original_article_url":"http:\/\/www.eldiario.es\/rastreador\/Refugiados-Mediterraneo-Grecia-futbol_6_479512058.html","_links":{"self":[{"href":"https:\/\/www.pressenza.com\/es\/wp-json\/wp\/v2\/posts\/273332","targetHints":{"allow":["GET"]}}],"collection":[{"href":"https:\/\/www.pressenza.com\/es\/wp-json\/wp\/v2\/posts"}],"about":[{"href":"https:\/\/www.pressenza.com\/es\/wp-json\/wp\/v2\/types\/post"}],"author":[{"embeddable":true,"href":"https:\/\/www.pressenza.com\/es\/wp-json\/wp\/v2\/users\/1170"}],"replies":[{"embeddable":true,"href":"https:\/\/www.pressenza.com\/es\/wp-json\/wp\/v2\/comments?post=273332"}],"version-history":[{"count":0,"href":"https:\/\/www.pressenza.com\/es\/wp-json\/wp\/v2\/posts\/273332\/revisions"}],"wp:featuredmedia":[{"embeddable":true,"href":"https:\/\/www.pressenza.com\/es\/wp-json\/wp\/v2\/media\/273333"}],"wp:attachment":[{"href":"https:\/\/www.pressenza.com\/es\/wp-json\/wp\/v2\/media?parent=273332"}],"wp:term":[{"taxonomy":"category","embeddable":true,"href":"https:\/\/www.pressenza.com\/es\/wp-json\/wp\/v2\/categories?post=273332"},{"taxonomy":"post_tag","embeddable":true,"href":"https:\/\/www.pressenza.com\/es\/wp-json\/wp\/v2\/tags?post=273332"}],"curies":[{"name":"wp","href":"https:\/\/api.w.org\/{rel}","templated":true}]}}