{"id":272150,"date":"2016-01-27T23:44:26","date_gmt":"2016-01-27T23:44:26","guid":{"rendered":"http:\/\/www.pressenza.com\/es\/?p=272150"},"modified":"2016-01-27T23:44:26","modified_gmt":"2016-01-27T23:44:26","slug":"venezuela-propone-plan-anticrisis-economica-en-la-celac","status":"publish","type":"post","link":"https:\/\/www.pressenza.com\/es\/2016\/01\/venezuela-propone-plan-anticrisis-economica-en-la-celac\/","title":{"rendered":"Venezuela propone Plan Anticrisis Econ\u00f3mica en la Celac"},"content":{"rendered":"<p>El presidente de Venezuela, Nicol\u00e1s Maduro, propuso hoy la implementaci\u00f3n de un Plan T\u00e1ctico Anticrisis Econ\u00f3mica desde Am\u00e9rica Latina, para estimular el sistema comercial e impactar positivamente la realidad que enfrenta la regi\u00f3n.<\/p>\n<p>Durante su intervenci\u00f3n en la IV Cumbre de la Comunidad de Estados Latinoamericanos y Caribe\u00f1os (Celac), Maduro agradeci\u00f3 la gesti\u00f3n de Ecuador al frente del organismo y llam\u00f3 a Republica Dominicana -pa\u00eds que recibir\u00e1 la presidencia protempore- a discutir de conjunto la propuesta venezolana.<\/p>\n<p>El jefe de Estado denunci\u00f3 que Venezuela ha estado acosada desde el inicio de su proceso revolucionario bolivariano por el poder imperial de Estado Unidos.<\/p>\n<p>En ese sentido, llam\u00f3 a que Washington derogue el decreto que cataloga a Venezuela como una amenaza para la seguridad y pol\u00edtica exterior del pa\u00eds norteamericano.<\/p>\n<p>Tenemos fe en que la Casa Blanca derogue dicho documento en marzo pr\u00f3ximo, cuando se cumple un a\u00f1o de su instauraci\u00f3n, no es una fe ciega, sino que est\u00e1 fundada en lo que como pa\u00eds hemos hecho y demostrado, subray\u00f3 Maduro.<\/p>\n<p>El mandatario tambi\u00e9n celebr\u00f3 la posici\u00f3n com\u00fan de la Celac de exigir a Estados Unidos desmontar el bloqueo econ\u00f3mico, comercial y financiero contra Cuba, as\u00ed como la ratificaci\u00f3n de solidaridad con Argentina respecto a la reclamaci\u00f3n de las islas Malvinas.<\/p>\n<p>Igualmente ratific\u00f3 a Colombia toda la voluntad para seguir construyendo el proceso de paz en ese pa\u00eds, y reafirm\u00f3 el apoyo asimismo a todas las iniciativas de dialogo y acompa\u00f1amiento a la resoluci\u00f3n de la actual situaci\u00f3n pol\u00edtica en Hait\u00ed.<\/p>\n<p>Respecto al panorama que enfrenta Venezuela, Maduro se\u00f1al\u00f3 que si bien la bonanza de los altos precios del petr\u00f3leo permiti\u00f3 impulsar los programas sociales, tambi\u00e9n demostr\u00f3 la dependencia de la naci\u00f3n del sistema rentista vinculado a la producci\u00f3n de crudo.<\/p>\n<p>Ahora, tras finalizar un a\u00f1o en el cual el pa\u00eds perdi\u00f3 el 70 por ciento de sus ingresos, y experiment\u00f3 una reducci\u00f3n econ\u00f3mica del cinco por ciento -con una inflaci\u00f3n superior al ciento por ciento-, enfrentamos una realidad que ha obligado a decretar la emergencia econ\u00f3mica en Venezuela, inform\u00f3.<\/p>\n<p>No obstante, a pesar de esa situaci\u00f3n el pa\u00eds logr\u00f3 incrementar a 84 por ciento la cantidad de pensionados, disminuir la pobreza del 50 por ciento hist\u00f3rico al 20 por ciento, y reducir la pobreza extrema hasta el cuatro por ciento, a\u00f1adi\u00f3 el presidente.<\/p>\n<p>Nuestra organizaci\u00f3n est\u00e1 en v\u00edas de consolidaci\u00f3n, sostuvo Maduro, y a\u00f1adi\u00f3 que m\u00e1s que un foro comienza a ser una comunidad de iguales, donde se ha venido fundando una doctrina en el proceso de integraci\u00f3n.<\/p>\n<p>El Presidente llam\u00f3 a cuidar de manera celosa el respeto entre los pa\u00edses para que siga reinando la uni\u00f3n en la Celac, y afirm\u00f3 que en estos momentos de crisis es cuando se ponen a prueba los sistemas sociales progresistas que se han instalado en el continente.<\/p>\n","protected":false},"excerpt":{"rendered":"<p>El presidente de Venezuela, Nicol\u00e1s Maduro, propuso hoy la implementaci\u00f3n de un Plan T\u00e1ctico Anticrisis Econ\u00f3mica desde Am\u00e9rica Latina, para estimular el sistema comercial e impactar positivamente la realidad que enfrenta la regi\u00f3n. Durante su intervenci\u00f3n en la IV Cumbre&hellip;<\/p>\n","protected":false},"author":90,"featured_media":271924,"comment_status":"closed","ping_status":"open","sticky":false,"template":"","format":"standard","meta":{"footnotes":""},"categories":[69,76,67],"tags":[8798,4310,3883],"class_list":["post-272150","post","type-post","status-publish","format-standard","has-post-thumbnail","hentry","category-america-central","category-relaciones-exteriores","category-sudamerica","tag-celac-es","tag-nicolas-maduro-es","tag-venezuela-es"],"yoast_head":"<!-- This site is optimized with the Yoast SEO plugin v27.1.1 - https:\/\/yoast.com\/product\/yoast-seo-wordpress\/ -->\n<title>Venezuela propone Plan Anticrisis Econ\u00f3mica en la Celac<\/title>\n<meta name=\"description\" content=\"El presidente de Venezuela, Nicol\u00e1s Maduro, propuso hoy la implementaci\u00f3n de un Plan T\u00e1ctico Anticrisis Econ\u00f3mica desde Am\u00e9rica Latina, para estimular el\" \/>\n<meta name=\"robots\" content=\"index, follow, max-snippet:-1, max-image-preview:large, max-video-preview:-1\" \/>\n<link rel=\"canonical\" href=\"https:\/\/www.pressenza.com\/es\/2016\/01\/venezuela-propone-plan-anticrisis-economica-en-la-celac\/\" \/>\n<meta property=\"og:locale\" content=\"es_ES\" \/>\n<meta property=\"og:type\" content=\"article\" \/>\n<meta property=\"og:title\" content=\"Venezuela propone Plan Anticrisis Econ\u00f3mica en la Celac\" \/>\n<meta property=\"og:description\" content=\"El presidente de Venezuela, Nicol\u00e1s Maduro, propuso hoy la implementaci\u00f3n de un Plan T\u00e1ctico Anticrisis Econ\u00f3mica desde Am\u00e9rica Latina, para estimular el\" \/>\n<meta property=\"og:url\" content=\"https:\/\/www.pressenza.com\/es\/2016\/01\/venezuela-propone-plan-anticrisis-economica-en-la-celac\/\" \/>\n<meta property=\"og:site_name\" content=\"Pressenza\" \/>\n<meta property=\"article:publisher\" content=\"https:\/\/www.facebook.com\/PressenzaItalia\" \/>\n<meta property=\"article:author\" content=\"https:\/\/www.facebook.com\/AgenciaPrensaLatina\" \/>\n<meta property=\"article:published_time\" content=\"2016-01-27T23:44:26+00:00\" \/>\n<meta property=\"og:image\" content=\"https:\/\/www.pressenza.com\/wp-content\/uploads\/2016\/01\/CELAC-2015-04.jpg\" \/>\n\t<meta property=\"og:image:width\" content=\"1280\" \/>\n\t<meta property=\"og:image:height\" content=\"720\" \/>\n\t<meta property=\"og:image:type\" content=\"image\/jpeg\" \/>\n<meta name=\"author\" content=\"Prensa Latina\" \/>\n<meta name=\"twitter:card\" content=\"summary_large_image\" \/>\n<meta name=\"twitter:creator\" content=\"@prensalatina_cu\" \/>\n<meta name=\"twitter:site\" content=\"@PressenzaIPA\" \/>\n<meta name=\"twitter:label1\" content=\"Escrito por\" \/>\n\t<meta name=\"twitter:data1\" content=\"Prensa Latina\" \/>\n\t<meta name=\"twitter:label2\" content=\"Tiempo de lectura\" \/>\n\t<meta name=\"twitter:data2\" content=\"3 minutos\" \/>\n<script type=\"application\/ld+json\" class=\"yoast-schema-graph\">{\"@context\":\"https:\/\/schema.org\",\"@graph\":[{\"@type\":\"Article\",\"@id\":\"https:\/\/www.pressenza.com\/es\/2016\/01\/venezuela-propone-plan-anticrisis-economica-en-la-celac\/#article\",\"isPartOf\":{\"@id\":\"https:\/\/www.pressenza.com\/es\/2016\/01\/venezuela-propone-plan-anticrisis-economica-en-la-celac\/\"},\"author\":{\"name\":\"Prensa Latina\",\"@id\":\"https:\/\/www.pressenza.com\/es\/#\/schema\/person\/e35c78ffa242d98f4f49ccb18c8631de\"},\"headline\":\"Venezuela propone Plan Anticrisis Econ\u00f3mica en la Celac\",\"datePublished\":\"2016-01-27T23:44:26+00:00\",\"mainEntityOfPage\":{\"@id\":\"https:\/\/www.pressenza.com\/es\/2016\/01\/venezuela-propone-plan-anticrisis-economica-en-la-celac\/\"},\"wordCount\":519,\"publisher\":{\"@id\":\"https:\/\/www.pressenza.com\/es\/#organization\"},\"image\":{\"@id\":\"https:\/\/www.pressenza.com\/es\/2016\/01\/venezuela-propone-plan-anticrisis-economica-en-la-celac\/#primaryimage\"},\"thumbnailUrl\":\"https:\/\/www.pressenza.com\/wp-content\/uploads\/2016\/01\/CELAC-2015-04.jpg\",\"keywords\":[\"CELAC\",\"Nicol\u00e1s Maduro\",\"Venezuela\"],\"articleSection\":[\"Am\u00e9rica Central\",\"Asuntos internacionales\",\"Sudam\u00e9rica\"],\"inLanguage\":\"es\"},{\"@type\":\"WebPage\",\"@id\":\"https:\/\/www.pressenza.com\/es\/2016\/01\/venezuela-propone-plan-anticrisis-economica-en-la-celac\/\",\"url\":\"https:\/\/www.pressenza.com\/es\/2016\/01\/venezuela-propone-plan-anticrisis-economica-en-la-celac\/\",\"name\":\"Venezuela propone Plan Anticrisis Econ\u00f3mica en la Celac\",\"isPartOf\":{\"@id\":\"https:\/\/www.pressenza.com\/es\/#website\"},\"primaryImageOfPage\":{\"@id\":\"https:\/\/www.pressenza.com\/es\/2016\/01\/venezuela-propone-plan-anticrisis-economica-en-la-celac\/#primaryimage\"},\"image\":{\"@id\":\"https:\/\/www.pressenza.com\/es\/2016\/01\/venezuela-propone-plan-anticrisis-economica-en-la-celac\/#primaryimage\"},\"thumbnailUrl\":\"https:\/\/www.pressenza.com\/wp-content\/uploads\/2016\/01\/CELAC-2015-04.jpg\",\"datePublished\":\"2016-01-27T23:44:26+00:00\",\"description\":\"El presidente de Venezuela, Nicol\u00e1s Maduro, propuso hoy la implementaci\u00f3n de un Plan T\u00e1ctico Anticrisis Econ\u00f3mica desde Am\u00e9rica Latina, para estimular el\",\"breadcrumb\":{\"@id\":\"https:\/\/www.pressenza.com\/es\/2016\/01\/venezuela-propone-plan-anticrisis-economica-en-la-celac\/#breadcrumb\"},\"inLanguage\":\"es\",\"potentialAction\":[{\"@type\":\"ReadAction\",\"target\":[\"https:\/\/www.pressenza.com\/es\/2016\/01\/venezuela-propone-plan-anticrisis-economica-en-la-celac\/\"]}]},{\"@type\":\"ImageObject\",\"inLanguage\":\"es\",\"@id\":\"https:\/\/www.pressenza.com\/es\/2016\/01\/venezuela-propone-plan-anticrisis-economica-en-la-celac\/#primaryimage\",\"url\":\"https:\/\/www.pressenza.com\/wp-content\/uploads\/2016\/01\/CELAC-2015-04.jpg\",\"contentUrl\":\"https:\/\/www.pressenza.com\/wp-content\/uploads\/2016\/01\/CELAC-2015-04.jpg\",\"width\":1280,\"height\":720},{\"@type\":\"BreadcrumbList\",\"@id\":\"https:\/\/www.pressenza.com\/es\/2016\/01\/venezuela-propone-plan-anticrisis-economica-en-la-celac\/#breadcrumb\",\"itemListElement\":[{\"@type\":\"ListItem\",\"position\":1,\"name\":\"Accueil\",\"item\":\"https:\/\/www.pressenza.com\/es\/\"},{\"@type\":\"ListItem\",\"position\":2,\"name\":\"Venezuela propone Plan Anticrisis Econ\u00f3mica en la Celac\"}]},{\"@type\":\"WebSite\",\"@id\":\"https:\/\/www.pressenza.com\/es\/#website\",\"url\":\"https:\/\/www.pressenza.com\/es\/\",\"name\":\"Pressenza\",\"description\":\"International Press Agency\",\"publisher\":{\"@id\":\"https:\/\/www.pressenza.com\/es\/#organization\"},\"potentialAction\":[{\"@type\":\"SearchAction\",\"target\":{\"@type\":\"EntryPoint\",\"urlTemplate\":\"https:\/\/www.pressenza.com\/es\/?s={search_term_string}\"},\"query-input\":{\"@type\":\"PropertyValueSpecification\",\"valueRequired\":true,\"valueName\":\"search_term_string\"}}],\"inLanguage\":\"es\"},{\"@type\":\"Organization\",\"@id\":\"https:\/\/www.pressenza.com\/es\/#organization\",\"name\":\"Pressenza\",\"url\":\"https:\/\/www.pressenza.com\/es\/\",\"logo\":{\"@type\":\"ImageObject\",\"inLanguage\":\"es\",\"@id\":\"https:\/\/www.pressenza.com\/es\/#\/schema\/logo\/image\/\",\"url\":\"https:\/\/www.pressenza.com\/wp-content\/uploads\/2022\/10\/pressenza_logo_200x200.jpg\",\"contentUrl\":\"https:\/\/www.pressenza.com\/wp-content\/uploads\/2022\/10\/pressenza_logo_200x200.jpg\",\"width\":200,\"height\":200,\"caption\":\"Pressenza\"},\"image\":{\"@id\":\"https:\/\/www.pressenza.com\/es\/#\/schema\/logo\/image\/\"},\"sameAs\":[\"https:\/\/www.facebook.com\/PressenzaItalia\",\"https:\/\/x.com\/PressenzaIPA\"]},{\"@type\":\"Person\",\"@id\":\"https:\/\/www.pressenza.com\/es\/#\/schema\/person\/e35c78ffa242d98f4f49ccb18c8631de\",\"name\":\"Prensa Latina\",\"description\":\"www.prensa-latina.cu\",\"sameAs\":[\"https:\/\/www.facebook.com\/AgenciaPrensaLatina\",\"https:\/\/x.com\/prensalatina_cu\"],\"url\":\"https:\/\/www.pressenza.com\/es\/author\/prensa-latina\/\"}]}<\/script>\n<!-- \/ Yoast SEO plugin. -->","yoast_head_json":{"title":"Venezuela propone Plan Anticrisis Econ\u00f3mica en la Celac","description":"El presidente de Venezuela, Nicol\u00e1s Maduro, propuso hoy la implementaci\u00f3n de un Plan T\u00e1ctico Anticrisis Econ\u00f3mica desde Am\u00e9rica Latina, para estimular el","robots":{"index":"index","follow":"follow","max-snippet":"max-snippet:-1","max-image-preview":"max-image-preview:large","max-video-preview":"max-video-preview:-1"},"canonical":"https:\/\/www.pressenza.com\/es\/2016\/01\/venezuela-propone-plan-anticrisis-economica-en-la-celac\/","og_locale":"es_ES","og_type":"article","og_title":"Venezuela propone Plan Anticrisis Econ\u00f3mica en la Celac","og_description":"El presidente de Venezuela, Nicol\u00e1s Maduro, propuso hoy la implementaci\u00f3n de un Plan T\u00e1ctico Anticrisis Econ\u00f3mica desde Am\u00e9rica Latina, para estimular el","og_url":"https:\/\/www.pressenza.com\/es\/2016\/01\/venezuela-propone-plan-anticrisis-economica-en-la-celac\/","og_site_name":"Pressenza","article_publisher":"https:\/\/www.facebook.com\/PressenzaItalia","article_author":"https:\/\/www.facebook.com\/AgenciaPrensaLatina","article_published_time":"2016-01-27T23:44:26+00:00","og_image":[{"width":1280,"height":720,"url":"https:\/\/www.pressenza.com\/wp-content\/uploads\/2016\/01\/CELAC-2015-04.jpg","type":"image\/jpeg"}],"author":"Prensa Latina","twitter_card":"summary_large_image","twitter_creator":"@prensalatina_cu","twitter_site":"@PressenzaIPA","twitter_misc":{"Escrito por":"Prensa Latina","Tiempo de lectura":"3 minutos"},"schema":{"@context":"https:\/\/schema.org","@graph":[{"@type":"Article","@id":"https:\/\/www.pressenza.com\/es\/2016\/01\/venezuela-propone-plan-anticrisis-economica-en-la-celac\/#article","isPartOf":{"@id":"https:\/\/www.pressenza.com\/es\/2016\/01\/venezuela-propone-plan-anticrisis-economica-en-la-celac\/"},"author":{"name":"Prensa Latina","@id":"https:\/\/www.pressenza.com\/es\/#\/schema\/person\/e35c78ffa242d98f4f49ccb18c8631de"},"headline":"Venezuela propone Plan Anticrisis Econ\u00f3mica en la Celac","datePublished":"2016-01-27T23:44:26+00:00","mainEntityOfPage":{"@id":"https:\/\/www.pressenza.com\/es\/2016\/01\/venezuela-propone-plan-anticrisis-economica-en-la-celac\/"},"wordCount":519,"publisher":{"@id":"https:\/\/www.pressenza.com\/es\/#organization"},"image":{"@id":"https:\/\/www.pressenza.com\/es\/2016\/01\/venezuela-propone-plan-anticrisis-economica-en-la-celac\/#primaryimage"},"thumbnailUrl":"https:\/\/www.pressenza.com\/wp-content\/uploads\/2016\/01\/CELAC-2015-04.jpg","keywords":["CELAC","Nicol\u00e1s Maduro","Venezuela"],"articleSection":["Am\u00e9rica Central","Asuntos internacionales","Sudam\u00e9rica"],"inLanguage":"es"},{"@type":"WebPage","@id":"https:\/\/www.pressenza.com\/es\/2016\/01\/venezuela-propone-plan-anticrisis-economica-en-la-celac\/","url":"https:\/\/www.pressenza.com\/es\/2016\/01\/venezuela-propone-plan-anticrisis-economica-en-la-celac\/","name":"Venezuela propone Plan Anticrisis Econ\u00f3mica en la Celac","isPartOf":{"@id":"https:\/\/www.pressenza.com\/es\/#website"},"primaryImageOfPage":{"@id":"https:\/\/www.pressenza.com\/es\/2016\/01\/venezuela-propone-plan-anticrisis-economica-en-la-celac\/#primaryimage"},"image":{"@id":"https:\/\/www.pressenza.com\/es\/2016\/01\/venezuela-propone-plan-anticrisis-economica-en-la-celac\/#primaryimage"},"thumbnailUrl":"https:\/\/www.pressenza.com\/wp-content\/uploads\/2016\/01\/CELAC-2015-04.jpg","datePublished":"2016-01-27T23:44:26+00:00","description":"El presidente de Venezuela, Nicol\u00e1s Maduro, propuso hoy la implementaci\u00f3n de un Plan T\u00e1ctico Anticrisis Econ\u00f3mica desde Am\u00e9rica Latina, para estimular el","breadcrumb":{"@id":"https:\/\/www.pressenza.com\/es\/2016\/01\/venezuela-propone-plan-anticrisis-economica-en-la-celac\/#breadcrumb"},"inLanguage":"es","potentialAction":[{"@type":"ReadAction","target":["https:\/\/www.pressenza.com\/es\/2016\/01\/venezuela-propone-plan-anticrisis-economica-en-la-celac\/"]}]},{"@type":"ImageObject","inLanguage":"es","@id":"https:\/\/www.pressenza.com\/es\/2016\/01\/venezuela-propone-plan-anticrisis-economica-en-la-celac\/#primaryimage","url":"https:\/\/www.pressenza.com\/wp-content\/uploads\/2016\/01\/CELAC-2015-04.jpg","contentUrl":"https:\/\/www.pressenza.com\/wp-content\/uploads\/2016\/01\/CELAC-2015-04.jpg","width":1280,"height":720},{"@type":"BreadcrumbList","@id":"https:\/\/www.pressenza.com\/es\/2016\/01\/venezuela-propone-plan-anticrisis-economica-en-la-celac\/#breadcrumb","itemListElement":[{"@type":"ListItem","position":1,"name":"Accueil","item":"https:\/\/www.pressenza.com\/es\/"},{"@type":"ListItem","position":2,"name":"Venezuela propone Plan Anticrisis Econ\u00f3mica en la Celac"}]},{"@type":"WebSite","@id":"https:\/\/www.pressenza.com\/es\/#website","url":"https:\/\/www.pressenza.com\/es\/","name":"Pressenza","description":"International Press Agency","publisher":{"@id":"https:\/\/www.pressenza.com\/es\/#organization"},"potentialAction":[{"@type":"SearchAction","target":{"@type":"EntryPoint","urlTemplate":"https:\/\/www.pressenza.com\/es\/?s={search_term_string}"},"query-input":{"@type":"PropertyValueSpecification","valueRequired":true,"valueName":"search_term_string"}}],"inLanguage":"es"},{"@type":"Organization","@id":"https:\/\/www.pressenza.com\/es\/#organization","name":"Pressenza","url":"https:\/\/www.pressenza.com\/es\/","logo":{"@type":"ImageObject","inLanguage":"es","@id":"https:\/\/www.pressenza.com\/es\/#\/schema\/logo\/image\/","url":"https:\/\/www.pressenza.com\/wp-content\/uploads\/2022\/10\/pressenza_logo_200x200.jpg","contentUrl":"https:\/\/www.pressenza.com\/wp-content\/uploads\/2022\/10\/pressenza_logo_200x200.jpg","width":200,"height":200,"caption":"Pressenza"},"image":{"@id":"https:\/\/www.pressenza.com\/es\/#\/schema\/logo\/image\/"},"sameAs":["https:\/\/www.facebook.com\/PressenzaItalia","https:\/\/x.com\/PressenzaIPA"]},{"@type":"Person","@id":"https:\/\/www.pressenza.com\/es\/#\/schema\/person\/e35c78ffa242d98f4f49ccb18c8631de","name":"Prensa Latina","description":"www.prensa-latina.cu","sameAs":["https:\/\/www.facebook.com\/AgenciaPrensaLatina","https:\/\/x.com\/prensalatina_cu"],"url":"https:\/\/www.pressenza.com\/es\/author\/prensa-latina\/"}]}},"place":"Quito, Ecuador","original_article_url":"http:\/\/www.prensa-latina.cu\/index.php?option=com_content&task=view&idioma=1&id=4556501&Itemid=1","_links":{"self":[{"href":"https:\/\/www.pressenza.com\/es\/wp-json\/wp\/v2\/posts\/272150","targetHints":{"allow":["GET"]}}],"collection":[{"href":"https:\/\/www.pressenza.com\/es\/wp-json\/wp\/v2\/posts"}],"about":[{"href":"https:\/\/www.pressenza.com\/es\/wp-json\/wp\/v2\/types\/post"}],"author":[{"embeddable":true,"href":"https:\/\/www.pressenza.com\/es\/wp-json\/wp\/v2\/users\/90"}],"replies":[{"embeddable":true,"href":"https:\/\/www.pressenza.com\/es\/wp-json\/wp\/v2\/comments?post=272150"}],"version-history":[{"count":0,"href":"https:\/\/www.pressenza.com\/es\/wp-json\/wp\/v2\/posts\/272150\/revisions"}],"wp:featuredmedia":[{"embeddable":true,"href":"https:\/\/www.pressenza.com\/es\/wp-json\/wp\/v2\/media\/271924"}],"wp:attachment":[{"href":"https:\/\/www.pressenza.com\/es\/wp-json\/wp\/v2\/media?parent=272150"}],"wp:term":[{"taxonomy":"category","embeddable":true,"href":"https:\/\/www.pressenza.com\/es\/wp-json\/wp\/v2\/categories?post=272150"},{"taxonomy":"post_tag","embeddable":true,"href":"https:\/\/www.pressenza.com\/es\/wp-json\/wp\/v2\/tags?post=272150"}],"curies":[{"name":"wp","href":"https:\/\/api.w.org\/{rel}","templated":true}]}}