{"id":271467,"date":"2016-01-26T12:41:59","date_gmt":"2016-01-26T12:41:59","guid":{"rendered":"http:\/\/www.pressenza.com\/es\/?p=271467"},"modified":"2016-01-26T12:42:14","modified_gmt":"2016-01-26T12:42:14","slug":"271467","status":"publish","type":"post","link":"https:\/\/www.pressenza.com\/es\/2016\/01\/271467\/","title":{"rendered":"La multinacional Techint contra los pilag\u00e1"},"content":{"rendered":"<p><em>Las comunidades Penqole y Qompi, del pueblo pilag\u00e1 de Formosa, denunciaron a Techint por la construcci\u00f3n de un tramo del Gasoducto del Noreste, que atraviesa su pueblo. Los pilag\u00e1 sostienen que la empresa realiz\u00f3 promesas que fueron incumplidas.<\/em><\/p>\n<p>La empresa Techint, que opera en 45 pa\u00edses y factura 25.000 millones de d\u00f3lares al a\u00f1o, fue denunciada por ingresar a territorio ind\u00edgena en Formosa, no respetar los derechos de las comunidades y contaminar. La multinacional construye un tramo del Gasoducto del Noreste, con un presupuesto de 1300 millones de pesos, que no contempla la conexi\u00f3n de suministro a los pueblos originarios. Dos comunidades del pueblo pilag\u00e1 denunciaron a Techint por la firma irregular de convenios y por no cumplir las promesas (de trabajo y pago de canon por servidumbre de paso). \u201cParece que los ind\u00edgenas no tenemos derechos\u201d, reclam\u00f3 Juana Segundo, de la comunidad Penqole.<\/p>\n<p>Los pueblos ind\u00edgenas de Argentina cuentan con leyes nacionales y tratados internacionales que obligan a obtener su consentimiento por cualquier actividad que pudiera afectar sus territorios. El termino legal es \u201cconsulta libre, previa e informada\u201d. Requiere respetar las formas y los tiempos de decisi\u00f3n de las comunidades originarias.<\/p>\n<p>No fue lo que sucedi\u00f3 en Formosa. \u201cLlegaron un d\u00eda con un papel, nos avisaron que por ac\u00e1 pasaba un gasoducto y que deb\u00edamos firmar\u201d, record\u00f3 Juana Segundo, autoridad de la comunidad pilag\u00e1 Penqole, sobre la ruta provincial 28, a cinco kil\u00f3metros de la localidad de Las Lomitas.<\/p>\n<p>Fue a inicios de 2015, cuando empleados de Techint visitaron la comunidad e instaron a firmar un \u201cconvenio\u201d. El mismo 2015 comenzaron las obras que atraviesan la comunidad. Cortaron alambrados, ingresaron retroexcavadoras, camiones y obreros. Cavaron profundos pozos y comenzaron la instalaci\u00f3n de enormes ca\u00f1er\u00edas.<\/p>\n<p>Juana Segundo record\u00f3 que les prometieron un pago de canon mensual por utilizar el territorio ind\u00edgena, pero advirti\u00f3 que nunca les pagaron. La comunidad solicit\u00f3 materiales para la construcci\u00f3n de un sal\u00f3n comunitario, de seis metros de largo por cinco de ancho. Obtuvieron cemento, arena y ladrillos, pero falt\u00f3 el hierro (para columnas y vigas). El sal\u00f3n qued\u00f3 a medio construir. \u201cParece que Techint no tiene plata para hierros\u201d, cuestion\u00f3 la mujer pilag\u00e1.<\/p>\n<p>La comunidad ind\u00edgena pregunt\u00f3 si contar\u00e1n con suministro de gas (hoy utilizan garrafas y le\u00f1a). \u201cLa empresa dijo que no sab\u00eda, pero los trabajadores nos avisaron que s\u00f3lo es para las ciudades\u201d, reclam\u00f3 la vocera pilag\u00e1. Y defini\u00f3 la situaci\u00f3n actual: \u201cHay mucho silencio de la empresa y del gobierno, y mucha preocupaci\u00f3n nuestra porque no se cumplen nuestros derechos\u201d.<\/p>\n<div id=\"attachment_271476\" class=\"wp-caption alignnone\"><img loading=\"lazy\" decoding=\"async\" aria-describedby=\"caption-attachment-271476\" class=\"size-large wp-image-271476\" src=\"http:\/\/www.pressenza.com\/wp-content\/uploads\/2016\/01\/reunio--n-Formosa-720x540.jpg\" alt=\"Foto Ministerio de Ambiente y Desarrollo Sustentable\" width=\"720\" height=\"540\" srcset=\"https:\/\/www.pressenza.com\/wp-content\/uploads\/2016\/01\/reunio--n-Formosa-720x540.jpg 720w, https:\/\/www.pressenza.com\/wp-content\/uploads\/2016\/01\/reunio--n-Formosa-300x225.jpg 300w, https:\/\/www.pressenza.com\/wp-content\/uploads\/2016\/01\/reunio--n-Formosa-768x576.jpg 768w, https:\/\/www.pressenza.com\/wp-content\/uploads\/2016\/01\/reunio--n-Formosa.jpg 800w\" sizes=\"auto, (max-width: 720px) 100vw, 720px\" \/><p id=\"caption-attachment-271476\" class=\"wp-caption-text\">Foto Ministerio de Ambiente y Desarrollo Sustentable<\/p><\/div>\n<p>Seg\u00fan la publicidad oficial, el Gasoducto del Noreste se propone abastecer de gas a 3,4 millones de personas de Formosa, Santa Fe, Salta, Chaco, Corrientes y Misiones. Contar\u00e1 con 4000 kil\u00f3metros de ca\u00f1er\u00edas, una inversi\u00f3n total de 28 mil millones de pesos y fue adjudicado a una decena de empresas seg\u00fan los tramos (la obra de Formosa, de 300 kil\u00f3metros, fue licitada a Techint por 1373 millones de pesos).<\/p>\n<p>El conflicto se agrav\u00f3 en junio, cuando Techint cort\u00f3 alambres de los pilag\u00e1, ampli\u00f3 un pozo y lo transform\u00f3 en un pilet\u00f3n. En octubre volvieron a cortar alambrados, realizaron otra excavaci\u00f3n y canales. Los pilag\u00e1 denunciaron que Techint utiliz\u00f3 el territorio ind\u00edgena como basurero, donde arroj\u00f3 l\u00edquidos \u201cde las m\u00e1quinas y ba\u00f1os\u201d. Con el agravante de que a pocos metros se encuentra un pozo de agua de los pilag\u00e1.<\/p>\n<p>A fines de agosto los ind\u00edgenas cerraron el paso hacia el gasoducto. Denunciaron los incumplimientos de Techint y tambi\u00e9n de la empresa estatal Enarsa (Energ\u00eda Argentina). A inicios de noviembre presentaron una denuncia judicial contra el responsable de Techint en la regi\u00f3n, Jorge Pellegrini, por delito de \u201cenvenenamiento\u201d. Solicitaron peritajes judiciales que examinen los residuos arrojados y recordaron que tres miembros de la comunidad enfermaron en esas semanas. Tambi\u00e9n denunciaron en los tribunales de Lomitas al criollo Jorge Luna (que usurp\u00f3 una parcela de la comunidad y act\u00faa en consonancia con la empresa), por da\u00f1os y amenazas con arma de fuego.<\/p>\n<p>El accionar de Techint tambi\u00e9n afect\u00f3 a la comunidad pilag\u00e1 Qompi. \u201cNos dijeron que nos correspond\u00eda un pago mensual por canon. Y prometieron trabajo para los hombres\u201d, record\u00f3 Cipriana Palomo, vocera de la comunidad (ubicada en la localidad de Pozo del Tigre).<\/p>\n<p>La mujer, que tambi\u00e9n es autoridad de la Federaci\u00f3n Pilag\u00e1 de Formosa, se\u00f1al\u00f3 que la comunidad est\u00e1 integrada por 300 familias y s\u00f3lo siete integrantes trabajaron en el gasoducto. En agosto pasado le cerraron el paso a Techint y exigieron que contrate m\u00e1s personas, alambre para los corrales, ca\u00f1os para conexiones de agua y cuatro motosierras. \u201cS\u00f3lo entreg\u00f3 algo de alambre y ca\u00f1os\u201d, afirm\u00f3 Palomo y adelant\u00f3 que siguen reclamando el pago del canon.<\/p>\n<p>La comunidad Qompi responsabiliza a Techint, Enarsa y al gobierno nacional. Tambi\u00e9n denuncia que la obra no contemple gas para los ind\u00edgenas. \u201cNos mintieron\u201d, lament\u00f3 Cipriana Palomo.<\/p>\n<p>Techint, que no respondi\u00f3 las consultas de este diario, tiene 59.000 empleados en todo el mundo y factura 25.000 millones de d\u00f3lares anuales. Es una empresa fundada en 1945 por Agostino Rocca y siempre estuvo ligada a la obra p\u00fablica. Es el mayor productor de acero de Am\u00e9rica latina y l\u00edder global en la producci\u00f3n de tubos sin costura (principalmente para la actividad petrolera). Su presidente actual es Paolo Rocca y opera en m\u00e1s de 45 pa\u00edses. La publicidad corporativa de Techint afirma que entre sus objetivos principales est\u00e1 el \u201ccompromiso con el desarrollo local\u201d y el \u201crespeto al ambiente y a las comunidades\u201d donde opera.<\/p>\n<p>&nbsp;<\/p>\n","protected":false},"excerpt":{"rendered":"<p>Las comunidades Penqole y Qompi, del pueblo pilag\u00e1 de Formosa, denunciaron a Techint por la construcci\u00f3n de un tramo del Gasoducto del Noreste, que atraviesa su pueblo. Los pilag\u00e1 sostienen que la empresa realiz\u00f3 promesas que fueron incumplidas. La empresa&hellip;<\/p>\n","protected":false},"author":1210,"featured_media":271469,"comment_status":"closed","ping_status":"open","sticky":false,"template":"","format":"standard","meta":{"footnotes":""},"categories":[74,80,67],"tags":[26,23383,23529,23530,3059,5323,19778,23527,22210,3058,23528,23526,18507],"class_list":["post-271467","post","type-post","status-publish","format-standard","has-post-thumbnail","hentry","category-politica-es","category-pueblos-originarios","category-sudamerica","tag-argentina","tag-consulta-previa","tag-enarsa","tag-federacion-pilaga","tag-formosa","tag-indigenas","tag-pilaga","tag-pozo-del-tigre","tag-pueblos-originarios","tag-qom","tag-rocca","tag-techint","tag-territorios"],"yoast_head":"<!-- This site is optimized with the Yoast SEO plugin v27.1.1 - https:\/\/yoast.com\/product\/yoast-seo-wordpress\/ -->\n<title>La multinacional Techint contra los pilag\u00e1<\/title>\n<meta name=\"description\" content=\"Las comunidades Penqole y Qompi, del pueblo pilag\u00e1 de Formosa, denunciaron a Techint por la construcci\u00f3n de un tramo del Gasoducto del Noreste, que\" \/>\n<meta name=\"robots\" content=\"index, follow, max-snippet:-1, max-image-preview:large, max-video-preview:-1\" \/>\n<link rel=\"canonical\" href=\"https:\/\/www.pressenza.com\/es\/2016\/01\/271467\/\" \/>\n<meta property=\"og:locale\" content=\"es_ES\" \/>\n<meta property=\"og:type\" content=\"article\" \/>\n<meta property=\"og:title\" content=\"La multinacional Techint contra los pilag\u00e1\" \/>\n<meta property=\"og:description\" content=\"Las comunidades Penqole y Qompi, del pueblo pilag\u00e1 de Formosa, denunciaron a Techint por la construcci\u00f3n de un tramo del Gasoducto del Noreste, que\" \/>\n<meta property=\"og:url\" content=\"https:\/\/www.pressenza.com\/es\/2016\/01\/271467\/\" \/>\n<meta property=\"og:site_name\" content=\"Pressenza\" \/>\n<meta property=\"article:publisher\" content=\"https:\/\/www.facebook.com\/PressenzaItalia\" \/>\n<meta property=\"article:published_time\" content=\"2016-01-26T12:41:59+00:00\" \/>\n<meta property=\"article:modified_time\" content=\"2016-01-26T12:42:14+00:00\" \/>\n<meta property=\"og:image\" content=\"https:\/\/www.pressenza.com\/wp-content\/uploads\/2016\/01\/pilaga--s-Christian-Ostrosky.jpg\" \/>\n\t<meta property=\"og:image:width\" content=\"1272\" \/>\n\t<meta property=\"og:image:height\" content=\"848\" \/>\n\t<meta property=\"og:image:type\" content=\"image\/jpeg\" \/>\n<meta name=\"author\" content=\"Dar\u00edo Aranda\" \/>\n<meta name=\"twitter:card\" content=\"summary_large_image\" \/>\n<meta name=\"twitter:creator\" content=\"@PressenzaIPA\" \/>\n<meta name=\"twitter:site\" content=\"@PressenzaIPA\" \/>\n<meta name=\"twitter:label1\" content=\"Escrito por\" \/>\n\t<meta name=\"twitter:data1\" content=\"Dar\u00edo Aranda\" \/>\n\t<meta name=\"twitter:label2\" content=\"Tiempo de lectura\" \/>\n\t<meta name=\"twitter:data2\" content=\"5 minutos\" \/>\n<script type=\"application\/ld+json\" class=\"yoast-schema-graph\">{\"@context\":\"https:\/\/schema.org\",\"@graph\":[{\"@type\":\"Article\",\"@id\":\"https:\/\/www.pressenza.com\/es\/2016\/01\/271467\/#article\",\"isPartOf\":{\"@id\":\"https:\/\/www.pressenza.com\/es\/2016\/01\/271467\/\"},\"author\":{\"name\":\"Dar\u00edo Aranda\",\"@id\":\"https:\/\/www.pressenza.com\/es\/#\/schema\/person\/0e60cd529ef3ecd836a42735fa83478b\"},\"headline\":\"La multinacional Techint contra los pilag\u00e1\",\"datePublished\":\"2016-01-26T12:41:59+00:00\",\"dateModified\":\"2016-01-26T12:42:14+00:00\",\"mainEntityOfPage\":{\"@id\":\"https:\/\/www.pressenza.com\/es\/2016\/01\/271467\/\"},\"wordCount\":976,\"publisher\":{\"@id\":\"https:\/\/www.pressenza.com\/es\/#organization\"},\"image\":{\"@id\":\"https:\/\/www.pressenza.com\/es\/2016\/01\/271467\/#primaryimage\"},\"thumbnailUrl\":\"https:\/\/www.pressenza.com\/wp-content\/uploads\/2016\/01\/pilaga--s-Christian-Ostrosky.jpg\",\"keywords\":[\"Argentina\",\"Consulta previa\",\"Enarsa\",\"Federaci\u00f3n Pilag\u00e1\",\"Formosa\",\"indigenas\",\"pilag\u00e1\",\"Pozo del tigre\",\"Pueblos Originarios\",\"Qom\",\"Rocca\",\"Techint\",\"territorios\"],\"articleSection\":[\"Pol\u00edtica\",\"Pueblos Originarios\",\"Sudam\u00e9rica\"],\"inLanguage\":\"es\"},{\"@type\":\"WebPage\",\"@id\":\"https:\/\/www.pressenza.com\/es\/2016\/01\/271467\/\",\"url\":\"https:\/\/www.pressenza.com\/es\/2016\/01\/271467\/\",\"name\":\"La multinacional Techint contra los pilag\u00e1\",\"isPartOf\":{\"@id\":\"https:\/\/www.pressenza.com\/es\/#website\"},\"primaryImageOfPage\":{\"@id\":\"https:\/\/www.pressenza.com\/es\/2016\/01\/271467\/#primaryimage\"},\"image\":{\"@id\":\"https:\/\/www.pressenza.com\/es\/2016\/01\/271467\/#primaryimage\"},\"thumbnailUrl\":\"https:\/\/www.pressenza.com\/wp-content\/uploads\/2016\/01\/pilaga--s-Christian-Ostrosky.jpg\",\"datePublished\":\"2016-01-26T12:41:59+00:00\",\"dateModified\":\"2016-01-26T12:42:14+00:00\",\"description\":\"Las comunidades Penqole y Qompi, del pueblo pilag\u00e1 de Formosa, denunciaron a Techint por la construcci\u00f3n de un tramo del Gasoducto del Noreste, que\",\"breadcrumb\":{\"@id\":\"https:\/\/www.pressenza.com\/es\/2016\/01\/271467\/#breadcrumb\"},\"inLanguage\":\"es\",\"potentialAction\":[{\"@type\":\"ReadAction\",\"target\":[\"https:\/\/www.pressenza.com\/es\/2016\/01\/271467\/\"]}]},{\"@type\":\"ImageObject\",\"inLanguage\":\"es\",\"@id\":\"https:\/\/www.pressenza.com\/es\/2016\/01\/271467\/#primaryimage\",\"url\":\"https:\/\/www.pressenza.com\/wp-content\/uploads\/2016\/01\/pilaga--s-Christian-Ostrosky.jpg\",\"contentUrl\":\"https:\/\/www.pressenza.com\/wp-content\/uploads\/2016\/01\/pilaga--s-Christian-Ostrosky.jpg\",\"width\":1272,\"height\":848},{\"@type\":\"BreadcrumbList\",\"@id\":\"https:\/\/www.pressenza.com\/es\/2016\/01\/271467\/#breadcrumb\",\"itemListElement\":[{\"@type\":\"ListItem\",\"position\":1,\"name\":\"Accueil\",\"item\":\"https:\/\/www.pressenza.com\/es\/\"},{\"@type\":\"ListItem\",\"position\":2,\"name\":\"La multinacional Techint contra los pilag\u00e1\"}]},{\"@type\":\"WebSite\",\"@id\":\"https:\/\/www.pressenza.com\/es\/#website\",\"url\":\"https:\/\/www.pressenza.com\/es\/\",\"name\":\"Pressenza\",\"description\":\"International Press Agency\",\"publisher\":{\"@id\":\"https:\/\/www.pressenza.com\/es\/#organization\"},\"potentialAction\":[{\"@type\":\"SearchAction\",\"target\":{\"@type\":\"EntryPoint\",\"urlTemplate\":\"https:\/\/www.pressenza.com\/es\/?s={search_term_string}\"},\"query-input\":{\"@type\":\"PropertyValueSpecification\",\"valueRequired\":true,\"valueName\":\"search_term_string\"}}],\"inLanguage\":\"es\"},{\"@type\":\"Organization\",\"@id\":\"https:\/\/www.pressenza.com\/es\/#organization\",\"name\":\"Pressenza\",\"url\":\"https:\/\/www.pressenza.com\/es\/\",\"logo\":{\"@type\":\"ImageObject\",\"inLanguage\":\"es\",\"@id\":\"https:\/\/www.pressenza.com\/es\/#\/schema\/logo\/image\/\",\"url\":\"https:\/\/www.pressenza.com\/wp-content\/uploads\/2022\/10\/pressenza_logo_200x200.jpg\",\"contentUrl\":\"https:\/\/www.pressenza.com\/wp-content\/uploads\/2022\/10\/pressenza_logo_200x200.jpg\",\"width\":200,\"height\":200,\"caption\":\"Pressenza\"},\"image\":{\"@id\":\"https:\/\/www.pressenza.com\/es\/#\/schema\/logo\/image\/\"},\"sameAs\":[\"https:\/\/www.facebook.com\/PressenzaItalia\",\"https:\/\/x.com\/PressenzaIPA\"]},{\"@type\":\"Person\",\"@id\":\"https:\/\/www.pressenza.com\/es\/#\/schema\/person\/0e60cd529ef3ecd836a42735fa83478b\",\"name\":\"Dar\u00edo Aranda\",\"description\":\"Dar\u00edo Aranda (argentino, 1977) es periodista. Especializado en extractivismo (petr\u00f3leo, miner\u00eda, agronegocios y forestales), escribe sobre el acontecer de los pueblos ind\u00edgenas, organizaciones campesinas y asambleas socioambientales. www.darioaranda.com.ar\",\"url\":\"https:\/\/www.pressenza.com\/es\/author\/dario-aranda\/\"}]}<\/script>\n<!-- \/ Yoast SEO plugin. -->","yoast_head_json":{"title":"La multinacional Techint contra los pilag\u00e1","description":"Las comunidades Penqole y Qompi, del pueblo pilag\u00e1 de Formosa, denunciaron a Techint por la construcci\u00f3n de un tramo del Gasoducto del Noreste, que","robots":{"index":"index","follow":"follow","max-snippet":"max-snippet:-1","max-image-preview":"max-image-preview:large","max-video-preview":"max-video-preview:-1"},"canonical":"https:\/\/www.pressenza.com\/es\/2016\/01\/271467\/","og_locale":"es_ES","og_type":"article","og_title":"La multinacional Techint contra los pilag\u00e1","og_description":"Las comunidades Penqole y Qompi, del pueblo pilag\u00e1 de Formosa, denunciaron a Techint por la construcci\u00f3n de un tramo del Gasoducto del Noreste, que","og_url":"https:\/\/www.pressenza.com\/es\/2016\/01\/271467\/","og_site_name":"Pressenza","article_publisher":"https:\/\/www.facebook.com\/PressenzaItalia","article_published_time":"2016-01-26T12:41:59+00:00","article_modified_time":"2016-01-26T12:42:14+00:00","og_image":[{"width":1272,"height":848,"url":"https:\/\/www.pressenza.com\/wp-content\/uploads\/2016\/01\/pilaga--s-Christian-Ostrosky.jpg","type":"image\/jpeg"}],"author":"Dar\u00edo Aranda","twitter_card":"summary_large_image","twitter_creator":"@PressenzaIPA","twitter_site":"@PressenzaIPA","twitter_misc":{"Escrito por":"Dar\u00edo Aranda","Tiempo de lectura":"5 minutos"},"schema":{"@context":"https:\/\/schema.org","@graph":[{"@type":"Article","@id":"https:\/\/www.pressenza.com\/es\/2016\/01\/271467\/#article","isPartOf":{"@id":"https:\/\/www.pressenza.com\/es\/2016\/01\/271467\/"},"author":{"name":"Dar\u00edo Aranda","@id":"https:\/\/www.pressenza.com\/es\/#\/schema\/person\/0e60cd529ef3ecd836a42735fa83478b"},"headline":"La multinacional Techint contra los pilag\u00e1","datePublished":"2016-01-26T12:41:59+00:00","dateModified":"2016-01-26T12:42:14+00:00","mainEntityOfPage":{"@id":"https:\/\/www.pressenza.com\/es\/2016\/01\/271467\/"},"wordCount":976,"publisher":{"@id":"https:\/\/www.pressenza.com\/es\/#organization"},"image":{"@id":"https:\/\/www.pressenza.com\/es\/2016\/01\/271467\/#primaryimage"},"thumbnailUrl":"https:\/\/www.pressenza.com\/wp-content\/uploads\/2016\/01\/pilaga--s-Christian-Ostrosky.jpg","keywords":["Argentina","Consulta previa","Enarsa","Federaci\u00f3n Pilag\u00e1","Formosa","indigenas","pilag\u00e1","Pozo del tigre","Pueblos Originarios","Qom","Rocca","Techint","territorios"],"articleSection":["Pol\u00edtica","Pueblos Originarios","Sudam\u00e9rica"],"inLanguage":"es"},{"@type":"WebPage","@id":"https:\/\/www.pressenza.com\/es\/2016\/01\/271467\/","url":"https:\/\/www.pressenza.com\/es\/2016\/01\/271467\/","name":"La multinacional Techint contra los pilag\u00e1","isPartOf":{"@id":"https:\/\/www.pressenza.com\/es\/#website"},"primaryImageOfPage":{"@id":"https:\/\/www.pressenza.com\/es\/2016\/01\/271467\/#primaryimage"},"image":{"@id":"https:\/\/www.pressenza.com\/es\/2016\/01\/271467\/#primaryimage"},"thumbnailUrl":"https:\/\/www.pressenza.com\/wp-content\/uploads\/2016\/01\/pilaga--s-Christian-Ostrosky.jpg","datePublished":"2016-01-26T12:41:59+00:00","dateModified":"2016-01-26T12:42:14+00:00","description":"Las comunidades Penqole y Qompi, del pueblo pilag\u00e1 de Formosa, denunciaron a Techint por la construcci\u00f3n de un tramo del Gasoducto del Noreste, que","breadcrumb":{"@id":"https:\/\/www.pressenza.com\/es\/2016\/01\/271467\/#breadcrumb"},"inLanguage":"es","potentialAction":[{"@type":"ReadAction","target":["https:\/\/www.pressenza.com\/es\/2016\/01\/271467\/"]}]},{"@type":"ImageObject","inLanguage":"es","@id":"https:\/\/www.pressenza.com\/es\/2016\/01\/271467\/#primaryimage","url":"https:\/\/www.pressenza.com\/wp-content\/uploads\/2016\/01\/pilaga--s-Christian-Ostrosky.jpg","contentUrl":"https:\/\/www.pressenza.com\/wp-content\/uploads\/2016\/01\/pilaga--s-Christian-Ostrosky.jpg","width":1272,"height":848},{"@type":"BreadcrumbList","@id":"https:\/\/www.pressenza.com\/es\/2016\/01\/271467\/#breadcrumb","itemListElement":[{"@type":"ListItem","position":1,"name":"Accueil","item":"https:\/\/www.pressenza.com\/es\/"},{"@type":"ListItem","position":2,"name":"La multinacional Techint contra los pilag\u00e1"}]},{"@type":"WebSite","@id":"https:\/\/www.pressenza.com\/es\/#website","url":"https:\/\/www.pressenza.com\/es\/","name":"Pressenza","description":"International Press Agency","publisher":{"@id":"https:\/\/www.pressenza.com\/es\/#organization"},"potentialAction":[{"@type":"SearchAction","target":{"@type":"EntryPoint","urlTemplate":"https:\/\/www.pressenza.com\/es\/?s={search_term_string}"},"query-input":{"@type":"PropertyValueSpecification","valueRequired":true,"valueName":"search_term_string"}}],"inLanguage":"es"},{"@type":"Organization","@id":"https:\/\/www.pressenza.com\/es\/#organization","name":"Pressenza","url":"https:\/\/www.pressenza.com\/es\/","logo":{"@type":"ImageObject","inLanguage":"es","@id":"https:\/\/www.pressenza.com\/es\/#\/schema\/logo\/image\/","url":"https:\/\/www.pressenza.com\/wp-content\/uploads\/2022\/10\/pressenza_logo_200x200.jpg","contentUrl":"https:\/\/www.pressenza.com\/wp-content\/uploads\/2022\/10\/pressenza_logo_200x200.jpg","width":200,"height":200,"caption":"Pressenza"},"image":{"@id":"https:\/\/www.pressenza.com\/es\/#\/schema\/logo\/image\/"},"sameAs":["https:\/\/www.facebook.com\/PressenzaItalia","https:\/\/x.com\/PressenzaIPA"]},{"@type":"Person","@id":"https:\/\/www.pressenza.com\/es\/#\/schema\/person\/0e60cd529ef3ecd836a42735fa83478b","name":"Dar\u00edo Aranda","description":"Dar\u00edo Aranda (argentino, 1977) es periodista. Especializado en extractivismo (petr\u00f3leo, miner\u00eda, agronegocios y forestales), escribe sobre el acontecer de los pueblos ind\u00edgenas, organizaciones campesinas y asambleas socioambientales. www.darioaranda.com.ar","url":"https:\/\/www.pressenza.com\/es\/author\/dario-aranda\/"}]}},"place":"Ciudad de Buenos Aires,  Argentina","original_article_url":"http:\/\/www.pagina12.com.ar\/diario\/sociedad\/3-291125-2016-01-26.html","_links":{"self":[{"href":"https:\/\/www.pressenza.com\/es\/wp-json\/wp\/v2\/posts\/271467","targetHints":{"allow":["GET"]}}],"collection":[{"href":"https:\/\/www.pressenza.com\/es\/wp-json\/wp\/v2\/posts"}],"about":[{"href":"https:\/\/www.pressenza.com\/es\/wp-json\/wp\/v2\/types\/post"}],"author":[{"embeddable":true,"href":"https:\/\/www.pressenza.com\/es\/wp-json\/wp\/v2\/users\/1210"}],"replies":[{"embeddable":true,"href":"https:\/\/www.pressenza.com\/es\/wp-json\/wp\/v2\/comments?post=271467"}],"version-history":[{"count":0,"href":"https:\/\/www.pressenza.com\/es\/wp-json\/wp\/v2\/posts\/271467\/revisions"}],"wp:featuredmedia":[{"embeddable":true,"href":"https:\/\/www.pressenza.com\/es\/wp-json\/wp\/v2\/media\/271469"}],"wp:attachment":[{"href":"https:\/\/www.pressenza.com\/es\/wp-json\/wp\/v2\/media?parent=271467"}],"wp:term":[{"taxonomy":"category","embeddable":true,"href":"https:\/\/www.pressenza.com\/es\/wp-json\/wp\/v2\/categories?post=271467"},{"taxonomy":"post_tag","embeddable":true,"href":"https:\/\/www.pressenza.com\/es\/wp-json\/wp\/v2\/tags?post=271467"}],"curies":[{"name":"wp","href":"https:\/\/api.w.org\/{rel}","templated":true}]}}