{"id":2697176,"date":"2026-05-02T03:42:20","date_gmt":"2026-05-02T02:42:20","guid":{"rendered":"https:\/\/www.pressenza.com\/?p=2697176"},"modified":"2026-05-02T03:42:20","modified_gmt":"2026-05-02T02:42:20","slug":"no-a-pakitzapango-care-exige-archivar-proyecto-de-ley-que-amenaza-al-pueblo-ashaninka-del-rio-ene","status":"publish","type":"post","link":"https:\/\/www.pressenza.com\/es\/2026\/05\/no-a-pakitzapango-care-exige-archivar-proyecto-de-ley-que-amenaza-al-pueblo-ashaninka-del-rio-ene\/","title":{"rendered":"NO a Pakitzapango: CARE exige archivar proyecto de ley que amenaza al pueblo ash\u00e1ninka del r\u00edo Ene"},"content":{"rendered":"<h3>Las comunidades nativas de la etnia ashaninka de la cuenca del r\u00edo Ene, en la selva amaz\u00f3nica del Per\u00fa, rechaz\u00f3 categ\u00f3ricamente el Proyecto de Ley N\u00b0 14442\/2025-CR presentado por el congresista David Jimenez Heredia (Fuerza Popular) quien pretende declarar \u201cde inter\u00e9s nacional\u201d el proyecto hidroenerg\u00e9tico Central Hidroel\u00e9ctrica de Pakitzapango, ubicado en la provincia de Satipo, departamento de Jun\u00edn. Las comunidades exigen archivar el proyecto de ley porque carece de consulta previa y afecta sus derechos y actividades econ\u00f3micas. Aqu\u00ed el comunicado de la organizaci\u00f3n CARE:<\/h3>\n<p>La Central Ash\u00e1ninka del R\u00edo Ene (CARE), organizaci\u00f3n representativa de 45 comunidades ash\u00e1ninkas de la cuenca del r\u00edo Ene, expresa SU RECHAZO al Proyecto de Ley N.\u00b0 14442\/2025-CR, presentado por el congresista David Jim\u00e9nez Heredia, del grupo parlamentario Fuerza Popular, que pretende declarar de inter\u00e9s nacional el desarrollo del proyecto hidroenerg\u00e9tico denominado Central Hidroel\u00e9ctrica de Pakitzapango, ubicado en la provincia de Satipo, departamento de Jun\u00edn.<\/p>\n<p>Frente a esta nueva amenaza nos dirigimos a la opini\u00f3n p\u00fablica nacional e internacional para manifestar lo siguiente:<\/p>\n<ol>\n<li><strong>RECHAZAMOS categ\u00f3ricamente este nuevo intento de reactivar el megaproyecto Pakitzapango.<\/strong><\/li>\n<\/ol>\n<p>No se trata de una propuesta nueva ni aislada, sino de la continuidad de una agenda hist\u00f3rica que busca imponer sobre el pueblo ash\u00e1ninka del r\u00edo Ene un modelo extractivista y centralista que desconoce nuestra existencia, nuestros derechos y nuestra decisi\u00f3n colectiva. Pakitzapango ya fue cuestionado y rechazado en el pasado por sus graves impactos territoriales, culturales, sociales, espirituales y ambientales.<\/p>\n<p>Pretender reintroducirlo mediante una declaratoria de \u201cinter\u00e9s nacional\u201d constituye una estrategia pol\u00edtica para reabrir una amenaza que nunca cont\u00f3 con legitimidad social en nuestro territorio.<\/p>\n<ol start=\"2\">\n<li><strong>DENUNCIAMOS la vulneraci\u00f3n sistem\u00e1tica de los derechos del pueblo ash\u00e1ninka del r\u00edo Ene.<\/strong><\/li>\n<\/ol>\n<p>Este nuevo intento de imponer el proyecto Pakitzapango demuestra una persistente pol\u00edtica de desconocimiento de los derechos de nuestras comunidades. No es la primera vez que se pretende imponer esta amenaza sobre nuestro territorio ancestral. Primero ocurri\u00f3 durante el gobierno de Alan Garc\u00eda, a trav\u00e9s del denominado Acuerdo Energ\u00e9tico entre Per\u00fa y Brasil; posteriormente mediante el Proyecto de Ley N.\u00b0 10349\/2024-CR, impulsado por el congresista Waldemar Cerr\u00f3n; y hoy nuevamente mediante el Proyecto de Ley N.\u00b0 14442\/2025-CR, presentado por el congresista David Jim\u00e9nez Heredia, de Fuerza Popular.<\/p>\n<p>Rechazamos que, una vez m\u00e1s, se intente promover esta iniciativa sin di\u00e1logo previo, sin consulta y sin el consentimiento libre, previo e informado de nuestras comunidades, incumpliendo obligaciones establecidas en el Convenio 169 de la OIT y en la legislaci\u00f3n nacional vigente.<\/p>\n<p>Exigimos al congresista David Jim\u00e9nez Heredia retirar inmediatamente el Proyecto de Ley N.\u00b0 14442\/2025-CR y actuar con responsabilidad frente a los intereses reales de la regi\u00f3n Jun\u00edn y de los pueblos ind\u00edgenas que tambi\u00e9n forman parte de ella. Resulta preocupante que se promuevan proyectos que amenazan nuestros territorios, mientras contin\u00faan postergadas las verdaderas prioridades de la regi\u00f3n, como el cierre de brechas sociales, el desarrollo sostenible, la protecci\u00f3n ambiental y el respeto de los derechos colectivos.<\/p>\n<p>La representaci\u00f3n pol\u00edtica debe responder a las necesidades de la ciudadan\u00eda y no a iniciativas que reabren conflictos sociales y vulneran derechos fundamentales.<\/p>\n<ol start=\"3\">\n<li><strong>CUESTIONAMOS CON FIRMEZA la responsabilidad pol\u00edtica, t\u00e9cnica y \u00e9tica del congresista David Jim\u00e9nez Heredia.<\/strong><\/li>\n<\/ol>\n<p>Como representante de la regi\u00f3n Jun\u00edn desde el a\u00f1o 2021, su deber constitucional es legislar, fiscalizar y representar a toda la ciudadan\u00eda juninense, incluyendo a los pueblos ind\u00edgenas amaz\u00f3nicos. Sin embargo, al promover el Proyecto de Ley N.\u00b0 14442\/2025-CR, demuestra un preocupante desconocimiento (o una grave omisi\u00f3n) respecto de los antecedentes hist\u00f3ricos, impactos territoriales, riesgos ambientales, obligaciones jur\u00eddicas y conflictos sociales vinculados al proyecto Pakitzapango.<\/p>\n<p>El sustento de esta iniciativa desconoce que, proyectos de esta naturaleza comprometen directamente derechos fundamentales, territorios comunales, patrimonio espiritual y la supervivencia cultural del pueblo ash\u00e1ninka del r\u00edo Ene.<\/p>\n<p>Adem\u00e1s, de acuerdo con informaci\u00f3n t\u00e9cnica analizada por CARE, la construcci\u00f3n de la represa generar\u00eda un embalse de aproximadamente 95 kil\u00f3metros aguas arriba del r\u00edo Ene, inundando cerca de 73 mil hect\u00e1reas de territorio, de las cuales m\u00e1s de 45 mil hect\u00e1reas se encuentran dentro de territorios comunales ind\u00edgenas. Esta afectaci\u00f3n comprometer\u00eda directamente a comunidades ash\u00e1ninkas como Potsoteni, Meteni, Saniveni, Quiteni, Cutivireni, Camantavishi, Quempiri, Quimaropitari, Boca Anapate, Yaviro, San Ene, Shaoriato y Boca Pachiri.<\/p>\n<p>Asimismo, implicar\u00eda la p\u00e9rdida de bosques primarios y secundarios, \u00e1reas agr\u00edcolas, fuentes de pesca, biodiversidad y espacios esenciales para la vida comunitaria. Muchas familias serian forzadas nuevamente al desplazamiento, reviviendo procesos de desarraigo ya sufridos durante los a\u00f1os de violencia terrorista. \u00bfEsto es desarrollo?<\/p>\n<p>Es inconcebible que dicho congresista hoy se haya reelegido como Senador cuando no hemos visto una representatividad en la legislatura actual.<\/p>\n<p>4.<strong> RECHAZAMOS EL DISCURSO ENGA\u00d1OSO que presenta este megaproyecto como sin\u00f3nimo de desarrollo sostenible o seguridad energ\u00e9tica.<\/strong><\/p>\n<p>No puede hablarse de desarrollo cuando se pone en riesgo a pueblos ind\u00edgenas, ecosistemas amaz\u00f3nicos y derechos fundamentales.<\/p>\n<p>Adem\u00e1s, existen alternativas energ\u00e9ticas m\u00e1s sostenibles y menos destructivas para el ambiente y los pueblos, como la energ\u00eda solar y e\u00f3lica. El verdadero desarrollo debe respetar la vida, la naturaleza y la autodeterminaci\u00f3n de los pueblos.<\/p>\n<ol start=\"5\">\n<li><strong>EXIGIMOS al Congreso de la Rep\u00fablica archivar de manera inmediata el Proyecto de Ley N.\u00b0 14442\/2025-CR.<\/strong><\/li>\n<\/ol>\n<p>Asimismo, exigimos el archivo de cualquier otra iniciativa que pretenda imponer la Central Hidroel\u00e9ctrica de Pakitzapango sin el consentimiento libre, previo e informado de nuestras comunidades.<\/p>\n<p>\u00a1PAKITZAPANGO NO VA!<\/p>\n<p>Consejo Directivo de CARE<\/p>\n<p>27 de abril de 2026<\/p>\n","protected":false},"excerpt":{"rendered":"<p>Las comunidades nativas de la etnia ashaninka de la cuenca del r\u00edo Ene, en la selva amaz\u00f3nica del Per\u00fa, rechaz\u00f3 categ\u00f3ricamente el Proyecto de Ley N\u00b0 14442\/2025-CR presentado por el congresista David Jimenez Heredia (Fuerza Popular) quien pretende declarar \u201cde&hellip;<\/p>\n","protected":false},"author":831,"featured_media":2697177,"comment_status":"closed","ping_status":"closed","sticky":false,"template":"","format":"standard","meta":{"footnotes":""},"categories":[11389,80,67],"tags":[111309,23383,156260,156259],"class_list":["post-2697176","post","type-post","status-publish","format-standard","has-post-thumbnail","hentry","category-contenido-original","category-pueblos-originarios","category-sudamerica","tag-comunidades-nativas","tag-consulta-previa","tag-proyecto-pakitzapango","tag-rio-ene"],"yoast_head":"<!-- This site is optimized with the Yoast SEO plugin v27.1.1 - https:\/\/yoast.com\/product\/yoast-seo-wordpress\/ -->\n<title>NO a Pakitzapango: CARE exige archivar proyecto de ley que amenaza al pueblo ash\u00e1ninka del r\u00edo Ene<\/title>\n<meta name=\"description\" content=\"Las comunidades nativas de la etnia ashaninka de la cuenca del r\u00edo Ene, en la selva amaz\u00f3nica del Per\u00fa, rechaz\u00f3 categ\u00f3ricamente el Proyecto de Ley N\u00b0\" \/>\n<meta name=\"robots\" content=\"index, follow, max-snippet:-1, max-image-preview:large, max-video-preview:-1\" \/>\n<link rel=\"canonical\" href=\"https:\/\/www.pressenza.com\/es\/2026\/05\/no-a-pakitzapango-care-exige-archivar-proyecto-de-ley-que-amenaza-al-pueblo-ashaninka-del-rio-ene\/\" \/>\n<meta property=\"og:locale\" content=\"es_ES\" \/>\n<meta property=\"og:type\" content=\"article\" \/>\n<meta property=\"og:title\" content=\"NO a Pakitzapango: CARE exige archivar proyecto de ley que amenaza al pueblo ash\u00e1ninka del r\u00edo Ene\" \/>\n<meta property=\"og:description\" content=\"Las comunidades nativas de la etnia ashaninka de la cuenca del r\u00edo Ene, en la selva amaz\u00f3nica del Per\u00fa, rechaz\u00f3 categ\u00f3ricamente el Proyecto de Ley N\u00b0\" \/>\n<meta property=\"og:url\" content=\"https:\/\/www.pressenza.com\/es\/2026\/05\/no-a-pakitzapango-care-exige-archivar-proyecto-de-ley-que-amenaza-al-pueblo-ashaninka-del-rio-ene\/\" \/>\n<meta property=\"og:site_name\" content=\"Pressenza\" \/>\n<meta property=\"article:publisher\" content=\"https:\/\/www.facebook.com\/PressenzaItalia\" \/>\n<meta property=\"article:published_time\" content=\"2026-05-02T02:42:20+00:00\" \/>\n<meta property=\"og:image\" content=\"https:\/\/www.pressenza.com\/wp-content\/uploads\/2026\/05\/pakitzapango-oki.png\" \/>\n\t<meta property=\"og:image:width\" content=\"1024\" \/>\n\t<meta property=\"og:image:height\" content=\"569\" \/>\n\t<meta property=\"og:image:type\" content=\"image\/png\" \/>\n<meta name=\"author\" content=\"Redacci\u00f3n Per\u00fa\" \/>\n<meta name=\"twitter:card\" content=\"summary_large_image\" \/>\n<meta name=\"twitter:creator\" content=\"@PressenzaIPA\" \/>\n<meta name=\"twitter:site\" content=\"@PressenzaIPA\" \/>\n<meta name=\"twitter:label1\" content=\"Escrito por\" \/>\n\t<meta name=\"twitter:data1\" content=\"Redacci\u00f3n Per\u00fa\" \/>\n\t<meta name=\"twitter:label2\" content=\"Tiempo de lectura\" \/>\n\t<meta name=\"twitter:data2\" content=\"5 minutos\" \/>\n<script type=\"application\/ld+json\" class=\"yoast-schema-graph\">{\"@context\":\"https:\/\/schema.org\",\"@graph\":[{\"@type\":\"Article\",\"@id\":\"https:\/\/www.pressenza.com\/es\/2026\/05\/no-a-pakitzapango-care-exige-archivar-proyecto-de-ley-que-amenaza-al-pueblo-ashaninka-del-rio-ene\/#article\",\"isPartOf\":{\"@id\":\"https:\/\/www.pressenza.com\/es\/2026\/05\/no-a-pakitzapango-care-exige-archivar-proyecto-de-ley-que-amenaza-al-pueblo-ashaninka-del-rio-ene\/\"},\"author\":{\"name\":\"Redacci\u00f3n Per\u00fa\",\"@id\":\"https:\/\/www.pressenza.com\/es\/#\/schema\/person\/e86c29a41185b85084a478822f5de81b\"},\"headline\":\"NO a Pakitzapango: CARE exige archivar proyecto de ley que amenaza al pueblo ash\u00e1ninka del r\u00edo Ene\",\"datePublished\":\"2026-05-02T02:42:20+00:00\",\"mainEntityOfPage\":{\"@id\":\"https:\/\/www.pressenza.com\/es\/2026\/05\/no-a-pakitzapango-care-exige-archivar-proyecto-de-ley-que-amenaza-al-pueblo-ashaninka-del-rio-ene\/\"},\"wordCount\":984,\"publisher\":{\"@id\":\"https:\/\/www.pressenza.com\/es\/#organization\"},\"image\":{\"@id\":\"https:\/\/www.pressenza.com\/es\/2026\/05\/no-a-pakitzapango-care-exige-archivar-proyecto-de-ley-que-amenaza-al-pueblo-ashaninka-del-rio-ene\/#primaryimage\"},\"thumbnailUrl\":\"https:\/\/www.pressenza.com\/wp-content\/uploads\/2026\/05\/pakitzapango-oki.png\",\"keywords\":[\"comunidades nativas\",\"Consulta previa\",\"proyecto Pakitzapango\",\"R\u00edo Ene\"],\"articleSection\":[\"Contenido Original\",\"Pueblos Originarios\",\"Sudam\u00e9rica\"],\"inLanguage\":\"es\"},{\"@type\":\"WebPage\",\"@id\":\"https:\/\/www.pressenza.com\/es\/2026\/05\/no-a-pakitzapango-care-exige-archivar-proyecto-de-ley-que-amenaza-al-pueblo-ashaninka-del-rio-ene\/\",\"url\":\"https:\/\/www.pressenza.com\/es\/2026\/05\/no-a-pakitzapango-care-exige-archivar-proyecto-de-ley-que-amenaza-al-pueblo-ashaninka-del-rio-ene\/\",\"name\":\"NO a Pakitzapango: CARE exige archivar proyecto de ley que amenaza al pueblo ash\u00e1ninka del r\u00edo Ene\",\"isPartOf\":{\"@id\":\"https:\/\/www.pressenza.com\/es\/#website\"},\"primaryImageOfPage\":{\"@id\":\"https:\/\/www.pressenza.com\/es\/2026\/05\/no-a-pakitzapango-care-exige-archivar-proyecto-de-ley-que-amenaza-al-pueblo-ashaninka-del-rio-ene\/#primaryimage\"},\"image\":{\"@id\":\"https:\/\/www.pressenza.com\/es\/2026\/05\/no-a-pakitzapango-care-exige-archivar-proyecto-de-ley-que-amenaza-al-pueblo-ashaninka-del-rio-ene\/#primaryimage\"},\"thumbnailUrl\":\"https:\/\/www.pressenza.com\/wp-content\/uploads\/2026\/05\/pakitzapango-oki.png\",\"datePublished\":\"2026-05-02T02:42:20+00:00\",\"description\":\"Las comunidades nativas de la etnia ashaninka de la cuenca del r\u00edo Ene, en la selva amaz\u00f3nica del Per\u00fa, rechaz\u00f3 categ\u00f3ricamente el Proyecto de Ley N\u00b0\",\"breadcrumb\":{\"@id\":\"https:\/\/www.pressenza.com\/es\/2026\/05\/no-a-pakitzapango-care-exige-archivar-proyecto-de-ley-que-amenaza-al-pueblo-ashaninka-del-rio-ene\/#breadcrumb\"},\"inLanguage\":\"es\",\"potentialAction\":[{\"@type\":\"ReadAction\",\"target\":[\"https:\/\/www.pressenza.com\/es\/2026\/05\/no-a-pakitzapango-care-exige-archivar-proyecto-de-ley-que-amenaza-al-pueblo-ashaninka-del-rio-ene\/\"]}]},{\"@type\":\"ImageObject\",\"inLanguage\":\"es\",\"@id\":\"https:\/\/www.pressenza.com\/es\/2026\/05\/no-a-pakitzapango-care-exige-archivar-proyecto-de-ley-que-amenaza-al-pueblo-ashaninka-del-rio-ene\/#primaryimage\",\"url\":\"https:\/\/www.pressenza.com\/wp-content\/uploads\/2026\/05\/pakitzapango-oki.png\",\"contentUrl\":\"https:\/\/www.pressenza.com\/wp-content\/uploads\/2026\/05\/pakitzapango-oki.png\",\"width\":1024,\"height\":569},{\"@type\":\"BreadcrumbList\",\"@id\":\"https:\/\/www.pressenza.com\/es\/2026\/05\/no-a-pakitzapango-care-exige-archivar-proyecto-de-ley-que-amenaza-al-pueblo-ashaninka-del-rio-ene\/#breadcrumb\",\"itemListElement\":[{\"@type\":\"ListItem\",\"position\":1,\"name\":\"Accueil\",\"item\":\"https:\/\/www.pressenza.com\/es\/\"},{\"@type\":\"ListItem\",\"position\":2,\"name\":\"NO a Pakitzapango: CARE exige archivar proyecto de ley que amenaza al pueblo ash\u00e1ninka del r\u00edo Ene\"}]},{\"@type\":\"WebSite\",\"@id\":\"https:\/\/www.pressenza.com\/es\/#website\",\"url\":\"https:\/\/www.pressenza.com\/es\/\",\"name\":\"Pressenza\",\"description\":\"International Press Agency\",\"publisher\":{\"@id\":\"https:\/\/www.pressenza.com\/es\/#organization\"},\"potentialAction\":[{\"@type\":\"SearchAction\",\"target\":{\"@type\":\"EntryPoint\",\"urlTemplate\":\"https:\/\/www.pressenza.com\/es\/?s={search_term_string}\"},\"query-input\":{\"@type\":\"PropertyValueSpecification\",\"valueRequired\":true,\"valueName\":\"search_term_string\"}}],\"inLanguage\":\"es\"},{\"@type\":\"Organization\",\"@id\":\"https:\/\/www.pressenza.com\/es\/#organization\",\"name\":\"Pressenza\",\"url\":\"https:\/\/www.pressenza.com\/es\/\",\"logo\":{\"@type\":\"ImageObject\",\"inLanguage\":\"es\",\"@id\":\"https:\/\/www.pressenza.com\/es\/#\/schema\/logo\/image\/\",\"url\":\"https:\/\/www.pressenza.com\/wp-content\/uploads\/2022\/10\/pressenza_logo_200x200.jpg\",\"contentUrl\":\"https:\/\/www.pressenza.com\/wp-content\/uploads\/2022\/10\/pressenza_logo_200x200.jpg\",\"width\":200,\"height\":200,\"caption\":\"Pressenza\"},\"image\":{\"@id\":\"https:\/\/www.pressenza.com\/es\/#\/schema\/logo\/image\/\"},\"sameAs\":[\"https:\/\/www.facebook.com\/PressenzaItalia\",\"https:\/\/x.com\/PressenzaIPA\"]},{\"@type\":\"Person\",\"@id\":\"https:\/\/www.pressenza.com\/es\/#\/schema\/person\/e86c29a41185b85084a478822f5de81b\",\"name\":\"Redacci\u00f3n Per\u00fa\",\"description\":\"News published by the Pressenza bureau in Peru\",\"url\":\"https:\/\/www.pressenza.com\/es\/author\/redaccion-peru\/\"}]}<\/script>\n<!-- \/ Yoast SEO plugin. -->","yoast_head_json":{"title":"NO a Pakitzapango: CARE exige archivar proyecto de ley que amenaza al pueblo ash\u00e1ninka del r\u00edo Ene","description":"Las comunidades nativas de la etnia ashaninka de la cuenca del r\u00edo Ene, en la selva amaz\u00f3nica del Per\u00fa, rechaz\u00f3 categ\u00f3ricamente el Proyecto de Ley N\u00b0","robots":{"index":"index","follow":"follow","max-snippet":"max-snippet:-1","max-image-preview":"max-image-preview:large","max-video-preview":"max-video-preview:-1"},"canonical":"https:\/\/www.pressenza.com\/es\/2026\/05\/no-a-pakitzapango-care-exige-archivar-proyecto-de-ley-que-amenaza-al-pueblo-ashaninka-del-rio-ene\/","og_locale":"es_ES","og_type":"article","og_title":"NO a Pakitzapango: CARE exige archivar proyecto de ley que amenaza al pueblo ash\u00e1ninka del r\u00edo Ene","og_description":"Las comunidades nativas de la etnia ashaninka de la cuenca del r\u00edo Ene, en la selva amaz\u00f3nica del Per\u00fa, rechaz\u00f3 categ\u00f3ricamente el Proyecto de Ley N\u00b0","og_url":"https:\/\/www.pressenza.com\/es\/2026\/05\/no-a-pakitzapango-care-exige-archivar-proyecto-de-ley-que-amenaza-al-pueblo-ashaninka-del-rio-ene\/","og_site_name":"Pressenza","article_publisher":"https:\/\/www.facebook.com\/PressenzaItalia","article_published_time":"2026-05-02T02:42:20+00:00","og_image":[{"width":1024,"height":569,"url":"https:\/\/www.pressenza.com\/wp-content\/uploads\/2026\/05\/pakitzapango-oki.png","type":"image\/png"}],"author":"Redacci\u00f3n Per\u00fa","twitter_card":"summary_large_image","twitter_creator":"@PressenzaIPA","twitter_site":"@PressenzaIPA","twitter_misc":{"Escrito por":"Redacci\u00f3n Per\u00fa","Tiempo de lectura":"5 minutos"},"schema":{"@context":"https:\/\/schema.org","@graph":[{"@type":"Article","@id":"https:\/\/www.pressenza.com\/es\/2026\/05\/no-a-pakitzapango-care-exige-archivar-proyecto-de-ley-que-amenaza-al-pueblo-ashaninka-del-rio-ene\/#article","isPartOf":{"@id":"https:\/\/www.pressenza.com\/es\/2026\/05\/no-a-pakitzapango-care-exige-archivar-proyecto-de-ley-que-amenaza-al-pueblo-ashaninka-del-rio-ene\/"},"author":{"name":"Redacci\u00f3n Per\u00fa","@id":"https:\/\/www.pressenza.com\/es\/#\/schema\/person\/e86c29a41185b85084a478822f5de81b"},"headline":"NO a Pakitzapango: CARE exige archivar proyecto de ley que amenaza al pueblo ash\u00e1ninka del r\u00edo Ene","datePublished":"2026-05-02T02:42:20+00:00","mainEntityOfPage":{"@id":"https:\/\/www.pressenza.com\/es\/2026\/05\/no-a-pakitzapango-care-exige-archivar-proyecto-de-ley-que-amenaza-al-pueblo-ashaninka-del-rio-ene\/"},"wordCount":984,"publisher":{"@id":"https:\/\/www.pressenza.com\/es\/#organization"},"image":{"@id":"https:\/\/www.pressenza.com\/es\/2026\/05\/no-a-pakitzapango-care-exige-archivar-proyecto-de-ley-que-amenaza-al-pueblo-ashaninka-del-rio-ene\/#primaryimage"},"thumbnailUrl":"https:\/\/www.pressenza.com\/wp-content\/uploads\/2026\/05\/pakitzapango-oki.png","keywords":["comunidades nativas","Consulta previa","proyecto Pakitzapango","R\u00edo Ene"],"articleSection":["Contenido Original","Pueblos Originarios","Sudam\u00e9rica"],"inLanguage":"es"},{"@type":"WebPage","@id":"https:\/\/www.pressenza.com\/es\/2026\/05\/no-a-pakitzapango-care-exige-archivar-proyecto-de-ley-que-amenaza-al-pueblo-ashaninka-del-rio-ene\/","url":"https:\/\/www.pressenza.com\/es\/2026\/05\/no-a-pakitzapango-care-exige-archivar-proyecto-de-ley-que-amenaza-al-pueblo-ashaninka-del-rio-ene\/","name":"NO a Pakitzapango: CARE exige archivar proyecto de ley que amenaza al pueblo ash\u00e1ninka del r\u00edo Ene","isPartOf":{"@id":"https:\/\/www.pressenza.com\/es\/#website"},"primaryImageOfPage":{"@id":"https:\/\/www.pressenza.com\/es\/2026\/05\/no-a-pakitzapango-care-exige-archivar-proyecto-de-ley-que-amenaza-al-pueblo-ashaninka-del-rio-ene\/#primaryimage"},"image":{"@id":"https:\/\/www.pressenza.com\/es\/2026\/05\/no-a-pakitzapango-care-exige-archivar-proyecto-de-ley-que-amenaza-al-pueblo-ashaninka-del-rio-ene\/#primaryimage"},"thumbnailUrl":"https:\/\/www.pressenza.com\/wp-content\/uploads\/2026\/05\/pakitzapango-oki.png","datePublished":"2026-05-02T02:42:20+00:00","description":"Las comunidades nativas de la etnia ashaninka de la cuenca del r\u00edo Ene, en la selva amaz\u00f3nica del Per\u00fa, rechaz\u00f3 categ\u00f3ricamente el Proyecto de Ley N\u00b0","breadcrumb":{"@id":"https:\/\/www.pressenza.com\/es\/2026\/05\/no-a-pakitzapango-care-exige-archivar-proyecto-de-ley-que-amenaza-al-pueblo-ashaninka-del-rio-ene\/#breadcrumb"},"inLanguage":"es","potentialAction":[{"@type":"ReadAction","target":["https:\/\/www.pressenza.com\/es\/2026\/05\/no-a-pakitzapango-care-exige-archivar-proyecto-de-ley-que-amenaza-al-pueblo-ashaninka-del-rio-ene\/"]}]},{"@type":"ImageObject","inLanguage":"es","@id":"https:\/\/www.pressenza.com\/es\/2026\/05\/no-a-pakitzapango-care-exige-archivar-proyecto-de-ley-que-amenaza-al-pueblo-ashaninka-del-rio-ene\/#primaryimage","url":"https:\/\/www.pressenza.com\/wp-content\/uploads\/2026\/05\/pakitzapango-oki.png","contentUrl":"https:\/\/www.pressenza.com\/wp-content\/uploads\/2026\/05\/pakitzapango-oki.png","width":1024,"height":569},{"@type":"BreadcrumbList","@id":"https:\/\/www.pressenza.com\/es\/2026\/05\/no-a-pakitzapango-care-exige-archivar-proyecto-de-ley-que-amenaza-al-pueblo-ashaninka-del-rio-ene\/#breadcrumb","itemListElement":[{"@type":"ListItem","position":1,"name":"Accueil","item":"https:\/\/www.pressenza.com\/es\/"},{"@type":"ListItem","position":2,"name":"NO a Pakitzapango: CARE exige archivar proyecto de ley que amenaza al pueblo ash\u00e1ninka del r\u00edo Ene"}]},{"@type":"WebSite","@id":"https:\/\/www.pressenza.com\/es\/#website","url":"https:\/\/www.pressenza.com\/es\/","name":"Pressenza","description":"International Press Agency","publisher":{"@id":"https:\/\/www.pressenza.com\/es\/#organization"},"potentialAction":[{"@type":"SearchAction","target":{"@type":"EntryPoint","urlTemplate":"https:\/\/www.pressenza.com\/es\/?s={search_term_string}"},"query-input":{"@type":"PropertyValueSpecification","valueRequired":true,"valueName":"search_term_string"}}],"inLanguage":"es"},{"@type":"Organization","@id":"https:\/\/www.pressenza.com\/es\/#organization","name":"Pressenza","url":"https:\/\/www.pressenza.com\/es\/","logo":{"@type":"ImageObject","inLanguage":"es","@id":"https:\/\/www.pressenza.com\/es\/#\/schema\/logo\/image\/","url":"https:\/\/www.pressenza.com\/wp-content\/uploads\/2022\/10\/pressenza_logo_200x200.jpg","contentUrl":"https:\/\/www.pressenza.com\/wp-content\/uploads\/2022\/10\/pressenza_logo_200x200.jpg","width":200,"height":200,"caption":"Pressenza"},"image":{"@id":"https:\/\/www.pressenza.com\/es\/#\/schema\/logo\/image\/"},"sameAs":["https:\/\/www.facebook.com\/PressenzaItalia","https:\/\/x.com\/PressenzaIPA"]},{"@type":"Person","@id":"https:\/\/www.pressenza.com\/es\/#\/schema\/person\/e86c29a41185b85084a478822f5de81b","name":"Redacci\u00f3n Per\u00fa","description":"News published by the Pressenza bureau in Peru","url":"https:\/\/www.pressenza.com\/es\/author\/redaccion-peru\/"}]}},"place":"","original_article_url":"","_links":{"self":[{"href":"https:\/\/www.pressenza.com\/es\/wp-json\/wp\/v2\/posts\/2697176","targetHints":{"allow":["GET"]}}],"collection":[{"href":"https:\/\/www.pressenza.com\/es\/wp-json\/wp\/v2\/posts"}],"about":[{"href":"https:\/\/www.pressenza.com\/es\/wp-json\/wp\/v2\/types\/post"}],"author":[{"embeddable":true,"href":"https:\/\/www.pressenza.com\/es\/wp-json\/wp\/v2\/users\/831"}],"replies":[{"embeddable":true,"href":"https:\/\/www.pressenza.com\/es\/wp-json\/wp\/v2\/comments?post=2697176"}],"version-history":[{"count":2,"href":"https:\/\/www.pressenza.com\/es\/wp-json\/wp\/v2\/posts\/2697176\/revisions"}],"predecessor-version":[{"id":2697179,"href":"https:\/\/www.pressenza.com\/es\/wp-json\/wp\/v2\/posts\/2697176\/revisions\/2697179"}],"wp:featuredmedia":[{"embeddable":true,"href":"https:\/\/www.pressenza.com\/es\/wp-json\/wp\/v2\/media\/2697177"}],"wp:attachment":[{"href":"https:\/\/www.pressenza.com\/es\/wp-json\/wp\/v2\/media?parent=2697176"}],"wp:term":[{"taxonomy":"category","embeddable":true,"href":"https:\/\/www.pressenza.com\/es\/wp-json\/wp\/v2\/categories?post=2697176"},{"taxonomy":"post_tag","embeddable":true,"href":"https:\/\/www.pressenza.com\/es\/wp-json\/wp\/v2\/tags?post=2697176"}],"curies":[{"name":"wp","href":"https:\/\/api.w.org\/{rel}","templated":true}]}}