{"id":2697046,"date":"2026-05-01T18:12:19","date_gmt":"2026-05-01T17:12:19","guid":{"rendered":"https:\/\/www.pressenza.com\/?p=2697046"},"modified":"2026-05-01T18:12:19","modified_gmt":"2026-05-01T17:12:19","slug":"la-paz-no-es-una-quimera","status":"publish","type":"post","link":"https:\/\/www.pressenza.com\/es\/2026\/05\/la-paz-no-es-una-quimera\/","title":{"rendered":"La paz no es una quimera"},"content":{"rendered":"<p>Por Jaime Hales*<\/p>\n<p>Convers\u00e1bamos sobre IA y de ah\u00ed llegamos a la triste conclusi\u00f3n de que mientras avanzan las tecnolog\u00edas, el ser humano sigue sumido en episodios constantes de violencia. Es la paradoja de quienes desarrollan t\u00e9cnica, ciencia y tecnolog\u00eda, pero no pueden liberarse de las profundas tensiones que acarrean acciones que da\u00f1an a otros, desde los espacios dom\u00e9sticos, los delitos individuales, los delitos organizados, hasta llegar a la peor de todas las formas de violencia: la guerra.<\/p>\n<p>Cuando termin\u00f3 la guerra mundial en 1945, las potencias vencedoras fundaron Naciones Unidas con otros 45 pa\u00edses con el objetivo de evitar futuras guerras. 81 a\u00f1os despu\u00e9s hay una mirada cr\u00edtica, porque no s\u00f3lo ha fracasado en impedir guerras, sino que, pese a haber intervenido con sus \u201ccascos azules\u201d no ha sido capaz de detenerlas. Algunos sugieren que debe cerrarse la ONU y otros piden que se reformule, no s\u00f3lo en sus objetivos y declaraciones m\u00e1s bien te\u00f3ricas, sino sobre todo en su funcionamiento, ya que gasta tanto dinero en bur\u00f3cratas comparable al presupuesto social de muchos pa\u00edses.<\/p>\n<p>Despu\u00e9s de la ca\u00edda de Berl\u00edn en manos de 4 potencias, qued\u00f3 en evidencia que ninguna de ellas trabajar\u00eda por la paz si acaso no se daba en sus t\u00e9rminos. Las fuerzas armadas de 4 pa\u00edses fueron las verdaderas ocupantes de Alemania. Desde el a\u00f1o siguiente Francia experiment\u00f3 por 8 a\u00f1os la guerra de Indochina, de la que debi\u00f3 retirarse derrotada. Paralelamente, desde 1950, se desarrolla la guerra de Corea, con la intervenci\u00f3n directa de Estados Unidos \u201ca nombre de la Naciones Unidas\u201d (guerra que desde 1953 est\u00e1 en armisticio). La invasi\u00f3n armada sionista en Palestina, iniciada con el apoyo brit\u00e1nico y la anuencia de Francia desde la d\u00e9cada de los a\u00f1os 20, seguida de la vergonzosa partici\u00f3n del Estado Palestino, que ha ido protagonizando una sucesi\u00f3n de guerras y manteniendo un estado permanente de<br \/>\nocupaci\u00f3n violenta con intenci\u00f3n genocida indiscutible. Luego Vietnam, las guerras de liberaci\u00f3n de \u00c1frica, conflictos en Centroam\u00e9rica y en los Balcanes, las permanentes amenazas de China a la rebelde Taiw\u00e1n, la guerra de Irak e Ir\u00e1n incentivada por Estados Unidos y las petroleras. Todo ello culmina en estos a\u00f1os con la invasi\u00f3n de Rusia a Ucrania, de Estados Unidos e Israel a Ir\u00e1n, de Israel a Gaza y las guerras en \u00c1frica.<\/p>\n<p>Esta violencia es acompa\u00f1ada por los delincuentes del tr\u00e1fico de \u00f3rganos, de esclavas sexuales, de la droga y del tr\u00e1fico de armas, adem\u00e1s de los golpes de Estado de los \u00faltimos 50 a\u00f1os en diversos pa\u00edses, que llev\u00f3 a tener a Am\u00e9rica del Sur pr\u00e1cticamente bajo la bota militar por muchos a\u00f1os.<\/p>\n<p>Hoy, en 2026, la violencia arrecia tanto en el lenguaje como con las armas, incentivando a mucha gente a creer que tiene derecho a ejercerla. Los constantes atentados a balazos contra alumnos de colegios o universidades en Estados Unidos, que ahora por imitaci\u00f3n se han extendido a Argentina y a Chile, la violencia policial frente a la situaci\u00f3n delictual en Brasil, son testimonio de ello.<\/p>\n<p>Los l\u00edderes desesperan por sostener su poder e invaden otros territorios y hay grupos que quieren eliminar a miles de personas y pueblos enteros para enriquecerse.<\/p>\n<p>\u00bfY la paz ser\u00e1 entonces una quimera de quienes fundaron Naciones Unidas? \u00bfO de ciertos l\u00edderes religiosos como el Papa cat\u00f3lico? \u00bfO de ilusos que quieren ver lo bueno en todas partes?<\/p>\n<p>No es una quimera: es la posibilidad real de ir construyendo espacios de paz y libertad, a partir de la acci\u00f3n constante de grupos y personas individuales que seguiremos tratando de crear organizaci\u00f3n, difundiendo la energ\u00eda necesaria para hacer realidad este deseo de construir espacios seguros para toda la humanidad.<\/p>\n<p>Lo importante ser\u00e1 no cejar en los empe\u00f1os, no rendirse, no abandonar el esfuerzo por erradicar las armas de todos, de paralizar el comercio de armamento y el fortalecimiento de las fuerzas militares, utilizando esos recursos en el desarrollo de la salud, la educaci\u00f3n y el bienestar de los habitantes de nuestros pa\u00edses.<\/p>\n<p>La paz es un estado social en que las personas reducen los conflictos mediante el esfuerzo de concordia, el encuentro creativo, la vida en com\u00fan, buscando primero lo que nos une y no lo que nos separa.<\/p>\n<p>El mundo camina hacia una nueva realidad y cada vez somos m\u00e1s los que trabajamos por un nuevo paradigma, en el que los humanos podremos vivir en libertad, con solidaridad, con justicia y con paz.<\/p>\n<p>Los poetas, los creadores de arte, los agentes de la cultura, debemos levantar nuestra voz contra la guerra y ejecutar actos que muevan las energ\u00edas hacia la paz.<\/p>\n<p>\u00bfOpondremos la palabra al fusil? S\u00ed, la palabra, los actos creativos, los espacios sociales que podemos ir liberando de violencia. Y, si es necesario, llevaremos adelante acciones de protesta no violenta, como actuar de escudos humanos o instalarnos pac\u00edficamente y en silencio frente a los cuarteles, tendremos que hacerlo. As\u00ed hicimos muchas cosas contra las dictaduras en nuestro continente.<\/p>\n<p>Ya va siendo hora que nos levantemos.<\/p>\n<p>&nbsp;<\/p>\n<p>&nbsp;<\/p>\n<p>*Escritor y abogado<\/p>\n","protected":false},"excerpt":{"rendered":"<p>Por Jaime Hales* Convers\u00e1bamos sobre IA y de ah\u00ed llegamos a la triste conclusi\u00f3n de que mientras avanzan las tecnolog\u00edas, el ser humano sigue sumido en episodios constantes de violencia. Es la paradoja de quienes desarrollan t\u00e9cnica, ciencia y tecnolog\u00eda,&hellip;<\/p>\n","protected":false},"author":43,"featured_media":2697047,"comment_status":"closed","ping_status":"closed","sticky":false,"template":"","format":"standard","meta":{"footnotes":""},"categories":[11389,1242,161,1243,67],"tags":[26299,124450],"class_list":["post-2697046","post","type-post","status-publish","format-standard","has-post-thumbnail","hentry","category-contenido-original","category-noviolencia-tema","category-opiniones","category-paz-desarme","category-sudamerica","tag-no-violencia","tag-paz-es"],"yoast_head":"<!-- This site is optimized with the Yoast SEO plugin v27.1.1 - https:\/\/yoast.com\/product\/yoast-seo-wordpress\/ -->\n<title>La paz no es una quimera<\/title>\n<meta name=\"description\" content=\"Por Jaime Hales* Convers\u00e1bamos sobre IA y de ah\u00ed llegamos a la triste conclusi\u00f3n de que mientras avanzan las tecnolog\u00edas, el ser humano sigue sumido en\" \/>\n<meta name=\"robots\" content=\"index, follow, max-snippet:-1, max-image-preview:large, max-video-preview:-1\" \/>\n<link rel=\"canonical\" href=\"https:\/\/www.pressenza.com\/es\/2026\/05\/la-paz-no-es-una-quimera\/\" \/>\n<meta property=\"og:locale\" content=\"es_ES\" \/>\n<meta property=\"og:type\" content=\"article\" \/>\n<meta property=\"og:title\" content=\"La paz no es una quimera\" \/>\n<meta property=\"og:description\" content=\"Por Jaime Hales* Convers\u00e1bamos sobre IA y de ah\u00ed llegamos a la triste conclusi\u00f3n de que mientras avanzan las tecnolog\u00edas, el ser humano sigue sumido en\" \/>\n<meta property=\"og:url\" content=\"https:\/\/www.pressenza.com\/es\/2026\/05\/la-paz-no-es-una-quimera\/\" \/>\n<meta property=\"og:site_name\" content=\"Pressenza\" \/>\n<meta property=\"article:publisher\" content=\"https:\/\/www.facebook.com\/PressenzaItalia\" \/>\n<meta property=\"article:author\" content=\"https:\/\/www.facebook.com\/pressenza\" \/>\n<meta property=\"article:published_time\" content=\"2026-05-01T17:12:19+00:00\" \/>\n<meta property=\"og:image\" content=\"https:\/\/www.pressenza.com\/wp-content\/uploads\/2026\/05\/Paz-Rafael-Edwards.jpg\" \/>\n\t<meta property=\"og:image:width\" content=\"1610\" \/>\n\t<meta property=\"og:image:height\" content=\"1920\" \/>\n\t<meta property=\"og:image:type\" content=\"image\/jpeg\" \/>\n<meta name=\"author\" content=\"Redacci\u00f3n Chile\" \/>\n<meta name=\"twitter:card\" content=\"summary_large_image\" \/>\n<meta name=\"twitter:creator\" content=\"@pressenza\" \/>\n<meta name=\"twitter:site\" content=\"@PressenzaIPA\" \/>\n<meta name=\"twitter:label1\" content=\"Escrito por\" \/>\n\t<meta name=\"twitter:data1\" content=\"Redacci\u00f3n Chile\" \/>\n\t<meta name=\"twitter:label2\" content=\"Tiempo de lectura\" \/>\n\t<meta name=\"twitter:data2\" content=\"5 minutos\" \/>\n<script type=\"application\/ld+json\" class=\"yoast-schema-graph\">{\"@context\":\"https:\/\/schema.org\",\"@graph\":[{\"@type\":\"Article\",\"@id\":\"https:\/\/www.pressenza.com\/es\/2026\/05\/la-paz-no-es-una-quimera\/#article\",\"isPartOf\":{\"@id\":\"https:\/\/www.pressenza.com\/es\/2026\/05\/la-paz-no-es-una-quimera\/\"},\"author\":{\"name\":\"Redacci\u00f3n Chile\",\"@id\":\"https:\/\/www.pressenza.com\/es\/#\/schema\/person\/d7db40df35d6698ba69ba9ee260944ed\"},\"headline\":\"La paz no es una quimera\",\"datePublished\":\"2026-05-01T17:12:19+00:00\",\"mainEntityOfPage\":{\"@id\":\"https:\/\/www.pressenza.com\/es\/2026\/05\/la-paz-no-es-una-quimera\/\"},\"wordCount\":892,\"publisher\":{\"@id\":\"https:\/\/www.pressenza.com\/es\/#organization\"},\"image\":{\"@id\":\"https:\/\/www.pressenza.com\/es\/2026\/05\/la-paz-no-es-una-quimera\/#primaryimage\"},\"thumbnailUrl\":\"https:\/\/www.pressenza.com\/wp-content\/uploads\/2026\/05\/Paz-Rafael-Edwards.jpg\",\"keywords\":[\"No violencia\",\"Paz\"],\"articleSection\":[\"Contenido Original\",\"Noviolencia\",\"Opiniones\",\"Paz y Desarme\",\"Sudam\u00e9rica\"],\"inLanguage\":\"es\"},{\"@type\":\"WebPage\",\"@id\":\"https:\/\/www.pressenza.com\/es\/2026\/05\/la-paz-no-es-una-quimera\/\",\"url\":\"https:\/\/www.pressenza.com\/es\/2026\/05\/la-paz-no-es-una-quimera\/\",\"name\":\"La paz no es una quimera\",\"isPartOf\":{\"@id\":\"https:\/\/www.pressenza.com\/es\/#website\"},\"primaryImageOfPage\":{\"@id\":\"https:\/\/www.pressenza.com\/es\/2026\/05\/la-paz-no-es-una-quimera\/#primaryimage\"},\"image\":{\"@id\":\"https:\/\/www.pressenza.com\/es\/2026\/05\/la-paz-no-es-una-quimera\/#primaryimage\"},\"thumbnailUrl\":\"https:\/\/www.pressenza.com\/wp-content\/uploads\/2026\/05\/Paz-Rafael-Edwards.jpg\",\"datePublished\":\"2026-05-01T17:12:19+00:00\",\"description\":\"Por Jaime Hales* Convers\u00e1bamos sobre IA y de ah\u00ed llegamos a la triste conclusi\u00f3n de que mientras avanzan las tecnolog\u00edas, el ser humano sigue sumido en\",\"breadcrumb\":{\"@id\":\"https:\/\/www.pressenza.com\/es\/2026\/05\/la-paz-no-es-una-quimera\/#breadcrumb\"},\"inLanguage\":\"es\",\"potentialAction\":[{\"@type\":\"ReadAction\",\"target\":[\"https:\/\/www.pressenza.com\/es\/2026\/05\/la-paz-no-es-una-quimera\/\"]}]},{\"@type\":\"ImageObject\",\"inLanguage\":\"es\",\"@id\":\"https:\/\/www.pressenza.com\/es\/2026\/05\/la-paz-no-es-una-quimera\/#primaryimage\",\"url\":\"https:\/\/www.pressenza.com\/wp-content\/uploads\/2026\/05\/Paz-Rafael-Edwards.jpg\",\"contentUrl\":\"https:\/\/www.pressenza.com\/wp-content\/uploads\/2026\/05\/Paz-Rafael-Edwards.jpg\",\"width\":1610,\"height\":1920},{\"@type\":\"BreadcrumbList\",\"@id\":\"https:\/\/www.pressenza.com\/es\/2026\/05\/la-paz-no-es-una-quimera\/#breadcrumb\",\"itemListElement\":[{\"@type\":\"ListItem\",\"position\":1,\"name\":\"Accueil\",\"item\":\"https:\/\/www.pressenza.com\/es\/\"},{\"@type\":\"ListItem\",\"position\":2,\"name\":\"La paz no es una quimera\"}]},{\"@type\":\"WebSite\",\"@id\":\"https:\/\/www.pressenza.com\/es\/#website\",\"url\":\"https:\/\/www.pressenza.com\/es\/\",\"name\":\"Pressenza\",\"description\":\"International Press Agency\",\"publisher\":{\"@id\":\"https:\/\/www.pressenza.com\/es\/#organization\"},\"potentialAction\":[{\"@type\":\"SearchAction\",\"target\":{\"@type\":\"EntryPoint\",\"urlTemplate\":\"https:\/\/www.pressenza.com\/es\/?s={search_term_string}\"},\"query-input\":{\"@type\":\"PropertyValueSpecification\",\"valueRequired\":true,\"valueName\":\"search_term_string\"}}],\"inLanguage\":\"es\"},{\"@type\":\"Organization\",\"@id\":\"https:\/\/www.pressenza.com\/es\/#organization\",\"name\":\"Pressenza\",\"url\":\"https:\/\/www.pressenza.com\/es\/\",\"logo\":{\"@type\":\"ImageObject\",\"inLanguage\":\"es\",\"@id\":\"https:\/\/www.pressenza.com\/es\/#\/schema\/logo\/image\/\",\"url\":\"https:\/\/www.pressenza.com\/wp-content\/uploads\/2022\/10\/pressenza_logo_200x200.jpg\",\"contentUrl\":\"https:\/\/www.pressenza.com\/wp-content\/uploads\/2022\/10\/pressenza_logo_200x200.jpg\",\"width\":200,\"height\":200,\"caption\":\"Pressenza\"},\"image\":{\"@id\":\"https:\/\/www.pressenza.com\/es\/#\/schema\/logo\/image\/\"},\"sameAs\":[\"https:\/\/www.facebook.com\/PressenzaItalia\",\"https:\/\/x.com\/PressenzaIPA\"]},{\"@type\":\"Person\",\"@id\":\"https:\/\/www.pressenza.com\/es\/#\/schema\/person\/d7db40df35d6698ba69ba9ee260944ed\",\"name\":\"Redacci\u00f3n Chile\",\"description\":\"News from the Pressenza Bureau in Chile\",\"sameAs\":[\"https:\/\/www.facebook.com\/pressenza\",\"https:\/\/x.com\/pressenza\"],\"url\":\"https:\/\/www.pressenza.com\/es\/author\/redaccion-chile\/\"}]}<\/script>\n<!-- \/ Yoast SEO plugin. -->","yoast_head_json":{"title":"La paz no es una quimera","description":"Por Jaime Hales* Convers\u00e1bamos sobre IA y de ah\u00ed llegamos a la triste conclusi\u00f3n de que mientras avanzan las tecnolog\u00edas, el ser humano sigue sumido en","robots":{"index":"index","follow":"follow","max-snippet":"max-snippet:-1","max-image-preview":"max-image-preview:large","max-video-preview":"max-video-preview:-1"},"canonical":"https:\/\/www.pressenza.com\/es\/2026\/05\/la-paz-no-es-una-quimera\/","og_locale":"es_ES","og_type":"article","og_title":"La paz no es una quimera","og_description":"Por Jaime Hales* Convers\u00e1bamos sobre IA y de ah\u00ed llegamos a la triste conclusi\u00f3n de que mientras avanzan las tecnolog\u00edas, el ser humano sigue sumido en","og_url":"https:\/\/www.pressenza.com\/es\/2026\/05\/la-paz-no-es-una-quimera\/","og_site_name":"Pressenza","article_publisher":"https:\/\/www.facebook.com\/PressenzaItalia","article_author":"https:\/\/www.facebook.com\/pressenza","article_published_time":"2026-05-01T17:12:19+00:00","og_image":[{"width":1610,"height":1920,"url":"https:\/\/www.pressenza.com\/wp-content\/uploads\/2026\/05\/Paz-Rafael-Edwards.jpg","type":"image\/jpeg"}],"author":"Redacci\u00f3n Chile","twitter_card":"summary_large_image","twitter_creator":"@pressenza","twitter_site":"@PressenzaIPA","twitter_misc":{"Escrito por":"Redacci\u00f3n Chile","Tiempo de lectura":"5 minutos"},"schema":{"@context":"https:\/\/schema.org","@graph":[{"@type":"Article","@id":"https:\/\/www.pressenza.com\/es\/2026\/05\/la-paz-no-es-una-quimera\/#article","isPartOf":{"@id":"https:\/\/www.pressenza.com\/es\/2026\/05\/la-paz-no-es-una-quimera\/"},"author":{"name":"Redacci\u00f3n Chile","@id":"https:\/\/www.pressenza.com\/es\/#\/schema\/person\/d7db40df35d6698ba69ba9ee260944ed"},"headline":"La paz no es una quimera","datePublished":"2026-05-01T17:12:19+00:00","mainEntityOfPage":{"@id":"https:\/\/www.pressenza.com\/es\/2026\/05\/la-paz-no-es-una-quimera\/"},"wordCount":892,"publisher":{"@id":"https:\/\/www.pressenza.com\/es\/#organization"},"image":{"@id":"https:\/\/www.pressenza.com\/es\/2026\/05\/la-paz-no-es-una-quimera\/#primaryimage"},"thumbnailUrl":"https:\/\/www.pressenza.com\/wp-content\/uploads\/2026\/05\/Paz-Rafael-Edwards.jpg","keywords":["No violencia","Paz"],"articleSection":["Contenido Original","Noviolencia","Opiniones","Paz y Desarme","Sudam\u00e9rica"],"inLanguage":"es"},{"@type":"WebPage","@id":"https:\/\/www.pressenza.com\/es\/2026\/05\/la-paz-no-es-una-quimera\/","url":"https:\/\/www.pressenza.com\/es\/2026\/05\/la-paz-no-es-una-quimera\/","name":"La paz no es una quimera","isPartOf":{"@id":"https:\/\/www.pressenza.com\/es\/#website"},"primaryImageOfPage":{"@id":"https:\/\/www.pressenza.com\/es\/2026\/05\/la-paz-no-es-una-quimera\/#primaryimage"},"image":{"@id":"https:\/\/www.pressenza.com\/es\/2026\/05\/la-paz-no-es-una-quimera\/#primaryimage"},"thumbnailUrl":"https:\/\/www.pressenza.com\/wp-content\/uploads\/2026\/05\/Paz-Rafael-Edwards.jpg","datePublished":"2026-05-01T17:12:19+00:00","description":"Por Jaime Hales* Convers\u00e1bamos sobre IA y de ah\u00ed llegamos a la triste conclusi\u00f3n de que mientras avanzan las tecnolog\u00edas, el ser humano sigue sumido en","breadcrumb":{"@id":"https:\/\/www.pressenza.com\/es\/2026\/05\/la-paz-no-es-una-quimera\/#breadcrumb"},"inLanguage":"es","potentialAction":[{"@type":"ReadAction","target":["https:\/\/www.pressenza.com\/es\/2026\/05\/la-paz-no-es-una-quimera\/"]}]},{"@type":"ImageObject","inLanguage":"es","@id":"https:\/\/www.pressenza.com\/es\/2026\/05\/la-paz-no-es-una-quimera\/#primaryimage","url":"https:\/\/www.pressenza.com\/wp-content\/uploads\/2026\/05\/Paz-Rafael-Edwards.jpg","contentUrl":"https:\/\/www.pressenza.com\/wp-content\/uploads\/2026\/05\/Paz-Rafael-Edwards.jpg","width":1610,"height":1920},{"@type":"BreadcrumbList","@id":"https:\/\/www.pressenza.com\/es\/2026\/05\/la-paz-no-es-una-quimera\/#breadcrumb","itemListElement":[{"@type":"ListItem","position":1,"name":"Accueil","item":"https:\/\/www.pressenza.com\/es\/"},{"@type":"ListItem","position":2,"name":"La paz no es una quimera"}]},{"@type":"WebSite","@id":"https:\/\/www.pressenza.com\/es\/#website","url":"https:\/\/www.pressenza.com\/es\/","name":"Pressenza","description":"International Press Agency","publisher":{"@id":"https:\/\/www.pressenza.com\/es\/#organization"},"potentialAction":[{"@type":"SearchAction","target":{"@type":"EntryPoint","urlTemplate":"https:\/\/www.pressenza.com\/es\/?s={search_term_string}"},"query-input":{"@type":"PropertyValueSpecification","valueRequired":true,"valueName":"search_term_string"}}],"inLanguage":"es"},{"@type":"Organization","@id":"https:\/\/www.pressenza.com\/es\/#organization","name":"Pressenza","url":"https:\/\/www.pressenza.com\/es\/","logo":{"@type":"ImageObject","inLanguage":"es","@id":"https:\/\/www.pressenza.com\/es\/#\/schema\/logo\/image\/","url":"https:\/\/www.pressenza.com\/wp-content\/uploads\/2022\/10\/pressenza_logo_200x200.jpg","contentUrl":"https:\/\/www.pressenza.com\/wp-content\/uploads\/2022\/10\/pressenza_logo_200x200.jpg","width":200,"height":200,"caption":"Pressenza"},"image":{"@id":"https:\/\/www.pressenza.com\/es\/#\/schema\/logo\/image\/"},"sameAs":["https:\/\/www.facebook.com\/PressenzaItalia","https:\/\/x.com\/PressenzaIPA"]},{"@type":"Person","@id":"https:\/\/www.pressenza.com\/es\/#\/schema\/person\/d7db40df35d6698ba69ba9ee260944ed","name":"Redacci\u00f3n Chile","description":"News from the Pressenza Bureau in Chile","sameAs":["https:\/\/www.facebook.com\/pressenza","https:\/\/x.com\/pressenza"],"url":"https:\/\/www.pressenza.com\/es\/author\/redaccion-chile\/"}]}},"place":"Santiago de Chile","original_article_url":"","_links":{"self":[{"href":"https:\/\/www.pressenza.com\/es\/wp-json\/wp\/v2\/posts\/2697046","targetHints":{"allow":["GET"]}}],"collection":[{"href":"https:\/\/www.pressenza.com\/es\/wp-json\/wp\/v2\/posts"}],"about":[{"href":"https:\/\/www.pressenza.com\/es\/wp-json\/wp\/v2\/types\/post"}],"author":[{"embeddable":true,"href":"https:\/\/www.pressenza.com\/es\/wp-json\/wp\/v2\/users\/43"}],"replies":[{"embeddable":true,"href":"https:\/\/www.pressenza.com\/es\/wp-json\/wp\/v2\/comments?post=2697046"}],"version-history":[{"count":1,"href":"https:\/\/www.pressenza.com\/es\/wp-json\/wp\/v2\/posts\/2697046\/revisions"}],"predecessor-version":[{"id":2697048,"href":"https:\/\/www.pressenza.com\/es\/wp-json\/wp\/v2\/posts\/2697046\/revisions\/2697048"}],"wp:featuredmedia":[{"embeddable":true,"href":"https:\/\/www.pressenza.com\/es\/wp-json\/wp\/v2\/media\/2697047"}],"wp:attachment":[{"href":"https:\/\/www.pressenza.com\/es\/wp-json\/wp\/v2\/media?parent=2697046"}],"wp:term":[{"taxonomy":"category","embeddable":true,"href":"https:\/\/www.pressenza.com\/es\/wp-json\/wp\/v2\/categories?post=2697046"},{"taxonomy":"post_tag","embeddable":true,"href":"https:\/\/www.pressenza.com\/es\/wp-json\/wp\/v2\/tags?post=2697046"}],"curies":[{"name":"wp","href":"https:\/\/api.w.org\/{rel}","templated":true}]}}