{"id":2696875,"date":"2026-04-30T21:14:33","date_gmt":"2026-04-30T20:14:33","guid":{"rendered":"https:\/\/www.pressenza.com\/?p=2696875"},"modified":"2026-04-30T21:15:06","modified_gmt":"2026-04-30T20:15:06","slug":"aung-san-suu-kyi-la-mujer-mas-temida-por-los-generales-vuelve-a-ser-libre","status":"publish","type":"post","link":"https:\/\/www.pressenza.com\/es\/2026\/04\/aung-san-suu-kyi-la-mujer-mas-temida-por-los-generales-vuelve-a-ser-libre\/","title":{"rendered":"Aung San Suu Kyi: la mujer m\u00e1s temida por los generales vuelve a ser libre"},"content":{"rendered":"<p>Aung San Suu Kyi, la l\u00edder birmana premio Nobel de la Paz, posee algo que los generales jam\u00e1s han tenido: la legitimidad del mandato que el pueblo le confiri\u00f3 para gobernar el pa\u00eds. Los generales, en cambio, nunca han sido elegidos y, a los ojos del pueblo, no tienen ninguna autoridad reconocida.<\/p>\n<p>En su primer discurso pol\u00edtico, el 26 de agosto de 1988, Aung San Suu Kyi calific\u00f3 la insurrecci\u00f3n popular iniciada aquel agosto como \u00abla segunda lucha por la independencia\u00bb.<br \/>\nTen\u00eda cuarenta y tres a\u00f1os y ninguna experiencia pol\u00edtica. Hasta pocas semanas antes viv\u00eda en Cambridge con su marido y sus dos hijos. Los l\u00edderes de la revuelta la hab\u00edan empujado al centro de la lucha y le pidieron que, en virtud de su linaje como hija del h\u00e9roe nacional de la independencia birmana, se pusiera al frente de la revoluci\u00f3n. A partir de ese momento entr\u00f3 en pol\u00edtica. Su mensaje pol\u00edtico desde entonces ha sido desafiar con diligencia toda autoridad y todo orden injusto. Animaba a la gente a emprender una resistencia pol\u00edtica no violenta.<\/p>\n<p>Su objetivo pol\u00edtico siempre ha sido claro y abiertamente declarado: derrocar al r\u00e9gimen dictatorial y establecer un orden democr\u00e1tico para garantizar la igualdad de derechos y dignidad en un Estado confederado. Gracias precisamente a la insurrecci\u00f3n general de agosto de 1988, la conciencia de los ideales democr\u00e1ticos entre los birmanos ha aumentado de manera significativa desde entonces. Por esa raz\u00f3n, los generales la pusieron bajo arresto domiciliario ya el 20 de julio de 1989. Desde entonces han pasado m\u00e1s de treinta y cinco a\u00f1os, y veinte de ellos Aung San Suu Kyi los ha pasado bajo arresto domiciliario, cuando no directamente en prisi\u00f3n, como en estos \u00faltimos cinco a\u00f1os.<\/p>\n<p>Por fin ha llegado la noticia que todos aguard\u00e1bamos: esta noche la han liberado y la trasladaron a \u00abuna casa\u00bb, previsiblemente bajo arresto domiciliario. Esperamos tener pronto noticias suyas.<\/p>\n","protected":false},"excerpt":{"rendered":"<p>Aung San Suu Kyi, la l\u00edder birmana premio Nobel de la Paz, posee algo que los generales jam\u00e1s han tenido: la legitimidad del mandato que el pueblo le confiri\u00f3 para gobernar el pa\u00eds. Los generales, en cambio, nunca han sido&hellip;<\/p>\n","protected":false},"author":1795,"featured_media":994011,"comment_status":"closed","ping_status":"closed","sticky":false,"template":"","format":"standard","meta":{"footnotes":""},"categories":[11389,106739,74],"tags":[86884],"class_list":["post-2696875","post","type-post","status-publish","format-standard","has-post-thumbnail","hentry","category-contenido-original","category-noticia","category-politica-es","tag-aung-san-suu-kyi-es"],"yoast_head":"<!-- This site is optimized with the Yoast SEO plugin v27.1.1 - https:\/\/yoast.com\/product\/yoast-seo-wordpress\/ -->\n<title>Aung San Suu Kyi: la mujer m\u00e1s temida por los generales vuelve a ser libre<\/title>\n<meta name=\"description\" content=\"Aung San Suu Kyi, la l\u00edder birmana premio Nobel de la Paz, posee algo que los generales jam\u00e1s han tenido: la legitimidad del mandato que el pueblo le Aung San Suu Kyi, la l\u00edder birmana Nobel de la Paz, ha sido liberada y est\u00e1 otra vez bajo arresto domiciliario. Su lucha contra los generales.\" \/>\n<meta name=\"robots\" content=\"index, follow, max-snippet:-1, max-image-preview:large, max-video-preview:-1\" \/>\n<link rel=\"canonical\" href=\"https:\/\/www.pressenza.com\/es\/2026\/04\/aung-san-suu-kyi-la-mujer-mas-temida-por-los-generales-vuelve-a-ser-libre\/\" \/>\n<meta property=\"og:locale\" content=\"es_ES\" \/>\n<meta property=\"og:type\" content=\"article\" \/>\n<meta property=\"og:title\" content=\"Aung San Suu Kyi: la mujer m\u00e1s temida por los generales vuelve a ser libre\" \/>\n<meta property=\"og:description\" content=\"Aung San Suu Kyi, la l\u00edder birmana premio Nobel de la Paz, posee algo que los generales jam\u00e1s han tenido: la legitimidad del mandato que el pueblo le Aung San Suu Kyi, la l\u00edder birmana Nobel de la Paz, ha sido liberada y est\u00e1 otra vez bajo arresto domiciliario. Su lucha contra los generales.\" \/>\n<meta property=\"og:url\" content=\"https:\/\/www.pressenza.com\/es\/2026\/04\/aung-san-suu-kyi-la-mujer-mas-temida-por-los-generales-vuelve-a-ser-libre\/\" \/>\n<meta property=\"og:site_name\" content=\"Pressenza\" \/>\n<meta property=\"article:publisher\" content=\"https:\/\/www.facebook.com\/PressenzaItalia\" \/>\n<meta property=\"article:published_time\" content=\"2026-04-30T20:14:33+00:00\" \/>\n<meta property=\"article:modified_time\" content=\"2026-04-30T20:15:06+00:00\" \/>\n<meta property=\"og:image\" content=\"https:\/\/www.pressenza.com\/wp-content\/uploads\/2019\/12\/Aung_San_Suu_Kyi_31_ott_13_021.jpg\" \/>\n\t<meta property=\"og:image:width\" content=\"1024\" \/>\n\t<meta property=\"og:image:height\" content=\"680\" \/>\n\t<meta property=\"og:image:type\" content=\"image\/jpeg\" \/>\n<meta name=\"author\" content=\"Fiorella Carollo\" \/>\n<meta name=\"twitter:card\" content=\"summary_large_image\" \/>\n<meta name=\"twitter:creator\" content=\"@PressenzaIPA\" \/>\n<meta name=\"twitter:site\" content=\"@PressenzaIPA\" \/>\n<meta name=\"twitter:label1\" content=\"Escrito por\" \/>\n\t<meta name=\"twitter:data1\" content=\"Fiorella Carollo\" \/>\n\t<meta name=\"twitter:label2\" content=\"Tiempo de lectura\" \/>\n\t<meta name=\"twitter:data2\" content=\"2 minutos\" \/>\n<script type=\"application\/ld+json\" class=\"yoast-schema-graph\">{\"@context\":\"https:\/\/schema.org\",\"@graph\":[{\"@type\":\"Article\",\"@id\":\"https:\/\/www.pressenza.com\/es\/2026\/04\/aung-san-suu-kyi-la-mujer-mas-temida-por-los-generales-vuelve-a-ser-libre\/#article\",\"isPartOf\":{\"@id\":\"https:\/\/www.pressenza.com\/es\/2026\/04\/aung-san-suu-kyi-la-mujer-mas-temida-por-los-generales-vuelve-a-ser-libre\/\"},\"author\":{\"name\":\"Fiorella Carollo\",\"@id\":\"https:\/\/www.pressenza.com\/es\/#\/schema\/person\/84ebf19dce4d902a223619c900b9d714\"},\"headline\":\"Aung San Suu Kyi: la mujer m\u00e1s temida por los generales vuelve a ser libre\",\"datePublished\":\"2026-04-30T20:14:33+00:00\",\"dateModified\":\"2026-04-30T20:15:06+00:00\",\"mainEntityOfPage\":{\"@id\":\"https:\/\/www.pressenza.com\/es\/2026\/04\/aung-san-suu-kyi-la-mujer-mas-temida-por-los-generales-vuelve-a-ser-libre\/\"},\"wordCount\":353,\"publisher\":{\"@id\":\"https:\/\/www.pressenza.com\/es\/#organization\"},\"image\":{\"@id\":\"https:\/\/www.pressenza.com\/es\/2026\/04\/aung-san-suu-kyi-la-mujer-mas-temida-por-los-generales-vuelve-a-ser-libre\/#primaryimage\"},\"thumbnailUrl\":\"https:\/\/www.pressenza.com\/wp-content\/uploads\/2019\/12\/Aung_San_Suu_Kyi_31_ott_13_021.jpg\",\"keywords\":[\"Aung San Suu Kyi\"],\"articleSection\":[\"Contenido Original\",\"Noticia\",\"Pol\u00edtica\"],\"inLanguage\":\"es\"},{\"@type\":\"WebPage\",\"@id\":\"https:\/\/www.pressenza.com\/es\/2026\/04\/aung-san-suu-kyi-la-mujer-mas-temida-por-los-generales-vuelve-a-ser-libre\/\",\"url\":\"https:\/\/www.pressenza.com\/es\/2026\/04\/aung-san-suu-kyi-la-mujer-mas-temida-por-los-generales-vuelve-a-ser-libre\/\",\"name\":\"Aung San Suu Kyi: la mujer m\u00e1s temida por los generales vuelve a ser libre\",\"isPartOf\":{\"@id\":\"https:\/\/www.pressenza.com\/es\/#website\"},\"primaryImageOfPage\":{\"@id\":\"https:\/\/www.pressenza.com\/es\/2026\/04\/aung-san-suu-kyi-la-mujer-mas-temida-por-los-generales-vuelve-a-ser-libre\/#primaryimage\"},\"image\":{\"@id\":\"https:\/\/www.pressenza.com\/es\/2026\/04\/aung-san-suu-kyi-la-mujer-mas-temida-por-los-generales-vuelve-a-ser-libre\/#primaryimage\"},\"thumbnailUrl\":\"https:\/\/www.pressenza.com\/wp-content\/uploads\/2019\/12\/Aung_San_Suu_Kyi_31_ott_13_021.jpg\",\"datePublished\":\"2026-04-30T20:14:33+00:00\",\"dateModified\":\"2026-04-30T20:15:06+00:00\",\"description\":\"Aung San Suu Kyi, la l\u00edder birmana premio Nobel de la Paz, posee algo que los generales jam\u00e1s han tenido: la legitimidad del mandato que el pueblo le Aung San Suu Kyi, la l\u00edder birmana Nobel de la Paz, ha sido liberada y est\u00e1 otra vez bajo arresto domiciliario. Su lucha contra los generales.\",\"breadcrumb\":{\"@id\":\"https:\/\/www.pressenza.com\/es\/2026\/04\/aung-san-suu-kyi-la-mujer-mas-temida-por-los-generales-vuelve-a-ser-libre\/#breadcrumb\"},\"inLanguage\":\"es\",\"potentialAction\":[{\"@type\":\"ReadAction\",\"target\":[\"https:\/\/www.pressenza.com\/es\/2026\/04\/aung-san-suu-kyi-la-mujer-mas-temida-por-los-generales-vuelve-a-ser-libre\/\"]}]},{\"@type\":\"ImageObject\",\"inLanguage\":\"es\",\"@id\":\"https:\/\/www.pressenza.com\/es\/2026\/04\/aung-san-suu-kyi-la-mujer-mas-temida-por-los-generales-vuelve-a-ser-libre\/#primaryimage\",\"url\":\"https:\/\/www.pressenza.com\/wp-content\/uploads\/2019\/12\/Aung_San_Suu_Kyi_31_ott_13_021.jpg\",\"contentUrl\":\"https:\/\/www.pressenza.com\/wp-content\/uploads\/2019\/12\/Aung_San_Suu_Kyi_31_ott_13_021.jpg\",\"width\":1024,\"height\":680},{\"@type\":\"BreadcrumbList\",\"@id\":\"https:\/\/www.pressenza.com\/es\/2026\/04\/aung-san-suu-kyi-la-mujer-mas-temida-por-los-generales-vuelve-a-ser-libre\/#breadcrumb\",\"itemListElement\":[{\"@type\":\"ListItem\",\"position\":1,\"name\":\"Accueil\",\"item\":\"https:\/\/www.pressenza.com\/es\/\"},{\"@type\":\"ListItem\",\"position\":2,\"name\":\"Aung San Suu Kyi: la mujer m\u00e1s temida por los generales vuelve a ser libre\"}]},{\"@type\":\"WebSite\",\"@id\":\"https:\/\/www.pressenza.com\/es\/#website\",\"url\":\"https:\/\/www.pressenza.com\/es\/\",\"name\":\"Pressenza\",\"description\":\"International Press Agency\",\"publisher\":{\"@id\":\"https:\/\/www.pressenza.com\/es\/#organization\"},\"potentialAction\":[{\"@type\":\"SearchAction\",\"target\":{\"@type\":\"EntryPoint\",\"urlTemplate\":\"https:\/\/www.pressenza.com\/es\/?s={search_term_string}\"},\"query-input\":{\"@type\":\"PropertyValueSpecification\",\"valueRequired\":true,\"valueName\":\"search_term_string\"}}],\"inLanguage\":\"es\"},{\"@type\":\"Organization\",\"@id\":\"https:\/\/www.pressenza.com\/es\/#organization\",\"name\":\"Pressenza\",\"url\":\"https:\/\/www.pressenza.com\/es\/\",\"logo\":{\"@type\":\"ImageObject\",\"inLanguage\":\"es\",\"@id\":\"https:\/\/www.pressenza.com\/es\/#\/schema\/logo\/image\/\",\"url\":\"https:\/\/www.pressenza.com\/wp-content\/uploads\/2022\/10\/pressenza_logo_200x200.jpg\",\"contentUrl\":\"https:\/\/www.pressenza.com\/wp-content\/uploads\/2022\/10\/pressenza_logo_200x200.jpg\",\"width\":200,\"height\":200,\"caption\":\"Pressenza\"},\"image\":{\"@id\":\"https:\/\/www.pressenza.com\/es\/#\/schema\/logo\/image\/\"},\"sameAs\":[\"https:\/\/www.facebook.com\/PressenzaItalia\",\"https:\/\/x.com\/PressenzaIPA\"]},{\"@type\":\"Person\",\"@id\":\"https:\/\/www.pressenza.com\/es\/#\/schema\/person\/84ebf19dce4d902a223619c900b9d714\",\"name\":\"Fiorella Carollo\",\"description\":\"Orientalista, nello specifico nipponista, con una formazione in antropologia, studiosa del pensiero femminista e di cinema delle donne. Ha vissuto a Venezia, Londra, Tokyo, Melbourne, Bali e Roma. Nel 2009 pubblica con il contributo del comune di Venezia la raccolta di recensioni \u201cNuove eroine al cinema. Venti anni di cinema declinato al femminile\u201d. Nel biennio 2014-15 due campagne di crowdfunding finanziano il progetto \u201cI Reportage di Donna Reporter: diamo voce e visibilit\u00e0 alle donne che in Asia stanno cambiando il mondo\u201d. Questi reportage, le interviste e gli articoli scritti per The Bali Times hanno fornito il materiale per un libro di prossima pubblicazione. Il 2019 ha visto l\u2019emergere prepotente della questione climatica a cui dedica il libro \u201cExtinction Rebellion e la rivoluzione climatica\u201d 2020 Multimage. Nel marzo del 2022 grazie ad una campagna di crowdfunding \u00e8 stato pubblicato il libro \u201cDonne tra protesta e attivismo. Ambiente, economia, societ\u00e0\u201d sempre per la casa editrice Multimage di Firenze.\",\"url\":\"https:\/\/www.pressenza.com\/es\/author\/fiorella-carollo\/\"}]}<\/script>\n<!-- \/ Yoast SEO plugin. -->","yoast_head_json":{"title":"Aung San Suu Kyi: la mujer m\u00e1s temida por los generales vuelve a ser libre","description":"Aung San Suu Kyi, la l\u00edder birmana premio Nobel de la Paz, posee algo que los generales jam\u00e1s han tenido: la legitimidad del mandato que el pueblo le Aung San Suu Kyi, la l\u00edder birmana Nobel de la Paz, ha sido liberada y est\u00e1 otra vez bajo arresto domiciliario. Su lucha contra los generales.","robots":{"index":"index","follow":"follow","max-snippet":"max-snippet:-1","max-image-preview":"max-image-preview:large","max-video-preview":"max-video-preview:-1"},"canonical":"https:\/\/www.pressenza.com\/es\/2026\/04\/aung-san-suu-kyi-la-mujer-mas-temida-por-los-generales-vuelve-a-ser-libre\/","og_locale":"es_ES","og_type":"article","og_title":"Aung San Suu Kyi: la mujer m\u00e1s temida por los generales vuelve a ser libre","og_description":"Aung San Suu Kyi, la l\u00edder birmana premio Nobel de la Paz, posee algo que los generales jam\u00e1s han tenido: la legitimidad del mandato que el pueblo le Aung San Suu Kyi, la l\u00edder birmana Nobel de la Paz, ha sido liberada y est\u00e1 otra vez bajo arresto domiciliario. Su lucha contra los generales.","og_url":"https:\/\/www.pressenza.com\/es\/2026\/04\/aung-san-suu-kyi-la-mujer-mas-temida-por-los-generales-vuelve-a-ser-libre\/","og_site_name":"Pressenza","article_publisher":"https:\/\/www.facebook.com\/PressenzaItalia","article_published_time":"2026-04-30T20:14:33+00:00","article_modified_time":"2026-04-30T20:15:06+00:00","og_image":[{"width":1024,"height":680,"url":"https:\/\/www.pressenza.com\/wp-content\/uploads\/2019\/12\/Aung_San_Suu_Kyi_31_ott_13_021.jpg","type":"image\/jpeg"}],"author":"Fiorella Carollo","twitter_card":"summary_large_image","twitter_creator":"@PressenzaIPA","twitter_site":"@PressenzaIPA","twitter_misc":{"Escrito por":"Fiorella Carollo","Tiempo de lectura":"2 minutos"},"schema":{"@context":"https:\/\/schema.org","@graph":[{"@type":"Article","@id":"https:\/\/www.pressenza.com\/es\/2026\/04\/aung-san-suu-kyi-la-mujer-mas-temida-por-los-generales-vuelve-a-ser-libre\/#article","isPartOf":{"@id":"https:\/\/www.pressenza.com\/es\/2026\/04\/aung-san-suu-kyi-la-mujer-mas-temida-por-los-generales-vuelve-a-ser-libre\/"},"author":{"name":"Fiorella Carollo","@id":"https:\/\/www.pressenza.com\/es\/#\/schema\/person\/84ebf19dce4d902a223619c900b9d714"},"headline":"Aung San Suu Kyi: la mujer m\u00e1s temida por los generales vuelve a ser libre","datePublished":"2026-04-30T20:14:33+00:00","dateModified":"2026-04-30T20:15:06+00:00","mainEntityOfPage":{"@id":"https:\/\/www.pressenza.com\/es\/2026\/04\/aung-san-suu-kyi-la-mujer-mas-temida-por-los-generales-vuelve-a-ser-libre\/"},"wordCount":353,"publisher":{"@id":"https:\/\/www.pressenza.com\/es\/#organization"},"image":{"@id":"https:\/\/www.pressenza.com\/es\/2026\/04\/aung-san-suu-kyi-la-mujer-mas-temida-por-los-generales-vuelve-a-ser-libre\/#primaryimage"},"thumbnailUrl":"https:\/\/www.pressenza.com\/wp-content\/uploads\/2019\/12\/Aung_San_Suu_Kyi_31_ott_13_021.jpg","keywords":["Aung San Suu Kyi"],"articleSection":["Contenido Original","Noticia","Pol\u00edtica"],"inLanguage":"es"},{"@type":"WebPage","@id":"https:\/\/www.pressenza.com\/es\/2026\/04\/aung-san-suu-kyi-la-mujer-mas-temida-por-los-generales-vuelve-a-ser-libre\/","url":"https:\/\/www.pressenza.com\/es\/2026\/04\/aung-san-suu-kyi-la-mujer-mas-temida-por-los-generales-vuelve-a-ser-libre\/","name":"Aung San Suu Kyi: la mujer m\u00e1s temida por los generales vuelve a ser libre","isPartOf":{"@id":"https:\/\/www.pressenza.com\/es\/#website"},"primaryImageOfPage":{"@id":"https:\/\/www.pressenza.com\/es\/2026\/04\/aung-san-suu-kyi-la-mujer-mas-temida-por-los-generales-vuelve-a-ser-libre\/#primaryimage"},"image":{"@id":"https:\/\/www.pressenza.com\/es\/2026\/04\/aung-san-suu-kyi-la-mujer-mas-temida-por-los-generales-vuelve-a-ser-libre\/#primaryimage"},"thumbnailUrl":"https:\/\/www.pressenza.com\/wp-content\/uploads\/2019\/12\/Aung_San_Suu_Kyi_31_ott_13_021.jpg","datePublished":"2026-04-30T20:14:33+00:00","dateModified":"2026-04-30T20:15:06+00:00","description":"Aung San Suu Kyi, la l\u00edder birmana premio Nobel de la Paz, posee algo que los generales jam\u00e1s han tenido: la legitimidad del mandato que el pueblo le Aung San Suu Kyi, la l\u00edder birmana Nobel de la Paz, ha sido liberada y est\u00e1 otra vez bajo arresto domiciliario. Su lucha contra los generales.","breadcrumb":{"@id":"https:\/\/www.pressenza.com\/es\/2026\/04\/aung-san-suu-kyi-la-mujer-mas-temida-por-los-generales-vuelve-a-ser-libre\/#breadcrumb"},"inLanguage":"es","potentialAction":[{"@type":"ReadAction","target":["https:\/\/www.pressenza.com\/es\/2026\/04\/aung-san-suu-kyi-la-mujer-mas-temida-por-los-generales-vuelve-a-ser-libre\/"]}]},{"@type":"ImageObject","inLanguage":"es","@id":"https:\/\/www.pressenza.com\/es\/2026\/04\/aung-san-suu-kyi-la-mujer-mas-temida-por-los-generales-vuelve-a-ser-libre\/#primaryimage","url":"https:\/\/www.pressenza.com\/wp-content\/uploads\/2019\/12\/Aung_San_Suu_Kyi_31_ott_13_021.jpg","contentUrl":"https:\/\/www.pressenza.com\/wp-content\/uploads\/2019\/12\/Aung_San_Suu_Kyi_31_ott_13_021.jpg","width":1024,"height":680},{"@type":"BreadcrumbList","@id":"https:\/\/www.pressenza.com\/es\/2026\/04\/aung-san-suu-kyi-la-mujer-mas-temida-por-los-generales-vuelve-a-ser-libre\/#breadcrumb","itemListElement":[{"@type":"ListItem","position":1,"name":"Accueil","item":"https:\/\/www.pressenza.com\/es\/"},{"@type":"ListItem","position":2,"name":"Aung San Suu Kyi: la mujer m\u00e1s temida por los generales vuelve a ser libre"}]},{"@type":"WebSite","@id":"https:\/\/www.pressenza.com\/es\/#website","url":"https:\/\/www.pressenza.com\/es\/","name":"Pressenza","description":"International Press Agency","publisher":{"@id":"https:\/\/www.pressenza.com\/es\/#organization"},"potentialAction":[{"@type":"SearchAction","target":{"@type":"EntryPoint","urlTemplate":"https:\/\/www.pressenza.com\/es\/?s={search_term_string}"},"query-input":{"@type":"PropertyValueSpecification","valueRequired":true,"valueName":"search_term_string"}}],"inLanguage":"es"},{"@type":"Organization","@id":"https:\/\/www.pressenza.com\/es\/#organization","name":"Pressenza","url":"https:\/\/www.pressenza.com\/es\/","logo":{"@type":"ImageObject","inLanguage":"es","@id":"https:\/\/www.pressenza.com\/es\/#\/schema\/logo\/image\/","url":"https:\/\/www.pressenza.com\/wp-content\/uploads\/2022\/10\/pressenza_logo_200x200.jpg","contentUrl":"https:\/\/www.pressenza.com\/wp-content\/uploads\/2022\/10\/pressenza_logo_200x200.jpg","width":200,"height":200,"caption":"Pressenza"},"image":{"@id":"https:\/\/www.pressenza.com\/es\/#\/schema\/logo\/image\/"},"sameAs":["https:\/\/www.facebook.com\/PressenzaItalia","https:\/\/x.com\/PressenzaIPA"]},{"@type":"Person","@id":"https:\/\/www.pressenza.com\/es\/#\/schema\/person\/84ebf19dce4d902a223619c900b9d714","name":"Fiorella Carollo","description":"Orientalista, nello specifico nipponista, con una formazione in antropologia, studiosa del pensiero femminista e di cinema delle donne. Ha vissuto a Venezia, Londra, Tokyo, Melbourne, Bali e Roma. Nel 2009 pubblica con il contributo del comune di Venezia la raccolta di recensioni \u201cNuove eroine al cinema. Venti anni di cinema declinato al femminile\u201d. Nel biennio 2014-15 due campagne di crowdfunding finanziano il progetto \u201cI Reportage di Donna Reporter: diamo voce e visibilit\u00e0 alle donne che in Asia stanno cambiando il mondo\u201d. Questi reportage, le interviste e gli articoli scritti per The Bali Times hanno fornito il materiale per un libro di prossima pubblicazione. Il 2019 ha visto l\u2019emergere prepotente della questione climatica a cui dedica il libro \u201cExtinction Rebellion e la rivoluzione climatica\u201d 2020 Multimage. Nel marzo del 2022 grazie ad una campagna di crowdfunding \u00e8 stato pubblicato il libro \u201cDonne tra protesta e attivismo. Ambiente, economia, societ\u00e0\u201d sempre per la casa editrice Multimage di Firenze.","url":"https:\/\/www.pressenza.com\/es\/author\/fiorella-carollo\/"}]}},"place":"","original_article_url":"","_links":{"self":[{"href":"https:\/\/www.pressenza.com\/es\/wp-json\/wp\/v2\/posts\/2696875","targetHints":{"allow":["GET"]}}],"collection":[{"href":"https:\/\/www.pressenza.com\/es\/wp-json\/wp\/v2\/posts"}],"about":[{"href":"https:\/\/www.pressenza.com\/es\/wp-json\/wp\/v2\/types\/post"}],"author":[{"embeddable":true,"href":"https:\/\/www.pressenza.com\/es\/wp-json\/wp\/v2\/users\/1795"}],"replies":[{"embeddable":true,"href":"https:\/\/www.pressenza.com\/es\/wp-json\/wp\/v2\/comments?post=2696875"}],"version-history":[{"count":2,"href":"https:\/\/www.pressenza.com\/es\/wp-json\/wp\/v2\/posts\/2696875\/revisions"}],"predecessor-version":[{"id":2696877,"href":"https:\/\/www.pressenza.com\/es\/wp-json\/wp\/v2\/posts\/2696875\/revisions\/2696877"}],"wp:featuredmedia":[{"embeddable":true,"href":"https:\/\/www.pressenza.com\/es\/wp-json\/wp\/v2\/media\/994011"}],"wp:attachment":[{"href":"https:\/\/www.pressenza.com\/es\/wp-json\/wp\/v2\/media?parent=2696875"}],"wp:term":[{"taxonomy":"category","embeddable":true,"href":"https:\/\/www.pressenza.com\/es\/wp-json\/wp\/v2\/categories?post=2696875"},{"taxonomy":"post_tag","embeddable":true,"href":"https:\/\/www.pressenza.com\/es\/wp-json\/wp\/v2\/tags?post=2696875"}],"curies":[{"name":"wp","href":"https:\/\/api.w.org\/{rel}","templated":true}]}}