{"id":2696721,"date":"2026-04-30T13:29:12","date_gmt":"2026-04-30T12:29:12","guid":{"rendered":"https:\/\/www.pressenza.com\/?p=2696721"},"modified":"2026-04-30T13:29:12","modified_gmt":"2026-04-30T12:29:12","slug":"israel-intercepta-la-global-sumud-flotilla-en-aguas-internacionales-y-abre-una-nueva-crisis-de-derecho-internacional","status":"publish","type":"post","link":"https:\/\/www.pressenza.com\/es\/2026\/04\/israel-intercepta-la-global-sumud-flotilla-en-aguas-internacionales-y-abre-una-nueva-crisis-de-derecho-internacional\/","title":{"rendered":"Israel intercepta la Global Sumud Flotilla en aguas internacionales y abre una nueva crisis de derecho internacional"},"content":{"rendered":"<p><em>La misi\u00f3n civil que navegaba hacia Gaza fue abordada cerca de Creta, a cientos de millas de la Franja. Organizaciones de derechos humanos y fuentes palestinas denuncian una captura ilegal de civiles, bloqueo de comunicaciones y una nueva extensi\u00f3n extraterritorial del asedio israel\u00ed.<\/em><\/p>\n<p>29 de abril de 2026. Mar Mediterr\u00e1neo. Fuerzas israel\u00edes interceptaron embarcaciones de la Global Sumud Flotilla en aguas internacionales, cerca de la isla griega de Creta y a centenares de millas de Gaza, seg\u00fan reportes de la propia flotilla, Al Jazeera, Greenpeace y medios regionales. La operaci\u00f3n incluy\u00f3 abordajes, bloqueo de comunicaciones, presencia de lanchas militares, drones y p\u00e9rdida de contacto con varias naves. La flotilla denuncia que civiles de distintas nacionalidades fueron detenidos mientras participaban en una misi\u00f3n humanitaria no violenta destinada a romper el bloqueo sobre Gaza.<\/p>\n<p>La versi\u00f3n difundida por fuentes palestinas y por la propia Global Sumud Flotilla califica el hecho como un secuestro de civiles en alta mar. El Centro de Informaci\u00f3n Palestina inform\u00f3 que al menos 15 embarcaciones habr\u00edan sido interceptadas y que las comunicaciones de emergencia fueron bloqueadas. Quds News Network tambi\u00e9n report\u00f3 la interceptaci\u00f3n en aguas internacionales.<\/p>\n<p>Desde el punto de vista jur\u00eddico, el punto central es grave: si la operaci\u00f3n ocurri\u00f3 fuera de aguas territoriales israel\u00edes y lejos de Gaza, Israel no ten\u00eda jurisdicci\u00f3n ordinaria sobre esas naves civiles. La interceptaci\u00f3n puede configurar una violaci\u00f3n de la libertad de navegaci\u00f3n, una detenci\u00f3n arbitraria de civiles y una extralimitaci\u00f3n del bloqueo naval impuesto sobre Gaza. La calificaci\u00f3n de \u201cpirater\u00eda\u201d tiene fuerza pol\u00edtica y comunicacional, aunque t\u00e9cnicamente el derecho mar\u00edtimo suele reservar ese t\u00e9rmino para actos cometidos por actores privados; cuando interviene una fuerza estatal, el eje jur\u00eddico m\u00e1s s\u00f3lido es la captura ilegal, el uso extraterritorial de la fuerza y la posible violaci\u00f3n del derecho internacional humanitario y de los derechos humanos.<\/p>\n<p>Greenpeace Internacional inform\u00f3 que su buque Arctic Sunrise presenci\u00f3 hostigamientos y abordajes contra la flotilla en aguas internacionales, a unas 45 millas n\u00e1uticas al oeste de Kythira y a unas 600 millas de Gaza. Amnesty International hab\u00eda advertido antes de la partida que los Estados deb\u00edan garantizar el paso seguro de la flotilla y describi\u00f3 el bloqueo israel\u00ed sobre Gaza como ilegal.<\/p>\n<p>La operaci\u00f3n tambi\u00e9n reabre el debate sobre la responsabilidad de terceros Estados. Si embarcaciones con ciudadanos europeos, latinoamericanos, africanos o asi\u00e1ticos fueron abordadas fuera de la jurisdicci\u00f3n israel\u00ed, sus gobiernos tienen la obligaci\u00f3n de exigir informaci\u00f3n inmediata sobre el paradero, las condiciones de detenci\u00f3n, el acceso consular y la liberaci\u00f3n de sus nacionales. El silencio diplom\u00e1tico, en este contexto, no es neutralidad: puede funcionar como tolerancia pr\u00e1ctica frente a una expansi\u00f3n del control israel\u00ed sobre el Mediterr\u00e1neo oriental.<\/p>\n<p>Israel sostiene que la flotilla buscaba desafiar una zona de bloqueo naval y que la ayuda deb\u00eda canalizarse por v\u00edas \u201coficiales\u201d. Sin embargo, esa defensa choca con el lugar reportado de la operaci\u00f3n: cerca de Creta, a m\u00e1s de 1.000 kil\u00f3metros de Israel y lejos del per\u00edmetro costero de Gaza.<\/p>\n<p>El hecho se produce en un contexto de asedio prolongado sobre Gaza, hambruna, destrucci\u00f3n civil masiva y denuncias acumuladas de cr\u00edmenes internacionales. Por eso, la interceptaci\u00f3n no puede leerse como un incidente mar\u00edtimo aislado, sino como una extensi\u00f3n del bloqueo hacia aguas internacionales y como una advertencia directa a las misiones civiles que intentan romper el cerco humanitario.<\/p>\n<p>Hasta el cierre de esta nota, la informaci\u00f3n disponible confirma la interceptaci\u00f3n de parte de la flotilla, la p\u00e9rdida de comunicaciones con varias naves y la denuncia de captura de civiles. Permanecen pendientes tres datos cr\u00edticos: el n\u00famero definitivo de embarcaciones abordadas, la identidad completa de las personas detenidas y el lugar exacto al que fueron trasladadas.<\/p>\n<p>La conclusi\u00f3n jur\u00eddica preliminar es clara: si se confirma que Israel abord\u00f3 embarcaciones civiles en aguas internacionales, sin base jurisdiccional suficiente y con bloqueo de comunicaciones de emergencia, el caso debe ser tratado como una violaci\u00f3n grave del derecho internacional, con posibles responsabilidades por detenci\u00f3n arbitraria, interferencia il\u00edcita con la navegaci\u00f3n civil y uso extraterritorial de la fuerza contra una misi\u00f3n humanitaria.<\/p>\n","protected":false},"excerpt":{"rendered":"<p>La misi\u00f3n civil que navegaba hacia Gaza fue abordada cerca de Creta, a cientos de millas de la Franja. Organizaciones de derechos humanos y fuentes palestinas denuncian una captura ilegal de civiles, bloqueo de comunicaciones y una nueva extensi\u00f3n extraterritorial&hellip;<\/p>\n","protected":false},"author":1757,"featured_media":2696728,"comment_status":"closed","ping_status":"closed","sticky":false,"template":"","format":"standard","meta":{"footnotes":""},"categories":[76,11389,75,79,39,71],"tags":[152447,143893,156177,22209],"class_list":["post-2696721","post","type-post","status-publish","format-standard","has-post-thumbnail","hentry","category-relaciones-exteriores","category-contenido-original","category-cultura-es","category-derechos-humanos","category-internacional","category-medio-oriente-es","tag-asia-occidental","tag-flotilla-sumud","tag-israel-intercepta-flotilla","tag-medio-oriente"],"yoast_head":"<!-- This site is optimized with the Yoast SEO plugin v27.1.1 - https:\/\/yoast.com\/product\/yoast-seo-wordpress\/ -->\n<title>Israel intercepta la Global Sumud Flotilla en aguas internacionales y abre una nueva crisis de derecho internacional<\/title>\n<meta name=\"description\" content=\"La misi\u00f3n civil que navegaba hacia Gaza fue abordada cerca de Creta, a cientos de millas de la Franja. Organizaciones de derechos humanos y fuentes\" \/>\n<meta name=\"robots\" content=\"index, follow, max-snippet:-1, max-image-preview:large, max-video-preview:-1\" \/>\n<link rel=\"canonical\" href=\"https:\/\/www.pressenza.com\/es\/2026\/04\/israel-intercepta-la-global-sumud-flotilla-en-aguas-internacionales-y-abre-una-nueva-crisis-de-derecho-internacional\/\" \/>\n<meta property=\"og:locale\" content=\"es_ES\" \/>\n<meta property=\"og:type\" content=\"article\" \/>\n<meta property=\"og:title\" content=\"Israel intercepta la Global Sumud Flotilla en aguas internacionales y abre una nueva crisis de derecho internacional\" \/>\n<meta property=\"og:description\" content=\"La misi\u00f3n civil que navegaba hacia Gaza fue abordada cerca de Creta, a cientos de millas de la Franja. Organizaciones de derechos humanos y fuentes\" \/>\n<meta property=\"og:url\" content=\"https:\/\/www.pressenza.com\/es\/2026\/04\/israel-intercepta-la-global-sumud-flotilla-en-aguas-internacionales-y-abre-una-nueva-crisis-de-derecho-internacional\/\" \/>\n<meta property=\"og:site_name\" content=\"Pressenza\" \/>\n<meta property=\"article:publisher\" content=\"https:\/\/www.facebook.com\/PressenzaItalia\" \/>\n<meta property=\"article:published_time\" content=\"2026-04-30T12:29:12+00:00\" \/>\n<meta property=\"og:image\" content=\"https:\/\/www.pressenza.com\/wp-content\/uploads\/2026\/04\/Flotilla-SUMUD-de-apoyo-a-Palestina.jpeg\" \/>\n\t<meta property=\"og:image:width\" content=\"1168\" \/>\n\t<meta property=\"og:image:height\" content=\"784\" \/>\n\t<meta property=\"og:image:type\" content=\"image\/jpeg\" \/>\n<meta name=\"author\" content=\"Claudia Aranda\" \/>\n<meta name=\"twitter:card\" content=\"summary_large_image\" \/>\n<meta name=\"twitter:creator\" content=\"@PressenzaIPA\" \/>\n<meta name=\"twitter:site\" content=\"@PressenzaIPA\" \/>\n<meta name=\"twitter:label1\" content=\"Escrito por\" \/>\n\t<meta name=\"twitter:data1\" content=\"Claudia Aranda\" \/>\n\t<meta name=\"twitter:label2\" content=\"Tiempo de lectura\" \/>\n\t<meta name=\"twitter:data2\" content=\"4 minutos\" \/>\n<script type=\"application\/ld+json\" class=\"yoast-schema-graph\">{\"@context\":\"https:\/\/schema.org\",\"@graph\":[{\"@type\":\"Article\",\"@id\":\"https:\/\/www.pressenza.com\/es\/2026\/04\/israel-intercepta-la-global-sumud-flotilla-en-aguas-internacionales-y-abre-una-nueva-crisis-de-derecho-internacional\/#article\",\"isPartOf\":{\"@id\":\"https:\/\/www.pressenza.com\/es\/2026\/04\/israel-intercepta-la-global-sumud-flotilla-en-aguas-internacionales-y-abre-una-nueva-crisis-de-derecho-internacional\/\"},\"author\":{\"name\":\"Claudia Aranda\",\"@id\":\"https:\/\/www.pressenza.com\/es\/#\/schema\/person\/7c99b7f1e26cb9e5efedc0b26a398fb5\"},\"headline\":\"Israel intercepta la Global Sumud Flotilla en aguas internacionales y abre una nueva crisis de derecho internacional\",\"datePublished\":\"2026-04-30T12:29:12+00:00\",\"mainEntityOfPage\":{\"@id\":\"https:\/\/www.pressenza.com\/es\/2026\/04\/israel-intercepta-la-global-sumud-flotilla-en-aguas-internacionales-y-abre-una-nueva-crisis-de-derecho-internacional\/\"},\"wordCount\":752,\"publisher\":{\"@id\":\"https:\/\/www.pressenza.com\/es\/#organization\"},\"image\":{\"@id\":\"https:\/\/www.pressenza.com\/es\/2026\/04\/israel-intercepta-la-global-sumud-flotilla-en-aguas-internacionales-y-abre-una-nueva-crisis-de-derecho-internacional\/#primaryimage\"},\"thumbnailUrl\":\"https:\/\/www.pressenza.com\/wp-content\/uploads\/2026\/04\/Flotilla-SUMUD-de-apoyo-a-Palestina.jpeg\",\"keywords\":[\"Asia Occidental\",\"Flotilla Sumud\",\"Israel intercepta flotilla\",\"Medio Oriente\"],\"articleSection\":[\"Asuntos internacionales\",\"Contenido Original\",\"Cultura y Medios\",\"Derechos Humanos\",\"Internacional\",\"Medio Oriente\"],\"inLanguage\":\"es\"},{\"@type\":\"WebPage\",\"@id\":\"https:\/\/www.pressenza.com\/es\/2026\/04\/israel-intercepta-la-global-sumud-flotilla-en-aguas-internacionales-y-abre-una-nueva-crisis-de-derecho-internacional\/\",\"url\":\"https:\/\/www.pressenza.com\/es\/2026\/04\/israel-intercepta-la-global-sumud-flotilla-en-aguas-internacionales-y-abre-una-nueva-crisis-de-derecho-internacional\/\",\"name\":\"Israel intercepta la Global Sumud Flotilla en aguas internacionales y abre una nueva crisis de derecho internacional\",\"isPartOf\":{\"@id\":\"https:\/\/www.pressenza.com\/es\/#website\"},\"primaryImageOfPage\":{\"@id\":\"https:\/\/www.pressenza.com\/es\/2026\/04\/israel-intercepta-la-global-sumud-flotilla-en-aguas-internacionales-y-abre-una-nueva-crisis-de-derecho-internacional\/#primaryimage\"},\"image\":{\"@id\":\"https:\/\/www.pressenza.com\/es\/2026\/04\/israel-intercepta-la-global-sumud-flotilla-en-aguas-internacionales-y-abre-una-nueva-crisis-de-derecho-internacional\/#primaryimage\"},\"thumbnailUrl\":\"https:\/\/www.pressenza.com\/wp-content\/uploads\/2026\/04\/Flotilla-SUMUD-de-apoyo-a-Palestina.jpeg\",\"datePublished\":\"2026-04-30T12:29:12+00:00\",\"description\":\"La misi\u00f3n civil que navegaba hacia Gaza fue abordada cerca de Creta, a cientos de millas de la Franja. Organizaciones de derechos humanos y fuentes\",\"breadcrumb\":{\"@id\":\"https:\/\/www.pressenza.com\/es\/2026\/04\/israel-intercepta-la-global-sumud-flotilla-en-aguas-internacionales-y-abre-una-nueva-crisis-de-derecho-internacional\/#breadcrumb\"},\"inLanguage\":\"es\",\"potentialAction\":[{\"@type\":\"ReadAction\",\"target\":[\"https:\/\/www.pressenza.com\/es\/2026\/04\/israel-intercepta-la-global-sumud-flotilla-en-aguas-internacionales-y-abre-una-nueva-crisis-de-derecho-internacional\/\"]}]},{\"@type\":\"ImageObject\",\"inLanguage\":\"es\",\"@id\":\"https:\/\/www.pressenza.com\/es\/2026\/04\/israel-intercepta-la-global-sumud-flotilla-en-aguas-internacionales-y-abre-una-nueva-crisis-de-derecho-internacional\/#primaryimage\",\"url\":\"https:\/\/www.pressenza.com\/wp-content\/uploads\/2026\/04\/Flotilla-SUMUD-de-apoyo-a-Palestina.jpeg\",\"contentUrl\":\"https:\/\/www.pressenza.com\/wp-content\/uploads\/2026\/04\/Flotilla-SUMUD-de-apoyo-a-Palestina.jpeg\",\"width\":1168,\"height\":784},{\"@type\":\"BreadcrumbList\",\"@id\":\"https:\/\/www.pressenza.com\/es\/2026\/04\/israel-intercepta-la-global-sumud-flotilla-en-aguas-internacionales-y-abre-una-nueva-crisis-de-derecho-internacional\/#breadcrumb\",\"itemListElement\":[{\"@type\":\"ListItem\",\"position\":1,\"name\":\"Accueil\",\"item\":\"https:\/\/www.pressenza.com\/es\/\"},{\"@type\":\"ListItem\",\"position\":2,\"name\":\"Israel intercepta la Global Sumud Flotilla en aguas internacionales y abre una nueva crisis de derecho internacional\"}]},{\"@type\":\"WebSite\",\"@id\":\"https:\/\/www.pressenza.com\/es\/#website\",\"url\":\"https:\/\/www.pressenza.com\/es\/\",\"name\":\"Pressenza\",\"description\":\"International Press Agency\",\"publisher\":{\"@id\":\"https:\/\/www.pressenza.com\/es\/#organization\"},\"potentialAction\":[{\"@type\":\"SearchAction\",\"target\":{\"@type\":\"EntryPoint\",\"urlTemplate\":\"https:\/\/www.pressenza.com\/es\/?s={search_term_string}\"},\"query-input\":{\"@type\":\"PropertyValueSpecification\",\"valueRequired\":true,\"valueName\":\"search_term_string\"}}],\"inLanguage\":\"es\"},{\"@type\":\"Organization\",\"@id\":\"https:\/\/www.pressenza.com\/es\/#organization\",\"name\":\"Pressenza\",\"url\":\"https:\/\/www.pressenza.com\/es\/\",\"logo\":{\"@type\":\"ImageObject\",\"inLanguage\":\"es\",\"@id\":\"https:\/\/www.pressenza.com\/es\/#\/schema\/logo\/image\/\",\"url\":\"https:\/\/www.pressenza.com\/wp-content\/uploads\/2022\/10\/pressenza_logo_200x200.jpg\",\"contentUrl\":\"https:\/\/www.pressenza.com\/wp-content\/uploads\/2022\/10\/pressenza_logo_200x200.jpg\",\"width\":200,\"height\":200,\"caption\":\"Pressenza\"},\"image\":{\"@id\":\"https:\/\/www.pressenza.com\/es\/#\/schema\/logo\/image\/\"},\"sameAs\":[\"https:\/\/www.facebook.com\/PressenzaItalia\",\"https:\/\/x.com\/PressenzaIPA\"]},{\"@type\":\"Person\",\"@id\":\"https:\/\/www.pressenza.com\/es\/#\/schema\/person\/7c99b7f1e26cb9e5efedc0b26a398fb5\",\"name\":\"Claudia Aranda\",\"description\":\"Chilean journalist specializing in Semiotics and Political Analysis. As an international analyst, she focuses on prospective analysis of social processes. Based in Montreal, Quebec, she covers news for Pressenza and explores contemporary philosophical debates within the context of current events. Her work emphasizes human rights, geopolitics, armed conflict, the environment, and technological development. She is a humanist and an activist for social justice causes.\",\"url\":\"https:\/\/www.pressenza.com\/es\/author\/claudia-aranda\/\"}]}<\/script>\n<!-- \/ Yoast SEO plugin. -->","yoast_head_json":{"title":"Israel intercepta la Global Sumud Flotilla en aguas internacionales y abre una nueva crisis de derecho internacional","description":"La misi\u00f3n civil que navegaba hacia Gaza fue abordada cerca de Creta, a cientos de millas de la Franja. Organizaciones de derechos humanos y fuentes","robots":{"index":"index","follow":"follow","max-snippet":"max-snippet:-1","max-image-preview":"max-image-preview:large","max-video-preview":"max-video-preview:-1"},"canonical":"https:\/\/www.pressenza.com\/es\/2026\/04\/israel-intercepta-la-global-sumud-flotilla-en-aguas-internacionales-y-abre-una-nueva-crisis-de-derecho-internacional\/","og_locale":"es_ES","og_type":"article","og_title":"Israel intercepta la Global Sumud Flotilla en aguas internacionales y abre una nueva crisis de derecho internacional","og_description":"La misi\u00f3n civil que navegaba hacia Gaza fue abordada cerca de Creta, a cientos de millas de la Franja. Organizaciones de derechos humanos y fuentes","og_url":"https:\/\/www.pressenza.com\/es\/2026\/04\/israel-intercepta-la-global-sumud-flotilla-en-aguas-internacionales-y-abre-una-nueva-crisis-de-derecho-internacional\/","og_site_name":"Pressenza","article_publisher":"https:\/\/www.facebook.com\/PressenzaItalia","article_published_time":"2026-04-30T12:29:12+00:00","og_image":[{"width":1168,"height":784,"url":"https:\/\/www.pressenza.com\/wp-content\/uploads\/2026\/04\/Flotilla-SUMUD-de-apoyo-a-Palestina.jpeg","type":"image\/jpeg"}],"author":"Claudia Aranda","twitter_card":"summary_large_image","twitter_creator":"@PressenzaIPA","twitter_site":"@PressenzaIPA","twitter_misc":{"Escrito por":"Claudia Aranda","Tiempo de lectura":"4 minutos"},"schema":{"@context":"https:\/\/schema.org","@graph":[{"@type":"Article","@id":"https:\/\/www.pressenza.com\/es\/2026\/04\/israel-intercepta-la-global-sumud-flotilla-en-aguas-internacionales-y-abre-una-nueva-crisis-de-derecho-internacional\/#article","isPartOf":{"@id":"https:\/\/www.pressenza.com\/es\/2026\/04\/israel-intercepta-la-global-sumud-flotilla-en-aguas-internacionales-y-abre-una-nueva-crisis-de-derecho-internacional\/"},"author":{"name":"Claudia Aranda","@id":"https:\/\/www.pressenza.com\/es\/#\/schema\/person\/7c99b7f1e26cb9e5efedc0b26a398fb5"},"headline":"Israel intercepta la Global Sumud Flotilla en aguas internacionales y abre una nueva crisis de derecho internacional","datePublished":"2026-04-30T12:29:12+00:00","mainEntityOfPage":{"@id":"https:\/\/www.pressenza.com\/es\/2026\/04\/israel-intercepta-la-global-sumud-flotilla-en-aguas-internacionales-y-abre-una-nueva-crisis-de-derecho-internacional\/"},"wordCount":752,"publisher":{"@id":"https:\/\/www.pressenza.com\/es\/#organization"},"image":{"@id":"https:\/\/www.pressenza.com\/es\/2026\/04\/israel-intercepta-la-global-sumud-flotilla-en-aguas-internacionales-y-abre-una-nueva-crisis-de-derecho-internacional\/#primaryimage"},"thumbnailUrl":"https:\/\/www.pressenza.com\/wp-content\/uploads\/2026\/04\/Flotilla-SUMUD-de-apoyo-a-Palestina.jpeg","keywords":["Asia Occidental","Flotilla Sumud","Israel intercepta flotilla","Medio Oriente"],"articleSection":["Asuntos internacionales","Contenido Original","Cultura y Medios","Derechos Humanos","Internacional","Medio Oriente"],"inLanguage":"es"},{"@type":"WebPage","@id":"https:\/\/www.pressenza.com\/es\/2026\/04\/israel-intercepta-la-global-sumud-flotilla-en-aguas-internacionales-y-abre-una-nueva-crisis-de-derecho-internacional\/","url":"https:\/\/www.pressenza.com\/es\/2026\/04\/israel-intercepta-la-global-sumud-flotilla-en-aguas-internacionales-y-abre-una-nueva-crisis-de-derecho-internacional\/","name":"Israel intercepta la Global Sumud Flotilla en aguas internacionales y abre una nueva crisis de derecho internacional","isPartOf":{"@id":"https:\/\/www.pressenza.com\/es\/#website"},"primaryImageOfPage":{"@id":"https:\/\/www.pressenza.com\/es\/2026\/04\/israel-intercepta-la-global-sumud-flotilla-en-aguas-internacionales-y-abre-una-nueva-crisis-de-derecho-internacional\/#primaryimage"},"image":{"@id":"https:\/\/www.pressenza.com\/es\/2026\/04\/israel-intercepta-la-global-sumud-flotilla-en-aguas-internacionales-y-abre-una-nueva-crisis-de-derecho-internacional\/#primaryimage"},"thumbnailUrl":"https:\/\/www.pressenza.com\/wp-content\/uploads\/2026\/04\/Flotilla-SUMUD-de-apoyo-a-Palestina.jpeg","datePublished":"2026-04-30T12:29:12+00:00","description":"La misi\u00f3n civil que navegaba hacia Gaza fue abordada cerca de Creta, a cientos de millas de la Franja. Organizaciones de derechos humanos y fuentes","breadcrumb":{"@id":"https:\/\/www.pressenza.com\/es\/2026\/04\/israel-intercepta-la-global-sumud-flotilla-en-aguas-internacionales-y-abre-una-nueva-crisis-de-derecho-internacional\/#breadcrumb"},"inLanguage":"es","potentialAction":[{"@type":"ReadAction","target":["https:\/\/www.pressenza.com\/es\/2026\/04\/israel-intercepta-la-global-sumud-flotilla-en-aguas-internacionales-y-abre-una-nueva-crisis-de-derecho-internacional\/"]}]},{"@type":"ImageObject","inLanguage":"es","@id":"https:\/\/www.pressenza.com\/es\/2026\/04\/israel-intercepta-la-global-sumud-flotilla-en-aguas-internacionales-y-abre-una-nueva-crisis-de-derecho-internacional\/#primaryimage","url":"https:\/\/www.pressenza.com\/wp-content\/uploads\/2026\/04\/Flotilla-SUMUD-de-apoyo-a-Palestina.jpeg","contentUrl":"https:\/\/www.pressenza.com\/wp-content\/uploads\/2026\/04\/Flotilla-SUMUD-de-apoyo-a-Palestina.jpeg","width":1168,"height":784},{"@type":"BreadcrumbList","@id":"https:\/\/www.pressenza.com\/es\/2026\/04\/israel-intercepta-la-global-sumud-flotilla-en-aguas-internacionales-y-abre-una-nueva-crisis-de-derecho-internacional\/#breadcrumb","itemListElement":[{"@type":"ListItem","position":1,"name":"Accueil","item":"https:\/\/www.pressenza.com\/es\/"},{"@type":"ListItem","position":2,"name":"Israel intercepta la Global Sumud Flotilla en aguas internacionales y abre una nueva crisis de derecho internacional"}]},{"@type":"WebSite","@id":"https:\/\/www.pressenza.com\/es\/#website","url":"https:\/\/www.pressenza.com\/es\/","name":"Pressenza","description":"International Press Agency","publisher":{"@id":"https:\/\/www.pressenza.com\/es\/#organization"},"potentialAction":[{"@type":"SearchAction","target":{"@type":"EntryPoint","urlTemplate":"https:\/\/www.pressenza.com\/es\/?s={search_term_string}"},"query-input":{"@type":"PropertyValueSpecification","valueRequired":true,"valueName":"search_term_string"}}],"inLanguage":"es"},{"@type":"Organization","@id":"https:\/\/www.pressenza.com\/es\/#organization","name":"Pressenza","url":"https:\/\/www.pressenza.com\/es\/","logo":{"@type":"ImageObject","inLanguage":"es","@id":"https:\/\/www.pressenza.com\/es\/#\/schema\/logo\/image\/","url":"https:\/\/www.pressenza.com\/wp-content\/uploads\/2022\/10\/pressenza_logo_200x200.jpg","contentUrl":"https:\/\/www.pressenza.com\/wp-content\/uploads\/2022\/10\/pressenza_logo_200x200.jpg","width":200,"height":200,"caption":"Pressenza"},"image":{"@id":"https:\/\/www.pressenza.com\/es\/#\/schema\/logo\/image\/"},"sameAs":["https:\/\/www.facebook.com\/PressenzaItalia","https:\/\/x.com\/PressenzaIPA"]},{"@type":"Person","@id":"https:\/\/www.pressenza.com\/es\/#\/schema\/person\/7c99b7f1e26cb9e5efedc0b26a398fb5","name":"Claudia Aranda","description":"Chilean journalist specializing in Semiotics and Political Analysis. As an international analyst, she focuses on prospective analysis of social processes. Based in Montreal, Quebec, she covers news for Pressenza and explores contemporary philosophical debates within the context of current events. Her work emphasizes human rights, geopolitics, armed conflict, the environment, and technological development. She is a humanist and an activist for social justice causes.","url":"https:\/\/www.pressenza.com\/es\/author\/claudia-aranda\/"}]}},"place":"Medio Oriente, Asia occidental","original_article_url":"","_links":{"self":[{"href":"https:\/\/www.pressenza.com\/es\/wp-json\/wp\/v2\/posts\/2696721","targetHints":{"allow":["GET"]}}],"collection":[{"href":"https:\/\/www.pressenza.com\/es\/wp-json\/wp\/v2\/posts"}],"about":[{"href":"https:\/\/www.pressenza.com\/es\/wp-json\/wp\/v2\/types\/post"}],"author":[{"embeddable":true,"href":"https:\/\/www.pressenza.com\/es\/wp-json\/wp\/v2\/users\/1757"}],"replies":[{"embeddable":true,"href":"https:\/\/www.pressenza.com\/es\/wp-json\/wp\/v2\/comments?post=2696721"}],"version-history":[{"count":2,"href":"https:\/\/www.pressenza.com\/es\/wp-json\/wp\/v2\/posts\/2696721\/revisions"}],"predecessor-version":[{"id":2696729,"href":"https:\/\/www.pressenza.com\/es\/wp-json\/wp\/v2\/posts\/2696721\/revisions\/2696729"}],"wp:featuredmedia":[{"embeddable":true,"href":"https:\/\/www.pressenza.com\/es\/wp-json\/wp\/v2\/media\/2696728"}],"wp:attachment":[{"href":"https:\/\/www.pressenza.com\/es\/wp-json\/wp\/v2\/media?parent=2696721"}],"wp:term":[{"taxonomy":"category","embeddable":true,"href":"https:\/\/www.pressenza.com\/es\/wp-json\/wp\/v2\/categories?post=2696721"},{"taxonomy":"post_tag","embeddable":true,"href":"https:\/\/www.pressenza.com\/es\/wp-json\/wp\/v2\/tags?post=2696721"}],"curies":[{"name":"wp","href":"https:\/\/api.w.org\/{rel}","templated":true}]}}