{"id":2696625,"date":"2026-04-30T03:25:07","date_gmt":"2026-04-30T02:25:07","guid":{"rendered":"https:\/\/www.pressenza.com\/?p=2696625"},"modified":"2026-04-30T03:25:07","modified_gmt":"2026-04-30T02:25:07","slug":"cuando-la-culpa-se-convierte-en-pesadilla-el-crimen-de-ema","status":"publish","type":"post","link":"https:\/\/www.pressenza.com\/es\/2026\/04\/cuando-la-culpa-se-convierte-en-pesadilla-el-crimen-de-ema\/","title":{"rendered":"Cuando la culpa se convierte en pesadilla: \u00abEl crimen de Ema\u00bb"},"content":{"rendered":"<h3><b>\u00bfQu\u00e9 har\u00edas si de pronto te vieras con las manos ensangrentadas y con el cuerpo de tu marido tendido en la cama? As\u00ed comienza\u00a0<i>El crimen de Ema<\/i>, la nueva novela de Mar\u00eda Eugenia Lorenzini, un thriller psicol\u00f3gico que explora los l\u00edmites de la culpa, la memoria y la identidad. La novela ser\u00e1 presentada el s\u00e1bado 9 de mayo a las 12:00 horas en la Corporaci\u00f3n Cultural Las Condes.<\/b><\/h3>\n<p>Un segundo. Un cuchillo. Y una vida que cambia para siempre. As\u00ed comienza\u00a0<i>El crimen de Ema<\/i>\u00a0de Mar\u00eda Eugenia Lorenzini, la nueva apuesta literaria de Editorial Forja. Un thriller psicol\u00f3gico intenso y adictivo que sumerge al lector en una historia donde la memoria falla, la culpa persigue y la verdad nunca es lo que aparenta.<br \/>\nEma no recuerda detalles de lo ocurrido, pero hay algo que no puede negar: la sangre en sus manos y el cuerpo de su marido. A partir de ese instante, inicia una fuga desesperada, sin dinero y sin documentos. Pero hay algo que no logra dejar atr\u00e1s: su propia conciencia.<\/p>\n<p>\u00abQuise escribir una novela en donde el crimen no fuera solo un hecho que investigar, sino una grieta en la vida de una mujer a trav\u00e9s de la cual se asoma la violencia, la persecuci\u00f3n y el deseo de huir de uno mismo. Porque Ema no solo huye de lo que hizo y de quienes la persiguen, huye de quien es\u00bb, dice la escritora.<\/p>\n<p>La novela avanza con un ritmo vertiginoso, arrastrando al lector por una trama cargada de tensi\u00f3n, giros inesperados y una pregunta que resuena a lo largo de toda la historia: \u00bfhasta d\u00f3nde es posible escapar de uno mismo?<\/p>\n<p>\u201cAsesinato, fuga irreflexiva y un mundo en que nada es lo que parece ser, son los elementos fundamentales con que Mar\u00eda Eugenia Lorenzini teje la trama de\u00a0<b><i>El crimen de Ema<\/i><\/b>, una novela magistral\u201d. As\u00ed la describe el escritor Claudio Rojas.<br \/>\nY es que con un formidable manejo del suspenso psicol\u00f3gico, Mar\u00eda Eugenia Lorenzini construye un relato inquietante, donde la identidad se fragmenta y cada decisi\u00f3n acerca m\u00e1s a su protagonista al l\u00edmite.\u00a0<b><i>El crimen de Ema<\/i><\/b>\u00a0se posiciona como una lectura imperdible para quienes buscan historias intensas, provocadoras y dif\u00edciles de soltar.<\/p>\n<p><b>Sobre la autora<\/b><br \/>\nMar\u00eda Eugenia Lorenzini Pizarro es escritora y editora, reconocida por su s\u00f3lida trayectoria en la narrativa chilena contempor\u00e1nea. Debut\u00f3 con\u00a0<i>Despu\u00e9s de ayer<\/i>\u00a0(1994), novela que fue adaptada al teatro en Buenos Aires, y consolid\u00f3 su carrera con\u00a0<i>Sewell: luces, sombras y abandono<\/i>\u00a0(2003), destacada como una de las obras relevantes del siglo XXI por la acad\u00e9mica Rub\u00ed Carre\u00f1o. Ambas superan las diez ediciones y forman parte de lecturas escolares. Posteriormente public\u00f3\u00a0<i>Escucha, coraz\u00f3n\u00a0<\/i>(2016) y\u00a0<i>El silencio de Irene<\/i>\u00a0(2024), esta \u00faltima presente en la lista de los m\u00e1s vendidos de El Mercurio.<\/p>\n<p><b><i>El crimen de Ema<\/i><\/b>\u00a0ya est\u00e1 en preventa en librer\u00edas Ant\u00e1rtica.<\/p>\n","protected":false},"excerpt":{"rendered":"<p>\u00bfQu\u00e9 har\u00edas si de pronto te vieras con las manos ensangrentadas y con el cuerpo de tu marido tendido en la cama? As\u00ed comienza\u00a0El crimen de Ema, la nueva novela de Mar\u00eda Eugenia Lorenzini, un thriller psicol\u00f3gico que explora los&hellip;<\/p>\n","protected":false},"author":2011,"featured_media":2696629,"comment_status":"closed","ping_status":"closed","sticky":false,"template":"","format":"standard","meta":{"footnotes":""},"categories":[149,75,1230,67],"tags":[156144,156145,156146,156147],"class_list":["post-2696625","post","type-post","status-publish","format-standard","has-post-thumbnail","hentry","category-comunicados-de-prensa","category-cultura-es","category-educacion-tema","category-sudamerica","tag-el-crimen-de-ema","tag-forja-editores","tag-maria-eugenia-lorenzini","tag-thriller-psicologico"],"yoast_head":"<!-- This site is optimized with the Yoast SEO plugin v27.1.1 - https:\/\/yoast.com\/product\/yoast-seo-wordpress\/ -->\n<title>Cuando la culpa se convierte en pesadilla: &quot;El crimen de Ema&quot;<\/title>\n<meta name=\"description\" content=\"\u00bfQu\u00e9 har\u00edas si de pronto te vieras con las manos ensangrentadas y con el cuerpo de tu marido tendido en la cama? As\u00ed comienza\u00a0El crimen de Ema, la nueva\" \/>\n<meta name=\"robots\" content=\"index, follow, max-snippet:-1, max-image-preview:large, max-video-preview:-1\" \/>\n<link rel=\"canonical\" href=\"https:\/\/www.pressenza.com\/es\/2026\/04\/cuando-la-culpa-se-convierte-en-pesadilla-el-crimen-de-ema\/\" \/>\n<meta property=\"og:locale\" content=\"es_ES\" \/>\n<meta property=\"og:type\" content=\"article\" \/>\n<meta property=\"og:title\" content=\"Cuando la culpa se convierte en pesadilla: &quot;El crimen de Ema&quot;\" \/>\n<meta property=\"og:description\" content=\"\u00bfQu\u00e9 har\u00edas si de pronto te vieras con las manos ensangrentadas y con el cuerpo de tu marido tendido en la cama? As\u00ed comienza\u00a0El crimen de Ema, la nueva\" \/>\n<meta property=\"og:url\" content=\"https:\/\/www.pressenza.com\/es\/2026\/04\/cuando-la-culpa-se-convierte-en-pesadilla-el-crimen-de-ema\/\" \/>\n<meta property=\"og:site_name\" content=\"Pressenza\" \/>\n<meta property=\"article:publisher\" content=\"https:\/\/www.facebook.com\/PressenzaItalia\" \/>\n<meta property=\"article:published_time\" content=\"2026-04-30T02:25:07+00:00\" \/>\n<meta property=\"og:image\" content=\"https:\/\/www.pressenza.com\/wp-content\/uploads\/2026\/04\/El-crimen-de-Ema.jpg\" \/>\n\t<meta property=\"og:image:width\" content=\"1200\" \/>\n\t<meta property=\"og:image:height\" content=\"935\" \/>\n\t<meta property=\"og:image:type\" content=\"image\/jpeg\" \/>\n<meta name=\"author\" content=\"Mariana Hales Beseler\" \/>\n<meta name=\"twitter:card\" content=\"summary_large_image\" \/>\n<meta name=\"twitter:creator\" content=\"@PressenzaIPA\" \/>\n<meta name=\"twitter:site\" content=\"@PressenzaIPA\" \/>\n<meta name=\"twitter:label1\" content=\"Escrito por\" \/>\n\t<meta name=\"twitter:data1\" content=\"Mariana Hales Beseler\" \/>\n\t<meta name=\"twitter:label2\" content=\"Tiempo de lectura\" \/>\n\t<meta name=\"twitter:data2\" content=\"3 minutos\" \/>\n<script type=\"application\/ld+json\" class=\"yoast-schema-graph\">{\"@context\":\"https:\/\/schema.org\",\"@graph\":[{\"@type\":\"Article\",\"@id\":\"https:\/\/www.pressenza.com\/es\/2026\/04\/cuando-la-culpa-se-convierte-en-pesadilla-el-crimen-de-ema\/#article\",\"isPartOf\":{\"@id\":\"https:\/\/www.pressenza.com\/es\/2026\/04\/cuando-la-culpa-se-convierte-en-pesadilla-el-crimen-de-ema\/\"},\"author\":{\"name\":\"Mariana Hales Beseler\",\"@id\":\"https:\/\/www.pressenza.com\/es\/#\/schema\/person\/03ad45693deae00354a5a14ad538ed1e\"},\"headline\":\"Cuando la culpa se convierte en pesadilla: \u00abEl crimen de Ema\u00bb\",\"datePublished\":\"2026-04-30T02:25:07+00:00\",\"mainEntityOfPage\":{\"@id\":\"https:\/\/www.pressenza.com\/es\/2026\/04\/cuando-la-culpa-se-convierte-en-pesadilla-el-crimen-de-ema\/\"},\"wordCount\":513,\"publisher\":{\"@id\":\"https:\/\/www.pressenza.com\/es\/#organization\"},\"image\":{\"@id\":\"https:\/\/www.pressenza.com\/es\/2026\/04\/cuando-la-culpa-se-convierte-en-pesadilla-el-crimen-de-ema\/#primaryimage\"},\"thumbnailUrl\":\"https:\/\/www.pressenza.com\/wp-content\/uploads\/2026\/04\/El-crimen-de-Ema.jpg\",\"keywords\":[\"El crimen de Ema\",\"Forja Editores\",\"Mar\u00eda Eugenia Lorenzini\",\"thriller psicol\u00f3gico\"],\"articleSection\":[\"Comunicados de Prensa\",\"Cultura y Medios\",\"Educaci\u00f3n\",\"Sudam\u00e9rica\"],\"inLanguage\":\"es\"},{\"@type\":\"WebPage\",\"@id\":\"https:\/\/www.pressenza.com\/es\/2026\/04\/cuando-la-culpa-se-convierte-en-pesadilla-el-crimen-de-ema\/\",\"url\":\"https:\/\/www.pressenza.com\/es\/2026\/04\/cuando-la-culpa-se-convierte-en-pesadilla-el-crimen-de-ema\/\",\"name\":\"Cuando la culpa se convierte en pesadilla: \\\"El crimen de Ema\\\"\",\"isPartOf\":{\"@id\":\"https:\/\/www.pressenza.com\/es\/#website\"},\"primaryImageOfPage\":{\"@id\":\"https:\/\/www.pressenza.com\/es\/2026\/04\/cuando-la-culpa-se-convierte-en-pesadilla-el-crimen-de-ema\/#primaryimage\"},\"image\":{\"@id\":\"https:\/\/www.pressenza.com\/es\/2026\/04\/cuando-la-culpa-se-convierte-en-pesadilla-el-crimen-de-ema\/#primaryimage\"},\"thumbnailUrl\":\"https:\/\/www.pressenza.com\/wp-content\/uploads\/2026\/04\/El-crimen-de-Ema.jpg\",\"datePublished\":\"2026-04-30T02:25:07+00:00\",\"description\":\"\u00bfQu\u00e9 har\u00edas si de pronto te vieras con las manos ensangrentadas y con el cuerpo de tu marido tendido en la cama? As\u00ed comienza\u00a0El crimen de Ema, la nueva\",\"breadcrumb\":{\"@id\":\"https:\/\/www.pressenza.com\/es\/2026\/04\/cuando-la-culpa-se-convierte-en-pesadilla-el-crimen-de-ema\/#breadcrumb\"},\"inLanguage\":\"es\",\"potentialAction\":[{\"@type\":\"ReadAction\",\"target\":[\"https:\/\/www.pressenza.com\/es\/2026\/04\/cuando-la-culpa-se-convierte-en-pesadilla-el-crimen-de-ema\/\"]}]},{\"@type\":\"ImageObject\",\"inLanguage\":\"es\",\"@id\":\"https:\/\/www.pressenza.com\/es\/2026\/04\/cuando-la-culpa-se-convierte-en-pesadilla-el-crimen-de-ema\/#primaryimage\",\"url\":\"https:\/\/www.pressenza.com\/wp-content\/uploads\/2026\/04\/El-crimen-de-Ema.jpg\",\"contentUrl\":\"https:\/\/www.pressenza.com\/wp-content\/uploads\/2026\/04\/El-crimen-de-Ema.jpg\",\"width\":1200,\"height\":935},{\"@type\":\"BreadcrumbList\",\"@id\":\"https:\/\/www.pressenza.com\/es\/2026\/04\/cuando-la-culpa-se-convierte-en-pesadilla-el-crimen-de-ema\/#breadcrumb\",\"itemListElement\":[{\"@type\":\"ListItem\",\"position\":1,\"name\":\"Accueil\",\"item\":\"https:\/\/www.pressenza.com\/es\/\"},{\"@type\":\"ListItem\",\"position\":2,\"name\":\"Cuando la culpa se convierte en pesadilla: &#8220;El crimen de Ema&#8221;\"}]},{\"@type\":\"WebSite\",\"@id\":\"https:\/\/www.pressenza.com\/es\/#website\",\"url\":\"https:\/\/www.pressenza.com\/es\/\",\"name\":\"Pressenza\",\"description\":\"International Press Agency\",\"publisher\":{\"@id\":\"https:\/\/www.pressenza.com\/es\/#organization\"},\"potentialAction\":[{\"@type\":\"SearchAction\",\"target\":{\"@type\":\"EntryPoint\",\"urlTemplate\":\"https:\/\/www.pressenza.com\/es\/?s={search_term_string}\"},\"query-input\":{\"@type\":\"PropertyValueSpecification\",\"valueRequired\":true,\"valueName\":\"search_term_string\"}}],\"inLanguage\":\"es\"},{\"@type\":\"Organization\",\"@id\":\"https:\/\/www.pressenza.com\/es\/#organization\",\"name\":\"Pressenza\",\"url\":\"https:\/\/www.pressenza.com\/es\/\",\"logo\":{\"@type\":\"ImageObject\",\"inLanguage\":\"es\",\"@id\":\"https:\/\/www.pressenza.com\/es\/#\/schema\/logo\/image\/\",\"url\":\"https:\/\/www.pressenza.com\/wp-content\/uploads\/2022\/10\/pressenza_logo_200x200.jpg\",\"contentUrl\":\"https:\/\/www.pressenza.com\/wp-content\/uploads\/2022\/10\/pressenza_logo_200x200.jpg\",\"width\":200,\"height\":200,\"caption\":\"Pressenza\"},\"image\":{\"@id\":\"https:\/\/www.pressenza.com\/es\/#\/schema\/logo\/image\/\"},\"sameAs\":[\"https:\/\/www.facebook.com\/PressenzaItalia\",\"https:\/\/x.com\/PressenzaIPA\"]},{\"@type\":\"Person\",\"@id\":\"https:\/\/www.pressenza.com\/es\/#\/schema\/person\/03ad45693deae00354a5a14ad538ed1e\",\"name\":\"Mariana Hales Beseler\",\"description\":\"Periodista chilena. Desde el a\u00f1o 2003 trabaja en distintas editoriales como encargada de comunicaciones, en relaci\u00f3n con muchos autores y sus creaciones. El a\u00f1o 2012 cre\u00f3 una oficina de servicios editoriales y comunicacionales a trav\u00e9s de la cual hace prensa y difusi\u00f3n, asesor\u00edas para autores y temas relacionados a la edici\u00f3n y publicaci\u00f3n de libros. Desde ese mismo a\u00f1o trabaja con Chilevisi\u00f3n para la concreci\u00f3n del proyecto audiovisual \\\"In\u00e9s\\\", basado en el libro \\\"In\u00e9s del Alma M\u00eda\\\" de Isabel Allende, el que pr\u00f3ximamente ser\u00e1 exhibido en Chile.\",\"sameAs\":[\"http:\/\/www.marianahales.com\/\"],\"url\":\"https:\/\/www.pressenza.com\/es\/author\/mariana-hales-beseler\/\"}]}<\/script>\n<!-- \/ Yoast SEO plugin. -->","yoast_head_json":{"title":"Cuando la culpa se convierte en pesadilla: \"El crimen de Ema\"","description":"\u00bfQu\u00e9 har\u00edas si de pronto te vieras con las manos ensangrentadas y con el cuerpo de tu marido tendido en la cama? As\u00ed comienza\u00a0El crimen de Ema, la nueva","robots":{"index":"index","follow":"follow","max-snippet":"max-snippet:-1","max-image-preview":"max-image-preview:large","max-video-preview":"max-video-preview:-1"},"canonical":"https:\/\/www.pressenza.com\/es\/2026\/04\/cuando-la-culpa-se-convierte-en-pesadilla-el-crimen-de-ema\/","og_locale":"es_ES","og_type":"article","og_title":"Cuando la culpa se convierte en pesadilla: \"El crimen de Ema\"","og_description":"\u00bfQu\u00e9 har\u00edas si de pronto te vieras con las manos ensangrentadas y con el cuerpo de tu marido tendido en la cama? As\u00ed comienza\u00a0El crimen de Ema, la nueva","og_url":"https:\/\/www.pressenza.com\/es\/2026\/04\/cuando-la-culpa-se-convierte-en-pesadilla-el-crimen-de-ema\/","og_site_name":"Pressenza","article_publisher":"https:\/\/www.facebook.com\/PressenzaItalia","article_published_time":"2026-04-30T02:25:07+00:00","og_image":[{"width":1200,"height":935,"url":"https:\/\/www.pressenza.com\/wp-content\/uploads\/2026\/04\/El-crimen-de-Ema.jpg","type":"image\/jpeg"}],"author":"Mariana Hales Beseler","twitter_card":"summary_large_image","twitter_creator":"@PressenzaIPA","twitter_site":"@PressenzaIPA","twitter_misc":{"Escrito por":"Mariana Hales Beseler","Tiempo de lectura":"3 minutos"},"schema":{"@context":"https:\/\/schema.org","@graph":[{"@type":"Article","@id":"https:\/\/www.pressenza.com\/es\/2026\/04\/cuando-la-culpa-se-convierte-en-pesadilla-el-crimen-de-ema\/#article","isPartOf":{"@id":"https:\/\/www.pressenza.com\/es\/2026\/04\/cuando-la-culpa-se-convierte-en-pesadilla-el-crimen-de-ema\/"},"author":{"name":"Mariana Hales Beseler","@id":"https:\/\/www.pressenza.com\/es\/#\/schema\/person\/03ad45693deae00354a5a14ad538ed1e"},"headline":"Cuando la culpa se convierte en pesadilla: \u00abEl crimen de Ema\u00bb","datePublished":"2026-04-30T02:25:07+00:00","mainEntityOfPage":{"@id":"https:\/\/www.pressenza.com\/es\/2026\/04\/cuando-la-culpa-se-convierte-en-pesadilla-el-crimen-de-ema\/"},"wordCount":513,"publisher":{"@id":"https:\/\/www.pressenza.com\/es\/#organization"},"image":{"@id":"https:\/\/www.pressenza.com\/es\/2026\/04\/cuando-la-culpa-se-convierte-en-pesadilla-el-crimen-de-ema\/#primaryimage"},"thumbnailUrl":"https:\/\/www.pressenza.com\/wp-content\/uploads\/2026\/04\/El-crimen-de-Ema.jpg","keywords":["El crimen de Ema","Forja Editores","Mar\u00eda Eugenia Lorenzini","thriller psicol\u00f3gico"],"articleSection":["Comunicados de Prensa","Cultura y Medios","Educaci\u00f3n","Sudam\u00e9rica"],"inLanguage":"es"},{"@type":"WebPage","@id":"https:\/\/www.pressenza.com\/es\/2026\/04\/cuando-la-culpa-se-convierte-en-pesadilla-el-crimen-de-ema\/","url":"https:\/\/www.pressenza.com\/es\/2026\/04\/cuando-la-culpa-se-convierte-en-pesadilla-el-crimen-de-ema\/","name":"Cuando la culpa se convierte en pesadilla: \"El crimen de Ema\"","isPartOf":{"@id":"https:\/\/www.pressenza.com\/es\/#website"},"primaryImageOfPage":{"@id":"https:\/\/www.pressenza.com\/es\/2026\/04\/cuando-la-culpa-se-convierte-en-pesadilla-el-crimen-de-ema\/#primaryimage"},"image":{"@id":"https:\/\/www.pressenza.com\/es\/2026\/04\/cuando-la-culpa-se-convierte-en-pesadilla-el-crimen-de-ema\/#primaryimage"},"thumbnailUrl":"https:\/\/www.pressenza.com\/wp-content\/uploads\/2026\/04\/El-crimen-de-Ema.jpg","datePublished":"2026-04-30T02:25:07+00:00","description":"\u00bfQu\u00e9 har\u00edas si de pronto te vieras con las manos ensangrentadas y con el cuerpo de tu marido tendido en la cama? As\u00ed comienza\u00a0El crimen de Ema, la nueva","breadcrumb":{"@id":"https:\/\/www.pressenza.com\/es\/2026\/04\/cuando-la-culpa-se-convierte-en-pesadilla-el-crimen-de-ema\/#breadcrumb"},"inLanguage":"es","potentialAction":[{"@type":"ReadAction","target":["https:\/\/www.pressenza.com\/es\/2026\/04\/cuando-la-culpa-se-convierte-en-pesadilla-el-crimen-de-ema\/"]}]},{"@type":"ImageObject","inLanguage":"es","@id":"https:\/\/www.pressenza.com\/es\/2026\/04\/cuando-la-culpa-se-convierte-en-pesadilla-el-crimen-de-ema\/#primaryimage","url":"https:\/\/www.pressenza.com\/wp-content\/uploads\/2026\/04\/El-crimen-de-Ema.jpg","contentUrl":"https:\/\/www.pressenza.com\/wp-content\/uploads\/2026\/04\/El-crimen-de-Ema.jpg","width":1200,"height":935},{"@type":"BreadcrumbList","@id":"https:\/\/www.pressenza.com\/es\/2026\/04\/cuando-la-culpa-se-convierte-en-pesadilla-el-crimen-de-ema\/#breadcrumb","itemListElement":[{"@type":"ListItem","position":1,"name":"Accueil","item":"https:\/\/www.pressenza.com\/es\/"},{"@type":"ListItem","position":2,"name":"Cuando la culpa se convierte en pesadilla: &#8220;El crimen de Ema&#8221;"}]},{"@type":"WebSite","@id":"https:\/\/www.pressenza.com\/es\/#website","url":"https:\/\/www.pressenza.com\/es\/","name":"Pressenza","description":"International Press Agency","publisher":{"@id":"https:\/\/www.pressenza.com\/es\/#organization"},"potentialAction":[{"@type":"SearchAction","target":{"@type":"EntryPoint","urlTemplate":"https:\/\/www.pressenza.com\/es\/?s={search_term_string}"},"query-input":{"@type":"PropertyValueSpecification","valueRequired":true,"valueName":"search_term_string"}}],"inLanguage":"es"},{"@type":"Organization","@id":"https:\/\/www.pressenza.com\/es\/#organization","name":"Pressenza","url":"https:\/\/www.pressenza.com\/es\/","logo":{"@type":"ImageObject","inLanguage":"es","@id":"https:\/\/www.pressenza.com\/es\/#\/schema\/logo\/image\/","url":"https:\/\/www.pressenza.com\/wp-content\/uploads\/2022\/10\/pressenza_logo_200x200.jpg","contentUrl":"https:\/\/www.pressenza.com\/wp-content\/uploads\/2022\/10\/pressenza_logo_200x200.jpg","width":200,"height":200,"caption":"Pressenza"},"image":{"@id":"https:\/\/www.pressenza.com\/es\/#\/schema\/logo\/image\/"},"sameAs":["https:\/\/www.facebook.com\/PressenzaItalia","https:\/\/x.com\/PressenzaIPA"]},{"@type":"Person","@id":"https:\/\/www.pressenza.com\/es\/#\/schema\/person\/03ad45693deae00354a5a14ad538ed1e","name":"Mariana Hales Beseler","description":"Periodista chilena. Desde el a\u00f1o 2003 trabaja en distintas editoriales como encargada de comunicaciones, en relaci\u00f3n con muchos autores y sus creaciones. El a\u00f1o 2012 cre\u00f3 una oficina de servicios editoriales y comunicacionales a trav\u00e9s de la cual hace prensa y difusi\u00f3n, asesor\u00edas para autores y temas relacionados a la edici\u00f3n y publicaci\u00f3n de libros. Desde ese mismo a\u00f1o trabaja con Chilevisi\u00f3n para la concreci\u00f3n del proyecto audiovisual \"In\u00e9s\", basado en el libro \"In\u00e9s del Alma M\u00eda\" de Isabel Allende, el que pr\u00f3ximamente ser\u00e1 exhibido en Chile.","sameAs":["http:\/\/www.marianahales.com\/"],"url":"https:\/\/www.pressenza.com\/es\/author\/mariana-hales-beseler\/"}]}},"place":"Chile","original_article_url":"","_links":{"self":[{"href":"https:\/\/www.pressenza.com\/es\/wp-json\/wp\/v2\/posts\/2696625","targetHints":{"allow":["GET"]}}],"collection":[{"href":"https:\/\/www.pressenza.com\/es\/wp-json\/wp\/v2\/posts"}],"about":[{"href":"https:\/\/www.pressenza.com\/es\/wp-json\/wp\/v2\/types\/post"}],"author":[{"embeddable":true,"href":"https:\/\/www.pressenza.com\/es\/wp-json\/wp\/v2\/users\/2011"}],"replies":[{"embeddable":true,"href":"https:\/\/www.pressenza.com\/es\/wp-json\/wp\/v2\/comments?post=2696625"}],"version-history":[{"count":1,"href":"https:\/\/www.pressenza.com\/es\/wp-json\/wp\/v2\/posts\/2696625\/revisions"}],"predecessor-version":[{"id":2696627,"href":"https:\/\/www.pressenza.com\/es\/wp-json\/wp\/v2\/posts\/2696625\/revisions\/2696627"}],"wp:featuredmedia":[{"embeddable":true,"href":"https:\/\/www.pressenza.com\/es\/wp-json\/wp\/v2\/media\/2696629"}],"wp:attachment":[{"href":"https:\/\/www.pressenza.com\/es\/wp-json\/wp\/v2\/media?parent=2696625"}],"wp:term":[{"taxonomy":"category","embeddable":true,"href":"https:\/\/www.pressenza.com\/es\/wp-json\/wp\/v2\/categories?post=2696625"},{"taxonomy":"post_tag","embeddable":true,"href":"https:\/\/www.pressenza.com\/es\/wp-json\/wp\/v2\/tags?post=2696625"}],"curies":[{"name":"wp","href":"https:\/\/api.w.org\/{rel}","templated":true}]}}