{"id":2696543,"date":"2026-04-29T18:30:17","date_gmt":"2026-04-29T17:30:17","guid":{"rendered":"https:\/\/www.pressenza.com\/?p=2696543"},"modified":"2026-04-29T18:30:17","modified_gmt":"2026-04-29T17:30:17","slug":"kings-march-una-oportunidad-perdida","status":"publish","type":"post","link":"https:\/\/www.pressenza.com\/es\/2026\/04\/kings-march-una-oportunidad-perdida\/","title":{"rendered":"King&#8217;s March: Una oportunidad perdida"},"content":{"rendered":"<p>El 28 de abril, el rey Carlos III y la reina Camilla fueron recibidos en la Casa Blanca con una ceremonia de bienvenida con asistencia completa del Estado: sobrevuelo militar, saludos de ca\u00f1\u00f3nes y todos los s\u00edmbolos de poder y continuidad. Fue la segunda vez un monarca brit\u00e1nico se dirigi\u00f3 al Congreso.<\/p>\n<p><strong>Y, sin embargo, en un pa\u00eds que ha visto tres grandes movilizaciones \u201cNo Kings\u201d durante este a\u00f1o,\u00a0 cada uno con entre tres y siete millones de personas manifest\u00e1ndose en las calles, \u00a0el silencio en este momento es sorprendente.<\/strong><\/p>\n<p>En una \u00e9poca definida por la comunicaci\u00f3n y la visibilidad masiva, esto fue como una oportunidad perdida. Los medios de comunicaci\u00f3n globales se han llenado de im\u00e1genes de ceremonias, alianza y continuidad, pero no de disenso. No est\u00e1n los millones de estadounidenses que, hace apenas unas semanas, demostraron su rechazo a la concentraci\u00f3n de poder, al espect\u00e1culo pol\u00edtico y reclamaron contra la tendencia de la actual administraci\u00f3n hacia la guerra. La profunda incomodidad, y, para muchos, la repugnancia absoluta, respecto de las acciones y del tono del Presidente sigue siendo en gran medida invisible.<\/p>\n<p>Uno no puede dejar de preguntarse qu\u00e9 podr\u00eda haber hecho Martin Luther King Jr. o Mahatma Gandhi en este momento: pararse, visible y pac\u00edficamente, ante un s\u00edmbolo tan potente de contradicci\u00f3n, un monarca brit\u00e1nico honrado en el 250 avo aniversario de la Declaraci\u00f3n de Independencia de los Estados Unidos. La iron\u00eda raya en lo absurdo.<\/p>\n<p>Pero quiz\u00e1s lo que m\u00e1s destaca no es el espect\u00e1culo en s\u00ed mismo, es la ausencia de convergencia. Despu\u00e9s de demostrar que millones pueden movilizarse, \u00bfpor qu\u00e9 no aqu\u00ed? \u00bfPor qu\u00e9 no ahora? \u00bfPor qu\u00e9 no aprovechar un momento en el que el mundo est\u00e1 mirando?<\/p>\n<p>\u00bfC\u00f3mo transformamos a los Estados Unidos si no podemos unirnos, una y otra vez, para expresar una visi\u00f3n diferente: una Am\u00e9rica enraizada en la diversidad, la solidaridad y el coraje de defender visiblemente algo verdaderamente diferente?<\/p>\n<p>El espect\u00e1culo contin\u00faa. Esta vez, sin embargo, hemos elegido no entrar al escenario.<\/p>\n","protected":false},"excerpt":{"rendered":"<p>El 28 de abril, el rey Carlos III y la reina Camilla fueron recibidos en la Casa Blanca con una ceremonia de bienvenida con asistencia completa del Estado: sobrevuelo militar, saludos de ca\u00f1\u00f3nes y todos los s\u00edmbolos de poder y&hellip;<\/p>\n","protected":false},"author":33,"featured_media":2696548,"comment_status":"closed","ping_status":"closed","sticky":false,"template":"","format":"standard","meta":{"footnotes":""},"categories":[11389,111168,68,161,74],"tags":[10793,148427,394],"class_list":["post-2696543","post","type-post","status-publish","format-standard","has-post-thumbnail","hentry","category-contenido-original","category-feature-es","category-norteamerica","category-opiniones","category-politica-es","tag-estados-unidos-de-norteamerica","tag-no-kings","tag-protestas-sociales"],"yoast_head":"<!-- This site is optimized with the Yoast SEO plugin v27.1.1 - https:\/\/yoast.com\/product\/yoast-seo-wordpress\/ -->\n<title>King&#039;s March: Una oportunidad perdida<\/title>\n<meta name=\"description\" content=\"El 28 de abril, el rey Carlos III y la reina Camilla fueron recibidos en la Casa Blanca con una ceremonia de bienvenida con asistencia completa del\" \/>\n<meta name=\"robots\" content=\"index, follow, max-snippet:-1, max-image-preview:large, max-video-preview:-1\" \/>\n<link rel=\"canonical\" href=\"https:\/\/www.pressenza.com\/es\/2026\/04\/kings-march-una-oportunidad-perdida\/\" \/>\n<meta property=\"og:locale\" content=\"es_ES\" \/>\n<meta property=\"og:type\" content=\"article\" \/>\n<meta property=\"og:title\" content=\"King&#039;s March: Una oportunidad perdida\" \/>\n<meta property=\"og:description\" content=\"El 28 de abril, el rey Carlos III y la reina Camilla fueron recibidos en la Casa Blanca con una ceremonia de bienvenida con asistencia completa del\" \/>\n<meta property=\"og:url\" content=\"https:\/\/www.pressenza.com\/es\/2026\/04\/kings-march-una-oportunidad-perdida\/\" \/>\n<meta property=\"og:site_name\" content=\"Pressenza\" \/>\n<meta property=\"article:publisher\" content=\"https:\/\/www.facebook.com\/PressenzaItalia\" \/>\n<meta property=\"article:author\" content=\"https:\/\/www.facebook.com\/DavidAnderssonNYC\" \/>\n<meta property=\"article:published_time\" content=\"2026-04-29T17:30:17+00:00\" \/>\n<meta property=\"og:image\" content=\"https:\/\/www.pressenza.com\/wp-content\/uploads\/2026\/04\/No-King-March-NYC-1.jpeg\" \/>\n\t<meta property=\"og:image:width\" content=\"1920\" \/>\n\t<meta property=\"og:image:height\" content=\"1440\" \/>\n\t<meta property=\"og:image:type\" content=\"image\/jpeg\" \/>\n<meta name=\"author\" content=\"David Andersson\" \/>\n<meta name=\"twitter:card\" content=\"summary_large_image\" \/>\n<meta name=\"twitter:creator\" content=\"@davidandersson\" \/>\n<meta name=\"twitter:site\" content=\"@PressenzaIPA\" \/>\n<meta name=\"twitter:label1\" content=\"Escrito por\" \/>\n\t<meta name=\"twitter:data1\" content=\"David Andersson\" \/>\n\t<meta name=\"twitter:label2\" content=\"Tiempo de lectura\" \/>\n\t<meta name=\"twitter:data2\" content=\"2 minutos\" \/>\n<script type=\"application\/ld+json\" class=\"yoast-schema-graph\">{\"@context\":\"https:\/\/schema.org\",\"@graph\":[{\"@type\":\"Article\",\"@id\":\"https:\/\/www.pressenza.com\/es\/2026\/04\/kings-march-una-oportunidad-perdida\/#article\",\"isPartOf\":{\"@id\":\"https:\/\/www.pressenza.com\/es\/2026\/04\/kings-march-una-oportunidad-perdida\/\"},\"author\":{\"name\":\"David Andersson\",\"@id\":\"https:\/\/www.pressenza.com\/es\/#\/schema\/person\/ab79c1a9145b1ddd71272b5a4c0816d1\"},\"headline\":\"King&#8217;s March: Una oportunidad perdida\",\"datePublished\":\"2026-04-29T17:30:17+00:00\",\"mainEntityOfPage\":{\"@id\":\"https:\/\/www.pressenza.com\/es\/2026\/04\/kings-march-una-oportunidad-perdida\/\"},\"wordCount\":368,\"publisher\":{\"@id\":\"https:\/\/www.pressenza.com\/es\/#organization\"},\"image\":{\"@id\":\"https:\/\/www.pressenza.com\/es\/2026\/04\/kings-march-una-oportunidad-perdida\/#primaryimage\"},\"thumbnailUrl\":\"https:\/\/www.pressenza.com\/wp-content\/uploads\/2026\/04\/No-King-March-NYC-1.jpeg\",\"keywords\":[\"Estados Unidos de Norteam\u00e9rica\",\"No Kings\",\"protestas sociales\"],\"articleSection\":[\"Contenido Original\",\"Feature\",\"Norteam\u00e9rica\",\"Opiniones\",\"Pol\u00edtica\"],\"inLanguage\":\"es\"},{\"@type\":\"WebPage\",\"@id\":\"https:\/\/www.pressenza.com\/es\/2026\/04\/kings-march-una-oportunidad-perdida\/\",\"url\":\"https:\/\/www.pressenza.com\/es\/2026\/04\/kings-march-una-oportunidad-perdida\/\",\"name\":\"King's March: Una oportunidad perdida\",\"isPartOf\":{\"@id\":\"https:\/\/www.pressenza.com\/es\/#website\"},\"primaryImageOfPage\":{\"@id\":\"https:\/\/www.pressenza.com\/es\/2026\/04\/kings-march-una-oportunidad-perdida\/#primaryimage\"},\"image\":{\"@id\":\"https:\/\/www.pressenza.com\/es\/2026\/04\/kings-march-una-oportunidad-perdida\/#primaryimage\"},\"thumbnailUrl\":\"https:\/\/www.pressenza.com\/wp-content\/uploads\/2026\/04\/No-King-March-NYC-1.jpeg\",\"datePublished\":\"2026-04-29T17:30:17+00:00\",\"description\":\"El 28 de abril, el rey Carlos III y la reina Camilla fueron recibidos en la Casa Blanca con una ceremonia de bienvenida con asistencia completa del\",\"breadcrumb\":{\"@id\":\"https:\/\/www.pressenza.com\/es\/2026\/04\/kings-march-una-oportunidad-perdida\/#breadcrumb\"},\"inLanguage\":\"es\",\"potentialAction\":[{\"@type\":\"ReadAction\",\"target\":[\"https:\/\/www.pressenza.com\/es\/2026\/04\/kings-march-una-oportunidad-perdida\/\"]}]},{\"@type\":\"ImageObject\",\"inLanguage\":\"es\",\"@id\":\"https:\/\/www.pressenza.com\/es\/2026\/04\/kings-march-una-oportunidad-perdida\/#primaryimage\",\"url\":\"https:\/\/www.pressenza.com\/wp-content\/uploads\/2026\/04\/No-King-March-NYC-1.jpeg\",\"contentUrl\":\"https:\/\/www.pressenza.com\/wp-content\/uploads\/2026\/04\/No-King-March-NYC-1.jpeg\",\"width\":1920,\"height\":1440},{\"@type\":\"BreadcrumbList\",\"@id\":\"https:\/\/www.pressenza.com\/es\/2026\/04\/kings-march-una-oportunidad-perdida\/#breadcrumb\",\"itemListElement\":[{\"@type\":\"ListItem\",\"position\":1,\"name\":\"Accueil\",\"item\":\"https:\/\/www.pressenza.com\/es\/\"},{\"@type\":\"ListItem\",\"position\":2,\"name\":\"King&#8217;s March: Una oportunidad perdida\"}]},{\"@type\":\"WebSite\",\"@id\":\"https:\/\/www.pressenza.com\/es\/#website\",\"url\":\"https:\/\/www.pressenza.com\/es\/\",\"name\":\"Pressenza\",\"description\":\"International Press Agency\",\"publisher\":{\"@id\":\"https:\/\/www.pressenza.com\/es\/#organization\"},\"potentialAction\":[{\"@type\":\"SearchAction\",\"target\":{\"@type\":\"EntryPoint\",\"urlTemplate\":\"https:\/\/www.pressenza.com\/es\/?s={search_term_string}\"},\"query-input\":{\"@type\":\"PropertyValueSpecification\",\"valueRequired\":true,\"valueName\":\"search_term_string\"}}],\"inLanguage\":\"es\"},{\"@type\":\"Organization\",\"@id\":\"https:\/\/www.pressenza.com\/es\/#organization\",\"name\":\"Pressenza\",\"url\":\"https:\/\/www.pressenza.com\/es\/\",\"logo\":{\"@type\":\"ImageObject\",\"inLanguage\":\"es\",\"@id\":\"https:\/\/www.pressenza.com\/es\/#\/schema\/logo\/image\/\",\"url\":\"https:\/\/www.pressenza.com\/wp-content\/uploads\/2022\/10\/pressenza_logo_200x200.jpg\",\"contentUrl\":\"https:\/\/www.pressenza.com\/wp-content\/uploads\/2022\/10\/pressenza_logo_200x200.jpg\",\"width\":200,\"height\":200,\"caption\":\"Pressenza\"},\"image\":{\"@id\":\"https:\/\/www.pressenza.com\/es\/#\/schema\/logo\/image\/\"},\"sameAs\":[\"https:\/\/www.facebook.com\/PressenzaItalia\",\"https:\/\/x.com\/PressenzaIPA\"]},{\"@type\":\"Person\",\"@id\":\"https:\/\/www.pressenza.com\/es\/#\/schema\/person\/ab79c1a9145b1ddd71272b5a4c0816d1\",\"name\":\"David Andersson\",\"description\":\"David Andersson is a writer and humanist based in New York City. He focuses on issues of global justice, collective consciousness, and nonviolent transformation. English Editor with Pressenza International Press Agency and is the author of The White-West: A Look in the Mirror, a collection of op-eds examining the dynamics of Western identity and its global impact. CounterPunch, denikreferendum.cz, Mobilized News, Countercurrents, LA Progressive, and Dissident Voice have published his recent work. Many of his articles have been translated into more than five languages.\",\"sameAs\":[\"https:\/\/www.facebook.com\/DavidAnderssonNYC\",\"https:\/\/www.instagram.com\/davidanderssonnyc\/\",\"https:\/\/www.linkedin.com\/in\/david-andersson-269724232\/\",\"https:\/\/x.com\/davidandersson\"],\"url\":\"https:\/\/www.pressenza.com\/es\/author\/david-andersson\/\"}]}<\/script>\n<!-- \/ Yoast SEO plugin. -->","yoast_head_json":{"title":"King's March: Una oportunidad perdida","description":"El 28 de abril, el rey Carlos III y la reina Camilla fueron recibidos en la Casa Blanca con una ceremonia de bienvenida con asistencia completa del","robots":{"index":"index","follow":"follow","max-snippet":"max-snippet:-1","max-image-preview":"max-image-preview:large","max-video-preview":"max-video-preview:-1"},"canonical":"https:\/\/www.pressenza.com\/es\/2026\/04\/kings-march-una-oportunidad-perdida\/","og_locale":"es_ES","og_type":"article","og_title":"King's March: Una oportunidad perdida","og_description":"El 28 de abril, el rey Carlos III y la reina Camilla fueron recibidos en la Casa Blanca con una ceremonia de bienvenida con asistencia completa del","og_url":"https:\/\/www.pressenza.com\/es\/2026\/04\/kings-march-una-oportunidad-perdida\/","og_site_name":"Pressenza","article_publisher":"https:\/\/www.facebook.com\/PressenzaItalia","article_author":"https:\/\/www.facebook.com\/DavidAnderssonNYC","article_published_time":"2026-04-29T17:30:17+00:00","og_image":[{"width":1920,"height":1440,"url":"https:\/\/www.pressenza.com\/wp-content\/uploads\/2026\/04\/No-King-March-NYC-1.jpeg","type":"image\/jpeg"}],"author":"David Andersson","twitter_card":"summary_large_image","twitter_creator":"@davidandersson","twitter_site":"@PressenzaIPA","twitter_misc":{"Escrito por":"David Andersson","Tiempo de lectura":"2 minutos"},"schema":{"@context":"https:\/\/schema.org","@graph":[{"@type":"Article","@id":"https:\/\/www.pressenza.com\/es\/2026\/04\/kings-march-una-oportunidad-perdida\/#article","isPartOf":{"@id":"https:\/\/www.pressenza.com\/es\/2026\/04\/kings-march-una-oportunidad-perdida\/"},"author":{"name":"David Andersson","@id":"https:\/\/www.pressenza.com\/es\/#\/schema\/person\/ab79c1a9145b1ddd71272b5a4c0816d1"},"headline":"King&#8217;s March: Una oportunidad perdida","datePublished":"2026-04-29T17:30:17+00:00","mainEntityOfPage":{"@id":"https:\/\/www.pressenza.com\/es\/2026\/04\/kings-march-una-oportunidad-perdida\/"},"wordCount":368,"publisher":{"@id":"https:\/\/www.pressenza.com\/es\/#organization"},"image":{"@id":"https:\/\/www.pressenza.com\/es\/2026\/04\/kings-march-una-oportunidad-perdida\/#primaryimage"},"thumbnailUrl":"https:\/\/www.pressenza.com\/wp-content\/uploads\/2026\/04\/No-King-March-NYC-1.jpeg","keywords":["Estados Unidos de Norteam\u00e9rica","No Kings","protestas sociales"],"articleSection":["Contenido Original","Feature","Norteam\u00e9rica","Opiniones","Pol\u00edtica"],"inLanguage":"es"},{"@type":"WebPage","@id":"https:\/\/www.pressenza.com\/es\/2026\/04\/kings-march-una-oportunidad-perdida\/","url":"https:\/\/www.pressenza.com\/es\/2026\/04\/kings-march-una-oportunidad-perdida\/","name":"King's March: Una oportunidad perdida","isPartOf":{"@id":"https:\/\/www.pressenza.com\/es\/#website"},"primaryImageOfPage":{"@id":"https:\/\/www.pressenza.com\/es\/2026\/04\/kings-march-una-oportunidad-perdida\/#primaryimage"},"image":{"@id":"https:\/\/www.pressenza.com\/es\/2026\/04\/kings-march-una-oportunidad-perdida\/#primaryimage"},"thumbnailUrl":"https:\/\/www.pressenza.com\/wp-content\/uploads\/2026\/04\/No-King-March-NYC-1.jpeg","datePublished":"2026-04-29T17:30:17+00:00","description":"El 28 de abril, el rey Carlos III y la reina Camilla fueron recibidos en la Casa Blanca con una ceremonia de bienvenida con asistencia completa del","breadcrumb":{"@id":"https:\/\/www.pressenza.com\/es\/2026\/04\/kings-march-una-oportunidad-perdida\/#breadcrumb"},"inLanguage":"es","potentialAction":[{"@type":"ReadAction","target":["https:\/\/www.pressenza.com\/es\/2026\/04\/kings-march-una-oportunidad-perdida\/"]}]},{"@type":"ImageObject","inLanguage":"es","@id":"https:\/\/www.pressenza.com\/es\/2026\/04\/kings-march-una-oportunidad-perdida\/#primaryimage","url":"https:\/\/www.pressenza.com\/wp-content\/uploads\/2026\/04\/No-King-March-NYC-1.jpeg","contentUrl":"https:\/\/www.pressenza.com\/wp-content\/uploads\/2026\/04\/No-King-March-NYC-1.jpeg","width":1920,"height":1440},{"@type":"BreadcrumbList","@id":"https:\/\/www.pressenza.com\/es\/2026\/04\/kings-march-una-oportunidad-perdida\/#breadcrumb","itemListElement":[{"@type":"ListItem","position":1,"name":"Accueil","item":"https:\/\/www.pressenza.com\/es\/"},{"@type":"ListItem","position":2,"name":"King&#8217;s March: Una oportunidad perdida"}]},{"@type":"WebSite","@id":"https:\/\/www.pressenza.com\/es\/#website","url":"https:\/\/www.pressenza.com\/es\/","name":"Pressenza","description":"International Press Agency","publisher":{"@id":"https:\/\/www.pressenza.com\/es\/#organization"},"potentialAction":[{"@type":"SearchAction","target":{"@type":"EntryPoint","urlTemplate":"https:\/\/www.pressenza.com\/es\/?s={search_term_string}"},"query-input":{"@type":"PropertyValueSpecification","valueRequired":true,"valueName":"search_term_string"}}],"inLanguage":"es"},{"@type":"Organization","@id":"https:\/\/www.pressenza.com\/es\/#organization","name":"Pressenza","url":"https:\/\/www.pressenza.com\/es\/","logo":{"@type":"ImageObject","inLanguage":"es","@id":"https:\/\/www.pressenza.com\/es\/#\/schema\/logo\/image\/","url":"https:\/\/www.pressenza.com\/wp-content\/uploads\/2022\/10\/pressenza_logo_200x200.jpg","contentUrl":"https:\/\/www.pressenza.com\/wp-content\/uploads\/2022\/10\/pressenza_logo_200x200.jpg","width":200,"height":200,"caption":"Pressenza"},"image":{"@id":"https:\/\/www.pressenza.com\/es\/#\/schema\/logo\/image\/"},"sameAs":["https:\/\/www.facebook.com\/PressenzaItalia","https:\/\/x.com\/PressenzaIPA"]},{"@type":"Person","@id":"https:\/\/www.pressenza.com\/es\/#\/schema\/person\/ab79c1a9145b1ddd71272b5a4c0816d1","name":"David Andersson","description":"David Andersson is a writer and humanist based in New York City. He focuses on issues of global justice, collective consciousness, and nonviolent transformation. English Editor with Pressenza International Press Agency and is the author of The White-West: A Look in the Mirror, a collection of op-eds examining the dynamics of Western identity and its global impact. CounterPunch, denikreferendum.cz, Mobilized News, Countercurrents, LA Progressive, and Dissident Voice have published his recent work. Many of his articles have been translated into more than five languages.","sameAs":["https:\/\/www.facebook.com\/DavidAnderssonNYC","https:\/\/www.instagram.com\/davidanderssonnyc\/","https:\/\/www.linkedin.com\/in\/david-andersson-269724232\/","https:\/\/x.com\/davidandersson"],"url":"https:\/\/www.pressenza.com\/es\/author\/david-andersson\/"}]}},"place":"Nueva York, Estados Unidos","original_article_url":"","_links":{"self":[{"href":"https:\/\/www.pressenza.com\/es\/wp-json\/wp\/v2\/posts\/2696543","targetHints":{"allow":["GET"]}}],"collection":[{"href":"https:\/\/www.pressenza.com\/es\/wp-json\/wp\/v2\/posts"}],"about":[{"href":"https:\/\/www.pressenza.com\/es\/wp-json\/wp\/v2\/types\/post"}],"author":[{"embeddable":true,"href":"https:\/\/www.pressenza.com\/es\/wp-json\/wp\/v2\/users\/33"}],"replies":[{"embeddable":true,"href":"https:\/\/www.pressenza.com\/es\/wp-json\/wp\/v2\/comments?post=2696543"}],"version-history":[{"count":1,"href":"https:\/\/www.pressenza.com\/es\/wp-json\/wp\/v2\/posts\/2696543\/revisions"}],"predecessor-version":[{"id":2696549,"href":"https:\/\/www.pressenza.com\/es\/wp-json\/wp\/v2\/posts\/2696543\/revisions\/2696549"}],"wp:featuredmedia":[{"embeddable":true,"href":"https:\/\/www.pressenza.com\/es\/wp-json\/wp\/v2\/media\/2696548"}],"wp:attachment":[{"href":"https:\/\/www.pressenza.com\/es\/wp-json\/wp\/v2\/media?parent=2696543"}],"wp:term":[{"taxonomy":"category","embeddable":true,"href":"https:\/\/www.pressenza.com\/es\/wp-json\/wp\/v2\/categories?post=2696543"},{"taxonomy":"post_tag","embeddable":true,"href":"https:\/\/www.pressenza.com\/es\/wp-json\/wp\/v2\/tags?post=2696543"}],"curies":[{"name":"wp","href":"https:\/\/api.w.org\/{rel}","templated":true}]}}