{"id":2696536,"date":"2026-04-29T18:09:15","date_gmt":"2026-04-29T17:09:15","guid":{"rendered":"https:\/\/www.pressenza.com\/?p=2696536"},"modified":"2026-04-29T18:09:45","modified_gmt":"2026-04-29T17:09:45","slug":"la-furia-del-libro-anuncia-su-edicion-de-invierno-2026-con-330-editoriales-y-una-amplia-programacion-cultural-y-profesional","status":"publish","type":"post","link":"https:\/\/www.pressenza.com\/es\/2026\/04\/la-furia-del-libro-anuncia-su-edicion-de-invierno-2026-con-330-editoriales-y-una-amplia-programacion-cultural-y-profesional\/","title":{"rendered":"La Furia del Libro anuncia su edici\u00f3n de invierno 2026 con 330 editoriales y una amplia programaci\u00f3n cultural y profesional"},"content":{"rendered":"<h3><i>Entre el 28 y el 31 de mayo, en el Centro Cultural Estaci\u00f3n Mapocho, se realizar\u00e1 una nueva edici\u00f3n de La Furia del Libro, uno de los encuentros m\u00e1s relevantes de la edici\u00f3n independiente en Chile y Am\u00e9rica Latina. Con entrada gratuita y horarios continuos entre 10:30 y 20:00 horas, la feria reunir\u00e1 a 330 editoriales, consolidando su crecimiento sostenido y su impacto en el ecosistema del libro, tras haber convocado a m\u00e1s de 64 mil asistentes en su versi\u00f3n anterior.<\/i><\/h3>\n<p>Durante cuatro jornadas, el p\u00fablico podr\u00e1 recorrer cientos de stands de editoriales, asistir a lanzamientos de libros, conversatorios, talleres y actividades para todas las edades. En total, se desarrollar\u00e1n m\u00e1s de cien actividades distribuidas en siete escenarios simult\u00e1neos. Adem\u00e1s, la feria contar\u00e1 con un sector diferenciado para ni\u00f1eces y familias, con editoriales especializadas y un escenario con actividades para las infancias. Tambi\u00e9n contaremos con un patio de comidas con diversas alternativas de emprendedores gastron\u00f3micos locales.<\/p>\n<p>La edici\u00f3n de invierno 2026 de La Furia del Libro contar\u00e1 con una programaci\u00f3n que combinar\u00e1 actividades para p\u00fablico general con espacios de formaci\u00f3n profesional. En ese marco, se desarrollar\u00e1 el Ciclo de talleres y charlas \u201cProfesionales de la Industria del Libro\u201d, una serie de instancias formativas enfocadas en la profesionalizaci\u00f3n e internacionalizaci\u00f3n de los agentes del ecosistema editorial. Este ciclo convocar\u00e1 a especialistas nacionales e internacionales y abordar\u00e1 contenidos que van desde los fundamentos de la edici\u00f3n y la gesti\u00f3n de derechos de autor hasta el desarrollo de identidades gr\u00e1ficas, la internacionalizaci\u00f3n de cat\u00e1logos y la relaci\u00f3n con libreros y otros actores de la cadena del libro. Las actividades estar\u00e1n dirigidas tanto a personas interesadas en iniciarse en el mundo editorial como a quienes ya participan en \u00e9l y buscan perfeccionarse o expandir el alcance de sus proyectos, en un contexto marcado por la pr\u00f3xima participaci\u00f3n de Chile como pa\u00eds invitado de honor en Frankfurt 2027.<\/p>\n<p>Junto a este eje formativo, la feria ofrecer\u00e1 una amplia parrilla de actividades para todo p\u00fablico, desarrollada en alianza con distintos actores vinculados con el mundo del libro, la lectura y la edici\u00f3n independiente. Durante la ma\u00f1ana del primer d\u00eda se realizar\u00e1 la cuarta versi\u00f3n del Seminario de Mediaci\u00f3n en Bibliotecas Escolares: Experiencias, Colecciones y Editoriales Independientes, organizado junto a Fundaci\u00f3n La Fuente y orientado a docentes, encargados de biblioteca y mediadores de lectura. A lo largo de los cuatro d\u00edas tambi\u00e9n se llevar\u00e1n a cabo actividades junto a CIPER, Fundaci\u00f3n Palabra con actividades para ni\u00f1os y ni\u00f1as, y el concurso Nuevas Plumas, adem\u00e1s de una serie de acciones en apoyo a la hist\u00f3rica Librer\u00eda Crisis, recientemente afectada por un incendio en Valpara\u00edso. Asimismo, participar\u00e1 el Centro Cultural Letras P\u00fablicas con dos actividades, que incluyen un taller y la presentaci\u00f3n de una nueva edici\u00f3n de su revista\u00a0<i>F\u00e1brica de Letras<\/i>.<\/p>\n<p>A esta programaci\u00f3n se suman lanzamientos de libros, talleres infantiles y un conversatorio con el destacado muralista y Premio Nacional de Artes Pl\u00e1sticas, Mono Gonz\u00e1lez, quien adem\u00e1s es el autor del afiche de esta edici\u00f3n.<br \/>\nEl detalle completo de la programaci\u00f3n ser\u00e1 publicado pr\u00f3ximamente en el sitio web y en las redes sociales de La Furia del Libro.<\/p>\n<p><b>Una trayectoria de crecimiento desde 2009<\/b><br \/>\n\u201cLa Furia del Libro naci\u00f3 en 2009 para dar visibilidad a la edici\u00f3n independiente. Tras 17 a\u00f1os y 25 ediciones, hemos pasado de ser un encuentro peque\u00f1o que inici\u00f3 con apenas 17 editoriales a convertirnos en una feria masiva en la Estaci\u00f3n Mapocho. Esta consolidaci\u00f3n no solo se refleja en nuestro car\u00e1cter gratuito y en la creciente presencia de sellos regionales e internacionales, sino tambi\u00e9n en el fortalecimiento de nuestra red profesional. El crecimiento de La Furia es el reflejo de un p\u00fablico lector diverso que busca propuestas que no siempre encuentran lugar en los circuitos tradicionales\u201d, explica Carolina Ruiz, editora y directora de La Furia del Libro.<\/p>\n<p>Hoy, La Furia trasciende la idea de una feria: es un ecosistema cultural masivo. Es un punto de encuentro donde convergen lectores, familias y profesionales del libro, manteniendo intacto su compromiso fundacional con la bibliodiversidad y la edici\u00f3n independiente.<\/p>\n<p><strong>Informaci\u00f3n general<\/strong><\/p>\n<ul>\n<li><b>Fecha:<\/b>\u00a028 al 31 de mayo de 2026<\/li>\n<li><b>Lugar:<\/b>\u00a0Centro Cultural Estaci\u00f3n Mapocho<\/li>\n<li><b>Horario:<\/b>\u00a010:30 a 20:00 horas<\/li>\n<li><b>Entrada:<\/b>\u00a0Gratuita<\/li>\n<\/ul>\n","protected":false},"excerpt":{"rendered":"<p>Entre el 28 y el 31 de mayo, en el Centro Cultural Estaci\u00f3n Mapocho, se realizar\u00e1 una nueva edici\u00f3n de La Furia del Libro, uno de los encuentros m\u00e1s relevantes de la edici\u00f3n independiente en Chile y Am\u00e9rica Latina. Con&hellip;<\/p>\n","protected":false},"author":2011,"featured_media":2696537,"comment_status":"closed","ping_status":"closed","sticky":false,"template":"","format":"standard","meta":{"footnotes":""},"categories":[149,75,1241,1230,67],"tags":[156125,156121,112823,156123,156124,156120,156122],"class_list":["post-2696536","post","type-post","status-publish","format-standard","has-post-thumbnail","hentry","category-comunicados-de-prensa","category-cultura-es","category-diversidad","category-educacion-tema","category-sudamerica","tag-17-anos-y-25-ediciones","tag-330-editoriales","tag-centro-cultural-estacion-mapocho","tag-cultura-alternativa","tag-desde-2009","tag-la-furia-del-libro-2026","tag-miles-de-asistentes"],"yoast_head":"<!-- This site is optimized with the Yoast SEO plugin v27.1.1 - https:\/\/yoast.com\/product\/yoast-seo-wordpress\/ -->\n<title>La Furia del Libro anuncia su edici\u00f3n de invierno 2026 con 330 editoriales y una amplia programaci\u00f3n cultural y profesional<\/title>\n<meta name=\"description\" content=\"Entre el 28 y el 31 de mayo, en el Centro Cultural Estaci\u00f3n Mapocho, se realizar\u00e1 una nueva edici\u00f3n de La Furia del Libro, uno de los encuentros m\u00e1s\" \/>\n<meta name=\"robots\" content=\"index, follow, max-snippet:-1, max-image-preview:large, max-video-preview:-1\" \/>\n<link rel=\"canonical\" href=\"https:\/\/www.pressenza.com\/es\/2026\/04\/la-furia-del-libro-anuncia-su-edicion-de-invierno-2026-con-330-editoriales-y-una-amplia-programacion-cultural-y-profesional\/\" \/>\n<meta property=\"og:locale\" content=\"es_ES\" \/>\n<meta property=\"og:type\" content=\"article\" \/>\n<meta property=\"og:title\" content=\"La Furia del Libro anuncia su edici\u00f3n de invierno 2026 con 330 editoriales y una amplia programaci\u00f3n cultural y profesional\" \/>\n<meta property=\"og:description\" content=\"Entre el 28 y el 31 de mayo, en el Centro Cultural Estaci\u00f3n Mapocho, se realizar\u00e1 una nueva edici\u00f3n de La Furia del Libro, uno de los encuentros m\u00e1s\" \/>\n<meta property=\"og:url\" content=\"https:\/\/www.pressenza.com\/es\/2026\/04\/la-furia-del-libro-anuncia-su-edicion-de-invierno-2026-con-330-editoriales-y-una-amplia-programacion-cultural-y-profesional\/\" \/>\n<meta property=\"og:site_name\" content=\"Pressenza\" \/>\n<meta property=\"article:publisher\" content=\"https:\/\/www.facebook.com\/PressenzaItalia\" \/>\n<meta property=\"article:published_time\" content=\"2026-04-29T17:09:15+00:00\" \/>\n<meta property=\"article:modified_time\" content=\"2026-04-29T17:09:45+00:00\" \/>\n<meta property=\"og:image\" content=\"https:\/\/www.pressenza.com\/wp-content\/uploads\/2026\/04\/Furia-del-Libro-2026.jpg\" \/>\n\t<meta property=\"og:image:width\" content=\"1200\" \/>\n\t<meta property=\"og:image:height\" content=\"801\" \/>\n\t<meta property=\"og:image:type\" content=\"image\/jpeg\" \/>\n<meta name=\"author\" content=\"Mariana Hales Beseler\" \/>\n<meta name=\"twitter:card\" content=\"summary_large_image\" \/>\n<meta name=\"twitter:creator\" content=\"@PressenzaIPA\" \/>\n<meta name=\"twitter:site\" content=\"@PressenzaIPA\" \/>\n<meta name=\"twitter:label1\" content=\"Escrito por\" \/>\n\t<meta name=\"twitter:data1\" content=\"Mariana Hales Beseler\" \/>\n\t<meta name=\"twitter:label2\" content=\"Tiempo de lectura\" \/>\n\t<meta name=\"twitter:data2\" content=\"4 minutos\" \/>\n<script type=\"application\/ld+json\" class=\"yoast-schema-graph\">{\"@context\":\"https:\/\/schema.org\",\"@graph\":[{\"@type\":\"Article\",\"@id\":\"https:\/\/www.pressenza.com\/es\/2026\/04\/la-furia-del-libro-anuncia-su-edicion-de-invierno-2026-con-330-editoriales-y-una-amplia-programacion-cultural-y-profesional\/#article\",\"isPartOf\":{\"@id\":\"https:\/\/www.pressenza.com\/es\/2026\/04\/la-furia-del-libro-anuncia-su-edicion-de-invierno-2026-con-330-editoriales-y-una-amplia-programacion-cultural-y-profesional\/\"},\"author\":{\"name\":\"Mariana Hales Beseler\",\"@id\":\"https:\/\/www.pressenza.com\/es\/#\/schema\/person\/03ad45693deae00354a5a14ad538ed1e\"},\"headline\":\"La Furia del Libro anuncia su edici\u00f3n de invierno 2026 con 330 editoriales y una amplia programaci\u00f3n cultural y profesional\",\"datePublished\":\"2026-04-29T17:09:15+00:00\",\"dateModified\":\"2026-04-29T17:09:45+00:00\",\"mainEntityOfPage\":{\"@id\":\"https:\/\/www.pressenza.com\/es\/2026\/04\/la-furia-del-libro-anuncia-su-edicion-de-invierno-2026-con-330-editoriales-y-una-amplia-programacion-cultural-y-profesional\/\"},\"wordCount\":768,\"publisher\":{\"@id\":\"https:\/\/www.pressenza.com\/es\/#organization\"},\"image\":{\"@id\":\"https:\/\/www.pressenza.com\/es\/2026\/04\/la-furia-del-libro-anuncia-su-edicion-de-invierno-2026-con-330-editoriales-y-una-amplia-programacion-cultural-y-profesional\/#primaryimage\"},\"thumbnailUrl\":\"https:\/\/www.pressenza.com\/wp-content\/uploads\/2026\/04\/Furia-del-Libro-2026.jpg\",\"keywords\":[\"17 a\u00f1os y 25 ediciones\",\"330 editoriales\",\"Centro Cultural Estaci\u00f3n Mapocho\",\"cultura alternativa\",\"desde 2009\",\"La Furia del Libro 2026\",\"miles de asistentes\"],\"articleSection\":[\"Comunicados de Prensa\",\"Cultura y Medios\",\"Diversidad\",\"Educaci\u00f3n\",\"Sudam\u00e9rica\"],\"inLanguage\":\"es\"},{\"@type\":\"WebPage\",\"@id\":\"https:\/\/www.pressenza.com\/es\/2026\/04\/la-furia-del-libro-anuncia-su-edicion-de-invierno-2026-con-330-editoriales-y-una-amplia-programacion-cultural-y-profesional\/\",\"url\":\"https:\/\/www.pressenza.com\/es\/2026\/04\/la-furia-del-libro-anuncia-su-edicion-de-invierno-2026-con-330-editoriales-y-una-amplia-programacion-cultural-y-profesional\/\",\"name\":\"La Furia del Libro anuncia su edici\u00f3n de invierno 2026 con 330 editoriales y una amplia programaci\u00f3n cultural y profesional\",\"isPartOf\":{\"@id\":\"https:\/\/www.pressenza.com\/es\/#website\"},\"primaryImageOfPage\":{\"@id\":\"https:\/\/www.pressenza.com\/es\/2026\/04\/la-furia-del-libro-anuncia-su-edicion-de-invierno-2026-con-330-editoriales-y-una-amplia-programacion-cultural-y-profesional\/#primaryimage\"},\"image\":{\"@id\":\"https:\/\/www.pressenza.com\/es\/2026\/04\/la-furia-del-libro-anuncia-su-edicion-de-invierno-2026-con-330-editoriales-y-una-amplia-programacion-cultural-y-profesional\/#primaryimage\"},\"thumbnailUrl\":\"https:\/\/www.pressenza.com\/wp-content\/uploads\/2026\/04\/Furia-del-Libro-2026.jpg\",\"datePublished\":\"2026-04-29T17:09:15+00:00\",\"dateModified\":\"2026-04-29T17:09:45+00:00\",\"description\":\"Entre el 28 y el 31 de mayo, en el Centro Cultural Estaci\u00f3n Mapocho, se realizar\u00e1 una nueva edici\u00f3n de La Furia del Libro, uno de los encuentros m\u00e1s\",\"breadcrumb\":{\"@id\":\"https:\/\/www.pressenza.com\/es\/2026\/04\/la-furia-del-libro-anuncia-su-edicion-de-invierno-2026-con-330-editoriales-y-una-amplia-programacion-cultural-y-profesional\/#breadcrumb\"},\"inLanguage\":\"es\",\"potentialAction\":[{\"@type\":\"ReadAction\",\"target\":[\"https:\/\/www.pressenza.com\/es\/2026\/04\/la-furia-del-libro-anuncia-su-edicion-de-invierno-2026-con-330-editoriales-y-una-amplia-programacion-cultural-y-profesional\/\"]}]},{\"@type\":\"ImageObject\",\"inLanguage\":\"es\",\"@id\":\"https:\/\/www.pressenza.com\/es\/2026\/04\/la-furia-del-libro-anuncia-su-edicion-de-invierno-2026-con-330-editoriales-y-una-amplia-programacion-cultural-y-profesional\/#primaryimage\",\"url\":\"https:\/\/www.pressenza.com\/wp-content\/uploads\/2026\/04\/Furia-del-Libro-2026.jpg\",\"contentUrl\":\"https:\/\/www.pressenza.com\/wp-content\/uploads\/2026\/04\/Furia-del-Libro-2026.jpg\",\"width\":1200,\"height\":801},{\"@type\":\"BreadcrumbList\",\"@id\":\"https:\/\/www.pressenza.com\/es\/2026\/04\/la-furia-del-libro-anuncia-su-edicion-de-invierno-2026-con-330-editoriales-y-una-amplia-programacion-cultural-y-profesional\/#breadcrumb\",\"itemListElement\":[{\"@type\":\"ListItem\",\"position\":1,\"name\":\"Accueil\",\"item\":\"https:\/\/www.pressenza.com\/es\/\"},{\"@type\":\"ListItem\",\"position\":2,\"name\":\"La Furia del Libro anuncia su edici\u00f3n de invierno 2026 con 330 editoriales y una amplia programaci\u00f3n cultural y profesional\"}]},{\"@type\":\"WebSite\",\"@id\":\"https:\/\/www.pressenza.com\/es\/#website\",\"url\":\"https:\/\/www.pressenza.com\/es\/\",\"name\":\"Pressenza\",\"description\":\"International Press Agency\",\"publisher\":{\"@id\":\"https:\/\/www.pressenza.com\/es\/#organization\"},\"potentialAction\":[{\"@type\":\"SearchAction\",\"target\":{\"@type\":\"EntryPoint\",\"urlTemplate\":\"https:\/\/www.pressenza.com\/es\/?s={search_term_string}\"},\"query-input\":{\"@type\":\"PropertyValueSpecification\",\"valueRequired\":true,\"valueName\":\"search_term_string\"}}],\"inLanguage\":\"es\"},{\"@type\":\"Organization\",\"@id\":\"https:\/\/www.pressenza.com\/es\/#organization\",\"name\":\"Pressenza\",\"url\":\"https:\/\/www.pressenza.com\/es\/\",\"logo\":{\"@type\":\"ImageObject\",\"inLanguage\":\"es\",\"@id\":\"https:\/\/www.pressenza.com\/es\/#\/schema\/logo\/image\/\",\"url\":\"https:\/\/www.pressenza.com\/wp-content\/uploads\/2022\/10\/pressenza_logo_200x200.jpg\",\"contentUrl\":\"https:\/\/www.pressenza.com\/wp-content\/uploads\/2022\/10\/pressenza_logo_200x200.jpg\",\"width\":200,\"height\":200,\"caption\":\"Pressenza\"},\"image\":{\"@id\":\"https:\/\/www.pressenza.com\/es\/#\/schema\/logo\/image\/\"},\"sameAs\":[\"https:\/\/www.facebook.com\/PressenzaItalia\",\"https:\/\/x.com\/PressenzaIPA\"]},{\"@type\":\"Person\",\"@id\":\"https:\/\/www.pressenza.com\/es\/#\/schema\/person\/03ad45693deae00354a5a14ad538ed1e\",\"name\":\"Mariana Hales Beseler\",\"description\":\"Periodista chilena. Desde el a\u00f1o 2003 trabaja en distintas editoriales como encargada de comunicaciones, en relaci\u00f3n con muchos autores y sus creaciones. El a\u00f1o 2012 cre\u00f3 una oficina de servicios editoriales y comunicacionales a trav\u00e9s de la cual hace prensa y difusi\u00f3n, asesor\u00edas para autores y temas relacionados a la edici\u00f3n y publicaci\u00f3n de libros. Desde ese mismo a\u00f1o trabaja con Chilevisi\u00f3n para la concreci\u00f3n del proyecto audiovisual \\\"In\u00e9s\\\", basado en el libro \\\"In\u00e9s del Alma M\u00eda\\\" de Isabel Allende, el que pr\u00f3ximamente ser\u00e1 exhibido en Chile.\",\"sameAs\":[\"http:\/\/www.marianahales.com\/\"],\"url\":\"https:\/\/www.pressenza.com\/es\/author\/mariana-hales-beseler\/\"}]}<\/script>\n<!-- \/ Yoast SEO plugin. -->","yoast_head_json":{"title":"La Furia del Libro anuncia su edici\u00f3n de invierno 2026 con 330 editoriales y una amplia programaci\u00f3n cultural y profesional","description":"Entre el 28 y el 31 de mayo, en el Centro Cultural Estaci\u00f3n Mapocho, se realizar\u00e1 una nueva edici\u00f3n de La Furia del Libro, uno de los encuentros m\u00e1s","robots":{"index":"index","follow":"follow","max-snippet":"max-snippet:-1","max-image-preview":"max-image-preview:large","max-video-preview":"max-video-preview:-1"},"canonical":"https:\/\/www.pressenza.com\/es\/2026\/04\/la-furia-del-libro-anuncia-su-edicion-de-invierno-2026-con-330-editoriales-y-una-amplia-programacion-cultural-y-profesional\/","og_locale":"es_ES","og_type":"article","og_title":"La Furia del Libro anuncia su edici\u00f3n de invierno 2026 con 330 editoriales y una amplia programaci\u00f3n cultural y profesional","og_description":"Entre el 28 y el 31 de mayo, en el Centro Cultural Estaci\u00f3n Mapocho, se realizar\u00e1 una nueva edici\u00f3n de La Furia del Libro, uno de los encuentros m\u00e1s","og_url":"https:\/\/www.pressenza.com\/es\/2026\/04\/la-furia-del-libro-anuncia-su-edicion-de-invierno-2026-con-330-editoriales-y-una-amplia-programacion-cultural-y-profesional\/","og_site_name":"Pressenza","article_publisher":"https:\/\/www.facebook.com\/PressenzaItalia","article_published_time":"2026-04-29T17:09:15+00:00","article_modified_time":"2026-04-29T17:09:45+00:00","og_image":[{"width":1200,"height":801,"url":"https:\/\/www.pressenza.com\/wp-content\/uploads\/2026\/04\/Furia-del-Libro-2026.jpg","type":"image\/jpeg"}],"author":"Mariana Hales Beseler","twitter_card":"summary_large_image","twitter_creator":"@PressenzaIPA","twitter_site":"@PressenzaIPA","twitter_misc":{"Escrito por":"Mariana Hales Beseler","Tiempo de lectura":"4 minutos"},"schema":{"@context":"https:\/\/schema.org","@graph":[{"@type":"Article","@id":"https:\/\/www.pressenza.com\/es\/2026\/04\/la-furia-del-libro-anuncia-su-edicion-de-invierno-2026-con-330-editoriales-y-una-amplia-programacion-cultural-y-profesional\/#article","isPartOf":{"@id":"https:\/\/www.pressenza.com\/es\/2026\/04\/la-furia-del-libro-anuncia-su-edicion-de-invierno-2026-con-330-editoriales-y-una-amplia-programacion-cultural-y-profesional\/"},"author":{"name":"Mariana Hales Beseler","@id":"https:\/\/www.pressenza.com\/es\/#\/schema\/person\/03ad45693deae00354a5a14ad538ed1e"},"headline":"La Furia del Libro anuncia su edici\u00f3n de invierno 2026 con 330 editoriales y una amplia programaci\u00f3n cultural y profesional","datePublished":"2026-04-29T17:09:15+00:00","dateModified":"2026-04-29T17:09:45+00:00","mainEntityOfPage":{"@id":"https:\/\/www.pressenza.com\/es\/2026\/04\/la-furia-del-libro-anuncia-su-edicion-de-invierno-2026-con-330-editoriales-y-una-amplia-programacion-cultural-y-profesional\/"},"wordCount":768,"publisher":{"@id":"https:\/\/www.pressenza.com\/es\/#organization"},"image":{"@id":"https:\/\/www.pressenza.com\/es\/2026\/04\/la-furia-del-libro-anuncia-su-edicion-de-invierno-2026-con-330-editoriales-y-una-amplia-programacion-cultural-y-profesional\/#primaryimage"},"thumbnailUrl":"https:\/\/www.pressenza.com\/wp-content\/uploads\/2026\/04\/Furia-del-Libro-2026.jpg","keywords":["17 a\u00f1os y 25 ediciones","330 editoriales","Centro Cultural Estaci\u00f3n Mapocho","cultura alternativa","desde 2009","La Furia del Libro 2026","miles de asistentes"],"articleSection":["Comunicados de Prensa","Cultura y Medios","Diversidad","Educaci\u00f3n","Sudam\u00e9rica"],"inLanguage":"es"},{"@type":"WebPage","@id":"https:\/\/www.pressenza.com\/es\/2026\/04\/la-furia-del-libro-anuncia-su-edicion-de-invierno-2026-con-330-editoriales-y-una-amplia-programacion-cultural-y-profesional\/","url":"https:\/\/www.pressenza.com\/es\/2026\/04\/la-furia-del-libro-anuncia-su-edicion-de-invierno-2026-con-330-editoriales-y-una-amplia-programacion-cultural-y-profesional\/","name":"La Furia del Libro anuncia su edici\u00f3n de invierno 2026 con 330 editoriales y una amplia programaci\u00f3n cultural y profesional","isPartOf":{"@id":"https:\/\/www.pressenza.com\/es\/#website"},"primaryImageOfPage":{"@id":"https:\/\/www.pressenza.com\/es\/2026\/04\/la-furia-del-libro-anuncia-su-edicion-de-invierno-2026-con-330-editoriales-y-una-amplia-programacion-cultural-y-profesional\/#primaryimage"},"image":{"@id":"https:\/\/www.pressenza.com\/es\/2026\/04\/la-furia-del-libro-anuncia-su-edicion-de-invierno-2026-con-330-editoriales-y-una-amplia-programacion-cultural-y-profesional\/#primaryimage"},"thumbnailUrl":"https:\/\/www.pressenza.com\/wp-content\/uploads\/2026\/04\/Furia-del-Libro-2026.jpg","datePublished":"2026-04-29T17:09:15+00:00","dateModified":"2026-04-29T17:09:45+00:00","description":"Entre el 28 y el 31 de mayo, en el Centro Cultural Estaci\u00f3n Mapocho, se realizar\u00e1 una nueva edici\u00f3n de La Furia del Libro, uno de los encuentros m\u00e1s","breadcrumb":{"@id":"https:\/\/www.pressenza.com\/es\/2026\/04\/la-furia-del-libro-anuncia-su-edicion-de-invierno-2026-con-330-editoriales-y-una-amplia-programacion-cultural-y-profesional\/#breadcrumb"},"inLanguage":"es","potentialAction":[{"@type":"ReadAction","target":["https:\/\/www.pressenza.com\/es\/2026\/04\/la-furia-del-libro-anuncia-su-edicion-de-invierno-2026-con-330-editoriales-y-una-amplia-programacion-cultural-y-profesional\/"]}]},{"@type":"ImageObject","inLanguage":"es","@id":"https:\/\/www.pressenza.com\/es\/2026\/04\/la-furia-del-libro-anuncia-su-edicion-de-invierno-2026-con-330-editoriales-y-una-amplia-programacion-cultural-y-profesional\/#primaryimage","url":"https:\/\/www.pressenza.com\/wp-content\/uploads\/2026\/04\/Furia-del-Libro-2026.jpg","contentUrl":"https:\/\/www.pressenza.com\/wp-content\/uploads\/2026\/04\/Furia-del-Libro-2026.jpg","width":1200,"height":801},{"@type":"BreadcrumbList","@id":"https:\/\/www.pressenza.com\/es\/2026\/04\/la-furia-del-libro-anuncia-su-edicion-de-invierno-2026-con-330-editoriales-y-una-amplia-programacion-cultural-y-profesional\/#breadcrumb","itemListElement":[{"@type":"ListItem","position":1,"name":"Accueil","item":"https:\/\/www.pressenza.com\/es\/"},{"@type":"ListItem","position":2,"name":"La Furia del Libro anuncia su edici\u00f3n de invierno 2026 con 330 editoriales y una amplia programaci\u00f3n cultural y profesional"}]},{"@type":"WebSite","@id":"https:\/\/www.pressenza.com\/es\/#website","url":"https:\/\/www.pressenza.com\/es\/","name":"Pressenza","description":"International Press Agency","publisher":{"@id":"https:\/\/www.pressenza.com\/es\/#organization"},"potentialAction":[{"@type":"SearchAction","target":{"@type":"EntryPoint","urlTemplate":"https:\/\/www.pressenza.com\/es\/?s={search_term_string}"},"query-input":{"@type":"PropertyValueSpecification","valueRequired":true,"valueName":"search_term_string"}}],"inLanguage":"es"},{"@type":"Organization","@id":"https:\/\/www.pressenza.com\/es\/#organization","name":"Pressenza","url":"https:\/\/www.pressenza.com\/es\/","logo":{"@type":"ImageObject","inLanguage":"es","@id":"https:\/\/www.pressenza.com\/es\/#\/schema\/logo\/image\/","url":"https:\/\/www.pressenza.com\/wp-content\/uploads\/2022\/10\/pressenza_logo_200x200.jpg","contentUrl":"https:\/\/www.pressenza.com\/wp-content\/uploads\/2022\/10\/pressenza_logo_200x200.jpg","width":200,"height":200,"caption":"Pressenza"},"image":{"@id":"https:\/\/www.pressenza.com\/es\/#\/schema\/logo\/image\/"},"sameAs":["https:\/\/www.facebook.com\/PressenzaItalia","https:\/\/x.com\/PressenzaIPA"]},{"@type":"Person","@id":"https:\/\/www.pressenza.com\/es\/#\/schema\/person\/03ad45693deae00354a5a14ad538ed1e","name":"Mariana Hales Beseler","description":"Periodista chilena. Desde el a\u00f1o 2003 trabaja en distintas editoriales como encargada de comunicaciones, en relaci\u00f3n con muchos autores y sus creaciones. El a\u00f1o 2012 cre\u00f3 una oficina de servicios editoriales y comunicacionales a trav\u00e9s de la cual hace prensa y difusi\u00f3n, asesor\u00edas para autores y temas relacionados a la edici\u00f3n y publicaci\u00f3n de libros. Desde ese mismo a\u00f1o trabaja con Chilevisi\u00f3n para la concreci\u00f3n del proyecto audiovisual \"In\u00e9s\", basado en el libro \"In\u00e9s del Alma M\u00eda\" de Isabel Allende, el que pr\u00f3ximamente ser\u00e1 exhibido en Chile.","sameAs":["http:\/\/www.marianahales.com\/"],"url":"https:\/\/www.pressenza.com\/es\/author\/mariana-hales-beseler\/"}]}},"place":"Santiago de Chile","original_article_url":"","_links":{"self":[{"href":"https:\/\/www.pressenza.com\/es\/wp-json\/wp\/v2\/posts\/2696536","targetHints":{"allow":["GET"]}}],"collection":[{"href":"https:\/\/www.pressenza.com\/es\/wp-json\/wp\/v2\/posts"}],"about":[{"href":"https:\/\/www.pressenza.com\/es\/wp-json\/wp\/v2\/types\/post"}],"author":[{"embeddable":true,"href":"https:\/\/www.pressenza.com\/es\/wp-json\/wp\/v2\/users\/2011"}],"replies":[{"embeddable":true,"href":"https:\/\/www.pressenza.com\/es\/wp-json\/wp\/v2\/comments?post=2696536"}],"version-history":[{"count":3,"href":"https:\/\/www.pressenza.com\/es\/wp-json\/wp\/v2\/posts\/2696536\/revisions"}],"predecessor-version":[{"id":2696540,"href":"https:\/\/www.pressenza.com\/es\/wp-json\/wp\/v2\/posts\/2696536\/revisions\/2696540"}],"wp:featuredmedia":[{"embeddable":true,"href":"https:\/\/www.pressenza.com\/es\/wp-json\/wp\/v2\/media\/2696537"}],"wp:attachment":[{"href":"https:\/\/www.pressenza.com\/es\/wp-json\/wp\/v2\/media?parent=2696536"}],"wp:term":[{"taxonomy":"category","embeddable":true,"href":"https:\/\/www.pressenza.com\/es\/wp-json\/wp\/v2\/categories?post=2696536"},{"taxonomy":"post_tag","embeddable":true,"href":"https:\/\/www.pressenza.com\/es\/wp-json\/wp\/v2\/tags?post=2696536"}],"curies":[{"name":"wp","href":"https:\/\/api.w.org\/{rel}","templated":true}]}}