{"id":2696302,"date":"2026-04-28T20:55:50","date_gmt":"2026-04-28T19:55:50","guid":{"rendered":"https:\/\/www.pressenza.com\/?p=2696302"},"modified":"2026-04-28T20:55:50","modified_gmt":"2026-04-28T19:55:50","slug":"esta-en-nuestros-votos-a-poco-mas-de-un-mes-para-las-elecciones-presidenciales-en-colombia","status":"publish","type":"post","link":"https:\/\/www.pressenza.com\/es\/2026\/04\/esta-en-nuestros-votos-a-poco-mas-de-un-mes-para-las-elecciones-presidenciales-en-colombia\/","title":{"rendered":"Est\u00e1 en nuestros votos: A poco m\u00e1s de un mes para las elecciones presidenciales en Colombia"},"content":{"rendered":"<p class=\"wp-block-paragraph\">Tal vez censuren este art\u00edculo sin haberlo le\u00eddo. Solamente por el t\u00edtulo, y por hacer una apolog\u00eda del voto consciente y con criterio y un paneg\u00edrico, una defensa firme del Pacto Hist\u00f3rico (PH). O por demandar compromiso y coherencia si lo que quieren es una rep\u00fablica por la paz y para el pueblo.<\/p>\n<p>Por I\u00f1aki Chaves<\/p>\n<p class=\"wp-block-paragraph\">El domingo 31 de mayo de 2026, la ciudadan\u00eda tiene en las urnas el poder de continuar con el cambio y respaldar el asentamiento de una democracia m\u00e1s cercana, todav\u00eda tierna pero que quiere tener la oportunidad de madurar. Cada cual que piense y vote lo que quiera, pero esa posibilidad de consolidarla solamente la ofrece uno de los candidatos a la presidencia.<\/p>\n<p class=\"wp-block-paragraph\">La llave para lograrlo est\u00e1 en la participaci\u00f3n, m\u00e1s necesaria que nunca, y en mantenerse firmes en la lucha. Nadie va a regalar nada y nadie debe dar nada por conseguido. Para alcanzar la meta del triunfo de la dupla del PH no hay que dar nada por hecho y hay que llegar hasta ese domingo sin cejar en el empe\u00f1o. Despu\u00e9s, tambi\u00e9n.<\/p>\n<p class=\"wp-block-paragraph\">Conseguir un nuevo per\u00edodo de gobierno progresista \u201cest\u00e1 en nuestros votos\u201d, en el compromiso ciudadano por la paz, la justicia social y la vida digna. La extrema derecha y la derecha extrema, dicen, \u201c<strong><a href=\"https:\/\/www.telesurtv.net\/proyecto-jupiter-el-plan-millonario-para-manipular-las-elecciones-de-colombia\/\">por J\u00fapiter<\/a><\/strong>\u201d, con el respaldo expl\u00edcito de los medios generalistas tradicionales y el impl\u00edcito de algunos otros que se las dan de \u00b4alternativos`, que \u201cest\u00e1 en sus manos\u201d. Pero est\u00e1 en manos del pueblo, que es el que tiene la voz y la \u00faltima palabra y que no debe caer en la trampa del miedo ni en el juego sucio que proponen.<\/p>\n<p class=\"wp-block-paragraph\">Han tenido el poder durante doscientos a\u00f1os y ahora tiemblan cuando a un presidente que ha cambiado la forma de hacer pol\u00edtica, con errores, porque es humano y ha tenido que lidiar con partidos e instituciones que no se lo han puesto f\u00e1cil, y le ha apostado al pueblo, civil o militar, en lugar de a la \u201cgente de bien\u201d; le puede suceder otro en la misma l\u00ednea, un candidato de concepciones \u00e9ticas en la pol\u00edtica y en su filosof\u00eda de vida que cuenta con el respaldo mayoritario de la gente, aunque no lo tenga del capital (tal como han dejado claro las \u00faltimas decisiones del Banco de la Rep\u00fablica, que se supone que es el banco de toda la colombianidad).<\/p>\n<p class=\"wp-block-paragraph\">Las previsiones son, hoy por hoy, muy favorables para la candidatura del Pacto Hist\u00f3rico, pero nada est\u00e1 decidido y no se pueden dormir en los laureles. La derecha manipula las redes y los medios para generar temor e incertidumbre y torcer las encuestas a su favor. Recuerden el plebiscito por el s\u00ed a los acuerdos de paz. El entonces presidente las ten\u00eda todas consigo y los resultados fueron los que sabemos. Triunf\u00f3 la desidia ciudadana, revestida de exceso de confianza, y la elevada abstenci\u00f3n hizo que en las urnas el NO fuera m\u00e1s numeroso que el S\u00cd. No gan\u00f3 la guerra, pero perdi\u00f3 la paz; ganaron las estrategias de la ultra derecha para cambiar las percepciones y, con la baja participaci\u00f3n, perdieron Colombia y las y los colombianos.<\/p>\n<p class=\"wp-block-paragraph\">Por eso no se dejen enga\u00f1ar, porque si ellos tienen mucho poder en sus manos, la ciudadan\u00eda lo tiene en sus votos y en su cultura ciudadana. En la conciencia de que la derecha, los pol\u00edticos conservadores, nunca han mirado a la gente del com\u00fan sino a sus bolsillos. Que lo \u00fanico que les importa es el poder y las cifras de sus negocios, sus r\u00e9ditos, sean legales o no, y que les revierta el dinero, multiplicado por n, a sus cuentas.<\/p>\n<p class=\"wp-block-paragraph\">Tampoco les crean cuando dicen que defienden la identidad nacional y la cultura. Ni la escrita con C may\u00fascula ni las ancestrales ni las propias de los territorios. Piensen en lo sucedido hace unos d\u00edas con el alcalde de la elegida por la Unesco como \u201ccapital mundial del libro 2027\u201d: <strong>c<a href=\"https:\/\/cuestionpublica.com\/censura-en-medellin-alcalde-federico-gutierrez-prohibio-lanzamiento-de-libro-sobre-el-m-19\/\">ensur\u00f3 la presentaci\u00f3n de uno<\/a><\/strong>. Un texto que no habr\u00e1 le\u00eddo ni leer\u00e1, lo hizo solamente por el t\u00edtulo \u2013 como quien bota las camisas por el color \u2013. Dizque porque hac\u00eda apolog\u00eda del terrorismo, y despu\u00e9s que porque era propaganda electoral. Triste, muy triste.<\/p>\n<p class=\"wp-block-paragraph\">Esos mismos que, en la pol\u00edtica, en las empresas y en los medios, se rasgan las vestiduras cuando se habla de la historia de este pa\u00eds, de la otra, de la de las y los de abajo, no mueven una ceja cuando se trata, por ejemplo, de los llamados eufem\u00edsticamente \u201cfalsos positivos\u201d, de los asesinatos de l\u00edderes y lideresas sociales, de las persecuciones por raz\u00f3n de etnia o g\u00e9nero, de los feminicidios o de las dem\u00e1s violencias estructurales que, por desgracia, siguen asolando este pa\u00eds.<\/p>\n<p class=\"wp-block-paragraph\">No coman cuento, no traguen entero. Lo dicho, mejor lo escrito, no se dejen embaucar por sus enga\u00f1os. Ellos tienen sus armas, pero el pueblo tiene la palabra: la de la paz, la justicia social y la vida digna. Las que deben introducir con sus votos en las urnas el pr\u00f3ximo 31 de mayo marcando la casilla que s\u00ed es, la del Pacto Hist\u00f3rico, para que sigan haciendo historia.<\/p>\n","protected":false},"excerpt":{"rendered":"<p>Tal vez censuren este art\u00edculo sin haberlo le\u00eddo. Solamente por el t\u00edtulo, y por hacer una apolog\u00eda del voto consciente y con criterio y un paneg\u00edrico, una defensa firme del Pacto Hist\u00f3rico (PH). O por demandar compromiso y coherencia si&hellip;<\/p>\n","protected":false},"author":1053,"featured_media":2696305,"comment_status":"closed","ping_status":"closed","sticky":false,"template":"","format":"standard","meta":{"footnotes":""},"categories":[74,67],"tags":[129787,156064,16247,99945],"class_list":["post-2696302","post","type-post","status-publish","format-standard","has-post-thumbnail","hentry","category-politica-es","category-sudamerica","tag-colombia-es","tag-elecciones-2026","tag-ivan-cepeda","tag-pacto-historico"],"yoast_head":"<!-- This site is optimized with the Yoast SEO plugin v27.1.1 - https:\/\/yoast.com\/product\/yoast-seo-wordpress\/ -->\n<title>Est\u00e1 en nuestros votos: A poco m\u00e1s de un mes para las elecciones presidenciales en Colombia<\/title>\n<meta name=\"description\" content=\"Tal vez censuren este art\u00edculo sin haberlo le\u00eddo. Solamente por el t\u00edtulo, y por hacer una apolog\u00eda del voto consciente y con criterio y un paneg\u00edrico,\" \/>\n<meta name=\"robots\" content=\"index, follow, max-snippet:-1, max-image-preview:large, max-video-preview:-1\" \/>\n<link rel=\"canonical\" href=\"https:\/\/www.pressenza.com\/es\/2026\/04\/esta-en-nuestros-votos-a-poco-mas-de-un-mes-para-las-elecciones-presidenciales-en-colombia\/\" \/>\n<meta property=\"og:locale\" content=\"es_ES\" \/>\n<meta property=\"og:type\" content=\"article\" \/>\n<meta property=\"og:title\" content=\"Est\u00e1 en nuestros votos: A poco m\u00e1s de un mes para las elecciones presidenciales en Colombia\" \/>\n<meta property=\"og:description\" content=\"Tal vez censuren este art\u00edculo sin haberlo le\u00eddo. Solamente por el t\u00edtulo, y por hacer una apolog\u00eda del voto consciente y con criterio y un paneg\u00edrico,\" \/>\n<meta property=\"og:url\" content=\"https:\/\/www.pressenza.com\/es\/2026\/04\/esta-en-nuestros-votos-a-poco-mas-de-un-mes-para-las-elecciones-presidenciales-en-colombia\/\" \/>\n<meta property=\"og:site_name\" content=\"Pressenza\" \/>\n<meta property=\"article:publisher\" content=\"https:\/\/www.facebook.com\/PressenzaItalia\" \/>\n<meta property=\"article:published_time\" content=\"2026-04-28T19:55:50+00:00\" \/>\n<meta property=\"og:image\" content=\"https:\/\/www.pressenza.com\/wp-content\/uploads\/2026\/04\/Colombia.jpg\" \/>\n\t<meta property=\"og:image:width\" content=\"780\" \/>\n\t<meta property=\"og:image:height\" content=\"465\" \/>\n\t<meta property=\"og:image:type\" content=\"image\/jpeg\" \/>\n<meta name=\"author\" content=\"Redacci\u00f3n Colombia\" \/>\n<meta name=\"twitter:card\" content=\"summary_large_image\" \/>\n<meta name=\"twitter:creator\" content=\"@PressenzaIPA\" \/>\n<meta name=\"twitter:site\" content=\"@PressenzaIPA\" \/>\n<meta name=\"twitter:label1\" content=\"Escrito por\" \/>\n\t<meta name=\"twitter:data1\" content=\"Redacci\u00f3n Colombia\" \/>\n\t<meta name=\"twitter:label2\" content=\"Tiempo de lectura\" \/>\n\t<meta name=\"twitter:data2\" content=\"5 minutos\" \/>\n<script type=\"application\/ld+json\" class=\"yoast-schema-graph\">{\"@context\":\"https:\/\/schema.org\",\"@graph\":[{\"@type\":\"Article\",\"@id\":\"https:\/\/www.pressenza.com\/es\/2026\/04\/esta-en-nuestros-votos-a-poco-mas-de-un-mes-para-las-elecciones-presidenciales-en-colombia\/#article\",\"isPartOf\":{\"@id\":\"https:\/\/www.pressenza.com\/es\/2026\/04\/esta-en-nuestros-votos-a-poco-mas-de-un-mes-para-las-elecciones-presidenciales-en-colombia\/\"},\"author\":{\"name\":\"Redacci\u00f3n Colombia\",\"@id\":\"https:\/\/www.pressenza.com\/es\/#\/schema\/person\/7c8ee170a4502d638436c91e385315f2\"},\"headline\":\"Est\u00e1 en nuestros votos: A poco m\u00e1s de un mes para las elecciones presidenciales en Colombia\",\"datePublished\":\"2026-04-28T19:55:50+00:00\",\"mainEntityOfPage\":{\"@id\":\"https:\/\/www.pressenza.com\/es\/2026\/04\/esta-en-nuestros-votos-a-poco-mas-de-un-mes-para-las-elecciones-presidenciales-en-colombia\/\"},\"wordCount\":924,\"publisher\":{\"@id\":\"https:\/\/www.pressenza.com\/es\/#organization\"},\"image\":{\"@id\":\"https:\/\/www.pressenza.com\/es\/2026\/04\/esta-en-nuestros-votos-a-poco-mas-de-un-mes-para-las-elecciones-presidenciales-en-colombia\/#primaryimage\"},\"thumbnailUrl\":\"https:\/\/www.pressenza.com\/wp-content\/uploads\/2026\/04\/Colombia.jpg\",\"keywords\":[\"Colombia\",\"elecciones 2026\",\"Iv\u00e1n Cepeda\",\"Pacto Hist\u00f3rico\"],\"articleSection\":[\"Pol\u00edtica\",\"Sudam\u00e9rica\"],\"inLanguage\":\"es\"},{\"@type\":\"WebPage\",\"@id\":\"https:\/\/www.pressenza.com\/es\/2026\/04\/esta-en-nuestros-votos-a-poco-mas-de-un-mes-para-las-elecciones-presidenciales-en-colombia\/\",\"url\":\"https:\/\/www.pressenza.com\/es\/2026\/04\/esta-en-nuestros-votos-a-poco-mas-de-un-mes-para-las-elecciones-presidenciales-en-colombia\/\",\"name\":\"Est\u00e1 en nuestros votos: A poco m\u00e1s de un mes para las elecciones presidenciales en Colombia\",\"isPartOf\":{\"@id\":\"https:\/\/www.pressenza.com\/es\/#website\"},\"primaryImageOfPage\":{\"@id\":\"https:\/\/www.pressenza.com\/es\/2026\/04\/esta-en-nuestros-votos-a-poco-mas-de-un-mes-para-las-elecciones-presidenciales-en-colombia\/#primaryimage\"},\"image\":{\"@id\":\"https:\/\/www.pressenza.com\/es\/2026\/04\/esta-en-nuestros-votos-a-poco-mas-de-un-mes-para-las-elecciones-presidenciales-en-colombia\/#primaryimage\"},\"thumbnailUrl\":\"https:\/\/www.pressenza.com\/wp-content\/uploads\/2026\/04\/Colombia.jpg\",\"datePublished\":\"2026-04-28T19:55:50+00:00\",\"description\":\"Tal vez censuren este art\u00edculo sin haberlo le\u00eddo. Solamente por el t\u00edtulo, y por hacer una apolog\u00eda del voto consciente y con criterio y un paneg\u00edrico,\",\"breadcrumb\":{\"@id\":\"https:\/\/www.pressenza.com\/es\/2026\/04\/esta-en-nuestros-votos-a-poco-mas-de-un-mes-para-las-elecciones-presidenciales-en-colombia\/#breadcrumb\"},\"inLanguage\":\"es\",\"potentialAction\":[{\"@type\":\"ReadAction\",\"target\":[\"https:\/\/www.pressenza.com\/es\/2026\/04\/esta-en-nuestros-votos-a-poco-mas-de-un-mes-para-las-elecciones-presidenciales-en-colombia\/\"]}]},{\"@type\":\"ImageObject\",\"inLanguage\":\"es\",\"@id\":\"https:\/\/www.pressenza.com\/es\/2026\/04\/esta-en-nuestros-votos-a-poco-mas-de-un-mes-para-las-elecciones-presidenciales-en-colombia\/#primaryimage\",\"url\":\"https:\/\/www.pressenza.com\/wp-content\/uploads\/2026\/04\/Colombia.jpg\",\"contentUrl\":\"https:\/\/www.pressenza.com\/wp-content\/uploads\/2026\/04\/Colombia.jpg\",\"width\":780,\"height\":465,\"caption\":\"Montaje con carteles de Gr\u00e1fica del Cambio (izqda.) y de Imprenta Republicana (dcha.)\"},{\"@type\":\"BreadcrumbList\",\"@id\":\"https:\/\/www.pressenza.com\/es\/2026\/04\/esta-en-nuestros-votos-a-poco-mas-de-un-mes-para-las-elecciones-presidenciales-en-colombia\/#breadcrumb\",\"itemListElement\":[{\"@type\":\"ListItem\",\"position\":1,\"name\":\"Accueil\",\"item\":\"https:\/\/www.pressenza.com\/es\/\"},{\"@type\":\"ListItem\",\"position\":2,\"name\":\"Est\u00e1 en nuestros votos: A poco m\u00e1s de un mes para las elecciones presidenciales en Colombia\"}]},{\"@type\":\"WebSite\",\"@id\":\"https:\/\/www.pressenza.com\/es\/#website\",\"url\":\"https:\/\/www.pressenza.com\/es\/\",\"name\":\"Pressenza\",\"description\":\"International Press Agency\",\"publisher\":{\"@id\":\"https:\/\/www.pressenza.com\/es\/#organization\"},\"potentialAction\":[{\"@type\":\"SearchAction\",\"target\":{\"@type\":\"EntryPoint\",\"urlTemplate\":\"https:\/\/www.pressenza.com\/es\/?s={search_term_string}\"},\"query-input\":{\"@type\":\"PropertyValueSpecification\",\"valueRequired\":true,\"valueName\":\"search_term_string\"}}],\"inLanguage\":\"es\"},{\"@type\":\"Organization\",\"@id\":\"https:\/\/www.pressenza.com\/es\/#organization\",\"name\":\"Pressenza\",\"url\":\"https:\/\/www.pressenza.com\/es\/\",\"logo\":{\"@type\":\"ImageObject\",\"inLanguage\":\"es\",\"@id\":\"https:\/\/www.pressenza.com\/es\/#\/schema\/logo\/image\/\",\"url\":\"https:\/\/www.pressenza.com\/wp-content\/uploads\/2022\/10\/pressenza_logo_200x200.jpg\",\"contentUrl\":\"https:\/\/www.pressenza.com\/wp-content\/uploads\/2022\/10\/pressenza_logo_200x200.jpg\",\"width\":200,\"height\":200,\"caption\":\"Pressenza\"},\"image\":{\"@id\":\"https:\/\/www.pressenza.com\/es\/#\/schema\/logo\/image\/\"},\"sameAs\":[\"https:\/\/www.facebook.com\/PressenzaItalia\",\"https:\/\/x.com\/PressenzaIPA\"]},{\"@type\":\"Person\",\"@id\":\"https:\/\/www.pressenza.com\/es\/#\/schema\/person\/7c8ee170a4502d638436c91e385315f2\",\"name\":\"Redacci\u00f3n Colombia\",\"description\":\"News published by the Pressenza bureau in Colombia\",\"url\":\"https:\/\/www.pressenza.com\/es\/author\/redaccion-colombia\/\"}]}<\/script>\n<!-- \/ Yoast SEO plugin. -->","yoast_head_json":{"title":"Est\u00e1 en nuestros votos: A poco m\u00e1s de un mes para las elecciones presidenciales en Colombia","description":"Tal vez censuren este art\u00edculo sin haberlo le\u00eddo. Solamente por el t\u00edtulo, y por hacer una apolog\u00eda del voto consciente y con criterio y un paneg\u00edrico,","robots":{"index":"index","follow":"follow","max-snippet":"max-snippet:-1","max-image-preview":"max-image-preview:large","max-video-preview":"max-video-preview:-1"},"canonical":"https:\/\/www.pressenza.com\/es\/2026\/04\/esta-en-nuestros-votos-a-poco-mas-de-un-mes-para-las-elecciones-presidenciales-en-colombia\/","og_locale":"es_ES","og_type":"article","og_title":"Est\u00e1 en nuestros votos: A poco m\u00e1s de un mes para las elecciones presidenciales en Colombia","og_description":"Tal vez censuren este art\u00edculo sin haberlo le\u00eddo. Solamente por el t\u00edtulo, y por hacer una apolog\u00eda del voto consciente y con criterio y un paneg\u00edrico,","og_url":"https:\/\/www.pressenza.com\/es\/2026\/04\/esta-en-nuestros-votos-a-poco-mas-de-un-mes-para-las-elecciones-presidenciales-en-colombia\/","og_site_name":"Pressenza","article_publisher":"https:\/\/www.facebook.com\/PressenzaItalia","article_published_time":"2026-04-28T19:55:50+00:00","og_image":[{"width":780,"height":465,"url":"https:\/\/www.pressenza.com\/wp-content\/uploads\/2026\/04\/Colombia.jpg","type":"image\/jpeg"}],"author":"Redacci\u00f3n Colombia","twitter_card":"summary_large_image","twitter_creator":"@PressenzaIPA","twitter_site":"@PressenzaIPA","twitter_misc":{"Escrito por":"Redacci\u00f3n Colombia","Tiempo de lectura":"5 minutos"},"schema":{"@context":"https:\/\/schema.org","@graph":[{"@type":"Article","@id":"https:\/\/www.pressenza.com\/es\/2026\/04\/esta-en-nuestros-votos-a-poco-mas-de-un-mes-para-las-elecciones-presidenciales-en-colombia\/#article","isPartOf":{"@id":"https:\/\/www.pressenza.com\/es\/2026\/04\/esta-en-nuestros-votos-a-poco-mas-de-un-mes-para-las-elecciones-presidenciales-en-colombia\/"},"author":{"name":"Redacci\u00f3n Colombia","@id":"https:\/\/www.pressenza.com\/es\/#\/schema\/person\/7c8ee170a4502d638436c91e385315f2"},"headline":"Est\u00e1 en nuestros votos: A poco m\u00e1s de un mes para las elecciones presidenciales en Colombia","datePublished":"2026-04-28T19:55:50+00:00","mainEntityOfPage":{"@id":"https:\/\/www.pressenza.com\/es\/2026\/04\/esta-en-nuestros-votos-a-poco-mas-de-un-mes-para-las-elecciones-presidenciales-en-colombia\/"},"wordCount":924,"publisher":{"@id":"https:\/\/www.pressenza.com\/es\/#organization"},"image":{"@id":"https:\/\/www.pressenza.com\/es\/2026\/04\/esta-en-nuestros-votos-a-poco-mas-de-un-mes-para-las-elecciones-presidenciales-en-colombia\/#primaryimage"},"thumbnailUrl":"https:\/\/www.pressenza.com\/wp-content\/uploads\/2026\/04\/Colombia.jpg","keywords":["Colombia","elecciones 2026","Iv\u00e1n Cepeda","Pacto Hist\u00f3rico"],"articleSection":["Pol\u00edtica","Sudam\u00e9rica"],"inLanguage":"es"},{"@type":"WebPage","@id":"https:\/\/www.pressenza.com\/es\/2026\/04\/esta-en-nuestros-votos-a-poco-mas-de-un-mes-para-las-elecciones-presidenciales-en-colombia\/","url":"https:\/\/www.pressenza.com\/es\/2026\/04\/esta-en-nuestros-votos-a-poco-mas-de-un-mes-para-las-elecciones-presidenciales-en-colombia\/","name":"Est\u00e1 en nuestros votos: A poco m\u00e1s de un mes para las elecciones presidenciales en Colombia","isPartOf":{"@id":"https:\/\/www.pressenza.com\/es\/#website"},"primaryImageOfPage":{"@id":"https:\/\/www.pressenza.com\/es\/2026\/04\/esta-en-nuestros-votos-a-poco-mas-de-un-mes-para-las-elecciones-presidenciales-en-colombia\/#primaryimage"},"image":{"@id":"https:\/\/www.pressenza.com\/es\/2026\/04\/esta-en-nuestros-votos-a-poco-mas-de-un-mes-para-las-elecciones-presidenciales-en-colombia\/#primaryimage"},"thumbnailUrl":"https:\/\/www.pressenza.com\/wp-content\/uploads\/2026\/04\/Colombia.jpg","datePublished":"2026-04-28T19:55:50+00:00","description":"Tal vez censuren este art\u00edculo sin haberlo le\u00eddo. Solamente por el t\u00edtulo, y por hacer una apolog\u00eda del voto consciente y con criterio y un paneg\u00edrico,","breadcrumb":{"@id":"https:\/\/www.pressenza.com\/es\/2026\/04\/esta-en-nuestros-votos-a-poco-mas-de-un-mes-para-las-elecciones-presidenciales-en-colombia\/#breadcrumb"},"inLanguage":"es","potentialAction":[{"@type":"ReadAction","target":["https:\/\/www.pressenza.com\/es\/2026\/04\/esta-en-nuestros-votos-a-poco-mas-de-un-mes-para-las-elecciones-presidenciales-en-colombia\/"]}]},{"@type":"ImageObject","inLanguage":"es","@id":"https:\/\/www.pressenza.com\/es\/2026\/04\/esta-en-nuestros-votos-a-poco-mas-de-un-mes-para-las-elecciones-presidenciales-en-colombia\/#primaryimage","url":"https:\/\/www.pressenza.com\/wp-content\/uploads\/2026\/04\/Colombia.jpg","contentUrl":"https:\/\/www.pressenza.com\/wp-content\/uploads\/2026\/04\/Colombia.jpg","width":780,"height":465,"caption":"Montaje con carteles de Gr\u00e1fica del Cambio (izqda.) y de Imprenta Republicana (dcha.)"},{"@type":"BreadcrumbList","@id":"https:\/\/www.pressenza.com\/es\/2026\/04\/esta-en-nuestros-votos-a-poco-mas-de-un-mes-para-las-elecciones-presidenciales-en-colombia\/#breadcrumb","itemListElement":[{"@type":"ListItem","position":1,"name":"Accueil","item":"https:\/\/www.pressenza.com\/es\/"},{"@type":"ListItem","position":2,"name":"Est\u00e1 en nuestros votos: A poco m\u00e1s de un mes para las elecciones presidenciales en Colombia"}]},{"@type":"WebSite","@id":"https:\/\/www.pressenza.com\/es\/#website","url":"https:\/\/www.pressenza.com\/es\/","name":"Pressenza","description":"International Press Agency","publisher":{"@id":"https:\/\/www.pressenza.com\/es\/#organization"},"potentialAction":[{"@type":"SearchAction","target":{"@type":"EntryPoint","urlTemplate":"https:\/\/www.pressenza.com\/es\/?s={search_term_string}"},"query-input":{"@type":"PropertyValueSpecification","valueRequired":true,"valueName":"search_term_string"}}],"inLanguage":"es"},{"@type":"Organization","@id":"https:\/\/www.pressenza.com\/es\/#organization","name":"Pressenza","url":"https:\/\/www.pressenza.com\/es\/","logo":{"@type":"ImageObject","inLanguage":"es","@id":"https:\/\/www.pressenza.com\/es\/#\/schema\/logo\/image\/","url":"https:\/\/www.pressenza.com\/wp-content\/uploads\/2022\/10\/pressenza_logo_200x200.jpg","contentUrl":"https:\/\/www.pressenza.com\/wp-content\/uploads\/2022\/10\/pressenza_logo_200x200.jpg","width":200,"height":200,"caption":"Pressenza"},"image":{"@id":"https:\/\/www.pressenza.com\/es\/#\/schema\/logo\/image\/"},"sameAs":["https:\/\/www.facebook.com\/PressenzaItalia","https:\/\/x.com\/PressenzaIPA"]},{"@type":"Person","@id":"https:\/\/www.pressenza.com\/es\/#\/schema\/person\/7c8ee170a4502d638436c91e385315f2","name":"Redacci\u00f3n Colombia","description":"News published by the Pressenza bureau in Colombia","url":"https:\/\/www.pressenza.com\/es\/author\/redaccion-colombia\/"}]}},"place":"Bogot\u00e1, Colombia","original_article_url":"https:\/\/paterasalsur.wordpress.com\/2026\/04\/28\/esta-en-nuestros-votos\/","_links":{"self":[{"href":"https:\/\/www.pressenza.com\/es\/wp-json\/wp\/v2\/posts\/2696302","targetHints":{"allow":["GET"]}}],"collection":[{"href":"https:\/\/www.pressenza.com\/es\/wp-json\/wp\/v2\/posts"}],"about":[{"href":"https:\/\/www.pressenza.com\/es\/wp-json\/wp\/v2\/types\/post"}],"author":[{"embeddable":true,"href":"https:\/\/www.pressenza.com\/es\/wp-json\/wp\/v2\/users\/1053"}],"replies":[{"embeddable":true,"href":"https:\/\/www.pressenza.com\/es\/wp-json\/wp\/v2\/comments?post=2696302"}],"version-history":[{"count":1,"href":"https:\/\/www.pressenza.com\/es\/wp-json\/wp\/v2\/posts\/2696302\/revisions"}],"predecessor-version":[{"id":2696306,"href":"https:\/\/www.pressenza.com\/es\/wp-json\/wp\/v2\/posts\/2696302\/revisions\/2696306"}],"wp:featuredmedia":[{"embeddable":true,"href":"https:\/\/www.pressenza.com\/es\/wp-json\/wp\/v2\/media\/2696305"}],"wp:attachment":[{"href":"https:\/\/www.pressenza.com\/es\/wp-json\/wp\/v2\/media?parent=2696302"}],"wp:term":[{"taxonomy":"category","embeddable":true,"href":"https:\/\/www.pressenza.com\/es\/wp-json\/wp\/v2\/categories?post=2696302"},{"taxonomy":"post_tag","embeddable":true,"href":"https:\/\/www.pressenza.com\/es\/wp-json\/wp\/v2\/tags?post=2696302"}],"curies":[{"name":"wp","href":"https:\/\/api.w.org\/{rel}","templated":true}]}}