{"id":269624,"date":"2016-01-21T11:41:15","date_gmt":"2016-01-21T11:41:15","guid":{"rendered":"http:\/\/www.pressenza.com\/es\/?p=269624"},"modified":"2019-02-06T19:45:45","modified_gmt":"2019-02-06T19:45:45","slug":"otro-ataque-a-la-cultura-en-argentina-ahora-al-monumento-a-la-mujer-originaria","status":"publish","type":"post","link":"https:\/\/www.pressenza.com\/es\/2016\/01\/otro-ataque-a-la-cultura-en-argentina-ahora-al-monumento-a-la-mujer-originaria\/","title":{"rendered":"Otro ataque a la cultura en Argentina, ahora al Monumento a la Mujer Originaria"},"content":{"rendered":"<p><em><strong>Por Radio Gr\u00e1fica (<a href=\"http:\/\/www.radiografica.org.ar\/2016\/01\/20\/otro-ataque-a-la-cultura-ahora-al-monumento-a-la-mujer-originaria\/\">con audio<\/a>)<\/strong><\/em><\/p>\n<p>Andr\u00e9s\u00a0Zerneri, autor de la escultura de Juana Azurduy y responsable de la realizaci\u00f3n del Monumento a la Mujer Originaria, dialog\u00f3 con <em>Mauro Cavallin<\/em> y <em>Alicia Lado<\/em>, enAbramos La Boca.<strong>\u00a0<\/strong>El artista denunci\u00f3\u00a0el inminente desalojo del galp\u00f3n donde lleva a cabo la obra, en el predio del Espacio de La Memoria\u00a0\u2013 ex ESMA.<\/p>\n<p>Zerneri se refiri\u00f3 al monumento a la Mujer Originaria como una de las <em>\u201cobras m\u00e1s grandes de la Argentina hechas en bronce, m\u00e1s grande que la obra de Juana Azurduy\u201d<\/em>ubicada detr\u00e1s de la Casa Rosada. En ese sentido afirm\u00f3 que la escultura es <em>\u201cun homenaje a nuestros pueblos originarios\u201d<\/em> y agreg\u00f3 que <em>\u201chan participado todas las provincias argentinas\u201d.\u00a0<\/em>En esta l\u00ednea, afirm\u00f3 que \u201c<em>nos sorprendi\u00f3 que el nuevo secretario de Derecho Humanos nos pidiera que nos retiremos del galp\u00f3n en el que hace cinco a\u00f1os trabajamos\u201d.<\/em><\/p>\n<p>De todos modos, Andr\u00e9s remarc\u00f3 que \u201c<em>todos entendemos que el nuevo gobierno no es tan sensible a este tipo de emprendimientos y nos esper\u00e1bamos un pedido parecido<\/em>\u201c. Sin embargo sostuvo que \u201c<em>ahora queda dar se\u00f1ales de que estamos bien organizados, de que somos muchos los que deseamos que \u00e9ste monumento se haga\u201d.<\/em><\/p>\n<p>Adem\u00e1s aclar\u00f3 que la defensa que hacen del proyecto \u201c<em>no es una reivindicaci\u00f3n gremial, no se trata de sueldos ni de subsidios porque nunca los hemos pedido\u201d<\/em> ya que \u201c<em>jam\u00e1s el monumento a la Mujer Originaria requiri\u00f3 del dinero del Estado ni de nadie en particular\u201d.<\/em><\/p>\n<p>Por \u00faltimo sostuvo que <em>\u201cahora tenemos que dar se\u00f1ales de que somos muchos los que estamos comprometidos en que \u00e9sta escultura se termine. No hay ninguna arista pol\u00edtica detr\u00e1s de \u00e9ste proyecto, lo que queremos es terminar \u00e9ste proyecto y avanzar con otros\u201d.<\/em><\/p>\n","protected":false},"excerpt":{"rendered":"<p>Por Radio Gr\u00e1fica (con audio) Andr\u00e9s\u00a0Zerneri, autor de la escultura de Juana Azurduy y responsable de la realizaci\u00f3n del Monumento a la Mujer Originaria, dialog\u00f3 con Mauro Cavallin y Alicia Lado, enAbramos La Boca.\u00a0El artista denunci\u00f3\u00a0el inminente desalojo del galp\u00f3n&hellip;<\/p>\n","protected":false},"author":87,"featured_media":269625,"comment_status":"closed","ping_status":"open","sticky":false,"template":"","format":"standard","meta":{"footnotes":""},"categories":[75,54515,67],"tags":[26,336,4862,23372,512],"class_list":["post-269624","post","type-post","status-publish","format-standard","has-post-thumbnail","hentry","category-cultura-es","category-genero-y-feminismos","category-sudamerica","tag-argentina","tag-cultura-2","tag-mauricio-macri","tag-mujer-originaria","tag-recortes"],"yoast_head":"<!-- This site is optimized with the Yoast SEO plugin v27.1.1 - https:\/\/yoast.com\/product\/yoast-seo-wordpress\/ -->\n<title>Otro ataque a la cultura en Argentina, ahora al Monumento a la Mujer Originaria<\/title>\n<meta name=\"description\" content=\"Por Radio Gr\u00e1fica (con audio) Andr\u00e9s\u00a0Zerneri, autor de la escultura de Juana Azurduy y responsable de la realizaci\u00f3n del Monumento a la Mujer Originaria,\" \/>\n<meta name=\"robots\" content=\"index, follow, max-snippet:-1, max-image-preview:large, max-video-preview:-1\" \/>\n<link rel=\"canonical\" href=\"https:\/\/www.pressenza.com\/es\/2016\/01\/otro-ataque-a-la-cultura-en-argentina-ahora-al-monumento-a-la-mujer-originaria\/\" \/>\n<meta property=\"og:locale\" content=\"es_ES\" \/>\n<meta property=\"og:type\" content=\"article\" \/>\n<meta property=\"og:title\" content=\"Otro ataque a la cultura en Argentina, ahora al Monumento a la Mujer Originaria\" \/>\n<meta property=\"og:description\" content=\"Por Radio Gr\u00e1fica (con audio) Andr\u00e9s\u00a0Zerneri, autor de la escultura de Juana Azurduy y responsable de la realizaci\u00f3n del Monumento a la Mujer Originaria,\" \/>\n<meta property=\"og:url\" content=\"https:\/\/www.pressenza.com\/es\/2016\/01\/otro-ataque-a-la-cultura-en-argentina-ahora-al-monumento-a-la-mujer-originaria\/\" \/>\n<meta property=\"og:site_name\" content=\"Pressenza\" \/>\n<meta property=\"article:publisher\" content=\"https:\/\/www.facebook.com\/PressenzaItalia\" \/>\n<meta property=\"article:published_time\" content=\"2016-01-21T11:41:15+00:00\" \/>\n<meta property=\"article:modified_time\" content=\"2019-02-06T19:45:45+00:00\" \/>\n<meta property=\"og:image\" content=\"https:\/\/www.pressenza.com\/wp-content\/uploads\/2016\/01\/zer-765x510.jpg\" \/>\n\t<meta property=\"og:image:width\" content=\"765\" \/>\n\t<meta property=\"og:image:height\" content=\"510\" \/>\n\t<meta property=\"og:image:type\" content=\"image\/jpeg\" \/>\n<meta name=\"author\" content=\"Redacci\u00f3n Argentina\" \/>\n<meta name=\"twitter:card\" content=\"summary_large_image\" \/>\n<meta name=\"twitter:creator\" content=\"@pressenza\" \/>\n<meta name=\"twitter:site\" content=\"@PressenzaIPA\" \/>\n<meta name=\"twitter:label1\" content=\"Escrito por\" \/>\n\t<meta name=\"twitter:data1\" content=\"Redacci\u00f3n Argentina\" \/>\n\t<meta name=\"twitter:label2\" content=\"Tiempo de lectura\" \/>\n\t<meta name=\"twitter:data2\" content=\"2 minutos\" \/>\n<script type=\"application\/ld+json\" class=\"yoast-schema-graph\">{\"@context\":\"https:\/\/schema.org\",\"@graph\":[{\"@type\":\"Article\",\"@id\":\"https:\/\/www.pressenza.com\/es\/2016\/01\/otro-ataque-a-la-cultura-en-argentina-ahora-al-monumento-a-la-mujer-originaria\/#article\",\"isPartOf\":{\"@id\":\"https:\/\/www.pressenza.com\/es\/2016\/01\/otro-ataque-a-la-cultura-en-argentina-ahora-al-monumento-a-la-mujer-originaria\/\"},\"author\":{\"name\":\"Redacci\u00f3n Argentina\",\"@id\":\"https:\/\/www.pressenza.com\/es\/#\/schema\/person\/0dda7d1b68267ad95b1e1d83abc98c89\"},\"headline\":\"Otro ataque a la cultura en Argentina, ahora al Monumento a la Mujer Originaria\",\"datePublished\":\"2016-01-21T11:41:15+00:00\",\"dateModified\":\"2019-02-06T19:45:45+00:00\",\"mainEntityOfPage\":{\"@id\":\"https:\/\/www.pressenza.com\/es\/2016\/01\/otro-ataque-a-la-cultura-en-argentina-ahora-al-monumento-a-la-mujer-originaria\/\"},\"wordCount\":320,\"publisher\":{\"@id\":\"https:\/\/www.pressenza.com\/es\/#organization\"},\"image\":{\"@id\":\"https:\/\/www.pressenza.com\/es\/2016\/01\/otro-ataque-a-la-cultura-en-argentina-ahora-al-monumento-a-la-mujer-originaria\/#primaryimage\"},\"thumbnailUrl\":\"https:\/\/www.pressenza.com\/wp-content\/uploads\/2016\/01\/zer-765x510.jpg\",\"keywords\":[\"Argentina\",\"cultura\",\"Mauricio Macri\",\"Mujer Originaria\",\"recortes\"],\"articleSection\":[\"Cultura y Medios\",\"G\u00e9nero y Feminismos\",\"Sudam\u00e9rica\"],\"inLanguage\":\"es\"},{\"@type\":\"WebPage\",\"@id\":\"https:\/\/www.pressenza.com\/es\/2016\/01\/otro-ataque-a-la-cultura-en-argentina-ahora-al-monumento-a-la-mujer-originaria\/\",\"url\":\"https:\/\/www.pressenza.com\/es\/2016\/01\/otro-ataque-a-la-cultura-en-argentina-ahora-al-monumento-a-la-mujer-originaria\/\",\"name\":\"Otro ataque a la cultura en Argentina, ahora al Monumento a la Mujer Originaria\",\"isPartOf\":{\"@id\":\"https:\/\/www.pressenza.com\/es\/#website\"},\"primaryImageOfPage\":{\"@id\":\"https:\/\/www.pressenza.com\/es\/2016\/01\/otro-ataque-a-la-cultura-en-argentina-ahora-al-monumento-a-la-mujer-originaria\/#primaryimage\"},\"image\":{\"@id\":\"https:\/\/www.pressenza.com\/es\/2016\/01\/otro-ataque-a-la-cultura-en-argentina-ahora-al-monumento-a-la-mujer-originaria\/#primaryimage\"},\"thumbnailUrl\":\"https:\/\/www.pressenza.com\/wp-content\/uploads\/2016\/01\/zer-765x510.jpg\",\"datePublished\":\"2016-01-21T11:41:15+00:00\",\"dateModified\":\"2019-02-06T19:45:45+00:00\",\"description\":\"Por Radio Gr\u00e1fica (con audio) Andr\u00e9s\u00a0Zerneri, autor de la escultura de Juana Azurduy y responsable de la realizaci\u00f3n del Monumento a la Mujer Originaria,\",\"breadcrumb\":{\"@id\":\"https:\/\/www.pressenza.com\/es\/2016\/01\/otro-ataque-a-la-cultura-en-argentina-ahora-al-monumento-a-la-mujer-originaria\/#breadcrumb\"},\"inLanguage\":\"es\",\"potentialAction\":[{\"@type\":\"ReadAction\",\"target\":[\"https:\/\/www.pressenza.com\/es\/2016\/01\/otro-ataque-a-la-cultura-en-argentina-ahora-al-monumento-a-la-mujer-originaria\/\"]}]},{\"@type\":\"ImageObject\",\"inLanguage\":\"es\",\"@id\":\"https:\/\/www.pressenza.com\/es\/2016\/01\/otro-ataque-a-la-cultura-en-argentina-ahora-al-monumento-a-la-mujer-originaria\/#primaryimage\",\"url\":\"https:\/\/www.pressenza.com\/wp-content\/uploads\/2016\/01\/zer-765x510.jpg\",\"contentUrl\":\"https:\/\/www.pressenza.com\/wp-content\/uploads\/2016\/01\/zer-765x510.jpg\",\"width\":765,\"height\":510,\"caption\":\"El escultor Andr\u00e9s Zerneri en el Galp\u00f3n de trabajo del Monumento a la Mujer Originaria. Espacio Memoria y Derechos Humanos Ex-Esma. Ciudad de Buenos Aires. Foto: Daniela Yech\u00faa \/ ANCCOM\"},{\"@type\":\"BreadcrumbList\",\"@id\":\"https:\/\/www.pressenza.com\/es\/2016\/01\/otro-ataque-a-la-cultura-en-argentina-ahora-al-monumento-a-la-mujer-originaria\/#breadcrumb\",\"itemListElement\":[{\"@type\":\"ListItem\",\"position\":1,\"name\":\"Accueil\",\"item\":\"https:\/\/www.pressenza.com\/es\/\"},{\"@type\":\"ListItem\",\"position\":2,\"name\":\"Otro ataque a la cultura en Argentina, ahora al Monumento a la Mujer Originaria\"}]},{\"@type\":\"WebSite\",\"@id\":\"https:\/\/www.pressenza.com\/es\/#website\",\"url\":\"https:\/\/www.pressenza.com\/es\/\",\"name\":\"Pressenza\",\"description\":\"International Press Agency\",\"publisher\":{\"@id\":\"https:\/\/www.pressenza.com\/es\/#organization\"},\"potentialAction\":[{\"@type\":\"SearchAction\",\"target\":{\"@type\":\"EntryPoint\",\"urlTemplate\":\"https:\/\/www.pressenza.com\/es\/?s={search_term_string}\"},\"query-input\":{\"@type\":\"PropertyValueSpecification\",\"valueRequired\":true,\"valueName\":\"search_term_string\"}}],\"inLanguage\":\"es\"},{\"@type\":\"Organization\",\"@id\":\"https:\/\/www.pressenza.com\/es\/#organization\",\"name\":\"Pressenza\",\"url\":\"https:\/\/www.pressenza.com\/es\/\",\"logo\":{\"@type\":\"ImageObject\",\"inLanguage\":\"es\",\"@id\":\"https:\/\/www.pressenza.com\/es\/#\/schema\/logo\/image\/\",\"url\":\"https:\/\/www.pressenza.com\/wp-content\/uploads\/2022\/10\/pressenza_logo_200x200.jpg\",\"contentUrl\":\"https:\/\/www.pressenza.com\/wp-content\/uploads\/2022\/10\/pressenza_logo_200x200.jpg\",\"width\":200,\"height\":200,\"caption\":\"Pressenza\"},\"image\":{\"@id\":\"https:\/\/www.pressenza.com\/es\/#\/schema\/logo\/image\/\"},\"sameAs\":[\"https:\/\/www.facebook.com\/PressenzaItalia\",\"https:\/\/x.com\/PressenzaIPA\"]},{\"@type\":\"Person\",\"@id\":\"https:\/\/www.pressenza.com\/es\/#\/schema\/person\/0dda7d1b68267ad95b1e1d83abc98c89\",\"name\":\"Redacci\u00f3n Argentina\",\"description\":\"News from the Pressenza Bureau in Argentina.\",\"sameAs\":[\"https:\/\/x.com\/pressenza\"],\"url\":\"https:\/\/www.pressenza.com\/es\/author\/redaccion-argentina\/\"}]}<\/script>\n<!-- \/ Yoast SEO plugin. -->","yoast_head_json":{"title":"Otro ataque a la cultura en Argentina, ahora al Monumento a la Mujer Originaria","description":"Por Radio Gr\u00e1fica (con audio) Andr\u00e9s\u00a0Zerneri, autor de la escultura de Juana Azurduy y responsable de la realizaci\u00f3n del Monumento a la Mujer Originaria,","robots":{"index":"index","follow":"follow","max-snippet":"max-snippet:-1","max-image-preview":"max-image-preview:large","max-video-preview":"max-video-preview:-1"},"canonical":"https:\/\/www.pressenza.com\/es\/2016\/01\/otro-ataque-a-la-cultura-en-argentina-ahora-al-monumento-a-la-mujer-originaria\/","og_locale":"es_ES","og_type":"article","og_title":"Otro ataque a la cultura en Argentina, ahora al Monumento a la Mujer Originaria","og_description":"Por Radio Gr\u00e1fica (con audio) Andr\u00e9s\u00a0Zerneri, autor de la escultura de Juana Azurduy y responsable de la realizaci\u00f3n del Monumento a la Mujer Originaria,","og_url":"https:\/\/www.pressenza.com\/es\/2016\/01\/otro-ataque-a-la-cultura-en-argentina-ahora-al-monumento-a-la-mujer-originaria\/","og_site_name":"Pressenza","article_publisher":"https:\/\/www.facebook.com\/PressenzaItalia","article_published_time":"2016-01-21T11:41:15+00:00","article_modified_time":"2019-02-06T19:45:45+00:00","og_image":[{"width":765,"height":510,"url":"https:\/\/www.pressenza.com\/wp-content\/uploads\/2016\/01\/zer-765x510.jpg","type":"image\/jpeg"}],"author":"Redacci\u00f3n Argentina","twitter_card":"summary_large_image","twitter_creator":"@pressenza","twitter_site":"@PressenzaIPA","twitter_misc":{"Escrito por":"Redacci\u00f3n Argentina","Tiempo de lectura":"2 minutos"},"schema":{"@context":"https:\/\/schema.org","@graph":[{"@type":"Article","@id":"https:\/\/www.pressenza.com\/es\/2016\/01\/otro-ataque-a-la-cultura-en-argentina-ahora-al-monumento-a-la-mujer-originaria\/#article","isPartOf":{"@id":"https:\/\/www.pressenza.com\/es\/2016\/01\/otro-ataque-a-la-cultura-en-argentina-ahora-al-monumento-a-la-mujer-originaria\/"},"author":{"name":"Redacci\u00f3n Argentina","@id":"https:\/\/www.pressenza.com\/es\/#\/schema\/person\/0dda7d1b68267ad95b1e1d83abc98c89"},"headline":"Otro ataque a la cultura en Argentina, ahora al Monumento a la Mujer Originaria","datePublished":"2016-01-21T11:41:15+00:00","dateModified":"2019-02-06T19:45:45+00:00","mainEntityOfPage":{"@id":"https:\/\/www.pressenza.com\/es\/2016\/01\/otro-ataque-a-la-cultura-en-argentina-ahora-al-monumento-a-la-mujer-originaria\/"},"wordCount":320,"publisher":{"@id":"https:\/\/www.pressenza.com\/es\/#organization"},"image":{"@id":"https:\/\/www.pressenza.com\/es\/2016\/01\/otro-ataque-a-la-cultura-en-argentina-ahora-al-monumento-a-la-mujer-originaria\/#primaryimage"},"thumbnailUrl":"https:\/\/www.pressenza.com\/wp-content\/uploads\/2016\/01\/zer-765x510.jpg","keywords":["Argentina","cultura","Mauricio Macri","Mujer Originaria","recortes"],"articleSection":["Cultura y Medios","G\u00e9nero y Feminismos","Sudam\u00e9rica"],"inLanguage":"es"},{"@type":"WebPage","@id":"https:\/\/www.pressenza.com\/es\/2016\/01\/otro-ataque-a-la-cultura-en-argentina-ahora-al-monumento-a-la-mujer-originaria\/","url":"https:\/\/www.pressenza.com\/es\/2016\/01\/otro-ataque-a-la-cultura-en-argentina-ahora-al-monumento-a-la-mujer-originaria\/","name":"Otro ataque a la cultura en Argentina, ahora al Monumento a la Mujer Originaria","isPartOf":{"@id":"https:\/\/www.pressenza.com\/es\/#website"},"primaryImageOfPage":{"@id":"https:\/\/www.pressenza.com\/es\/2016\/01\/otro-ataque-a-la-cultura-en-argentina-ahora-al-monumento-a-la-mujer-originaria\/#primaryimage"},"image":{"@id":"https:\/\/www.pressenza.com\/es\/2016\/01\/otro-ataque-a-la-cultura-en-argentina-ahora-al-monumento-a-la-mujer-originaria\/#primaryimage"},"thumbnailUrl":"https:\/\/www.pressenza.com\/wp-content\/uploads\/2016\/01\/zer-765x510.jpg","datePublished":"2016-01-21T11:41:15+00:00","dateModified":"2019-02-06T19:45:45+00:00","description":"Por Radio Gr\u00e1fica (con audio) Andr\u00e9s\u00a0Zerneri, autor de la escultura de Juana Azurduy y responsable de la realizaci\u00f3n del Monumento a la Mujer Originaria,","breadcrumb":{"@id":"https:\/\/www.pressenza.com\/es\/2016\/01\/otro-ataque-a-la-cultura-en-argentina-ahora-al-monumento-a-la-mujer-originaria\/#breadcrumb"},"inLanguage":"es","potentialAction":[{"@type":"ReadAction","target":["https:\/\/www.pressenza.com\/es\/2016\/01\/otro-ataque-a-la-cultura-en-argentina-ahora-al-monumento-a-la-mujer-originaria\/"]}]},{"@type":"ImageObject","inLanguage":"es","@id":"https:\/\/www.pressenza.com\/es\/2016\/01\/otro-ataque-a-la-cultura-en-argentina-ahora-al-monumento-a-la-mujer-originaria\/#primaryimage","url":"https:\/\/www.pressenza.com\/wp-content\/uploads\/2016\/01\/zer-765x510.jpg","contentUrl":"https:\/\/www.pressenza.com\/wp-content\/uploads\/2016\/01\/zer-765x510.jpg","width":765,"height":510,"caption":"El escultor Andr\u00e9s Zerneri en el Galp\u00f3n de trabajo del Monumento a la Mujer Originaria. Espacio Memoria y Derechos Humanos Ex-Esma. Ciudad de Buenos Aires. Foto: Daniela Yech\u00faa \/ ANCCOM"},{"@type":"BreadcrumbList","@id":"https:\/\/www.pressenza.com\/es\/2016\/01\/otro-ataque-a-la-cultura-en-argentina-ahora-al-monumento-a-la-mujer-originaria\/#breadcrumb","itemListElement":[{"@type":"ListItem","position":1,"name":"Accueil","item":"https:\/\/www.pressenza.com\/es\/"},{"@type":"ListItem","position":2,"name":"Otro ataque a la cultura en Argentina, ahora al Monumento a la Mujer Originaria"}]},{"@type":"WebSite","@id":"https:\/\/www.pressenza.com\/es\/#website","url":"https:\/\/www.pressenza.com\/es\/","name":"Pressenza","description":"International Press Agency","publisher":{"@id":"https:\/\/www.pressenza.com\/es\/#organization"},"potentialAction":[{"@type":"SearchAction","target":{"@type":"EntryPoint","urlTemplate":"https:\/\/www.pressenza.com\/es\/?s={search_term_string}"},"query-input":{"@type":"PropertyValueSpecification","valueRequired":true,"valueName":"search_term_string"}}],"inLanguage":"es"},{"@type":"Organization","@id":"https:\/\/www.pressenza.com\/es\/#organization","name":"Pressenza","url":"https:\/\/www.pressenza.com\/es\/","logo":{"@type":"ImageObject","inLanguage":"es","@id":"https:\/\/www.pressenza.com\/es\/#\/schema\/logo\/image\/","url":"https:\/\/www.pressenza.com\/wp-content\/uploads\/2022\/10\/pressenza_logo_200x200.jpg","contentUrl":"https:\/\/www.pressenza.com\/wp-content\/uploads\/2022\/10\/pressenza_logo_200x200.jpg","width":200,"height":200,"caption":"Pressenza"},"image":{"@id":"https:\/\/www.pressenza.com\/es\/#\/schema\/logo\/image\/"},"sameAs":["https:\/\/www.facebook.com\/PressenzaItalia","https:\/\/x.com\/PressenzaIPA"]},{"@type":"Person","@id":"https:\/\/www.pressenza.com\/es\/#\/schema\/person\/0dda7d1b68267ad95b1e1d83abc98c89","name":"Redacci\u00f3n Argentina","description":"News from the Pressenza Bureau in Argentina.","sameAs":["https:\/\/x.com\/pressenza"],"url":"https:\/\/www.pressenza.com\/es\/author\/redaccion-argentina\/"}]}},"place":"Ciudad de Buenos Aires","original_article_url":"http:\/\/www.radiografica.org.ar\/2016\/01\/20\/otro-ataque-a-la-cultura-ahora-al-monumento-a-la-mujer-originaria\/","_links":{"self":[{"href":"https:\/\/www.pressenza.com\/es\/wp-json\/wp\/v2\/posts\/269624","targetHints":{"allow":["GET"]}}],"collection":[{"href":"https:\/\/www.pressenza.com\/es\/wp-json\/wp\/v2\/posts"}],"about":[{"href":"https:\/\/www.pressenza.com\/es\/wp-json\/wp\/v2\/types\/post"}],"author":[{"embeddable":true,"href":"https:\/\/www.pressenza.com\/es\/wp-json\/wp\/v2\/users\/87"}],"replies":[{"embeddable":true,"href":"https:\/\/www.pressenza.com\/es\/wp-json\/wp\/v2\/comments?post=269624"}],"version-history":[{"count":0,"href":"https:\/\/www.pressenza.com\/es\/wp-json\/wp\/v2\/posts\/269624\/revisions"}],"wp:featuredmedia":[{"embeddable":true,"href":"https:\/\/www.pressenza.com\/es\/wp-json\/wp\/v2\/media\/269625"}],"wp:attachment":[{"href":"https:\/\/www.pressenza.com\/es\/wp-json\/wp\/v2\/media?parent=269624"}],"wp:term":[{"taxonomy":"category","embeddable":true,"href":"https:\/\/www.pressenza.com\/es\/wp-json\/wp\/v2\/categories?post=269624"},{"taxonomy":"post_tag","embeddable":true,"href":"https:\/\/www.pressenza.com\/es\/wp-json\/wp\/v2\/tags?post=269624"}],"curies":[{"name":"wp","href":"https:\/\/api.w.org\/{rel}","templated":true}]}}