{"id":2696150,"date":"2026-04-28T16:21:18","date_gmt":"2026-04-28T15:21:18","guid":{"rendered":"https:\/\/www.pressenza.com\/?p=2696150"},"modified":"2026-04-28T16:21:18","modified_gmt":"2026-04-28T15:21:18","slug":"manifiesto-por-una-tecnologia-humanizadora-humanizar-el-mundo-en-la-era-digital","status":"publish","type":"post","link":"https:\/\/www.pressenza.com\/es\/2026\/04\/manifiesto-por-una-tecnologia-humanizadora-humanizar-el-mundo-en-la-era-digital\/","title":{"rendered":"Manifiesto por una Tecnolog\u00eda Humanizadora: Humanizar el mundo en la era digital."},"content":{"rendered":"<p class=\"v1gmail-isSelectedEnd\">Vivimos en una \u00e9poca que se percibe a s\u00ed misma como el punto m\u00e1s alto del desarrollo tecnol\u00f3gico. La inteligencia artificial, la automatizaci\u00f3n y la capacidad de procesamiento de datos han alcanzado niveles que, hace apenas unas d\u00e9cadas, parec\u00edan propios de la ciencia ficci\u00f3n. Sin embargo, en medio de este avance vertiginoso, surge una pregunta fundamental que no puede ser eludida: \u00bfal servicio de qu\u00e9 \u2014o de qui\u00e9n\u2014 est\u00e1 esta tecnolog\u00eda?<\/p>\n<p class=\"v1gmail-isSelectedEnd\">Lejos de ser neutral, la tecnolog\u00eda encarna siempre una direcci\u00f3n. No es simplemente un conjunto de herramientas, sino una expresi\u00f3n concreta de las intenciones humanas que la orientan. Puede contribuir a ampliar la libertad, la conciencia y el bienestar, o puede consolidar sistemas de control, desigualdad y violencia.<\/p>\n<p class=\"v1gmail-isSelectedEnd\">Hoy asistimos a una tendencia preocupante: el desarrollo tecnol\u00f3gico comienza a alinearse de manera creciente con intereses de poder, seguridad y dominaci\u00f3n. La militarizaci\u00f3n de la innovaci\u00f3n, la vigilancia masiva y la concentraci\u00f3n de datos en manos de unos pocos actores configuran un escenario donde el ser humano corre el riesgo de ser desplazado como valor central.<\/p>\n<p class=\"v1gmail-isSelectedEnd\">Frente a esta deriva, se hace necesaria una toma de posici\u00f3n clara. El \u00abManifiesto por una Tecnolog\u00eda Humanizadora\u00bb surge como una respuesta a este momento hist\u00f3rico, afirmando un principio simple pero radical: nada est\u00e1 por encima del ser humano y ning\u00fan ser humano est\u00e1 por debajo de otro.<\/p>\n<p class=\"v1gmail-isSelectedEnd\">Desde esta perspectiva, toda tecnolog\u00eda debe ser evaluada por su impacto en la vida concreta de las personas. No basta con que sea eficiente o rentable; debe contribuir al desarrollo humano integral. Esto implica orientar la innovaci\u00f3n hacia la mejora de las condiciones de vida, la reducci\u00f3n de las desigualdades y la dignificaci\u00f3n del trabajo.<\/p>\n<p class=\"v1gmail-isSelectedEnd\">Asimismo, resulta imprescindible rechazar la idea de que la seguridad pueda justificar cualquier forma de control. La privacidad y la libertad no son obst\u00e1culos al progreso, sino condiciones esenciales de una sociedad verdaderamente humana. Una tecnolog\u00eda que invade, vigila y reduce al individuo a un conjunto de datos no ampl\u00eda la conciencia: la limita.<\/p>\n<p class=\"v1gmail-isSelectedEnd\">En el mismo sentido, la tecnolog\u00eda debe reconciliarse con la vida. El progreso no puede medirse \u00fanicamente en t\u00e9rminos de crecimiento econ\u00f3mico o capacidad productiva, sino tambi\u00e9n por su impacto en el equilibrio ecol\u00f3gico. La regeneraci\u00f3n de los ecosistemas y el respeto por los ciclos naturales deben ser criterios centrales en cualquier desarrollo tecnol\u00f3gico.<\/p>\n<p class=\"v1gmail-isSelectedEnd\">Otro eje fundamental es la democratizaci\u00f3n de la tecnolog\u00eda. Las decisiones que afectan a millones de personas no pueden quedar en manos de \u00e9lites cerradas o intereses corporativos. Es necesario avanzar hacia formas de gobernanza tecnol\u00f3gica m\u00e1s participativas, transparentes y orientadas al bien com\u00fan.<\/p>\n<p class=\"v1gmail-isSelectedEnd\">Pero, quiz\u00e1s, el cambio m\u00e1s profundo que propone este manifiesto es de car\u00e1cter cultural. Frente a una visi\u00f3n del mundo basada en la competencia permanente y la confrontaci\u00f3n entre potencias, se plantea un horizonte de cooperaci\u00f3n. La tecnolog\u00eda puede ser el soporte de una inteligencia colectiva global, capaz de abordar los grandes desaf\u00edos de la humanidad desde la colaboraci\u00f3n y no desde la rivalidad.<\/p>\n<p class=\"v1gmail-isSelectedEnd\">En este contexto, el verdadero progreso no radica en desarrollar sistemas cada vez m\u00e1s sofisticados, sino en orientar su sentido. La pregunta ya no es qu\u00e9 podemos hacer con la tecnolog\u00eda, sino qu\u00e9 debemos hacer para construir un mundo m\u00e1s humano.<\/p>\n<p class=\"v1gmail-isSelectedEnd\">Humanizar la tecnolog\u00eda no significa frenar la innovaci\u00f3n, sino darle direcci\u00f3n. Significa recuperar el control sobre nuestras creaciones y ponerlas al servicio de la vida, de la libertad y del sentido.<\/p>\n<p class=\"v1gmail-isSelectedEnd\">Porque, en \u00faltima instancia, el desaf\u00edo de nuestro tiempo no es tecnol\u00f3gico.<\/p>\n<p>Es profundamente humano.<\/p>\n","protected":false},"excerpt":{"rendered":"<p>Vivimos en una \u00e9poca que se percibe a s\u00ed misma como el punto m\u00e1s alto del desarrollo tecnol\u00f3gico. La inteligencia artificial, la automatizaci\u00f3n y la capacidad de procesamiento de datos han alcanzado niveles que, hace apenas unas d\u00e9cadas, parec\u00edan propios&hellip;<\/p>\n","protected":false},"author":1681,"featured_media":2696158,"comment_status":"closed","ping_status":"closed","sticky":false,"template":"","format":"standard","meta":{"footnotes":""},"categories":[497,11389,1240,39],"tags":[18519,1404],"class_list":["post-2696150","post","type-post","status-publish","format-standard","has-post-thumbnail","hentry","category-ciencia-tecnologia","category-contenido-original","category-humanismo-espiritualidad","category-internacional","tag-humanizacion","tag-tecnologia"],"yoast_head":"<!-- This site is optimized with the Yoast SEO plugin v27.1.1 - https:\/\/yoast.com\/product\/yoast-seo-wordpress\/ -->\n<title>Manifiesto por una Tecnolog\u00eda Humanizadora: Humanizar el mundo en la era digital.<\/title>\n<meta name=\"description\" content=\"Vivimos en una \u00e9poca que se percibe a s\u00ed misma como el punto m\u00e1s alto del desarrollo tecnol\u00f3gico. La inteligencia artificial, la automatizaci\u00f3n y la\" \/>\n<meta name=\"robots\" content=\"index, follow, max-snippet:-1, max-image-preview:large, max-video-preview:-1\" \/>\n<link rel=\"canonical\" href=\"https:\/\/www.pressenza.com\/es\/2026\/04\/manifiesto-por-una-tecnologia-humanizadora-humanizar-el-mundo-en-la-era-digital\/\" \/>\n<meta property=\"og:locale\" content=\"es_ES\" \/>\n<meta property=\"og:type\" content=\"article\" \/>\n<meta property=\"og:title\" content=\"Manifiesto por una Tecnolog\u00eda Humanizadora: Humanizar el mundo en la era digital.\" \/>\n<meta property=\"og:description\" content=\"Vivimos en una \u00e9poca que se percibe a s\u00ed misma como el punto m\u00e1s alto del desarrollo tecnol\u00f3gico. La inteligencia artificial, la automatizaci\u00f3n y la\" \/>\n<meta property=\"og:url\" content=\"https:\/\/www.pressenza.com\/es\/2026\/04\/manifiesto-por-una-tecnologia-humanizadora-humanizar-el-mundo-en-la-era-digital\/\" \/>\n<meta property=\"og:site_name\" content=\"Pressenza\" \/>\n<meta property=\"article:publisher\" content=\"https:\/\/www.facebook.com\/PressenzaItalia\" \/>\n<meta property=\"article:published_time\" content=\"2026-04-28T15:21:18+00:00\" \/>\n<meta property=\"og:image\" content=\"https:\/\/www.pressenza.com\/wp-content\/uploads\/2026\/04\/3d-aesthetics-with-shapes-vaporwave-style.jpg\" \/>\n\t<meta property=\"og:image:width\" content=\"1920\" \/>\n\t<meta property=\"og:image:height\" content=\"1371\" \/>\n\t<meta property=\"og:image:type\" content=\"image\/jpeg\" \/>\n<meta name=\"author\" content=\"Redacci\u00f3n Espa\u00f1a\" \/>\n<meta name=\"twitter:card\" content=\"summary_large_image\" \/>\n<meta name=\"twitter:creator\" content=\"@PressenzaIPA\" \/>\n<meta name=\"twitter:site\" content=\"@PressenzaIPA\" \/>\n<meta name=\"twitter:label1\" content=\"Escrito por\" \/>\n\t<meta name=\"twitter:data1\" content=\"Redacci\u00f3n Espa\u00f1a\" \/>\n\t<meta name=\"twitter:label2\" content=\"Tiempo de lectura\" \/>\n\t<meta name=\"twitter:data2\" content=\"3 minutos\" \/>\n<script type=\"application\/ld+json\" class=\"yoast-schema-graph\">{\"@context\":\"https:\/\/schema.org\",\"@graph\":[{\"@type\":\"Article\",\"@id\":\"https:\/\/www.pressenza.com\/es\/2026\/04\/manifiesto-por-una-tecnologia-humanizadora-humanizar-el-mundo-en-la-era-digital\/#article\",\"isPartOf\":{\"@id\":\"https:\/\/www.pressenza.com\/es\/2026\/04\/manifiesto-por-una-tecnologia-humanizadora-humanizar-el-mundo-en-la-era-digital\/\"},\"author\":{\"name\":\"Redacci\u00f3n Espa\u00f1a\",\"@id\":\"https:\/\/www.pressenza.com\/es\/#\/schema\/person\/fffbbe2f14495897417f313a954dae23\"},\"headline\":\"Manifiesto por una Tecnolog\u00eda Humanizadora: Humanizar el mundo en la era digital.\",\"datePublished\":\"2026-04-28T15:21:18+00:00\",\"mainEntityOfPage\":{\"@id\":\"https:\/\/www.pressenza.com\/es\/2026\/04\/manifiesto-por-una-tecnologia-humanizadora-humanizar-el-mundo-en-la-era-digital\/\"},\"wordCount\":651,\"publisher\":{\"@id\":\"https:\/\/www.pressenza.com\/es\/#organization\"},\"image\":{\"@id\":\"https:\/\/www.pressenza.com\/es\/2026\/04\/manifiesto-por-una-tecnologia-humanizadora-humanizar-el-mundo-en-la-era-digital\/#primaryimage\"},\"thumbnailUrl\":\"https:\/\/www.pressenza.com\/wp-content\/uploads\/2026\/04\/3d-aesthetics-with-shapes-vaporwave-style.jpg\",\"keywords\":[\"humanizaci\u00f3n\",\"tecnolog\u00eda\"],\"articleSection\":[\"Ciencia y Tecnolog\u00eda\",\"Contenido Original\",\"Humanismo y Espiritualidad\",\"Internacional\"],\"inLanguage\":\"es\"},{\"@type\":\"WebPage\",\"@id\":\"https:\/\/www.pressenza.com\/es\/2026\/04\/manifiesto-por-una-tecnologia-humanizadora-humanizar-el-mundo-en-la-era-digital\/\",\"url\":\"https:\/\/www.pressenza.com\/es\/2026\/04\/manifiesto-por-una-tecnologia-humanizadora-humanizar-el-mundo-en-la-era-digital\/\",\"name\":\"Manifiesto por una Tecnolog\u00eda Humanizadora: Humanizar el mundo en la era digital.\",\"isPartOf\":{\"@id\":\"https:\/\/www.pressenza.com\/es\/#website\"},\"primaryImageOfPage\":{\"@id\":\"https:\/\/www.pressenza.com\/es\/2026\/04\/manifiesto-por-una-tecnologia-humanizadora-humanizar-el-mundo-en-la-era-digital\/#primaryimage\"},\"image\":{\"@id\":\"https:\/\/www.pressenza.com\/es\/2026\/04\/manifiesto-por-una-tecnologia-humanizadora-humanizar-el-mundo-en-la-era-digital\/#primaryimage\"},\"thumbnailUrl\":\"https:\/\/www.pressenza.com\/wp-content\/uploads\/2026\/04\/3d-aesthetics-with-shapes-vaporwave-style.jpg\",\"datePublished\":\"2026-04-28T15:21:18+00:00\",\"description\":\"Vivimos en una \u00e9poca que se percibe a s\u00ed misma como el punto m\u00e1s alto del desarrollo tecnol\u00f3gico. La inteligencia artificial, la automatizaci\u00f3n y la\",\"breadcrumb\":{\"@id\":\"https:\/\/www.pressenza.com\/es\/2026\/04\/manifiesto-por-una-tecnologia-humanizadora-humanizar-el-mundo-en-la-era-digital\/#breadcrumb\"},\"inLanguage\":\"es\",\"potentialAction\":[{\"@type\":\"ReadAction\",\"target\":[\"https:\/\/www.pressenza.com\/es\/2026\/04\/manifiesto-por-una-tecnologia-humanizadora-humanizar-el-mundo-en-la-era-digital\/\"]}]},{\"@type\":\"ImageObject\",\"inLanguage\":\"es\",\"@id\":\"https:\/\/www.pressenza.com\/es\/2026\/04\/manifiesto-por-una-tecnologia-humanizadora-humanizar-el-mundo-en-la-era-digital\/#primaryimage\",\"url\":\"https:\/\/www.pressenza.com\/wp-content\/uploads\/2026\/04\/3d-aesthetics-with-shapes-vaporwave-style.jpg\",\"contentUrl\":\"https:\/\/www.pressenza.com\/wp-content\/uploads\/2026\/04\/3d-aesthetics-with-shapes-vaporwave-style.jpg\",\"width\":1920,\"height\":1371},{\"@type\":\"BreadcrumbList\",\"@id\":\"https:\/\/www.pressenza.com\/es\/2026\/04\/manifiesto-por-una-tecnologia-humanizadora-humanizar-el-mundo-en-la-era-digital\/#breadcrumb\",\"itemListElement\":[{\"@type\":\"ListItem\",\"position\":1,\"name\":\"Accueil\",\"item\":\"https:\/\/www.pressenza.com\/es\/\"},{\"@type\":\"ListItem\",\"position\":2,\"name\":\"Manifiesto por una Tecnolog\u00eda Humanizadora: Humanizar el mundo en la era digital.\"}]},{\"@type\":\"WebSite\",\"@id\":\"https:\/\/www.pressenza.com\/es\/#website\",\"url\":\"https:\/\/www.pressenza.com\/es\/\",\"name\":\"Pressenza\",\"description\":\"International Press Agency\",\"publisher\":{\"@id\":\"https:\/\/www.pressenza.com\/es\/#organization\"},\"potentialAction\":[{\"@type\":\"SearchAction\",\"target\":{\"@type\":\"EntryPoint\",\"urlTemplate\":\"https:\/\/www.pressenza.com\/es\/?s={search_term_string}\"},\"query-input\":{\"@type\":\"PropertyValueSpecification\",\"valueRequired\":true,\"valueName\":\"search_term_string\"}}],\"inLanguage\":\"es\"},{\"@type\":\"Organization\",\"@id\":\"https:\/\/www.pressenza.com\/es\/#organization\",\"name\":\"Pressenza\",\"url\":\"https:\/\/www.pressenza.com\/es\/\",\"logo\":{\"@type\":\"ImageObject\",\"inLanguage\":\"es\",\"@id\":\"https:\/\/www.pressenza.com\/es\/#\/schema\/logo\/image\/\",\"url\":\"https:\/\/www.pressenza.com\/wp-content\/uploads\/2022\/10\/pressenza_logo_200x200.jpg\",\"contentUrl\":\"https:\/\/www.pressenza.com\/wp-content\/uploads\/2022\/10\/pressenza_logo_200x200.jpg\",\"width\":200,\"height\":200,\"caption\":\"Pressenza\"},\"image\":{\"@id\":\"https:\/\/www.pressenza.com\/es\/#\/schema\/logo\/image\/\"},\"sameAs\":[\"https:\/\/www.facebook.com\/PressenzaItalia\",\"https:\/\/x.com\/PressenzaIPA\"]},{\"@type\":\"Person\",\"@id\":\"https:\/\/www.pressenza.com\/es\/#\/schema\/person\/fffbbe2f14495897417f313a954dae23\",\"name\":\"Redacci\u00f3n Espa\u00f1a\",\"url\":\"https:\/\/www.pressenza.com\/es\/author\/redaccion-espana\/\"}]}<\/script>\n<!-- \/ Yoast SEO plugin. -->","yoast_head_json":{"title":"Manifiesto por una Tecnolog\u00eda Humanizadora: Humanizar el mundo en la era digital.","description":"Vivimos en una \u00e9poca que se percibe a s\u00ed misma como el punto m\u00e1s alto del desarrollo tecnol\u00f3gico. La inteligencia artificial, la automatizaci\u00f3n y la","robots":{"index":"index","follow":"follow","max-snippet":"max-snippet:-1","max-image-preview":"max-image-preview:large","max-video-preview":"max-video-preview:-1"},"canonical":"https:\/\/www.pressenza.com\/es\/2026\/04\/manifiesto-por-una-tecnologia-humanizadora-humanizar-el-mundo-en-la-era-digital\/","og_locale":"es_ES","og_type":"article","og_title":"Manifiesto por una Tecnolog\u00eda Humanizadora: Humanizar el mundo en la era digital.","og_description":"Vivimos en una \u00e9poca que se percibe a s\u00ed misma como el punto m\u00e1s alto del desarrollo tecnol\u00f3gico. La inteligencia artificial, la automatizaci\u00f3n y la","og_url":"https:\/\/www.pressenza.com\/es\/2026\/04\/manifiesto-por-una-tecnologia-humanizadora-humanizar-el-mundo-en-la-era-digital\/","og_site_name":"Pressenza","article_publisher":"https:\/\/www.facebook.com\/PressenzaItalia","article_published_time":"2026-04-28T15:21:18+00:00","og_image":[{"width":1920,"height":1371,"url":"https:\/\/www.pressenza.com\/wp-content\/uploads\/2026\/04\/3d-aesthetics-with-shapes-vaporwave-style.jpg","type":"image\/jpeg"}],"author":"Redacci\u00f3n Espa\u00f1a","twitter_card":"summary_large_image","twitter_creator":"@PressenzaIPA","twitter_site":"@PressenzaIPA","twitter_misc":{"Escrito por":"Redacci\u00f3n Espa\u00f1a","Tiempo de lectura":"3 minutos"},"schema":{"@context":"https:\/\/schema.org","@graph":[{"@type":"Article","@id":"https:\/\/www.pressenza.com\/es\/2026\/04\/manifiesto-por-una-tecnologia-humanizadora-humanizar-el-mundo-en-la-era-digital\/#article","isPartOf":{"@id":"https:\/\/www.pressenza.com\/es\/2026\/04\/manifiesto-por-una-tecnologia-humanizadora-humanizar-el-mundo-en-la-era-digital\/"},"author":{"name":"Redacci\u00f3n Espa\u00f1a","@id":"https:\/\/www.pressenza.com\/es\/#\/schema\/person\/fffbbe2f14495897417f313a954dae23"},"headline":"Manifiesto por una Tecnolog\u00eda Humanizadora: Humanizar el mundo en la era digital.","datePublished":"2026-04-28T15:21:18+00:00","mainEntityOfPage":{"@id":"https:\/\/www.pressenza.com\/es\/2026\/04\/manifiesto-por-una-tecnologia-humanizadora-humanizar-el-mundo-en-la-era-digital\/"},"wordCount":651,"publisher":{"@id":"https:\/\/www.pressenza.com\/es\/#organization"},"image":{"@id":"https:\/\/www.pressenza.com\/es\/2026\/04\/manifiesto-por-una-tecnologia-humanizadora-humanizar-el-mundo-en-la-era-digital\/#primaryimage"},"thumbnailUrl":"https:\/\/www.pressenza.com\/wp-content\/uploads\/2026\/04\/3d-aesthetics-with-shapes-vaporwave-style.jpg","keywords":["humanizaci\u00f3n","tecnolog\u00eda"],"articleSection":["Ciencia y Tecnolog\u00eda","Contenido Original","Humanismo y Espiritualidad","Internacional"],"inLanguage":"es"},{"@type":"WebPage","@id":"https:\/\/www.pressenza.com\/es\/2026\/04\/manifiesto-por-una-tecnologia-humanizadora-humanizar-el-mundo-en-la-era-digital\/","url":"https:\/\/www.pressenza.com\/es\/2026\/04\/manifiesto-por-una-tecnologia-humanizadora-humanizar-el-mundo-en-la-era-digital\/","name":"Manifiesto por una Tecnolog\u00eda Humanizadora: Humanizar el mundo en la era digital.","isPartOf":{"@id":"https:\/\/www.pressenza.com\/es\/#website"},"primaryImageOfPage":{"@id":"https:\/\/www.pressenza.com\/es\/2026\/04\/manifiesto-por-una-tecnologia-humanizadora-humanizar-el-mundo-en-la-era-digital\/#primaryimage"},"image":{"@id":"https:\/\/www.pressenza.com\/es\/2026\/04\/manifiesto-por-una-tecnologia-humanizadora-humanizar-el-mundo-en-la-era-digital\/#primaryimage"},"thumbnailUrl":"https:\/\/www.pressenza.com\/wp-content\/uploads\/2026\/04\/3d-aesthetics-with-shapes-vaporwave-style.jpg","datePublished":"2026-04-28T15:21:18+00:00","description":"Vivimos en una \u00e9poca que se percibe a s\u00ed misma como el punto m\u00e1s alto del desarrollo tecnol\u00f3gico. La inteligencia artificial, la automatizaci\u00f3n y la","breadcrumb":{"@id":"https:\/\/www.pressenza.com\/es\/2026\/04\/manifiesto-por-una-tecnologia-humanizadora-humanizar-el-mundo-en-la-era-digital\/#breadcrumb"},"inLanguage":"es","potentialAction":[{"@type":"ReadAction","target":["https:\/\/www.pressenza.com\/es\/2026\/04\/manifiesto-por-una-tecnologia-humanizadora-humanizar-el-mundo-en-la-era-digital\/"]}]},{"@type":"ImageObject","inLanguage":"es","@id":"https:\/\/www.pressenza.com\/es\/2026\/04\/manifiesto-por-una-tecnologia-humanizadora-humanizar-el-mundo-en-la-era-digital\/#primaryimage","url":"https:\/\/www.pressenza.com\/wp-content\/uploads\/2026\/04\/3d-aesthetics-with-shapes-vaporwave-style.jpg","contentUrl":"https:\/\/www.pressenza.com\/wp-content\/uploads\/2026\/04\/3d-aesthetics-with-shapes-vaporwave-style.jpg","width":1920,"height":1371},{"@type":"BreadcrumbList","@id":"https:\/\/www.pressenza.com\/es\/2026\/04\/manifiesto-por-una-tecnologia-humanizadora-humanizar-el-mundo-en-la-era-digital\/#breadcrumb","itemListElement":[{"@type":"ListItem","position":1,"name":"Accueil","item":"https:\/\/www.pressenza.com\/es\/"},{"@type":"ListItem","position":2,"name":"Manifiesto por una Tecnolog\u00eda Humanizadora: Humanizar el mundo en la era digital."}]},{"@type":"WebSite","@id":"https:\/\/www.pressenza.com\/es\/#website","url":"https:\/\/www.pressenza.com\/es\/","name":"Pressenza","description":"International Press Agency","publisher":{"@id":"https:\/\/www.pressenza.com\/es\/#organization"},"potentialAction":[{"@type":"SearchAction","target":{"@type":"EntryPoint","urlTemplate":"https:\/\/www.pressenza.com\/es\/?s={search_term_string}"},"query-input":{"@type":"PropertyValueSpecification","valueRequired":true,"valueName":"search_term_string"}}],"inLanguage":"es"},{"@type":"Organization","@id":"https:\/\/www.pressenza.com\/es\/#organization","name":"Pressenza","url":"https:\/\/www.pressenza.com\/es\/","logo":{"@type":"ImageObject","inLanguage":"es","@id":"https:\/\/www.pressenza.com\/es\/#\/schema\/logo\/image\/","url":"https:\/\/www.pressenza.com\/wp-content\/uploads\/2022\/10\/pressenza_logo_200x200.jpg","contentUrl":"https:\/\/www.pressenza.com\/wp-content\/uploads\/2022\/10\/pressenza_logo_200x200.jpg","width":200,"height":200,"caption":"Pressenza"},"image":{"@id":"https:\/\/www.pressenza.com\/es\/#\/schema\/logo\/image\/"},"sameAs":["https:\/\/www.facebook.com\/PressenzaItalia","https:\/\/x.com\/PressenzaIPA"]},{"@type":"Person","@id":"https:\/\/www.pressenza.com\/es\/#\/schema\/person\/fffbbe2f14495897417f313a954dae23","name":"Redacci\u00f3n Espa\u00f1a","url":"https:\/\/www.pressenza.com\/es\/author\/redaccion-espana\/"}]}},"place":"Diego Asensio - Pa\u00eds Vasco","original_article_url":"","_links":{"self":[{"href":"https:\/\/www.pressenza.com\/es\/wp-json\/wp\/v2\/posts\/2696150","targetHints":{"allow":["GET"]}}],"collection":[{"href":"https:\/\/www.pressenza.com\/es\/wp-json\/wp\/v2\/posts"}],"about":[{"href":"https:\/\/www.pressenza.com\/es\/wp-json\/wp\/v2\/types\/post"}],"author":[{"embeddable":true,"href":"https:\/\/www.pressenza.com\/es\/wp-json\/wp\/v2\/users\/1681"}],"replies":[{"embeddable":true,"href":"https:\/\/www.pressenza.com\/es\/wp-json\/wp\/v2\/comments?post=2696150"}],"version-history":[{"count":1,"href":"https:\/\/www.pressenza.com\/es\/wp-json\/wp\/v2\/posts\/2696150\/revisions"}],"predecessor-version":[{"id":2696161,"href":"https:\/\/www.pressenza.com\/es\/wp-json\/wp\/v2\/posts\/2696150\/revisions\/2696161"}],"wp:featuredmedia":[{"embeddable":true,"href":"https:\/\/www.pressenza.com\/es\/wp-json\/wp\/v2\/media\/2696158"}],"wp:attachment":[{"href":"https:\/\/www.pressenza.com\/es\/wp-json\/wp\/v2\/media?parent=2696150"}],"wp:term":[{"taxonomy":"category","embeddable":true,"href":"https:\/\/www.pressenza.com\/es\/wp-json\/wp\/v2\/categories?post=2696150"},{"taxonomy":"post_tag","embeddable":true,"href":"https:\/\/www.pressenza.com\/es\/wp-json\/wp\/v2\/tags?post=2696150"}],"curies":[{"name":"wp","href":"https:\/\/api.w.org\/{rel}","templated":true}]}}