{"id":2696127,"date":"2026-04-29T02:13:57","date_gmt":"2026-04-29T01:13:57","guid":{"rendered":"https:\/\/www.pressenza.com\/?p=2696127"},"modified":"2026-04-29T02:13:57","modified_gmt":"2026-04-29T01:13:57","slug":"quinta-asamblea-del-foro-humanista-mundial-abordara-los-caminos-colectivos-hacia-una-nacion-universal","status":"publish","type":"post","link":"https:\/\/www.pressenza.com\/es\/2026\/04\/quinta-asamblea-del-foro-humanista-mundial-abordara-los-caminos-colectivos-hacia-una-nacion-universal\/","title":{"rendered":"Quinta Asamblea del Foro Humanista Mundial abordar\u00e1 los Caminos colectivos hacia una Naci\u00f3n Universal."},"content":{"rendered":"<p><em>Los d\u00edas 23 y 24 de Mayo se celebrar\u00e1 una nueva Asamblea abierta del Foro Humanista Mundial. El t\u00edtulo que cobijar\u00e1 los intercambios es sin duda audaz para los tiempos que transcurren: \u201cCamino a una Naci\u00f3n Humana Universal. Avanzando con acciones colectivas para construir un mundo basado en la solidaridad y la no violencia.\u201d<\/em><\/p>\n<p>Justamente ese es el desaf\u00edo, se\u00f1alan los organizadores. El esp\u00edritu que los anima es no dejarse abatir por la desesperanza, el escepticismo o la inacci\u00f3n y poner proa hacia el futuro con acciones colectivas constructivas con la imagen gu\u00eda de una Naci\u00f3n Humana Universal, que garantice una vida digna, sin violencias ni discriminaci\u00f3n para cada habitante de la Tierra.<\/p>\n<p><b>El programa de la Quinta Asamblea <\/b><\/p>\n<p>Con un formato h\u00edbrido, en el que se combinan encuentros colectivos presenciales y la conexi\u00f3n virtual que permite interconectar a activistas de todas las culturas, la Asamblea presentar\u00e1, luego de una m\u00edstica de inicio, algunas de las actividades m\u00e1s destacadas que est\u00e1n desarrollando sus Mesas tem\u00e1ticas. Entre ellas, el inspirador programa en distintas c\u00e1rceles de Kenya en el que vienen trabajando conjuntamente las Mesas de Educaci\u00f3n y de Desarrollo interno.<\/p>\n<p>Tambi\u00e9n se contar\u00e1 con el relato de la acci\u00f3n en la que un grupo compuesto por artistas, periodistas y agricultores de la Mesa de M\u00fasica, Arte y Cultura atraves\u00f3 Kenia, Tanzania, Zambia y Malawi, visitando y realizando performances art\u00edsticas y educativas en escuelas, comunidades rurales, centros culturales e iglesias con un potente mensaje: \u201cPor una \u00c1frica sin Fronteras\u201d.<\/p>\n<p>Luego de la exposici\u00f3n de otras acciones llevadas a cabo por las y los activistas nucleados en las 20 Mesas del Foro, el programa prev\u00e9 intervenciones desde Asia, Europa, Latinoam\u00e9rica, \u00c1frica y Am\u00e9rica del Norte, con la intenci\u00f3n de describir los impactos de la actual crisis sist\u00e9mica en cada regi\u00f3n. Seguidamente, se har\u00e1 una valoraci\u00f3n global de la crisis y se analizar\u00e1 en grupos los pasos necesarios para dejar atr\u00e1s un sistema antihumanista, que no pone en el centro de su escala de valores el bienestar y la evoluci\u00f3n del ser humano, sino la est\u00fapida espiral de acumulaci\u00f3n de dinero y el consumo desenfrenado sin sentido alguno.<\/p>\n<p>Como un insumo fundamental para la reflexi\u00f3n y el intercambio, se escuchar\u00e1n las palabras del fundador de la corriente del Humanismo Universalista, Silo. Este fragmento audiovisual colocar\u00e1 el marco preciso y a la vez po\u00e9tico sobre la imagen de la Naci\u00f3n Humana Universal, un posible mito social para este tiempo en el que est\u00e1 naciendo la primera civilizaci\u00f3n planetaria de la Historia.<\/p>\n<p>La segunda jornada de la Asamblea se iniciar\u00e1 el Domingo 24 dando a conocer una s\u00edntesis de lo elaborado en los grupos. Despu\u00e9s de algunas sugerencias conceptuales y la exposici\u00f3n de los puntos centrales que caracterizan el ideario humanista, tendr\u00e1 lugar un nuevo intercambio en el que los participantes debatir\u00e1n y planificar\u00e1n la continuidad de la acci\u00f3n en las distintas Mesas.<\/p>\n<p>Las \u00e1reas tem\u00e1ticas cubiertas por el Foro Humanista Mundial, siempre abiertas a nuevas iniciativas, comprenden la Salud, los Derechos Humanos, la Ecolog\u00eda Social, la Educaci\u00f3n, la Descolonizaci\u00f3n, la Paz y el Desarme, las propuestas para un cambio profundo en la organizaci\u00f3n econ\u00f3mica, con la inclusi\u00f3n de una Renta B\u00e1sica Universal y la lucha contra la Violencia de G\u00e9nero. Asimismo, otras Mesas investigan las Revoluciones y los Fen\u00f3menos Psicosociales, los momentos y actitudes humanistas en las distintas Culturas, la propuesta de crear una Asamblea Ciudadana Mundial, el fomento de la Paz y el Desarrollo a trav\u00e9s del Deporte y la experimentaci\u00f3n y aprendizaje de pr\u00e1cticas de desarrollo interno para el Ser Humano.<\/p>\n<p>Entre los temas m\u00e1s recientes, se incursiona creativamente en la M\u00fasica y en las diferentes expresiones art\u00edsticas y culturales como una v\u00eda para sensibilizar para la Paz y la No Violencia as\u00ed como en la promoci\u00f3n de alternativas para garantizar una efectiva nutrici\u00f3n y soberan\u00eda alimentaria para la poblaci\u00f3n.<\/p>\n<p>En esta Quinta Asamblea se inaugurar\u00e1n las Mesas de Periodismo NoViolento en trabajo conjunto con la Agencia Internacional de Noticias Pressenza y la Mesa de Pol\u00edtica y Geopol\u00edtica, fundamentales para ahondar en la comprensi\u00f3n y las propuestas de superaci\u00f3n de los sucesos que hoy conmueven la arena internacional.<\/p>\n<p><b>El Foro Humanista Mundial<\/b><\/p>\n<p>El Foro Humanista Mundial se concibe como un espacio diverso que elabora propuestas y desarrolla acciones tendientes a la transformaci\u00f3n social y personal simult\u00e1nea frente a los retos de la coyuntura mundial.<\/p>\n<p>Se caracteriza por un trabajo permanente en distintas \u00e1reas y su intenci\u00f3n es conectar con una multiplicidad de sectores sociales, acad\u00e9micos e institucionales para impulsar proposiciones de cambio y experiencias de humanizaci\u00f3n.<\/p>\n<p>\u00danico requisito para la participaci\u00f3n en el Foro es no apoyar metodolog\u00edas violentas ni ideas o pr\u00e1cticas basadas en la discriminaci\u00f3n.<\/p>\n<p>En esta Asamblea se espera, al igual que en anteriores oportunidades, la participaci\u00f3n de cientos de activistas, asociaciones y colectivos provenientes de todos los continentes, integrando en su seno a la m\u00e1s amplia diversidad cultural.<\/p>\n<p>El evento contar\u00e1 con interpretaci\u00f3n simult\u00e1nea al ingl\u00e9s, franc\u00e9s, espa\u00f1ol y suajili.<\/p>\n<p>Para participar de la 5a. Asamblea del Foro Humanista Mundial y recibir el enlace de conexi\u00f3n virtual, el registro se realiza en <a href=\"https:\/\/us02web.zoom.us\/meeting\/register\/Pl6zrqowQ3S7T8yyWKLg9g\">https:\/\/us02web.zoom.us\/meeting\/register\/Pl6zrqowQ3S7T8yyWKLg9g<\/a><\/p>\n","protected":false},"excerpt":{"rendered":"<p>Los d\u00edas 23 y 24 de Mayo se celebrar\u00e1 una nueva Asamblea abierta del Foro Humanista Mundial. El t\u00edtulo que cobijar\u00e1 los intercambios es sin duda audaz para los tiempos que transcurren: \u201cCamino a una Naci\u00f3n Humana Universal. Avanzando con&hellip;<\/p>\n","protected":false},"author":19,"featured_media":2696129,"comment_status":"closed","ping_status":"closed","sticky":false,"template":"","format":"standard","meta":{"footnotes":""},"categories":[11389,1240,39,46976,1242],"tags":[121182,1497,15571,19987],"class_list":["post-2696127","post","type-post","status-publish","format-standard","has-post-thumbnail","hentry","category-contenido-original","category-humanismo-espiritualidad","category-internacional","category-jovenes","category-noviolencia-tema","tag-foro-humanista-mundial","tag-movimientos-sociales","tag-nacion-humana-universal","tag-nuevo-humanismo"],"yoast_head":"<!-- This site is optimized with the Yoast SEO plugin v27.1.1 - https:\/\/yoast.com\/product\/yoast-seo-wordpress\/ -->\n<title>Quinta Asamblea del Foro Humanista Mundial abordar\u00e1 los Caminos colectivos hacia una Naci\u00f3n Universal.<\/title>\n<meta name=\"description\" content=\"Los d\u00edas 23 y 24 de Mayo se celebrar\u00e1 una nueva Asamblea abierta del Foro Humanista Mundial. El t\u00edtulo que cobijar\u00e1 los intercambios es sin duda audaz\" \/>\n<meta name=\"robots\" content=\"index, follow, max-snippet:-1, max-image-preview:large, max-video-preview:-1\" \/>\n<link rel=\"canonical\" href=\"https:\/\/www.pressenza.com\/es\/2026\/04\/quinta-asamblea-del-foro-humanista-mundial-abordara-los-caminos-colectivos-hacia-una-nacion-universal\/\" \/>\n<meta property=\"og:locale\" content=\"es_ES\" \/>\n<meta property=\"og:type\" content=\"article\" \/>\n<meta property=\"og:title\" content=\"Quinta Asamblea del Foro Humanista Mundial abordar\u00e1 los Caminos colectivos hacia una Naci\u00f3n Universal.\" \/>\n<meta property=\"og:description\" content=\"Los d\u00edas 23 y 24 de Mayo se celebrar\u00e1 una nueva Asamblea abierta del Foro Humanista Mundial. El t\u00edtulo que cobijar\u00e1 los intercambios es sin duda audaz\" \/>\n<meta property=\"og:url\" content=\"https:\/\/www.pressenza.com\/es\/2026\/04\/quinta-asamblea-del-foro-humanista-mundial-abordara-los-caminos-colectivos-hacia-una-nacion-universal\/\" \/>\n<meta property=\"og:site_name\" content=\"Pressenza\" \/>\n<meta property=\"article:publisher\" content=\"https:\/\/www.facebook.com\/PressenzaItalia\" \/>\n<meta property=\"article:author\" content=\"https:\/\/www.facebook.com\/pressenza\" \/>\n<meta property=\"article:published_time\" content=\"2026-04-29T01:13:57+00:00\" \/>\n<meta property=\"og:image\" content=\"https:\/\/www.pressenza.com\/wp-content\/uploads\/2026\/04\/flyer-provisorio-V-asamblea.jpg\" \/>\n\t<meta property=\"og:image:width\" content=\"959\" \/>\n\t<meta property=\"og:image:height\" content=\"640\" \/>\n\t<meta property=\"og:image:type\" content=\"image\/jpeg\" \/>\n<meta name=\"author\" content=\"Pressenza IPA\" \/>\n<meta name=\"twitter:card\" content=\"summary_large_image\" \/>\n<meta name=\"twitter:creator\" content=\"@PressenzaIPA\" \/>\n<meta name=\"twitter:site\" content=\"@PressenzaIPA\" \/>\n<meta name=\"twitter:label1\" content=\"Escrito por\" \/>\n\t<meta name=\"twitter:data1\" content=\"Pressenza IPA\" \/>\n\t<meta name=\"twitter:label2\" content=\"Tiempo de lectura\" \/>\n\t<meta name=\"twitter:data2\" content=\"5 minutos\" \/>\n<script type=\"application\/ld+json\" class=\"yoast-schema-graph\">{\"@context\":\"https:\/\/schema.org\",\"@graph\":[{\"@type\":\"Article\",\"@id\":\"https:\/\/www.pressenza.com\/es\/2026\/04\/quinta-asamblea-del-foro-humanista-mundial-abordara-los-caminos-colectivos-hacia-una-nacion-universal\/#article\",\"isPartOf\":{\"@id\":\"https:\/\/www.pressenza.com\/es\/2026\/04\/quinta-asamblea-del-foro-humanista-mundial-abordara-los-caminos-colectivos-hacia-una-nacion-universal\/\"},\"author\":{\"name\":\"Pressenza IPA\",\"@id\":\"https:\/\/www.pressenza.com\/es\/#\/schema\/person\/010e5d02bcf40965427a1289a4cc8d75\"},\"headline\":\"Quinta Asamblea del Foro Humanista Mundial abordar\u00e1 los Caminos colectivos hacia una Naci\u00f3n Universal.\",\"datePublished\":\"2026-04-29T01:13:57+00:00\",\"mainEntityOfPage\":{\"@id\":\"https:\/\/www.pressenza.com\/es\/2026\/04\/quinta-asamblea-del-foro-humanista-mundial-abordara-los-caminos-colectivos-hacia-una-nacion-universal\/\"},\"wordCount\":954,\"publisher\":{\"@id\":\"https:\/\/www.pressenza.com\/es\/#organization\"},\"image\":{\"@id\":\"https:\/\/www.pressenza.com\/es\/2026\/04\/quinta-asamblea-del-foro-humanista-mundial-abordara-los-caminos-colectivos-hacia-una-nacion-universal\/#primaryimage\"},\"thumbnailUrl\":\"https:\/\/www.pressenza.com\/wp-content\/uploads\/2026\/04\/flyer-provisorio-V-asamblea.jpg\",\"keywords\":[\"Foro Humanista Mundial\",\"movimientos sociales\",\"Naci\u00f3n Humana Universal\",\"Nuevo Humanismo\"],\"articleSection\":[\"Contenido Original\",\"Humanismo y Espiritualidad\",\"Internacional\",\"J\u00f3venes\",\"Noviolencia\"],\"inLanguage\":\"es\"},{\"@type\":\"WebPage\",\"@id\":\"https:\/\/www.pressenza.com\/es\/2026\/04\/quinta-asamblea-del-foro-humanista-mundial-abordara-los-caminos-colectivos-hacia-una-nacion-universal\/\",\"url\":\"https:\/\/www.pressenza.com\/es\/2026\/04\/quinta-asamblea-del-foro-humanista-mundial-abordara-los-caminos-colectivos-hacia-una-nacion-universal\/\",\"name\":\"Quinta Asamblea del Foro Humanista Mundial abordar\u00e1 los Caminos colectivos hacia una Naci\u00f3n Universal.\",\"isPartOf\":{\"@id\":\"https:\/\/www.pressenza.com\/es\/#website\"},\"primaryImageOfPage\":{\"@id\":\"https:\/\/www.pressenza.com\/es\/2026\/04\/quinta-asamblea-del-foro-humanista-mundial-abordara-los-caminos-colectivos-hacia-una-nacion-universal\/#primaryimage\"},\"image\":{\"@id\":\"https:\/\/www.pressenza.com\/es\/2026\/04\/quinta-asamblea-del-foro-humanista-mundial-abordara-los-caminos-colectivos-hacia-una-nacion-universal\/#primaryimage\"},\"thumbnailUrl\":\"https:\/\/www.pressenza.com\/wp-content\/uploads\/2026\/04\/flyer-provisorio-V-asamblea.jpg\",\"datePublished\":\"2026-04-29T01:13:57+00:00\",\"description\":\"Los d\u00edas 23 y 24 de Mayo se celebrar\u00e1 una nueva Asamblea abierta del Foro Humanista Mundial. El t\u00edtulo que cobijar\u00e1 los intercambios es sin duda audaz\",\"breadcrumb\":{\"@id\":\"https:\/\/www.pressenza.com\/es\/2026\/04\/quinta-asamblea-del-foro-humanista-mundial-abordara-los-caminos-colectivos-hacia-una-nacion-universal\/#breadcrumb\"},\"inLanguage\":\"es\",\"potentialAction\":[{\"@type\":\"ReadAction\",\"target\":[\"https:\/\/www.pressenza.com\/es\/2026\/04\/quinta-asamblea-del-foro-humanista-mundial-abordara-los-caminos-colectivos-hacia-una-nacion-universal\/\"]}]},{\"@type\":\"ImageObject\",\"inLanguage\":\"es\",\"@id\":\"https:\/\/www.pressenza.com\/es\/2026\/04\/quinta-asamblea-del-foro-humanista-mundial-abordara-los-caminos-colectivos-hacia-una-nacion-universal\/#primaryimage\",\"url\":\"https:\/\/www.pressenza.com\/wp-content\/uploads\/2026\/04\/flyer-provisorio-V-asamblea.jpg\",\"contentUrl\":\"https:\/\/www.pressenza.com\/wp-content\/uploads\/2026\/04\/flyer-provisorio-V-asamblea.jpg\",\"width\":959,\"height\":640},{\"@type\":\"BreadcrumbList\",\"@id\":\"https:\/\/www.pressenza.com\/es\/2026\/04\/quinta-asamblea-del-foro-humanista-mundial-abordara-los-caminos-colectivos-hacia-una-nacion-universal\/#breadcrumb\",\"itemListElement\":[{\"@type\":\"ListItem\",\"position\":1,\"name\":\"Accueil\",\"item\":\"https:\/\/www.pressenza.com\/es\/\"},{\"@type\":\"ListItem\",\"position\":2,\"name\":\"Quinta Asamblea del Foro Humanista Mundial abordar\u00e1 los Caminos colectivos hacia una Naci\u00f3n Universal.\"}]},{\"@type\":\"WebSite\",\"@id\":\"https:\/\/www.pressenza.com\/es\/#website\",\"url\":\"https:\/\/www.pressenza.com\/es\/\",\"name\":\"Pressenza\",\"description\":\"International Press Agency\",\"publisher\":{\"@id\":\"https:\/\/www.pressenza.com\/es\/#organization\"},\"potentialAction\":[{\"@type\":\"SearchAction\",\"target\":{\"@type\":\"EntryPoint\",\"urlTemplate\":\"https:\/\/www.pressenza.com\/es\/?s={search_term_string}\"},\"query-input\":{\"@type\":\"PropertyValueSpecification\",\"valueRequired\":true,\"valueName\":\"search_term_string\"}}],\"inLanguage\":\"es\"},{\"@type\":\"Organization\",\"@id\":\"https:\/\/www.pressenza.com\/es\/#organization\",\"name\":\"Pressenza\",\"url\":\"https:\/\/www.pressenza.com\/es\/\",\"logo\":{\"@type\":\"ImageObject\",\"inLanguage\":\"es\",\"@id\":\"https:\/\/www.pressenza.com\/es\/#\/schema\/logo\/image\/\",\"url\":\"https:\/\/www.pressenza.com\/wp-content\/uploads\/2022\/10\/pressenza_logo_200x200.jpg\",\"contentUrl\":\"https:\/\/www.pressenza.com\/wp-content\/uploads\/2022\/10\/pressenza_logo_200x200.jpg\",\"width\":200,\"height\":200,\"caption\":\"Pressenza\"},\"image\":{\"@id\":\"https:\/\/www.pressenza.com\/es\/#\/schema\/logo\/image\/\"},\"sameAs\":[\"https:\/\/www.facebook.com\/PressenzaItalia\",\"https:\/\/x.com\/PressenzaIPA\"]},{\"@type\":\"Person\",\"@id\":\"https:\/\/www.pressenza.com\/es\/#\/schema\/person\/010e5d02bcf40965427a1289a4cc8d75\",\"name\":\"Pressenza IPA\",\"description\":\"News from Pressenza IPA correspondents\",\"sameAs\":[\"https:\/\/www.facebook.com\/pressenza\",\"https:\/\/x.com\/PressenzaIPA\"],\"url\":\"https:\/\/www.pressenza.com\/es\/author\/pressenza-ipa\/\"}]}<\/script>\n<!-- \/ Yoast SEO plugin. -->","yoast_head_json":{"title":"Quinta Asamblea del Foro Humanista Mundial abordar\u00e1 los Caminos colectivos hacia una Naci\u00f3n Universal.","description":"Los d\u00edas 23 y 24 de Mayo se celebrar\u00e1 una nueva Asamblea abierta del Foro Humanista Mundial. El t\u00edtulo que cobijar\u00e1 los intercambios es sin duda audaz","robots":{"index":"index","follow":"follow","max-snippet":"max-snippet:-1","max-image-preview":"max-image-preview:large","max-video-preview":"max-video-preview:-1"},"canonical":"https:\/\/www.pressenza.com\/es\/2026\/04\/quinta-asamblea-del-foro-humanista-mundial-abordara-los-caminos-colectivos-hacia-una-nacion-universal\/","og_locale":"es_ES","og_type":"article","og_title":"Quinta Asamblea del Foro Humanista Mundial abordar\u00e1 los Caminos colectivos hacia una Naci\u00f3n Universal.","og_description":"Los d\u00edas 23 y 24 de Mayo se celebrar\u00e1 una nueva Asamblea abierta del Foro Humanista Mundial. El t\u00edtulo que cobijar\u00e1 los intercambios es sin duda audaz","og_url":"https:\/\/www.pressenza.com\/es\/2026\/04\/quinta-asamblea-del-foro-humanista-mundial-abordara-los-caminos-colectivos-hacia-una-nacion-universal\/","og_site_name":"Pressenza","article_publisher":"https:\/\/www.facebook.com\/PressenzaItalia","article_author":"https:\/\/www.facebook.com\/pressenza","article_published_time":"2026-04-29T01:13:57+00:00","og_image":[{"width":959,"height":640,"url":"https:\/\/www.pressenza.com\/wp-content\/uploads\/2026\/04\/flyer-provisorio-V-asamblea.jpg","type":"image\/jpeg"}],"author":"Pressenza IPA","twitter_card":"summary_large_image","twitter_creator":"@PressenzaIPA","twitter_site":"@PressenzaIPA","twitter_misc":{"Escrito por":"Pressenza IPA","Tiempo de lectura":"5 minutos"},"schema":{"@context":"https:\/\/schema.org","@graph":[{"@type":"Article","@id":"https:\/\/www.pressenza.com\/es\/2026\/04\/quinta-asamblea-del-foro-humanista-mundial-abordara-los-caminos-colectivos-hacia-una-nacion-universal\/#article","isPartOf":{"@id":"https:\/\/www.pressenza.com\/es\/2026\/04\/quinta-asamblea-del-foro-humanista-mundial-abordara-los-caminos-colectivos-hacia-una-nacion-universal\/"},"author":{"name":"Pressenza IPA","@id":"https:\/\/www.pressenza.com\/es\/#\/schema\/person\/010e5d02bcf40965427a1289a4cc8d75"},"headline":"Quinta Asamblea del Foro Humanista Mundial abordar\u00e1 los Caminos colectivos hacia una Naci\u00f3n Universal.","datePublished":"2026-04-29T01:13:57+00:00","mainEntityOfPage":{"@id":"https:\/\/www.pressenza.com\/es\/2026\/04\/quinta-asamblea-del-foro-humanista-mundial-abordara-los-caminos-colectivos-hacia-una-nacion-universal\/"},"wordCount":954,"publisher":{"@id":"https:\/\/www.pressenza.com\/es\/#organization"},"image":{"@id":"https:\/\/www.pressenza.com\/es\/2026\/04\/quinta-asamblea-del-foro-humanista-mundial-abordara-los-caminos-colectivos-hacia-una-nacion-universal\/#primaryimage"},"thumbnailUrl":"https:\/\/www.pressenza.com\/wp-content\/uploads\/2026\/04\/flyer-provisorio-V-asamblea.jpg","keywords":["Foro Humanista Mundial","movimientos sociales","Naci\u00f3n Humana Universal","Nuevo Humanismo"],"articleSection":["Contenido Original","Humanismo y Espiritualidad","Internacional","J\u00f3venes","Noviolencia"],"inLanguage":"es"},{"@type":"WebPage","@id":"https:\/\/www.pressenza.com\/es\/2026\/04\/quinta-asamblea-del-foro-humanista-mundial-abordara-los-caminos-colectivos-hacia-una-nacion-universal\/","url":"https:\/\/www.pressenza.com\/es\/2026\/04\/quinta-asamblea-del-foro-humanista-mundial-abordara-los-caminos-colectivos-hacia-una-nacion-universal\/","name":"Quinta Asamblea del Foro Humanista Mundial abordar\u00e1 los Caminos colectivos hacia una Naci\u00f3n Universal.","isPartOf":{"@id":"https:\/\/www.pressenza.com\/es\/#website"},"primaryImageOfPage":{"@id":"https:\/\/www.pressenza.com\/es\/2026\/04\/quinta-asamblea-del-foro-humanista-mundial-abordara-los-caminos-colectivos-hacia-una-nacion-universal\/#primaryimage"},"image":{"@id":"https:\/\/www.pressenza.com\/es\/2026\/04\/quinta-asamblea-del-foro-humanista-mundial-abordara-los-caminos-colectivos-hacia-una-nacion-universal\/#primaryimage"},"thumbnailUrl":"https:\/\/www.pressenza.com\/wp-content\/uploads\/2026\/04\/flyer-provisorio-V-asamblea.jpg","datePublished":"2026-04-29T01:13:57+00:00","description":"Los d\u00edas 23 y 24 de Mayo se celebrar\u00e1 una nueva Asamblea abierta del Foro Humanista Mundial. El t\u00edtulo que cobijar\u00e1 los intercambios es sin duda audaz","breadcrumb":{"@id":"https:\/\/www.pressenza.com\/es\/2026\/04\/quinta-asamblea-del-foro-humanista-mundial-abordara-los-caminos-colectivos-hacia-una-nacion-universal\/#breadcrumb"},"inLanguage":"es","potentialAction":[{"@type":"ReadAction","target":["https:\/\/www.pressenza.com\/es\/2026\/04\/quinta-asamblea-del-foro-humanista-mundial-abordara-los-caminos-colectivos-hacia-una-nacion-universal\/"]}]},{"@type":"ImageObject","inLanguage":"es","@id":"https:\/\/www.pressenza.com\/es\/2026\/04\/quinta-asamblea-del-foro-humanista-mundial-abordara-los-caminos-colectivos-hacia-una-nacion-universal\/#primaryimage","url":"https:\/\/www.pressenza.com\/wp-content\/uploads\/2026\/04\/flyer-provisorio-V-asamblea.jpg","contentUrl":"https:\/\/www.pressenza.com\/wp-content\/uploads\/2026\/04\/flyer-provisorio-V-asamblea.jpg","width":959,"height":640},{"@type":"BreadcrumbList","@id":"https:\/\/www.pressenza.com\/es\/2026\/04\/quinta-asamblea-del-foro-humanista-mundial-abordara-los-caminos-colectivos-hacia-una-nacion-universal\/#breadcrumb","itemListElement":[{"@type":"ListItem","position":1,"name":"Accueil","item":"https:\/\/www.pressenza.com\/es\/"},{"@type":"ListItem","position":2,"name":"Quinta Asamblea del Foro Humanista Mundial abordar\u00e1 los Caminos colectivos hacia una Naci\u00f3n Universal."}]},{"@type":"WebSite","@id":"https:\/\/www.pressenza.com\/es\/#website","url":"https:\/\/www.pressenza.com\/es\/","name":"Pressenza","description":"International Press Agency","publisher":{"@id":"https:\/\/www.pressenza.com\/es\/#organization"},"potentialAction":[{"@type":"SearchAction","target":{"@type":"EntryPoint","urlTemplate":"https:\/\/www.pressenza.com\/es\/?s={search_term_string}"},"query-input":{"@type":"PropertyValueSpecification","valueRequired":true,"valueName":"search_term_string"}}],"inLanguage":"es"},{"@type":"Organization","@id":"https:\/\/www.pressenza.com\/es\/#organization","name":"Pressenza","url":"https:\/\/www.pressenza.com\/es\/","logo":{"@type":"ImageObject","inLanguage":"es","@id":"https:\/\/www.pressenza.com\/es\/#\/schema\/logo\/image\/","url":"https:\/\/www.pressenza.com\/wp-content\/uploads\/2022\/10\/pressenza_logo_200x200.jpg","contentUrl":"https:\/\/www.pressenza.com\/wp-content\/uploads\/2022\/10\/pressenza_logo_200x200.jpg","width":200,"height":200,"caption":"Pressenza"},"image":{"@id":"https:\/\/www.pressenza.com\/es\/#\/schema\/logo\/image\/"},"sameAs":["https:\/\/www.facebook.com\/PressenzaItalia","https:\/\/x.com\/PressenzaIPA"]},{"@type":"Person","@id":"https:\/\/www.pressenza.com\/es\/#\/schema\/person\/010e5d02bcf40965427a1289a4cc8d75","name":"Pressenza IPA","description":"News from Pressenza IPA correspondents","sameAs":["https:\/\/www.facebook.com\/pressenza","https:\/\/x.com\/PressenzaIPA"],"url":"https:\/\/www.pressenza.com\/es\/author\/pressenza-ipa\/"}]}},"place":"","original_article_url":"","_links":{"self":[{"href":"https:\/\/www.pressenza.com\/es\/wp-json\/wp\/v2\/posts\/2696127","targetHints":{"allow":["GET"]}}],"collection":[{"href":"https:\/\/www.pressenza.com\/es\/wp-json\/wp\/v2\/posts"}],"about":[{"href":"https:\/\/www.pressenza.com\/es\/wp-json\/wp\/v2\/types\/post"}],"author":[{"embeddable":true,"href":"https:\/\/www.pressenza.com\/es\/wp-json\/wp\/v2\/users\/19"}],"replies":[{"embeddable":true,"href":"https:\/\/www.pressenza.com\/es\/wp-json\/wp\/v2\/comments?post=2696127"}],"version-history":[{"count":5,"href":"https:\/\/www.pressenza.com\/es\/wp-json\/wp\/v2\/posts\/2696127\/revisions"}],"predecessor-version":[{"id":2696149,"href":"https:\/\/www.pressenza.com\/es\/wp-json\/wp\/v2\/posts\/2696127\/revisions\/2696149"}],"wp:featuredmedia":[{"embeddable":true,"href":"https:\/\/www.pressenza.com\/es\/wp-json\/wp\/v2\/media\/2696129"}],"wp:attachment":[{"href":"https:\/\/www.pressenza.com\/es\/wp-json\/wp\/v2\/media?parent=2696127"}],"wp:term":[{"taxonomy":"category","embeddable":true,"href":"https:\/\/www.pressenza.com\/es\/wp-json\/wp\/v2\/categories?post=2696127"},{"taxonomy":"post_tag","embeddable":true,"href":"https:\/\/www.pressenza.com\/es\/wp-json\/wp\/v2\/tags?post=2696127"}],"curies":[{"name":"wp","href":"https:\/\/api.w.org\/{rel}","templated":true}]}}