{"id":2695992,"date":"2026-04-27T19:08:58","date_gmt":"2026-04-27T18:08:58","guid":{"rendered":"https:\/\/www.pressenza.com\/?p=2695992"},"modified":"2026-04-27T19:08:58","modified_gmt":"2026-04-27T18:08:58","slug":"a-proposito-de-las-banderas-y-pancartas-en-las-manifestaciones","status":"publish","type":"post","link":"https:\/\/www.pressenza.com\/es\/2026\/04\/a-proposito-de-las-banderas-y-pancartas-en-las-manifestaciones\/","title":{"rendered":"A prop\u00f3sito de las banderas y pancartas en las manifestaciones&#8230;"},"content":{"rendered":"<p>Terminemos ya con eso de que \u2014\u00bblos ucranianos son todos nazis\u00bb. \u2014Eso es la propaganda de Putin y de su llamada \u00abOperaci\u00f3n Especial de Desnazificaci\u00f3n\u00bb(que recuerda a las guerras humanitarias o a aquellas para exportar la democracia que libraron Estados Unidos y sus vasallos europeos). Puedo afirmarlo bas\u00e1ndome en mi propia experiencia, ya que he viajado varias veces a Ucrania y he hablado con much\u00edsima gente.<\/p>\n<p>Los partidos ucranianos prorrusos o pronazis son peque\u00f1as minor\u00edas, aunque est\u00e9n armados y sean violentos. El objetor de conciencia cu\u00e1quero Yurii Sheliazhenko me dijo: \u2014\u00ab\u00bfQue nosotros somos un pueblo de nazifascistas? Pues entonces contestarle que, ustedes tienen un presidente del Senado que en su casa tiene un busto de Mussolini\u00bb.<\/p>\n<p>Es cierto que Zelenski ha ilegalizado a los partidos de la oposici\u00f3n, empezando por los comunistas, y tambi\u00e9n a la Iglesia Ortodoxa fiel al Patriarcado de Mosc\u00fa, prohibiendo a millones de ucranianos rusohablantes profesar libremente su fe religiosa. Como tambi\u00e9n es fiel a la verdad decir que, adem\u00e1s, se registran muchos casos de desapariciones y detenciones arbitrarias.<\/p>\n<p class=\"ds-markdown-paragraph\">En Ucrania trabaja, entre mil dificultades, un sindicato de profesores vinculado a la CGIL. Los j\u00f3venes salieron a la calle contra la ley que pon\u00eda bajo control gubernamental los organismos anticorrupci\u00f3n y consiguieron su derogaci\u00f3n. Estos d\u00edas, los familiares de los soldados desaparecidos se manifiestan pidiendo la derogaci\u00f3n de una ley que los declara a todos muertos. Son casi todas mujeres; piden ante todo un alto el fuego, una tregua permanente y negociaciones de paz.<\/p>\n<p class=\"ds-markdown-paragraph\">Junto a esta sociedad civil movilizada, en Ucrania pervive una tradici\u00f3n m\u00e1s radical: el movimiento anarquista, que se remonta a los primeros a\u00f1os del siglo pasado. Hoy, sin embargo, est\u00e1 dividido internamente. Por un lado, est\u00e1n los antimilitaristas, que propagan la deserci\u00f3n. Por otro, quienes se alistan contra el llamado \u00abgran fascismo ruso\u00bb de Putin y del patriarca Cirilo II, ese que ha lanzado una cruzada contra gays y lesbianas.<\/p>\n<p>En este contexto de confusiones. La agresi\u00f3n en Roma contra ucranianos que quer\u00edan participar en las manifestaciones del 25 de abril fue un episodio vergonzoso, fruto de la manipulaci\u00f3n, del error pol\u00edtico y de la ignorancia. Deber\u00edan ser acogidos con los brazos abiertos en nombre del internacionalismo y de la hermandad entre los pueblos, entre las trabajadoras y los trabajadores de todo el mundo. Obviamente, quien haga propaganda militarista no puede pretender sumarse a manifestaciones que se oponen a todos los se\u00f1ores de la guerra.<\/p>\n<p data-start=\"398\" data-end=\"817\">Lo mismo vale para Ir\u00e1n. Las banderas con el le\u00f3n que algunos provocadores lograron introducir al intentar colarse en la manifestaci\u00f3n del 8 de marzo en Roma son las de la desacreditada monarqu\u00eda del criminal Mohammad Reza Pahlavi, sha de Persia. Hoy su hijo, t\u00edtere de Washington, pretende recuperar el trono paterno con el apoyo de Estados Unidos e Israel. Los pocos presentes vitoreaban la guerra y los bombardeos.<\/p>\n<p data-start=\"825\" data-end=\"1237\">Pero, de forma especular, no pocos italianos, faltos de memoria o enfermos de\u00a0<strong>\u00abcampismo\u00bb<\/strong>\u00a0(t\u00e9rmino de la jerga pol\u00edtica italiana que designa a quienes ven el mundo como una lucha entre dos campos antag\u00f3nicos y, por antiimperialismo acr\u00edtico, terminan vitoreando a dictaduras y teocracias solo porque se enfrentan a Estados Unidos), ondean en cada manifestaci\u00f3n las banderas de la Rep\u00fablica Isl\u00e1mica, mezcl\u00e1ndolas con las de Palestina, Venezuela y Cuba.<\/p>\n<p data-start=\"1245\" data-end=\"1608\">En este sentido, si una se quiere manifestar a favor de quienes luchan contra la horrible teocracia que oprime Ir\u00e1n y, al mismo tiempo, tambi\u00e9n contra la infame guerra de Israel y Estados Unidos, que se alcen las pancartas de nuestras hermanas de <a href=\"https:\/\/en.wikipedia.org\/wiki\/Woman%2C_Life%2C_Freedom?\" target=\"_blank\" rel=\"noopener\">\u00abMujer, Vida, Libertad\u00bb<\/a>, consigna nacida en las protestas que siguieron a la muerte de Mahsa Amini en 2022.<\/p>\n<div class=\"wp-caption alignleft\"><img loading=\"lazy\" decoding=\"async\" class=\"size-full\" src=\"https:\/\/www.pressenza.com\/wp-content\/uploads\/2026\/04\/attivista-iraniana.jpeg\" width=\"2048\" height=\"1424\" \/><p class=\"wp-caption-text\"><em><strong>Negin Bank<\/strong>, activista iran\u00ed en el exilio del colectivo \u00abMujer, Vida, Libertad\u00bb de Roma<\/em><\/p><\/div>\n<p>&nbsp;<\/p>\n","protected":false},"excerpt":{"rendered":"<p>Terminemos ya con eso de que \u2014\u00bblos ucranianos son todos nazis\u00bb. \u2014Eso es la propaganda de Putin y de su llamada \u00abOperaci\u00f3n Especial de Desnazificaci\u00f3n\u00bb(que recuerda a las guerras humanitarias o a aquellas para exportar la democracia que libraron Estados&hellip;<\/p>\n","protected":false},"author":2378,"featured_media":2690761,"comment_status":"closed","ping_status":"closed","sticky":false,"template":"","format":"standard","meta":{"footnotes":""},"categories":[11389,161,1243,74],"tags":[1697,99623,142719],"class_list":["post-2695992","post","type-post","status-publish","format-standard","has-post-thumbnail","hentry","category-contenido-original","category-opiniones","category-paz-desarme","category-politica-es","tag-iran-es","tag-ucraina-es","tag-war"],"yoast_head":"<!-- This site is optimized with the Yoast SEO plugin v27.1.1 - https:\/\/yoast.com\/product\/yoast-seo-wordpress\/ -->\n<title>A prop\u00f3sito de las banderas y pancartas en las manifestaciones...<\/title>\n<meta name=\"description\" content=\"Terminemos ya con eso de que \u2014&quot;los ucranianos son todos nazis&quot;. \u2014Eso es la propaganda de Putin y de su llamada &quot;Operaci\u00f3n Especial de Desnazificaci\u00f3n&quot;(que Un periodista que viaj\u00f3 a Ucrania desmonta la idea de que los ucranianos sean todos nazis. Habla de banderas, manifestaciones de familiares, cr\u00edticas a Zelenski y el movimiento &#039;Mujer, Vida, Libertad&#039; en Ir\u00e1n.\" \/>\n<meta name=\"robots\" content=\"index, follow, max-snippet:-1, max-image-preview:large, max-video-preview:-1\" \/>\n<link rel=\"canonical\" href=\"https:\/\/www.pressenza.com\/es\/2026\/04\/a-proposito-de-las-banderas-y-pancartas-en-las-manifestaciones\/\" \/>\n<meta property=\"og:locale\" content=\"es_ES\" \/>\n<meta property=\"og:type\" content=\"article\" \/>\n<meta property=\"og:title\" content=\"A prop\u00f3sito de las banderas y pancartas en las manifestaciones...\" \/>\n<meta property=\"og:description\" content=\"Terminemos ya con eso de que \u2014&quot;los ucranianos son todos nazis&quot;. \u2014Eso es la propaganda de Putin y de su llamada &quot;Operaci\u00f3n Especial de Desnazificaci\u00f3n&quot;(que Un periodista que viaj\u00f3 a Ucrania desmonta la idea de que los ucranianos sean todos nazis. Habla de banderas, manifestaciones de familiares, cr\u00edticas a Zelenski y el movimiento &#039;Mujer, Vida, Libertad&#039; en Ir\u00e1n.\" \/>\n<meta property=\"og:url\" content=\"https:\/\/www.pressenza.com\/es\/2026\/04\/a-proposito-de-las-banderas-y-pancartas-en-las-manifestaciones\/\" \/>\n<meta property=\"og:site_name\" content=\"Pressenza\" \/>\n<meta property=\"article:publisher\" content=\"https:\/\/www.facebook.com\/PressenzaItalia\" \/>\n<meta property=\"article:published_time\" content=\"2026-04-27T18:08:58+00:00\" \/>\n<meta property=\"og:image\" content=\"https:\/\/www.pressenza.com\/wp-content\/uploads\/2026\/04\/manifestazione-kiev-soldati-scomparsi-Mauro-Zanella.jpeg\" \/>\n\t<meta property=\"og:image:width\" content=\"1920\" \/>\n\t<meta property=\"og:image:height\" content=\"1080\" \/>\n\t<meta property=\"og:image:type\" content=\"image\/jpeg\" \/>\n<meta name=\"author\" content=\"Mauro Carlo Zanella\" \/>\n<meta name=\"twitter:card\" content=\"summary_large_image\" \/>\n<meta name=\"twitter:creator\" content=\"@PressenzaIPA\" \/>\n<meta name=\"twitter:site\" content=\"@PressenzaIPA\" \/>\n<meta name=\"twitter:label1\" content=\"Escrito por\" \/>\n\t<meta name=\"twitter:data1\" content=\"Mauro Carlo Zanella\" \/>\n\t<meta name=\"twitter:label2\" content=\"Tiempo de lectura\" \/>\n\t<meta name=\"twitter:data2\" content=\"4 minutos\" \/>\n<script type=\"application\/ld+json\" class=\"yoast-schema-graph\">{\"@context\":\"https:\/\/schema.org\",\"@graph\":[{\"@type\":\"Article\",\"@id\":\"https:\/\/www.pressenza.com\/es\/2026\/04\/a-proposito-de-las-banderas-y-pancartas-en-las-manifestaciones\/#article\",\"isPartOf\":{\"@id\":\"https:\/\/www.pressenza.com\/es\/2026\/04\/a-proposito-de-las-banderas-y-pancartas-en-las-manifestaciones\/\"},\"author\":{\"name\":\"Mauro Carlo Zanella\",\"@id\":\"https:\/\/www.pressenza.com\/es\/#\/schema\/person\/76e278d7760e85fb4a5a4961b1b46b1d\"},\"headline\":\"A prop\u00f3sito de las banderas y pancartas en las manifestaciones&#8230;\",\"datePublished\":\"2026-04-27T18:08:58+00:00\",\"mainEntityOfPage\":{\"@id\":\"https:\/\/www.pressenza.com\/es\/2026\/04\/a-proposito-de-las-banderas-y-pancartas-en-las-manifestaciones\/\"},\"wordCount\":676,\"publisher\":{\"@id\":\"https:\/\/www.pressenza.com\/es\/#organization\"},\"image\":{\"@id\":\"https:\/\/www.pressenza.com\/es\/2026\/04\/a-proposito-de-las-banderas-y-pancartas-en-las-manifestaciones\/#primaryimage\"},\"thumbnailUrl\":\"https:\/\/www.pressenza.com\/wp-content\/uploads\/2026\/04\/manifestazione-kiev-soldati-scomparsi-Mauro-Zanella.jpeg\",\"keywords\":[\"Ir\u00e1n\",\"Ucraina\",\"War\"],\"articleSection\":[\"Contenido Original\",\"Opiniones\",\"Paz y Desarme\",\"Pol\u00edtica\"],\"inLanguage\":\"es\"},{\"@type\":\"WebPage\",\"@id\":\"https:\/\/www.pressenza.com\/es\/2026\/04\/a-proposito-de-las-banderas-y-pancartas-en-las-manifestaciones\/\",\"url\":\"https:\/\/www.pressenza.com\/es\/2026\/04\/a-proposito-de-las-banderas-y-pancartas-en-las-manifestaciones\/\",\"name\":\"A prop\u00f3sito de las banderas y pancartas en las manifestaciones...\",\"isPartOf\":{\"@id\":\"https:\/\/www.pressenza.com\/es\/#website\"},\"primaryImageOfPage\":{\"@id\":\"https:\/\/www.pressenza.com\/es\/2026\/04\/a-proposito-de-las-banderas-y-pancartas-en-las-manifestaciones\/#primaryimage\"},\"image\":{\"@id\":\"https:\/\/www.pressenza.com\/es\/2026\/04\/a-proposito-de-las-banderas-y-pancartas-en-las-manifestaciones\/#primaryimage\"},\"thumbnailUrl\":\"https:\/\/www.pressenza.com\/wp-content\/uploads\/2026\/04\/manifestazione-kiev-soldati-scomparsi-Mauro-Zanella.jpeg\",\"datePublished\":\"2026-04-27T18:08:58+00:00\",\"description\":\"Terminemos ya con eso de que \u2014\\\"los ucranianos son todos nazis\\\". \u2014Eso es la propaganda de Putin y de su llamada \\\"Operaci\u00f3n Especial de Desnazificaci\u00f3n\\\"(que Un periodista que viaj\u00f3 a Ucrania desmonta la idea de que los ucranianos sean todos nazis. Habla de banderas, manifestaciones de familiares, cr\u00edticas a Zelenski y el movimiento 'Mujer, Vida, Libertad' en Ir\u00e1n.\",\"breadcrumb\":{\"@id\":\"https:\/\/www.pressenza.com\/es\/2026\/04\/a-proposito-de-las-banderas-y-pancartas-en-las-manifestaciones\/#breadcrumb\"},\"inLanguage\":\"es\",\"potentialAction\":[{\"@type\":\"ReadAction\",\"target\":[\"https:\/\/www.pressenza.com\/es\/2026\/04\/a-proposito-de-las-banderas-y-pancartas-en-las-manifestaciones\/\"]}]},{\"@type\":\"ImageObject\",\"inLanguage\":\"es\",\"@id\":\"https:\/\/www.pressenza.com\/es\/2026\/04\/a-proposito-de-las-banderas-y-pancartas-en-las-manifestaciones\/#primaryimage\",\"url\":\"https:\/\/www.pressenza.com\/wp-content\/uploads\/2026\/04\/manifestazione-kiev-soldati-scomparsi-Mauro-Zanella.jpeg\",\"contentUrl\":\"https:\/\/www.pressenza.com\/wp-content\/uploads\/2026\/04\/manifestazione-kiev-soldati-scomparsi-Mauro-Zanella.jpeg\",\"width\":1920,\"height\":1080,\"caption\":\"Kiew: Angeh\u00f6rige Vermisster fordern Waffenstillstand und Aufkl\u00e4rung\"},{\"@type\":\"BreadcrumbList\",\"@id\":\"https:\/\/www.pressenza.com\/es\/2026\/04\/a-proposito-de-las-banderas-y-pancartas-en-las-manifestaciones\/#breadcrumb\",\"itemListElement\":[{\"@type\":\"ListItem\",\"position\":1,\"name\":\"Accueil\",\"item\":\"https:\/\/www.pressenza.com\/es\/\"},{\"@type\":\"ListItem\",\"position\":2,\"name\":\"A prop\u00f3sito de las banderas y pancartas en las manifestaciones&#8230;\"}]},{\"@type\":\"WebSite\",\"@id\":\"https:\/\/www.pressenza.com\/es\/#website\",\"url\":\"https:\/\/www.pressenza.com\/es\/\",\"name\":\"Pressenza\",\"description\":\"International Press Agency\",\"publisher\":{\"@id\":\"https:\/\/www.pressenza.com\/es\/#organization\"},\"potentialAction\":[{\"@type\":\"SearchAction\",\"target\":{\"@type\":\"EntryPoint\",\"urlTemplate\":\"https:\/\/www.pressenza.com\/es\/?s={search_term_string}\"},\"query-input\":{\"@type\":\"PropertyValueSpecification\",\"valueRequired\":true,\"valueName\":\"search_term_string\"}}],\"inLanguage\":\"es\"},{\"@type\":\"Organization\",\"@id\":\"https:\/\/www.pressenza.com\/es\/#organization\",\"name\":\"Pressenza\",\"url\":\"https:\/\/www.pressenza.com\/es\/\",\"logo\":{\"@type\":\"ImageObject\",\"inLanguage\":\"es\",\"@id\":\"https:\/\/www.pressenza.com\/es\/#\/schema\/logo\/image\/\",\"url\":\"https:\/\/www.pressenza.com\/wp-content\/uploads\/2022\/10\/pressenza_logo_200x200.jpg\",\"contentUrl\":\"https:\/\/www.pressenza.com\/wp-content\/uploads\/2022\/10\/pressenza_logo_200x200.jpg\",\"width\":200,\"height\":200,\"caption\":\"Pressenza\"},\"image\":{\"@id\":\"https:\/\/www.pressenza.com\/es\/#\/schema\/logo\/image\/\"},\"sameAs\":[\"https:\/\/www.facebook.com\/PressenzaItalia\",\"https:\/\/x.com\/PressenzaIPA\"]},{\"@type\":\"Person\",\"@id\":\"https:\/\/www.pressenza.com\/es\/#\/schema\/person\/76e278d7760e85fb4a5a4961b1b46b1d\",\"name\":\"Mauro Carlo Zanella\",\"url\":\"https:\/\/www.pressenza.com\/es\/author\/mauro-zanella\/\"}]}<\/script>\n<!-- \/ Yoast SEO plugin. -->","yoast_head_json":{"title":"A prop\u00f3sito de las banderas y pancartas en las manifestaciones...","description":"Terminemos ya con eso de que \u2014\"los ucranianos son todos nazis\". \u2014Eso es la propaganda de Putin y de su llamada \"Operaci\u00f3n Especial de Desnazificaci\u00f3n\"(que Un periodista que viaj\u00f3 a Ucrania desmonta la idea de que los ucranianos sean todos nazis. Habla de banderas, manifestaciones de familiares, cr\u00edticas a Zelenski y el movimiento 'Mujer, Vida, Libertad' en Ir\u00e1n.","robots":{"index":"index","follow":"follow","max-snippet":"max-snippet:-1","max-image-preview":"max-image-preview:large","max-video-preview":"max-video-preview:-1"},"canonical":"https:\/\/www.pressenza.com\/es\/2026\/04\/a-proposito-de-las-banderas-y-pancartas-en-las-manifestaciones\/","og_locale":"es_ES","og_type":"article","og_title":"A prop\u00f3sito de las banderas y pancartas en las manifestaciones...","og_description":"Terminemos ya con eso de que \u2014\"los ucranianos son todos nazis\". \u2014Eso es la propaganda de Putin y de su llamada \"Operaci\u00f3n Especial de Desnazificaci\u00f3n\"(que Un periodista que viaj\u00f3 a Ucrania desmonta la idea de que los ucranianos sean todos nazis. Habla de banderas, manifestaciones de familiares, cr\u00edticas a Zelenski y el movimiento 'Mujer, Vida, Libertad' en Ir\u00e1n.","og_url":"https:\/\/www.pressenza.com\/es\/2026\/04\/a-proposito-de-las-banderas-y-pancartas-en-las-manifestaciones\/","og_site_name":"Pressenza","article_publisher":"https:\/\/www.facebook.com\/PressenzaItalia","article_published_time":"2026-04-27T18:08:58+00:00","og_image":[{"width":1920,"height":1080,"url":"https:\/\/www.pressenza.com\/wp-content\/uploads\/2026\/04\/manifestazione-kiev-soldati-scomparsi-Mauro-Zanella.jpeg","type":"image\/jpeg"}],"author":"Mauro Carlo Zanella","twitter_card":"summary_large_image","twitter_creator":"@PressenzaIPA","twitter_site":"@PressenzaIPA","twitter_misc":{"Escrito por":"Mauro Carlo Zanella","Tiempo de lectura":"4 minutos"},"schema":{"@context":"https:\/\/schema.org","@graph":[{"@type":"Article","@id":"https:\/\/www.pressenza.com\/es\/2026\/04\/a-proposito-de-las-banderas-y-pancartas-en-las-manifestaciones\/#article","isPartOf":{"@id":"https:\/\/www.pressenza.com\/es\/2026\/04\/a-proposito-de-las-banderas-y-pancartas-en-las-manifestaciones\/"},"author":{"name":"Mauro Carlo Zanella","@id":"https:\/\/www.pressenza.com\/es\/#\/schema\/person\/76e278d7760e85fb4a5a4961b1b46b1d"},"headline":"A prop\u00f3sito de las banderas y pancartas en las manifestaciones&#8230;","datePublished":"2026-04-27T18:08:58+00:00","mainEntityOfPage":{"@id":"https:\/\/www.pressenza.com\/es\/2026\/04\/a-proposito-de-las-banderas-y-pancartas-en-las-manifestaciones\/"},"wordCount":676,"publisher":{"@id":"https:\/\/www.pressenza.com\/es\/#organization"},"image":{"@id":"https:\/\/www.pressenza.com\/es\/2026\/04\/a-proposito-de-las-banderas-y-pancartas-en-las-manifestaciones\/#primaryimage"},"thumbnailUrl":"https:\/\/www.pressenza.com\/wp-content\/uploads\/2026\/04\/manifestazione-kiev-soldati-scomparsi-Mauro-Zanella.jpeg","keywords":["Ir\u00e1n","Ucraina","War"],"articleSection":["Contenido Original","Opiniones","Paz y Desarme","Pol\u00edtica"],"inLanguage":"es"},{"@type":"WebPage","@id":"https:\/\/www.pressenza.com\/es\/2026\/04\/a-proposito-de-las-banderas-y-pancartas-en-las-manifestaciones\/","url":"https:\/\/www.pressenza.com\/es\/2026\/04\/a-proposito-de-las-banderas-y-pancartas-en-las-manifestaciones\/","name":"A prop\u00f3sito de las banderas y pancartas en las manifestaciones...","isPartOf":{"@id":"https:\/\/www.pressenza.com\/es\/#website"},"primaryImageOfPage":{"@id":"https:\/\/www.pressenza.com\/es\/2026\/04\/a-proposito-de-las-banderas-y-pancartas-en-las-manifestaciones\/#primaryimage"},"image":{"@id":"https:\/\/www.pressenza.com\/es\/2026\/04\/a-proposito-de-las-banderas-y-pancartas-en-las-manifestaciones\/#primaryimage"},"thumbnailUrl":"https:\/\/www.pressenza.com\/wp-content\/uploads\/2026\/04\/manifestazione-kiev-soldati-scomparsi-Mauro-Zanella.jpeg","datePublished":"2026-04-27T18:08:58+00:00","description":"Terminemos ya con eso de que \u2014\"los ucranianos son todos nazis\". \u2014Eso es la propaganda de Putin y de su llamada \"Operaci\u00f3n Especial de Desnazificaci\u00f3n\"(que Un periodista que viaj\u00f3 a Ucrania desmonta la idea de que los ucranianos sean todos nazis. Habla de banderas, manifestaciones de familiares, cr\u00edticas a Zelenski y el movimiento 'Mujer, Vida, Libertad' en Ir\u00e1n.","breadcrumb":{"@id":"https:\/\/www.pressenza.com\/es\/2026\/04\/a-proposito-de-las-banderas-y-pancartas-en-las-manifestaciones\/#breadcrumb"},"inLanguage":"es","potentialAction":[{"@type":"ReadAction","target":["https:\/\/www.pressenza.com\/es\/2026\/04\/a-proposito-de-las-banderas-y-pancartas-en-las-manifestaciones\/"]}]},{"@type":"ImageObject","inLanguage":"es","@id":"https:\/\/www.pressenza.com\/es\/2026\/04\/a-proposito-de-las-banderas-y-pancartas-en-las-manifestaciones\/#primaryimage","url":"https:\/\/www.pressenza.com\/wp-content\/uploads\/2026\/04\/manifestazione-kiev-soldati-scomparsi-Mauro-Zanella.jpeg","contentUrl":"https:\/\/www.pressenza.com\/wp-content\/uploads\/2026\/04\/manifestazione-kiev-soldati-scomparsi-Mauro-Zanella.jpeg","width":1920,"height":1080,"caption":"Kiew: Angeh\u00f6rige Vermisster fordern Waffenstillstand und Aufkl\u00e4rung"},{"@type":"BreadcrumbList","@id":"https:\/\/www.pressenza.com\/es\/2026\/04\/a-proposito-de-las-banderas-y-pancartas-en-las-manifestaciones\/#breadcrumb","itemListElement":[{"@type":"ListItem","position":1,"name":"Accueil","item":"https:\/\/www.pressenza.com\/es\/"},{"@type":"ListItem","position":2,"name":"A prop\u00f3sito de las banderas y pancartas en las manifestaciones&#8230;"}]},{"@type":"WebSite","@id":"https:\/\/www.pressenza.com\/es\/#website","url":"https:\/\/www.pressenza.com\/es\/","name":"Pressenza","description":"International Press Agency","publisher":{"@id":"https:\/\/www.pressenza.com\/es\/#organization"},"potentialAction":[{"@type":"SearchAction","target":{"@type":"EntryPoint","urlTemplate":"https:\/\/www.pressenza.com\/es\/?s={search_term_string}"},"query-input":{"@type":"PropertyValueSpecification","valueRequired":true,"valueName":"search_term_string"}}],"inLanguage":"es"},{"@type":"Organization","@id":"https:\/\/www.pressenza.com\/es\/#organization","name":"Pressenza","url":"https:\/\/www.pressenza.com\/es\/","logo":{"@type":"ImageObject","inLanguage":"es","@id":"https:\/\/www.pressenza.com\/es\/#\/schema\/logo\/image\/","url":"https:\/\/www.pressenza.com\/wp-content\/uploads\/2022\/10\/pressenza_logo_200x200.jpg","contentUrl":"https:\/\/www.pressenza.com\/wp-content\/uploads\/2022\/10\/pressenza_logo_200x200.jpg","width":200,"height":200,"caption":"Pressenza"},"image":{"@id":"https:\/\/www.pressenza.com\/es\/#\/schema\/logo\/image\/"},"sameAs":["https:\/\/www.facebook.com\/PressenzaItalia","https:\/\/x.com\/PressenzaIPA"]},{"@type":"Person","@id":"https:\/\/www.pressenza.com\/es\/#\/schema\/person\/76e278d7760e85fb4a5a4961b1b46b1d","name":"Mauro Carlo Zanella","url":"https:\/\/www.pressenza.com\/es\/author\/mauro-zanella\/"}]}},"place":"roma","original_article_url":"","_links":{"self":[{"href":"https:\/\/www.pressenza.com\/es\/wp-json\/wp\/v2\/posts\/2695992","targetHints":{"allow":["GET"]}}],"collection":[{"href":"https:\/\/www.pressenza.com\/es\/wp-json\/wp\/v2\/posts"}],"about":[{"href":"https:\/\/www.pressenza.com\/es\/wp-json\/wp\/v2\/types\/post"}],"author":[{"embeddable":true,"href":"https:\/\/www.pressenza.com\/es\/wp-json\/wp\/v2\/users\/2378"}],"replies":[{"embeddable":true,"href":"https:\/\/www.pressenza.com\/es\/wp-json\/wp\/v2\/comments?post=2695992"}],"version-history":[{"count":7,"href":"https:\/\/www.pressenza.com\/es\/wp-json\/wp\/v2\/posts\/2695992\/revisions"}],"predecessor-version":[{"id":2696001,"href":"https:\/\/www.pressenza.com\/es\/wp-json\/wp\/v2\/posts\/2695992\/revisions\/2696001"}],"wp:featuredmedia":[{"embeddable":true,"href":"https:\/\/www.pressenza.com\/es\/wp-json\/wp\/v2\/media\/2690761"}],"wp:attachment":[{"href":"https:\/\/www.pressenza.com\/es\/wp-json\/wp\/v2\/media?parent=2695992"}],"wp:term":[{"taxonomy":"category","embeddable":true,"href":"https:\/\/www.pressenza.com\/es\/wp-json\/wp\/v2\/categories?post=2695992"},{"taxonomy":"post_tag","embeddable":true,"href":"https:\/\/www.pressenza.com\/es\/wp-json\/wp\/v2\/tags?post=2695992"}],"curies":[{"name":"wp","href":"https:\/\/api.w.org\/{rel}","templated":true}]}}