{"id":2695929,"date":"2026-04-27T16:27:16","date_gmt":"2026-04-27T15:27:16","guid":{"rendered":"https:\/\/www.pressenza.com\/?p=2695929"},"modified":"2026-04-27T16:27:16","modified_gmt":"2026-04-27T15:27:16","slug":"las-consecuencias-tacitas-de-la-guerra-entre-israel-y-estados-unidos-contra-iran-cronicas-desde-sri-lanka","status":"publish","type":"post","link":"https:\/\/www.pressenza.com\/es\/2026\/04\/las-consecuencias-tacitas-de-la-guerra-entre-israel-y-estados-unidos-contra-iran-cronicas-desde-sri-lanka\/","title":{"rendered":"Las consecuencias t\u00e1citas de la guerra entre Israel y Estados Unidos contra Ir\u00e1n: cr\u00f3nicas desde Sri Lanka"},"content":{"rendered":"<p>El 28 de febrero de 2026, Estados Unidos e Israel iniciaron su campa\u00f1a de bombardeos contra Ir\u00e1n. Esto ha causado graves consecuencias en la regi\u00f3n del Golfo, as\u00ed como en el mundo entero. Desde las suspensiones de vuelos y los inconvenientes en el transporte, hasta el aumento de los precios del combustible y el gas, los pa\u00edses peque\u00f1os como Sri Lanka se han encontrado a la vanguardia del sufrimiento de las consecuencias indirectas de la guerra contra Ir\u00e1n. Yo estaba all\u00ed para presenciar estos trastornos de primera mano, lo que me permiti\u00f3 recoger testimonios de la poblaci\u00f3n local. La composici\u00f3n demogr\u00e1fica de Sri Lanka est\u00e1 dominada por los cingaleses, que representan a tres cuartas partes de la poblaci\u00f3n, seguidas por los tamiles de Sri Lanka, los moros de Sri Lanka y varias comunidades m\u00e1s peque\u00f1as. El pa\u00eds mantiene una econom\u00eda basada en servicios, como el\u00a0turismo, manufactura y remesas del extranjero para apoyar el PIB nacional.<\/p>\n<p>La siguiente entrevista es solo una de las muchas historias que tuve el privilegio de escuchar. Por razones de seguridad y privacidad, el entrevistado pidi\u00f3 mantener el anonimato. Dejar\u00e9 que sus palabras hablen por \u00e9l, con la intenci\u00f3n de dar voz a aquellos que no tienen voz. La entrevista se realiz\u00f3 a trav\u00e9s de una plataforma de mensajer\u00eda en l\u00ednea, poco despu\u00e9s de mi salida de Asia. Traducido al ingl\u00e9s utilizando herramientas de traducci\u00f3n en l\u00ednea, el texto puede contener peque\u00f1as inexactitudes.<\/p>\n<p>Eleg\u00ed incluir el texto original en cingal\u00e9s, con la esperanza de que este art\u00edculo tambi\u00e9n siga siendo accesible para una audiencia de habla cingalesa.<\/p>\n<p><em>N.B. Puedes encontrar el texto original en la versi\u00f3n en ingl\u00e9s del art\u00edculo<\/em><\/p>\n<div id=\"attachment_2695939\" class=\"wp-caption alignnone\"><img loading=\"lazy\" decoding=\"async\" aria-describedby=\"caption-attachment-2695939\" class=\"wp-image-2695939 size-full\" src=\"https:\/\/www.pressenza.com\/wp-content\/uploads\/2026\/04\/2-Medium-1.jpeg\" alt=\"\" width=\"640\" height=\"427\" srcset=\"https:\/\/www.pressenza.com\/wp-content\/uploads\/2026\/04\/2-Medium-1.jpeg 640w, https:\/\/www.pressenza.com\/wp-content\/uploads\/2026\/04\/2-Medium-1-300x200.jpeg 300w\" sizes=\"auto, (max-width: 640px) 100vw, 640px\" \/><p id=\"caption-attachment-2695939\" class=\"wp-caption-text\">Gasolinera en Hatton, Sri Lanka. 12 de marzo de 2026. Fotograf\u00eda de Anita Gillone.<\/p><\/div>\n<p><strong>P1. \u00bfD\u00f3nde vives y qu\u00e9 haces?<\/strong><br \/>\nSoy de Sri Lanka. Soy conductor y mi trabajo es transportar turistas.<\/p>\n<p><strong>P2. \u00bfC\u00f3mo ha afectado la guerra contra Ir\u00e1n a su pa\u00eds y a tu trabajo?<\/strong><br \/>\nD\u00e9jame explicarte c\u00f3mo nos est\u00e1 sacudiendo esta guerra. Cuando los pa\u00edses poderosos comienzan una guerra, son las personas inocentes de pa\u00edses peque\u00f1os como los nuestros los que m\u00e1s sufren.<\/p>\n<p>Pi\u00e9nsalo: la gente no tiene serenidad mental. Todos estamos ansiosos al pensar en el ma\u00f1ana. En tiempos como estos, aquellos que tienen dinero se han abastecido de todos los alimentos y necesidades b\u00e1sicas que necesitar\u00e1n en los pr\u00f3ximos meses. Pero, \u00bfqu\u00e9 podemos hacer, la gente com\u00fan? En este momento, los trabajos de muchas personas, como el m\u00edo, est\u00e1n en riesgo.<\/p>\n<p>Los precios del combustible, la gasolina y las materias primas est\u00e1n aumentando r\u00e1pidamente. Pero no tenemos los ingresos necesarios para hacer frente a los gastos.<\/p>\n<p>T\u00fa me conoces. Hace mucho que no tengo trabajo. El turismo extranjero ha sido interrumpido. Es caro vivir. El combustible es limitado: 5.25 litros por semana para un coche y 5 litros para una motocicleta.<\/p>\n<div id=\"attachment_2695940\" class=\"wp-caption alignnone\"><img loading=\"lazy\" decoding=\"async\" aria-describedby=\"caption-attachment-2695940\" class=\"wp-image-2695940 size-full\" src=\"https:\/\/www.pressenza.com\/wp-content\/uploads\/2026\/04\/3-Medium-1.jpeg\" alt=\"\" width=\"640\" height=\"427\" srcset=\"https:\/\/www.pressenza.com\/wp-content\/uploads\/2026\/04\/3-Medium-1.jpeg 640w, https:\/\/www.pressenza.com\/wp-content\/uploads\/2026\/04\/3-Medium-1-300x200.jpeg 300w\" sizes=\"auto, (max-width: 640px) 100vw, 640px\" \/><p id=\"caption-attachment-2695940\" class=\"wp-caption-text\">staci\u00f3n de servicio cerca del Parque Nacional Undawalawe, Sri Lanka. 14 de marzo de 2026. Fotograf\u00eda de Anita Gillone.<\/p><\/div>\n<p><strong>P3. \u00bfCu\u00e1les son las principales dificultades que enfrentan los habitantes de Sri Lanka?<\/strong><br \/>\nYa sabes c\u00f3mo funciona el mundo del trabajo. \u00bfC\u00f3mo apoyar\u00e9 a mis hijos y a mi esposa? \u00bfCu\u00e1nto se nos exige sufrir cuando los pa\u00edses poderosos provocan guerras por poder? Los Jefes de Estado no han hecho m\u00e1s que imponer impuestos a la poblaci\u00f3n, mientras viven con comodidad. Especialmente en nuestro pa\u00eds.<\/p>\n<p>Entonces, \u00bfc\u00f3mo? \u00bfC\u00f3mo afecta la guerra a nuestro pa\u00eds? Nuestro pa\u00eds es realmente hermoso. Pero ning\u00fan jefe de Estado ha intentado desarrollarlo. Los pol\u00edticos roban y se enriquecen. Quieren que la gente sea pobre. De esta manera es f\u00e1cil para ellos permanecer en el poder.<\/p>\n<p>La gente de nuestro pa\u00eds es buena gente, pero los gobernantes los han hecho impotentes. Algunos se van y encuentran trabajo en otros pa\u00edses. Pero no hay trabajo aqu\u00ed en Sri Lanka. Las facturas de agua y electricidad han aumentado dram\u00e1ticamente. Los precios de todas las necesidades b\u00e1sicas han aumentado dram\u00e1ticamente.<\/p>\n<p>\u00bfC\u00f3mo vive la gente? No hay ingresos suficientes para cubrir los gastos.<\/p>\n<div id=\"attachment_2695941\" class=\"wp-caption alignnone\"><img loading=\"lazy\" decoding=\"async\" aria-describedby=\"caption-attachment-2695941\" class=\"wp-image-2695941 size-full\" src=\"https:\/\/www.pressenza.com\/wp-content\/uploads\/2026\/04\/4-Medium-1.jpeg\" alt=\"\" width=\"640\" height=\"427\" srcset=\"https:\/\/www.pressenza.com\/wp-content\/uploads\/2026\/04\/4-Medium-1.jpeg 640w, https:\/\/www.pressenza.com\/wp-content\/uploads\/2026\/04\/4-Medium-1-300x200.jpeg 300w\" sizes=\"auto, (max-width: 640px) 100vw, 640px\" \/><p id=\"caption-attachment-2695941\" class=\"wp-caption-text\">Dickoya, Sri Lanka. 11 de marzo de 2026. Fotograf\u00eda de Anita Gillone.<\/p><\/div>\n<p><strong>P4. \u00bfCu\u00e1les son algunas de las consecuencias que le gustar\u00eda que la gente tuviera en cuenta, pero que no han sido reportadas por los medios?<\/strong><br \/>\nVer\u00e1, en este momento, algunas personas solo pueden pagar una comida al d\u00eda.<\/p>\n<p>\u00bfPor qu\u00e9 los pa\u00edses poderosos que luchan por el poder no piensan en eso? \u00bfC\u00f3mo pagar\u00e9 las cuotas de arrendamiento del autom\u00f3vil cuando pierda mi salario? \u00bfC\u00f3mo puedo pagar el alquiler?<\/p>\n<p>\u00bfC\u00f3mo podemos pagar la educaci\u00f3n de nuestros hijos?<\/p>\n<div id=\"attachment_2695942\" class=\"wp-caption alignnone\"><img loading=\"lazy\" decoding=\"async\" aria-describedby=\"caption-attachment-2695942\" class=\"wp-image-2695942 size-full\" src=\"https:\/\/www.pressenza.com\/wp-content\/uploads\/2026\/04\/5-Medium-1.jpeg\" alt=\"\" width=\"640\" height=\"427\" srcset=\"https:\/\/www.pressenza.com\/wp-content\/uploads\/2026\/04\/5-Medium-1.jpeg 640w, https:\/\/www.pressenza.com\/wp-content\/uploads\/2026\/04\/5-Medium-1-300x200.jpeg 300w\" sizes=\"auto, (max-width: 640px) 100vw, 640px\" \/><p id=\"caption-attachment-2695942\" class=\"wp-caption-text\">Dickoya, Sri Lanka. 15 de marzo de 2026. Fotograf\u00eda de Anita Gillone.<\/p><\/div>\n<p><strong>P5. \u00bfQu\u00e9 otros problemas ha encontrado usted y los otros ciudadanos de Sri Lanka?<\/strong><br \/>\nD\u00e9jame contarte una historia real. Mi hijo mayor est\u00e1 cursando estudios universitarios, por lo que, en unos meses, necesitar\u00e1 una computadora port\u00e1til. Mi trabajo, sin embargo, est\u00e1 en riesgo. Me pregunto c\u00f3mo voy a conseguirle un ordenador port\u00e1til.<\/p>\n<p>Esta guerra ha influido fuertemente en la educaci\u00f3n de nuestros ni\u00f1os. \u00bfQu\u00e9 pasar\u00e1 con las generaciones futuras? Esta guerra es devastadora, especialmente para pa\u00edses pobres como el nuestro.<\/p>\n<div id=\"attachment_2695943\" class=\"wp-caption alignnone\"><img loading=\"lazy\" decoding=\"async\" aria-describedby=\"caption-attachment-2695943\" class=\"wp-image-2695943 size-full\" src=\"https:\/\/www.pressenza.com\/wp-content\/uploads\/2026\/04\/6-Medium-1.jpeg\" alt=\"\" width=\"640\" height=\"427\" srcset=\"https:\/\/www.pressenza.com\/wp-content\/uploads\/2026\/04\/6-Medium-1.jpeg 640w, https:\/\/www.pressenza.com\/wp-content\/uploads\/2026\/04\/6-Medium-1-300x200.jpeg 300w\" sizes=\"auto, (max-width: 640px) 100vw, 640px\" \/><p id=\"caption-attachment-2695943\" class=\"wp-caption-text\">Negombo, Sri Lanka. 8 de marzo de 2026. Fotograf\u00eda de Anita Gillone.<\/p><\/div>\n<p><strong>P6. \u00bfQu\u00e9 opinas del nuevo partido pol\u00edtico que ha sido elegido?<\/strong><br \/>\nEl nuevo gobierno est\u00e1 encabezado por el Poder Popular Nacional (PNP). Yo vot\u00e9 por ellos. Esperamos con inter\u00e9s su gobierno. Sin embargo, todav\u00eda no veo un plan concreto. Parece que el presidente est\u00e1 poniendo mucho esfuerzo en ello. Est\u00e1 tratando de reducir el desperdicio, la corrupci\u00f3n y el robo. Pero no creo que lo logre. Todav\u00eda no se ha hecho nada para la gente com\u00fan. La gente le ha dado al PNP una enorme mayor\u00eda de dos tercios. Si no gobiernan bien, tambi\u00e9n tendr\u00e1n que irse. Pero hoy, como hoy, los pol\u00edticos llegan al poder enga\u00f1ando a la gente. La gente est\u00e1 siendo enga\u00f1ada. Todos son amigos. Viven una vida c\u00f3moda y f\u00e1cil. La gente com\u00fan siempre sufrir\u00e1. Sri Lanka seguir\u00e1 siendo para siempre un pa\u00eds pobre en el mapa mundial.<\/p>\n<div id=\"attachment_2695944\" class=\"wp-caption alignnone\"><img loading=\"lazy\" decoding=\"async\" aria-describedby=\"caption-attachment-2695944\" class=\"wp-image-2695944 size-full\" src=\"https:\/\/www.pressenza.com\/wp-content\/uploads\/2026\/04\/7-Medium-1.jpeg\" alt=\"\" width=\"640\" height=\"427\" srcset=\"https:\/\/www.pressenza.com\/wp-content\/uploads\/2026\/04\/7-Medium-1.jpeg 640w, https:\/\/www.pressenza.com\/wp-content\/uploads\/2026\/04\/7-Medium-1-300x200.jpeg 300w\" sizes=\"auto, (max-width: 640px) 100vw, 640px\" \/><p id=\"caption-attachment-2695944\" class=\"wp-caption-text\">Dickoya, Sri Lanka. 12 de marzo de 2026. Fotograf\u00eda de Anita Gillone.<\/p><\/div>\n<p>Sri Lanka fue uno de los primeros pa\u00edses del Asia meridional en sufrir las consecuencias indirectas de la guerra contra Ir\u00e1n. Esta hermosa isla est\u00e1 pasando por una crisis econ\u00f3mica desfigurante, que ha paralizado el turismo, dejando marcas indelebles en la poblaci\u00f3n.<\/p>\n<p>Sin embargo, el esp\u00edritu de su pueblo sigue ind\u00f3mito. Durante mi estancia en Sri Lanka, en marzo de 2026, fui recibida con sonrisas y amabilidad en cada esquina. All\u00ed he hecho amistades que estoy segura de encontrar de nuevo, un d\u00eda, y los animo a todos a hacer lo mismo.<\/p>\n<div id=\"attachment_2695945\" class=\"wp-caption alignnone\"><img loading=\"lazy\" decoding=\"async\" aria-describedby=\"caption-attachment-2695945\" class=\"wp-image-2695945 size-full\" src=\"https:\/\/www.pressenza.com\/wp-content\/uploads\/2026\/04\/8-Medium.jpeg\" alt=\"\" width=\"640\" height=\"427\" srcset=\"https:\/\/www.pressenza.com\/wp-content\/uploads\/2026\/04\/8-Medium.jpeg 640w, https:\/\/www.pressenza.com\/wp-content\/uploads\/2026\/04\/8-Medium-300x200.jpeg 300w\" sizes=\"auto, (max-width: 640px) 100vw, 640px\" \/><p id=\"caption-attachment-2695945\" class=\"wp-caption-text\">Galle, Sri Lanka. 16 de marzo de 2026. Fotograf\u00eda de Anita Barbara Gillone.<\/p><\/div>\n","protected":false},"excerpt":{"rendered":"<p>El 28 de febrero de 2026, Estados Unidos e Israel iniciaron su campa\u00f1a de bombardeos contra Ir\u00e1n. Esto ha causado graves consecuencias en la regi\u00f3n del Golfo, as\u00ed como en el mundo entero. Desde las suspensiones de vuelos y los&hellip;<\/p>\n","protected":false},"author":2145,"featured_media":2695938,"comment_status":"closed","ping_status":"closed","sticky":false,"template":"","format":"standard","meta":{"footnotes":""},"categories":[65,11389,81,155,1243],"tags":[155984,1697,11167],"class_list":["post-2695929","post","type-post","status-publish","format-standard","has-post-thumbnail","hentry","category-asia-es","category-contenido-original","category-economia-es","category-entrevistas","category-paz-desarme","tag-escacez","tag-iran-es","tag-sri-lanka-es"],"yoast_head":"<!-- This site is optimized with the Yoast SEO plugin v27.1.1 - https:\/\/yoast.com\/product\/yoast-seo-wordpress\/ -->\n<title>Las consecuencias t\u00e1citas de la guerra entre Israel y Estados Unidos contra Ir\u00e1n: cr\u00f3nicas desde Sri Lanka<\/title>\n<meta name=\"description\" content=\"El 28 de febrero de 2026, Estados Unidos e Israel iniciaron su campa\u00f1a de bombardeos contra Ir\u00e1n. Esto ha causado graves consecuencias en la regi\u00f3n del\" \/>\n<meta name=\"robots\" content=\"index, follow, max-snippet:-1, max-image-preview:large, max-video-preview:-1\" \/>\n<link rel=\"canonical\" href=\"https:\/\/www.pressenza.com\/es\/2026\/04\/las-consecuencias-tacitas-de-la-guerra-entre-israel-y-estados-unidos-contra-iran-cronicas-desde-sri-lanka\/\" \/>\n<meta property=\"og:locale\" content=\"es_ES\" \/>\n<meta property=\"og:type\" content=\"article\" \/>\n<meta property=\"og:title\" content=\"Las consecuencias t\u00e1citas de la guerra entre Israel y Estados Unidos contra Ir\u00e1n: cr\u00f3nicas desde Sri Lanka\" \/>\n<meta property=\"og:description\" content=\"El 28 de febrero de 2026, Estados Unidos e Israel iniciaron su campa\u00f1a de bombardeos contra Ir\u00e1n. Esto ha causado graves consecuencias en la regi\u00f3n del\" \/>\n<meta property=\"og:url\" content=\"https:\/\/www.pressenza.com\/es\/2026\/04\/las-consecuencias-tacitas-de-la-guerra-entre-israel-y-estados-unidos-contra-iran-cronicas-desde-sri-lanka\/\" \/>\n<meta property=\"og:site_name\" content=\"Pressenza\" \/>\n<meta property=\"article:publisher\" content=\"https:\/\/www.facebook.com\/PressenzaItalia\" \/>\n<meta property=\"article:published_time\" content=\"2026-04-27T15:27:16+00:00\" \/>\n<meta property=\"og:image\" content=\"https:\/\/www.pressenza.com\/wp-content\/uploads\/2026\/04\/1-Medium-1.jpeg\" \/>\n\t<meta property=\"og:image:width\" content=\"640\" \/>\n\t<meta property=\"og:image:height\" content=\"427\" \/>\n\t<meta property=\"og:image:type\" content=\"image\/jpeg\" \/>\n<meta name=\"author\" content=\"Anita Barbara Gillone\" \/>\n<meta name=\"twitter:card\" content=\"summary_large_image\" \/>\n<meta name=\"twitter:creator\" content=\"@PressenzaIPA\" \/>\n<meta name=\"twitter:site\" content=\"@PressenzaIPA\" \/>\n<meta name=\"twitter:label1\" content=\"Escrito por\" \/>\n\t<meta name=\"twitter:data1\" content=\"Anita Barbara Gillone\" \/>\n\t<meta name=\"twitter:label2\" content=\"Tiempo de lectura\" \/>\n\t<meta name=\"twitter:data2\" content=\"7 minutos\" \/>\n<script type=\"application\/ld+json\" class=\"yoast-schema-graph\">{\"@context\":\"https:\/\/schema.org\",\"@graph\":[{\"@type\":\"Article\",\"@id\":\"https:\/\/www.pressenza.com\/es\/2026\/04\/las-consecuencias-tacitas-de-la-guerra-entre-israel-y-estados-unidos-contra-iran-cronicas-desde-sri-lanka\/#article\",\"isPartOf\":{\"@id\":\"https:\/\/www.pressenza.com\/es\/2026\/04\/las-consecuencias-tacitas-de-la-guerra-entre-israel-y-estados-unidos-contra-iran-cronicas-desde-sri-lanka\/\"},\"author\":{\"name\":\"Anita Barbara Gillone\",\"@id\":\"https:\/\/www.pressenza.com\/es\/#\/schema\/person\/6ab58cc0253cead422138e24b1b30ba5\"},\"headline\":\"Las consecuencias t\u00e1citas de la guerra entre Israel y Estados Unidos contra Ir\u00e1n: cr\u00f3nicas desde Sri Lanka\",\"datePublished\":\"2026-04-27T15:27:16+00:00\",\"mainEntityOfPage\":{\"@id\":\"https:\/\/www.pressenza.com\/es\/2026\/04\/las-consecuencias-tacitas-de-la-guerra-entre-israel-y-estados-unidos-contra-iran-cronicas-desde-sri-lanka\/\"},\"wordCount\":1283,\"publisher\":{\"@id\":\"https:\/\/www.pressenza.com\/es\/#organization\"},\"image\":{\"@id\":\"https:\/\/www.pressenza.com\/es\/2026\/04\/las-consecuencias-tacitas-de-la-guerra-entre-israel-y-estados-unidos-contra-iran-cronicas-desde-sri-lanka\/#primaryimage\"},\"thumbnailUrl\":\"https:\/\/www.pressenza.com\/wp-content\/uploads\/2026\/04\/1-Medium-1.jpeg\",\"keywords\":[\"escacez\",\"Ir\u00e1n\",\"Sri Lanka\"],\"articleSection\":[\"Asia\",\"Contenido Original\",\"Econom\u00eda\",\"Entrevistas\",\"Paz y Desarme\"],\"inLanguage\":\"es\"},{\"@type\":\"WebPage\",\"@id\":\"https:\/\/www.pressenza.com\/es\/2026\/04\/las-consecuencias-tacitas-de-la-guerra-entre-israel-y-estados-unidos-contra-iran-cronicas-desde-sri-lanka\/\",\"url\":\"https:\/\/www.pressenza.com\/es\/2026\/04\/las-consecuencias-tacitas-de-la-guerra-entre-israel-y-estados-unidos-contra-iran-cronicas-desde-sri-lanka\/\",\"name\":\"Las consecuencias t\u00e1citas de la guerra entre Israel y Estados Unidos contra Ir\u00e1n: cr\u00f3nicas desde Sri Lanka\",\"isPartOf\":{\"@id\":\"https:\/\/www.pressenza.com\/es\/#website\"},\"primaryImageOfPage\":{\"@id\":\"https:\/\/www.pressenza.com\/es\/2026\/04\/las-consecuencias-tacitas-de-la-guerra-entre-israel-y-estados-unidos-contra-iran-cronicas-desde-sri-lanka\/#primaryimage\"},\"image\":{\"@id\":\"https:\/\/www.pressenza.com\/es\/2026\/04\/las-consecuencias-tacitas-de-la-guerra-entre-israel-y-estados-unidos-contra-iran-cronicas-desde-sri-lanka\/#primaryimage\"},\"thumbnailUrl\":\"https:\/\/www.pressenza.com\/wp-content\/uploads\/2026\/04\/1-Medium-1.jpeg\",\"datePublished\":\"2026-04-27T15:27:16+00:00\",\"description\":\"El 28 de febrero de 2026, Estados Unidos e Israel iniciaron su campa\u00f1a de bombardeos contra Ir\u00e1n. Esto ha causado graves consecuencias en la regi\u00f3n del\",\"breadcrumb\":{\"@id\":\"https:\/\/www.pressenza.com\/es\/2026\/04\/las-consecuencias-tacitas-de-la-guerra-entre-israel-y-estados-unidos-contra-iran-cronicas-desde-sri-lanka\/#breadcrumb\"},\"inLanguage\":\"es\",\"potentialAction\":[{\"@type\":\"ReadAction\",\"target\":[\"https:\/\/www.pressenza.com\/es\/2026\/04\/las-consecuencias-tacitas-de-la-guerra-entre-israel-y-estados-unidos-contra-iran-cronicas-desde-sri-lanka\/\"]}]},{\"@type\":\"ImageObject\",\"inLanguage\":\"es\",\"@id\":\"https:\/\/www.pressenza.com\/es\/2026\/04\/las-consecuencias-tacitas-de-la-guerra-entre-israel-y-estados-unidos-contra-iran-cronicas-desde-sri-lanka\/#primaryimage\",\"url\":\"https:\/\/www.pressenza.com\/wp-content\/uploads\/2026\/04\/1-Medium-1.jpeg\",\"contentUrl\":\"https:\/\/www.pressenza.com\/wp-content\/uploads\/2026\/04\/1-Medium-1.jpeg\",\"width\":640,\"height\":427},{\"@type\":\"BreadcrumbList\",\"@id\":\"https:\/\/www.pressenza.com\/es\/2026\/04\/las-consecuencias-tacitas-de-la-guerra-entre-israel-y-estados-unidos-contra-iran-cronicas-desde-sri-lanka\/#breadcrumb\",\"itemListElement\":[{\"@type\":\"ListItem\",\"position\":1,\"name\":\"Accueil\",\"item\":\"https:\/\/www.pressenza.com\/es\/\"},{\"@type\":\"ListItem\",\"position\":2,\"name\":\"Las consecuencias t\u00e1citas de la guerra entre Israel y Estados Unidos contra Ir\u00e1n: cr\u00f3nicas desde Sri Lanka\"}]},{\"@type\":\"WebSite\",\"@id\":\"https:\/\/www.pressenza.com\/es\/#website\",\"url\":\"https:\/\/www.pressenza.com\/es\/\",\"name\":\"Pressenza\",\"description\":\"International Press Agency\",\"publisher\":{\"@id\":\"https:\/\/www.pressenza.com\/es\/#organization\"},\"potentialAction\":[{\"@type\":\"SearchAction\",\"target\":{\"@type\":\"EntryPoint\",\"urlTemplate\":\"https:\/\/www.pressenza.com\/es\/?s={search_term_string}\"},\"query-input\":{\"@type\":\"PropertyValueSpecification\",\"valueRequired\":true,\"valueName\":\"search_term_string\"}}],\"inLanguage\":\"es\"},{\"@type\":\"Organization\",\"@id\":\"https:\/\/www.pressenza.com\/es\/#organization\",\"name\":\"Pressenza\",\"url\":\"https:\/\/www.pressenza.com\/es\/\",\"logo\":{\"@type\":\"ImageObject\",\"inLanguage\":\"es\",\"@id\":\"https:\/\/www.pressenza.com\/es\/#\/schema\/logo\/image\/\",\"url\":\"https:\/\/www.pressenza.com\/wp-content\/uploads\/2022\/10\/pressenza_logo_200x200.jpg\",\"contentUrl\":\"https:\/\/www.pressenza.com\/wp-content\/uploads\/2022\/10\/pressenza_logo_200x200.jpg\",\"width\":200,\"height\":200,\"caption\":\"Pressenza\"},\"image\":{\"@id\":\"https:\/\/www.pressenza.com\/es\/#\/schema\/logo\/image\/\"},\"sameAs\":[\"https:\/\/www.facebook.com\/PressenzaItalia\",\"https:\/\/x.com\/PressenzaIPA\"]},{\"@type\":\"Person\",\"@id\":\"https:\/\/www.pressenza.com\/es\/#\/schema\/person\/6ab58cc0253cead422138e24b1b30ba5\",\"name\":\"Anita Barbara Gillone\",\"description\":\"I am an undergraduate student of International Relations at SOAS University of London. I am passionate about diversity of all types. I find writing the best way to communicate my thoughts clearly. I know five languages and play the cello. I love helping others as much as I possibly can. Journalism and humanitarian activism are my main focuses right now.\",\"url\":\"https:\/\/www.pressenza.com\/es\/author\/anita-barbara-gillone\/\"}]}<\/script>\n<!-- \/ Yoast SEO plugin. -->","yoast_head_json":{"title":"Las consecuencias t\u00e1citas de la guerra entre Israel y Estados Unidos contra Ir\u00e1n: cr\u00f3nicas desde Sri Lanka","description":"El 28 de febrero de 2026, Estados Unidos e Israel iniciaron su campa\u00f1a de bombardeos contra Ir\u00e1n. Esto ha causado graves consecuencias en la regi\u00f3n del","robots":{"index":"index","follow":"follow","max-snippet":"max-snippet:-1","max-image-preview":"max-image-preview:large","max-video-preview":"max-video-preview:-1"},"canonical":"https:\/\/www.pressenza.com\/es\/2026\/04\/las-consecuencias-tacitas-de-la-guerra-entre-israel-y-estados-unidos-contra-iran-cronicas-desde-sri-lanka\/","og_locale":"es_ES","og_type":"article","og_title":"Las consecuencias t\u00e1citas de la guerra entre Israel y Estados Unidos contra Ir\u00e1n: cr\u00f3nicas desde Sri Lanka","og_description":"El 28 de febrero de 2026, Estados Unidos e Israel iniciaron su campa\u00f1a de bombardeos contra Ir\u00e1n. Esto ha causado graves consecuencias en la regi\u00f3n del","og_url":"https:\/\/www.pressenza.com\/es\/2026\/04\/las-consecuencias-tacitas-de-la-guerra-entre-israel-y-estados-unidos-contra-iran-cronicas-desde-sri-lanka\/","og_site_name":"Pressenza","article_publisher":"https:\/\/www.facebook.com\/PressenzaItalia","article_published_time":"2026-04-27T15:27:16+00:00","og_image":[{"width":640,"height":427,"url":"https:\/\/www.pressenza.com\/wp-content\/uploads\/2026\/04\/1-Medium-1.jpeg","type":"image\/jpeg"}],"author":"Anita Barbara Gillone","twitter_card":"summary_large_image","twitter_creator":"@PressenzaIPA","twitter_site":"@PressenzaIPA","twitter_misc":{"Escrito por":"Anita Barbara Gillone","Tiempo de lectura":"7 minutos"},"schema":{"@context":"https:\/\/schema.org","@graph":[{"@type":"Article","@id":"https:\/\/www.pressenza.com\/es\/2026\/04\/las-consecuencias-tacitas-de-la-guerra-entre-israel-y-estados-unidos-contra-iran-cronicas-desde-sri-lanka\/#article","isPartOf":{"@id":"https:\/\/www.pressenza.com\/es\/2026\/04\/las-consecuencias-tacitas-de-la-guerra-entre-israel-y-estados-unidos-contra-iran-cronicas-desde-sri-lanka\/"},"author":{"name":"Anita Barbara Gillone","@id":"https:\/\/www.pressenza.com\/es\/#\/schema\/person\/6ab58cc0253cead422138e24b1b30ba5"},"headline":"Las consecuencias t\u00e1citas de la guerra entre Israel y Estados Unidos contra Ir\u00e1n: cr\u00f3nicas desde Sri Lanka","datePublished":"2026-04-27T15:27:16+00:00","mainEntityOfPage":{"@id":"https:\/\/www.pressenza.com\/es\/2026\/04\/las-consecuencias-tacitas-de-la-guerra-entre-israel-y-estados-unidos-contra-iran-cronicas-desde-sri-lanka\/"},"wordCount":1283,"publisher":{"@id":"https:\/\/www.pressenza.com\/es\/#organization"},"image":{"@id":"https:\/\/www.pressenza.com\/es\/2026\/04\/las-consecuencias-tacitas-de-la-guerra-entre-israel-y-estados-unidos-contra-iran-cronicas-desde-sri-lanka\/#primaryimage"},"thumbnailUrl":"https:\/\/www.pressenza.com\/wp-content\/uploads\/2026\/04\/1-Medium-1.jpeg","keywords":["escacez","Ir\u00e1n","Sri Lanka"],"articleSection":["Asia","Contenido Original","Econom\u00eda","Entrevistas","Paz y Desarme"],"inLanguage":"es"},{"@type":"WebPage","@id":"https:\/\/www.pressenza.com\/es\/2026\/04\/las-consecuencias-tacitas-de-la-guerra-entre-israel-y-estados-unidos-contra-iran-cronicas-desde-sri-lanka\/","url":"https:\/\/www.pressenza.com\/es\/2026\/04\/las-consecuencias-tacitas-de-la-guerra-entre-israel-y-estados-unidos-contra-iran-cronicas-desde-sri-lanka\/","name":"Las consecuencias t\u00e1citas de la guerra entre Israel y Estados Unidos contra Ir\u00e1n: cr\u00f3nicas desde Sri Lanka","isPartOf":{"@id":"https:\/\/www.pressenza.com\/es\/#website"},"primaryImageOfPage":{"@id":"https:\/\/www.pressenza.com\/es\/2026\/04\/las-consecuencias-tacitas-de-la-guerra-entre-israel-y-estados-unidos-contra-iran-cronicas-desde-sri-lanka\/#primaryimage"},"image":{"@id":"https:\/\/www.pressenza.com\/es\/2026\/04\/las-consecuencias-tacitas-de-la-guerra-entre-israel-y-estados-unidos-contra-iran-cronicas-desde-sri-lanka\/#primaryimage"},"thumbnailUrl":"https:\/\/www.pressenza.com\/wp-content\/uploads\/2026\/04\/1-Medium-1.jpeg","datePublished":"2026-04-27T15:27:16+00:00","description":"El 28 de febrero de 2026, Estados Unidos e Israel iniciaron su campa\u00f1a de bombardeos contra Ir\u00e1n. Esto ha causado graves consecuencias en la regi\u00f3n del","breadcrumb":{"@id":"https:\/\/www.pressenza.com\/es\/2026\/04\/las-consecuencias-tacitas-de-la-guerra-entre-israel-y-estados-unidos-contra-iran-cronicas-desde-sri-lanka\/#breadcrumb"},"inLanguage":"es","potentialAction":[{"@type":"ReadAction","target":["https:\/\/www.pressenza.com\/es\/2026\/04\/las-consecuencias-tacitas-de-la-guerra-entre-israel-y-estados-unidos-contra-iran-cronicas-desde-sri-lanka\/"]}]},{"@type":"ImageObject","inLanguage":"es","@id":"https:\/\/www.pressenza.com\/es\/2026\/04\/las-consecuencias-tacitas-de-la-guerra-entre-israel-y-estados-unidos-contra-iran-cronicas-desde-sri-lanka\/#primaryimage","url":"https:\/\/www.pressenza.com\/wp-content\/uploads\/2026\/04\/1-Medium-1.jpeg","contentUrl":"https:\/\/www.pressenza.com\/wp-content\/uploads\/2026\/04\/1-Medium-1.jpeg","width":640,"height":427},{"@type":"BreadcrumbList","@id":"https:\/\/www.pressenza.com\/es\/2026\/04\/las-consecuencias-tacitas-de-la-guerra-entre-israel-y-estados-unidos-contra-iran-cronicas-desde-sri-lanka\/#breadcrumb","itemListElement":[{"@type":"ListItem","position":1,"name":"Accueil","item":"https:\/\/www.pressenza.com\/es\/"},{"@type":"ListItem","position":2,"name":"Las consecuencias t\u00e1citas de la guerra entre Israel y Estados Unidos contra Ir\u00e1n: cr\u00f3nicas desde Sri Lanka"}]},{"@type":"WebSite","@id":"https:\/\/www.pressenza.com\/es\/#website","url":"https:\/\/www.pressenza.com\/es\/","name":"Pressenza","description":"International Press Agency","publisher":{"@id":"https:\/\/www.pressenza.com\/es\/#organization"},"potentialAction":[{"@type":"SearchAction","target":{"@type":"EntryPoint","urlTemplate":"https:\/\/www.pressenza.com\/es\/?s={search_term_string}"},"query-input":{"@type":"PropertyValueSpecification","valueRequired":true,"valueName":"search_term_string"}}],"inLanguage":"es"},{"@type":"Organization","@id":"https:\/\/www.pressenza.com\/es\/#organization","name":"Pressenza","url":"https:\/\/www.pressenza.com\/es\/","logo":{"@type":"ImageObject","inLanguage":"es","@id":"https:\/\/www.pressenza.com\/es\/#\/schema\/logo\/image\/","url":"https:\/\/www.pressenza.com\/wp-content\/uploads\/2022\/10\/pressenza_logo_200x200.jpg","contentUrl":"https:\/\/www.pressenza.com\/wp-content\/uploads\/2022\/10\/pressenza_logo_200x200.jpg","width":200,"height":200,"caption":"Pressenza"},"image":{"@id":"https:\/\/www.pressenza.com\/es\/#\/schema\/logo\/image\/"},"sameAs":["https:\/\/www.facebook.com\/PressenzaItalia","https:\/\/x.com\/PressenzaIPA"]},{"@type":"Person","@id":"https:\/\/www.pressenza.com\/es\/#\/schema\/person\/6ab58cc0253cead422138e24b1b30ba5","name":"Anita Barbara Gillone","description":"I am an undergraduate student of International Relations at SOAS University of London. I am passionate about diversity of all types. I find writing the best way to communicate my thoughts clearly. I know five languages and play the cello. I love helping others as much as I possibly can. Journalism and humanitarian activism are my main focuses right now.","url":"https:\/\/www.pressenza.com\/es\/author\/anita-barbara-gillone\/"}]}},"place":"Tur\u00edn, Italia","original_article_url":"","_links":{"self":[{"href":"https:\/\/www.pressenza.com\/es\/wp-json\/wp\/v2\/posts\/2695929","targetHints":{"allow":["GET"]}}],"collection":[{"href":"https:\/\/www.pressenza.com\/es\/wp-json\/wp\/v2\/posts"}],"about":[{"href":"https:\/\/www.pressenza.com\/es\/wp-json\/wp\/v2\/types\/post"}],"author":[{"embeddable":true,"href":"https:\/\/www.pressenza.com\/es\/wp-json\/wp\/v2\/users\/2145"}],"replies":[{"embeddable":true,"href":"https:\/\/www.pressenza.com\/es\/wp-json\/wp\/v2\/comments?post=2695929"}],"version-history":[{"count":1,"href":"https:\/\/www.pressenza.com\/es\/wp-json\/wp\/v2\/posts\/2695929\/revisions"}],"predecessor-version":[{"id":2695950,"href":"https:\/\/www.pressenza.com\/es\/wp-json\/wp\/v2\/posts\/2695929\/revisions\/2695950"}],"wp:featuredmedia":[{"embeddable":true,"href":"https:\/\/www.pressenza.com\/es\/wp-json\/wp\/v2\/media\/2695938"}],"wp:attachment":[{"href":"https:\/\/www.pressenza.com\/es\/wp-json\/wp\/v2\/media?parent=2695929"}],"wp:term":[{"taxonomy":"category","embeddable":true,"href":"https:\/\/www.pressenza.com\/es\/wp-json\/wp\/v2\/categories?post=2695929"},{"taxonomy":"post_tag","embeddable":true,"href":"https:\/\/www.pressenza.com\/es\/wp-json\/wp\/v2\/tags?post=2695929"}],"curies":[{"name":"wp","href":"https:\/\/api.w.org\/{rel}","templated":true}]}}