{"id":2695803,"date":"2026-04-26T22:58:54","date_gmt":"2026-04-26T21:58:54","guid":{"rendered":"https:\/\/www.pressenza.com\/?p=2695803"},"modified":"2026-04-26T22:58:54","modified_gmt":"2026-04-26T21:58:54","slug":"el-progresismo-antagonico-a-trump-se-rearmo-en-barcelona","status":"publish","type":"post","link":"https:\/\/www.pressenza.com\/es\/2026\/04\/el-progresismo-antagonico-a-trump-se-rearmo-en-barcelona\/","title":{"rendered":"El progresismo, antag\u00f3nico a Trump, se rearm\u00f3 en Barcelona"},"content":{"rendered":"<p>La espa\u00f1ola ciudad de Barcelona acogi\u00f3 varias cumbres progresistas donde el eje antag\u00f3nico a Donald Trump tuvo un protagonismo especial. Una semana despu\u00e9s, la filtraci\u00f3n del Pent\u00e1gono\u00a0 sobre una supuesta intenci\u00f3n de expulsar a Espa\u00f1a de la Organizaci\u00f3n del Tratado del Atl\u00e1ntico Norte (OTAN) sirvi\u00f3 como un ejemplo m\u00e1s sobre lo inc\u00f3modo que se siente el omnipotente presidente estadounidense ante las cr\u00edticas a su gobierno y a \u00e9l mismo.<\/p>\n<p>En el c\u00f3nclave, los l\u00edderes coincidieron en\u00a0 la necesidad de reformar el multilateralismo, lo que implica el fortalecimiento del derecho internacional. La irrelevancia de Naciones Unidas se ha mostrado con crudeza en la incapacidad de prevenir o detener las guerras en curso, las invasiones, genocidios, asesinatos, secuestros y violaciones a los derechos humanos que han provocado que la opini\u00f3n p\u00fablica mundial ya no crea en el sistema.<\/p>\n<p>La cumbre busc\u00f3 no solo resistir, sino proponer y liderar soluciones progresistas globales, visibilizarlas como cre\u00edbles y efectivas, y sentar las bases para una acci\u00f3n coordinada a largo plazo que defienda la democracia, la justicia social y un mundo m\u00e1s igualitario y sostenible.\u00a0 Los l\u00edderes destacaron que el progresismo debe actualizarse y actuar con ambici\u00f3n para demostrar que ofrece respuestas reales a los problemas de las personas, anticipando desaf\u00edos futuros.<\/p>\n<p>El evento reuni\u00f3 a l\u00edderes, representantes de partidos progresistas, sindicatos y organizaciones de la sociedad civil de decenas de pa\u00edses, con el objetivo de coordinar respuestas frente a la extrema derecha, el autoritarismo y la erosi\u00f3n del multilateralismo. Asistieron figuras como los presidentes Lula da Silva (Brasil), Claudia Sheinbaum (M\u00e9xico), Gustavo Petro (Colombia),\u00a0 Yamand\u00fa Orsi (Uruguay) y el exmandatario chileno Gabriel Boric, entre otros.<\/p>\n<p>Y\u00a0 el anfitri\u00f3n Pedro S\u00e1nchez sorprendi\u00f3\u00a0 citando al presidente estadounidense Abraham Lincoln: \u201cla democracia es el gobierno del pueblo, por el pueblo y para el pueblo\u201d. Obviamente un recordatorio a un Trump, acusado en su pa\u00eds de autoritarismo, lo que llev\u00f3 a un enorme movilizaci\u00f3n\u00a0 contra \u00abel reinado\u00bb: No Kings, dijo todo el pa\u00eds.<\/p>\n<p>S\u00e1nchez promovi\u00f3 el encuentro en su doble rol como presidente de la Internacional Socialista y l\u00edder del PSOE, en colaboraci\u00f3n con Stefan L\u00f6fven, presidente del Partido de los Socialistas Europeos (PES) y el presidente de Brasil, Luiz In\u00e1cio Lula da Silva (quien copresidi\u00f3 algunos actos y comparti\u00f3 liderazgo en el foro m\u00e1s amplio). Las plataformas promotoras principales fueron el Partido de los Socialistas Europeos (PES), la Internacional Socialista y la \u00a0Alianza Progresista.<\/p>\n<p>Los objetivos fundamentales fueron la defensa de la democracia y fortalecimiento de las instituciones democr\u00e1ticas frente al avance de la extrema derecha, el autoritarismo, la polarizaci\u00f3n, la desinformaci\u00f3n y los retrocesos democr\u00e1ticos;\u00a0 y el rechazo a la ola reaccionaria y ultraderecha global, posicionando el progresismo como alternativa que promueve esperanza, justicia social y valores como la igualdad, en contraposici\u00f3n al odio, el pesimismo y la fragmentaci\u00f3n.<\/p>\n<p>Asimismo, el fortalecimiento del multilateralismo y del orden internacional basado en reglas, con \u00e9nfasis en la reforma y renovaci\u00f3n de instituciones como la ONU (haci\u00e9ndola m\u00e1s plural, representativa y eficaz), y oposici\u00f3n al unilateralismo o imposici\u00f3n de reglas por parte de potencias individuales y la promoci\u00f3n de la cooperaci\u00f3n internacional y la construcci\u00f3n de una red o comunidad progresista duradera (no un evento puntual, sino el inicio de una movilizaci\u00f3n permanente), uniendo partidos, sindicatos, sociedad civil y l\u00edderes de diferentes regiones y generaciones para trabajar en agendas compartidas.<\/p>\n<p>Hay que reconocer que fue Donald Trump quien logr\u00f3 movilizar al progresismo al romper los principios b\u00e1sicos del derecho internacional en un intento de imponer pol\u00edticas que buscan privilegiar los intereses de Estados Unidos por sobre los individuales, a trav\u00e9s de su uso indiscriminado del poder, castigando con la fuerza militar o econ\u00f3mica, con aranceles, con suspensiones de visas u otras medidas a todos aquellos pa\u00edses o personas que se nieguen a aceptar o privilegiar las pol\u00edticas de Estados Unidos por sobre el inter\u00e9s nacional de cada pa\u00eds.<\/p>\n<p>Desde Am\u00e9rica Latina qued\u00f3 patentada\u00a0 la voluntad pol\u00edtica de tres de los principales pa\u00edses de la regi\u00f3n, M\u00e9xico, Brasil y Colombia, cuyos presidentes (Claudia Sheinbaum, Lula da Silva y Gustavo Petro) asistieron al encuentro en Barcelona, demostrando independencia, liderazgo y un discurso valiente, sin temor a las habituales rabietas de Trump. Sheinbaum, propuso destinar el 10% del gasto militar a reforestar el planeta afectado cada d\u00eda m\u00e1s por la crisis ecol\u00f3gica, as\u00ed como su oposici\u00f3n decidida a una eventual intervenci\u00f3n militar en Cuba, junto con la defensa de la democracia.<\/p>\n<p>Pedro S\u00e1nchez, quien se ha transformado en un referente europeo para oponerse y enfrentar las pol\u00edticas hegem\u00f3nicas del presidente Trump, tambi\u00e9n se refiri\u00f3 a la desinformaci\u00f3n que abunda en las redes, a la necesidad de proteger la democracia de la ultraderecha, remarcando que Espa\u00f1a \u201ces hija de la migraci\u00f3n, por lo que no puede ser madre de la xenofobia\u201d. Adem\u00e1s, reiter\u00f3 su llamado de no a la guerra y s\u00ed a la paz, que ha sido su consigna.<\/p>\n<p>La asistencia de alrededor de cinco mil personas refleja el inter\u00e9s por denunciar el estado actual en el mundo, As\u00ed lo manifestaron los presidentes de Colombia, Sud\u00e1frica, Uruguay, la primera ministra de Barbados, pol\u00edticos como la exsenadora Isabel Allende,\u00a0 la l\u00edder del partido democr\u00e1tico de Italia, Elly Schlein, y muchos otros, junto a mensajes grabados con saludos de los estadounidenses Hillary Clinton, Michelle Bachelet, Zohran Mamdani o Bernie Sanders.<\/p>\n<p>S\u00e1nchez\u00a0 reafirm\u00f3 su compromiso con la OTAN y con los pa\u00edses \u00abaliados\u00bb. Evadi\u00f3 entrar en el cuerpo a cuerpo directo con Trump sobre la contribuci\u00f3n espa\u00f1ola a la organizaci\u00f3n atl\u00e1ntica pero s\u00ed reiter\u00f3 que cumpl\u00eda sus compromisos pese a no querer acceder a subir al 5% del PIB el gasto militar.\u00a0\u00a0Esa negativa fue precisamente uno de los or\u00edgenes de la tensi\u00f3n entre Trump y el gobierno espa\u00f1ol.<\/p>\n<p>La relaci\u00f3n entre ambos pa\u00edses escal\u00f3 de manera progresiva hasta el estallido de la guerra en Oriente Medio y los ataques de EEUU e Israel a Ir\u00e1n. S\u00e1nchez enarbol\u00f3 el &#8216;no a la guerra&#8217; e impidi\u00f3 a los aviones estadounidenses usar las bases de Rota y Mor\u00f3n en suelo espa\u00f1ol, para sus operaciones.<\/p>\n<p>Como en la mayor\u00eda de las ocasiones, el gobierno espa\u00f1ol minimiz\u00f3 el impacto de la informaci\u00f3n salida del Pent\u00e1gono, se\u00f1alando que lo que se ha filtrado es simplemente \u00abun documento interno de Estados Unidos\u00bb, un \u00abcorreo electr\u00f3nico entre trabajadores\u00bb. Y record\u00f3 que la OTAN no tiene prevista en su normativa interna la expulsi\u00f3n de sus miembros. Y en todo caso si eso pudiera suceder tendr\u00eda que ser avalado por unanimidad de todos los pa\u00edses miembros. \u00abEsto es una an\u00e9cdota de la \u00e9poca que nos ha tocado vivir pero nada m\u00e1s\u00bb, se\u00f1alaron desde el palacio de la Moncloa<\/p>\n<p>Desde all\u00ed se\u00f1alan\u00a0 adem\u00e1s que Trump ya se ha quejado de Espa\u00f1a con mucha mayor vehemencia\u00a0en otras ocasiones pero que las relaciones en la OTAN y a nivel bilateral no han variado demasiado. El \u00faltimo s\u00e1bado, mientras S\u00e1nchez y Lula Da Silva lideraban la alianza progresista y democr\u00e1tica, el presidente de EEUU carg\u00f3 contra Espa\u00f1a en sus redes sociales.<\/p>\n<p>\u00ab\u00bfAlguien ha mirado lo mal que le est\u00e1 yendo al pa\u00eds de Espa\u00f1a? Sus cifras econ\u00f3micas, a pesar de aportar casi nada a la OTAN y a su defensa militar, son absolutamente horrendas. \u00a1Es triste de ver!\u00bb, destac\u00f3.<\/p>\n<p>Hoy, en medio de una ofensiva a fondo de la derecha m\u00e1s reaccionaria y dependiente, el progresismo, la izquierda, no sale de su laberinto, incapaz de redise\u00f1ar su discurso y sus formas de acci\u00f3n. Algunos de los gobiernos progresistas surgidos en este siglo en nuestra regi\u00f3n se dedicaron m\u00e1s a defender lo logrado que a profundizar los cambios. y sembrar futuro.<\/p>\n<p><strong>Progresismo latinoamericano<\/strong><\/p>\n<p>Tras el gobierno de Hugo Ch\u00e1vez en Venezuela, la ola progresista comenz\u00f3 a propagarse en Am\u00e9rica latina, de la mano del expresidente colombiano\u00a0 Ernesto Samper Pisano y el Grupo de Puebla. Con esta corriente vincularon a varios presidentes en Am\u00e9rica Latina: N\u00e9stor Kirchner y Cristina Fern\u00e1ndez en Argentina, Rafael Correa en Ecuador, Pedro Castillo en Per\u00fa, Gabriel Boric\u00a0 en Chile, Gustavo Petro en Colombia, Evo Morales y Luis Arce en Bolivia,\u00a0 Lula da Silva\u00a0 y Dilma Rousseff en Brasil, Andr\u00e9s L\u00f3pez\u00a0 Obrador y Claudia Sheinbaum\u00a0 en M\u00e9xico, Jos\u00e9 \u00abPepe\u00bb Mujica, Tabar\u00e9 V\u00e1zquez y Yamand\u00fa Orsi en Uruguay.<\/p>\n<p>No se trata solo de mandatarios, sino tambi\u00e9n de partidos, alianzas y movimientos que se congregan bajo el lema del \u00abprogresismo\u00bb. Sin embargo, el hecho de haber convocado a partidos \u00abprogresistas\u00bb\u00a0no logra cubrir la alta heterogeneidad de los planes de gobierno y sus protagonistas.<\/p>\n<p>La \u00abcumbre\u00bb de Barcelona dej\u00f3 en claro que la profundidad de la crisis actual\u00a0 cuestiona\u00a0 al capitalismo. Ya no se trata de reformar al Estado sino de cambiar los paradigmas que hacen a su vigencia, existencia, constituci\u00f3n y organizaci\u00f3n, y ponerle freno a la ofensiva libertaria de la ultraderecha bien financiada desde Washington, para imponer gobiernos que sean c\u00f3modos para el gobierno de Estados Unidos y sus financistas.<\/p>\n<p>La nueva doctrina de seguridad estrat\u00e9gica de los Estados Unidos radicaliza el injerencismo pol\u00edtico y el intervencionismo militar con el que Washington ya no s\u00f3lo act\u00faa en\u00a0 su \u201cpatio trasero\u201d, sino en todo el mundo.<\/p>\n","protected":false},"excerpt":{"rendered":"<p>La espa\u00f1ola ciudad de Barcelona acogi\u00f3 varias cumbres progresistas donde el eje antag\u00f3nico a Donald Trump tuvo un protagonismo especial. Una semana despu\u00e9s, la filtraci\u00f3n del Pent\u00e1gono\u00a0 sobre una supuesta intenci\u00f3n de expulsar a Espa\u00f1a de la Organizaci\u00f3n del Tratado&hellip;<\/p>\n","protected":false},"author":1415,"featured_media":2695804,"comment_status":"closed","ping_status":"closed","sticky":false,"template":"","format":"standard","meta":{"footnotes":""},"categories":[39,74],"tags":[11475,155629,27231,30848,23466],"class_list":["post-2695803","post","type-post","status-publish","format-standard","has-post-thumbnail","hentry","category-internacional","category-politica-es","tag-barcelona","tag-cumbre-progresista","tag-lula","tag-multilateralismo","tag-pedro-sanchez"],"yoast_head":"<!-- This site is optimized with the Yoast SEO plugin v27.1.1 - https:\/\/yoast.com\/product\/yoast-seo-wordpress\/ -->\n<title>El progresismo, antag\u00f3nico a Trump, se rearm\u00f3 en Barcelona<\/title>\n<meta name=\"description\" content=\"La espa\u00f1ola ciudad de Barcelona acogi\u00f3 varias cumbres progresistas donde el eje antag\u00f3nico a Donald Trump tuvo un protagonismo especial. Una semana\" \/>\n<meta name=\"robots\" content=\"index, follow, max-snippet:-1, max-image-preview:large, max-video-preview:-1\" \/>\n<link rel=\"canonical\" href=\"https:\/\/www.pressenza.com\/es\/2026\/04\/el-progresismo-antagonico-a-trump-se-rearmo-en-barcelona\/\" \/>\n<meta property=\"og:locale\" content=\"es_ES\" \/>\n<meta property=\"og:type\" content=\"article\" \/>\n<meta property=\"og:title\" content=\"El progresismo, antag\u00f3nico a Trump, se rearm\u00f3 en Barcelona\" \/>\n<meta property=\"og:description\" content=\"La espa\u00f1ola ciudad de Barcelona acogi\u00f3 varias cumbres progresistas donde el eje antag\u00f3nico a Donald Trump tuvo un protagonismo especial. Una semana\" \/>\n<meta property=\"og:url\" content=\"https:\/\/www.pressenza.com\/es\/2026\/04\/el-progresismo-antagonico-a-trump-se-rearmo-en-barcelona\/\" \/>\n<meta property=\"og:site_name\" content=\"Pressenza\" \/>\n<meta property=\"article:publisher\" content=\"https:\/\/www.facebook.com\/PressenzaItalia\" \/>\n<meta property=\"article:published_time\" content=\"2026-04-26T21:58:54+00:00\" \/>\n<meta property=\"og:image\" content=\"https:\/\/www.pressenza.com\/wp-content\/uploads\/2026\/04\/cumbre-progresista-barcelona.jpg\" \/>\n\t<meta property=\"og:image:width\" content=\"960\" \/>\n\t<meta property=\"og:image:height\" content=\"640\" \/>\n\t<meta property=\"og:image:type\" content=\"image\/jpeg\" \/>\n<meta name=\"author\" content=\"Aram Aharonian\" \/>\n<meta name=\"twitter:card\" content=\"summary_large_image\" \/>\n<meta name=\"twitter:creator\" content=\"@PressenzaIPA\" \/>\n<meta name=\"twitter:site\" content=\"@PressenzaIPA\" \/>\n<meta name=\"twitter:label1\" content=\"Escrito por\" \/>\n\t<meta name=\"twitter:data1\" content=\"Aram Aharonian\" \/>\n\t<meta name=\"twitter:label2\" content=\"Tiempo de lectura\" \/>\n\t<meta name=\"twitter:data2\" content=\"8 minutos\" \/>\n<script type=\"application\/ld+json\" class=\"yoast-schema-graph\">{\"@context\":\"https:\/\/schema.org\",\"@graph\":[{\"@type\":\"Article\",\"@id\":\"https:\/\/www.pressenza.com\/es\/2026\/04\/el-progresismo-antagonico-a-trump-se-rearmo-en-barcelona\/#article\",\"isPartOf\":{\"@id\":\"https:\/\/www.pressenza.com\/es\/2026\/04\/el-progresismo-antagonico-a-trump-se-rearmo-en-barcelona\/\"},\"author\":{\"name\":\"Aram Aharonian\",\"@id\":\"https:\/\/www.pressenza.com\/es\/#\/schema\/person\/777c39c93856c085c6d5931778fbf85f\"},\"headline\":\"El progresismo, antag\u00f3nico a Trump, se rearm\u00f3 en Barcelona\",\"datePublished\":\"2026-04-26T21:58:54+00:00\",\"mainEntityOfPage\":{\"@id\":\"https:\/\/www.pressenza.com\/es\/2026\/04\/el-progresismo-antagonico-a-trump-se-rearmo-en-barcelona\/\"},\"wordCount\":1651,\"publisher\":{\"@id\":\"https:\/\/www.pressenza.com\/es\/#organization\"},\"image\":{\"@id\":\"https:\/\/www.pressenza.com\/es\/2026\/04\/el-progresismo-antagonico-a-trump-se-rearmo-en-barcelona\/#primaryimage\"},\"thumbnailUrl\":\"https:\/\/www.pressenza.com\/wp-content\/uploads\/2026\/04\/cumbre-progresista-barcelona.jpg\",\"keywords\":[\"Barcelona\",\"Cumbre progresista\",\"Lula\",\"multilateralismo\",\"Pedro S\u00e1nchez\"],\"articleSection\":[\"Internacional\",\"Pol\u00edtica\"],\"inLanguage\":\"es\"},{\"@type\":\"WebPage\",\"@id\":\"https:\/\/www.pressenza.com\/es\/2026\/04\/el-progresismo-antagonico-a-trump-se-rearmo-en-barcelona\/\",\"url\":\"https:\/\/www.pressenza.com\/es\/2026\/04\/el-progresismo-antagonico-a-trump-se-rearmo-en-barcelona\/\",\"name\":\"El progresismo, antag\u00f3nico a Trump, se rearm\u00f3 en Barcelona\",\"isPartOf\":{\"@id\":\"https:\/\/www.pressenza.com\/es\/#website\"},\"primaryImageOfPage\":{\"@id\":\"https:\/\/www.pressenza.com\/es\/2026\/04\/el-progresismo-antagonico-a-trump-se-rearmo-en-barcelona\/#primaryimage\"},\"image\":{\"@id\":\"https:\/\/www.pressenza.com\/es\/2026\/04\/el-progresismo-antagonico-a-trump-se-rearmo-en-barcelona\/#primaryimage\"},\"thumbnailUrl\":\"https:\/\/www.pressenza.com\/wp-content\/uploads\/2026\/04\/cumbre-progresista-barcelona.jpg\",\"datePublished\":\"2026-04-26T21:58:54+00:00\",\"description\":\"La espa\u00f1ola ciudad de Barcelona acogi\u00f3 varias cumbres progresistas donde el eje antag\u00f3nico a Donald Trump tuvo un protagonismo especial. Una semana\",\"breadcrumb\":{\"@id\":\"https:\/\/www.pressenza.com\/es\/2026\/04\/el-progresismo-antagonico-a-trump-se-rearmo-en-barcelona\/#breadcrumb\"},\"inLanguage\":\"es\",\"potentialAction\":[{\"@type\":\"ReadAction\",\"target\":[\"https:\/\/www.pressenza.com\/es\/2026\/04\/el-progresismo-antagonico-a-trump-se-rearmo-en-barcelona\/\"]}]},{\"@type\":\"ImageObject\",\"inLanguage\":\"es\",\"@id\":\"https:\/\/www.pressenza.com\/es\/2026\/04\/el-progresismo-antagonico-a-trump-se-rearmo-en-barcelona\/#primaryimage\",\"url\":\"https:\/\/www.pressenza.com\/wp-content\/uploads\/2026\/04\/cumbre-progresista-barcelona.jpg\",\"contentUrl\":\"https:\/\/www.pressenza.com\/wp-content\/uploads\/2026\/04\/cumbre-progresista-barcelona.jpg\",\"width\":960,\"height\":640,\"caption\":\"18.04.2026 -Presidente da Rep\u00fablica, Luiz In\u00e1cio Lula da Silva, durante a 1\u00aa Reuni\u00e3o da Mobiliza\u00e7\u00e3o Progressista Global, realizado na Feira de Barcelona. Fotos: Ricardo Stuckert\/PR\"},{\"@type\":\"BreadcrumbList\",\"@id\":\"https:\/\/www.pressenza.com\/es\/2026\/04\/el-progresismo-antagonico-a-trump-se-rearmo-en-barcelona\/#breadcrumb\",\"itemListElement\":[{\"@type\":\"ListItem\",\"position\":1,\"name\":\"Accueil\",\"item\":\"https:\/\/www.pressenza.com\/es\/\"},{\"@type\":\"ListItem\",\"position\":2,\"name\":\"El progresismo, antag\u00f3nico a Trump, se rearm\u00f3 en Barcelona\"}]},{\"@type\":\"WebSite\",\"@id\":\"https:\/\/www.pressenza.com\/es\/#website\",\"url\":\"https:\/\/www.pressenza.com\/es\/\",\"name\":\"Pressenza\",\"description\":\"International Press Agency\",\"publisher\":{\"@id\":\"https:\/\/www.pressenza.com\/es\/#organization\"},\"potentialAction\":[{\"@type\":\"SearchAction\",\"target\":{\"@type\":\"EntryPoint\",\"urlTemplate\":\"https:\/\/www.pressenza.com\/es\/?s={search_term_string}\"},\"query-input\":{\"@type\":\"PropertyValueSpecification\",\"valueRequired\":true,\"valueName\":\"search_term_string\"}}],\"inLanguage\":\"es\"},{\"@type\":\"Organization\",\"@id\":\"https:\/\/www.pressenza.com\/es\/#organization\",\"name\":\"Pressenza\",\"url\":\"https:\/\/www.pressenza.com\/es\/\",\"logo\":{\"@type\":\"ImageObject\",\"inLanguage\":\"es\",\"@id\":\"https:\/\/www.pressenza.com\/es\/#\/schema\/logo\/image\/\",\"url\":\"https:\/\/www.pressenza.com\/wp-content\/uploads\/2022\/10\/pressenza_logo_200x200.jpg\",\"contentUrl\":\"https:\/\/www.pressenza.com\/wp-content\/uploads\/2022\/10\/pressenza_logo_200x200.jpg\",\"width\":200,\"height\":200,\"caption\":\"Pressenza\"},\"image\":{\"@id\":\"https:\/\/www.pressenza.com\/es\/#\/schema\/logo\/image\/\"},\"sameAs\":[\"https:\/\/www.facebook.com\/PressenzaItalia\",\"https:\/\/x.com\/PressenzaIPA\"]},{\"@type\":\"Person\",\"@id\":\"https:\/\/www.pressenza.com\/es\/#\/schema\/person\/777c39c93856c085c6d5931778fbf85f\",\"name\":\"Aram Aharonian\",\"description\":\"Magister en Integraci\u00f3n, periodista y docente uruguayo, fundador de Telesur, director del Observatorio en Comunicaci\u00f3n y Democracia, presidente de la Fundaci\u00f3n para la Integraci\u00f3n Latinoamericana.\",\"url\":\"https:\/\/www.pressenza.com\/es\/author\/aram-aharonian\/\"}]}<\/script>\n<!-- \/ Yoast SEO plugin. -->","yoast_head_json":{"title":"El progresismo, antag\u00f3nico a Trump, se rearm\u00f3 en Barcelona","description":"La espa\u00f1ola ciudad de Barcelona acogi\u00f3 varias cumbres progresistas donde el eje antag\u00f3nico a Donald Trump tuvo un protagonismo especial. Una semana","robots":{"index":"index","follow":"follow","max-snippet":"max-snippet:-1","max-image-preview":"max-image-preview:large","max-video-preview":"max-video-preview:-1"},"canonical":"https:\/\/www.pressenza.com\/es\/2026\/04\/el-progresismo-antagonico-a-trump-se-rearmo-en-barcelona\/","og_locale":"es_ES","og_type":"article","og_title":"El progresismo, antag\u00f3nico a Trump, se rearm\u00f3 en Barcelona","og_description":"La espa\u00f1ola ciudad de Barcelona acogi\u00f3 varias cumbres progresistas donde el eje antag\u00f3nico a Donald Trump tuvo un protagonismo especial. Una semana","og_url":"https:\/\/www.pressenza.com\/es\/2026\/04\/el-progresismo-antagonico-a-trump-se-rearmo-en-barcelona\/","og_site_name":"Pressenza","article_publisher":"https:\/\/www.facebook.com\/PressenzaItalia","article_published_time":"2026-04-26T21:58:54+00:00","og_image":[{"width":960,"height":640,"url":"https:\/\/www.pressenza.com\/wp-content\/uploads\/2026\/04\/cumbre-progresista-barcelona.jpg","type":"image\/jpeg"}],"author":"Aram Aharonian","twitter_card":"summary_large_image","twitter_creator":"@PressenzaIPA","twitter_site":"@PressenzaIPA","twitter_misc":{"Escrito por":"Aram Aharonian","Tiempo de lectura":"8 minutos"},"schema":{"@context":"https:\/\/schema.org","@graph":[{"@type":"Article","@id":"https:\/\/www.pressenza.com\/es\/2026\/04\/el-progresismo-antagonico-a-trump-se-rearmo-en-barcelona\/#article","isPartOf":{"@id":"https:\/\/www.pressenza.com\/es\/2026\/04\/el-progresismo-antagonico-a-trump-se-rearmo-en-barcelona\/"},"author":{"name":"Aram Aharonian","@id":"https:\/\/www.pressenza.com\/es\/#\/schema\/person\/777c39c93856c085c6d5931778fbf85f"},"headline":"El progresismo, antag\u00f3nico a Trump, se rearm\u00f3 en Barcelona","datePublished":"2026-04-26T21:58:54+00:00","mainEntityOfPage":{"@id":"https:\/\/www.pressenza.com\/es\/2026\/04\/el-progresismo-antagonico-a-trump-se-rearmo-en-barcelona\/"},"wordCount":1651,"publisher":{"@id":"https:\/\/www.pressenza.com\/es\/#organization"},"image":{"@id":"https:\/\/www.pressenza.com\/es\/2026\/04\/el-progresismo-antagonico-a-trump-se-rearmo-en-barcelona\/#primaryimage"},"thumbnailUrl":"https:\/\/www.pressenza.com\/wp-content\/uploads\/2026\/04\/cumbre-progresista-barcelona.jpg","keywords":["Barcelona","Cumbre progresista","Lula","multilateralismo","Pedro S\u00e1nchez"],"articleSection":["Internacional","Pol\u00edtica"],"inLanguage":"es"},{"@type":"WebPage","@id":"https:\/\/www.pressenza.com\/es\/2026\/04\/el-progresismo-antagonico-a-trump-se-rearmo-en-barcelona\/","url":"https:\/\/www.pressenza.com\/es\/2026\/04\/el-progresismo-antagonico-a-trump-se-rearmo-en-barcelona\/","name":"El progresismo, antag\u00f3nico a Trump, se rearm\u00f3 en Barcelona","isPartOf":{"@id":"https:\/\/www.pressenza.com\/es\/#website"},"primaryImageOfPage":{"@id":"https:\/\/www.pressenza.com\/es\/2026\/04\/el-progresismo-antagonico-a-trump-se-rearmo-en-barcelona\/#primaryimage"},"image":{"@id":"https:\/\/www.pressenza.com\/es\/2026\/04\/el-progresismo-antagonico-a-trump-se-rearmo-en-barcelona\/#primaryimage"},"thumbnailUrl":"https:\/\/www.pressenza.com\/wp-content\/uploads\/2026\/04\/cumbre-progresista-barcelona.jpg","datePublished":"2026-04-26T21:58:54+00:00","description":"La espa\u00f1ola ciudad de Barcelona acogi\u00f3 varias cumbres progresistas donde el eje antag\u00f3nico a Donald Trump tuvo un protagonismo especial. Una semana","breadcrumb":{"@id":"https:\/\/www.pressenza.com\/es\/2026\/04\/el-progresismo-antagonico-a-trump-se-rearmo-en-barcelona\/#breadcrumb"},"inLanguage":"es","potentialAction":[{"@type":"ReadAction","target":["https:\/\/www.pressenza.com\/es\/2026\/04\/el-progresismo-antagonico-a-trump-se-rearmo-en-barcelona\/"]}]},{"@type":"ImageObject","inLanguage":"es","@id":"https:\/\/www.pressenza.com\/es\/2026\/04\/el-progresismo-antagonico-a-trump-se-rearmo-en-barcelona\/#primaryimage","url":"https:\/\/www.pressenza.com\/wp-content\/uploads\/2026\/04\/cumbre-progresista-barcelona.jpg","contentUrl":"https:\/\/www.pressenza.com\/wp-content\/uploads\/2026\/04\/cumbre-progresista-barcelona.jpg","width":960,"height":640,"caption":"18.04.2026 -Presidente da Rep\u00fablica, Luiz In\u00e1cio Lula da Silva, durante a 1\u00aa Reuni\u00e3o da Mobiliza\u00e7\u00e3o Progressista Global, realizado na Feira de Barcelona. Fotos: Ricardo Stuckert\/PR"},{"@type":"BreadcrumbList","@id":"https:\/\/www.pressenza.com\/es\/2026\/04\/el-progresismo-antagonico-a-trump-se-rearmo-en-barcelona\/#breadcrumb","itemListElement":[{"@type":"ListItem","position":1,"name":"Accueil","item":"https:\/\/www.pressenza.com\/es\/"},{"@type":"ListItem","position":2,"name":"El progresismo, antag\u00f3nico a Trump, se rearm\u00f3 en Barcelona"}]},{"@type":"WebSite","@id":"https:\/\/www.pressenza.com\/es\/#website","url":"https:\/\/www.pressenza.com\/es\/","name":"Pressenza","description":"International Press Agency","publisher":{"@id":"https:\/\/www.pressenza.com\/es\/#organization"},"potentialAction":[{"@type":"SearchAction","target":{"@type":"EntryPoint","urlTemplate":"https:\/\/www.pressenza.com\/es\/?s={search_term_string}"},"query-input":{"@type":"PropertyValueSpecification","valueRequired":true,"valueName":"search_term_string"}}],"inLanguage":"es"},{"@type":"Organization","@id":"https:\/\/www.pressenza.com\/es\/#organization","name":"Pressenza","url":"https:\/\/www.pressenza.com\/es\/","logo":{"@type":"ImageObject","inLanguage":"es","@id":"https:\/\/www.pressenza.com\/es\/#\/schema\/logo\/image\/","url":"https:\/\/www.pressenza.com\/wp-content\/uploads\/2022\/10\/pressenza_logo_200x200.jpg","contentUrl":"https:\/\/www.pressenza.com\/wp-content\/uploads\/2022\/10\/pressenza_logo_200x200.jpg","width":200,"height":200,"caption":"Pressenza"},"image":{"@id":"https:\/\/www.pressenza.com\/es\/#\/schema\/logo\/image\/"},"sameAs":["https:\/\/www.facebook.com\/PressenzaItalia","https:\/\/x.com\/PressenzaIPA"]},{"@type":"Person","@id":"https:\/\/www.pressenza.com\/es\/#\/schema\/person\/777c39c93856c085c6d5931778fbf85f","name":"Aram Aharonian","description":"Magister en Integraci\u00f3n, periodista y docente uruguayo, fundador de Telesur, director del Observatorio en Comunicaci\u00f3n y Democracia, presidente de la Fundaci\u00f3n para la Integraci\u00f3n Latinoamericana.","url":"https:\/\/www.pressenza.com\/es\/author\/aram-aharonian\/"}]}},"place":"","original_article_url":"","_links":{"self":[{"href":"https:\/\/www.pressenza.com\/es\/wp-json\/wp\/v2\/posts\/2695803","targetHints":{"allow":["GET"]}}],"collection":[{"href":"https:\/\/www.pressenza.com\/es\/wp-json\/wp\/v2\/posts"}],"about":[{"href":"https:\/\/www.pressenza.com\/es\/wp-json\/wp\/v2\/types\/post"}],"author":[{"embeddable":true,"href":"https:\/\/www.pressenza.com\/es\/wp-json\/wp\/v2\/users\/1415"}],"replies":[{"embeddable":true,"href":"https:\/\/www.pressenza.com\/es\/wp-json\/wp\/v2\/comments?post=2695803"}],"version-history":[{"count":1,"href":"https:\/\/www.pressenza.com\/es\/wp-json\/wp\/v2\/posts\/2695803\/revisions"}],"predecessor-version":[{"id":2695805,"href":"https:\/\/www.pressenza.com\/es\/wp-json\/wp\/v2\/posts\/2695803\/revisions\/2695805"}],"wp:featuredmedia":[{"embeddable":true,"href":"https:\/\/www.pressenza.com\/es\/wp-json\/wp\/v2\/media\/2695804"}],"wp:attachment":[{"href":"https:\/\/www.pressenza.com\/es\/wp-json\/wp\/v2\/media?parent=2695803"}],"wp:term":[{"taxonomy":"category","embeddable":true,"href":"https:\/\/www.pressenza.com\/es\/wp-json\/wp\/v2\/categories?post=2695803"},{"taxonomy":"post_tag","embeddable":true,"href":"https:\/\/www.pressenza.com\/es\/wp-json\/wp\/v2\/tags?post=2695803"}],"curies":[{"name":"wp","href":"https:\/\/api.w.org\/{rel}","templated":true}]}}