{"id":2695738,"date":"2026-04-26T15:05:49","date_gmt":"2026-04-26T14:05:49","guid":{"rendered":"https:\/\/www.pressenza.com\/?p=2695738"},"modified":"2026-04-26T15:05:49","modified_gmt":"2026-04-26T14:05:49","slug":"la-memoria-presente-en-la-feria-del-libro-de-buenos-aires","status":"publish","type":"post","link":"https:\/\/www.pressenza.com\/es\/2026\/04\/la-memoria-presente-en-la-feria-del-libro-de-buenos-aires\/","title":{"rendered":"La memoria presente en la Feria del Libro de Buenos Aires"},"content":{"rendered":"<div class=\"elementor-element elementor-element-5a38e61 e-flex e-con-boxed e-con e-child\" data-id=\"5a38e61\" data-element_type=\"container\" data-e-type=\"container\">\n<div class=\"e-con-inner\">\n<div class=\"elementor-element elementor-element-d2a4feb elementor-widget elementor-widget-theme-post-excerpt\" data-id=\"d2a4feb\" data-element_type=\"widget\" data-e-type=\"widget\" data-widget_type=\"theme-post-excerpt.default\">\n<div class=\"elementor-widget-container\" style=\"padding-left: 40px;\"><em>La Feria Internacional del Libro de Buenos Aires (FILBA) celebra en su edici\u00f3n 50 la cultura, la literatura y la memoria, y en este \u00faltimo rubro entre muchos otros destaca la obra de Oscar Gatica \u201cTiempos de Dictadura en la Pampa 1976-1983\u201d.<\/em><\/div>\n<\/div>\n<\/div>\n<\/div>\n<div>\n<p>Al festejar su medio siglo de existencia, el evento que este s\u00e1bado entra en su tercera jornada abierta al p\u00fablico coincide en tiempo con la conmemoraci\u00f3n del aniversario 50 del zarpazo militar que enlut\u00f3 Argentina a partir del 24 de marzo de 1976 hasta 1983, y dej\u00f3 30 mil desaparecidos.<\/p>\n<p>Gatica relata en su obra el suplicio que se vivi\u00f3 en la provincia de La Pampa durante esos a\u00f1os de feroz terrorismo de Estado<\/p>\n<p>\u00abNuestra provincia, como el conjunto del pa\u00eds fue castigada por el plan criminal del Proceso. Los testimonios de este libro conmovedor reflejan con precisi\u00f3n lo que sucedi\u00f3 en aquellos a\u00f1os aciagos\u00bb, describe Hugo Chumbita en el pr\u00f3logo.<\/p>\n<p>El texto puede adquirirse en el Ente Cultural Patagonia, montado en Pabell\u00f3n Ocre, aunque en el Azul la cooperativa editorial Acerc\u00e1ndonos Ediciones ofrece una amplia variedad de obras de contenido b\u00e1sicamente pol\u00edtico, social e hist\u00f3rico entre los que resaltan seis t\u00edtulos, entre estos \u201cOperaci\u00f3n C\u00f3ndor contra Cuba\u201d, del historiador y antrop\u00f3logo cubano Jos\u00e9 Luis M\u00e9ndez.<\/p>\n<p>Otro intelectual y periodista de la isla, Hedelberto L\u00f3pez Blanch, igual aport\u00f3 el estremecedor testimonio de esos funestos 9 a\u00f1os (1973-1983), \u201cEl renacer de las cigarras; La dictadura no pudo con las mujeres argentinas\u201d, con pr\u00f3logo de Estela de Carlotto, presidenta de las Abuelas de Plaza de Mayo.<\/p>\n<p>Es un compendio de entrevistas a 16 mujeres que sufrieron el dolor de perder a hijos, esposos, hermanos, nietos, explica Fernando Dar\u00edo, responsable de la cooperativa editorial.<\/p>\n<p>Acerc\u00e1ndonos Ediciones pone a disposici\u00f3n del p\u00fablico otra obra \u201cNo nos pudieron (Resistencia con humor en la c\u00e1rcel de la dictadura\u201d, de ocho presos pol\u00edticos de Mendoza que cuentan sus vivencias en la prisi\u00f3n, ampl\u00eda Dar\u00edo.<\/p>\n<p>Tambi\u00e9n en su muestrario est\u00e1n \u201cM\u00e1s all\u00e1 del dolor\u201d, otro de M\u00e9ndez; \u201cUn allegro muy largo\u201d, de Fernando Rule, y \u201cEl enemigo rojo, La represi\u00f3n al comunismo en la Argentina\u201d, de Jorge Luis Ubertalli, quien detalla como las dictaduras de las \u00faltimas seis d\u00e9cadas se ensa\u00f1aron contra los militantes comunistas, explica Fernando Dar\u00edo.<\/p>\n<p>FILBA se desarrollar\u00e1 hasta el 11 de mayo, con Per\u00fa como pa\u00eds invitado, la asistencia de dos Premios Nobel, profesionales del mundo editorial de 37 pa\u00edses y la participaci\u00f3n de 494 casas y cooperativas editoriales, adem\u00e1s de las delegaciones culturales de las 24 provincias de Argentina.<\/p>\n<p>El programa abarca m\u00e1s de un centenar de actividades, incluyendo espect\u00e1culos musicales, talleres, conversatorios, charlas e intercambios con autores y mesas de negocio.<\/p>\n<\/div>\n","protected":false},"excerpt":{"rendered":"<p>La Feria Internacional del Libro de Buenos Aires (FILBA) celebra en su edici\u00f3n 50 la cultura, la literatura y la memoria, y en este \u00faltimo rubro entre muchos otros destaca la obra de Oscar Gatica \u201cTiempos de Dictadura en la&hellip;<\/p>\n","protected":false},"author":90,"featured_media":2695739,"comment_status":"closed","ping_status":"closed","sticky":false,"template":"","format":"standard","meta":{"footnotes":""},"categories":[75,106739,67],"tags":[336,18833,868],"class_list":["post-2695738","post","type-post","status-publish","format-standard","has-post-thumbnail","hentry","category-cultura-es","category-noticia","category-sudamerica","tag-cultura-2","tag-literatura","tag-memoria"],"yoast_head":"<!-- This site is optimized with the Yoast SEO plugin v27.1.1 - https:\/\/yoast.com\/product\/yoast-seo-wordpress\/ -->\n<title>La memoria presente en la Feria del Libro de Buenos Aires<\/title>\n<meta name=\"description\" content=\"La Feria Internacional del Libro de Buenos Aires (FILBA) celebra en su edici\u00f3n 50 la cultura, la literatura y la memoria, y en este \u00faltimo rubro entre\" \/>\n<meta name=\"robots\" content=\"index, follow, max-snippet:-1, max-image-preview:large, max-video-preview:-1\" \/>\n<link rel=\"canonical\" href=\"https:\/\/www.pressenza.com\/es\/2026\/04\/la-memoria-presente-en-la-feria-del-libro-de-buenos-aires\/\" \/>\n<meta property=\"og:locale\" content=\"es_ES\" \/>\n<meta property=\"og:type\" content=\"article\" \/>\n<meta property=\"og:title\" content=\"La memoria presente en la Feria del Libro de Buenos Aires\" \/>\n<meta property=\"og:description\" content=\"La Feria Internacional del Libro de Buenos Aires (FILBA) celebra en su edici\u00f3n 50 la cultura, la literatura y la memoria, y en este \u00faltimo rubro entre\" \/>\n<meta property=\"og:url\" content=\"https:\/\/www.pressenza.com\/es\/2026\/04\/la-memoria-presente-en-la-feria-del-libro-de-buenos-aires\/\" \/>\n<meta property=\"og:site_name\" content=\"Pressenza\" \/>\n<meta property=\"article:publisher\" content=\"https:\/\/www.facebook.com\/PressenzaItalia\" \/>\n<meta property=\"article:author\" content=\"https:\/\/www.facebook.com\/AgenciaPrensaLatina\" \/>\n<meta property=\"article:published_time\" content=\"2026-04-26T14:05:49+00:00\" \/>\n<meta property=\"og:image\" content=\"https:\/\/www.pressenza.com\/wp-content\/uploads\/2026\/04\/feria-del-libro-rs-696x395-1-1.jpg\" \/>\n\t<meta property=\"og:image:width\" content=\"950\" \/>\n\t<meta property=\"og:image:height\" content=\"539\" \/>\n\t<meta property=\"og:image:type\" content=\"image\/jpeg\" \/>\n<meta name=\"author\" content=\"Prensa Latina\" \/>\n<meta name=\"twitter:card\" content=\"summary_large_image\" \/>\n<meta name=\"twitter:creator\" content=\"@prensalatina_cu\" \/>\n<meta name=\"twitter:site\" content=\"@PressenzaIPA\" \/>\n<meta name=\"twitter:label1\" content=\"Escrito por\" \/>\n\t<meta name=\"twitter:data1\" content=\"Prensa Latina\" \/>\n\t<meta name=\"twitter:label2\" content=\"Tiempo de lectura\" \/>\n\t<meta name=\"twitter:data2\" content=\"3 minutos\" \/>\n<script type=\"application\/ld+json\" class=\"yoast-schema-graph\">{\"@context\":\"https:\/\/schema.org\",\"@graph\":[{\"@type\":\"Article\",\"@id\":\"https:\/\/www.pressenza.com\/es\/2026\/04\/la-memoria-presente-en-la-feria-del-libro-de-buenos-aires\/#article\",\"isPartOf\":{\"@id\":\"https:\/\/www.pressenza.com\/es\/2026\/04\/la-memoria-presente-en-la-feria-del-libro-de-buenos-aires\/\"},\"author\":{\"name\":\"Prensa Latina\",\"@id\":\"https:\/\/www.pressenza.com\/es\/#\/schema\/person\/e35c78ffa242d98f4f49ccb18c8631de\"},\"headline\":\"La memoria presente en la Feria del Libro de Buenos Aires\",\"datePublished\":\"2026-04-26T14:05:49+00:00\",\"mainEntityOfPage\":{\"@id\":\"https:\/\/www.pressenza.com\/es\/2026\/04\/la-memoria-presente-en-la-feria-del-libro-de-buenos-aires\/\"},\"wordCount\":485,\"publisher\":{\"@id\":\"https:\/\/www.pressenza.com\/es\/#organization\"},\"image\":{\"@id\":\"https:\/\/www.pressenza.com\/es\/2026\/04\/la-memoria-presente-en-la-feria-del-libro-de-buenos-aires\/#primaryimage\"},\"thumbnailUrl\":\"https:\/\/www.pressenza.com\/wp-content\/uploads\/2026\/04\/feria-del-libro-rs-696x395-1-1.jpg\",\"keywords\":[\"cultura\",\"Literatura\",\"memoria\"],\"articleSection\":[\"Cultura y Medios\",\"Noticia\",\"Sudam\u00e9rica\"],\"inLanguage\":\"es\"},{\"@type\":\"WebPage\",\"@id\":\"https:\/\/www.pressenza.com\/es\/2026\/04\/la-memoria-presente-en-la-feria-del-libro-de-buenos-aires\/\",\"url\":\"https:\/\/www.pressenza.com\/es\/2026\/04\/la-memoria-presente-en-la-feria-del-libro-de-buenos-aires\/\",\"name\":\"La memoria presente en la Feria del Libro de Buenos Aires\",\"isPartOf\":{\"@id\":\"https:\/\/www.pressenza.com\/es\/#website\"},\"primaryImageOfPage\":{\"@id\":\"https:\/\/www.pressenza.com\/es\/2026\/04\/la-memoria-presente-en-la-feria-del-libro-de-buenos-aires\/#primaryimage\"},\"image\":{\"@id\":\"https:\/\/www.pressenza.com\/es\/2026\/04\/la-memoria-presente-en-la-feria-del-libro-de-buenos-aires\/#primaryimage\"},\"thumbnailUrl\":\"https:\/\/www.pressenza.com\/wp-content\/uploads\/2026\/04\/feria-del-libro-rs-696x395-1-1.jpg\",\"datePublished\":\"2026-04-26T14:05:49+00:00\",\"description\":\"La Feria Internacional del Libro de Buenos Aires (FILBA) celebra en su edici\u00f3n 50 la cultura, la literatura y la memoria, y en este \u00faltimo rubro entre\",\"breadcrumb\":{\"@id\":\"https:\/\/www.pressenza.com\/es\/2026\/04\/la-memoria-presente-en-la-feria-del-libro-de-buenos-aires\/#breadcrumb\"},\"inLanguage\":\"es\",\"potentialAction\":[{\"@type\":\"ReadAction\",\"target\":[\"https:\/\/www.pressenza.com\/es\/2026\/04\/la-memoria-presente-en-la-feria-del-libro-de-buenos-aires\/\"]}]},{\"@type\":\"ImageObject\",\"inLanguage\":\"es\",\"@id\":\"https:\/\/www.pressenza.com\/es\/2026\/04\/la-memoria-presente-en-la-feria-del-libro-de-buenos-aires\/#primaryimage\",\"url\":\"https:\/\/www.pressenza.com\/wp-content\/uploads\/2026\/04\/feria-del-libro-rs-696x395-1-1.jpg\",\"contentUrl\":\"https:\/\/www.pressenza.com\/wp-content\/uploads\/2026\/04\/feria-del-libro-rs-696x395-1-1.jpg\",\"width\":950,\"height\":539},{\"@type\":\"BreadcrumbList\",\"@id\":\"https:\/\/www.pressenza.com\/es\/2026\/04\/la-memoria-presente-en-la-feria-del-libro-de-buenos-aires\/#breadcrumb\",\"itemListElement\":[{\"@type\":\"ListItem\",\"position\":1,\"name\":\"Accueil\",\"item\":\"https:\/\/www.pressenza.com\/es\/\"},{\"@type\":\"ListItem\",\"position\":2,\"name\":\"La memoria presente en la Feria del Libro de Buenos Aires\"}]},{\"@type\":\"WebSite\",\"@id\":\"https:\/\/www.pressenza.com\/es\/#website\",\"url\":\"https:\/\/www.pressenza.com\/es\/\",\"name\":\"Pressenza\",\"description\":\"International Press Agency\",\"publisher\":{\"@id\":\"https:\/\/www.pressenza.com\/es\/#organization\"},\"potentialAction\":[{\"@type\":\"SearchAction\",\"target\":{\"@type\":\"EntryPoint\",\"urlTemplate\":\"https:\/\/www.pressenza.com\/es\/?s={search_term_string}\"},\"query-input\":{\"@type\":\"PropertyValueSpecification\",\"valueRequired\":true,\"valueName\":\"search_term_string\"}}],\"inLanguage\":\"es\"},{\"@type\":\"Organization\",\"@id\":\"https:\/\/www.pressenza.com\/es\/#organization\",\"name\":\"Pressenza\",\"url\":\"https:\/\/www.pressenza.com\/es\/\",\"logo\":{\"@type\":\"ImageObject\",\"inLanguage\":\"es\",\"@id\":\"https:\/\/www.pressenza.com\/es\/#\/schema\/logo\/image\/\",\"url\":\"https:\/\/www.pressenza.com\/wp-content\/uploads\/2022\/10\/pressenza_logo_200x200.jpg\",\"contentUrl\":\"https:\/\/www.pressenza.com\/wp-content\/uploads\/2022\/10\/pressenza_logo_200x200.jpg\",\"width\":200,\"height\":200,\"caption\":\"Pressenza\"},\"image\":{\"@id\":\"https:\/\/www.pressenza.com\/es\/#\/schema\/logo\/image\/\"},\"sameAs\":[\"https:\/\/www.facebook.com\/PressenzaItalia\",\"https:\/\/x.com\/PressenzaIPA\"]},{\"@type\":\"Person\",\"@id\":\"https:\/\/www.pressenza.com\/es\/#\/schema\/person\/e35c78ffa242d98f4f49ccb18c8631de\",\"name\":\"Prensa Latina\",\"description\":\"www.prensa-latina.cu\",\"sameAs\":[\"https:\/\/www.facebook.com\/AgenciaPrensaLatina\",\"https:\/\/x.com\/prensalatina_cu\"],\"url\":\"https:\/\/www.pressenza.com\/es\/author\/prensa-latina\/\"}]}<\/script>\n<!-- \/ Yoast SEO plugin. -->","yoast_head_json":{"title":"La memoria presente en la Feria del Libro de Buenos Aires","description":"La Feria Internacional del Libro de Buenos Aires (FILBA) celebra en su edici\u00f3n 50 la cultura, la literatura y la memoria, y en este \u00faltimo rubro entre","robots":{"index":"index","follow":"follow","max-snippet":"max-snippet:-1","max-image-preview":"max-image-preview:large","max-video-preview":"max-video-preview:-1"},"canonical":"https:\/\/www.pressenza.com\/es\/2026\/04\/la-memoria-presente-en-la-feria-del-libro-de-buenos-aires\/","og_locale":"es_ES","og_type":"article","og_title":"La memoria presente en la Feria del Libro de Buenos Aires","og_description":"La Feria Internacional del Libro de Buenos Aires (FILBA) celebra en su edici\u00f3n 50 la cultura, la literatura y la memoria, y en este \u00faltimo rubro entre","og_url":"https:\/\/www.pressenza.com\/es\/2026\/04\/la-memoria-presente-en-la-feria-del-libro-de-buenos-aires\/","og_site_name":"Pressenza","article_publisher":"https:\/\/www.facebook.com\/PressenzaItalia","article_author":"https:\/\/www.facebook.com\/AgenciaPrensaLatina","article_published_time":"2026-04-26T14:05:49+00:00","og_image":[{"width":950,"height":539,"url":"https:\/\/www.pressenza.com\/wp-content\/uploads\/2026\/04\/feria-del-libro-rs-696x395-1-1.jpg","type":"image\/jpeg"}],"author":"Prensa Latina","twitter_card":"summary_large_image","twitter_creator":"@prensalatina_cu","twitter_site":"@PressenzaIPA","twitter_misc":{"Escrito por":"Prensa Latina","Tiempo de lectura":"3 minutos"},"schema":{"@context":"https:\/\/schema.org","@graph":[{"@type":"Article","@id":"https:\/\/www.pressenza.com\/es\/2026\/04\/la-memoria-presente-en-la-feria-del-libro-de-buenos-aires\/#article","isPartOf":{"@id":"https:\/\/www.pressenza.com\/es\/2026\/04\/la-memoria-presente-en-la-feria-del-libro-de-buenos-aires\/"},"author":{"name":"Prensa Latina","@id":"https:\/\/www.pressenza.com\/es\/#\/schema\/person\/e35c78ffa242d98f4f49ccb18c8631de"},"headline":"La memoria presente en la Feria del Libro de Buenos Aires","datePublished":"2026-04-26T14:05:49+00:00","mainEntityOfPage":{"@id":"https:\/\/www.pressenza.com\/es\/2026\/04\/la-memoria-presente-en-la-feria-del-libro-de-buenos-aires\/"},"wordCount":485,"publisher":{"@id":"https:\/\/www.pressenza.com\/es\/#organization"},"image":{"@id":"https:\/\/www.pressenza.com\/es\/2026\/04\/la-memoria-presente-en-la-feria-del-libro-de-buenos-aires\/#primaryimage"},"thumbnailUrl":"https:\/\/www.pressenza.com\/wp-content\/uploads\/2026\/04\/feria-del-libro-rs-696x395-1-1.jpg","keywords":["cultura","Literatura","memoria"],"articleSection":["Cultura y Medios","Noticia","Sudam\u00e9rica"],"inLanguage":"es"},{"@type":"WebPage","@id":"https:\/\/www.pressenza.com\/es\/2026\/04\/la-memoria-presente-en-la-feria-del-libro-de-buenos-aires\/","url":"https:\/\/www.pressenza.com\/es\/2026\/04\/la-memoria-presente-en-la-feria-del-libro-de-buenos-aires\/","name":"La memoria presente en la Feria del Libro de Buenos Aires","isPartOf":{"@id":"https:\/\/www.pressenza.com\/es\/#website"},"primaryImageOfPage":{"@id":"https:\/\/www.pressenza.com\/es\/2026\/04\/la-memoria-presente-en-la-feria-del-libro-de-buenos-aires\/#primaryimage"},"image":{"@id":"https:\/\/www.pressenza.com\/es\/2026\/04\/la-memoria-presente-en-la-feria-del-libro-de-buenos-aires\/#primaryimage"},"thumbnailUrl":"https:\/\/www.pressenza.com\/wp-content\/uploads\/2026\/04\/feria-del-libro-rs-696x395-1-1.jpg","datePublished":"2026-04-26T14:05:49+00:00","description":"La Feria Internacional del Libro de Buenos Aires (FILBA) celebra en su edici\u00f3n 50 la cultura, la literatura y la memoria, y en este \u00faltimo rubro entre","breadcrumb":{"@id":"https:\/\/www.pressenza.com\/es\/2026\/04\/la-memoria-presente-en-la-feria-del-libro-de-buenos-aires\/#breadcrumb"},"inLanguage":"es","potentialAction":[{"@type":"ReadAction","target":["https:\/\/www.pressenza.com\/es\/2026\/04\/la-memoria-presente-en-la-feria-del-libro-de-buenos-aires\/"]}]},{"@type":"ImageObject","inLanguage":"es","@id":"https:\/\/www.pressenza.com\/es\/2026\/04\/la-memoria-presente-en-la-feria-del-libro-de-buenos-aires\/#primaryimage","url":"https:\/\/www.pressenza.com\/wp-content\/uploads\/2026\/04\/feria-del-libro-rs-696x395-1-1.jpg","contentUrl":"https:\/\/www.pressenza.com\/wp-content\/uploads\/2026\/04\/feria-del-libro-rs-696x395-1-1.jpg","width":950,"height":539},{"@type":"BreadcrumbList","@id":"https:\/\/www.pressenza.com\/es\/2026\/04\/la-memoria-presente-en-la-feria-del-libro-de-buenos-aires\/#breadcrumb","itemListElement":[{"@type":"ListItem","position":1,"name":"Accueil","item":"https:\/\/www.pressenza.com\/es\/"},{"@type":"ListItem","position":2,"name":"La memoria presente en la Feria del Libro de Buenos Aires"}]},{"@type":"WebSite","@id":"https:\/\/www.pressenza.com\/es\/#website","url":"https:\/\/www.pressenza.com\/es\/","name":"Pressenza","description":"International Press Agency","publisher":{"@id":"https:\/\/www.pressenza.com\/es\/#organization"},"potentialAction":[{"@type":"SearchAction","target":{"@type":"EntryPoint","urlTemplate":"https:\/\/www.pressenza.com\/es\/?s={search_term_string}"},"query-input":{"@type":"PropertyValueSpecification","valueRequired":true,"valueName":"search_term_string"}}],"inLanguage":"es"},{"@type":"Organization","@id":"https:\/\/www.pressenza.com\/es\/#organization","name":"Pressenza","url":"https:\/\/www.pressenza.com\/es\/","logo":{"@type":"ImageObject","inLanguage":"es","@id":"https:\/\/www.pressenza.com\/es\/#\/schema\/logo\/image\/","url":"https:\/\/www.pressenza.com\/wp-content\/uploads\/2022\/10\/pressenza_logo_200x200.jpg","contentUrl":"https:\/\/www.pressenza.com\/wp-content\/uploads\/2022\/10\/pressenza_logo_200x200.jpg","width":200,"height":200,"caption":"Pressenza"},"image":{"@id":"https:\/\/www.pressenza.com\/es\/#\/schema\/logo\/image\/"},"sameAs":["https:\/\/www.facebook.com\/PressenzaItalia","https:\/\/x.com\/PressenzaIPA"]},{"@type":"Person","@id":"https:\/\/www.pressenza.com\/es\/#\/schema\/person\/e35c78ffa242d98f4f49ccb18c8631de","name":"Prensa Latina","description":"www.prensa-latina.cu","sameAs":["https:\/\/www.facebook.com\/AgenciaPrensaLatina","https:\/\/x.com\/prensalatina_cu"],"url":"https:\/\/www.pressenza.com\/es\/author\/prensa-latina\/"}]}},"place":"Buenos Aires","original_article_url":"https:\/\/www.prensa-latina.cu\/2026\/04\/25\/la-memoria-presente-en-la-feria-del-libro-de-buenos-aires\/","_links":{"self":[{"href":"https:\/\/www.pressenza.com\/es\/wp-json\/wp\/v2\/posts\/2695738","targetHints":{"allow":["GET"]}}],"collection":[{"href":"https:\/\/www.pressenza.com\/es\/wp-json\/wp\/v2\/posts"}],"about":[{"href":"https:\/\/www.pressenza.com\/es\/wp-json\/wp\/v2\/types\/post"}],"author":[{"embeddable":true,"href":"https:\/\/www.pressenza.com\/es\/wp-json\/wp\/v2\/users\/90"}],"replies":[{"embeddable":true,"href":"https:\/\/www.pressenza.com\/es\/wp-json\/wp\/v2\/comments?post=2695738"}],"version-history":[{"count":1,"href":"https:\/\/www.pressenza.com\/es\/wp-json\/wp\/v2\/posts\/2695738\/revisions"}],"predecessor-version":[{"id":2695740,"href":"https:\/\/www.pressenza.com\/es\/wp-json\/wp\/v2\/posts\/2695738\/revisions\/2695740"}],"wp:featuredmedia":[{"embeddable":true,"href":"https:\/\/www.pressenza.com\/es\/wp-json\/wp\/v2\/media\/2695739"}],"wp:attachment":[{"href":"https:\/\/www.pressenza.com\/es\/wp-json\/wp\/v2\/media?parent=2695738"}],"wp:term":[{"taxonomy":"category","embeddable":true,"href":"https:\/\/www.pressenza.com\/es\/wp-json\/wp\/v2\/categories?post=2695738"},{"taxonomy":"post_tag","embeddable":true,"href":"https:\/\/www.pressenza.com\/es\/wp-json\/wp\/v2\/tags?post=2695738"}],"curies":[{"name":"wp","href":"https:\/\/api.w.org\/{rel}","templated":true}]}}