{"id":2695564,"date":"2026-04-26T09:39:26","date_gmt":"2026-04-26T08:39:26","guid":{"rendered":"https:\/\/www.pressenza.com\/?p=2695564"},"modified":"2026-04-26T09:39:26","modified_gmt":"2026-04-26T08:39:26","slug":"la-gran-mentira-de-la-cautividad-cuando-la-ciencia-se-enfrenta-a-la-etica","status":"publish","type":"post","link":"https:\/\/www.pressenza.com\/es\/2026\/04\/la-gran-mentira-de-la-cautividad-cuando-la-ciencia-se-enfrenta-a-la-etica\/","title":{"rendered":"La gran mentira de la cautividad: cuando la ciencia se enfrenta a la \u00e9tica."},"content":{"rendered":"<p>El 16 de enero, en el Congreso de los Diputados, asist\u00ed a unas jornadas que, bajo el t\u00edtulo <a href=\"https:\/\/www.congreso.es\/backoffice_doc\/prensa\/ficherosagenda\/Jornada%20Cientifica.pdf\">\u201cCiencia, Legislaci\u00f3n y grandes simios: una alternativa basada en la evidencia\u201d,<\/a> pretend\u00edan abordar el futuro de nuestros parientes evolutivos m\u00e1s cercanos, los grandes simios. Aquellas jornadas deber\u00edan haber supuesto un avance hac\u00eda la protecci\u00f3n\u00a0 de nuestros parientes evolutivos m\u00e1s cercanos, pero termin\u00f3 evidenciando una profunda fractura \u00e9tica y cient\u00edfica. Lo que all\u00ed presenci\u00e9 no fue un debate equilibrado ni cient\u00edfico, sino la defensa de un modelo que, a la luz de la evidencia cient\u00edfica m\u00e1s reciente, se sostiene sobre argumentos cada vez m\u00e1s d\u00e9biles.<\/p>\n<p>Frente a mi posici\u00f3n clara y firme \u2014el fin de la reproducci\u00f3n en cautividad y el inicio de un proceso serio y responsable hacia la desaparici\u00f3n de los grandes simios en zool\u00f3gicos para la ley de grandes simios\u2014, se situaron representantes destacados del \u00e1mbito zool\u00f3gico y acad\u00e9mico: <a href=\"https:\/\/www.aiza.org.es\/javier-almunia-nuevo-presidente-de-aiza\">Javier Almunia, presidente de AIZA<\/a>; <a href=\"https:\/\/apespain.org\/ape\/\">Ana Fidalgo<\/a>, presidenta de la Asociaci\u00f3n Primatol\u00f3gica Espa\u00f1ola; <a href=\"https:\/\/www.upf.edu\/es\/web\/focus\/w\/tom%C3%A0s-marqu%C3%A8s-bonet-nombrado-acad%C3%A9mico-correspondiente-de-la-real-academia-de-ciencias#:~:text=Tom%C3%A0s%20Marqu%C3%A8s%20Bonet%20(Barcelona%2C%201975,de%20Gen%C3%B3mica%20Comparativa%20del%20IBE.\">Tom\u00e1s Marqu\u00e9s<\/a>; <a href=\"https:\/\/portalrecerca.uab.cat\/es\/persons\/xavier-manteca-vilanova\/\">Xavier Manteca<\/a>; <a href=\"https:\/\/www.uab.cat\/web\/sala-de-prensa\/detalle-noticia\/josep-call-inaugura-el-curso-academico-en-la-facultad-de-psicologia-1345830290069.html?detid=1345692313722\">Josep Call<\/a>; y <a href=\"https:\/\/apespain.org\/conoce-a-miquel-llorente-presidente-de-la-ape\/\">Miquel Llorente.<\/a> coincidiendo en defender la continuidad de la cautividad y, lo que es a\u00fan m\u00e1s preocupante, la reproducci\u00f3n de grandes simios en estos entornos artificiales.<\/p>\n<p>Pero existe un problema insalvable: la evidencia cient\u00edfica independiente ya no respalda esa postura. Sus argumentos quedan profundamente cuestionados y en muchos aspectos desmontados.<\/p>\n<p>El informe de la <a href=\"https:\/\/www.bornfree.org.uk\/\">Born Free Foundation<\/a>, titulado <a href=\"https:\/\/www.bornfree.org.uk\/resource\/captive-cousins\/\">\u201cOur Captive Cousins: The Plight of Great Apes in Zoos<\/a><em>\u201d <\/em><em>(<\/em><em>,Nuestros primos cautivos: la dif\u00edcil situaci\u00f3n de los grandes simios en los zool\u00f3gicos) <\/em>\u00a0constituye uno de los an\u00e1lisis m\u00e1s exhaustivos y rigurosos sobre la situaci\u00f3n real de los grandes simios en zool\u00f3gicos. Y sus conclusiones no dejan lugar a dudas: la cautividad de grandes simios no solo es \u00e9ticamente indefendible, sino cient\u00edficamente injustificable.<\/p>\n<p>Los grandes simios no son simples animales ex\u00f3ticos. Son seres profundamente sociales, con estructuras familiares complejas, con culturas propias transmitidas de generaci\u00f3n en generaci\u00f3n, con capacidades cognitivas que desaf\u00edan la frontera que durante siglos hemos queridas trazar entre ellos y nosotros. Y, sin embargo, los mantenemos en entornos donde esas capacidades no solo no pueden desarrollarse, sino que son sistem\u00e1ticamente anuladas.<\/p>\n<p>Los zool\u00f3gicos argumentan que estos animales cumplen un papel educativo y conservacionista. Sin embargo, el propio informe desmonta esta narrativa. Ver a un gran simio tras un cristal, en un recinto artificial, lejos de generar conciencia sobre su situaci\u00f3n, transmite una falsa sensaci\u00f3n de seguridad. El visitante no percibe la urgencia de su protecci\u00f3n en la naturaleza, sino que interpreta que la especie est\u00e1 a salvo. Se banaliza su situaci\u00f3n cr\u00edtica. Se diluye la gravedad de su desaparici\u00f3n en libertad.<\/p>\n<div id=\"attachment_2695592\" class=\"wp-caption aligncenter\"><img loading=\"lazy\" decoding=\"async\" aria-describedby=\"caption-attachment-2695592\" class=\"wp-image-2695592\" src=\"https:\/\/www.pressenza.com\/wp-content\/uploads\/2026\/04\/Diapositiva153-300x225.jpg\" alt=\"\" width=\"635\" height=\"476\" srcset=\"https:\/\/www.pressenza.com\/wp-content\/uploads\/2026\/04\/Diapositiva153-300x225.jpg 300w, https:\/\/www.pressenza.com\/wp-content\/uploads\/2026\/04\/Diapositiva153-820x615.jpg 820w, https:\/\/www.pressenza.com\/wp-content\/uploads\/2026\/04\/Diapositiva153.jpg 960w\" sizes=\"auto, (max-width: 635px) 100vw, 635px\" \/><p id=\"caption-attachment-2695592\" class=\"wp-caption-text\">Imagen Pedro Pozas Terrados. Chimpanc\u00e9 Monti en Santiago de Estero (Argentina). Meses despu\u00e9s fue encontrado muerto por ataque al coraz\u00f3n seg\u00fan el due\u00f1o del zoo, cuando un Juez le iba a poner a sacar del antro donde viv\u00eda y llevado a un Santuario. Extra\u00f1a coincidencia. Imagen Pedro Pozas Terrados<\/p><\/div>\n<p>La conservaci\u00f3n real no se produce entre barrotes.<\/p>\n<p>Uno de los pilares del discurso zool\u00f3gico es la cr\u00eda en cautividad. Se nos dice que estos programas son esenciales para preservar la diversidad gen\u00e9tica y garantizar el futuro de la especie. Pero los datos recogidos en el informe son contundentes: los grandes simios criados en zool\u00f3gicos rara vez, por no decir nunca, son reintroducidos en la naturaleza. Y no lo son porque no pueden serlo. Han sido criados para la exhibici\u00f3n, no para sobrevivir en su h\u00e1bitat natural. Carecen del aprendizaje cultural necesario, de las habilidades sociales y de los conocimientos ecol\u00f3gicos que solo pueden adquirirse en libertad.<\/p>\n<p>M\u00e1s a\u00fan, la propia Uni\u00f3n Internacional para la Conservaci\u00f3n de la Naturaleza (UICN) no recomienda la cr\u00eda en cautividad como estrategia de conservaci\u00f3n para ninguna especie de gran simio. El Grupo de Especialistas en Primates ha llegado incluso a advertir sobre los riesgos que supondr\u00eda trasladar individuos criados en zool\u00f3gicos a h\u00e1bitats naturales, debido a las posibles consecuencias negativas para las poblaciones salvajes.<\/p>\n<p>Entonces, \u00bfQu\u00e9 se est\u00e1 conservando realmente?<\/p>\n<p>La respuesta es inc\u00f3moda: se est\u00e1 conservando un modelo\u00a0basado en la exhibici\u00f3n, en la gesti\u00f3n de poblaciones cautivas como si fueran inventarios biol\u00f3gicos, donde el objetivo no es la libertad del individuo, sino la continuidad del sistema.<\/p>\n<p>Las consecuencias de este modelo son devastadoras. El informe documenta tasas elevadas de mortinatalidad, rechazo materno e infanticidio. Las hembras, privadas de aprendizaje social, no saben c\u00f3mo cuidar a sus cr\u00edas. Los v\u00ednculos naturales se rompen antes incluso de formarse. Muchas cr\u00edas son separadas y criadas por humanos, lo que a\u00f1ade una capa m\u00e1s de artificialidad a una vida ya marcada por la privaci\u00f3n.<\/p>\n<p>La imagen es estremecedora: madres que no comprenden a sus hijos, hijos que no conocen su cultura, individuos que nacen sin posibilidad alguna de ser lo que realmente son.<\/p>\n<p>La vida en cautividad afecta profundamente a la salud f\u00edsica y mental de los grandes simios. Las enfermedades card\u00edacas son una de las principales causas de muerte, estrechamente relacionadas con el estr\u00e9s cr\u00f3nico y la obesidad derivada de estilos de vida sedentarios. La alimentaci\u00f3n en zool\u00f3gicos no reproduce la complejidad de la b\u00fasqueda de alimento en la naturaleza, eliminando comportamientos esenciales para su desarrollo.<\/p>\n<p>Pero es en el \u00e1mbito psicol\u00f3gico donde el impacto resulta m\u00e1s evidente. Las estereotipias \u2014comportamientos repetitivos y anormales\u2014 son una manifestaci\u00f3n directa del sufrimiento mental. Automutilaci\u00f3n, balanceos constantes, coprofagia, regurgitaci\u00f3n, agresividad o sumisi\u00f3n extrema\u2026 conductas que, en libertad, son pr\u00e1cticamente inexistentes, se convierten en habituales en cautividad.<\/p>\n<p>Y, sin embargo, algunos zool\u00f3gicos han llegado a calificarlas como \u201cnaturales\u201d, simplemente porque se repiten con frecuencia en sus instalaciones. Esta reinterpretaci\u00f3n de la anormalidad es, en s\u00ed misma, una prueba del grado de distorsi\u00f3n al que hemos llegado.<\/p>\n<p>A ello se suma la ruptura de las estructuras sociales. En la naturaleza, los grandes simios tienen la capacidad de elegir, de evitar conflictos, de dispersarse, de formar nuevos grupos. En cautividad, todo eso desaparece. Los individuos son agrupados seg\u00fan criterios humanos, trasladados entre zool\u00f3gicos por razones log\u00edsticas o econ\u00f3micas, y obligados a convivir en condiciones que generan tensi\u00f3n, agresividad y, en muchos casos, violencia.<\/p>\n<p>La propia industria reconoce que existen problemas con los machos \u201csobrantes\u201d generados por los programas de cr\u00eda. Individuos para los que no hay espacio, cuyo destino es incierto, y cuya existencia pone en evidencia la falta de planificaci\u00f3n real en estos programas.<\/p>\n<div id=\"attachment_2695593\" class=\"wp-caption aligncenter\"><img loading=\"lazy\" decoding=\"async\" aria-describedby=\"caption-attachment-2695593\" class=\"wp-image-2695593\" src=\"https:\/\/www.pressenza.com\/wp-content\/uploads\/2026\/04\/Diapositiva161-300x225.jpg\" alt=\"\" width=\"641\" height=\"481\" srcset=\"https:\/\/www.pressenza.com\/wp-content\/uploads\/2026\/04\/Diapositiva161-300x225.jpg 300w, https:\/\/www.pressenza.com\/wp-content\/uploads\/2026\/04\/Diapositiva161-820x615.jpg 820w, https:\/\/www.pressenza.com\/wp-content\/uploads\/2026\/04\/Diapositiva161.jpg 960w\" sizes=\"auto, (max-width: 641px) 100vw, 641px\" \/><p id=\"caption-attachment-2695593\" class=\"wp-caption-text\">Imagen de Jeff McCurry \/ Proyecto Gran Simio<\/p><\/div>\n<p>No estamos ante una estrategia de conservaci\u00f3n. Estamos ante una gesti\u00f3n artificial de vidas.<\/p>\n<p>El informe tambi\u00e9n pone de relieve los riesgos asociados a la cautividad, tanto para los simios como para los humanos. La imposibilidad de escapar de situaciones de conflicto ha provocado lesiones graves e incluso la muerte de numerosos individuos. Cuando se producen fugas, el desenlace suele ser tr\u00e1gico: el animal es abatido. Casos como el de Harambe no son excepciones aisladas, sino s\u00edntomas de un sistema inherentemente inestable.<\/p>\n<p>Adem\u00e1s, la cercan\u00eda gen\u00e9tica entre humanos y grandes simios los convierte en especialmente vulnerables a enfermedades infecciosas. La cautividad incrementa el riesgo de transmisi\u00f3n, colocando a estos animales en una situaci\u00f3n de extrema fragilidad sanitaria.<\/p>\n<p>Por todo ello, la conclusi\u00f3n es inevitable: la continuidad de la cautividad y la reproducci\u00f3n de grandes simios en zool\u00f3gicos no puede seguir justific\u00e1ndose. No desde la ciencia, no desde la \u00e9tica, no desde la conservaci\u00f3n.<\/p>\n<p>Mi posici\u00f3n, defendida en el Congreso, no es una postura aislada ni ideol\u00f3gica. Es una consecuencia l\u00f3gica de la evidencia. Poner fin a la reproducci\u00f3n en cautividad no es una opci\u00f3n radical. Es el primer paso imprescindible hacia una transici\u00f3n responsable.<\/p>\n<p>Una transici\u00f3n que, en el plazo de una generaci\u00f3n, podr\u00eda permitir que los grandes simios desaparezcan de los zool\u00f3gicos quedando sus jaulas vac\u00edas como ya lo ha legislado Colombia aprobando en el Senado la \u00a0<a href=\"https:\/\/www.senado.gov.co\/index.php\/documentos\/comisiones\/constitucionales\/comision-quinta\/proyectos-de-ley\/proyectos-de-ley-y-ponencias-periodo-constitucional-2022-2026\/proyectos-de-ley-y-ponencias-legislatura-20-julio-2024-20-julio-2025\/p-de-l-no-407-202\">Ley de Yoko<\/a>.<\/p>\n<p>Tras este informe apoyado cient\u00edficamente, resulta imposible no se\u00f1alar la contradicci\u00f3n\u00a0 entre la evidencia cient\u00edfica independiente y las posiciones defendidas en las jornadas realizadas en el Congreso excepto la m\u00eda, en relaci\u00f3n a la continuidad de la cautividad de nuestros hermanos evolutivos y la reproducci\u00f3n, que solo sirve para que las colecciones puedan seguir ocupando las jaulas de la indiferencia.<\/p>\n<p>Como bien dice la primat\u00f3loga Christine Webb en su libro recientemente publicado <a href=\"https:\/\/www.amazon.es\/mono-arrogante-supremac%C3%ADa-consecuencias-Drakontos\/dp\/8491998489\/ref=asc_df_8491998489?mcid=810f5b23c4193da293dd7c1ed6ce63be&amp;tag=googshopes-21&amp;linkCode=df0&amp;hvadid=767871054457&amp;hvpos=&amp;hvnetw=g&amp;hvrand=1108093146558136108&amp;hvpone=&amp;hvp\">\u201cEl mono arrogante\u201d<\/a>\u2026 \u201c<em>Estudiar animales en cautividad, no s\u00f3lo es \u00e9ticamente cuestionable, sino tambi\u00e9n cient\u00edficamente\u00a0 inv\u00e1lido en muchos casos, ya que el comportamiento de los animales en entornos artificiales, no refleja su verdadera naturaleza\u201d.<\/em> La autora advierte que hemos construido gran parte de nuestro conocimiento sobre los animales desde una mirada distorsionada, condicionada por jaulas, estr\u00e9s, aislamiento y contextos completamente ajenos a sus ecosistemas. Es decir, hemos interpretado a otras especies desde su privaci\u00f3n de libertad<strong>.<\/strong><\/p>\n<div id=\"attachment_2695594\" class=\"wp-caption aligncenter\"><img loading=\"lazy\" decoding=\"async\" aria-describedby=\"caption-attachment-2695594\" class=\"wp-image-2695594\" src=\"https:\/\/www.pressenza.com\/wp-content\/uploads\/2026\/04\/Pedro-Pozas-Terrados-Cjimpance-cautivo-300x183.jpg\" alt=\"\" width=\"610\" height=\"372\" srcset=\"https:\/\/www.pressenza.com\/wp-content\/uploads\/2026\/04\/Pedro-Pozas-Terrados-Cjimpance-cautivo-300x183.jpg 300w, https:\/\/www.pressenza.com\/wp-content\/uploads\/2026\/04\/Pedro-Pozas-Terrados-Cjimpance-cautivo-820x501.jpg 820w, https:\/\/www.pressenza.com\/wp-content\/uploads\/2026\/04\/Pedro-Pozas-Terrados-Cjimpance-cautivo.jpg 1920w\" sizes=\"auto, (max-width: 610px) 100vw, 610px\" \/><p id=\"caption-attachment-2695594\" class=\"wp-caption-text\">Imagen de Pedro Pozas Terrados<\/p><\/div>\n<p>Quienes siguen apoyando la cautividad y la defensa de los Programas de Reproducci\u00f3n en los zoos, sostienen un modelo que no contribuye a la conservaci\u00f3n, genera sufrimiento, distorsiona la educaci\u00f3n y prioriza la exhibici\u00f3n.<\/p>\n<p>La pregunta ya no es si podemos seguir manteni\u00e9ndolos en cautividad. La pregunta es si, sabiendo todo esto, tenemos derecho a hacerlo. Porque en esa respuesta no solo est\u00e1 en juego el futuro de los grandes simios. Est\u00e1 en juego nuestra propia humanidad. Porque ellos no pertenecen a los zool\u00f3gicos. Son individuos con derecho a una vida digna y ha llegado el momento de tomar una decisi\u00f3n hist\u00f3rica en la futura ley de grandes simios que Espa\u00f1a, tras m\u00e1s de dos d\u00e9cadas de lucha por parte del Proyecto Gran Simio, tiene la obligaci\u00f3n de legislar.<\/p>\n","protected":false},"excerpt":{"rendered":"<p>El 16 de enero, en el Congreso de los Diputados, asist\u00ed a unas jornadas que, bajo el t\u00edtulo \u201cCiencia, Legislaci\u00f3n y grandes simios: una alternativa basada en la evidencia\u201d, pretend\u00edan abordar el futuro de nuestros parientes evolutivos m\u00e1s cercanos, los&hellip;<\/p>\n","protected":false},"author":2023,"featured_media":2695574,"comment_status":"closed","ping_status":"closed","sticky":false,"template":"","format":"standard","meta":{"footnotes":""},"categories":[78],"tags":[123436,103118,116695,155900],"class_list":["post-2695564","post","type-post","status-publish","format-standard","has-post-thumbnail","hentry","category-medio-ambiente-ecologia","tag-cautividad","tag-grandes-simios","tag-ley-de-grandes-simios","tag-programas-de-reproduccion-en-zoos"],"yoast_head":"<!-- This site is optimized with the Yoast SEO plugin v27.1.1 - https:\/\/yoast.com\/product\/yoast-seo-wordpress\/ -->\n<title>La gran mentira de la cautividad: cuando la ciencia se enfrenta a la \u00e9tica.<\/title>\n<meta name=\"description\" content=\"El 16 de enero, en el Congreso de los Diputados, asist\u00ed a unas jornadas que, bajo el t\u00edtulo \u201cCiencia, Legislaci\u00f3n y grandes simios: una alternativa basada\" \/>\n<meta name=\"robots\" content=\"index, follow, max-snippet:-1, max-image-preview:large, max-video-preview:-1\" \/>\n<link rel=\"canonical\" href=\"https:\/\/www.pressenza.com\/es\/2026\/04\/la-gran-mentira-de-la-cautividad-cuando-la-ciencia-se-enfrenta-a-la-etica\/\" \/>\n<meta property=\"og:locale\" content=\"es_ES\" \/>\n<meta property=\"og:type\" content=\"article\" \/>\n<meta property=\"og:title\" content=\"La gran mentira de la cautividad: cuando la ciencia se enfrenta a la \u00e9tica.\" \/>\n<meta property=\"og:description\" content=\"El 16 de enero, en el Congreso de los Diputados, asist\u00ed a unas jornadas que, bajo el t\u00edtulo \u201cCiencia, Legislaci\u00f3n y grandes simios: una alternativa basada\" \/>\n<meta property=\"og:url\" content=\"https:\/\/www.pressenza.com\/es\/2026\/04\/la-gran-mentira-de-la-cautividad-cuando-la-ciencia-se-enfrenta-a-la-etica\/\" \/>\n<meta property=\"og:site_name\" content=\"Pressenza\" \/>\n<meta property=\"article:publisher\" content=\"https:\/\/www.facebook.com\/PressenzaItalia\" \/>\n<meta property=\"article:published_time\" content=\"2026-04-26T08:39:26+00:00\" \/>\n<meta property=\"og:image\" content=\"https:\/\/www.pressenza.com\/wp-content\/uploads\/2026\/04\/portada.jpg\" \/>\n\t<meta property=\"og:image:width\" content=\"960\" \/>\n\t<meta property=\"og:image:height\" content=\"518\" \/>\n\t<meta property=\"og:image:type\" content=\"image\/jpeg\" \/>\n<meta name=\"author\" content=\"Pedro Pozas Terrados\" \/>\n<meta name=\"twitter:card\" content=\"summary_large_image\" \/>\n<meta name=\"twitter:creator\" content=\"@PressenzaIPA\" \/>\n<meta name=\"twitter:site\" content=\"@PressenzaIPA\" \/>\n<meta name=\"twitter:label1\" content=\"Escrito por\" \/>\n\t<meta name=\"twitter:data1\" content=\"Pedro Pozas Terrados\" \/>\n\t<meta name=\"twitter:label2\" content=\"Tiempo de lectura\" \/>\n\t<meta name=\"twitter:data2\" content=\"8 minutos\" \/>\n<script type=\"application\/ld+json\" class=\"yoast-schema-graph\">{\"@context\":\"https:\/\/schema.org\",\"@graph\":[{\"@type\":\"Article\",\"@id\":\"https:\/\/www.pressenza.com\/es\/2026\/04\/la-gran-mentira-de-la-cautividad-cuando-la-ciencia-se-enfrenta-a-la-etica\/#article\",\"isPartOf\":{\"@id\":\"https:\/\/www.pressenza.com\/es\/2026\/04\/la-gran-mentira-de-la-cautividad-cuando-la-ciencia-se-enfrenta-a-la-etica\/\"},\"author\":{\"name\":\"Pedro Pozas Terrados\",\"@id\":\"https:\/\/www.pressenza.com\/es\/#\/schema\/person\/3e3dc7faa4424387772733d19e115974\"},\"headline\":\"La gran mentira de la cautividad: cuando la ciencia se enfrenta a la \u00e9tica.\",\"datePublished\":\"2026-04-26T08:39:26+00:00\",\"mainEntityOfPage\":{\"@id\":\"https:\/\/www.pressenza.com\/es\/2026\/04\/la-gran-mentira-de-la-cautividad-cuando-la-ciencia-se-enfrenta-a-la-etica\/\"},\"wordCount\":1757,\"publisher\":{\"@id\":\"https:\/\/www.pressenza.com\/es\/#organization\"},\"image\":{\"@id\":\"https:\/\/www.pressenza.com\/es\/2026\/04\/la-gran-mentira-de-la-cautividad-cuando-la-ciencia-se-enfrenta-a-la-etica\/#primaryimage\"},\"thumbnailUrl\":\"https:\/\/www.pressenza.com\/wp-content\/uploads\/2026\/04\/portada.jpg\",\"keywords\":[\"cautividad\",\"Grandes simios\",\"ley de grandes simios\",\"programas de reproducci\u00f3n en zoos\"],\"articleSection\":[\"Ecolog\u00eda y Medio Ambiente\"],\"inLanguage\":\"es\"},{\"@type\":\"WebPage\",\"@id\":\"https:\/\/www.pressenza.com\/es\/2026\/04\/la-gran-mentira-de-la-cautividad-cuando-la-ciencia-se-enfrenta-a-la-etica\/\",\"url\":\"https:\/\/www.pressenza.com\/es\/2026\/04\/la-gran-mentira-de-la-cautividad-cuando-la-ciencia-se-enfrenta-a-la-etica\/\",\"name\":\"La gran mentira de la cautividad: cuando la ciencia se enfrenta a la \u00e9tica.\",\"isPartOf\":{\"@id\":\"https:\/\/www.pressenza.com\/es\/#website\"},\"primaryImageOfPage\":{\"@id\":\"https:\/\/www.pressenza.com\/es\/2026\/04\/la-gran-mentira-de-la-cautividad-cuando-la-ciencia-se-enfrenta-a-la-etica\/#primaryimage\"},\"image\":{\"@id\":\"https:\/\/www.pressenza.com\/es\/2026\/04\/la-gran-mentira-de-la-cautividad-cuando-la-ciencia-se-enfrenta-a-la-etica\/#primaryimage\"},\"thumbnailUrl\":\"https:\/\/www.pressenza.com\/wp-content\/uploads\/2026\/04\/portada.jpg\",\"datePublished\":\"2026-04-26T08:39:26+00:00\",\"description\":\"El 16 de enero, en el Congreso de los Diputados, asist\u00ed a unas jornadas que, bajo el t\u00edtulo \u201cCiencia, Legislaci\u00f3n y grandes simios: una alternativa basada\",\"breadcrumb\":{\"@id\":\"https:\/\/www.pressenza.com\/es\/2026\/04\/la-gran-mentira-de-la-cautividad-cuando-la-ciencia-se-enfrenta-a-la-etica\/#breadcrumb\"},\"inLanguage\":\"es\",\"potentialAction\":[{\"@type\":\"ReadAction\",\"target\":[\"https:\/\/www.pressenza.com\/es\/2026\/04\/la-gran-mentira-de-la-cautividad-cuando-la-ciencia-se-enfrenta-a-la-etica\/\"]}]},{\"@type\":\"ImageObject\",\"inLanguage\":\"es\",\"@id\":\"https:\/\/www.pressenza.com\/es\/2026\/04\/la-gran-mentira-de-la-cautividad-cuando-la-ciencia-se-enfrenta-a-la-etica\/#primaryimage\",\"url\":\"https:\/\/www.pressenza.com\/wp-content\/uploads\/2026\/04\/portada.jpg\",\"contentUrl\":\"https:\/\/www.pressenza.com\/wp-content\/uploads\/2026\/04\/portada.jpg\",\"width\":960,\"height\":518},{\"@type\":\"BreadcrumbList\",\"@id\":\"https:\/\/www.pressenza.com\/es\/2026\/04\/la-gran-mentira-de-la-cautividad-cuando-la-ciencia-se-enfrenta-a-la-etica\/#breadcrumb\",\"itemListElement\":[{\"@type\":\"ListItem\",\"position\":1,\"name\":\"Accueil\",\"item\":\"https:\/\/www.pressenza.com\/es\/\"},{\"@type\":\"ListItem\",\"position\":2,\"name\":\"La gran mentira de la cautividad: cuando la ciencia se enfrenta a la \u00e9tica.\"}]},{\"@type\":\"WebSite\",\"@id\":\"https:\/\/www.pressenza.com\/es\/#website\",\"url\":\"https:\/\/www.pressenza.com\/es\/\",\"name\":\"Pressenza\",\"description\":\"International Press Agency\",\"publisher\":{\"@id\":\"https:\/\/www.pressenza.com\/es\/#organization\"},\"potentialAction\":[{\"@type\":\"SearchAction\",\"target\":{\"@type\":\"EntryPoint\",\"urlTemplate\":\"https:\/\/www.pressenza.com\/es\/?s={search_term_string}\"},\"query-input\":{\"@type\":\"PropertyValueSpecification\",\"valueRequired\":true,\"valueName\":\"search_term_string\"}}],\"inLanguage\":\"es\"},{\"@type\":\"Organization\",\"@id\":\"https:\/\/www.pressenza.com\/es\/#organization\",\"name\":\"Pressenza\",\"url\":\"https:\/\/www.pressenza.com\/es\/\",\"logo\":{\"@type\":\"ImageObject\",\"inLanguage\":\"es\",\"@id\":\"https:\/\/www.pressenza.com\/es\/#\/schema\/logo\/image\/\",\"url\":\"https:\/\/www.pressenza.com\/wp-content\/uploads\/2022\/10\/pressenza_logo_200x200.jpg\",\"contentUrl\":\"https:\/\/www.pressenza.com\/wp-content\/uploads\/2022\/10\/pressenza_logo_200x200.jpg\",\"width\":200,\"height\":200,\"caption\":\"Pressenza\"},\"image\":{\"@id\":\"https:\/\/www.pressenza.com\/es\/#\/schema\/logo\/image\/\"},\"sameAs\":[\"https:\/\/www.facebook.com\/PressenzaItalia\",\"https:\/\/x.com\/PressenzaIPA\"]},{\"@type\":\"Person\",\"@id\":\"https:\/\/www.pressenza.com\/es\/#\/schema\/person\/3e3dc7faa4424387772733d19e115974\",\"name\":\"Pedro Pozas Terrados\",\"description\":\"Escritor, naturalista, poeta, amante de la vida y defensor de la madre Tierra, investigador, cr\u00edtico y aventurero Profesionalmente ha trabajado 37 a\u00f1os en la defensa del medio ambiente como funcionario del Ministerio del Interior. De forma altruista es el Director Ejecutivo del Proyecto Gran Simio, una Organizaci\u00f3n que desde hace m\u00e1s de dos d\u00e9cadas lucha por los derechos b\u00e1sicos de los grandes simios, la conservaci\u00f3n de su h\u00e1bitat y la protecci\u00f3n de los pueblos ind\u00edgenas, verdaderos guardianes de nuestro planeta. Dibujante a l\u00e1piz y acuarela, con m\u00e1s de 300 l\u00e1minas de temas naturalistas y 12 cuadernos de campo. Es autor de 13 libros y coautor de ocho m\u00e1s. Descubridor de varias cuevas, una de ellas catalogada por la Comunidad de Castilla La Mancha de inter\u00e9s hist\u00f3rico y etnogr\u00e1fico con hallazgo en la misma de inscripciones de cronolog\u00eda antigua medieval.\",\"url\":\"https:\/\/www.pressenza.com\/es\/author\/pedro-pozas-terrado\/\"}]}<\/script>\n<!-- \/ Yoast SEO plugin. -->","yoast_head_json":{"title":"La gran mentira de la cautividad: cuando la ciencia se enfrenta a la \u00e9tica.","description":"El 16 de enero, en el Congreso de los Diputados, asist\u00ed a unas jornadas que, bajo el t\u00edtulo \u201cCiencia, Legislaci\u00f3n y grandes simios: una alternativa basada","robots":{"index":"index","follow":"follow","max-snippet":"max-snippet:-1","max-image-preview":"max-image-preview:large","max-video-preview":"max-video-preview:-1"},"canonical":"https:\/\/www.pressenza.com\/es\/2026\/04\/la-gran-mentira-de-la-cautividad-cuando-la-ciencia-se-enfrenta-a-la-etica\/","og_locale":"es_ES","og_type":"article","og_title":"La gran mentira de la cautividad: cuando la ciencia se enfrenta a la \u00e9tica.","og_description":"El 16 de enero, en el Congreso de los Diputados, asist\u00ed a unas jornadas que, bajo el t\u00edtulo \u201cCiencia, Legislaci\u00f3n y grandes simios: una alternativa basada","og_url":"https:\/\/www.pressenza.com\/es\/2026\/04\/la-gran-mentira-de-la-cautividad-cuando-la-ciencia-se-enfrenta-a-la-etica\/","og_site_name":"Pressenza","article_publisher":"https:\/\/www.facebook.com\/PressenzaItalia","article_published_time":"2026-04-26T08:39:26+00:00","og_image":[{"width":960,"height":518,"url":"https:\/\/www.pressenza.com\/wp-content\/uploads\/2026\/04\/portada.jpg","type":"image\/jpeg"}],"author":"Pedro Pozas Terrados","twitter_card":"summary_large_image","twitter_creator":"@PressenzaIPA","twitter_site":"@PressenzaIPA","twitter_misc":{"Escrito por":"Pedro Pozas Terrados","Tiempo de lectura":"8 minutos"},"schema":{"@context":"https:\/\/schema.org","@graph":[{"@type":"Article","@id":"https:\/\/www.pressenza.com\/es\/2026\/04\/la-gran-mentira-de-la-cautividad-cuando-la-ciencia-se-enfrenta-a-la-etica\/#article","isPartOf":{"@id":"https:\/\/www.pressenza.com\/es\/2026\/04\/la-gran-mentira-de-la-cautividad-cuando-la-ciencia-se-enfrenta-a-la-etica\/"},"author":{"name":"Pedro Pozas Terrados","@id":"https:\/\/www.pressenza.com\/es\/#\/schema\/person\/3e3dc7faa4424387772733d19e115974"},"headline":"La gran mentira de la cautividad: cuando la ciencia se enfrenta a la \u00e9tica.","datePublished":"2026-04-26T08:39:26+00:00","mainEntityOfPage":{"@id":"https:\/\/www.pressenza.com\/es\/2026\/04\/la-gran-mentira-de-la-cautividad-cuando-la-ciencia-se-enfrenta-a-la-etica\/"},"wordCount":1757,"publisher":{"@id":"https:\/\/www.pressenza.com\/es\/#organization"},"image":{"@id":"https:\/\/www.pressenza.com\/es\/2026\/04\/la-gran-mentira-de-la-cautividad-cuando-la-ciencia-se-enfrenta-a-la-etica\/#primaryimage"},"thumbnailUrl":"https:\/\/www.pressenza.com\/wp-content\/uploads\/2026\/04\/portada.jpg","keywords":["cautividad","Grandes simios","ley de grandes simios","programas de reproducci\u00f3n en zoos"],"articleSection":["Ecolog\u00eda y Medio Ambiente"],"inLanguage":"es"},{"@type":"WebPage","@id":"https:\/\/www.pressenza.com\/es\/2026\/04\/la-gran-mentira-de-la-cautividad-cuando-la-ciencia-se-enfrenta-a-la-etica\/","url":"https:\/\/www.pressenza.com\/es\/2026\/04\/la-gran-mentira-de-la-cautividad-cuando-la-ciencia-se-enfrenta-a-la-etica\/","name":"La gran mentira de la cautividad: cuando la ciencia se enfrenta a la \u00e9tica.","isPartOf":{"@id":"https:\/\/www.pressenza.com\/es\/#website"},"primaryImageOfPage":{"@id":"https:\/\/www.pressenza.com\/es\/2026\/04\/la-gran-mentira-de-la-cautividad-cuando-la-ciencia-se-enfrenta-a-la-etica\/#primaryimage"},"image":{"@id":"https:\/\/www.pressenza.com\/es\/2026\/04\/la-gran-mentira-de-la-cautividad-cuando-la-ciencia-se-enfrenta-a-la-etica\/#primaryimage"},"thumbnailUrl":"https:\/\/www.pressenza.com\/wp-content\/uploads\/2026\/04\/portada.jpg","datePublished":"2026-04-26T08:39:26+00:00","description":"El 16 de enero, en el Congreso de los Diputados, asist\u00ed a unas jornadas que, bajo el t\u00edtulo \u201cCiencia, Legislaci\u00f3n y grandes simios: una alternativa basada","breadcrumb":{"@id":"https:\/\/www.pressenza.com\/es\/2026\/04\/la-gran-mentira-de-la-cautividad-cuando-la-ciencia-se-enfrenta-a-la-etica\/#breadcrumb"},"inLanguage":"es","potentialAction":[{"@type":"ReadAction","target":["https:\/\/www.pressenza.com\/es\/2026\/04\/la-gran-mentira-de-la-cautividad-cuando-la-ciencia-se-enfrenta-a-la-etica\/"]}]},{"@type":"ImageObject","inLanguage":"es","@id":"https:\/\/www.pressenza.com\/es\/2026\/04\/la-gran-mentira-de-la-cautividad-cuando-la-ciencia-se-enfrenta-a-la-etica\/#primaryimage","url":"https:\/\/www.pressenza.com\/wp-content\/uploads\/2026\/04\/portada.jpg","contentUrl":"https:\/\/www.pressenza.com\/wp-content\/uploads\/2026\/04\/portada.jpg","width":960,"height":518},{"@type":"BreadcrumbList","@id":"https:\/\/www.pressenza.com\/es\/2026\/04\/la-gran-mentira-de-la-cautividad-cuando-la-ciencia-se-enfrenta-a-la-etica\/#breadcrumb","itemListElement":[{"@type":"ListItem","position":1,"name":"Accueil","item":"https:\/\/www.pressenza.com\/es\/"},{"@type":"ListItem","position":2,"name":"La gran mentira de la cautividad: cuando la ciencia se enfrenta a la \u00e9tica."}]},{"@type":"WebSite","@id":"https:\/\/www.pressenza.com\/es\/#website","url":"https:\/\/www.pressenza.com\/es\/","name":"Pressenza","description":"International Press Agency","publisher":{"@id":"https:\/\/www.pressenza.com\/es\/#organization"},"potentialAction":[{"@type":"SearchAction","target":{"@type":"EntryPoint","urlTemplate":"https:\/\/www.pressenza.com\/es\/?s={search_term_string}"},"query-input":{"@type":"PropertyValueSpecification","valueRequired":true,"valueName":"search_term_string"}}],"inLanguage":"es"},{"@type":"Organization","@id":"https:\/\/www.pressenza.com\/es\/#organization","name":"Pressenza","url":"https:\/\/www.pressenza.com\/es\/","logo":{"@type":"ImageObject","inLanguage":"es","@id":"https:\/\/www.pressenza.com\/es\/#\/schema\/logo\/image\/","url":"https:\/\/www.pressenza.com\/wp-content\/uploads\/2022\/10\/pressenza_logo_200x200.jpg","contentUrl":"https:\/\/www.pressenza.com\/wp-content\/uploads\/2022\/10\/pressenza_logo_200x200.jpg","width":200,"height":200,"caption":"Pressenza"},"image":{"@id":"https:\/\/www.pressenza.com\/es\/#\/schema\/logo\/image\/"},"sameAs":["https:\/\/www.facebook.com\/PressenzaItalia","https:\/\/x.com\/PressenzaIPA"]},{"@type":"Person","@id":"https:\/\/www.pressenza.com\/es\/#\/schema\/person\/3e3dc7faa4424387772733d19e115974","name":"Pedro Pozas Terrados","description":"Escritor, naturalista, poeta, amante de la vida y defensor de la madre Tierra, investigador, cr\u00edtico y aventurero Profesionalmente ha trabajado 37 a\u00f1os en la defensa del medio ambiente como funcionario del Ministerio del Interior. De forma altruista es el Director Ejecutivo del Proyecto Gran Simio, una Organizaci\u00f3n que desde hace m\u00e1s de dos d\u00e9cadas lucha por los derechos b\u00e1sicos de los grandes simios, la conservaci\u00f3n de su h\u00e1bitat y la protecci\u00f3n de los pueblos ind\u00edgenas, verdaderos guardianes de nuestro planeta. Dibujante a l\u00e1piz y acuarela, con m\u00e1s de 300 l\u00e1minas de temas naturalistas y 12 cuadernos de campo. Es autor de 13 libros y coautor de ocho m\u00e1s. Descubridor de varias cuevas, una de ellas catalogada por la Comunidad de Castilla La Mancha de inter\u00e9s hist\u00f3rico y etnogr\u00e1fico con hallazgo en la misma de inscripciones de cronolog\u00eda antigua medieval.","url":"https:\/\/www.pressenza.com\/es\/author\/pedro-pozas-terrado\/"}]}},"place":"Madrid - Espa\u00f1a","original_article_url":"","_links":{"self":[{"href":"https:\/\/www.pressenza.com\/es\/wp-json\/wp\/v2\/posts\/2695564","targetHints":{"allow":["GET"]}}],"collection":[{"href":"https:\/\/www.pressenza.com\/es\/wp-json\/wp\/v2\/posts"}],"about":[{"href":"https:\/\/www.pressenza.com\/es\/wp-json\/wp\/v2\/types\/post"}],"author":[{"embeddable":true,"href":"https:\/\/www.pressenza.com\/es\/wp-json\/wp\/v2\/users\/2023"}],"replies":[{"embeddable":true,"href":"https:\/\/www.pressenza.com\/es\/wp-json\/wp\/v2\/comments?post=2695564"}],"version-history":[{"count":1,"href":"https:\/\/www.pressenza.com\/es\/wp-json\/wp\/v2\/posts\/2695564\/revisions"}],"predecessor-version":[{"id":2695598,"href":"https:\/\/www.pressenza.com\/es\/wp-json\/wp\/v2\/posts\/2695564\/revisions\/2695598"}],"wp:featuredmedia":[{"embeddable":true,"href":"https:\/\/www.pressenza.com\/es\/wp-json\/wp\/v2\/media\/2695574"}],"wp:attachment":[{"href":"https:\/\/www.pressenza.com\/es\/wp-json\/wp\/v2\/media?parent=2695564"}],"wp:term":[{"taxonomy":"category","embeddable":true,"href":"https:\/\/www.pressenza.com\/es\/wp-json\/wp\/v2\/categories?post=2695564"},{"taxonomy":"post_tag","embeddable":true,"href":"https:\/\/www.pressenza.com\/es\/wp-json\/wp\/v2\/tags?post=2695564"}],"curies":[{"name":"wp","href":"https:\/\/api.w.org\/{rel}","templated":true}]}}